{"id":51663,"date":"2024-04-25T14:31:00","date_gmt":"2024-04-25T13:31:00","guid":{"rendered":"https:\/\/lasentinelle.dz\/?p=51663"},"modified":"2024-04-26T14:32:18","modified_gmt":"2024-04-26T13:32:18","slug":"un-prochain-mandat-darret-de-la-cpi-contre-netanyahou","status":"publish","type":"post","link":"https:\/\/lasentinelle.dz\/index.php\/2024\/04\/25\/un-prochain-mandat-darret-de-la-cpi-contre-netanyahou\/","title":{"rendered":"Un prochain mandat d\u2019arr\u00eat de la CPI contre Netanyahou\u00a0?"},"content":{"rendered":"\n<p>Le gouvernement de l\u2019occupation sioniste est sous pression, alors que les preuves de crimes de guerre et du g\u00e9nocide perp\u00e9tr\u00e9s par les forces d\u2019occupation \u00e0 Ghaza s\u2019accumulent. En premi\u00e8re ligne, le Premier ministre sioniste Benyamin Netanyahou, plusieurs de ses ministres et des grad\u00e9s de l\u2019arm\u00e9e d\u2019occupation qui pourraient l\u2019objet de mandats d\u2019arr\u00eat internationaux \u00e9mis par la Cour p\u00e9nal international dans les prochains jours.<\/p>\n\n\n\n<p>Le gouvernement de l\u2019occupation isra\u00e9lienne est sur des charbons ardents. Et pour cause&nbsp;: la Cour p\u00e9nale internationale serait sur le pont d\u2019\u00e9mettre des mandats d\u2019arr\u00eat internationaux contre Netanyahou, ses ministres et plusieurs hauts-grad\u00e9s de l\u2019arm\u00e9e d\u2019occupation, au regard de la multitude de crimes de guerre commis contre la population palestinienne notamment \u00e0 Ghaza. Selon des m\u00e9dias isra\u00e9liens, le gouvernement Netanyahou a tenu une r\u00e9union \u00e0 ce propos apr\u00e8s avoir re\u00e7u des informations \u00e0 ce propos et chercherait \u00e0 faire pression sur l\u2019instance et sur son procureur Karim Khan, par l\u2019entremise de ses alli\u00e9s occidentaux. &nbsp;Selon les m\u00e9dias isra\u00e9liens, le bureau du Premier ministre a re\u00e7u des informations selon lesquelles cette cour aurait l&rsquo;intention \u00ab tr\u00e8s prochainement \u00bb de prendre l&rsquo;initiative d&rsquo;\u00e9mettre des mandats d&rsquo;arr\u00eat internationaux \u00e0 l&rsquo;encontre de Benyamin Netanyahou, d&rsquo;autres ministres et des hauts grad\u00e9s de l&rsquo;arm\u00e9e, qui seraient impliqu\u00e9s dans des crimes de guerre \u00e0 Ghaza. La CPI a, rappelons-le, ouvert une enqu\u00eate en 2014 sur les crimes de l\u2019occupation dans les territoires occup\u00e9s. Une enqu\u00eate \u00e9largie aux crimes commis \u00e0 Ghaza depuis le 7 octobre. &nbsp;Il faut dire qu\u2019un collectif de 100.000 avocats repr\u00e9sentants plusieurs pays, dont l\u2019Alg\u00e9rie, ainsi que 5 \u00c9tats parties prenantes des statuts de Rome ont saisi la CPI au mois de novembre dernier concernant le g\u00e9nocide perp\u00e9tr\u00e9 \u00e0 Ghaza. Depuis, les forces d\u2019occupation ont multipli\u00e9 les atrocit\u00e9s et les preuves de g\u00e9nocide et de crimes de guerre se sont accumul\u00e9es. La Cour international de justice a rendu au mois de janvier dernier un arr\u00eat qui reconna\u00eet l\u2019existence d\u2019un risque de g\u00e9nocide \u00e0 Ghaza et exig\u00e9 de l\u2019entit\u00e9 sioniste d\u2019emp\u00eacher tout g\u00e9nocide, de m\u00eame qu\u2019elle exig\u00e9 de faciliter l\u2019acc\u00e8s de l\u2019aide humanitaire \u00e0 Ghaza affect\u00e9e par la famine. Un arr\u00eat que l\u2019occupation a ignor\u00e9 tout comme les r\u00e9solutions de l\u2019ONU, y compris du Conseil de s\u00e9curit\u00e9 exigeant un cessez-le-feu et l\u2019acheminement de l\u2019aide aux Palestiniens. Pis, les crimes commis par les forces d\u2019occupation ont redoubl\u00e9 de cruaut\u00e9 et de barbarie envers les civils.<\/p>\n\n\n\n<p>Au-del\u00e0 des bombardements, ce sont les massacres de masse notamment au sein des h\u00f4pitaux qui inqui\u00e8tent la communaut\u00e9 internationale. La d\u00e9couverte de nouveaux charniers dans la cour de l\u2019h\u00f4pital Al Nasser \u00e0 Khan Younes, apr\u00e8s ceux de l\u2019h\u00f4pital Al-Shifa fait vivement r\u00e9agir la communaut\u00e9 internationale. Apr\u00e8s l\u2019ONU et son haut commissariat des droits de l\u2019homme, plus instances et pays ont exig\u00e9 une enqu\u00eate sur ces charniers.<\/p>\n\n\n\n<p>L&rsquo;Union europ\u00e9enne a annonc\u00e9 hierpar la voix d&rsquo;un porte-parole vouloir une enqu\u00eate \u00ab\u00a0ind\u00e9pendante\u00a0\u00bb apr\u00e8s la d\u00e9couverte de fosses communes dans les deux principaux h\u00f4pitaux de la bande de Ghaza. \u00ab\u00a0C&rsquo;est quelque chose qui nous contraint \u00e0 r\u00e9clamer une enqu\u00eate ind\u00e9pendante sur tous les soup\u00e7ons et circonstances\u00a0\u00bb de cette d\u00e9couverte, \u00ab\u00a0parce que cela cr\u00e9e l&rsquo;impression qu&rsquo;il pourrait y avoir des violations des droits humains\u00a0\u00bb, a d\u00e9clar\u00e9 un porte-parole du service diplomatique de l&rsquo;UE, Peter Stano.<\/p>\n\n\n\n<p>Le patron de l&rsquo;agence des Nations Unies pour les r\u00e9fugi\u00e9s palestiniens (Unrwa), Philippe Lazzarini, a exig\u00e9 de son c\u00f4t\u00e9 une enqu\u00eate du Conseil de s\u00e9curit\u00e9 sur les attaques de l\u2019entit\u00e9 sioniste contre l\u2019ONU, dont 180 employ\u00e9s ont \u00e9t\u00e9 tu\u00e9s dans la bande de Ghaza depuis le d\u00e9but de l&rsquo;agression sioniste en octobre dernier, alors que et plus de 160 locaux ont \u00e9t\u00e9 endommag\u00e9s ou compl\u00e8tement d\u00e9truits\u00a0\u00bb.<\/p>\n\n\n\n<p>Pour sa part,&nbsp; l\u2019ONG Amnesty International a averti hier dans son rapport annuel contre &nbsp;des \u00ab\u00a0signes avant-coureurs d\u2019un g\u00e9nocide\u00a0\u00bb \u00e0 Ghaza dans son rapport annuel. Les d\u00e9tails du rapport indiquent que les forces d\u2019occupation ont non seulement vis\u00e9 des militants, mais aussi des civils et des infrastructures essentielles comme des \u00e9coles, des h\u00f4pitaux et des r\u00e9sidences. Amnesty \u00e9voque des propos racistes et d\u00e9shumanisants de la part de certains officiels isra\u00e9liens, qui illustrent, selon l&rsquo;ONG, une rh\u00e9torique exacerbant la violence et le m\u00e9pris pour les vies palestiniennes. Le rapport critique \u00e9galement la communaut\u00e9 internationale, en particulier les \u00c9tats-Unis et leurs alli\u00e9s europ\u00e9ens, pour leur r\u00f4le dans la perp\u00e9tuation du conflit. \u00ab\u00a0L&rsquo;attitude de deux poids, deux mesures adopt\u00e9e par les Occidentaux menace tout le syst\u00e8me de droit international mis en place apr\u00e8s la Seconde Guerre mondiale\u00a0\u00bb, indique Amnesty. L&rsquo;ONG souligne que malgr\u00e9 les preuves \u00e9videntes de violations, le soutien militaire et politique \u00e0 l\u2019entit\u00e9 continue, avec notamment des livraisons d&rsquo;armes am\u00e9ricaines utilis\u00e9es dans des attaques ill\u00e9gales ayant tu\u00e9 des dizaines de civils.<\/p>\n\n\n\n<p>En outre, Amnesty d\u00e9plore l&rsquo;utilisation par les \u00c9tats-Unis de leur droit de veto au Conseil de s\u00e9curit\u00e9 des Nations unies pour bloquer toute r\u00e9solution appelant \u00e0 un cessez-le-feu ou \u00e0 une enqu\u00eate ind\u00e9pendante sur les violations des droits humains \u00e0 Ghaza.<\/p>\n\n\n\n<p>La secr\u00e9taire g\u00e9n\u00e9rale d&rsquo;Amnesty, Agn\u00e8s Callamard, a d\u00e9clar\u00e9 que les Palestiniens vivaient une \u00ab\u00a0version bien plus violente et destructrice\u00a0\u00bb des \u00e9v\u00e9nements de 1948, au cours de laquelle de nombreux Palestiniens ont \u00e9t\u00e9 d\u00e9plac\u00e9s. Mme Callamard a d\u00e9clar\u00e9 que la promesse post-1945 de \u00ab\u00a0plus jamais \u00e7a\u00a0\u00bb \u2013 incarn\u00e9e dans des documents tels que la Convention sur le g\u00e9nocide et la D\u00e9claration universelle des droits de l\u2019homme, toutes deux de 1948 \u2013 \u00ab\u00a0\u00e9tait menac\u00e9e\u00a0\u00bb. Le rapport d&rsquo;Amnesty affirme que les \u00ab\u00a0le\u00e7ons morales et juridiques\u00a0\u00bb de la Seconde Guerre mondiale \u00ab\u00a0ont \u00e9t\u00e9 d\u00e9chir\u00e9es en un million de morceaux\u00a0\u00bb en 2023. \u00ab\u00a0Trop de personnes ont \u00e9t\u00e9 plong\u00e9es dans l&rsquo;enfer auquel la g\u00e9n\u00e9ration de 1948 cherchait \u00e0 mettre fin pour toujours\u00a0\u00bb, a d\u00e9clar\u00e9 Mme Callamard aux journalistes \u00e0 Londres. \u00ab\u00a0Le syst\u00e8me international qui a \u00e9t\u00e9 mis en place apr\u00e8s 1945 est sur le point de s&rsquo;effondrer&#8230; ces institutions ne fonctionnent pas parce qu&rsquo;elles sont intentionnellement perturb\u00e9es ou affaiblies par l&rsquo;action d&rsquo;Etats puissants\u00a0\u00bb, a-t-elle fait remarquer.<\/p>\n\n\n\n<p>Sur le terrain, l\u2019occupation a men\u00e9 de nouvelles frappes meurtri\u00e8res mercredi dans la bande de Ghaza assi\u00e9g\u00e9e. T\u00f4t mercredi, des sources hospitali\u00e8res et s\u00e9curitaires \u00e0 Ghaza ont fait \u00e9tat de frappes dans les secteurs de Nousseirat (centre) et de Rafah. Au total, 79 Palestiniens ont \u00e9t\u00e9 tu\u00e9s en 24 heures. L\u2019occupation pr\u00e9pare aussi activement une offensive imminente sur Rafah apr\u00e8s l&rsquo;approbation par le S\u00e9nat am\u00e9ricain d&rsquo;une aide militaire de 13 milliards de dollars. L\u2019entit\u00e9 sioniste persiste aussi \u00e0 vouloir r\u00e9gionaliser le conflit et m\u00e8ne des attaques contre le sud du Liban, dans l\u2019espoir de d\u00e9tourner le regard des atrocit\u00e9s commises \u00e0 Ghaza. L\u2019occupation a affirm\u00e9 hier avoir lanc\u00e9 une \u00ab\u00a0action offensive\u00a0\u00bb sur le sud du Liban. La Hezobollah n&rsquo;a pas r\u00e9agi dans l&rsquo;imm\u00e9diat, et la Force int\u00e9rimaire des Nations unies au Liban (Finul) a indiqu\u00e9 qu&rsquo;il n&rsquo;y avait pas eu de franchissement de fronti\u00e8re.<\/p>\n\n\n\n<p>Lyes Sa\u00efdi<\/p>\n","protected":false},"excerpt":{"rendered":"<p>Le gouvernement de l\u2019occupation sioniste est sous pression, alors que les preuves de crimes de guerre et du g\u00e9nocide perp\u00e9tr\u00e9s<\/p>\n","protected":false},"author":3,"featured_media":46768,"comment_status":"open","ping_status":"closed","sticky":false,"template":"","format":"standard","meta":{"colormag_page_container_layout":"default_layout","colormag_page_sidebar_layout":"default_layout","om_disable_all_campaigns":false,"_monsterinsights_skip_tracking":false,"_monsterinsights_sitenote_active":false,"_monsterinsights_sitenote_note":"","_monsterinsights_sitenote_category":0,"footnotes":"","_wpscppro_dont_share_socialmedia":false,"_wpscppro_custom_social_share_image":0,"_facebook_share_type":"","_twitter_share_type":"","_linkedin_share_type":"","_pinterest_share_type":"","_linkedin_share_type_page":"","_instagram_share_type":"","_medium_share_type":"","_threads_share_type":"","_google_business_share_type":"","_selected_social_profile":[],"_wpsp_enable_custom_social_template":false,"_wpsp_social_scheduling":{"enabled":false,"datetime":null,"platforms":[],"status":"template_only","dateOption":"today","timeOption":"now","customDays":"","customHours":"","customDate":"","customTime":"","schedulingType":"absolute"},"_wpsp_active_default_template":true},"categories":[52,27],"tags":[],"class_list":["post-51663","post","type-post","status-publish","format-standard","has-post-thumbnail","hentry","category-a-la-une","category-actualite"],"aioseo_notices":[],"yoast_head":"<!-- This site is optimized with the Yoast SEO plugin v27.5 - https:\/\/yoast.com\/product\/yoast-seo-wordpress\/ -->\n<title>Un prochain mandat d\u2019arr\u00eat de la CPI contre Netanyahou\u00a0? - La Sentinelle<\/title>\n<meta name=\"robots\" content=\"index, follow, max-snippet:-1, max-image-preview:large, max-video-preview:-1\" \/>\n<link rel=\"canonical\" href=\"https:\/\/lasentinelle.dz\/index.php\/2024\/04\/25\/un-prochain-mandat-darret-de-la-cpi-contre-netanyahou\/\" \/>\n<meta property=\"og:locale\" content=\"fr_FR\" \/>\n<meta property=\"og:type\" content=\"article\" \/>\n<meta property=\"og:title\" content=\"Un prochain mandat d\u2019arr\u00eat de la CPI contre Netanyahou\u00a0? - La Sentinelle\" \/>\n<meta property=\"og:description\" content=\"Le gouvernement de l\u2019occupation sioniste est sous pression, alors que les preuves de crimes de guerre et du g\u00e9nocide perp\u00e9tr\u00e9s\" \/>\n<meta property=\"og:url\" content=\"https:\/\/lasentinelle.dz\/index.php\/2024\/04\/25\/un-prochain-mandat-darret-de-la-cpi-contre-netanyahou\/\" \/>\n<meta property=\"og:site_name\" content=\"La Sentinelle\" \/>\n<meta property=\"article:publisher\" content=\"https:\/\/www.facebook.com\/La-Sentinelle-104059864394773\" \/>\n<meta property=\"article:published_time\" content=\"2024-04-25T13:31:00+00:00\" \/>\n<meta property=\"article:modified_time\" content=\"2024-04-26T13:32:18+00:00\" \/>\n<meta property=\"og:image\" content=\"https:\/\/lasentinelle.dz\/wp-content\/uploads\/2023\/10\/CPI.jpeg\" \/>\n\t<meta property=\"og:image:width\" content=\"864\" \/>\n\t<meta property=\"og:image:height\" content=\"486\" \/>\n\t<meta property=\"og:image:type\" content=\"image\/jpeg\" \/>\n<meta name=\"author\" content=\"La Sentinelle\" \/>\n<meta name=\"twitter:card\" content=\"summary_large_image\" \/>\n<meta name=\"twitter:label1\" content=\"\u00c9crit par\" \/>\n\t<meta name=\"twitter:data1\" content=\"La Sentinelle\" \/>\n\t<meta name=\"twitter:label2\" content=\"Dur\u00e9e de lecture estim\u00e9e\" \/>\n\t<meta name=\"twitter:data2\" content=\"6 minutes\" \/>\n<script type=\"application\/ld+json\" class=\"yoast-schema-graph\">{\"@context\":\"https:\\\/\\\/schema.org\",\"@graph\":[{\"@type\":\"Article\",\"@id\":\"https:\\\/\\\/lasentinelle.dz\\\/index.php\\\/2024\\\/04\\\/25\\\/un-prochain-mandat-darret-de-la-cpi-contre-netanyahou\\\/#article\",\"isPartOf\":{\"@id\":\"https:\\\/\\\/lasentinelle.dz\\\/index.php\\\/2024\\\/04\\\/25\\\/un-prochain-mandat-darret-de-la-cpi-contre-netanyahou\\\/\"},\"author\":{\"name\":\"La Sentinelle\",\"@id\":\"https:\\\/\\\/lasentinelle.dz\\\/#\\\/schema\\\/person\\\/d865044e22e70a75174ce8bcad3acfb3\"},\"headline\":\"Un prochain mandat d\u2019arr\u00eat de la CPI contre Netanyahou\u00a0?\",\"datePublished\":\"2024-04-25T13:31:00+00:00\",\"dateModified\":\"2024-04-26T13:32:18+00:00\",\"mainEntityOfPage\":{\"@id\":\"https:\\\/\\\/lasentinelle.dz\\\/index.php\\\/2024\\\/04\\\/25\\\/un-prochain-mandat-darret-de-la-cpi-contre-netanyahou\\\/\"},\"wordCount\":1316,\"commentCount\":0,\"publisher\":{\"@id\":\"https:\\\/\\\/lasentinelle.dz\\\/#organization\"},\"image\":{\"@id\":\"https:\\\/\\\/lasentinelle.dz\\\/index.php\\\/2024\\\/04\\\/25\\\/un-prochain-mandat-darret-de-la-cpi-contre-netanyahou\\\/#primaryimage\"},\"thumbnailUrl\":\"https:\\\/\\\/lasentinelle.dz\\\/wp-content\\\/uploads\\\/2023\\\/10\\\/CPI.jpeg\",\"articleSection\":[\"\u00c0 la Une\",\"Actualit\u00e9\"],\"inLanguage\":\"fr-FR\",\"potentialAction\":[{\"@type\":\"CommentAction\",\"name\":\"Comment\",\"target\":[\"https:\\\/\\\/lasentinelle.dz\\\/index.php\\\/2024\\\/04\\\/25\\\/un-prochain-mandat-darret-de-la-cpi-contre-netanyahou\\\/#respond\"]}]},{\"@type\":\"WebPage\",\"@id\":\"https:\\\/\\\/lasentinelle.dz\\\/index.php\\\/2024\\\/04\\\/25\\\/un-prochain-mandat-darret-de-la-cpi-contre-netanyahou\\\/\",\"url\":\"https:\\\/\\\/lasentinelle.dz\\\/index.php\\\/2024\\\/04\\\/25\\\/un-prochain-mandat-darret-de-la-cpi-contre-netanyahou\\\/\",\"name\":\"Un prochain mandat d\u2019arr\u00eat de la CPI contre Netanyahou\u00a0? - La Sentinelle\",\"isPartOf\":{\"@id\":\"https:\\\/\\\/lasentinelle.dz\\\/#website\"},\"primaryImageOfPage\":{\"@id\":\"https:\\\/\\\/lasentinelle.dz\\\/index.php\\\/2024\\\/04\\\/25\\\/un-prochain-mandat-darret-de-la-cpi-contre-netanyahou\\\/#primaryimage\"},\"image\":{\"@id\":\"https:\\\/\\\/lasentinelle.dz\\\/index.php\\\/2024\\\/04\\\/25\\\/un-prochain-mandat-darret-de-la-cpi-contre-netanyahou\\\/#primaryimage\"},\"thumbnailUrl\":\"https:\\\/\\\/lasentinelle.dz\\\/wp-content\\\/uploads\\\/2023\\\/10\\\/CPI.jpeg\",\"datePublished\":\"2024-04-25T13:31:00+00:00\",\"dateModified\":\"2024-04-26T13:32:18+00:00\",\"breadcrumb\":{\"@id\":\"https:\\\/\\\/lasentinelle.dz\\\/index.php\\\/2024\\\/04\\\/25\\\/un-prochain-mandat-darret-de-la-cpi-contre-netanyahou\\\/#breadcrumb\"},\"inLanguage\":\"fr-FR\",\"potentialAction\":[{\"@type\":\"ReadAction\",\"target\":[\"https:\\\/\\\/lasentinelle.dz\\\/index.php\\\/2024\\\/04\\\/25\\\/un-prochain-mandat-darret-de-la-cpi-contre-netanyahou\\\/\"]}]},{\"@type\":\"ImageObject\",\"inLanguage\":\"fr-FR\",\"@id\":\"https:\\\/\\\/lasentinelle.dz\\\/index.php\\\/2024\\\/04\\\/25\\\/un-prochain-mandat-darret-de-la-cpi-contre-netanyahou\\\/#primaryimage\",\"url\":\"https:\\\/\\\/lasentinelle.dz\\\/wp-content\\\/uploads\\\/2023\\\/10\\\/CPI.jpeg\",\"contentUrl\":\"https:\\\/\\\/lasentinelle.dz\\\/wp-content\\\/uploads\\\/2023\\\/10\\\/CPI.jpeg\",\"width\":864,\"height\":486},{\"@type\":\"BreadcrumbList\",\"@id\":\"https:\\\/\\\/lasentinelle.dz\\\/index.php\\\/2024\\\/04\\\/25\\\/un-prochain-mandat-darret-de-la-cpi-contre-netanyahou\\\/#breadcrumb\",\"itemListElement\":[{\"@type\":\"ListItem\",\"position\":1,\"name\":\"Accueil\",\"item\":\"https:\\\/\\\/lasentinelle.dz\\\/\"},{\"@type\":\"ListItem\",\"position\":2,\"name\":\"Un prochain mandat d\u2019arr\u00eat de la CPI contre Netanyahou\u00a0?\"}]},{\"@type\":\"WebSite\",\"@id\":\"https:\\\/\\\/lasentinelle.dz\\\/#website\",\"url\":\"https:\\\/\\\/lasentinelle.dz\\\/\",\"name\":\"La Sentinelle\",\"description\":\"Quotidien national d&#039;information\",\"publisher\":{\"@id\":\"https:\\\/\\\/lasentinelle.dz\\\/#organization\"},\"potentialAction\":[{\"@type\":\"SearchAction\",\"target\":{\"@type\":\"EntryPoint\",\"urlTemplate\":\"https:\\\/\\\/lasentinelle.dz\\\/?s={search_term_string}\"},\"query-input\":{\"@type\":\"PropertyValueSpecification\",\"valueRequired\":true,\"valueName\":\"search_term_string\"}}],\"inLanguage\":\"fr-FR\"},{\"@type\":\"Organization\",\"@id\":\"https:\\\/\\\/lasentinelle.dz\\\/#organization\",\"name\":\"Quotidien La Sentinelle\",\"url\":\"https:\\\/\\\/lasentinelle.dz\\\/\",\"logo\":{\"@type\":\"ImageObject\",\"inLanguage\":\"fr-FR\",\"@id\":\"https:\\\/\\\/lasentinelle.dz\\\/#\\\/schema\\\/logo\\\/image\\\/\",\"url\":\"https:\\\/\\\/lasentinelle.dz\\\/wp-content\\\/uploads\\\/2021\\\/09\\\/logo-sentinelleSLOGAN-1.png\",\"contentUrl\":\"https:\\\/\\\/lasentinelle.dz\\\/wp-content\\\/uploads\\\/2021\\\/09\\\/logo-sentinelleSLOGAN-1.png\",\"width\":615,\"height\":142,\"caption\":\"Quotidien La Sentinelle\"},\"image\":{\"@id\":\"https:\\\/\\\/lasentinelle.dz\\\/#\\\/schema\\\/logo\\\/image\\\/\"},\"sameAs\":[\"https:\\\/\\\/www.facebook.com\\\/La-Sentinelle-104059864394773\"]},{\"@type\":\"Person\",\"@id\":\"https:\\\/\\\/lasentinelle.dz\\\/#\\\/schema\\\/person\\\/d865044e22e70a75174ce8bcad3acfb3\",\"name\":\"La Sentinelle\",\"image\":{\"@type\":\"ImageObject\",\"inLanguage\":\"fr-FR\",\"@id\":\"https:\\\/\\\/secure.gravatar.com\\\/avatar\\\/57de8e5d4b15d43fb361a71fbb36338450fe67865b528a43dd10ef7c51a20392?s=96&d=mm&r=g\",\"url\":\"https:\\\/\\\/secure.gravatar.com\\\/avatar\\\/57de8e5d4b15d43fb361a71fbb36338450fe67865b528a43dd10ef7c51a20392?s=96&d=mm&r=g\",\"contentUrl\":\"https:\\\/\\\/secure.gravatar.com\\\/avatar\\\/57de8e5d4b15d43fb361a71fbb36338450fe67865b528a43dd10ef7c51a20392?s=96&d=mm&r=g\",\"caption\":\"La Sentinelle\"},\"sameAs\":[\"http:\\\/\\\/www.lasentinelle.dz\"],\"url\":\"https:\\\/\\\/lasentinelle.dz\\\/author\\\/redaction\\\/\"}]}<\/script>\n<!-- \/ Yoast SEO plugin. -->","yoast_head_json":{"title":"Un prochain mandat d\u2019arr\u00eat de la CPI contre Netanyahou\u00a0? - La Sentinelle","robots":{"index":"index","follow":"follow","max-snippet":"max-snippet:-1","max-image-preview":"max-image-preview:large","max-video-preview":"max-video-preview:-1"},"canonical":"https:\/\/lasentinelle.dz\/index.php\/2024\/04\/25\/un-prochain-mandat-darret-de-la-cpi-contre-netanyahou\/","og_locale":"fr_FR","og_type":"article","og_title":"Un prochain mandat d\u2019arr\u00eat de la CPI contre Netanyahou\u00a0? - La Sentinelle","og_description":"Le gouvernement de l\u2019occupation sioniste est sous pression, alors que les preuves de crimes de guerre et du g\u00e9nocide perp\u00e9tr\u00e9s","og_url":"https:\/\/lasentinelle.dz\/index.php\/2024\/04\/25\/un-prochain-mandat-darret-de-la-cpi-contre-netanyahou\/","og_site_name":"La Sentinelle","article_publisher":"https:\/\/www.facebook.com\/La-Sentinelle-104059864394773","article_published_time":"2024-04-25T13:31:00+00:00","article_modified_time":"2024-04-26T13:32:18+00:00","og_image":[{"width":864,"height":486,"url":"https:\/\/lasentinelle.dz\/wp-content\/uploads\/2023\/10\/CPI.jpeg","type":"image\/jpeg"}],"author":"La Sentinelle","twitter_card":"summary_large_image","twitter_misc":{"\u00c9crit par":"La Sentinelle","Dur\u00e9e de lecture estim\u00e9e":"6 minutes"},"schema":{"@context":"https:\/\/schema.org","@graph":[{"@type":"Article","@id":"https:\/\/lasentinelle.dz\/index.php\/2024\/04\/25\/un-prochain-mandat-darret-de-la-cpi-contre-netanyahou\/#article","isPartOf":{"@id":"https:\/\/lasentinelle.dz\/index.php\/2024\/04\/25\/un-prochain-mandat-darret-de-la-cpi-contre-netanyahou\/"},"author":{"name":"La Sentinelle","@id":"https:\/\/lasentinelle.dz\/#\/schema\/person\/d865044e22e70a75174ce8bcad3acfb3"},"headline":"Un prochain mandat d\u2019arr\u00eat de la CPI contre Netanyahou\u00a0?","datePublished":"2024-04-25T13:31:00+00:00","dateModified":"2024-04-26T13:32:18+00:00","mainEntityOfPage":{"@id":"https:\/\/lasentinelle.dz\/index.php\/2024\/04\/25\/un-prochain-mandat-darret-de-la-cpi-contre-netanyahou\/"},"wordCount":1316,"commentCount":0,"publisher":{"@id":"https:\/\/lasentinelle.dz\/#organization"},"image":{"@id":"https:\/\/lasentinelle.dz\/index.php\/2024\/04\/25\/un-prochain-mandat-darret-de-la-cpi-contre-netanyahou\/#primaryimage"},"thumbnailUrl":"https:\/\/lasentinelle.dz\/wp-content\/uploads\/2023\/10\/CPI.jpeg","articleSection":["\u00c0 la Une","Actualit\u00e9"],"inLanguage":"fr-FR","potentialAction":[{"@type":"CommentAction","name":"Comment","target":["https:\/\/lasentinelle.dz\/index.php\/2024\/04\/25\/un-prochain-mandat-darret-de-la-cpi-contre-netanyahou\/#respond"]}]},{"@type":"WebPage","@id":"https:\/\/lasentinelle.dz\/index.php\/2024\/04\/25\/un-prochain-mandat-darret-de-la-cpi-contre-netanyahou\/","url":"https:\/\/lasentinelle.dz\/index.php\/2024\/04\/25\/un-prochain-mandat-darret-de-la-cpi-contre-netanyahou\/","name":"Un prochain mandat d\u2019arr\u00eat de la CPI contre Netanyahou\u00a0? - La Sentinelle","isPartOf":{"@id":"https:\/\/lasentinelle.dz\/#website"},"primaryImageOfPage":{"@id":"https:\/\/lasentinelle.dz\/index.php\/2024\/04\/25\/un-prochain-mandat-darret-de-la-cpi-contre-netanyahou\/#primaryimage"},"image":{"@id":"https:\/\/lasentinelle.dz\/index.php\/2024\/04\/25\/un-prochain-mandat-darret-de-la-cpi-contre-netanyahou\/#primaryimage"},"thumbnailUrl":"https:\/\/lasentinelle.dz\/wp-content\/uploads\/2023\/10\/CPI.jpeg","datePublished":"2024-04-25T13:31:00+00:00","dateModified":"2024-04-26T13:32:18+00:00","breadcrumb":{"@id":"https:\/\/lasentinelle.dz\/index.php\/2024\/04\/25\/un-prochain-mandat-darret-de-la-cpi-contre-netanyahou\/#breadcrumb"},"inLanguage":"fr-FR","potentialAction":[{"@type":"ReadAction","target":["https:\/\/lasentinelle.dz\/index.php\/2024\/04\/25\/un-prochain-mandat-darret-de-la-cpi-contre-netanyahou\/"]}]},{"@type":"ImageObject","inLanguage":"fr-FR","@id":"https:\/\/lasentinelle.dz\/index.php\/2024\/04\/25\/un-prochain-mandat-darret-de-la-cpi-contre-netanyahou\/#primaryimage","url":"https:\/\/lasentinelle.dz\/wp-content\/uploads\/2023\/10\/CPI.jpeg","contentUrl":"https:\/\/lasentinelle.dz\/wp-content\/uploads\/2023\/10\/CPI.jpeg","width":864,"height":486},{"@type":"BreadcrumbList","@id":"https:\/\/lasentinelle.dz\/index.php\/2024\/04\/25\/un-prochain-mandat-darret-de-la-cpi-contre-netanyahou\/#breadcrumb","itemListElement":[{"@type":"ListItem","position":1,"name":"Accueil","item":"https:\/\/lasentinelle.dz\/"},{"@type":"ListItem","position":2,"name":"Un prochain mandat d\u2019arr\u00eat de la CPI contre Netanyahou\u00a0?"}]},{"@type":"WebSite","@id":"https:\/\/lasentinelle.dz\/#website","url":"https:\/\/lasentinelle.dz\/","name":"La Sentinelle","description":"Quotidien national d&#039;information","publisher":{"@id":"https:\/\/lasentinelle.dz\/#organization"},"potentialAction":[{"@type":"SearchAction","target":{"@type":"EntryPoint","urlTemplate":"https:\/\/lasentinelle.dz\/?s={search_term_string}"},"query-input":{"@type":"PropertyValueSpecification","valueRequired":true,"valueName":"search_term_string"}}],"inLanguage":"fr-FR"},{"@type":"Organization","@id":"https:\/\/lasentinelle.dz\/#organization","name":"Quotidien La Sentinelle","url":"https:\/\/lasentinelle.dz\/","logo":{"@type":"ImageObject","inLanguage":"fr-FR","@id":"https:\/\/lasentinelle.dz\/#\/schema\/logo\/image\/","url":"https:\/\/lasentinelle.dz\/wp-content\/uploads\/2021\/09\/logo-sentinelleSLOGAN-1.png","contentUrl":"https:\/\/lasentinelle.dz\/wp-content\/uploads\/2021\/09\/logo-sentinelleSLOGAN-1.png","width":615,"height":142,"caption":"Quotidien La Sentinelle"},"image":{"@id":"https:\/\/lasentinelle.dz\/#\/schema\/logo\/image\/"},"sameAs":["https:\/\/www.facebook.com\/La-Sentinelle-104059864394773"]},{"@type":"Person","@id":"https:\/\/lasentinelle.dz\/#\/schema\/person\/d865044e22e70a75174ce8bcad3acfb3","name":"La Sentinelle","image":{"@type":"ImageObject","inLanguage":"fr-FR","@id":"https:\/\/secure.gravatar.com\/avatar\/57de8e5d4b15d43fb361a71fbb36338450fe67865b528a43dd10ef7c51a20392?s=96&d=mm&r=g","url":"https:\/\/secure.gravatar.com\/avatar\/57de8e5d4b15d43fb361a71fbb36338450fe67865b528a43dd10ef7c51a20392?s=96&d=mm&r=g","contentUrl":"https:\/\/secure.gravatar.com\/avatar\/57de8e5d4b15d43fb361a71fbb36338450fe67865b528a43dd10ef7c51a20392?s=96&d=mm&r=g","caption":"La Sentinelle"},"sameAs":["http:\/\/www.lasentinelle.dz"],"url":"https:\/\/lasentinelle.dz\/author\/redaction\/"}]}},"_links":{"self":[{"href":"https:\/\/lasentinelle.dz\/index.php\/wp-json\/wp\/v2\/posts\/51663","targetHints":{"allow":["GET"]}}],"collection":[{"href":"https:\/\/lasentinelle.dz\/index.php\/wp-json\/wp\/v2\/posts"}],"about":[{"href":"https:\/\/lasentinelle.dz\/index.php\/wp-json\/wp\/v2\/types\/post"}],"author":[{"embeddable":true,"href":"https:\/\/lasentinelle.dz\/index.php\/wp-json\/wp\/v2\/users\/3"}],"replies":[{"embeddable":true,"href":"https:\/\/lasentinelle.dz\/index.php\/wp-json\/wp\/v2\/comments?post=51663"}],"version-history":[{"count":1,"href":"https:\/\/lasentinelle.dz\/index.php\/wp-json\/wp\/v2\/posts\/51663\/revisions"}],"predecessor-version":[{"id":51664,"href":"https:\/\/lasentinelle.dz\/index.php\/wp-json\/wp\/v2\/posts\/51663\/revisions\/51664"}],"wp:featuredmedia":[{"embeddable":true,"href":"https:\/\/lasentinelle.dz\/index.php\/wp-json\/wp\/v2\/media\/46768"}],"wp:attachment":[{"href":"https:\/\/lasentinelle.dz\/index.php\/wp-json\/wp\/v2\/media?parent=51663"}],"wp:term":[{"taxonomy":"category","embeddable":true,"href":"https:\/\/lasentinelle.dz\/index.php\/wp-json\/wp\/v2\/categories?post=51663"},{"taxonomy":"post_tag","embeddable":true,"href":"https:\/\/lasentinelle.dz\/index.php\/wp-json\/wp\/v2\/tags?post=51663"}],"curies":[{"name":"wp","href":"https:\/\/api.w.org\/{rel}","templated":true}]}}