{"id":51703,"date":"2024-04-26T20:37:28","date_gmt":"2024-04-26T19:37:28","guid":{"rendered":"https:\/\/lasentinelle.dz\/?p=51703"},"modified":"2024-04-26T20:37:29","modified_gmt":"2024-04-26T19:37:29","slug":"micro-entreprises-vers-le-reechelonnement-des-dettes-des-entreprises-ansej","status":"publish","type":"post","link":"https:\/\/lasentinelle.dz\/index.php\/2024\/04\/26\/micro-entreprises-vers-le-reechelonnement-des-dettes-des-entreprises-ansej\/","title":{"rendered":"Micro-entreprises\u00a0: Vers le r\u00e9\u00e9chelonnement des dettes des entreprises Ansej"},"content":{"rendered":"\n<p>Le ministre de l&rsquo;Economie de la connaissance, des Start-up et des Micro-entreprises, Yacine El-Mahdi Oualid a annonc\u00e9 jeudi un r\u00e9\u00e9chelonnement des cr\u00e9ances non-performantes d\u00e9tenues par les banques aupr\u00e8s des entreprises cr\u00e9\u00e9es dans le cadre du dispositif d\u2019entrepreneuriat et d\u2019emploi de jeunes Ansej.<\/p>\n\n\n\n<p>Le ministre de l&rsquo;Economie de la connaissance, des Start-up et des Micro-entreprises, Yacine El-Mahdi Oualid, a annonc\u00e9 jeudi en marge de la c\u00e9r\u00e9monie d\u2019installation du nouveau directeur g\u00e9n\u00e9ral de l\u2019Agence nationale d&rsquo;appui et de d\u00e9veloppement de l&rsquo;entrepreneuriat (National Entrepreneurship Support and Developement Agency) \u00ab\u00a0NESDA\u00a0\u00bb, un r\u00e9\u00e9chelonnement des dettes bancaires des entreprises Ansej. Le ministre a indiqu\u00e9 que ces dettes seront r\u00e9\u00e9chelonn\u00e9es avec l&rsquo;intervention de la Direction g\u00e9n\u00e9rale du Tr\u00e9sor public. Il a soulign\u00e9 dans ce sens que le r\u00e9\u00e9chelonnement constitue \u00ab\u00a0une deuxi\u00e8me chance\u00a0\u00bb pour ces jeunes ainsi que pour l&rsquo;agence de traiter ce dossier ayant \u00ab\u00a0pes\u00e9 sur elle\u00a0\u00bb.<\/p>\n\n\n\n<p>Il est utile de rappeler dans ce contexte que le dossier des dettes des entreprises Ansej a fait l\u2019objet d\u2019une attention particuli\u00e8re des pouvoirs publics d\u00e8s 2020. D\u00e8s cette ann\u00e9e-l\u00e0 toutes les poursuites judiciaires ont \u00e9t\u00e9 gel\u00e9es pour les entreprises en difficult\u00e9 qui n&rsquo;ont pas pay\u00e9 leurs dettes \u00e0 travers l&rsquo;ensemble du territoire national. La NESDA a aussi pris en charge ce dossier et a entam\u00e9, d\u00e9but 2021, le traitement des dossiers des micro-entreprises Ansej en difficult\u00e9 pour les accompagner et les refinancer. Un m\u00e9canisme d\u2019effacement des dettes de certaines cat\u00e9gories d\u2019entreprises a \u00e9t\u00e9 mis en place sous certaines conditions, tandis que d\u2019autres ont b\u00e9n\u00e9fici\u00e9 d\u2019un refinancement pour se relancer. Ce dossier a d\u2019ailleurs mis en avant les implications d\u00e9sastreuses de la gestion sociale du m\u00e9canisme Ansej qui en raison de ses lacunes, et bien qu\u2019il ait pour objectif de promouvoir l\u2019entrepreneuriat chez les jeunes, \u00e0 contribu\u00e9 \u00e0 la cr\u00e9ation de milliers de micro-entreprises non-viables et endett\u00e9es.<\/p>\n\n\n\n<p>Une exp\u00e9rience qui a pouss\u00e9 les pouvoirs publics \u00e0 repenser les dispositifs d\u2019aide \u00e0 l\u2019entrepreneuriat et privil\u00e9gi\u00e9e une gestion \u00e9conomique du dispositif d\u2019aide \u00e0 l\u2019entrepreneuriat cr\u00e9\u00e9 dans le cadre de la NESDA. Dans ce contexte, le ministre de l&rsquo;Economie de la connaissance, des Start-up et des Micro-entreprises a tenu \u00e0 rappeler jeudi l&rsquo;importance de tirer des enseignements des \u00ab\u00a0erreurs\u00a0\u00bb commises dans le pass\u00e9, notamment en ce qui concerne la mani\u00e8re de financer les projets et de g\u00e9rer l&rsquo;agence, et ce, dans le souci d'\u00a0\u00bbinvestir les fonds publics pour cr\u00e9er de la richesse et fournir des solutions, et rien d&rsquo;autre\u00a0\u00bb. Le ministre a ainsi soulign\u00e9 que la nouvelle strat\u00e9gie de l&rsquo;agence repose sur l&rsquo;examen des dossiers d&rsquo;une mani\u00e8re \u00ab\u00a0strictement \u00e9conomique\u00a0\u00bb et non administrative, afin de passer d&rsquo;une culture de quantit\u00e9 \u00e0 une culture de qualit\u00e9 en investissant dans de v\u00e9ritables entrepreneurs, notamment \u00e0 travers l&rsquo;adoption d&rsquo;une grille de notation permettant de financer les projets de mani\u00e8re objective, pr\u00e9cise le ministre. Il a r\u00e9v\u00e9l\u00e9 que \u00ab\u00a0l&rsquo;agence sera restructur\u00e9e de l&rsquo;int\u00e9rieur\u00a0\u00bb afin que son organisation soit en conformit\u00e9 avec celle des institutions financi\u00e8res et des banques, dans l&rsquo;objectif de l&rsquo;\u00e9riger en un dispositif charg\u00e9 d&rsquo;\u00e9tudier le march\u00e9, de g\u00e9rer les portefeuilles et de suivre les projets financ\u00e9s.<\/p>\n\n\n\n<p>Sur un autre registre Yacine El-Mahdi Oualid a indiqu\u00e9 que la \u00ab\u00a0NESDA\u00a0\u00bb, a financ\u00e9 pr\u00e8s de 9.900 projets en 2023. Il a fait savoir que \u00ab\u00a0la r\u00e9ception des dossiers au sein de l&rsquo;agence n&rsquo;a pas connu de ralentissement, et que plus de 9.900 projets ont \u00e9t\u00e9 r\u00e9ceptionn\u00e9 l&rsquo;ann\u00e9e derni\u00e8re par l&rsquo;agence\u00a0\u00bb. Il s&rsquo;agit de dossiers d\u00e9pos\u00e9s pr\u00e9c\u00e9demment, a-t-il dit, soulignant que son d\u00e9partement minist\u00e9riel a d\u00e9cid\u00e9 de ne pas accepter de nouveaux dossiers par l&rsquo;agence durant la p\u00e9riode \u00e9coul\u00e9e, afin d&rsquo;examiner tous les dossiers en attente et de passer \u00e0 l&rsquo;adoption de nouveaux m\u00e9canismes et conditions de s\u00e9lection et de financement des projets, notamment \u00e0 travers la restructuration de la commission de s\u00e9lection des projets.<\/p>\n\n\n\n<p>Sabrina Aziouez<\/p>\n","protected":false},"excerpt":{"rendered":"<p>Le ministre de l&rsquo;Economie de la connaissance, des Start-up et des Micro-entreprises, Yacine El-Mahdi Oualid a annonc\u00e9 jeudi un r\u00e9\u00e9chelonnement<\/p>\n","protected":false},"author":3,"featured_media":41031,"comment_status":"open","ping_status":"closed","sticky":false,"template":"","format":"standard","meta":{"colormag_page_container_layout":"default_layout","colormag_page_sidebar_layout":"default_layout","om_disable_all_campaigns":false,"_monsterinsights_skip_tracking":false,"_monsterinsights_sitenote_active":false,"_monsterinsights_sitenote_note":"","_monsterinsights_sitenote_category":0,"footnotes":"","_wpscppro_dont_share_socialmedia":false,"_wpscppro_custom_social_share_image":0,"_facebook_share_type":"","_twitter_share_type":"","_linkedin_share_type":"","_pinterest_share_type":"","_linkedin_share_type_page":"","_instagram_share_type":"","_medium_share_type":"","_threads_share_type":"","_google_business_share_type":"","_selected_social_profile":[],"_wpsp_enable_custom_social_template":false,"_wpsp_social_scheduling":{"enabled":false,"datetime":null,"platforms":[],"status":"template_only","dateOption":"today","timeOption":"now","customDays":"","customHours":"","customDate":"","customTime":"","schedulingType":"absolute"},"_wpsp_active_default_template":true},"categories":[52,29],"tags":[],"class_list":["post-51703","post","type-post","status-publish","format-standard","has-post-thumbnail","hentry","category-a-la-une","category-economie"],"aioseo_notices":[],"yoast_head":"<!-- This site is optimized with the Yoast SEO plugin v27.5 - https:\/\/yoast.com\/product\/yoast-seo-wordpress\/ -->\n<title>Micro-entreprises\u00a0: Vers le r\u00e9\u00e9chelonnement des dettes des entreprises Ansej - La Sentinelle<\/title>\n<meta name=\"robots\" content=\"index, follow, max-snippet:-1, max-image-preview:large, max-video-preview:-1\" \/>\n<link rel=\"canonical\" href=\"https:\/\/lasentinelle.dz\/index.php\/2024\/04\/26\/micro-entreprises-vers-le-reechelonnement-des-dettes-des-entreprises-ansej\/\" \/>\n<meta property=\"og:locale\" content=\"fr_FR\" \/>\n<meta property=\"og:type\" content=\"article\" \/>\n<meta property=\"og:title\" content=\"Micro-entreprises\u00a0: Vers le r\u00e9\u00e9chelonnement des dettes des entreprises Ansej - La Sentinelle\" \/>\n<meta property=\"og:description\" content=\"Le ministre de l&rsquo;Economie de la connaissance, des Start-up et des Micro-entreprises, Yacine El-Mahdi Oualid a annonc\u00e9 jeudi un r\u00e9\u00e9chelonnement\" \/>\n<meta property=\"og:url\" content=\"https:\/\/lasentinelle.dz\/index.php\/2024\/04\/26\/micro-entreprises-vers-le-reechelonnement-des-dettes-des-entreprises-ansej\/\" \/>\n<meta property=\"og:site_name\" content=\"La Sentinelle\" \/>\n<meta property=\"article:publisher\" content=\"https:\/\/www.facebook.com\/La-Sentinelle-104059864394773\" \/>\n<meta property=\"article:published_time\" content=\"2024-04-26T19:37:28+00:00\" \/>\n<meta property=\"article:modified_time\" content=\"2024-04-26T19:37:29+00:00\" \/>\n<meta property=\"og:image\" content=\"https:\/\/lasentinelle.dz\/wp-content\/uploads\/2023\/05\/ANSEJ.png\" \/>\n\t<meta property=\"og:image:width\" content=\"1800\" \/>\n\t<meta property=\"og:image:height\" content=\"900\" \/>\n\t<meta property=\"og:image:type\" content=\"image\/png\" \/>\n<meta name=\"author\" content=\"La Sentinelle\" \/>\n<meta name=\"twitter:card\" content=\"summary_large_image\" \/>\n<meta name=\"twitter:label1\" content=\"\u00c9crit par\" \/>\n\t<meta name=\"twitter:data1\" content=\"La Sentinelle\" \/>\n\t<meta name=\"twitter:label2\" content=\"Dur\u00e9e de lecture estim\u00e9e\" \/>\n\t<meta name=\"twitter:data2\" content=\"4 minutes\" \/>\n<script type=\"application\/ld+json\" class=\"yoast-schema-graph\">{\"@context\":\"https:\\\/\\\/schema.org\",\"@graph\":[{\"@type\":\"Article\",\"@id\":\"https:\\\/\\\/lasentinelle.dz\\\/index.php\\\/2024\\\/04\\\/26\\\/micro-entreprises-vers-le-reechelonnement-des-dettes-des-entreprises-ansej\\\/#article\",\"isPartOf\":{\"@id\":\"https:\\\/\\\/lasentinelle.dz\\\/index.php\\\/2024\\\/04\\\/26\\\/micro-entreprises-vers-le-reechelonnement-des-dettes-des-entreprises-ansej\\\/\"},\"author\":{\"name\":\"La Sentinelle\",\"@id\":\"https:\\\/\\\/lasentinelle.dz\\\/#\\\/schema\\\/person\\\/d865044e22e70a75174ce8bcad3acfb3\"},\"headline\":\"Micro-entreprises\u00a0: Vers le r\u00e9\u00e9chelonnement des dettes des entreprises Ansej\",\"datePublished\":\"2024-04-26T19:37:28+00:00\",\"dateModified\":\"2024-04-26T19:37:29+00:00\",\"mainEntityOfPage\":{\"@id\":\"https:\\\/\\\/lasentinelle.dz\\\/index.php\\\/2024\\\/04\\\/26\\\/micro-entreprises-vers-le-reechelonnement-des-dettes-des-entreprises-ansej\\\/\"},\"wordCount\":728,\"commentCount\":0,\"publisher\":{\"@id\":\"https:\\\/\\\/lasentinelle.dz\\\/#organization\"},\"image\":{\"@id\":\"https:\\\/\\\/lasentinelle.dz\\\/index.php\\\/2024\\\/04\\\/26\\\/micro-entreprises-vers-le-reechelonnement-des-dettes-des-entreprises-ansej\\\/#primaryimage\"},\"thumbnailUrl\":\"https:\\\/\\\/lasentinelle.dz\\\/wp-content\\\/uploads\\\/2023\\\/05\\\/ANSEJ.png\",\"articleSection\":[\"\u00c0 la Une\",\"\u00c9conomie\"],\"inLanguage\":\"fr-FR\",\"potentialAction\":[{\"@type\":\"CommentAction\",\"name\":\"Comment\",\"target\":[\"https:\\\/\\\/lasentinelle.dz\\\/index.php\\\/2024\\\/04\\\/26\\\/micro-entreprises-vers-le-reechelonnement-des-dettes-des-entreprises-ansej\\\/#respond\"]}]},{\"@type\":\"WebPage\",\"@id\":\"https:\\\/\\\/lasentinelle.dz\\\/index.php\\\/2024\\\/04\\\/26\\\/micro-entreprises-vers-le-reechelonnement-des-dettes-des-entreprises-ansej\\\/\",\"url\":\"https:\\\/\\\/lasentinelle.dz\\\/index.php\\\/2024\\\/04\\\/26\\\/micro-entreprises-vers-le-reechelonnement-des-dettes-des-entreprises-ansej\\\/\",\"name\":\"Micro-entreprises\u00a0: Vers le r\u00e9\u00e9chelonnement des dettes des entreprises Ansej - La Sentinelle\",\"isPartOf\":{\"@id\":\"https:\\\/\\\/lasentinelle.dz\\\/#website\"},\"primaryImageOfPage\":{\"@id\":\"https:\\\/\\\/lasentinelle.dz\\\/index.php\\\/2024\\\/04\\\/26\\\/micro-entreprises-vers-le-reechelonnement-des-dettes-des-entreprises-ansej\\\/#primaryimage\"},\"image\":{\"@id\":\"https:\\\/\\\/lasentinelle.dz\\\/index.php\\\/2024\\\/04\\\/26\\\/micro-entreprises-vers-le-reechelonnement-des-dettes-des-entreprises-ansej\\\/#primaryimage\"},\"thumbnailUrl\":\"https:\\\/\\\/lasentinelle.dz\\\/wp-content\\\/uploads\\\/2023\\\/05\\\/ANSEJ.png\",\"datePublished\":\"2024-04-26T19:37:28+00:00\",\"dateModified\":\"2024-04-26T19:37:29+00:00\",\"breadcrumb\":{\"@id\":\"https:\\\/\\\/lasentinelle.dz\\\/index.php\\\/2024\\\/04\\\/26\\\/micro-entreprises-vers-le-reechelonnement-des-dettes-des-entreprises-ansej\\\/#breadcrumb\"},\"inLanguage\":\"fr-FR\",\"potentialAction\":[{\"@type\":\"ReadAction\",\"target\":[\"https:\\\/\\\/lasentinelle.dz\\\/index.php\\\/2024\\\/04\\\/26\\\/micro-entreprises-vers-le-reechelonnement-des-dettes-des-entreprises-ansej\\\/\"]}]},{\"@type\":\"ImageObject\",\"inLanguage\":\"fr-FR\",\"@id\":\"https:\\\/\\\/lasentinelle.dz\\\/index.php\\\/2024\\\/04\\\/26\\\/micro-entreprises-vers-le-reechelonnement-des-dettes-des-entreprises-ansej\\\/#primaryimage\",\"url\":\"https:\\\/\\\/lasentinelle.dz\\\/wp-content\\\/uploads\\\/2023\\\/05\\\/ANSEJ.png\",\"contentUrl\":\"https:\\\/\\\/lasentinelle.dz\\\/wp-content\\\/uploads\\\/2023\\\/05\\\/ANSEJ.png\",\"width\":1800,\"height\":900},{\"@type\":\"BreadcrumbList\",\"@id\":\"https:\\\/\\\/lasentinelle.dz\\\/index.php\\\/2024\\\/04\\\/26\\\/micro-entreprises-vers-le-reechelonnement-des-dettes-des-entreprises-ansej\\\/#breadcrumb\",\"itemListElement\":[{\"@type\":\"ListItem\",\"position\":1,\"name\":\"Accueil\",\"item\":\"https:\\\/\\\/lasentinelle.dz\\\/\"},{\"@type\":\"ListItem\",\"position\":2,\"name\":\"Micro-entreprises\u00a0: Vers le r\u00e9\u00e9chelonnement des dettes des entreprises Ansej\"}]},{\"@type\":\"WebSite\",\"@id\":\"https:\\\/\\\/lasentinelle.dz\\\/#website\",\"url\":\"https:\\\/\\\/lasentinelle.dz\\\/\",\"name\":\"La Sentinelle\",\"description\":\"Quotidien national d&#039;information\",\"publisher\":{\"@id\":\"https:\\\/\\\/lasentinelle.dz\\\/#organization\"},\"potentialAction\":[{\"@type\":\"SearchAction\",\"target\":{\"@type\":\"EntryPoint\",\"urlTemplate\":\"https:\\\/\\\/lasentinelle.dz\\\/?s={search_term_string}\"},\"query-input\":{\"@type\":\"PropertyValueSpecification\",\"valueRequired\":true,\"valueName\":\"search_term_string\"}}],\"inLanguage\":\"fr-FR\"},{\"@type\":\"Organization\",\"@id\":\"https:\\\/\\\/lasentinelle.dz\\\/#organization\",\"name\":\"Quotidien La Sentinelle\",\"url\":\"https:\\\/\\\/lasentinelle.dz\\\/\",\"logo\":{\"@type\":\"ImageObject\",\"inLanguage\":\"fr-FR\",\"@id\":\"https:\\\/\\\/lasentinelle.dz\\\/#\\\/schema\\\/logo\\\/image\\\/\",\"url\":\"https:\\\/\\\/lasentinelle.dz\\\/wp-content\\\/uploads\\\/2021\\\/09\\\/logo-sentinelleSLOGAN-1.png\",\"contentUrl\":\"https:\\\/\\\/lasentinelle.dz\\\/wp-content\\\/uploads\\\/2021\\\/09\\\/logo-sentinelleSLOGAN-1.png\",\"width\":615,\"height\":142,\"caption\":\"Quotidien La Sentinelle\"},\"image\":{\"@id\":\"https:\\\/\\\/lasentinelle.dz\\\/#\\\/schema\\\/logo\\\/image\\\/\"},\"sameAs\":[\"https:\\\/\\\/www.facebook.com\\\/La-Sentinelle-104059864394773\"]},{\"@type\":\"Person\",\"@id\":\"https:\\\/\\\/lasentinelle.dz\\\/#\\\/schema\\\/person\\\/d865044e22e70a75174ce8bcad3acfb3\",\"name\":\"La Sentinelle\",\"image\":{\"@type\":\"ImageObject\",\"inLanguage\":\"fr-FR\",\"@id\":\"https:\\\/\\\/secure.gravatar.com\\\/avatar\\\/57de8e5d4b15d43fb361a71fbb36338450fe67865b528a43dd10ef7c51a20392?s=96&d=mm&r=g\",\"url\":\"https:\\\/\\\/secure.gravatar.com\\\/avatar\\\/57de8e5d4b15d43fb361a71fbb36338450fe67865b528a43dd10ef7c51a20392?s=96&d=mm&r=g\",\"contentUrl\":\"https:\\\/\\\/secure.gravatar.com\\\/avatar\\\/57de8e5d4b15d43fb361a71fbb36338450fe67865b528a43dd10ef7c51a20392?s=96&d=mm&r=g\",\"caption\":\"La Sentinelle\"},\"sameAs\":[\"http:\\\/\\\/www.lasentinelle.dz\"],\"url\":\"https:\\\/\\\/lasentinelle.dz\\\/author\\\/redaction\\\/\"}]}<\/script>\n<!-- \/ Yoast SEO plugin. -->","yoast_head_json":{"title":"Micro-entreprises\u00a0: Vers le r\u00e9\u00e9chelonnement des dettes des entreprises Ansej - La Sentinelle","robots":{"index":"index","follow":"follow","max-snippet":"max-snippet:-1","max-image-preview":"max-image-preview:large","max-video-preview":"max-video-preview:-1"},"canonical":"https:\/\/lasentinelle.dz\/index.php\/2024\/04\/26\/micro-entreprises-vers-le-reechelonnement-des-dettes-des-entreprises-ansej\/","og_locale":"fr_FR","og_type":"article","og_title":"Micro-entreprises\u00a0: Vers le r\u00e9\u00e9chelonnement des dettes des entreprises Ansej - La Sentinelle","og_description":"Le ministre de l&rsquo;Economie de la connaissance, des Start-up et des Micro-entreprises, Yacine El-Mahdi Oualid a annonc\u00e9 jeudi un r\u00e9\u00e9chelonnement","og_url":"https:\/\/lasentinelle.dz\/index.php\/2024\/04\/26\/micro-entreprises-vers-le-reechelonnement-des-dettes-des-entreprises-ansej\/","og_site_name":"La Sentinelle","article_publisher":"https:\/\/www.facebook.com\/La-Sentinelle-104059864394773","article_published_time":"2024-04-26T19:37:28+00:00","article_modified_time":"2024-04-26T19:37:29+00:00","og_image":[{"width":1800,"height":900,"url":"https:\/\/lasentinelle.dz\/wp-content\/uploads\/2023\/05\/ANSEJ.png","type":"image\/png"}],"author":"La Sentinelle","twitter_card":"summary_large_image","twitter_misc":{"\u00c9crit par":"La Sentinelle","Dur\u00e9e de lecture estim\u00e9e":"4 minutes"},"schema":{"@context":"https:\/\/schema.org","@graph":[{"@type":"Article","@id":"https:\/\/lasentinelle.dz\/index.php\/2024\/04\/26\/micro-entreprises-vers-le-reechelonnement-des-dettes-des-entreprises-ansej\/#article","isPartOf":{"@id":"https:\/\/lasentinelle.dz\/index.php\/2024\/04\/26\/micro-entreprises-vers-le-reechelonnement-des-dettes-des-entreprises-ansej\/"},"author":{"name":"La Sentinelle","@id":"https:\/\/lasentinelle.dz\/#\/schema\/person\/d865044e22e70a75174ce8bcad3acfb3"},"headline":"Micro-entreprises\u00a0: Vers le r\u00e9\u00e9chelonnement des dettes des entreprises Ansej","datePublished":"2024-04-26T19:37:28+00:00","dateModified":"2024-04-26T19:37:29+00:00","mainEntityOfPage":{"@id":"https:\/\/lasentinelle.dz\/index.php\/2024\/04\/26\/micro-entreprises-vers-le-reechelonnement-des-dettes-des-entreprises-ansej\/"},"wordCount":728,"commentCount":0,"publisher":{"@id":"https:\/\/lasentinelle.dz\/#organization"},"image":{"@id":"https:\/\/lasentinelle.dz\/index.php\/2024\/04\/26\/micro-entreprises-vers-le-reechelonnement-des-dettes-des-entreprises-ansej\/#primaryimage"},"thumbnailUrl":"https:\/\/lasentinelle.dz\/wp-content\/uploads\/2023\/05\/ANSEJ.png","articleSection":["\u00c0 la Une","\u00c9conomie"],"inLanguage":"fr-FR","potentialAction":[{"@type":"CommentAction","name":"Comment","target":["https:\/\/lasentinelle.dz\/index.php\/2024\/04\/26\/micro-entreprises-vers-le-reechelonnement-des-dettes-des-entreprises-ansej\/#respond"]}]},{"@type":"WebPage","@id":"https:\/\/lasentinelle.dz\/index.php\/2024\/04\/26\/micro-entreprises-vers-le-reechelonnement-des-dettes-des-entreprises-ansej\/","url":"https:\/\/lasentinelle.dz\/index.php\/2024\/04\/26\/micro-entreprises-vers-le-reechelonnement-des-dettes-des-entreprises-ansej\/","name":"Micro-entreprises\u00a0: Vers le r\u00e9\u00e9chelonnement des dettes des entreprises Ansej - La Sentinelle","isPartOf":{"@id":"https:\/\/lasentinelle.dz\/#website"},"primaryImageOfPage":{"@id":"https:\/\/lasentinelle.dz\/index.php\/2024\/04\/26\/micro-entreprises-vers-le-reechelonnement-des-dettes-des-entreprises-ansej\/#primaryimage"},"image":{"@id":"https:\/\/lasentinelle.dz\/index.php\/2024\/04\/26\/micro-entreprises-vers-le-reechelonnement-des-dettes-des-entreprises-ansej\/#primaryimage"},"thumbnailUrl":"https:\/\/lasentinelle.dz\/wp-content\/uploads\/2023\/05\/ANSEJ.png","datePublished":"2024-04-26T19:37:28+00:00","dateModified":"2024-04-26T19:37:29+00:00","breadcrumb":{"@id":"https:\/\/lasentinelle.dz\/index.php\/2024\/04\/26\/micro-entreprises-vers-le-reechelonnement-des-dettes-des-entreprises-ansej\/#breadcrumb"},"inLanguage":"fr-FR","potentialAction":[{"@type":"ReadAction","target":["https:\/\/lasentinelle.dz\/index.php\/2024\/04\/26\/micro-entreprises-vers-le-reechelonnement-des-dettes-des-entreprises-ansej\/"]}]},{"@type":"ImageObject","inLanguage":"fr-FR","@id":"https:\/\/lasentinelle.dz\/index.php\/2024\/04\/26\/micro-entreprises-vers-le-reechelonnement-des-dettes-des-entreprises-ansej\/#primaryimage","url":"https:\/\/lasentinelle.dz\/wp-content\/uploads\/2023\/05\/ANSEJ.png","contentUrl":"https:\/\/lasentinelle.dz\/wp-content\/uploads\/2023\/05\/ANSEJ.png","width":1800,"height":900},{"@type":"BreadcrumbList","@id":"https:\/\/lasentinelle.dz\/index.php\/2024\/04\/26\/micro-entreprises-vers-le-reechelonnement-des-dettes-des-entreprises-ansej\/#breadcrumb","itemListElement":[{"@type":"ListItem","position":1,"name":"Accueil","item":"https:\/\/lasentinelle.dz\/"},{"@type":"ListItem","position":2,"name":"Micro-entreprises\u00a0: Vers le r\u00e9\u00e9chelonnement des dettes des entreprises Ansej"}]},{"@type":"WebSite","@id":"https:\/\/lasentinelle.dz\/#website","url":"https:\/\/lasentinelle.dz\/","name":"La Sentinelle","description":"Quotidien national d&#039;information","publisher":{"@id":"https:\/\/lasentinelle.dz\/#organization"},"potentialAction":[{"@type":"SearchAction","target":{"@type":"EntryPoint","urlTemplate":"https:\/\/lasentinelle.dz\/?s={search_term_string}"},"query-input":{"@type":"PropertyValueSpecification","valueRequired":true,"valueName":"search_term_string"}}],"inLanguage":"fr-FR"},{"@type":"Organization","@id":"https:\/\/lasentinelle.dz\/#organization","name":"Quotidien La Sentinelle","url":"https:\/\/lasentinelle.dz\/","logo":{"@type":"ImageObject","inLanguage":"fr-FR","@id":"https:\/\/lasentinelle.dz\/#\/schema\/logo\/image\/","url":"https:\/\/lasentinelle.dz\/wp-content\/uploads\/2021\/09\/logo-sentinelleSLOGAN-1.png","contentUrl":"https:\/\/lasentinelle.dz\/wp-content\/uploads\/2021\/09\/logo-sentinelleSLOGAN-1.png","width":615,"height":142,"caption":"Quotidien La Sentinelle"},"image":{"@id":"https:\/\/lasentinelle.dz\/#\/schema\/logo\/image\/"},"sameAs":["https:\/\/www.facebook.com\/La-Sentinelle-104059864394773"]},{"@type":"Person","@id":"https:\/\/lasentinelle.dz\/#\/schema\/person\/d865044e22e70a75174ce8bcad3acfb3","name":"La Sentinelle","image":{"@type":"ImageObject","inLanguage":"fr-FR","@id":"https:\/\/secure.gravatar.com\/avatar\/57de8e5d4b15d43fb361a71fbb36338450fe67865b528a43dd10ef7c51a20392?s=96&d=mm&r=g","url":"https:\/\/secure.gravatar.com\/avatar\/57de8e5d4b15d43fb361a71fbb36338450fe67865b528a43dd10ef7c51a20392?s=96&d=mm&r=g","contentUrl":"https:\/\/secure.gravatar.com\/avatar\/57de8e5d4b15d43fb361a71fbb36338450fe67865b528a43dd10ef7c51a20392?s=96&d=mm&r=g","caption":"La Sentinelle"},"sameAs":["http:\/\/www.lasentinelle.dz"],"url":"https:\/\/lasentinelle.dz\/author\/redaction\/"}]}},"_links":{"self":[{"href":"https:\/\/lasentinelle.dz\/index.php\/wp-json\/wp\/v2\/posts\/51703","targetHints":{"allow":["GET"]}}],"collection":[{"href":"https:\/\/lasentinelle.dz\/index.php\/wp-json\/wp\/v2\/posts"}],"about":[{"href":"https:\/\/lasentinelle.dz\/index.php\/wp-json\/wp\/v2\/types\/post"}],"author":[{"embeddable":true,"href":"https:\/\/lasentinelle.dz\/index.php\/wp-json\/wp\/v2\/users\/3"}],"replies":[{"embeddable":true,"href":"https:\/\/lasentinelle.dz\/index.php\/wp-json\/wp\/v2\/comments?post=51703"}],"version-history":[{"count":1,"href":"https:\/\/lasentinelle.dz\/index.php\/wp-json\/wp\/v2\/posts\/51703\/revisions"}],"predecessor-version":[{"id":51704,"href":"https:\/\/lasentinelle.dz\/index.php\/wp-json\/wp\/v2\/posts\/51703\/revisions\/51704"}],"wp:featuredmedia":[{"embeddable":true,"href":"https:\/\/lasentinelle.dz\/index.php\/wp-json\/wp\/v2\/media\/41031"}],"wp:attachment":[{"href":"https:\/\/lasentinelle.dz\/index.php\/wp-json\/wp\/v2\/media?parent=51703"}],"wp:term":[{"taxonomy":"category","embeddable":true,"href":"https:\/\/lasentinelle.dz\/index.php\/wp-json\/wp\/v2\/categories?post=51703"},{"taxonomy":"post_tag","embeddable":true,"href":"https:\/\/lasentinelle.dz\/index.php\/wp-json\/wp\/v2\/tags?post=51703"}],"curies":[{"name":"wp","href":"https:\/\/api.w.org\/{rel}","templated":true}]}}