{"id":51724,"date":"2024-04-26T20:50:24","date_gmt":"2024-04-26T19:50:24","guid":{"rendered":"https:\/\/lasentinelle.dz\/?p=51724"},"modified":"2024-04-26T20:50:26","modified_gmt":"2024-04-26T19:50:26","slug":"la-diplomatie-algerienne-en-action","status":"publish","type":"post","link":"https:\/\/lasentinelle.dz\/index.php\/2024\/04\/26\/la-diplomatie-algerienne-en-action\/","title":{"rendered":"La diplomatie alg\u00e9rienne en action"},"content":{"rendered":"\n<p>Le ministre des Affaires \u00e9trang\u00e8res et de la Communaut\u00e9 nationale \u00e0 l\u2019\u00e9tranger, Ahmed Attaf, a \u00e9voqu\u00e9 dans un entretien avec des repr\u00e9sentants de la presse nationale, plusieurs dossiers prioritaires trait\u00e9s par la diplomatie alg\u00e9rienne. Celle-ci m\u00e8ne ainsi une action soutenue, dans le respect de sa doctrine assise sur le soutien aux causes justes, notamment les causes palestinienne et sahraouie. Une diplomatie qui se red\u00e9ploie aussi pour faire face aux d\u00e9fis induits par les changements g\u00e9opolitiques sur la sc\u00e8ne internationale, et aux menaces imm\u00e9diates induites par l\u2019\u00e9volution de la situation r\u00e9gionale, notamment au Sahel.<\/p>\n\n\n\n<p>Des changements qui soulignent aussi la n\u00e9cessit\u00e9 de relancer les m\u00e9canismes de coordination r\u00e9gionale, souligne dans ce sens le chef de la diplomatie alg\u00e9rienne. C\u2019est dans ce contexte qu\u2019il est revenu sur la premi\u00e8re r\u00e9union consultative tripartite tenue lundi \u00e0 Tunis et qui a regroup\u00e9 le pr\u00e9sident de la R\u00e9publique, Abdelmadjid Tebboune, le pr\u00e9sident tunisien, Ka\u00efs Sa\u00efed, et le pr\u00e9sident du Conseil pr\u00e9sidentiel libyen, Mohamed Younes El-Menfi. Une r\u00e9union qui concr\u00e9tise la volont\u00e9 des dirigeants de ces pays de combler le vide cr\u00e9\u00e9 par le blocage de l\u2019Union du Maghreb arabe et relancer la coordination au tour de questions importantes pour la r\u00e9gion du Maghreb. Un m\u00e9canisme qui n\u2019est adress\u00e9 contre personne et qui n\u2019est pas destin\u00e9 \u00e0 remplacer l\u2019UMA assure le ministre des Affaires \u00e9trang\u00e8re. Attaf qui a qualifi\u00e9 cette r\u00e9union de \u00ab\u00a0r\u00e9ussite\u00a0\u00bb, a indiqu\u00e9 que celle-ci\u00a0\u00bbn&rsquo;est dirig\u00e9e contre aucune partie\u00a0\u00bb. Il a assur\u00e9 que l&rsquo;Union du Maghreb arabe demeurait \u00ab\u00a0un projet et un objectif historique\u00a0\u00bb et que la porte des consultations restait \u00ab\u00a0ouverte \u00e0 tous si l&rsquo;intention et la volont\u00e9 politiques sont r\u00e9unies\u00a0\u00bb. Il a ajout\u00e9 que le pr\u00e9sident de la R\u00e9publique \u00ab\u00a0a envisag\u00e9 cette initiative depuis longtemps et l&rsquo;a \u00e9voqu\u00e9e avec les dirigeants des pays du Maghreb arabe et leurs ministres des Affaires \u00e9trang\u00e8res lors de leurs diff\u00e9rentes visites dans notre pays\u00a0\u00bb. Le MAE a d\u2019ailleurs rappel\u00e9 que \u00ab\u00a0l&rsquo;Afrique du Nord et le Maghreb arabe sont pratiquement la seule r\u00e9gion au monde d\u00e9pourvue d&rsquo;un m\u00e9canisme de consultation r\u00e9guli\u00e8re et p\u00e9riodique entre les pays de cet espace\u00a0\u00bb. C&rsquo;est pourquoi \u00ab\u00a0Monsieur le pr\u00e9sident de la R\u00e9publique a toujours insist\u00e9 sur la cr\u00e9ation d&rsquo;un m\u00e9canisme pour combler ce vide et faire entendre la voix de la r\u00e9gion dans tous les fora internationaux et r\u00e9gionaux\u00a0\u00bb, a-t-il expliqu\u00e9. Et d&rsquo;ajouter : \u00ab\u00a0le Sommet de Tunis est in\u00e9dit, en ce sens que les dirigeants des trois pays fr\u00e8res ont eu des discussions cordiales, ouvertes et franches, comme le montre le Communiqu\u00e9 final, qui a insist\u00e9 sur quatre principaux dossiers impactant la vie des citoyens de ces pays, \u00e0 savoir le d\u00e9veloppement des r\u00e9gions frontali\u00e8res, l&rsquo;\u00e9nergie, la s\u00e9curit\u00e9 alimentaire et la lev\u00e9e des entraves aux \u00e9changes commerciaux\u00a0\u00bb. \u00ab\u00a0Il s&rsquo;agit l\u00e0 des priorit\u00e9s de l&rsquo;action commune entre les trois pays en pr\u00e9lude au prochain sommet pr\u00e9vu \u00e0 Tripoli dans trois mois\u00a0\u00bb, a-t-il poursuivi.<\/p>\n\n\n\n<p>\u00ab\u00a0L&rsquo;Alg\u00e9rie, en sa qualit\u00e9 de membre non permanent du Conseil de s\u00e9curit\u00e9 des Nations Unies, doit conna\u00eetre les points de vue des fr\u00e8res sur plusieurs dossiers \u00e0 l&rsquo;ordre du jour du Conseil de s\u00e9curit\u00e9, notamment ceux en lien direct avec les pays du Maghreb arabe\u00a0\u00bb, a soutenu le ministre, soulignant que \u00ab\u00a0la coordination avec les pays fr\u00e8res dans la r\u00e9gion est prioritaire, l&rsquo;Alg\u00e9rie les consid\u00e9rant comme les enfants d&rsquo;une m\u00eame famille\u00a0\u00bb. M. Attaf a affirm\u00e9, par l\u00e0 m\u00eame, que la 1\u00e8re R\u00e9union consultative ayant regroup\u00e9 les dirigeants de l&rsquo;Alg\u00e9rie, de la Tunisie et de la Libye avait d\u00e9bouch\u00e9 sur \u00ab\u00a0des r\u00e9sultats positifs, notamment dans le volet politique\u00a0\u00bb. La r\u00e9gion du Maghreb arabe \u00ab\u00a0compte des dossiers qui font l&rsquo;actualit\u00e9 internationale, comme le dossier libyen et celui de la r\u00e9gion sah\u00e9lo-saharienne\u00a0\u00bb, a-t-il dit, regrettant que \u00ab\u00a0tous les pays s&rsquo;immiscent dans ces dossiers, sauf ceux de la r\u00e9gion, qui sont pourtant les premiers concern\u00e9s\u00a0\u00bb. Concernant la situation au Sahel, le chef de la diplomate alg\u00e9rienne a affirm\u00e9 que l&rsquo;Alg\u00e9rie \u00ab\u00a0ne reste pas les bras crois\u00e9s face \u00e0 ce qui se passe dans cette r\u00e9gion\u00a0\u00bb. Elle \u00ab\u00a0fait son devoir et assume pleinement ses responsabilit\u00e9s pour garantir la paix et la s\u00e9curit\u00e9 dans la r\u00e9gion\u00a0\u00bb, a-t-il dit. \u00ab\u00a0Notre pays poursuit les consultations sur les d\u00e9veloppements dans la r\u00e9gion pour remettre les choses sur les rails. C&rsquo;est la solution politique que l&rsquo;Alg\u00e9rie a toujours d\u00e9fendue pour r\u00e9gler les probl\u00e8mes au Mali, au Niger et au Burkina Faso\u00a0\u00bb, a-t-il fait valoir. Il a \u00e9galement affirm\u00e9 que \u00ab\u00a0la d\u00e9gradation de la situation dans cette r\u00e9gion, politiquement et \u00e9conomiquement, exige la vigilance et l&rsquo;intensification des efforts\u00a0\u00bb.<\/p>\n\n\n\n<p><strong>Prochaine rencontre alg\u00e9ro-fran\u00e7aise<\/strong><\/p>\n\n\n\n<p>Le ministre des Affaires \u00e9trang\u00e8res \u00e9voquera aussi les efforts d\u00e9ploy\u00e9s par l\u2019Alg\u00e9rie au sein du Conseil de s\u00e9curit\u00e9 de l\u2019ONU en ce qui concerne la question palestinienne, mettant en avant les succ\u00e8s de la diplomatie alg\u00e9rienne. Il a rappel\u00e9 que l&rsquo;Alg\u00e9rie est \u00ab\u00a0le premier pays \u00e0 avoir r\u00e9ussi \u00e0 faire passer au Conseil de s\u00e9curit\u00e9 une r\u00e9solution sur un cessez-le-feu permanent dans la bande de Ghaza et l&rsquo;acheminement des aides humanitaires\u00a0\u00bb. Il \u00e9voquera aussi les efforts d\u00e9ploy\u00e9s pour permettre \u00ab\u00a0pour l&rsquo;adh\u00e9sion pleine et enti\u00e8re de l&rsquo;Etat de Palestine \u00e0 l&rsquo;ONU&nbsp;\u00bb, assurant que l\u2019Alg\u00e9rie \u00ab&nbsp;poursuivra ses efforts (\u2026) suivant sa strat\u00e9gie conform\u00e9ment aux orientations du pr\u00e9sident de la R\u00e9publique, qui a consacr\u00e9 \u00e0 cette question une grande partie de son discours devant l&rsquo;Assembl\u00e9e g\u00e9n\u00e9rale des Nations Unies\u00a0\u00bb. \u00c0 propos du dernier projet de r\u00e9solution introduit par l\u2019Alg\u00e9rie au Conseil de s\u00e9curit\u00e9 recommandant l\u2019adh\u00e9sion de la Palestine \u00e0 l\u2019ONU en tant que membre \u00e0 part enti\u00e8re et bloqu\u00e9e par le v\u00e9to am\u00e9ricain, Ahmed Attaf a indiqu\u00e9 que ce n\u2019est pas un \u00e9chec, dans la mesure o\u00f9 cette r\u00e9solution a obtenu 12 votes favorables sur 15. Interrog\u00e9 sur l\u2019\u00e9tat des relations alg\u00e9ro-fran\u00e7aises, le ministre des Affaires \u00e9trang\u00e8res a, affirm\u00e9 qu'\u00a0\u00bbil n&rsquo;y a aucun probl\u00e8me dans les relations alg\u00e9ro-fran\u00e7aises\u00a0\u00bb. Il indiquera qu'\u00a0\u00bbune rencontre est pr\u00e9vue bient\u00f4t avec son homologue fran\u00e7ais en pr\u00e9vision des prochaines \u00e9ch\u00e9ances bilat\u00e9rales\u00a0\u00bb.<\/p>\n\n\n\n<p>Hocine Facheli<\/p>\n","protected":false},"excerpt":{"rendered":"<p>Le ministre des Affaires \u00e9trang\u00e8res et de la Communaut\u00e9 nationale \u00e0 l\u2019\u00e9tranger, Ahmed Attaf, a \u00e9voqu\u00e9 dans un entretien avec<\/p>\n","protected":false},"author":3,"featured_media":51725,"comment_status":"open","ping_status":"closed","sticky":false,"template":"","format":"standard","meta":{"colormag_page_container_layout":"default_layout","colormag_page_sidebar_layout":"default_layout","om_disable_all_campaigns":false,"_monsterinsights_skip_tracking":false,"_monsterinsights_sitenote_active":false,"_monsterinsights_sitenote_note":"","_monsterinsights_sitenote_category":0,"footnotes":"","_wpscppro_dont_share_socialmedia":false,"_wpscppro_custom_social_share_image":0,"_facebook_share_type":"","_twitter_share_type":"","_linkedin_share_type":"","_pinterest_share_type":"","_linkedin_share_type_page":"","_instagram_share_type":"","_medium_share_type":"","_threads_share_type":"","_google_business_share_type":"","_selected_social_profile":[],"_wpsp_enable_custom_social_template":false,"_wpsp_social_scheduling":{"enabled":false,"datetime":null,"platforms":[],"status":"template_only","dateOption":"today","timeOption":"now","customDays":"","customHours":"","customDate":"","customTime":"","schedulingType":"absolute"},"_wpsp_active_default_template":true},"categories":[52,27],"tags":[],"class_list":["post-51724","post","type-post","status-publish","format-standard","has-post-thumbnail","hentry","category-a-la-une","category-actualite"],"aioseo_notices":[],"yoast_head":"<!-- This site is optimized with the Yoast SEO plugin v27.5 - https:\/\/yoast.com\/product\/yoast-seo-wordpress\/ -->\n<title>La diplomatie alg\u00e9rienne en action - La Sentinelle<\/title>\n<meta name=\"robots\" content=\"index, follow, max-snippet:-1, max-image-preview:large, max-video-preview:-1\" \/>\n<link rel=\"canonical\" href=\"https:\/\/lasentinelle.dz\/index.php\/2024\/04\/26\/la-diplomatie-algerienne-en-action\/\" \/>\n<meta property=\"og:locale\" content=\"fr_FR\" \/>\n<meta property=\"og:type\" content=\"article\" \/>\n<meta property=\"og:title\" content=\"La diplomatie alg\u00e9rienne en action - La Sentinelle\" \/>\n<meta property=\"og:description\" content=\"Le ministre des Affaires \u00e9trang\u00e8res et de la Communaut\u00e9 nationale \u00e0 l\u2019\u00e9tranger, Ahmed Attaf, a \u00e9voqu\u00e9 dans un entretien avec\" \/>\n<meta property=\"og:url\" content=\"https:\/\/lasentinelle.dz\/index.php\/2024\/04\/26\/la-diplomatie-algerienne-en-action\/\" \/>\n<meta property=\"og:site_name\" content=\"La Sentinelle\" \/>\n<meta property=\"article:publisher\" content=\"https:\/\/www.facebook.com\/La-Sentinelle-104059864394773\" \/>\n<meta property=\"article:published_time\" content=\"2024-04-26T19:50:24+00:00\" \/>\n<meta property=\"article:modified_time\" content=\"2024-04-26T19:50:26+00:00\" \/>\n<meta property=\"og:image\" content=\"https:\/\/lasentinelle.dz\/wp-content\/uploads\/2024\/04\/attaf.jpeg\" \/>\n\t<meta property=\"og:image:width\" content=\"1000\" \/>\n\t<meta property=\"og:image:height\" content=\"561\" \/>\n\t<meta property=\"og:image:type\" content=\"image\/jpeg\" \/>\n<meta name=\"author\" content=\"La Sentinelle\" \/>\n<meta name=\"twitter:card\" content=\"summary_large_image\" \/>\n<meta name=\"twitter:label1\" content=\"\u00c9crit par\" \/>\n\t<meta name=\"twitter:data1\" content=\"La Sentinelle\" \/>\n\t<meta name=\"twitter:label2\" content=\"Dur\u00e9e de lecture estim\u00e9e\" \/>\n\t<meta name=\"twitter:data2\" content=\"6 minutes\" \/>\n<script type=\"application\/ld+json\" class=\"yoast-schema-graph\">{\"@context\":\"https:\\\/\\\/schema.org\",\"@graph\":[{\"@type\":\"Article\",\"@id\":\"https:\\\/\\\/lasentinelle.dz\\\/index.php\\\/2024\\\/04\\\/26\\\/la-diplomatie-algerienne-en-action\\\/#article\",\"isPartOf\":{\"@id\":\"https:\\\/\\\/lasentinelle.dz\\\/index.php\\\/2024\\\/04\\\/26\\\/la-diplomatie-algerienne-en-action\\\/\"},\"author\":{\"name\":\"La Sentinelle\",\"@id\":\"https:\\\/\\\/lasentinelle.dz\\\/#\\\/schema\\\/person\\\/d865044e22e70a75174ce8bcad3acfb3\"},\"headline\":\"La diplomatie alg\u00e9rienne en action\",\"datePublished\":\"2024-04-26T19:50:24+00:00\",\"dateModified\":\"2024-04-26T19:50:26+00:00\",\"mainEntityOfPage\":{\"@id\":\"https:\\\/\\\/lasentinelle.dz\\\/index.php\\\/2024\\\/04\\\/26\\\/la-diplomatie-algerienne-en-action\\\/\"},\"wordCount\":1145,\"commentCount\":0,\"publisher\":{\"@id\":\"https:\\\/\\\/lasentinelle.dz\\\/#organization\"},\"image\":{\"@id\":\"https:\\\/\\\/lasentinelle.dz\\\/index.php\\\/2024\\\/04\\\/26\\\/la-diplomatie-algerienne-en-action\\\/#primaryimage\"},\"thumbnailUrl\":\"https:\\\/\\\/lasentinelle.dz\\\/wp-content\\\/uploads\\\/2024\\\/04\\\/attaf.jpeg\",\"articleSection\":[\"\u00c0 la Une\",\"Actualit\u00e9\"],\"inLanguage\":\"fr-FR\",\"potentialAction\":[{\"@type\":\"CommentAction\",\"name\":\"Comment\",\"target\":[\"https:\\\/\\\/lasentinelle.dz\\\/index.php\\\/2024\\\/04\\\/26\\\/la-diplomatie-algerienne-en-action\\\/#respond\"]}]},{\"@type\":\"WebPage\",\"@id\":\"https:\\\/\\\/lasentinelle.dz\\\/index.php\\\/2024\\\/04\\\/26\\\/la-diplomatie-algerienne-en-action\\\/\",\"url\":\"https:\\\/\\\/lasentinelle.dz\\\/index.php\\\/2024\\\/04\\\/26\\\/la-diplomatie-algerienne-en-action\\\/\",\"name\":\"La diplomatie alg\u00e9rienne en action - La Sentinelle\",\"isPartOf\":{\"@id\":\"https:\\\/\\\/lasentinelle.dz\\\/#website\"},\"primaryImageOfPage\":{\"@id\":\"https:\\\/\\\/lasentinelle.dz\\\/index.php\\\/2024\\\/04\\\/26\\\/la-diplomatie-algerienne-en-action\\\/#primaryimage\"},\"image\":{\"@id\":\"https:\\\/\\\/lasentinelle.dz\\\/index.php\\\/2024\\\/04\\\/26\\\/la-diplomatie-algerienne-en-action\\\/#primaryimage\"},\"thumbnailUrl\":\"https:\\\/\\\/lasentinelle.dz\\\/wp-content\\\/uploads\\\/2024\\\/04\\\/attaf.jpeg\",\"datePublished\":\"2024-04-26T19:50:24+00:00\",\"dateModified\":\"2024-04-26T19:50:26+00:00\",\"breadcrumb\":{\"@id\":\"https:\\\/\\\/lasentinelle.dz\\\/index.php\\\/2024\\\/04\\\/26\\\/la-diplomatie-algerienne-en-action\\\/#breadcrumb\"},\"inLanguage\":\"fr-FR\",\"potentialAction\":[{\"@type\":\"ReadAction\",\"target\":[\"https:\\\/\\\/lasentinelle.dz\\\/index.php\\\/2024\\\/04\\\/26\\\/la-diplomatie-algerienne-en-action\\\/\"]}]},{\"@type\":\"ImageObject\",\"inLanguage\":\"fr-FR\",\"@id\":\"https:\\\/\\\/lasentinelle.dz\\\/index.php\\\/2024\\\/04\\\/26\\\/la-diplomatie-algerienne-en-action\\\/#primaryimage\",\"url\":\"https:\\\/\\\/lasentinelle.dz\\\/wp-content\\\/uploads\\\/2024\\\/04\\\/attaf.jpeg\",\"contentUrl\":\"https:\\\/\\\/lasentinelle.dz\\\/wp-content\\\/uploads\\\/2024\\\/04\\\/attaf.jpeg\",\"width\":1000,\"height\":561},{\"@type\":\"BreadcrumbList\",\"@id\":\"https:\\\/\\\/lasentinelle.dz\\\/index.php\\\/2024\\\/04\\\/26\\\/la-diplomatie-algerienne-en-action\\\/#breadcrumb\",\"itemListElement\":[{\"@type\":\"ListItem\",\"position\":1,\"name\":\"Accueil\",\"item\":\"https:\\\/\\\/lasentinelle.dz\\\/\"},{\"@type\":\"ListItem\",\"position\":2,\"name\":\"La diplomatie alg\u00e9rienne en action\"}]},{\"@type\":\"WebSite\",\"@id\":\"https:\\\/\\\/lasentinelle.dz\\\/#website\",\"url\":\"https:\\\/\\\/lasentinelle.dz\\\/\",\"name\":\"La Sentinelle\",\"description\":\"Quotidien national d&#039;information\",\"publisher\":{\"@id\":\"https:\\\/\\\/lasentinelle.dz\\\/#organization\"},\"potentialAction\":[{\"@type\":\"SearchAction\",\"target\":{\"@type\":\"EntryPoint\",\"urlTemplate\":\"https:\\\/\\\/lasentinelle.dz\\\/?s={search_term_string}\"},\"query-input\":{\"@type\":\"PropertyValueSpecification\",\"valueRequired\":true,\"valueName\":\"search_term_string\"}}],\"inLanguage\":\"fr-FR\"},{\"@type\":\"Organization\",\"@id\":\"https:\\\/\\\/lasentinelle.dz\\\/#organization\",\"name\":\"Quotidien La Sentinelle\",\"url\":\"https:\\\/\\\/lasentinelle.dz\\\/\",\"logo\":{\"@type\":\"ImageObject\",\"inLanguage\":\"fr-FR\",\"@id\":\"https:\\\/\\\/lasentinelle.dz\\\/#\\\/schema\\\/logo\\\/image\\\/\",\"url\":\"https:\\\/\\\/lasentinelle.dz\\\/wp-content\\\/uploads\\\/2021\\\/09\\\/logo-sentinelleSLOGAN-1.png\",\"contentUrl\":\"https:\\\/\\\/lasentinelle.dz\\\/wp-content\\\/uploads\\\/2021\\\/09\\\/logo-sentinelleSLOGAN-1.png\",\"width\":615,\"height\":142,\"caption\":\"Quotidien La Sentinelle\"},\"image\":{\"@id\":\"https:\\\/\\\/lasentinelle.dz\\\/#\\\/schema\\\/logo\\\/image\\\/\"},\"sameAs\":[\"https:\\\/\\\/www.facebook.com\\\/La-Sentinelle-104059864394773\"]},{\"@type\":\"Person\",\"@id\":\"https:\\\/\\\/lasentinelle.dz\\\/#\\\/schema\\\/person\\\/d865044e22e70a75174ce8bcad3acfb3\",\"name\":\"La Sentinelle\",\"image\":{\"@type\":\"ImageObject\",\"inLanguage\":\"fr-FR\",\"@id\":\"https:\\\/\\\/secure.gravatar.com\\\/avatar\\\/57de8e5d4b15d43fb361a71fbb36338450fe67865b528a43dd10ef7c51a20392?s=96&d=mm&r=g\",\"url\":\"https:\\\/\\\/secure.gravatar.com\\\/avatar\\\/57de8e5d4b15d43fb361a71fbb36338450fe67865b528a43dd10ef7c51a20392?s=96&d=mm&r=g\",\"contentUrl\":\"https:\\\/\\\/secure.gravatar.com\\\/avatar\\\/57de8e5d4b15d43fb361a71fbb36338450fe67865b528a43dd10ef7c51a20392?s=96&d=mm&r=g\",\"caption\":\"La Sentinelle\"},\"sameAs\":[\"http:\\\/\\\/www.lasentinelle.dz\"],\"url\":\"https:\\\/\\\/lasentinelle.dz\\\/author\\\/redaction\\\/\"}]}<\/script>\n<!-- \/ Yoast SEO plugin. -->","yoast_head_json":{"title":"La diplomatie alg\u00e9rienne en action - La Sentinelle","robots":{"index":"index","follow":"follow","max-snippet":"max-snippet:-1","max-image-preview":"max-image-preview:large","max-video-preview":"max-video-preview:-1"},"canonical":"https:\/\/lasentinelle.dz\/index.php\/2024\/04\/26\/la-diplomatie-algerienne-en-action\/","og_locale":"fr_FR","og_type":"article","og_title":"La diplomatie alg\u00e9rienne en action - La Sentinelle","og_description":"Le ministre des Affaires \u00e9trang\u00e8res et de la Communaut\u00e9 nationale \u00e0 l\u2019\u00e9tranger, Ahmed Attaf, a \u00e9voqu\u00e9 dans un entretien avec","og_url":"https:\/\/lasentinelle.dz\/index.php\/2024\/04\/26\/la-diplomatie-algerienne-en-action\/","og_site_name":"La Sentinelle","article_publisher":"https:\/\/www.facebook.com\/La-Sentinelle-104059864394773","article_published_time":"2024-04-26T19:50:24+00:00","article_modified_time":"2024-04-26T19:50:26+00:00","og_image":[{"width":1000,"height":561,"url":"https:\/\/lasentinelle.dz\/wp-content\/uploads\/2024\/04\/attaf.jpeg","type":"image\/jpeg"}],"author":"La Sentinelle","twitter_card":"summary_large_image","twitter_misc":{"\u00c9crit par":"La Sentinelle","Dur\u00e9e de lecture estim\u00e9e":"6 minutes"},"schema":{"@context":"https:\/\/schema.org","@graph":[{"@type":"Article","@id":"https:\/\/lasentinelle.dz\/index.php\/2024\/04\/26\/la-diplomatie-algerienne-en-action\/#article","isPartOf":{"@id":"https:\/\/lasentinelle.dz\/index.php\/2024\/04\/26\/la-diplomatie-algerienne-en-action\/"},"author":{"name":"La Sentinelle","@id":"https:\/\/lasentinelle.dz\/#\/schema\/person\/d865044e22e70a75174ce8bcad3acfb3"},"headline":"La diplomatie alg\u00e9rienne en action","datePublished":"2024-04-26T19:50:24+00:00","dateModified":"2024-04-26T19:50:26+00:00","mainEntityOfPage":{"@id":"https:\/\/lasentinelle.dz\/index.php\/2024\/04\/26\/la-diplomatie-algerienne-en-action\/"},"wordCount":1145,"commentCount":0,"publisher":{"@id":"https:\/\/lasentinelle.dz\/#organization"},"image":{"@id":"https:\/\/lasentinelle.dz\/index.php\/2024\/04\/26\/la-diplomatie-algerienne-en-action\/#primaryimage"},"thumbnailUrl":"https:\/\/lasentinelle.dz\/wp-content\/uploads\/2024\/04\/attaf.jpeg","articleSection":["\u00c0 la Une","Actualit\u00e9"],"inLanguage":"fr-FR","potentialAction":[{"@type":"CommentAction","name":"Comment","target":["https:\/\/lasentinelle.dz\/index.php\/2024\/04\/26\/la-diplomatie-algerienne-en-action\/#respond"]}]},{"@type":"WebPage","@id":"https:\/\/lasentinelle.dz\/index.php\/2024\/04\/26\/la-diplomatie-algerienne-en-action\/","url":"https:\/\/lasentinelle.dz\/index.php\/2024\/04\/26\/la-diplomatie-algerienne-en-action\/","name":"La diplomatie alg\u00e9rienne en action - La Sentinelle","isPartOf":{"@id":"https:\/\/lasentinelle.dz\/#website"},"primaryImageOfPage":{"@id":"https:\/\/lasentinelle.dz\/index.php\/2024\/04\/26\/la-diplomatie-algerienne-en-action\/#primaryimage"},"image":{"@id":"https:\/\/lasentinelle.dz\/index.php\/2024\/04\/26\/la-diplomatie-algerienne-en-action\/#primaryimage"},"thumbnailUrl":"https:\/\/lasentinelle.dz\/wp-content\/uploads\/2024\/04\/attaf.jpeg","datePublished":"2024-04-26T19:50:24+00:00","dateModified":"2024-04-26T19:50:26+00:00","breadcrumb":{"@id":"https:\/\/lasentinelle.dz\/index.php\/2024\/04\/26\/la-diplomatie-algerienne-en-action\/#breadcrumb"},"inLanguage":"fr-FR","potentialAction":[{"@type":"ReadAction","target":["https:\/\/lasentinelle.dz\/index.php\/2024\/04\/26\/la-diplomatie-algerienne-en-action\/"]}]},{"@type":"ImageObject","inLanguage":"fr-FR","@id":"https:\/\/lasentinelle.dz\/index.php\/2024\/04\/26\/la-diplomatie-algerienne-en-action\/#primaryimage","url":"https:\/\/lasentinelle.dz\/wp-content\/uploads\/2024\/04\/attaf.jpeg","contentUrl":"https:\/\/lasentinelle.dz\/wp-content\/uploads\/2024\/04\/attaf.jpeg","width":1000,"height":561},{"@type":"BreadcrumbList","@id":"https:\/\/lasentinelle.dz\/index.php\/2024\/04\/26\/la-diplomatie-algerienne-en-action\/#breadcrumb","itemListElement":[{"@type":"ListItem","position":1,"name":"Accueil","item":"https:\/\/lasentinelle.dz\/"},{"@type":"ListItem","position":2,"name":"La diplomatie alg\u00e9rienne en action"}]},{"@type":"WebSite","@id":"https:\/\/lasentinelle.dz\/#website","url":"https:\/\/lasentinelle.dz\/","name":"La Sentinelle","description":"Quotidien national d&#039;information","publisher":{"@id":"https:\/\/lasentinelle.dz\/#organization"},"potentialAction":[{"@type":"SearchAction","target":{"@type":"EntryPoint","urlTemplate":"https:\/\/lasentinelle.dz\/?s={search_term_string}"},"query-input":{"@type":"PropertyValueSpecification","valueRequired":true,"valueName":"search_term_string"}}],"inLanguage":"fr-FR"},{"@type":"Organization","@id":"https:\/\/lasentinelle.dz\/#organization","name":"Quotidien La Sentinelle","url":"https:\/\/lasentinelle.dz\/","logo":{"@type":"ImageObject","inLanguage":"fr-FR","@id":"https:\/\/lasentinelle.dz\/#\/schema\/logo\/image\/","url":"https:\/\/lasentinelle.dz\/wp-content\/uploads\/2021\/09\/logo-sentinelleSLOGAN-1.png","contentUrl":"https:\/\/lasentinelle.dz\/wp-content\/uploads\/2021\/09\/logo-sentinelleSLOGAN-1.png","width":615,"height":142,"caption":"Quotidien La Sentinelle"},"image":{"@id":"https:\/\/lasentinelle.dz\/#\/schema\/logo\/image\/"},"sameAs":["https:\/\/www.facebook.com\/La-Sentinelle-104059864394773"]},{"@type":"Person","@id":"https:\/\/lasentinelle.dz\/#\/schema\/person\/d865044e22e70a75174ce8bcad3acfb3","name":"La Sentinelle","image":{"@type":"ImageObject","inLanguage":"fr-FR","@id":"https:\/\/secure.gravatar.com\/avatar\/57de8e5d4b15d43fb361a71fbb36338450fe67865b528a43dd10ef7c51a20392?s=96&d=mm&r=g","url":"https:\/\/secure.gravatar.com\/avatar\/57de8e5d4b15d43fb361a71fbb36338450fe67865b528a43dd10ef7c51a20392?s=96&d=mm&r=g","contentUrl":"https:\/\/secure.gravatar.com\/avatar\/57de8e5d4b15d43fb361a71fbb36338450fe67865b528a43dd10ef7c51a20392?s=96&d=mm&r=g","caption":"La Sentinelle"},"sameAs":["http:\/\/www.lasentinelle.dz"],"url":"https:\/\/lasentinelle.dz\/author\/redaction\/"}]}},"_links":{"self":[{"href":"https:\/\/lasentinelle.dz\/index.php\/wp-json\/wp\/v2\/posts\/51724","targetHints":{"allow":["GET"]}}],"collection":[{"href":"https:\/\/lasentinelle.dz\/index.php\/wp-json\/wp\/v2\/posts"}],"about":[{"href":"https:\/\/lasentinelle.dz\/index.php\/wp-json\/wp\/v2\/types\/post"}],"author":[{"embeddable":true,"href":"https:\/\/lasentinelle.dz\/index.php\/wp-json\/wp\/v2\/users\/3"}],"replies":[{"embeddable":true,"href":"https:\/\/lasentinelle.dz\/index.php\/wp-json\/wp\/v2\/comments?post=51724"}],"version-history":[{"count":1,"href":"https:\/\/lasentinelle.dz\/index.php\/wp-json\/wp\/v2\/posts\/51724\/revisions"}],"predecessor-version":[{"id":51726,"href":"https:\/\/lasentinelle.dz\/index.php\/wp-json\/wp\/v2\/posts\/51724\/revisions\/51726"}],"wp:featuredmedia":[{"embeddable":true,"href":"https:\/\/lasentinelle.dz\/index.php\/wp-json\/wp\/v2\/media\/51725"}],"wp:attachment":[{"href":"https:\/\/lasentinelle.dz\/index.php\/wp-json\/wp\/v2\/media?parent=51724"}],"wp:term":[{"taxonomy":"category","embeddable":true,"href":"https:\/\/lasentinelle.dz\/index.php\/wp-json\/wp\/v2\/categories?post=51724"},{"taxonomy":"post_tag","embeddable":true,"href":"https:\/\/lasentinelle.dz\/index.php\/wp-json\/wp\/v2\/tags?post=51724"}],"curies":[{"name":"wp","href":"https:\/\/api.w.org\/{rel}","templated":true}]}}