{"id":51727,"date":"2024-04-27T21:20:28","date_gmt":"2024-04-27T20:20:28","guid":{"rendered":"https:\/\/lasentinelle.dz\/?p=51727"},"modified":"2024-04-27T21:20:32","modified_gmt":"2024-04-27T20:20:32","slug":"examens-du-bac-et-du-bem-prochaine-conference-nationale-pour-fixer-les-procedures","status":"publish","type":"post","link":"https:\/\/lasentinelle.dz\/index.php\/2024\/04\/27\/examens-du-bac-et-du-bem-prochaine-conference-nationale-pour-fixer-les-procedures\/","title":{"rendered":"Examens du Bac et du BEM\u00a0: Prochaine conf\u00e9rence nationale pour fixer les proc\u00e9dures"},"content":{"rendered":"\n<p>Le ministre de l&rsquo;Education nationale, Abdelhakim Belaabed a annonc\u00e9, hier, lors d\u2019une rencontre tenue par visio-conf\u00e9rence avec les directeurs de l\u2019\u00e9ducation, l&rsquo;organisation d&rsquo;une conf\u00e9rence nationale dans les prochains jours pour arr\u00eater toutes les proc\u00e9dures li\u00e9es aux examens nationaux de la session 2024, \u00e0 savoir le Brevet d&rsquo;enseignement moyen (BEM) et le Baccalaur\u00e9at (BAC). Selon un communiqu\u00e9 du minist\u00e8re de l\u2019\u00c9ducation nationale, Belaabed a inform\u00e9 les directeurs de l&rsquo;Education de wilayas de l&rsquo;organisation prochaine d&rsquo;une conf\u00e9rence national en pr\u00e9sentiel pour arr\u00eater toutes les proc\u00e9dures li\u00e9es aux examens nationaux de la session 2024, tout en rappelant les dates de retrait des convocations pour les deux examens par les candidats, fix\u00e9es \u00e0 partir du 5 mai pour le BEM et du 9 mai pour le bac. &nbsp;Il saisira aussi l\u2019occasion pour mettre en avant l\u2019organisation de la premi\u00e8re session du Bac Arts au Lyc\u00e9e national des Arts \u00ab\u00a0Chahid Ali-Ma\u00e2chi\u00a0\u00bb qui compte des \u00e9l\u00e8ves des quatre coins du pays. Le ministre a soulign\u00e9 que les examens pratiques de certaines mati\u00e8res des quatre sp\u00e9cialit\u00e9s de la fili\u00e8re \u00ab\u00a0Arts\u00a0\u00bb, d\u00e9buteront aujourd\u2019hui. \u00ab\u00a0. Concernant l&rsquo;examen de validation de niveau pr\u00e9vu pour le 7 mai prochain avec plus d&rsquo;un demi-million d&rsquo;apprenants inscrits \u00e0 l&rsquo;Office national d&rsquo;enseignement et de formation \u00e0 distance (ONEFD), M. Belaabed a soulign\u00e9 \u00ab\u00a0l&rsquo;importance de la bonne organisation de cet examen, qui s&rsquo;inscrit dans le cadre de la strat\u00e9gie nationale d&rsquo;\u00e9ducation \u00e0 distance, suivant la nouvelle orientation mondiale qui tend \u00e0 transformer l&rsquo;\u00e9ducation et \u00e0 r\u00e9aliser les objectifs de d\u00e9veloppement durable (ODD)\u00a0\u00bb. Il \u00e9voquera \u00e9galement de la num\u00e9risation des inscriptions \u00e0 la premi\u00e8re ann\u00e9e primaire via le syst\u00e8me informatique du minist\u00e8re de l&rsquo;Education nationale, M. Belaabed a expliqu\u00e9 que l&rsquo;op\u00e9ration sera lanc\u00e9e du 2 au 31 mai en pr\u00e9vision de la rentr\u00e9e scolaire 2024-2025, soulignant que cette mesure, qui intervient dans le cadre du parach\u00e8vement de la num\u00e9risation du secteur, \u00ab\u00a0permettra aux parents d&rsquo;inscrire leurs enfants n\u00e9s entre le 1er janvier et le 31 d\u00e9cembre 2018 via l&rsquo;espace \u00ab&nbsp;parents&nbsp;\u00bb en ligne, avec z\u00e9ro papier et sans avoir \u00e0 se rendre aux \u00e9tablissements scolaires<\/p>\n\n\n\n<p>Notons que le Directeur de l&rsquo;enseignement primaire au minist\u00e8re de l&rsquo;Education nationale, Mohamed Daifallah a affirm\u00e9, hier dans un entretien \u00e0 l\u2019APS que \u00ab&nbsp;dans le cadre de la mise en oeuvre de la strat\u00e9gie sectorielle de transition num\u00e9rique, il a \u00e9t\u00e9 renonc\u00e9 pour la premi\u00e8re fois au d\u00e9p\u00f4t du dossier papier en se contentant des inscriptions num\u00e9riques aux \u00e9preuves scolaires nationales (session juin 2024) qui se d\u00e9rouleront du 3 au 5 juin pour le Brevet d&rsquo;enseignement moyen (BEM) et du 9 au 13 du m\u00eame mois pour le Baccalaur\u00e9at&nbsp;\u00bb. Le m\u00eame responsable a indiqu\u00e9 que les inscriptions \u00ab\u00a0Zero papier\u00a0\u00bb, ont eu lieu \u00ab\u00a0tr\u00e8s t\u00f4t\u00a0\u00bb cette ann\u00e9e, soulignant que les parents de candidats \u00ab\u00a0ont pay\u00e9 les droits d&rsquo;inscription par voie \u00e9lectronique via la carte Edahabia d&rsquo;Alg\u00e9rie Poste, \u00e0 partir du 21 novembre 2023, avant de confirmer ces inscriptions en deuxi\u00e8me phase (21 d\u00e9cembre)\u00a0\u00bb. Il s&rsquo;agit, actuellement, de la troisi\u00e8me phase, a-t-il ajout\u00e9, rappelant que le minist\u00e8re de l&rsquo;Education nationale \u00ab\u00a0a rouvert les deux sites d&rsquo;inscription pour retirer les convocations \u00e0 l&rsquo;\u00e9preuve d&rsquo;\u00e9ducation physique et sportive pour les candidats libres \u00e0 partir du 16 avril, sachant que l&rsquo;op\u00e9ration se poursuivra jusqu&rsquo;au 7 mai prochain\u00a0\u00bb. Quant \u00e0 l&rsquo;op\u00e9ration de retrait des convocations pour les \u00e9preuves \u00e9crites des candidats scolaris\u00e9s et libres, le m\u00eame responsable a indiqu\u00e9 qu'\u00a0\u00bbelle interviendra durant la premi\u00e8re semaine du mois de mai\u00a0\u00bb, ajoutant que \u00ab\u00a0le d\u00e9but de retrait des convocations pour passer les \u00e9preuves du BEM est pr\u00e9vu le 5 mai, tandis que le retrait des convocations pour le BAC\/session 2024 se fera a partir du 9 mai.\u00a0\u00bb<\/p>\n\n\n\n<p>R.N<\/p>\n","protected":false},"excerpt":{"rendered":"<p>Le ministre de l&rsquo;Education nationale, Abdelhakim Belaabed a annonc\u00e9, hier, lors d\u2019une rencontre tenue par visio-conf\u00e9rence avec les directeurs de<\/p>\n","protected":false},"author":3,"featured_media":22489,"comment_status":"open","ping_status":"closed","sticky":false,"template":"","format":"standard","meta":{"colormag_page_container_layout":"default_layout","colormag_page_sidebar_layout":"default_layout","om_disable_all_campaigns":false,"_monsterinsights_skip_tracking":false,"_monsterinsights_sitenote_active":false,"_monsterinsights_sitenote_note":"","_monsterinsights_sitenote_category":0,"footnotes":"","_wpscppro_dont_share_socialmedia":false,"_wpscppro_custom_social_share_image":0,"_facebook_share_type":"","_twitter_share_type":"","_linkedin_share_type":"","_pinterest_share_type":"","_linkedin_share_type_page":"","_instagram_share_type":"","_medium_share_type":"","_threads_share_type":"","_google_business_share_type":"","_selected_social_profile":[],"_wpsp_enable_custom_social_template":false,"_wpsp_social_scheduling":{"enabled":false,"datetime":null,"platforms":[],"status":"template_only","dateOption":"today","timeOption":"now","customDays":"","customHours":"","customDate":"","customTime":"","schedulingType":"absolute"},"_wpsp_active_default_template":true},"categories":[27],"tags":[],"class_list":["post-51727","post","type-post","status-publish","format-standard","has-post-thumbnail","hentry","category-actualite"],"aioseo_notices":[],"yoast_head":"<!-- This site is optimized with the Yoast SEO plugin v27.5 - https:\/\/yoast.com\/product\/yoast-seo-wordpress\/ -->\n<title>Examens du Bac et du BEM\u00a0: Prochaine conf\u00e9rence nationale pour fixer les proc\u00e9dures - La Sentinelle<\/title>\n<meta name=\"robots\" content=\"index, follow, max-snippet:-1, max-image-preview:large, max-video-preview:-1\" \/>\n<link rel=\"canonical\" href=\"https:\/\/lasentinelle.dz\/index.php\/2024\/04\/27\/examens-du-bac-et-du-bem-prochaine-conference-nationale-pour-fixer-les-procedures\/\" \/>\n<meta property=\"og:locale\" content=\"fr_FR\" \/>\n<meta property=\"og:type\" content=\"article\" \/>\n<meta property=\"og:title\" content=\"Examens du Bac et du BEM\u00a0: Prochaine conf\u00e9rence nationale pour fixer les proc\u00e9dures - La Sentinelle\" \/>\n<meta property=\"og:description\" content=\"Le ministre de l&rsquo;Education nationale, Abdelhakim Belaabed a annonc\u00e9, hier, lors d\u2019une rencontre tenue par visio-conf\u00e9rence avec les directeurs de\" \/>\n<meta property=\"og:url\" content=\"https:\/\/lasentinelle.dz\/index.php\/2024\/04\/27\/examens-du-bac-et-du-bem-prochaine-conference-nationale-pour-fixer-les-procedures\/\" \/>\n<meta property=\"og:site_name\" content=\"La Sentinelle\" \/>\n<meta property=\"article:publisher\" content=\"https:\/\/www.facebook.com\/La-Sentinelle-104059864394773\" \/>\n<meta property=\"article:published_time\" content=\"2024-04-27T20:20:28+00:00\" \/>\n<meta property=\"article:modified_time\" content=\"2024-04-27T20:20:32+00:00\" \/>\n<meta property=\"og:image\" content=\"https:\/\/lasentinelle.dz\/wp-content\/uploads\/2022\/06\/bac-une.png\" \/>\n\t<meta property=\"og:image:width\" content=\"1355\" \/>\n\t<meta property=\"og:image:height\" content=\"900\" \/>\n\t<meta property=\"og:image:type\" content=\"image\/png\" \/>\n<meta name=\"author\" content=\"La Sentinelle\" \/>\n<meta name=\"twitter:card\" content=\"summary_large_image\" \/>\n<meta name=\"twitter:label1\" content=\"\u00c9crit par\" \/>\n\t<meta name=\"twitter:data1\" content=\"La Sentinelle\" \/>\n\t<meta name=\"twitter:label2\" content=\"Dur\u00e9e de lecture estim\u00e9e\" \/>\n\t<meta name=\"twitter:data2\" content=\"4 minutes\" \/>\n<script type=\"application\/ld+json\" class=\"yoast-schema-graph\">{\"@context\":\"https:\\\/\\\/schema.org\",\"@graph\":[{\"@type\":\"Article\",\"@id\":\"https:\\\/\\\/lasentinelle.dz\\\/index.php\\\/2024\\\/04\\\/27\\\/examens-du-bac-et-du-bem-prochaine-conference-nationale-pour-fixer-les-procedures\\\/#article\",\"isPartOf\":{\"@id\":\"https:\\\/\\\/lasentinelle.dz\\\/index.php\\\/2024\\\/04\\\/27\\\/examens-du-bac-et-du-bem-prochaine-conference-nationale-pour-fixer-les-procedures\\\/\"},\"author\":{\"name\":\"La Sentinelle\",\"@id\":\"https:\\\/\\\/lasentinelle.dz\\\/#\\\/schema\\\/person\\\/d865044e22e70a75174ce8bcad3acfb3\"},\"headline\":\"Examens du Bac et du BEM\u00a0: Prochaine conf\u00e9rence nationale pour fixer les proc\u00e9dures\",\"datePublished\":\"2024-04-27T20:20:28+00:00\",\"dateModified\":\"2024-04-27T20:20:32+00:00\",\"mainEntityOfPage\":{\"@id\":\"https:\\\/\\\/lasentinelle.dz\\\/index.php\\\/2024\\\/04\\\/27\\\/examens-du-bac-et-du-bem-prochaine-conference-nationale-pour-fixer-les-procedures\\\/\"},\"wordCount\":690,\"commentCount\":0,\"publisher\":{\"@id\":\"https:\\\/\\\/lasentinelle.dz\\\/#organization\"},\"image\":{\"@id\":\"https:\\\/\\\/lasentinelle.dz\\\/index.php\\\/2024\\\/04\\\/27\\\/examens-du-bac-et-du-bem-prochaine-conference-nationale-pour-fixer-les-procedures\\\/#primaryimage\"},\"thumbnailUrl\":\"https:\\\/\\\/lasentinelle.dz\\\/wp-content\\\/uploads\\\/2022\\\/06\\\/bac-une.png\",\"articleSection\":[\"Actualit\u00e9\"],\"inLanguage\":\"fr-FR\",\"potentialAction\":[{\"@type\":\"CommentAction\",\"name\":\"Comment\",\"target\":[\"https:\\\/\\\/lasentinelle.dz\\\/index.php\\\/2024\\\/04\\\/27\\\/examens-du-bac-et-du-bem-prochaine-conference-nationale-pour-fixer-les-procedures\\\/#respond\"]}]},{\"@type\":\"WebPage\",\"@id\":\"https:\\\/\\\/lasentinelle.dz\\\/index.php\\\/2024\\\/04\\\/27\\\/examens-du-bac-et-du-bem-prochaine-conference-nationale-pour-fixer-les-procedures\\\/\",\"url\":\"https:\\\/\\\/lasentinelle.dz\\\/index.php\\\/2024\\\/04\\\/27\\\/examens-du-bac-et-du-bem-prochaine-conference-nationale-pour-fixer-les-procedures\\\/\",\"name\":\"Examens du Bac et du BEM\u00a0: Prochaine conf\u00e9rence nationale pour fixer les proc\u00e9dures - La Sentinelle\",\"isPartOf\":{\"@id\":\"https:\\\/\\\/lasentinelle.dz\\\/#website\"},\"primaryImageOfPage\":{\"@id\":\"https:\\\/\\\/lasentinelle.dz\\\/index.php\\\/2024\\\/04\\\/27\\\/examens-du-bac-et-du-bem-prochaine-conference-nationale-pour-fixer-les-procedures\\\/#primaryimage\"},\"image\":{\"@id\":\"https:\\\/\\\/lasentinelle.dz\\\/index.php\\\/2024\\\/04\\\/27\\\/examens-du-bac-et-du-bem-prochaine-conference-nationale-pour-fixer-les-procedures\\\/#primaryimage\"},\"thumbnailUrl\":\"https:\\\/\\\/lasentinelle.dz\\\/wp-content\\\/uploads\\\/2022\\\/06\\\/bac-une.png\",\"datePublished\":\"2024-04-27T20:20:28+00:00\",\"dateModified\":\"2024-04-27T20:20:32+00:00\",\"breadcrumb\":{\"@id\":\"https:\\\/\\\/lasentinelle.dz\\\/index.php\\\/2024\\\/04\\\/27\\\/examens-du-bac-et-du-bem-prochaine-conference-nationale-pour-fixer-les-procedures\\\/#breadcrumb\"},\"inLanguage\":\"fr-FR\",\"potentialAction\":[{\"@type\":\"ReadAction\",\"target\":[\"https:\\\/\\\/lasentinelle.dz\\\/index.php\\\/2024\\\/04\\\/27\\\/examens-du-bac-et-du-bem-prochaine-conference-nationale-pour-fixer-les-procedures\\\/\"]}]},{\"@type\":\"ImageObject\",\"inLanguage\":\"fr-FR\",\"@id\":\"https:\\\/\\\/lasentinelle.dz\\\/index.php\\\/2024\\\/04\\\/27\\\/examens-du-bac-et-du-bem-prochaine-conference-nationale-pour-fixer-les-procedures\\\/#primaryimage\",\"url\":\"https:\\\/\\\/lasentinelle.dz\\\/wp-content\\\/uploads\\\/2022\\\/06\\\/bac-une.png\",\"contentUrl\":\"https:\\\/\\\/lasentinelle.dz\\\/wp-content\\\/uploads\\\/2022\\\/06\\\/bac-une.png\",\"width\":1355,\"height\":900},{\"@type\":\"BreadcrumbList\",\"@id\":\"https:\\\/\\\/lasentinelle.dz\\\/index.php\\\/2024\\\/04\\\/27\\\/examens-du-bac-et-du-bem-prochaine-conference-nationale-pour-fixer-les-procedures\\\/#breadcrumb\",\"itemListElement\":[{\"@type\":\"ListItem\",\"position\":1,\"name\":\"Accueil\",\"item\":\"https:\\\/\\\/lasentinelle.dz\\\/\"},{\"@type\":\"ListItem\",\"position\":2,\"name\":\"Examens du Bac et du BEM\u00a0: Prochaine conf\u00e9rence nationale pour fixer les proc\u00e9dures\"}]},{\"@type\":\"WebSite\",\"@id\":\"https:\\\/\\\/lasentinelle.dz\\\/#website\",\"url\":\"https:\\\/\\\/lasentinelle.dz\\\/\",\"name\":\"La Sentinelle\",\"description\":\"Quotidien national d&#039;information\",\"publisher\":{\"@id\":\"https:\\\/\\\/lasentinelle.dz\\\/#organization\"},\"potentialAction\":[{\"@type\":\"SearchAction\",\"target\":{\"@type\":\"EntryPoint\",\"urlTemplate\":\"https:\\\/\\\/lasentinelle.dz\\\/?s={search_term_string}\"},\"query-input\":{\"@type\":\"PropertyValueSpecification\",\"valueRequired\":true,\"valueName\":\"search_term_string\"}}],\"inLanguage\":\"fr-FR\"},{\"@type\":\"Organization\",\"@id\":\"https:\\\/\\\/lasentinelle.dz\\\/#organization\",\"name\":\"Quotidien La Sentinelle\",\"url\":\"https:\\\/\\\/lasentinelle.dz\\\/\",\"logo\":{\"@type\":\"ImageObject\",\"inLanguage\":\"fr-FR\",\"@id\":\"https:\\\/\\\/lasentinelle.dz\\\/#\\\/schema\\\/logo\\\/image\\\/\",\"url\":\"https:\\\/\\\/lasentinelle.dz\\\/wp-content\\\/uploads\\\/2021\\\/09\\\/logo-sentinelleSLOGAN-1.png\",\"contentUrl\":\"https:\\\/\\\/lasentinelle.dz\\\/wp-content\\\/uploads\\\/2021\\\/09\\\/logo-sentinelleSLOGAN-1.png\",\"width\":615,\"height\":142,\"caption\":\"Quotidien La Sentinelle\"},\"image\":{\"@id\":\"https:\\\/\\\/lasentinelle.dz\\\/#\\\/schema\\\/logo\\\/image\\\/\"},\"sameAs\":[\"https:\\\/\\\/www.facebook.com\\\/La-Sentinelle-104059864394773\"]},{\"@type\":\"Person\",\"@id\":\"https:\\\/\\\/lasentinelle.dz\\\/#\\\/schema\\\/person\\\/d865044e22e70a75174ce8bcad3acfb3\",\"name\":\"La Sentinelle\",\"image\":{\"@type\":\"ImageObject\",\"inLanguage\":\"fr-FR\",\"@id\":\"https:\\\/\\\/secure.gravatar.com\\\/avatar\\\/57de8e5d4b15d43fb361a71fbb36338450fe67865b528a43dd10ef7c51a20392?s=96&d=mm&r=g\",\"url\":\"https:\\\/\\\/secure.gravatar.com\\\/avatar\\\/57de8e5d4b15d43fb361a71fbb36338450fe67865b528a43dd10ef7c51a20392?s=96&d=mm&r=g\",\"contentUrl\":\"https:\\\/\\\/secure.gravatar.com\\\/avatar\\\/57de8e5d4b15d43fb361a71fbb36338450fe67865b528a43dd10ef7c51a20392?s=96&d=mm&r=g\",\"caption\":\"La Sentinelle\"},\"sameAs\":[\"http:\\\/\\\/www.lasentinelle.dz\"],\"url\":\"https:\\\/\\\/lasentinelle.dz\\\/author\\\/redaction\\\/\"}]}<\/script>\n<!-- \/ Yoast SEO plugin. -->","yoast_head_json":{"title":"Examens du Bac et du BEM\u00a0: Prochaine conf\u00e9rence nationale pour fixer les proc\u00e9dures - La Sentinelle","robots":{"index":"index","follow":"follow","max-snippet":"max-snippet:-1","max-image-preview":"max-image-preview:large","max-video-preview":"max-video-preview:-1"},"canonical":"https:\/\/lasentinelle.dz\/index.php\/2024\/04\/27\/examens-du-bac-et-du-bem-prochaine-conference-nationale-pour-fixer-les-procedures\/","og_locale":"fr_FR","og_type":"article","og_title":"Examens du Bac et du BEM\u00a0: Prochaine conf\u00e9rence nationale pour fixer les proc\u00e9dures - La Sentinelle","og_description":"Le ministre de l&rsquo;Education nationale, Abdelhakim Belaabed a annonc\u00e9, hier, lors d\u2019une rencontre tenue par visio-conf\u00e9rence avec les directeurs de","og_url":"https:\/\/lasentinelle.dz\/index.php\/2024\/04\/27\/examens-du-bac-et-du-bem-prochaine-conference-nationale-pour-fixer-les-procedures\/","og_site_name":"La Sentinelle","article_publisher":"https:\/\/www.facebook.com\/La-Sentinelle-104059864394773","article_published_time":"2024-04-27T20:20:28+00:00","article_modified_time":"2024-04-27T20:20:32+00:00","og_image":[{"width":1355,"height":900,"url":"https:\/\/lasentinelle.dz\/wp-content\/uploads\/2022\/06\/bac-une.png","type":"image\/png"}],"author":"La Sentinelle","twitter_card":"summary_large_image","twitter_misc":{"\u00c9crit par":"La Sentinelle","Dur\u00e9e de lecture estim\u00e9e":"4 minutes"},"schema":{"@context":"https:\/\/schema.org","@graph":[{"@type":"Article","@id":"https:\/\/lasentinelle.dz\/index.php\/2024\/04\/27\/examens-du-bac-et-du-bem-prochaine-conference-nationale-pour-fixer-les-procedures\/#article","isPartOf":{"@id":"https:\/\/lasentinelle.dz\/index.php\/2024\/04\/27\/examens-du-bac-et-du-bem-prochaine-conference-nationale-pour-fixer-les-procedures\/"},"author":{"name":"La Sentinelle","@id":"https:\/\/lasentinelle.dz\/#\/schema\/person\/d865044e22e70a75174ce8bcad3acfb3"},"headline":"Examens du Bac et du BEM\u00a0: Prochaine conf\u00e9rence nationale pour fixer les proc\u00e9dures","datePublished":"2024-04-27T20:20:28+00:00","dateModified":"2024-04-27T20:20:32+00:00","mainEntityOfPage":{"@id":"https:\/\/lasentinelle.dz\/index.php\/2024\/04\/27\/examens-du-bac-et-du-bem-prochaine-conference-nationale-pour-fixer-les-procedures\/"},"wordCount":690,"commentCount":0,"publisher":{"@id":"https:\/\/lasentinelle.dz\/#organization"},"image":{"@id":"https:\/\/lasentinelle.dz\/index.php\/2024\/04\/27\/examens-du-bac-et-du-bem-prochaine-conference-nationale-pour-fixer-les-procedures\/#primaryimage"},"thumbnailUrl":"https:\/\/lasentinelle.dz\/wp-content\/uploads\/2022\/06\/bac-une.png","articleSection":["Actualit\u00e9"],"inLanguage":"fr-FR","potentialAction":[{"@type":"CommentAction","name":"Comment","target":["https:\/\/lasentinelle.dz\/index.php\/2024\/04\/27\/examens-du-bac-et-du-bem-prochaine-conference-nationale-pour-fixer-les-procedures\/#respond"]}]},{"@type":"WebPage","@id":"https:\/\/lasentinelle.dz\/index.php\/2024\/04\/27\/examens-du-bac-et-du-bem-prochaine-conference-nationale-pour-fixer-les-procedures\/","url":"https:\/\/lasentinelle.dz\/index.php\/2024\/04\/27\/examens-du-bac-et-du-bem-prochaine-conference-nationale-pour-fixer-les-procedures\/","name":"Examens du Bac et du BEM\u00a0: Prochaine conf\u00e9rence nationale pour fixer les proc\u00e9dures - La Sentinelle","isPartOf":{"@id":"https:\/\/lasentinelle.dz\/#website"},"primaryImageOfPage":{"@id":"https:\/\/lasentinelle.dz\/index.php\/2024\/04\/27\/examens-du-bac-et-du-bem-prochaine-conference-nationale-pour-fixer-les-procedures\/#primaryimage"},"image":{"@id":"https:\/\/lasentinelle.dz\/index.php\/2024\/04\/27\/examens-du-bac-et-du-bem-prochaine-conference-nationale-pour-fixer-les-procedures\/#primaryimage"},"thumbnailUrl":"https:\/\/lasentinelle.dz\/wp-content\/uploads\/2022\/06\/bac-une.png","datePublished":"2024-04-27T20:20:28+00:00","dateModified":"2024-04-27T20:20:32+00:00","breadcrumb":{"@id":"https:\/\/lasentinelle.dz\/index.php\/2024\/04\/27\/examens-du-bac-et-du-bem-prochaine-conference-nationale-pour-fixer-les-procedures\/#breadcrumb"},"inLanguage":"fr-FR","potentialAction":[{"@type":"ReadAction","target":["https:\/\/lasentinelle.dz\/index.php\/2024\/04\/27\/examens-du-bac-et-du-bem-prochaine-conference-nationale-pour-fixer-les-procedures\/"]}]},{"@type":"ImageObject","inLanguage":"fr-FR","@id":"https:\/\/lasentinelle.dz\/index.php\/2024\/04\/27\/examens-du-bac-et-du-bem-prochaine-conference-nationale-pour-fixer-les-procedures\/#primaryimage","url":"https:\/\/lasentinelle.dz\/wp-content\/uploads\/2022\/06\/bac-une.png","contentUrl":"https:\/\/lasentinelle.dz\/wp-content\/uploads\/2022\/06\/bac-une.png","width":1355,"height":900},{"@type":"BreadcrumbList","@id":"https:\/\/lasentinelle.dz\/index.php\/2024\/04\/27\/examens-du-bac-et-du-bem-prochaine-conference-nationale-pour-fixer-les-procedures\/#breadcrumb","itemListElement":[{"@type":"ListItem","position":1,"name":"Accueil","item":"https:\/\/lasentinelle.dz\/"},{"@type":"ListItem","position":2,"name":"Examens du Bac et du BEM\u00a0: Prochaine conf\u00e9rence nationale pour fixer les proc\u00e9dures"}]},{"@type":"WebSite","@id":"https:\/\/lasentinelle.dz\/#website","url":"https:\/\/lasentinelle.dz\/","name":"La Sentinelle","description":"Quotidien national d&#039;information","publisher":{"@id":"https:\/\/lasentinelle.dz\/#organization"},"potentialAction":[{"@type":"SearchAction","target":{"@type":"EntryPoint","urlTemplate":"https:\/\/lasentinelle.dz\/?s={search_term_string}"},"query-input":{"@type":"PropertyValueSpecification","valueRequired":true,"valueName":"search_term_string"}}],"inLanguage":"fr-FR"},{"@type":"Organization","@id":"https:\/\/lasentinelle.dz\/#organization","name":"Quotidien La Sentinelle","url":"https:\/\/lasentinelle.dz\/","logo":{"@type":"ImageObject","inLanguage":"fr-FR","@id":"https:\/\/lasentinelle.dz\/#\/schema\/logo\/image\/","url":"https:\/\/lasentinelle.dz\/wp-content\/uploads\/2021\/09\/logo-sentinelleSLOGAN-1.png","contentUrl":"https:\/\/lasentinelle.dz\/wp-content\/uploads\/2021\/09\/logo-sentinelleSLOGAN-1.png","width":615,"height":142,"caption":"Quotidien La Sentinelle"},"image":{"@id":"https:\/\/lasentinelle.dz\/#\/schema\/logo\/image\/"},"sameAs":["https:\/\/www.facebook.com\/La-Sentinelle-104059864394773"]},{"@type":"Person","@id":"https:\/\/lasentinelle.dz\/#\/schema\/person\/d865044e22e70a75174ce8bcad3acfb3","name":"La Sentinelle","image":{"@type":"ImageObject","inLanguage":"fr-FR","@id":"https:\/\/secure.gravatar.com\/avatar\/57de8e5d4b15d43fb361a71fbb36338450fe67865b528a43dd10ef7c51a20392?s=96&d=mm&r=g","url":"https:\/\/secure.gravatar.com\/avatar\/57de8e5d4b15d43fb361a71fbb36338450fe67865b528a43dd10ef7c51a20392?s=96&d=mm&r=g","contentUrl":"https:\/\/secure.gravatar.com\/avatar\/57de8e5d4b15d43fb361a71fbb36338450fe67865b528a43dd10ef7c51a20392?s=96&d=mm&r=g","caption":"La Sentinelle"},"sameAs":["http:\/\/www.lasentinelle.dz"],"url":"https:\/\/lasentinelle.dz\/author\/redaction\/"}]}},"_links":{"self":[{"href":"https:\/\/lasentinelle.dz\/index.php\/wp-json\/wp\/v2\/posts\/51727","targetHints":{"allow":["GET"]}}],"collection":[{"href":"https:\/\/lasentinelle.dz\/index.php\/wp-json\/wp\/v2\/posts"}],"about":[{"href":"https:\/\/lasentinelle.dz\/index.php\/wp-json\/wp\/v2\/types\/post"}],"author":[{"embeddable":true,"href":"https:\/\/lasentinelle.dz\/index.php\/wp-json\/wp\/v2\/users\/3"}],"replies":[{"embeddable":true,"href":"https:\/\/lasentinelle.dz\/index.php\/wp-json\/wp\/v2\/comments?post=51727"}],"version-history":[{"count":1,"href":"https:\/\/lasentinelle.dz\/index.php\/wp-json\/wp\/v2\/posts\/51727\/revisions"}],"predecessor-version":[{"id":51728,"href":"https:\/\/lasentinelle.dz\/index.php\/wp-json\/wp\/v2\/posts\/51727\/revisions\/51728"}],"wp:featuredmedia":[{"embeddable":true,"href":"https:\/\/lasentinelle.dz\/index.php\/wp-json\/wp\/v2\/media\/22489"}],"wp:attachment":[{"href":"https:\/\/lasentinelle.dz\/index.php\/wp-json\/wp\/v2\/media?parent=51727"}],"wp:term":[{"taxonomy":"category","embeddable":true,"href":"https:\/\/lasentinelle.dz\/index.php\/wp-json\/wp\/v2\/categories?post=51727"},{"taxonomy":"post_tag","embeddable":true,"href":"https:\/\/lasentinelle.dz\/index.php\/wp-json\/wp\/v2\/tags?post=51727"}],"curies":[{"name":"wp","href":"https:\/\/api.w.org\/{rel}","templated":true}]}}