{"id":51739,"date":"2024-04-27T21:31:53","date_gmt":"2024-04-27T20:31:53","guid":{"rendered":"https:\/\/lasentinelle.dz\/?p=51739"},"modified":"2024-04-27T21:31:56","modified_gmt":"2024-04-27T20:31:56","slug":"soudan-une-escalade-des-hostilites-a-el-fasher-serait-catastrophique","status":"publish","type":"post","link":"https:\/\/lasentinelle.dz\/index.php\/2024\/04\/27\/soudan-une-escalade-des-hostilites-a-el-fasher-serait-catastrophique\/","title":{"rendered":"Soudan\u00a0: \u00ab\u00a0Une escalade des hostilit\u00e9s \u00e0 El-Fasher serait catastrophique\u00a0\u00bb"},"content":{"rendered":"\n<p>Le chef du bureau des op\u00e9rations humanitaires de l&rsquo;ONU (OCHA), Martin Griffiths, a pr\u00e9venu vendredi soir qu&rsquo;une escalade des hostilit\u00e9s \u00e0 El-Fasher, capitale de la r\u00e9gion soudanaise du Darfour-Nord, \u00ab\u00a0serait catastrophique\u00a0\u00bb soulignant que les civils \u00ab\u00a0doivent \u00eatre \u00e9pargn\u00e9s\u00a0\u00bb par la violence. \u00ab\u00a0Une escalade des hostilit\u00e9s \u00e0 El-Fasher serait catastrophique\u00a0\u00bb, a \u00e9crit Marin Griffiths dans un post sur la plateforme X. \u00ab\u00a0Les civils d&rsquo;El-Fasher luttent d\u00e9j\u00e0 pour survivre \u00e0 la faim et aux privations et doivent \u00eatre \u00e9pargn\u00e9s par la violence\u00a0\u00bb, a-t-il ajout\u00e9 avant de poursuivre: \u00ab\u00a0J\u2019appelle les parties (au conflit) \u00e0 prot\u00e9ger les civils et \u00e0 garantir un passage s\u00fbr \u00e0 ceux qui fuient vers un lieu s\u00fbr\u00a0\u00bb. Vendredi, l&rsquo;ONU avait d\u00e9j\u00e0 fait part de sa \u00ab\u00a0grave pr\u00e9occupation\u00a0\u00bb quant \u00e0 la situation autour d&rsquo;El-Facher, carrefour pour l&rsquo;aide humanitaire. \u00ab\u00a0Le Haut-Commissaire des Nations unies aux droits de l&rsquo;homme, Volker T\u00fcrk, est gravement pr\u00e9occup\u00e9 par l&rsquo;escalade de la violence\u00a0\u00bb dans et autour d&rsquo;El-Facher \u00ab\u00a0o\u00f9 des dizaines de personnes ont \u00e9t\u00e9 tu\u00e9es au cours des deux derni\u00e8res semaines\u00a0\u00bb, avait indiqu\u00e9 un communiqu\u00e9 du Haut-Commissariat. Au moins 43 personnes, parmi lesquelles des femmes et des enfants, ont \u00e9t\u00e9 tu\u00e9es dans les combats entre les SAF (Forces arm\u00e9es soudanaises) et les FSR (Forces de soutien rapide) depuis le 14 avril courant, rappelle le communiqu\u00e9.<\/p>\n\n\n\n<p>L&rsquo;arm\u00e9e soudanaise a de son c\u00f4t\u00e9 affirm\u00e9 hier avoir abattu trois drones volant pr\u00e8s d&rsquo;une base a\u00e9rienne militaire dans la ville de Merowe, dans le nord du Soudan. \u00ab\u00a0Les missiles antia\u00e9riens au sol ont r\u00e9ussi \u00e0 abattre les trois drones sans perte de vie ou d&rsquo;\u00e9quipement\u00a0\u00bb, a-t-elle indiqu\u00e9, La ville de Merowe, situ\u00e9e \u00e0 environ 350 km au nord de la capitale Khartoum, rev\u00eat une importance strat\u00e9gique en raison de la pr\u00e9sence d&rsquo;a\u00e9roports militaires et civils.<\/p>\n\n\n\n<p>R.I.<\/p>\n","protected":false},"excerpt":{"rendered":"<p>Le chef du bureau des op\u00e9rations humanitaires de l&rsquo;ONU (OCHA), Martin Griffiths, a pr\u00e9venu vendredi soir qu&rsquo;une escalade des hostilit\u00e9s<\/p>\n","protected":false},"author":3,"featured_media":43618,"comment_status":"open","ping_status":"closed","sticky":false,"template":"","format":"standard","meta":{"colormag_page_container_layout":"default_layout","colormag_page_sidebar_layout":"default_layout","om_disable_all_campaigns":false,"_monsterinsights_skip_tracking":false,"_monsterinsights_sitenote_active":false,"_monsterinsights_sitenote_note":"","_monsterinsights_sitenote_category":0,"footnotes":"","_wpscppro_dont_share_socialmedia":false,"_wpscppro_custom_social_share_image":0,"_facebook_share_type":"","_twitter_share_type":"","_linkedin_share_type":"","_pinterest_share_type":"","_linkedin_share_type_page":"","_instagram_share_type":"","_medium_share_type":"","_threads_share_type":"","_google_business_share_type":"","_selected_social_profile":[],"_wpsp_enable_custom_social_template":false,"_wpsp_social_scheduling":{"enabled":false,"datetime":null,"platforms":[],"status":"template_only","dateOption":"today","timeOption":"now","customDays":"","customHours":"","customDate":"","customTime":"","schedulingType":"absolute"},"_wpsp_active_default_template":true},"categories":[37],"tags":[],"class_list":["post-51739","post","type-post","status-publish","format-standard","has-post-thumbnail","hentry","category-monde"],"aioseo_notices":[],"yoast_head":"<!-- This site is optimized with the Yoast SEO plugin v27.5 - https:\/\/yoast.com\/product\/yoast-seo-wordpress\/ -->\n<title>Soudan\u00a0: \u00ab\u00a0Une escalade des hostilit\u00e9s \u00e0 El-Fasher serait catastrophique\u00a0\u00bb - La Sentinelle<\/title>\n<meta name=\"robots\" content=\"index, follow, max-snippet:-1, max-image-preview:large, max-video-preview:-1\" \/>\n<link rel=\"canonical\" href=\"https:\/\/lasentinelle.dz\/index.php\/2024\/04\/27\/soudan-une-escalade-des-hostilites-a-el-fasher-serait-catastrophique\/\" \/>\n<meta property=\"og:locale\" content=\"fr_FR\" \/>\n<meta property=\"og:type\" content=\"article\" \/>\n<meta property=\"og:title\" content=\"Soudan\u00a0: \u00ab\u00a0Une escalade des hostilit\u00e9s \u00e0 El-Fasher serait catastrophique\u00a0\u00bb - La Sentinelle\" \/>\n<meta property=\"og:description\" content=\"Le chef du bureau des op\u00e9rations humanitaires de l&rsquo;ONU (OCHA), Martin Griffiths, a pr\u00e9venu vendredi soir qu&rsquo;une escalade des hostilit\u00e9s\" \/>\n<meta property=\"og:url\" content=\"https:\/\/lasentinelle.dz\/index.php\/2024\/04\/27\/soudan-une-escalade-des-hostilites-a-el-fasher-serait-catastrophique\/\" \/>\n<meta property=\"og:site_name\" content=\"La Sentinelle\" \/>\n<meta property=\"article:publisher\" content=\"https:\/\/www.facebook.com\/La-Sentinelle-104059864394773\" \/>\n<meta property=\"article:published_time\" content=\"2024-04-27T20:31:53+00:00\" \/>\n<meta property=\"article:modified_time\" content=\"2024-04-27T20:31:56+00:00\" \/>\n<meta property=\"og:image\" content=\"https:\/\/lasentinelle.dz\/wp-content\/uploads\/2023\/07\/soudan-1.jpeg\" \/>\n\t<meta property=\"og:image:width\" content=\"745\" \/>\n\t<meta property=\"og:image:height\" content=\"470\" \/>\n\t<meta property=\"og:image:type\" content=\"image\/jpeg\" \/>\n<meta name=\"author\" content=\"La Sentinelle\" \/>\n<meta name=\"twitter:card\" content=\"summary_large_image\" \/>\n<meta name=\"twitter:label1\" content=\"\u00c9crit par\" \/>\n\t<meta name=\"twitter:data1\" content=\"La Sentinelle\" \/>\n\t<meta name=\"twitter:label2\" content=\"Dur\u00e9e de lecture estim\u00e9e\" \/>\n\t<meta name=\"twitter:data2\" content=\"2 minutes\" \/>\n<script type=\"application\/ld+json\" class=\"yoast-schema-graph\">{\"@context\":\"https:\\\/\\\/schema.org\",\"@graph\":[{\"@type\":\"Article\",\"@id\":\"https:\\\/\\\/lasentinelle.dz\\\/index.php\\\/2024\\\/04\\\/27\\\/soudan-une-escalade-des-hostilites-a-el-fasher-serait-catastrophique\\\/#article\",\"isPartOf\":{\"@id\":\"https:\\\/\\\/lasentinelle.dz\\\/index.php\\\/2024\\\/04\\\/27\\\/soudan-une-escalade-des-hostilites-a-el-fasher-serait-catastrophique\\\/\"},\"author\":{\"name\":\"La Sentinelle\",\"@id\":\"https:\\\/\\\/lasentinelle.dz\\\/#\\\/schema\\\/person\\\/d865044e22e70a75174ce8bcad3acfb3\"},\"headline\":\"Soudan\u00a0: \u00ab\u00a0Une escalade des hostilit\u00e9s \u00e0 El-Fasher serait catastrophique\u00a0\u00bb\",\"datePublished\":\"2024-04-27T20:31:53+00:00\",\"dateModified\":\"2024-04-27T20:31:56+00:00\",\"mainEntityOfPage\":{\"@id\":\"https:\\\/\\\/lasentinelle.dz\\\/index.php\\\/2024\\\/04\\\/27\\\/soudan-une-escalade-des-hostilites-a-el-fasher-serait-catastrophique\\\/\"},\"wordCount\":328,\"commentCount\":0,\"publisher\":{\"@id\":\"https:\\\/\\\/lasentinelle.dz\\\/#organization\"},\"image\":{\"@id\":\"https:\\\/\\\/lasentinelle.dz\\\/index.php\\\/2024\\\/04\\\/27\\\/soudan-une-escalade-des-hostilites-a-el-fasher-serait-catastrophique\\\/#primaryimage\"},\"thumbnailUrl\":\"https:\\\/\\\/lasentinelle.dz\\\/wp-content\\\/uploads\\\/2023\\\/07\\\/soudan-1.jpeg\",\"articleSection\":[\"Monde\"],\"inLanguage\":\"fr-FR\",\"potentialAction\":[{\"@type\":\"CommentAction\",\"name\":\"Comment\",\"target\":[\"https:\\\/\\\/lasentinelle.dz\\\/index.php\\\/2024\\\/04\\\/27\\\/soudan-une-escalade-des-hostilites-a-el-fasher-serait-catastrophique\\\/#respond\"]}]},{\"@type\":\"WebPage\",\"@id\":\"https:\\\/\\\/lasentinelle.dz\\\/index.php\\\/2024\\\/04\\\/27\\\/soudan-une-escalade-des-hostilites-a-el-fasher-serait-catastrophique\\\/\",\"url\":\"https:\\\/\\\/lasentinelle.dz\\\/index.php\\\/2024\\\/04\\\/27\\\/soudan-une-escalade-des-hostilites-a-el-fasher-serait-catastrophique\\\/\",\"name\":\"Soudan\u00a0: \u00ab\u00a0Une escalade des hostilit\u00e9s \u00e0 El-Fasher serait catastrophique\u00a0\u00bb - La Sentinelle\",\"isPartOf\":{\"@id\":\"https:\\\/\\\/lasentinelle.dz\\\/#website\"},\"primaryImageOfPage\":{\"@id\":\"https:\\\/\\\/lasentinelle.dz\\\/index.php\\\/2024\\\/04\\\/27\\\/soudan-une-escalade-des-hostilites-a-el-fasher-serait-catastrophique\\\/#primaryimage\"},\"image\":{\"@id\":\"https:\\\/\\\/lasentinelle.dz\\\/index.php\\\/2024\\\/04\\\/27\\\/soudan-une-escalade-des-hostilites-a-el-fasher-serait-catastrophique\\\/#primaryimage\"},\"thumbnailUrl\":\"https:\\\/\\\/lasentinelle.dz\\\/wp-content\\\/uploads\\\/2023\\\/07\\\/soudan-1.jpeg\",\"datePublished\":\"2024-04-27T20:31:53+00:00\",\"dateModified\":\"2024-04-27T20:31:56+00:00\",\"breadcrumb\":{\"@id\":\"https:\\\/\\\/lasentinelle.dz\\\/index.php\\\/2024\\\/04\\\/27\\\/soudan-une-escalade-des-hostilites-a-el-fasher-serait-catastrophique\\\/#breadcrumb\"},\"inLanguage\":\"fr-FR\",\"potentialAction\":[{\"@type\":\"ReadAction\",\"target\":[\"https:\\\/\\\/lasentinelle.dz\\\/index.php\\\/2024\\\/04\\\/27\\\/soudan-une-escalade-des-hostilites-a-el-fasher-serait-catastrophique\\\/\"]}]},{\"@type\":\"ImageObject\",\"inLanguage\":\"fr-FR\",\"@id\":\"https:\\\/\\\/lasentinelle.dz\\\/index.php\\\/2024\\\/04\\\/27\\\/soudan-une-escalade-des-hostilites-a-el-fasher-serait-catastrophique\\\/#primaryimage\",\"url\":\"https:\\\/\\\/lasentinelle.dz\\\/wp-content\\\/uploads\\\/2023\\\/07\\\/soudan-1.jpeg\",\"contentUrl\":\"https:\\\/\\\/lasentinelle.dz\\\/wp-content\\\/uploads\\\/2023\\\/07\\\/soudan-1.jpeg\",\"width\":745,\"height\":470},{\"@type\":\"BreadcrumbList\",\"@id\":\"https:\\\/\\\/lasentinelle.dz\\\/index.php\\\/2024\\\/04\\\/27\\\/soudan-une-escalade-des-hostilites-a-el-fasher-serait-catastrophique\\\/#breadcrumb\",\"itemListElement\":[{\"@type\":\"ListItem\",\"position\":1,\"name\":\"Accueil\",\"item\":\"https:\\\/\\\/lasentinelle.dz\\\/\"},{\"@type\":\"ListItem\",\"position\":2,\"name\":\"Soudan\u00a0: \u00ab\u00a0Une escalade des hostilit\u00e9s \u00e0 El-Fasher serait catastrophique\u00a0\u00bb\"}]},{\"@type\":\"WebSite\",\"@id\":\"https:\\\/\\\/lasentinelle.dz\\\/#website\",\"url\":\"https:\\\/\\\/lasentinelle.dz\\\/\",\"name\":\"La Sentinelle\",\"description\":\"Quotidien national d&#039;information\",\"publisher\":{\"@id\":\"https:\\\/\\\/lasentinelle.dz\\\/#organization\"},\"potentialAction\":[{\"@type\":\"SearchAction\",\"target\":{\"@type\":\"EntryPoint\",\"urlTemplate\":\"https:\\\/\\\/lasentinelle.dz\\\/?s={search_term_string}\"},\"query-input\":{\"@type\":\"PropertyValueSpecification\",\"valueRequired\":true,\"valueName\":\"search_term_string\"}}],\"inLanguage\":\"fr-FR\"},{\"@type\":\"Organization\",\"@id\":\"https:\\\/\\\/lasentinelle.dz\\\/#organization\",\"name\":\"Quotidien La Sentinelle\",\"url\":\"https:\\\/\\\/lasentinelle.dz\\\/\",\"logo\":{\"@type\":\"ImageObject\",\"inLanguage\":\"fr-FR\",\"@id\":\"https:\\\/\\\/lasentinelle.dz\\\/#\\\/schema\\\/logo\\\/image\\\/\",\"url\":\"https:\\\/\\\/lasentinelle.dz\\\/wp-content\\\/uploads\\\/2021\\\/09\\\/logo-sentinelleSLOGAN-1.png\",\"contentUrl\":\"https:\\\/\\\/lasentinelle.dz\\\/wp-content\\\/uploads\\\/2021\\\/09\\\/logo-sentinelleSLOGAN-1.png\",\"width\":615,\"height\":142,\"caption\":\"Quotidien La Sentinelle\"},\"image\":{\"@id\":\"https:\\\/\\\/lasentinelle.dz\\\/#\\\/schema\\\/logo\\\/image\\\/\"},\"sameAs\":[\"https:\\\/\\\/www.facebook.com\\\/La-Sentinelle-104059864394773\"]},{\"@type\":\"Person\",\"@id\":\"https:\\\/\\\/lasentinelle.dz\\\/#\\\/schema\\\/person\\\/d865044e22e70a75174ce8bcad3acfb3\",\"name\":\"La Sentinelle\",\"image\":{\"@type\":\"ImageObject\",\"inLanguage\":\"fr-FR\",\"@id\":\"https:\\\/\\\/secure.gravatar.com\\\/avatar\\\/57de8e5d4b15d43fb361a71fbb36338450fe67865b528a43dd10ef7c51a20392?s=96&d=mm&r=g\",\"url\":\"https:\\\/\\\/secure.gravatar.com\\\/avatar\\\/57de8e5d4b15d43fb361a71fbb36338450fe67865b528a43dd10ef7c51a20392?s=96&d=mm&r=g\",\"contentUrl\":\"https:\\\/\\\/secure.gravatar.com\\\/avatar\\\/57de8e5d4b15d43fb361a71fbb36338450fe67865b528a43dd10ef7c51a20392?s=96&d=mm&r=g\",\"caption\":\"La Sentinelle\"},\"sameAs\":[\"http:\\\/\\\/www.lasentinelle.dz\"],\"url\":\"https:\\\/\\\/lasentinelle.dz\\\/author\\\/redaction\\\/\"}]}<\/script>\n<!-- \/ Yoast SEO plugin. -->","yoast_head_json":{"title":"Soudan\u00a0: \u00ab\u00a0Une escalade des hostilit\u00e9s \u00e0 El-Fasher serait catastrophique\u00a0\u00bb - La Sentinelle","robots":{"index":"index","follow":"follow","max-snippet":"max-snippet:-1","max-image-preview":"max-image-preview:large","max-video-preview":"max-video-preview:-1"},"canonical":"https:\/\/lasentinelle.dz\/index.php\/2024\/04\/27\/soudan-une-escalade-des-hostilites-a-el-fasher-serait-catastrophique\/","og_locale":"fr_FR","og_type":"article","og_title":"Soudan\u00a0: \u00ab\u00a0Une escalade des hostilit\u00e9s \u00e0 El-Fasher serait catastrophique\u00a0\u00bb - La Sentinelle","og_description":"Le chef du bureau des op\u00e9rations humanitaires de l&rsquo;ONU (OCHA), Martin Griffiths, a pr\u00e9venu vendredi soir qu&rsquo;une escalade des hostilit\u00e9s","og_url":"https:\/\/lasentinelle.dz\/index.php\/2024\/04\/27\/soudan-une-escalade-des-hostilites-a-el-fasher-serait-catastrophique\/","og_site_name":"La Sentinelle","article_publisher":"https:\/\/www.facebook.com\/La-Sentinelle-104059864394773","article_published_time":"2024-04-27T20:31:53+00:00","article_modified_time":"2024-04-27T20:31:56+00:00","og_image":[{"width":745,"height":470,"url":"https:\/\/lasentinelle.dz\/wp-content\/uploads\/2023\/07\/soudan-1.jpeg","type":"image\/jpeg"}],"author":"La Sentinelle","twitter_card":"summary_large_image","twitter_misc":{"\u00c9crit par":"La Sentinelle","Dur\u00e9e de lecture estim\u00e9e":"2 minutes"},"schema":{"@context":"https:\/\/schema.org","@graph":[{"@type":"Article","@id":"https:\/\/lasentinelle.dz\/index.php\/2024\/04\/27\/soudan-une-escalade-des-hostilites-a-el-fasher-serait-catastrophique\/#article","isPartOf":{"@id":"https:\/\/lasentinelle.dz\/index.php\/2024\/04\/27\/soudan-une-escalade-des-hostilites-a-el-fasher-serait-catastrophique\/"},"author":{"name":"La Sentinelle","@id":"https:\/\/lasentinelle.dz\/#\/schema\/person\/d865044e22e70a75174ce8bcad3acfb3"},"headline":"Soudan\u00a0: \u00ab\u00a0Une escalade des hostilit\u00e9s \u00e0 El-Fasher serait catastrophique\u00a0\u00bb","datePublished":"2024-04-27T20:31:53+00:00","dateModified":"2024-04-27T20:31:56+00:00","mainEntityOfPage":{"@id":"https:\/\/lasentinelle.dz\/index.php\/2024\/04\/27\/soudan-une-escalade-des-hostilites-a-el-fasher-serait-catastrophique\/"},"wordCount":328,"commentCount":0,"publisher":{"@id":"https:\/\/lasentinelle.dz\/#organization"},"image":{"@id":"https:\/\/lasentinelle.dz\/index.php\/2024\/04\/27\/soudan-une-escalade-des-hostilites-a-el-fasher-serait-catastrophique\/#primaryimage"},"thumbnailUrl":"https:\/\/lasentinelle.dz\/wp-content\/uploads\/2023\/07\/soudan-1.jpeg","articleSection":["Monde"],"inLanguage":"fr-FR","potentialAction":[{"@type":"CommentAction","name":"Comment","target":["https:\/\/lasentinelle.dz\/index.php\/2024\/04\/27\/soudan-une-escalade-des-hostilites-a-el-fasher-serait-catastrophique\/#respond"]}]},{"@type":"WebPage","@id":"https:\/\/lasentinelle.dz\/index.php\/2024\/04\/27\/soudan-une-escalade-des-hostilites-a-el-fasher-serait-catastrophique\/","url":"https:\/\/lasentinelle.dz\/index.php\/2024\/04\/27\/soudan-une-escalade-des-hostilites-a-el-fasher-serait-catastrophique\/","name":"Soudan\u00a0: \u00ab\u00a0Une escalade des hostilit\u00e9s \u00e0 El-Fasher serait catastrophique\u00a0\u00bb - La Sentinelle","isPartOf":{"@id":"https:\/\/lasentinelle.dz\/#website"},"primaryImageOfPage":{"@id":"https:\/\/lasentinelle.dz\/index.php\/2024\/04\/27\/soudan-une-escalade-des-hostilites-a-el-fasher-serait-catastrophique\/#primaryimage"},"image":{"@id":"https:\/\/lasentinelle.dz\/index.php\/2024\/04\/27\/soudan-une-escalade-des-hostilites-a-el-fasher-serait-catastrophique\/#primaryimage"},"thumbnailUrl":"https:\/\/lasentinelle.dz\/wp-content\/uploads\/2023\/07\/soudan-1.jpeg","datePublished":"2024-04-27T20:31:53+00:00","dateModified":"2024-04-27T20:31:56+00:00","breadcrumb":{"@id":"https:\/\/lasentinelle.dz\/index.php\/2024\/04\/27\/soudan-une-escalade-des-hostilites-a-el-fasher-serait-catastrophique\/#breadcrumb"},"inLanguage":"fr-FR","potentialAction":[{"@type":"ReadAction","target":["https:\/\/lasentinelle.dz\/index.php\/2024\/04\/27\/soudan-une-escalade-des-hostilites-a-el-fasher-serait-catastrophique\/"]}]},{"@type":"ImageObject","inLanguage":"fr-FR","@id":"https:\/\/lasentinelle.dz\/index.php\/2024\/04\/27\/soudan-une-escalade-des-hostilites-a-el-fasher-serait-catastrophique\/#primaryimage","url":"https:\/\/lasentinelle.dz\/wp-content\/uploads\/2023\/07\/soudan-1.jpeg","contentUrl":"https:\/\/lasentinelle.dz\/wp-content\/uploads\/2023\/07\/soudan-1.jpeg","width":745,"height":470},{"@type":"BreadcrumbList","@id":"https:\/\/lasentinelle.dz\/index.php\/2024\/04\/27\/soudan-une-escalade-des-hostilites-a-el-fasher-serait-catastrophique\/#breadcrumb","itemListElement":[{"@type":"ListItem","position":1,"name":"Accueil","item":"https:\/\/lasentinelle.dz\/"},{"@type":"ListItem","position":2,"name":"Soudan\u00a0: \u00ab\u00a0Une escalade des hostilit\u00e9s \u00e0 El-Fasher serait catastrophique\u00a0\u00bb"}]},{"@type":"WebSite","@id":"https:\/\/lasentinelle.dz\/#website","url":"https:\/\/lasentinelle.dz\/","name":"La Sentinelle","description":"Quotidien national d&#039;information","publisher":{"@id":"https:\/\/lasentinelle.dz\/#organization"},"potentialAction":[{"@type":"SearchAction","target":{"@type":"EntryPoint","urlTemplate":"https:\/\/lasentinelle.dz\/?s={search_term_string}"},"query-input":{"@type":"PropertyValueSpecification","valueRequired":true,"valueName":"search_term_string"}}],"inLanguage":"fr-FR"},{"@type":"Organization","@id":"https:\/\/lasentinelle.dz\/#organization","name":"Quotidien La Sentinelle","url":"https:\/\/lasentinelle.dz\/","logo":{"@type":"ImageObject","inLanguage":"fr-FR","@id":"https:\/\/lasentinelle.dz\/#\/schema\/logo\/image\/","url":"https:\/\/lasentinelle.dz\/wp-content\/uploads\/2021\/09\/logo-sentinelleSLOGAN-1.png","contentUrl":"https:\/\/lasentinelle.dz\/wp-content\/uploads\/2021\/09\/logo-sentinelleSLOGAN-1.png","width":615,"height":142,"caption":"Quotidien La Sentinelle"},"image":{"@id":"https:\/\/lasentinelle.dz\/#\/schema\/logo\/image\/"},"sameAs":["https:\/\/www.facebook.com\/La-Sentinelle-104059864394773"]},{"@type":"Person","@id":"https:\/\/lasentinelle.dz\/#\/schema\/person\/d865044e22e70a75174ce8bcad3acfb3","name":"La Sentinelle","image":{"@type":"ImageObject","inLanguage":"fr-FR","@id":"https:\/\/secure.gravatar.com\/avatar\/57de8e5d4b15d43fb361a71fbb36338450fe67865b528a43dd10ef7c51a20392?s=96&d=mm&r=g","url":"https:\/\/secure.gravatar.com\/avatar\/57de8e5d4b15d43fb361a71fbb36338450fe67865b528a43dd10ef7c51a20392?s=96&d=mm&r=g","contentUrl":"https:\/\/secure.gravatar.com\/avatar\/57de8e5d4b15d43fb361a71fbb36338450fe67865b528a43dd10ef7c51a20392?s=96&d=mm&r=g","caption":"La Sentinelle"},"sameAs":["http:\/\/www.lasentinelle.dz"],"url":"https:\/\/lasentinelle.dz\/author\/redaction\/"}]}},"_links":{"self":[{"href":"https:\/\/lasentinelle.dz\/index.php\/wp-json\/wp\/v2\/posts\/51739","targetHints":{"allow":["GET"]}}],"collection":[{"href":"https:\/\/lasentinelle.dz\/index.php\/wp-json\/wp\/v2\/posts"}],"about":[{"href":"https:\/\/lasentinelle.dz\/index.php\/wp-json\/wp\/v2\/types\/post"}],"author":[{"embeddable":true,"href":"https:\/\/lasentinelle.dz\/index.php\/wp-json\/wp\/v2\/users\/3"}],"replies":[{"embeddable":true,"href":"https:\/\/lasentinelle.dz\/index.php\/wp-json\/wp\/v2\/comments?post=51739"}],"version-history":[{"count":1,"href":"https:\/\/lasentinelle.dz\/index.php\/wp-json\/wp\/v2\/posts\/51739\/revisions"}],"predecessor-version":[{"id":51740,"href":"https:\/\/lasentinelle.dz\/index.php\/wp-json\/wp\/v2\/posts\/51739\/revisions\/51740"}],"wp:featuredmedia":[{"embeddable":true,"href":"https:\/\/lasentinelle.dz\/index.php\/wp-json\/wp\/v2\/media\/43618"}],"wp:attachment":[{"href":"https:\/\/lasentinelle.dz\/index.php\/wp-json\/wp\/v2\/media?parent=51739"}],"wp:term":[{"taxonomy":"category","embeddable":true,"href":"https:\/\/lasentinelle.dz\/index.php\/wp-json\/wp\/v2\/categories?post=51739"},{"taxonomy":"post_tag","embeddable":true,"href":"https:\/\/lasentinelle.dz\/index.php\/wp-json\/wp\/v2\/tags?post=51739"}],"curies":[{"name":"wp","href":"https:\/\/api.w.org\/{rel}","templated":true}]}}