{"id":51751,"date":"2024-04-27T21:39:40","date_gmt":"2024-04-27T20:39:40","guid":{"rendered":"https:\/\/lasentinelle.dz\/?p=51751"},"modified":"2024-04-27T21:39:48","modified_gmt":"2024-04-27T20:39:48","slug":"consolidation-de-la-securite-dans-les-aeroports-lalgerie-mobilise-de-gros-moyens","status":"publish","type":"post","link":"https:\/\/lasentinelle.dz\/index.php\/2024\/04\/27\/consolidation-de-la-securite-dans-les-aeroports-lalgerie-mobilise-de-gros-moyens\/","title":{"rendered":"Consolidation de la s\u00e9curit\u00e9 dans les a\u00e9roports\u00a0: L\u2019Alg\u00e9rie mobilise de gros moyens"},"content":{"rendered":"\n<p>L\u2019\u00c9tat mobilise de gros moyens de consolider la s\u00e9curit\u00e9 dans les a\u00e9roports. Une enveloppe de 10 milliards de dinars -l\u2019\u00e9quivalent d\u2019environ 74 millions de dollars- a \u00e9t\u00e9 affect\u00e9e au d\u00e9partement des Transports pour hisser niveau de s\u00fbret\u00e9 a\u00e9roportuaire aux normes internationales en vigueur \u00e0 travers l\u2019acquisition d\u2019\u00e9quipements de pointe et faire de l\u2019Alg\u00e9rie un centre de transit international.<\/p>\n\n\n\n<p>Le ministre des Transports, Mohamed El Habib Zahana a indiqu\u00e9 lors la rencontre nationale consacr\u00e9e \u00e0 l\u2019\u00e9valuation de l&rsquo;activit\u00e9 du transport a\u00e9rien, tenue hier \u00e0 Tipasa, que son d\u00e9partement minist\u00e9riel a donn\u00e9 la priorit\u00e9 au renforcement de la s\u00e9curit\u00e9 et de la s\u00fbret\u00e9 dans les a\u00e9roports, \u00e0 travers l\u2019inscription d\u2019un programme d&rsquo;investissement de plus de 10 milliards de DA, au titre de l\u2019exercice 2023, pour la mise \u0153uvre de projets visant \u00e0 faire de l\u2019Alg\u00e9rie \u00ab\u00a0un centre de transit international et un trait d\u2019union entre les pays africains et le monde, en hissant le niveau de s\u00fbret\u00e9 a\u00e9roportuaire aux normes internationales en vigueur\u00a0\u00bb. Ce programme pr\u00e9voit notamment de doter tous les a\u00e9roports de syst\u00e8mes de surveillance par cam\u00e9ras thermiques et de les \u00e9quiper de scanners modernes et conformes aux normes internationales en vigueur, notamment en mati\u00e8re de d\u00e9tection d&rsquo;explosifs, a expliqu\u00e9 le ministre qui indique que des appels d\u2019offres nationaux et internationaux seront lanc\u00e9s pour l\u2019acquisition de ces \u00e9quipements.<\/p>\n\n\n\n<p>Le programme pr\u00e9voit aussi, ajoute Mohamed El Habib Zahana, le renforcement et la num\u00e9risation des syst\u00e8mes de vid\u00e9osurveillance dans nombre d\u2019a\u00e9roports, la r\u00e9habilitation du mur ext\u00e9rieur et du circuit des patrouilles de surveillance dans l&rsquo;enceinte de l\u2019a\u00e9roport, la r\u00e9alisation et le r\u00e9am\u00e9nagement des r\u00e9seaux d&rsquo;alimentation en eau potable(AEP), des \u00e9gouts, des puits, des r\u00e9servoirs d&rsquo;eau, et des syst\u00e8mes d\u2019extinction des incendies dans les a\u00e9roports, outre l\u2019inscription d\u2019\u00e9tudes pour la protection des a\u00e9roports de Chlef et d\u2019El Bayadh contre les inondations. Au-del\u00e0 des investissements li\u00e9s aux \u00e9quipements de s\u00e9curit\u00e9, le ministre des Transports \u00e9voque la n\u00e9cessit\u00e9 de proc\u00e9der \u00e0 l\u2019extension de certaines structures a\u00e9roportuaires, en plus d\u2019am\u00e9liorer les prestations de service aux voyageurs. Il a ainsi indiqu\u00e9 que \u00ab\u00a0la mise au diapason du d\u00e9veloppement rapide en cours dans le domaine du transport a\u00e9rien n\u00e9cessite l&rsquo;extension de certaines structures a\u00e9roportuaires\u00a0\u00bb. Il a \u00e9voqu\u00e9 \u00e0 ce propos l\u2019inscription d\u2019\u00e9tudes pour l&rsquo;extension des a\u00e9rogares des a\u00e9roports de Tamanrasset, Oran et T\u00e9bessa, et le r\u00e9am\u00e9nagement de l&rsquo;a\u00e9roport de Bordj Badji Mokhtar, en plus de l&rsquo;inscription d&rsquo;un programme pour renforcer la flotte d&rsquo;avions d&rsquo;Air Alg\u00e9rie. Le ministre a \u00e9galement soulign\u00e9 l&rsquo;imp\u00e9ratif d'\u00a0\u00bbam\u00e9liorer la qualit\u00e9 des prestations assur\u00e9es aux citoyens au niveau des a\u00e9roports\u00a0\u00bb, soulignant avoir relev\u00e9 \u00ab\u00a0nombre d\u2019insuffisances dans le fonctionnement et la gestion de certaines installations\u00a0\u00bb lors de visites de terrain effectu\u00e9es dans les a\u00e9roports, notamment le \u00ab\u00a0peu de coordination entre les structures de gestion des a\u00e9roports, les compagnies de transport a\u00e9rien et d\u2019autres acteurs dans les a\u00e9roports\u00a0\u00bb. Un fait, ajoute-il, qui \u00ab\u00a0affecte n\u00e9gativement la qualit\u00e9 des prestations assur\u00e9es aux citoyens\u00a0\u00bb. Le ministre des Transports a insist\u00e9, \u00e0 ce titre, sur la n\u00e9cessit\u00e9 d&rsquo;adoption de certaines normes pour surmonter ce probl\u00e8me, dont \u00ab\u00a0la r\u00e9duction de la dur\u00e9e de traitement des vols des voyageurs au d\u00e9part, la r\u00e9duction du temps de remise des bagages aux voyageurs \u00e0 l&rsquo;arriv\u00e9e et l\u2019am\u00e9lioration de l&rsquo;orientation et de l&rsquo;information au niveau de l&rsquo;a\u00e9roport, au m\u00eame titre que la disponibilit\u00e9 des si\u00e8ges, des salles de pri\u00e8re et des moyens de prise en charge des personnes aux besoins sp\u00e9cifiques, et des salles d\u2019eau, parall\u00e8lement \u00e0 la r\u00e9vision du seuil des prix des produits de consommation appliqu\u00e9s au sein des a\u00e9roports\u00a0\u00bb. \u00ab\u00a0Les \u00e9tablissements concern\u00e9s par les projets inscrits sont tenus de les lancer et de les achever dans les d\u00e9lais impartis\u00a0\u00bb, a-t-il insist\u00e9, appelant, \u00e9galement, les responsables du transport a\u00e9rien \u00e0 s\u2019int\u00e9resser \u00e0 la formation des ressources humaines. \u00ab\u00a0L&rsquo;Agence nationale de l&rsquo;aviation civile (ANAC) doit jouer un r\u00f4le de coordinateur avec les diff\u00e9rents acteurs du secteur du transport a\u00e9rien, tout en assurant la mise en \u0153uvre des engagements de l&rsquo;Alg\u00e9rie au double plan national et international\u00a0\u00bb, a t-il pr\u00e9cis\u00e9. Le ministre a \u00e9galement soulign\u00e9 la n\u00e9cessit\u00e9 d&rsquo;\u0153uvrer \u00e0 l&rsquo;am\u00e9lioration de la situation financi\u00e8re des \u00e9tablissements d\u00e9di\u00e9s au transport a\u00e9rien, via la g\u00e9n\u00e9ralisation de l\u2019usage des technologies de l&rsquo;information et de la communication dans diverses activit\u00e9s du transport a\u00e9rien, dont la r\u00e9servation de billets, l&rsquo;enregistrement dans les a\u00e9roports, le traitement des bagages des passagers et l\u2019information. \u00ab\u00a0La r\u00e9alisation de tous les objectifs fix\u00e9s est tributaire de la f\u00e9d\u00e9ration des efforts de tous les acteurs du secteur du transport a\u00e9rien\u00a0\u00bb, a-t-il estim\u00e9.<\/p>\n\n\n\n<p>Le ministre des Transports a \u00e9galement saisi l\u2019occasion pour faire un bilan du secteur. Il indiquera \u00e0 ce propos que les 36 a\u00e9roports du pays ouverts \u00e0 la navigation a\u00e9rienne publique ont enregistr\u00e9 pr\u00e8s de 15,4 millions de passagers en 2023, dont 6,7 millions sur le r\u00e9seau national et 8,6 millions sur le r\u00e9seau international, soit un nombre sup\u00e9rieur \u00e0 celui enregistr\u00e9 avant la pand\u00e9mie du coronavirus, estim\u00e9 \u00e0 14,3 millions de passagers en 2019. L&rsquo;a\u00e9roport d&rsquo;Alger a enregistr\u00e9 \u00e0 lui seul un trafic de huit millions de passagers, dont 5,6 millions sur le r\u00e9seau international. Par ailleurs et alors que les pr\u00e9parations pour la saison du Hadj battent leur plein, le ministre a indiqu\u00e9 que 12 a\u00e9roports \u00e0 travers le pays ont \u00e9t\u00e9 mobilis\u00e9s pour le transport des futurs p\u00e8lerins aux Lieux saints de l\u2019islam. Il ajoutera aussi sur un autre registre que les pr\u00e9paratifs sont en cours pour l\u2019accueil des visiteurs et des touristes durant la prochaine saison estivale.<\/p>\n\n\n\n<p>Samir Benisid<\/p>\n","protected":false},"excerpt":{"rendered":"<p>L\u2019\u00c9tat mobilise de gros moyens de consolider la s\u00e9curit\u00e9 dans les a\u00e9roports. Une enveloppe de 10 milliards de dinars -l\u2019\u00e9quivalent<\/p>\n","protected":false},"author":3,"featured_media":51752,"comment_status":"open","ping_status":"closed","sticky":false,"template":"","format":"standard","meta":{"colormag_page_container_layout":"default_layout","colormag_page_sidebar_layout":"default_layout","om_disable_all_campaigns":false,"_monsterinsights_skip_tracking":false,"_monsterinsights_sitenote_active":false,"_monsterinsights_sitenote_note":"","_monsterinsights_sitenote_category":0,"footnotes":"","_wpscppro_dont_share_socialmedia":false,"_wpscppro_custom_social_share_image":0,"_facebook_share_type":"","_twitter_share_type":"","_linkedin_share_type":"","_pinterest_share_type":"","_linkedin_share_type_page":"","_instagram_share_type":"","_medium_share_type":"","_threads_share_type":"","_google_business_share_type":"","_selected_social_profile":[],"_wpsp_enable_custom_social_template":false,"_wpsp_social_scheduling":{"enabled":false,"datetime":null,"platforms":[],"status":"template_only","dateOption":"today","timeOption":"now","customDays":"","customHours":"","customDate":"","customTime":"","schedulingType":"absolute"},"_wpsp_active_default_template":true},"categories":[52,27],"tags":[],"class_list":["post-51751","post","type-post","status-publish","format-standard","has-post-thumbnail","hentry","category-a-la-une","category-actualite"],"aioseo_notices":[],"yoast_head":"<!-- This site is optimized with the Yoast SEO plugin v27.5 - https:\/\/yoast.com\/product\/yoast-seo-wordpress\/ -->\n<title>Consolidation de la s\u00e9curit\u00e9 dans les a\u00e9roports\u00a0: L\u2019Alg\u00e9rie mobilise de gros moyens - La Sentinelle<\/title>\n<meta name=\"robots\" content=\"index, follow, max-snippet:-1, max-image-preview:large, max-video-preview:-1\" \/>\n<link rel=\"canonical\" href=\"https:\/\/lasentinelle.dz\/index.php\/2024\/04\/27\/consolidation-de-la-securite-dans-les-aeroports-lalgerie-mobilise-de-gros-moyens\/\" \/>\n<meta property=\"og:locale\" content=\"fr_FR\" \/>\n<meta property=\"og:type\" content=\"article\" \/>\n<meta property=\"og:title\" content=\"Consolidation de la s\u00e9curit\u00e9 dans les a\u00e9roports\u00a0: L\u2019Alg\u00e9rie mobilise de gros moyens - La Sentinelle\" \/>\n<meta property=\"og:description\" content=\"L\u2019\u00c9tat mobilise de gros moyens de consolider la s\u00e9curit\u00e9 dans les a\u00e9roports. Une enveloppe de 10 milliards de dinars -l\u2019\u00e9quivalent\" \/>\n<meta property=\"og:url\" content=\"https:\/\/lasentinelle.dz\/index.php\/2024\/04\/27\/consolidation-de-la-securite-dans-les-aeroports-lalgerie-mobilise-de-gros-moyens\/\" \/>\n<meta property=\"og:site_name\" content=\"La Sentinelle\" \/>\n<meta property=\"article:publisher\" content=\"https:\/\/www.facebook.com\/La-Sentinelle-104059864394773\" \/>\n<meta property=\"article:published_time\" content=\"2024-04-27T20:39:40+00:00\" \/>\n<meta property=\"article:modified_time\" content=\"2024-04-27T20:39:48+00:00\" \/>\n<meta property=\"og:image\" content=\"https:\/\/lasentinelle.dz\/wp-content\/uploads\/2024\/04\/Aeroport-Alger.webp\" \/>\n\t<meta property=\"og:image:width\" content=\"800\" \/>\n\t<meta property=\"og:image:height\" content=\"450\" \/>\n\t<meta property=\"og:image:type\" content=\"image\/webp\" \/>\n<meta name=\"author\" content=\"La Sentinelle\" \/>\n<meta name=\"twitter:card\" content=\"summary_large_image\" \/>\n<meta name=\"twitter:label1\" content=\"\u00c9crit par\" \/>\n\t<meta name=\"twitter:data1\" content=\"La Sentinelle\" \/>\n\t<meta name=\"twitter:label2\" content=\"Dur\u00e9e de lecture estim\u00e9e\" \/>\n\t<meta name=\"twitter:data2\" content=\"5 minutes\" \/>\n<script type=\"application\/ld+json\" class=\"yoast-schema-graph\">{\"@context\":\"https:\\\/\\\/schema.org\",\"@graph\":[{\"@type\":\"Article\",\"@id\":\"https:\\\/\\\/lasentinelle.dz\\\/index.php\\\/2024\\\/04\\\/27\\\/consolidation-de-la-securite-dans-les-aeroports-lalgerie-mobilise-de-gros-moyens\\\/#article\",\"isPartOf\":{\"@id\":\"https:\\\/\\\/lasentinelle.dz\\\/index.php\\\/2024\\\/04\\\/27\\\/consolidation-de-la-securite-dans-les-aeroports-lalgerie-mobilise-de-gros-moyens\\\/\"},\"author\":{\"name\":\"La Sentinelle\",\"@id\":\"https:\\\/\\\/lasentinelle.dz\\\/#\\\/schema\\\/person\\\/d865044e22e70a75174ce8bcad3acfb3\"},\"headline\":\"Consolidation de la s\u00e9curit\u00e9 dans les a\u00e9roports\u00a0: L\u2019Alg\u00e9rie mobilise de gros moyens\",\"datePublished\":\"2024-04-27T20:39:40+00:00\",\"dateModified\":\"2024-04-27T20:39:48+00:00\",\"mainEntityOfPage\":{\"@id\":\"https:\\\/\\\/lasentinelle.dz\\\/index.php\\\/2024\\\/04\\\/27\\\/consolidation-de-la-securite-dans-les-aeroports-lalgerie-mobilise-de-gros-moyens\\\/\"},\"wordCount\":1070,\"commentCount\":0,\"publisher\":{\"@id\":\"https:\\\/\\\/lasentinelle.dz\\\/#organization\"},\"image\":{\"@id\":\"https:\\\/\\\/lasentinelle.dz\\\/index.php\\\/2024\\\/04\\\/27\\\/consolidation-de-la-securite-dans-les-aeroports-lalgerie-mobilise-de-gros-moyens\\\/#primaryimage\"},\"thumbnailUrl\":\"https:\\\/\\\/lasentinelle.dz\\\/wp-content\\\/uploads\\\/2024\\\/04\\\/Aeroport-Alger.webp\",\"articleSection\":[\"\u00c0 la Une\",\"Actualit\u00e9\"],\"inLanguage\":\"fr-FR\",\"potentialAction\":[{\"@type\":\"CommentAction\",\"name\":\"Comment\",\"target\":[\"https:\\\/\\\/lasentinelle.dz\\\/index.php\\\/2024\\\/04\\\/27\\\/consolidation-de-la-securite-dans-les-aeroports-lalgerie-mobilise-de-gros-moyens\\\/#respond\"]}]},{\"@type\":\"WebPage\",\"@id\":\"https:\\\/\\\/lasentinelle.dz\\\/index.php\\\/2024\\\/04\\\/27\\\/consolidation-de-la-securite-dans-les-aeroports-lalgerie-mobilise-de-gros-moyens\\\/\",\"url\":\"https:\\\/\\\/lasentinelle.dz\\\/index.php\\\/2024\\\/04\\\/27\\\/consolidation-de-la-securite-dans-les-aeroports-lalgerie-mobilise-de-gros-moyens\\\/\",\"name\":\"Consolidation de la s\u00e9curit\u00e9 dans les a\u00e9roports\u00a0: L\u2019Alg\u00e9rie mobilise de gros moyens - La Sentinelle\",\"isPartOf\":{\"@id\":\"https:\\\/\\\/lasentinelle.dz\\\/#website\"},\"primaryImageOfPage\":{\"@id\":\"https:\\\/\\\/lasentinelle.dz\\\/index.php\\\/2024\\\/04\\\/27\\\/consolidation-de-la-securite-dans-les-aeroports-lalgerie-mobilise-de-gros-moyens\\\/#primaryimage\"},\"image\":{\"@id\":\"https:\\\/\\\/lasentinelle.dz\\\/index.php\\\/2024\\\/04\\\/27\\\/consolidation-de-la-securite-dans-les-aeroports-lalgerie-mobilise-de-gros-moyens\\\/#primaryimage\"},\"thumbnailUrl\":\"https:\\\/\\\/lasentinelle.dz\\\/wp-content\\\/uploads\\\/2024\\\/04\\\/Aeroport-Alger.webp\",\"datePublished\":\"2024-04-27T20:39:40+00:00\",\"dateModified\":\"2024-04-27T20:39:48+00:00\",\"breadcrumb\":{\"@id\":\"https:\\\/\\\/lasentinelle.dz\\\/index.php\\\/2024\\\/04\\\/27\\\/consolidation-de-la-securite-dans-les-aeroports-lalgerie-mobilise-de-gros-moyens\\\/#breadcrumb\"},\"inLanguage\":\"fr-FR\",\"potentialAction\":[{\"@type\":\"ReadAction\",\"target\":[\"https:\\\/\\\/lasentinelle.dz\\\/index.php\\\/2024\\\/04\\\/27\\\/consolidation-de-la-securite-dans-les-aeroports-lalgerie-mobilise-de-gros-moyens\\\/\"]}]},{\"@type\":\"ImageObject\",\"inLanguage\":\"fr-FR\",\"@id\":\"https:\\\/\\\/lasentinelle.dz\\\/index.php\\\/2024\\\/04\\\/27\\\/consolidation-de-la-securite-dans-les-aeroports-lalgerie-mobilise-de-gros-moyens\\\/#primaryimage\",\"url\":\"https:\\\/\\\/lasentinelle.dz\\\/wp-content\\\/uploads\\\/2024\\\/04\\\/Aeroport-Alger.webp\",\"contentUrl\":\"https:\\\/\\\/lasentinelle.dz\\\/wp-content\\\/uploads\\\/2024\\\/04\\\/Aeroport-Alger.webp\",\"width\":800,\"height\":450},{\"@type\":\"BreadcrumbList\",\"@id\":\"https:\\\/\\\/lasentinelle.dz\\\/index.php\\\/2024\\\/04\\\/27\\\/consolidation-de-la-securite-dans-les-aeroports-lalgerie-mobilise-de-gros-moyens\\\/#breadcrumb\",\"itemListElement\":[{\"@type\":\"ListItem\",\"position\":1,\"name\":\"Accueil\",\"item\":\"https:\\\/\\\/lasentinelle.dz\\\/\"},{\"@type\":\"ListItem\",\"position\":2,\"name\":\"Consolidation de la s\u00e9curit\u00e9 dans les a\u00e9roports\u00a0: L\u2019Alg\u00e9rie mobilise de gros moyens\"}]},{\"@type\":\"WebSite\",\"@id\":\"https:\\\/\\\/lasentinelle.dz\\\/#website\",\"url\":\"https:\\\/\\\/lasentinelle.dz\\\/\",\"name\":\"La Sentinelle\",\"description\":\"Quotidien national d&#039;information\",\"publisher\":{\"@id\":\"https:\\\/\\\/lasentinelle.dz\\\/#organization\"},\"potentialAction\":[{\"@type\":\"SearchAction\",\"target\":{\"@type\":\"EntryPoint\",\"urlTemplate\":\"https:\\\/\\\/lasentinelle.dz\\\/?s={search_term_string}\"},\"query-input\":{\"@type\":\"PropertyValueSpecification\",\"valueRequired\":true,\"valueName\":\"search_term_string\"}}],\"inLanguage\":\"fr-FR\"},{\"@type\":\"Organization\",\"@id\":\"https:\\\/\\\/lasentinelle.dz\\\/#organization\",\"name\":\"Quotidien La Sentinelle\",\"url\":\"https:\\\/\\\/lasentinelle.dz\\\/\",\"logo\":{\"@type\":\"ImageObject\",\"inLanguage\":\"fr-FR\",\"@id\":\"https:\\\/\\\/lasentinelle.dz\\\/#\\\/schema\\\/logo\\\/image\\\/\",\"url\":\"https:\\\/\\\/lasentinelle.dz\\\/wp-content\\\/uploads\\\/2021\\\/09\\\/logo-sentinelleSLOGAN-1.png\",\"contentUrl\":\"https:\\\/\\\/lasentinelle.dz\\\/wp-content\\\/uploads\\\/2021\\\/09\\\/logo-sentinelleSLOGAN-1.png\",\"width\":615,\"height\":142,\"caption\":\"Quotidien La Sentinelle\"},\"image\":{\"@id\":\"https:\\\/\\\/lasentinelle.dz\\\/#\\\/schema\\\/logo\\\/image\\\/\"},\"sameAs\":[\"https:\\\/\\\/www.facebook.com\\\/La-Sentinelle-104059864394773\"]},{\"@type\":\"Person\",\"@id\":\"https:\\\/\\\/lasentinelle.dz\\\/#\\\/schema\\\/person\\\/d865044e22e70a75174ce8bcad3acfb3\",\"name\":\"La Sentinelle\",\"image\":{\"@type\":\"ImageObject\",\"inLanguage\":\"fr-FR\",\"@id\":\"https:\\\/\\\/secure.gravatar.com\\\/avatar\\\/57de8e5d4b15d43fb361a71fbb36338450fe67865b528a43dd10ef7c51a20392?s=96&d=mm&r=g\",\"url\":\"https:\\\/\\\/secure.gravatar.com\\\/avatar\\\/57de8e5d4b15d43fb361a71fbb36338450fe67865b528a43dd10ef7c51a20392?s=96&d=mm&r=g\",\"contentUrl\":\"https:\\\/\\\/secure.gravatar.com\\\/avatar\\\/57de8e5d4b15d43fb361a71fbb36338450fe67865b528a43dd10ef7c51a20392?s=96&d=mm&r=g\",\"caption\":\"La Sentinelle\"},\"sameAs\":[\"http:\\\/\\\/www.lasentinelle.dz\"],\"url\":\"https:\\\/\\\/lasentinelle.dz\\\/author\\\/redaction\\\/\"}]}<\/script>\n<!-- \/ Yoast SEO plugin. -->","yoast_head_json":{"title":"Consolidation de la s\u00e9curit\u00e9 dans les a\u00e9roports\u00a0: L\u2019Alg\u00e9rie mobilise de gros moyens - La Sentinelle","robots":{"index":"index","follow":"follow","max-snippet":"max-snippet:-1","max-image-preview":"max-image-preview:large","max-video-preview":"max-video-preview:-1"},"canonical":"https:\/\/lasentinelle.dz\/index.php\/2024\/04\/27\/consolidation-de-la-securite-dans-les-aeroports-lalgerie-mobilise-de-gros-moyens\/","og_locale":"fr_FR","og_type":"article","og_title":"Consolidation de la s\u00e9curit\u00e9 dans les a\u00e9roports\u00a0: L\u2019Alg\u00e9rie mobilise de gros moyens - La Sentinelle","og_description":"L\u2019\u00c9tat mobilise de gros moyens de consolider la s\u00e9curit\u00e9 dans les a\u00e9roports. Une enveloppe de 10 milliards de dinars -l\u2019\u00e9quivalent","og_url":"https:\/\/lasentinelle.dz\/index.php\/2024\/04\/27\/consolidation-de-la-securite-dans-les-aeroports-lalgerie-mobilise-de-gros-moyens\/","og_site_name":"La Sentinelle","article_publisher":"https:\/\/www.facebook.com\/La-Sentinelle-104059864394773","article_published_time":"2024-04-27T20:39:40+00:00","article_modified_time":"2024-04-27T20:39:48+00:00","og_image":[{"width":800,"height":450,"url":"https:\/\/lasentinelle.dz\/wp-content\/uploads\/2024\/04\/Aeroport-Alger.webp","type":"image\/webp"}],"author":"La Sentinelle","twitter_card":"summary_large_image","twitter_misc":{"\u00c9crit par":"La Sentinelle","Dur\u00e9e de lecture estim\u00e9e":"5 minutes"},"schema":{"@context":"https:\/\/schema.org","@graph":[{"@type":"Article","@id":"https:\/\/lasentinelle.dz\/index.php\/2024\/04\/27\/consolidation-de-la-securite-dans-les-aeroports-lalgerie-mobilise-de-gros-moyens\/#article","isPartOf":{"@id":"https:\/\/lasentinelle.dz\/index.php\/2024\/04\/27\/consolidation-de-la-securite-dans-les-aeroports-lalgerie-mobilise-de-gros-moyens\/"},"author":{"name":"La Sentinelle","@id":"https:\/\/lasentinelle.dz\/#\/schema\/person\/d865044e22e70a75174ce8bcad3acfb3"},"headline":"Consolidation de la s\u00e9curit\u00e9 dans les a\u00e9roports\u00a0: L\u2019Alg\u00e9rie mobilise de gros moyens","datePublished":"2024-04-27T20:39:40+00:00","dateModified":"2024-04-27T20:39:48+00:00","mainEntityOfPage":{"@id":"https:\/\/lasentinelle.dz\/index.php\/2024\/04\/27\/consolidation-de-la-securite-dans-les-aeroports-lalgerie-mobilise-de-gros-moyens\/"},"wordCount":1070,"commentCount":0,"publisher":{"@id":"https:\/\/lasentinelle.dz\/#organization"},"image":{"@id":"https:\/\/lasentinelle.dz\/index.php\/2024\/04\/27\/consolidation-de-la-securite-dans-les-aeroports-lalgerie-mobilise-de-gros-moyens\/#primaryimage"},"thumbnailUrl":"https:\/\/lasentinelle.dz\/wp-content\/uploads\/2024\/04\/Aeroport-Alger.webp","articleSection":["\u00c0 la Une","Actualit\u00e9"],"inLanguage":"fr-FR","potentialAction":[{"@type":"CommentAction","name":"Comment","target":["https:\/\/lasentinelle.dz\/index.php\/2024\/04\/27\/consolidation-de-la-securite-dans-les-aeroports-lalgerie-mobilise-de-gros-moyens\/#respond"]}]},{"@type":"WebPage","@id":"https:\/\/lasentinelle.dz\/index.php\/2024\/04\/27\/consolidation-de-la-securite-dans-les-aeroports-lalgerie-mobilise-de-gros-moyens\/","url":"https:\/\/lasentinelle.dz\/index.php\/2024\/04\/27\/consolidation-de-la-securite-dans-les-aeroports-lalgerie-mobilise-de-gros-moyens\/","name":"Consolidation de la s\u00e9curit\u00e9 dans les a\u00e9roports\u00a0: L\u2019Alg\u00e9rie mobilise de gros moyens - La Sentinelle","isPartOf":{"@id":"https:\/\/lasentinelle.dz\/#website"},"primaryImageOfPage":{"@id":"https:\/\/lasentinelle.dz\/index.php\/2024\/04\/27\/consolidation-de-la-securite-dans-les-aeroports-lalgerie-mobilise-de-gros-moyens\/#primaryimage"},"image":{"@id":"https:\/\/lasentinelle.dz\/index.php\/2024\/04\/27\/consolidation-de-la-securite-dans-les-aeroports-lalgerie-mobilise-de-gros-moyens\/#primaryimage"},"thumbnailUrl":"https:\/\/lasentinelle.dz\/wp-content\/uploads\/2024\/04\/Aeroport-Alger.webp","datePublished":"2024-04-27T20:39:40+00:00","dateModified":"2024-04-27T20:39:48+00:00","breadcrumb":{"@id":"https:\/\/lasentinelle.dz\/index.php\/2024\/04\/27\/consolidation-de-la-securite-dans-les-aeroports-lalgerie-mobilise-de-gros-moyens\/#breadcrumb"},"inLanguage":"fr-FR","potentialAction":[{"@type":"ReadAction","target":["https:\/\/lasentinelle.dz\/index.php\/2024\/04\/27\/consolidation-de-la-securite-dans-les-aeroports-lalgerie-mobilise-de-gros-moyens\/"]}]},{"@type":"ImageObject","inLanguage":"fr-FR","@id":"https:\/\/lasentinelle.dz\/index.php\/2024\/04\/27\/consolidation-de-la-securite-dans-les-aeroports-lalgerie-mobilise-de-gros-moyens\/#primaryimage","url":"https:\/\/lasentinelle.dz\/wp-content\/uploads\/2024\/04\/Aeroport-Alger.webp","contentUrl":"https:\/\/lasentinelle.dz\/wp-content\/uploads\/2024\/04\/Aeroport-Alger.webp","width":800,"height":450},{"@type":"BreadcrumbList","@id":"https:\/\/lasentinelle.dz\/index.php\/2024\/04\/27\/consolidation-de-la-securite-dans-les-aeroports-lalgerie-mobilise-de-gros-moyens\/#breadcrumb","itemListElement":[{"@type":"ListItem","position":1,"name":"Accueil","item":"https:\/\/lasentinelle.dz\/"},{"@type":"ListItem","position":2,"name":"Consolidation de la s\u00e9curit\u00e9 dans les a\u00e9roports\u00a0: L\u2019Alg\u00e9rie mobilise de gros moyens"}]},{"@type":"WebSite","@id":"https:\/\/lasentinelle.dz\/#website","url":"https:\/\/lasentinelle.dz\/","name":"La Sentinelle","description":"Quotidien national d&#039;information","publisher":{"@id":"https:\/\/lasentinelle.dz\/#organization"},"potentialAction":[{"@type":"SearchAction","target":{"@type":"EntryPoint","urlTemplate":"https:\/\/lasentinelle.dz\/?s={search_term_string}"},"query-input":{"@type":"PropertyValueSpecification","valueRequired":true,"valueName":"search_term_string"}}],"inLanguage":"fr-FR"},{"@type":"Organization","@id":"https:\/\/lasentinelle.dz\/#organization","name":"Quotidien La Sentinelle","url":"https:\/\/lasentinelle.dz\/","logo":{"@type":"ImageObject","inLanguage":"fr-FR","@id":"https:\/\/lasentinelle.dz\/#\/schema\/logo\/image\/","url":"https:\/\/lasentinelle.dz\/wp-content\/uploads\/2021\/09\/logo-sentinelleSLOGAN-1.png","contentUrl":"https:\/\/lasentinelle.dz\/wp-content\/uploads\/2021\/09\/logo-sentinelleSLOGAN-1.png","width":615,"height":142,"caption":"Quotidien La Sentinelle"},"image":{"@id":"https:\/\/lasentinelle.dz\/#\/schema\/logo\/image\/"},"sameAs":["https:\/\/www.facebook.com\/La-Sentinelle-104059864394773"]},{"@type":"Person","@id":"https:\/\/lasentinelle.dz\/#\/schema\/person\/d865044e22e70a75174ce8bcad3acfb3","name":"La Sentinelle","image":{"@type":"ImageObject","inLanguage":"fr-FR","@id":"https:\/\/secure.gravatar.com\/avatar\/57de8e5d4b15d43fb361a71fbb36338450fe67865b528a43dd10ef7c51a20392?s=96&d=mm&r=g","url":"https:\/\/secure.gravatar.com\/avatar\/57de8e5d4b15d43fb361a71fbb36338450fe67865b528a43dd10ef7c51a20392?s=96&d=mm&r=g","contentUrl":"https:\/\/secure.gravatar.com\/avatar\/57de8e5d4b15d43fb361a71fbb36338450fe67865b528a43dd10ef7c51a20392?s=96&d=mm&r=g","caption":"La Sentinelle"},"sameAs":["http:\/\/www.lasentinelle.dz"],"url":"https:\/\/lasentinelle.dz\/author\/redaction\/"}]}},"_links":{"self":[{"href":"https:\/\/lasentinelle.dz\/index.php\/wp-json\/wp\/v2\/posts\/51751","targetHints":{"allow":["GET"]}}],"collection":[{"href":"https:\/\/lasentinelle.dz\/index.php\/wp-json\/wp\/v2\/posts"}],"about":[{"href":"https:\/\/lasentinelle.dz\/index.php\/wp-json\/wp\/v2\/types\/post"}],"author":[{"embeddable":true,"href":"https:\/\/lasentinelle.dz\/index.php\/wp-json\/wp\/v2\/users\/3"}],"replies":[{"embeddable":true,"href":"https:\/\/lasentinelle.dz\/index.php\/wp-json\/wp\/v2\/comments?post=51751"}],"version-history":[{"count":1,"href":"https:\/\/lasentinelle.dz\/index.php\/wp-json\/wp\/v2\/posts\/51751\/revisions"}],"predecessor-version":[{"id":51753,"href":"https:\/\/lasentinelle.dz\/index.php\/wp-json\/wp\/v2\/posts\/51751\/revisions\/51753"}],"wp:featuredmedia":[{"embeddable":true,"href":"https:\/\/lasentinelle.dz\/index.php\/wp-json\/wp\/v2\/media\/51752"}],"wp:attachment":[{"href":"https:\/\/lasentinelle.dz\/index.php\/wp-json\/wp\/v2\/media?parent=51751"}],"wp:term":[{"taxonomy":"category","embeddable":true,"href":"https:\/\/lasentinelle.dz\/index.php\/wp-json\/wp\/v2\/categories?post=51751"},{"taxonomy":"post_tag","embeddable":true,"href":"https:\/\/lasentinelle.dz\/index.php\/wp-json\/wp\/v2\/tags?post=51751"}],"curies":[{"name":"wp","href":"https:\/\/api.w.org\/{rel}","templated":true}]}}