{"id":51760,"date":"2024-04-27T21:25:55","date_gmt":"2024-04-27T20:25:55","guid":{"rendered":"https:\/\/lasentinelle.dz\/?p=51760"},"modified":"2024-04-27T21:49:50","modified_gmt":"2024-04-27T20:49:50","slug":"week-end-politique-la-presidentielle-anime-la-classe-politique","status":"publish","type":"post","link":"https:\/\/lasentinelle.dz\/index.php\/2024\/04\/27\/week-end-politique-la-presidentielle-anime-la-classe-politique\/","title":{"rendered":"Week-end politique: La pr\u00e9sidentielle anime la classe politique"},"content":{"rendered":"\n<p>La pr\u00e9sidentielle anticip\u00e9e du 7 septembre prochain anime les d\u00e9bats politiques. L\u2019\u00e9ch\u00e9ance \u00e9lectorale a encore une fois \u00e9t\u00e9 au c\u0153ur des sorties des formations politiques. Apr\u00e8s des partis comme le MSP et le PT, c\u2019est au tour du parti de Soufiane Djilali, Jil Jadid de lancer les consultations en pr\u00e9vision de l\u2019\u00e9lection. Le Conseil politique&nbsp;de la formation a indiqu\u00e9 hier dans un communiqu\u00e9 souhaiter les consultations sur la question \u00ab aux partis et aux personnalit\u00e9s nationales pour une \u00e9valuation plus pr\u00e9cise de la situation du pays et entrevoir la possibilit\u00e9 d\u2019une coop\u00e9ration en vue d\u2019une \u00e9volution politique du pays dans les meilleures conditions \u00bb. \u00ab Le Conseil Politique formule l\u2019espoir que les conditions d\u2019un scrutin utile pour la nation seront rapidement r\u00e9unies. De ce fait, Jil Jadid entame, aupr\u00e8s de ses militants et de ses cadres, une large consultation qui aboutira \u00e0 la tenue d\u2019un conseil national \u00e0 la fin du mois de Mai \u00bb, ajoute le communiqu\u00e9. Le parti qui \u00e9met le souhait d\u2019une ouverture du d\u00e9bat sur l\u2019\u00e9ch\u00e9ance \u00e9lectorale, r\u00e9affirme s&nbsp;\u00bba volont\u00e9 de contribuer \u00e0 construire les fondements d\u00e9mocratiques du pays et \u00e0 participer \u00e0 l\u2019av\u00e8nement de l\u2019Etat de droit mais attend, en tout \u00e9tat de cause, la manifestation d\u2019une claire volont\u00e9 de la part des autorit\u00e9s pour une \u00e9lection qui ouvrira de nouvelles perspectives&nbsp;\u00bb.<\/p>\n\n\n\n<p>De son c\u00f4t\u00e9, le pr\u00e9sident du parti Sawt Echa\u00e2b Lamine Osmani, a indiqu\u00e9 hier depuis M&rsquo;sila, que le comit\u00e9 central du parti \u00ab\u00a0d\u00e9cidera bient\u00f4t de sa participation \u00e0 cette importante \u00e9ch\u00e9ance (la pr\u00e9sidentielle), apr\u00e8s l&rsquo;\u00e9largissement des consultations, \u00e0 travers le retour \u00e0 la base du parti, au niveau des wilayas\u00a0\u00bb. Enfin, le secr\u00e9taire g\u00e9n\u00e9ral du Rassemblement national d\u00e9mocratique (RND), Mustapha Yahi, a estim\u00e9 que \u00ab\u00a0l&rsquo;Alg\u00e9rie a besoin d&rsquo;un consensus politique national pour le renforcement de son unit\u00e9 et la poursuite du processus des r\u00e9formes pour les mener \u00e0 bon port\u00a0\u00bb, consid\u00e9rant que le prochain scrutin pr\u00e9sidentiel est \u00ab\u00a0une occasion pour renforcer cette unit\u00e9\u00a0\u00bb. Un rendez-vous qui permettra au peuple alg\u00e9rien \u00ab\u00a0de choisir et de s&rsquo;exprimer en toute libert\u00e9 et d\u00e9mocratie\u00a0\u00bb, a estim\u00e9 M. Yahi, appelant les militants de son parti, ainsi que l&rsquo;ensemble des organisations \u00e0 se mobiliser pour ce scrutin qui intervient dans un contexte r\u00e9gional et international particulier. Il a, dans ce contexte, r\u00e9it\u00e9r\u00e9 la disponibilit\u00e9 du RND \u00e0 \u00ab\u00a0participer activement\u00a0\u00bb \u00e0 la r\u00e9ussite de la prochaine pr\u00e9sidentielle, en mobilisant toute sa base militante et ses \u00e9lus et cadres, pour la r\u00e9ussite de ce rendez-vous. \u00ab\u00a0Le parti discutera des d\u00e9marches \u00e0 entreprendre lors d&rsquo;un conseil national extraordinaire\u00a0\u00bb, a pr\u00e9cis\u00e9 le SG du RND.<\/p>\n\n\n\n<p>Hocine Fadheli<\/p>\n","protected":false},"excerpt":{"rendered":"<p>La pr\u00e9sidentielle anticip\u00e9e du 7 septembre prochain anime les d\u00e9bats politiques. L\u2019\u00e9ch\u00e9ance \u00e9lectorale a encore une fois \u00e9t\u00e9 au c\u0153ur<\/p>\n","protected":false},"author":3,"featured_media":14126,"comment_status":"open","ping_status":"closed","sticky":false,"template":"","format":"standard","meta":{"colormag_page_container_layout":"default_layout","colormag_page_sidebar_layout":"default_layout","om_disable_all_campaigns":false,"_monsterinsights_skip_tracking":false,"_monsterinsights_sitenote_active":false,"_monsterinsights_sitenote_note":"","_monsterinsights_sitenote_category":0,"footnotes":"","_wpscppro_dont_share_socialmedia":false,"_wpscppro_custom_social_share_image":0,"_facebook_share_type":"","_twitter_share_type":"","_linkedin_share_type":"","_pinterest_share_type":"","_linkedin_share_type_page":"","_instagram_share_type":"","_medium_share_type":"","_threads_share_type":"","_google_business_share_type":"","_selected_social_profile":[],"_wpsp_enable_custom_social_template":false,"_wpsp_social_scheduling":{"enabled":false,"datetime":null,"platforms":[],"status":"template_only","dateOption":"today","timeOption":"now","customDays":"","customHours":"","customDate":"","customTime":"","schedulingType":"absolute"},"_wpsp_active_default_template":true},"categories":[52,28],"tags":[],"class_list":["post-51760","post","type-post","status-publish","format-standard","has-post-thumbnail","hentry","category-a-la-une","category-politique"],"aioseo_notices":[],"yoast_head":"<!-- This site is optimized with the Yoast SEO plugin v27.5 - https:\/\/yoast.com\/product\/yoast-seo-wordpress\/ -->\n<title>Week-end politique: La pr\u00e9sidentielle anime la classe politique - La Sentinelle<\/title>\n<meta name=\"robots\" content=\"index, follow, max-snippet:-1, max-image-preview:large, max-video-preview:-1\" \/>\n<link rel=\"canonical\" href=\"https:\/\/lasentinelle.dz\/index.php\/2024\/04\/27\/week-end-politique-la-presidentielle-anime-la-classe-politique\/\" \/>\n<meta property=\"og:locale\" content=\"fr_FR\" \/>\n<meta property=\"og:type\" content=\"article\" \/>\n<meta property=\"og:title\" content=\"Week-end politique: La pr\u00e9sidentielle anime la classe politique - La Sentinelle\" \/>\n<meta property=\"og:description\" content=\"La pr\u00e9sidentielle anticip\u00e9e du 7 septembre prochain anime les d\u00e9bats politiques. L\u2019\u00e9ch\u00e9ance \u00e9lectorale a encore une fois \u00e9t\u00e9 au c\u0153ur\" \/>\n<meta property=\"og:url\" content=\"https:\/\/lasentinelle.dz\/index.php\/2024\/04\/27\/week-end-politique-la-presidentielle-anime-la-classe-politique\/\" \/>\n<meta property=\"og:site_name\" content=\"La Sentinelle\" \/>\n<meta property=\"article:publisher\" content=\"https:\/\/www.facebook.com\/La-Sentinelle-104059864394773\" \/>\n<meta property=\"article:published_time\" content=\"2024-04-27T20:25:55+00:00\" \/>\n<meta property=\"article:modified_time\" content=\"2024-04-27T20:49:50+00:00\" \/>\n<meta property=\"og:image\" content=\"https:\/\/lasentinelle.dz\/wp-content\/uploads\/2021\/11\/bureaux-de-vote.jpg\" \/>\n\t<meta property=\"og:image:width\" content=\"580\" \/>\n\t<meta property=\"og:image:height\" content=\"350\" \/>\n\t<meta property=\"og:image:type\" content=\"image\/jpeg\" \/>\n<meta name=\"author\" content=\"La Sentinelle\" \/>\n<meta name=\"twitter:card\" content=\"summary_large_image\" \/>\n<meta name=\"twitter:label1\" content=\"\u00c9crit par\" \/>\n\t<meta name=\"twitter:data1\" content=\"La Sentinelle\" \/>\n\t<meta name=\"twitter:label2\" content=\"Dur\u00e9e de lecture estim\u00e9e\" \/>\n\t<meta name=\"twitter:data2\" content=\"3 minutes\" \/>\n<script type=\"application\/ld+json\" class=\"yoast-schema-graph\">{\"@context\":\"https:\\\/\\\/schema.org\",\"@graph\":[{\"@type\":\"Article\",\"@id\":\"https:\\\/\\\/lasentinelle.dz\\\/index.php\\\/2024\\\/04\\\/27\\\/week-end-politique-la-presidentielle-anime-la-classe-politique\\\/#article\",\"isPartOf\":{\"@id\":\"https:\\\/\\\/lasentinelle.dz\\\/index.php\\\/2024\\\/04\\\/27\\\/week-end-politique-la-presidentielle-anime-la-classe-politique\\\/\"},\"author\":{\"name\":\"La Sentinelle\",\"@id\":\"https:\\\/\\\/lasentinelle.dz\\\/#\\\/schema\\\/person\\\/d865044e22e70a75174ce8bcad3acfb3\"},\"headline\":\"Week-end politique: La pr\u00e9sidentielle anime la classe politique\",\"datePublished\":\"2024-04-27T20:25:55+00:00\",\"dateModified\":\"2024-04-27T20:49:50+00:00\",\"mainEntityOfPage\":{\"@id\":\"https:\\\/\\\/lasentinelle.dz\\\/index.php\\\/2024\\\/04\\\/27\\\/week-end-politique-la-presidentielle-anime-la-classe-politique\\\/\"},\"wordCount\":484,\"commentCount\":0,\"publisher\":{\"@id\":\"https:\\\/\\\/lasentinelle.dz\\\/#organization\"},\"image\":{\"@id\":\"https:\\\/\\\/lasentinelle.dz\\\/index.php\\\/2024\\\/04\\\/27\\\/week-end-politique-la-presidentielle-anime-la-classe-politique\\\/#primaryimage\"},\"thumbnailUrl\":\"https:\\\/\\\/lasentinelle.dz\\\/wp-content\\\/uploads\\\/2021\\\/11\\\/bureaux-de-vote.jpg\",\"articleSection\":[\"\u00c0 la Une\",\"Politique\"],\"inLanguage\":\"fr-FR\",\"potentialAction\":[{\"@type\":\"CommentAction\",\"name\":\"Comment\",\"target\":[\"https:\\\/\\\/lasentinelle.dz\\\/index.php\\\/2024\\\/04\\\/27\\\/week-end-politique-la-presidentielle-anime-la-classe-politique\\\/#respond\"]}]},{\"@type\":\"WebPage\",\"@id\":\"https:\\\/\\\/lasentinelle.dz\\\/index.php\\\/2024\\\/04\\\/27\\\/week-end-politique-la-presidentielle-anime-la-classe-politique\\\/\",\"url\":\"https:\\\/\\\/lasentinelle.dz\\\/index.php\\\/2024\\\/04\\\/27\\\/week-end-politique-la-presidentielle-anime-la-classe-politique\\\/\",\"name\":\"Week-end politique: La pr\u00e9sidentielle anime la classe politique - La Sentinelle\",\"isPartOf\":{\"@id\":\"https:\\\/\\\/lasentinelle.dz\\\/#website\"},\"primaryImageOfPage\":{\"@id\":\"https:\\\/\\\/lasentinelle.dz\\\/index.php\\\/2024\\\/04\\\/27\\\/week-end-politique-la-presidentielle-anime-la-classe-politique\\\/#primaryimage\"},\"image\":{\"@id\":\"https:\\\/\\\/lasentinelle.dz\\\/index.php\\\/2024\\\/04\\\/27\\\/week-end-politique-la-presidentielle-anime-la-classe-politique\\\/#primaryimage\"},\"thumbnailUrl\":\"https:\\\/\\\/lasentinelle.dz\\\/wp-content\\\/uploads\\\/2021\\\/11\\\/bureaux-de-vote.jpg\",\"datePublished\":\"2024-04-27T20:25:55+00:00\",\"dateModified\":\"2024-04-27T20:49:50+00:00\",\"breadcrumb\":{\"@id\":\"https:\\\/\\\/lasentinelle.dz\\\/index.php\\\/2024\\\/04\\\/27\\\/week-end-politique-la-presidentielle-anime-la-classe-politique\\\/#breadcrumb\"},\"inLanguage\":\"fr-FR\",\"potentialAction\":[{\"@type\":\"ReadAction\",\"target\":[\"https:\\\/\\\/lasentinelle.dz\\\/index.php\\\/2024\\\/04\\\/27\\\/week-end-politique-la-presidentielle-anime-la-classe-politique\\\/\"]}]},{\"@type\":\"ImageObject\",\"inLanguage\":\"fr-FR\",\"@id\":\"https:\\\/\\\/lasentinelle.dz\\\/index.php\\\/2024\\\/04\\\/27\\\/week-end-politique-la-presidentielle-anime-la-classe-politique\\\/#primaryimage\",\"url\":\"https:\\\/\\\/lasentinelle.dz\\\/wp-content\\\/uploads\\\/2021\\\/11\\\/bureaux-de-vote.jpg\",\"contentUrl\":\"https:\\\/\\\/lasentinelle.dz\\\/wp-content\\\/uploads\\\/2021\\\/11\\\/bureaux-de-vote.jpg\",\"width\":580,\"height\":350},{\"@type\":\"BreadcrumbList\",\"@id\":\"https:\\\/\\\/lasentinelle.dz\\\/index.php\\\/2024\\\/04\\\/27\\\/week-end-politique-la-presidentielle-anime-la-classe-politique\\\/#breadcrumb\",\"itemListElement\":[{\"@type\":\"ListItem\",\"position\":1,\"name\":\"Accueil\",\"item\":\"https:\\\/\\\/lasentinelle.dz\\\/\"},{\"@type\":\"ListItem\",\"position\":2,\"name\":\"Week-end politique: La pr\u00e9sidentielle anime la classe politique\"}]},{\"@type\":\"WebSite\",\"@id\":\"https:\\\/\\\/lasentinelle.dz\\\/#website\",\"url\":\"https:\\\/\\\/lasentinelle.dz\\\/\",\"name\":\"La Sentinelle\",\"description\":\"Quotidien national d&#039;information\",\"publisher\":{\"@id\":\"https:\\\/\\\/lasentinelle.dz\\\/#organization\"},\"potentialAction\":[{\"@type\":\"SearchAction\",\"target\":{\"@type\":\"EntryPoint\",\"urlTemplate\":\"https:\\\/\\\/lasentinelle.dz\\\/?s={search_term_string}\"},\"query-input\":{\"@type\":\"PropertyValueSpecification\",\"valueRequired\":true,\"valueName\":\"search_term_string\"}}],\"inLanguage\":\"fr-FR\"},{\"@type\":\"Organization\",\"@id\":\"https:\\\/\\\/lasentinelle.dz\\\/#organization\",\"name\":\"Quotidien La Sentinelle\",\"url\":\"https:\\\/\\\/lasentinelle.dz\\\/\",\"logo\":{\"@type\":\"ImageObject\",\"inLanguage\":\"fr-FR\",\"@id\":\"https:\\\/\\\/lasentinelle.dz\\\/#\\\/schema\\\/logo\\\/image\\\/\",\"url\":\"https:\\\/\\\/lasentinelle.dz\\\/wp-content\\\/uploads\\\/2021\\\/09\\\/logo-sentinelleSLOGAN-1.png\",\"contentUrl\":\"https:\\\/\\\/lasentinelle.dz\\\/wp-content\\\/uploads\\\/2021\\\/09\\\/logo-sentinelleSLOGAN-1.png\",\"width\":615,\"height\":142,\"caption\":\"Quotidien La Sentinelle\"},\"image\":{\"@id\":\"https:\\\/\\\/lasentinelle.dz\\\/#\\\/schema\\\/logo\\\/image\\\/\"},\"sameAs\":[\"https:\\\/\\\/www.facebook.com\\\/La-Sentinelle-104059864394773\"]},{\"@type\":\"Person\",\"@id\":\"https:\\\/\\\/lasentinelle.dz\\\/#\\\/schema\\\/person\\\/d865044e22e70a75174ce8bcad3acfb3\",\"name\":\"La Sentinelle\",\"image\":{\"@type\":\"ImageObject\",\"inLanguage\":\"fr-FR\",\"@id\":\"https:\\\/\\\/secure.gravatar.com\\\/avatar\\\/57de8e5d4b15d43fb361a71fbb36338450fe67865b528a43dd10ef7c51a20392?s=96&d=mm&r=g\",\"url\":\"https:\\\/\\\/secure.gravatar.com\\\/avatar\\\/57de8e5d4b15d43fb361a71fbb36338450fe67865b528a43dd10ef7c51a20392?s=96&d=mm&r=g\",\"contentUrl\":\"https:\\\/\\\/secure.gravatar.com\\\/avatar\\\/57de8e5d4b15d43fb361a71fbb36338450fe67865b528a43dd10ef7c51a20392?s=96&d=mm&r=g\",\"caption\":\"La Sentinelle\"},\"sameAs\":[\"http:\\\/\\\/www.lasentinelle.dz\"],\"url\":\"https:\\\/\\\/lasentinelle.dz\\\/author\\\/redaction\\\/\"}]}<\/script>\n<!-- \/ Yoast SEO plugin. -->","yoast_head_json":{"title":"Week-end politique: La pr\u00e9sidentielle anime la classe politique - La Sentinelle","robots":{"index":"index","follow":"follow","max-snippet":"max-snippet:-1","max-image-preview":"max-image-preview:large","max-video-preview":"max-video-preview:-1"},"canonical":"https:\/\/lasentinelle.dz\/index.php\/2024\/04\/27\/week-end-politique-la-presidentielle-anime-la-classe-politique\/","og_locale":"fr_FR","og_type":"article","og_title":"Week-end politique: La pr\u00e9sidentielle anime la classe politique - La Sentinelle","og_description":"La pr\u00e9sidentielle anticip\u00e9e du 7 septembre prochain anime les d\u00e9bats politiques. L\u2019\u00e9ch\u00e9ance \u00e9lectorale a encore une fois \u00e9t\u00e9 au c\u0153ur","og_url":"https:\/\/lasentinelle.dz\/index.php\/2024\/04\/27\/week-end-politique-la-presidentielle-anime-la-classe-politique\/","og_site_name":"La Sentinelle","article_publisher":"https:\/\/www.facebook.com\/La-Sentinelle-104059864394773","article_published_time":"2024-04-27T20:25:55+00:00","article_modified_time":"2024-04-27T20:49:50+00:00","og_image":[{"width":580,"height":350,"url":"https:\/\/lasentinelle.dz\/wp-content\/uploads\/2021\/11\/bureaux-de-vote.jpg","type":"image\/jpeg"}],"author":"La Sentinelle","twitter_card":"summary_large_image","twitter_misc":{"\u00c9crit par":"La Sentinelle","Dur\u00e9e de lecture estim\u00e9e":"3 minutes"},"schema":{"@context":"https:\/\/schema.org","@graph":[{"@type":"Article","@id":"https:\/\/lasentinelle.dz\/index.php\/2024\/04\/27\/week-end-politique-la-presidentielle-anime-la-classe-politique\/#article","isPartOf":{"@id":"https:\/\/lasentinelle.dz\/index.php\/2024\/04\/27\/week-end-politique-la-presidentielle-anime-la-classe-politique\/"},"author":{"name":"La Sentinelle","@id":"https:\/\/lasentinelle.dz\/#\/schema\/person\/d865044e22e70a75174ce8bcad3acfb3"},"headline":"Week-end politique: La pr\u00e9sidentielle anime la classe politique","datePublished":"2024-04-27T20:25:55+00:00","dateModified":"2024-04-27T20:49:50+00:00","mainEntityOfPage":{"@id":"https:\/\/lasentinelle.dz\/index.php\/2024\/04\/27\/week-end-politique-la-presidentielle-anime-la-classe-politique\/"},"wordCount":484,"commentCount":0,"publisher":{"@id":"https:\/\/lasentinelle.dz\/#organization"},"image":{"@id":"https:\/\/lasentinelle.dz\/index.php\/2024\/04\/27\/week-end-politique-la-presidentielle-anime-la-classe-politique\/#primaryimage"},"thumbnailUrl":"https:\/\/lasentinelle.dz\/wp-content\/uploads\/2021\/11\/bureaux-de-vote.jpg","articleSection":["\u00c0 la Une","Politique"],"inLanguage":"fr-FR","potentialAction":[{"@type":"CommentAction","name":"Comment","target":["https:\/\/lasentinelle.dz\/index.php\/2024\/04\/27\/week-end-politique-la-presidentielle-anime-la-classe-politique\/#respond"]}]},{"@type":"WebPage","@id":"https:\/\/lasentinelle.dz\/index.php\/2024\/04\/27\/week-end-politique-la-presidentielle-anime-la-classe-politique\/","url":"https:\/\/lasentinelle.dz\/index.php\/2024\/04\/27\/week-end-politique-la-presidentielle-anime-la-classe-politique\/","name":"Week-end politique: La pr\u00e9sidentielle anime la classe politique - La Sentinelle","isPartOf":{"@id":"https:\/\/lasentinelle.dz\/#website"},"primaryImageOfPage":{"@id":"https:\/\/lasentinelle.dz\/index.php\/2024\/04\/27\/week-end-politique-la-presidentielle-anime-la-classe-politique\/#primaryimage"},"image":{"@id":"https:\/\/lasentinelle.dz\/index.php\/2024\/04\/27\/week-end-politique-la-presidentielle-anime-la-classe-politique\/#primaryimage"},"thumbnailUrl":"https:\/\/lasentinelle.dz\/wp-content\/uploads\/2021\/11\/bureaux-de-vote.jpg","datePublished":"2024-04-27T20:25:55+00:00","dateModified":"2024-04-27T20:49:50+00:00","breadcrumb":{"@id":"https:\/\/lasentinelle.dz\/index.php\/2024\/04\/27\/week-end-politique-la-presidentielle-anime-la-classe-politique\/#breadcrumb"},"inLanguage":"fr-FR","potentialAction":[{"@type":"ReadAction","target":["https:\/\/lasentinelle.dz\/index.php\/2024\/04\/27\/week-end-politique-la-presidentielle-anime-la-classe-politique\/"]}]},{"@type":"ImageObject","inLanguage":"fr-FR","@id":"https:\/\/lasentinelle.dz\/index.php\/2024\/04\/27\/week-end-politique-la-presidentielle-anime-la-classe-politique\/#primaryimage","url":"https:\/\/lasentinelle.dz\/wp-content\/uploads\/2021\/11\/bureaux-de-vote.jpg","contentUrl":"https:\/\/lasentinelle.dz\/wp-content\/uploads\/2021\/11\/bureaux-de-vote.jpg","width":580,"height":350},{"@type":"BreadcrumbList","@id":"https:\/\/lasentinelle.dz\/index.php\/2024\/04\/27\/week-end-politique-la-presidentielle-anime-la-classe-politique\/#breadcrumb","itemListElement":[{"@type":"ListItem","position":1,"name":"Accueil","item":"https:\/\/lasentinelle.dz\/"},{"@type":"ListItem","position":2,"name":"Week-end politique: La pr\u00e9sidentielle anime la classe politique"}]},{"@type":"WebSite","@id":"https:\/\/lasentinelle.dz\/#website","url":"https:\/\/lasentinelle.dz\/","name":"La Sentinelle","description":"Quotidien national d&#039;information","publisher":{"@id":"https:\/\/lasentinelle.dz\/#organization"},"potentialAction":[{"@type":"SearchAction","target":{"@type":"EntryPoint","urlTemplate":"https:\/\/lasentinelle.dz\/?s={search_term_string}"},"query-input":{"@type":"PropertyValueSpecification","valueRequired":true,"valueName":"search_term_string"}}],"inLanguage":"fr-FR"},{"@type":"Organization","@id":"https:\/\/lasentinelle.dz\/#organization","name":"Quotidien La Sentinelle","url":"https:\/\/lasentinelle.dz\/","logo":{"@type":"ImageObject","inLanguage":"fr-FR","@id":"https:\/\/lasentinelle.dz\/#\/schema\/logo\/image\/","url":"https:\/\/lasentinelle.dz\/wp-content\/uploads\/2021\/09\/logo-sentinelleSLOGAN-1.png","contentUrl":"https:\/\/lasentinelle.dz\/wp-content\/uploads\/2021\/09\/logo-sentinelleSLOGAN-1.png","width":615,"height":142,"caption":"Quotidien La Sentinelle"},"image":{"@id":"https:\/\/lasentinelle.dz\/#\/schema\/logo\/image\/"},"sameAs":["https:\/\/www.facebook.com\/La-Sentinelle-104059864394773"]},{"@type":"Person","@id":"https:\/\/lasentinelle.dz\/#\/schema\/person\/d865044e22e70a75174ce8bcad3acfb3","name":"La Sentinelle","image":{"@type":"ImageObject","inLanguage":"fr-FR","@id":"https:\/\/secure.gravatar.com\/avatar\/57de8e5d4b15d43fb361a71fbb36338450fe67865b528a43dd10ef7c51a20392?s=96&d=mm&r=g","url":"https:\/\/secure.gravatar.com\/avatar\/57de8e5d4b15d43fb361a71fbb36338450fe67865b528a43dd10ef7c51a20392?s=96&d=mm&r=g","contentUrl":"https:\/\/secure.gravatar.com\/avatar\/57de8e5d4b15d43fb361a71fbb36338450fe67865b528a43dd10ef7c51a20392?s=96&d=mm&r=g","caption":"La Sentinelle"},"sameAs":["http:\/\/www.lasentinelle.dz"],"url":"https:\/\/lasentinelle.dz\/author\/redaction\/"}]}},"_links":{"self":[{"href":"https:\/\/lasentinelle.dz\/index.php\/wp-json\/wp\/v2\/posts\/51760","targetHints":{"allow":["GET"]}}],"collection":[{"href":"https:\/\/lasentinelle.dz\/index.php\/wp-json\/wp\/v2\/posts"}],"about":[{"href":"https:\/\/lasentinelle.dz\/index.php\/wp-json\/wp\/v2\/types\/post"}],"author":[{"embeddable":true,"href":"https:\/\/lasentinelle.dz\/index.php\/wp-json\/wp\/v2\/users\/3"}],"replies":[{"embeddable":true,"href":"https:\/\/lasentinelle.dz\/index.php\/wp-json\/wp\/v2\/comments?post=51760"}],"version-history":[{"count":1,"href":"https:\/\/lasentinelle.dz\/index.php\/wp-json\/wp\/v2\/posts\/51760\/revisions"}],"predecessor-version":[{"id":51761,"href":"https:\/\/lasentinelle.dz\/index.php\/wp-json\/wp\/v2\/posts\/51760\/revisions\/51761"}],"wp:featuredmedia":[{"embeddable":true,"href":"https:\/\/lasentinelle.dz\/index.php\/wp-json\/wp\/v2\/media\/14126"}],"wp:attachment":[{"href":"https:\/\/lasentinelle.dz\/index.php\/wp-json\/wp\/v2\/media?parent=51760"}],"wp:term":[{"taxonomy":"category","embeddable":true,"href":"https:\/\/lasentinelle.dz\/index.php\/wp-json\/wp\/v2\/categories?post=51760"},{"taxonomy":"post_tag","embeddable":true,"href":"https:\/\/lasentinelle.dz\/index.php\/wp-json\/wp\/v2\/tags?post=51760"}],"curies":[{"name":"wp","href":"https:\/\/api.w.org\/{rel}","templated":true}]}}