{"id":51768,"date":"2024-04-27T21:54:27","date_gmt":"2024-04-27T20:54:27","guid":{"rendered":"https:\/\/lasentinelle.dz\/?p=51768"},"modified":"2024-04-27T21:54:42","modified_gmt":"2024-04-27T20:54:42","slug":"manifestations-contre-lagression-sioniste-a-ghaza-la-protesta-gagne-les-campus-europeens","status":"publish","type":"post","link":"https:\/\/lasentinelle.dz\/index.php\/2024\/04\/27\/manifestations-contre-lagression-sioniste-a-ghaza-la-protesta-gagne-les-campus-europeens\/","title":{"rendered":"Manifestations contre l&rsquo;agression sioniste \u00e0 Ghaza\u00a0: La protesta gagne les campus europ\u00e9ens"},"content":{"rendered":"\n<p>La protestation contre l&rsquo;agression g\u00e9nocidaire sioniste en cours dans la bande de Ghaza s\u2019\u00e9largit au sein des universit\u00e9s. Alors que des mouvements de solidarit\u00e9 avec le peuple palestinien sont organis\u00e9s depuis quelques jours dans plusieurs universit\u00e9s am\u00e9ricaines, partant de l\u2019universit\u00e9 Columbia \u00e0 New York, le mouvement touche d\u00e9sormais les campus europ\u00e9ens. Un mouvement qui refl\u00e8te le soutien que gagne la cause palestinienne, mais qui questionne aussi sur les \u00e9tats des libert\u00e9s et de la libert\u00e9 d\u2019expression en Occident au moment o\u00f9 ces manifestations sont violemment r\u00e9prim\u00e9es, des militants sont arr\u00eat\u00e9s et font l\u2019objet d\u2019un v\u00e9ritable harc\u00e8lement judiciaire.<\/p>\n\n\n\n<p>En France par exemple, un certain nombre d&rsquo;\u00e9tudiants ont manifest\u00e9 \u00e0 l&rsquo;int\u00e9rieur du b\u00e2timent de l&rsquo;universit\u00e9 de Sciences Po dans la capitale Paris pour d\u00e9noncer les violations de l&rsquo;occupation contre le peuple palestinien, en scandant des slogans pro-palestiniens, et en hissant le drapeau palestinien sur les fen\u00eatres et au-dessus de l&rsquo;entr\u00e9e du b\u00e2timent. Certains de ces manifestants ont d\u00e9ploy\u00e9 le keffieh noir et blanc qui est devenu un symbole de solidarit\u00e9 avec Ghaza. De plus, les manifestants ont demand\u00e9 \u00e0 l&rsquo;administration de l&rsquo;universit\u00e9 de \u00ab\u00a0condamner\u00a0\u00bb les actions de l&rsquo;entit\u00e9 sioniste dans l&rsquo;enclave palestinienne qui fait face \u00e0 des massacres sauvages depuis le 7 octobre 2023. Par ailleurs, dans la capitale allemande, Berlin, la police a enlev\u00e9 les tentes install\u00e9es par les manifestants devant le Parlement, a forc\u00e9s ces derniers \u00e0 s&rsquo;\u00e9loigner et a ferm\u00e9 la zone environnante pour emp\u00eacher d&rsquo;autres manifestations d&rsquo;avoir lieu. Les activistes ont install\u00e9 le camp le 8 avril, lorsque la Cour internationale de justice (CIJ) a commenc\u00e9 \u00e0 examiner une plainte du Nicaragua contre l&rsquo;Allemagne, pour avoir fourni une aide militaire \u00e0 l&rsquo;entit\u00e9 sioniste.<\/p>\n\n\n\n<p><strong>La bataille d\u2019Alger inspire<\/strong><\/p>\n\n\n\n<p>En Grande-Bretagne, chaque samedi, des manifestations de soutien \u00e0 Ghaza ont lieu, \u00e0 Londres et dans d\u2019autres villes, ou des dizaines de personnes descendent dans la rue pour exprimer leur solidarit\u00e9 avec le peuple palestinien. Matt Beach, directeur du Centre politique britannique de l&rsquo;Universit\u00e9 de Hull, a d\u00e9clar\u00e9 dans un communiqu\u00e9 de presse que l&rsquo;une des raisons pour lesquelles les manifestations violentes sur les campus britanniques ont diminu\u00e9, par rapport \u00e0 ce qui se passe aux Etats-Unis, \u00ab\u00a0est que la majorit\u00e9 des manifestations en Grande-Bretagne sont pro-palestiniennes et se d\u00e9roulent tous les samedis\u00a0\u00bb. Des dizaines d&rsquo;\u00e9tudiants de l&rsquo;Universit\u00e9 de Londres ont manifest\u00e9 en solidarit\u00e9 avec Ghaza, emboitant le pas \u00e0 leurs coll\u00e8gues \u00e9tudiants am\u00e9ricains. Aux Etats-Unis, de Los Angeles \u00e0 Atlanta, d&rsquo;Austin \u00e0 Boston, en passant par Chicago, le mouvement d&rsquo;\u00e9tudiants am\u00e9ricains solidaire avec la cause palestinienne s&rsquo;est g\u00e9n\u00e9ralis\u00e9 apr\u00e8s \u00eatre parti il y a plus d&rsquo;une semaine de l&rsquo;Universit\u00e9 Columbia \u00e0 New York, pour toucher les universit\u00e9s les plus prestigieuses au monde, telles Harvard, Yale, Brown le MIT ou encore Princeton. Des centaines d&rsquo;\u00e9tudiants ont install\u00e9 des tentes sur leurs campus, pour d\u00e9noncer le soutien militaire des Etats-Unis \u00e0 l&rsquo;entit\u00e9 sioniste et la catastrophe humanitaire dans la bande de Ghaza.<\/p>\n\n\n\n<p>Dans certaines de ces universit\u00e9s, la dimension de la lutte du peuple palestinien contre l\u2019occupation est mise en avant. La r\u00e9sistance du peuple alg\u00e9rien conte le colonialisme fran\u00e7ais est d\u2019ailleurs une source d\u2019inspiration pour ces \u00e9tudiants. Ainsi, a l\u2019Universit\u00e9 Stanford, les \u00e9tudiants regroup\u00e9s dans un campement ont organis\u00e9 une projection du film la Bataille d\u2019Alger de Gillo Pontecorvo qui revient sur le combat pour l\u2019ind\u00e9pendance de l\u2019Alg\u00e9rie. &nbsp;<\/p>\n\n\n\n<p><strong>La libert\u00e9 d\u2019expression au r\u00e9v\u00e9lateur<\/strong><\/p>\n\n\n\n<p>A l\u2019Universit\u00e9 Columbia d\u2019o\u00f9 est parti le mouvement qui a d\u2019ailleurs \u00e9t\u00e9 violemment r\u00e9prim\u00e9 par la police de New York, le Conseil de l&rsquo;Universit\u00e9 a vot\u00e9 en faveur d&rsquo;une r\u00e9solution appelant \u00e0 une enqu\u00eate sur l&rsquo;administration de l&rsquo;universit\u00e9, qui fait appel \u00e0 la police. Le journal am\u00e9ricain The New York Times a rapport\u00e9, samedi \u00e0 l&rsquo;aube, que la d\u00e9cision a \u00e9t\u00e9 approuv\u00e9e par une majorit\u00e9 de 62 voix, 14 contre et 3 abstentions. La d\u00e9cision accuse l&rsquo;administration universitaire d&rsquo;avoir viol\u00e9 les protocoles \u00e9tablis, d&rsquo;avoir port\u00e9 atteinte \u00e0 la libert\u00e9 acad\u00e9mique et d&rsquo;avoir viol\u00e9 les droits \u00e0 une proc\u00e9dure r\u00e9guli\u00e8re des \u00e9tudiants et des professeurs, selon la m\u00eame source. Cette r\u00e9pression a d\u00e9clench\u00e9 un mouvement plus large et questionne sur le respect des libert\u00e9s et de la libert\u00e9 d\u2019expression aux USA et plus largement en Occident au regard des moyens mobilis\u00e9s pour r\u00e9primer et censurer toute parole pro-palestinienne. Dans ce contexte, deux \u00e9lus am\u00e9ricains ont les \u00e9tudiants protestataires \u00e0 l&rsquo;Universit\u00e9 Columbia. Alexandria Ocasio-Cortez, une d\u00e9put\u00e9e au franc-parler repr\u00e9sentant certaines parties des arrondissements new-yorkais du Bronx et du Queens, a critiqu\u00e9 mercredi la d\u00e9cision de l&rsquo;universit\u00e9 de mettre des \u00e9tudiants aux arr\u00eats. \u00ab\u00a0Non seulement Columbia a pris l&rsquo;horrible d\u00e9cision de mobiliser le NYPD (police de New York, ndlr) contre ses propres \u00e9tudiants, mais les unit\u00e9s d\u00e9ploy\u00e9es ont la r\u00e9putation d&rsquo;\u00eatre des plus violentes au sein de la force. Le NYPD avait promis \u00e0 la ville qu&rsquo;il ne d\u00e9ploierait pas SRG (police du Groupe de r\u00e9ponse strat\u00e9gique, ndlr) aux manifestations. Alors pourquoi ces unit\u00e9s antiterroristes sont-elles ici ?\u00a0\u00bb, elle a \u00e9crit dans un post sur X. Par ailleurs, la repr\u00e9sentante Bonnie Watson Coleman a d\u00e9clar\u00e9 dans la m\u00eame journ\u00e9e du mercredi qu&rsquo;elle \u00e9tait \u00ab\u00a0profond\u00e9ment alarm\u00e9e par la violence contre les manifestants pacifiques et par les arrestations\u00a0\u00bb. \u00ab\u00a0Si les universit\u00e9s sont des lieux d&rsquo;apprentissage et de croissance, la responsabilit\u00e9 de chacun d&rsquo;\u00eatre actif dans la vie civique doit faire partie de cette \u00e9ducation. Autrement, les le\u00e7ons enseign\u00e9es en classe sont simplement th\u00e9oriques\u00a0\u00bb, a-t-elle d\u00e9clar\u00e9 dans un communiqu\u00e9. L\u2019ONU a \u00e9galement fait part de s\u00e9rieuses pr\u00e9occupations.<\/p>\n\n\n\n<p>Le Haut-Commissaire des Nations unies aux droits de l&rsquo;homme Jeremy Laurence a exprim\u00e9, dans une d\u00e9claration \u00e0 l\u2019agence de presse Anadolu &nbsp;son inqui\u00e9tude face \u00e0 l&rsquo;arrestation de centaines d&rsquo;\u00e9tudiants lors de manifestations de soutien \u00e0 la Palestine, dans plusieurs universit\u00e9s am\u00e9ricaines.Soulignant que le droit \u00e0 la libert\u00e9 d\u2019expression et de r\u00e9union est fondamental, Laurence a d\u00e9clar\u00e9 : \u00ab\u00a0toute personne a le droit de manifester pacifiquement et ceci ne devrait pas \u00eatre emp\u00each\u00e9\u00a0\u00bb.<\/p>\n\n\n\n<p>Notons que le bilan de l&rsquo;agression g\u00e9nocidaire sioniste contre la bande de Ghaza s&rsquo;est alourdi hier \u00e0 34.388 martyrs et 77.437 bless\u00e9s depuis le 7 octobre dernier. Selon les autorit\u00e9s sanitaires palestiniennes, l&rsquo;arm\u00e9e d&rsquo;occupation sioniste a commis 4 massacres au cours des derni\u00e8res 24 heures dans la bande de Ghaza, faisant 32 martyrs et 69 bless\u00e9s.<\/p>\n\n\n\n<p>Par ailleurs, au moins huit Palestiniens ont \u00e9t\u00e9 tu\u00e9s et 30 autres bless\u00e9s, samedi, dans des frappes isra\u00e9liennes contre le camp de r\u00e9fugi\u00e9s de Nuseirat, dans le centre de Gaza, selon l&rsquo;agence de presse palestinienne Wafa.<\/p>\n\n\n\n<p><strong>Lyes Sa\u00efdi<\/strong><\/p>\n","protected":false},"excerpt":{"rendered":"<p>La protestation contre l&rsquo;agression g\u00e9nocidaire sioniste en cours dans la bande de Ghaza s\u2019\u00e9largit au sein des universit\u00e9s. Alors que<\/p>\n","protected":false},"author":3,"featured_media":51769,"comment_status":"open","ping_status":"closed","sticky":false,"template":"","format":"standard","meta":{"colormag_page_container_layout":"default_layout","colormag_page_sidebar_layout":"default_layout","om_disable_all_campaigns":false,"_monsterinsights_skip_tracking":false,"_monsterinsights_sitenote_active":false,"_monsterinsights_sitenote_note":"","_monsterinsights_sitenote_category":0,"footnotes":"","_wpscppro_dont_share_socialmedia":false,"_wpscppro_custom_social_share_image":0,"_facebook_share_type":"","_twitter_share_type":"","_linkedin_share_type":"","_pinterest_share_type":"","_linkedin_share_type_page":"","_instagram_share_type":"","_medium_share_type":"","_threads_share_type":"","_google_business_share_type":"","_selected_social_profile":[],"_wpsp_enable_custom_social_template":false,"_wpsp_social_scheduling":{"enabled":false,"datetime":null,"platforms":[],"status":"template_only","dateOption":"today","timeOption":"now","customDays":"","customHours":"","customDate":"","customTime":"","schedulingType":"absolute"},"_wpsp_active_default_template":true},"categories":[52,27],"tags":[],"class_list":["post-51768","post","type-post","status-publish","format-standard","has-post-thumbnail","hentry","category-a-la-une","category-actualite"],"aioseo_notices":[],"yoast_head":"<!-- This site is optimized with the Yoast SEO plugin v27.5 - https:\/\/yoast.com\/product\/yoast-seo-wordpress\/ -->\n<title>Manifestations contre l&rsquo;agression sioniste \u00e0 Ghaza\u00a0: La protesta gagne les campus europ\u00e9ens - La Sentinelle<\/title>\n<meta name=\"robots\" content=\"index, follow, max-snippet:-1, max-image-preview:large, max-video-preview:-1\" \/>\n<link rel=\"canonical\" href=\"https:\/\/lasentinelle.dz\/index.php\/2024\/04\/27\/manifestations-contre-lagression-sioniste-a-ghaza-la-protesta-gagne-les-campus-europeens\/\" \/>\n<meta property=\"og:locale\" content=\"fr_FR\" \/>\n<meta property=\"og:type\" content=\"article\" \/>\n<meta property=\"og:title\" content=\"Manifestations contre l&rsquo;agression sioniste \u00e0 Ghaza\u00a0: La protesta gagne les campus europ\u00e9ens - La Sentinelle\" \/>\n<meta property=\"og:description\" content=\"La protestation contre l&rsquo;agression g\u00e9nocidaire sioniste en cours dans la bande de Ghaza s\u2019\u00e9largit au sein des universit\u00e9s. Alors que\" \/>\n<meta property=\"og:url\" content=\"https:\/\/lasentinelle.dz\/index.php\/2024\/04\/27\/manifestations-contre-lagression-sioniste-a-ghaza-la-protesta-gagne-les-campus-europeens\/\" \/>\n<meta property=\"og:site_name\" content=\"La Sentinelle\" \/>\n<meta property=\"article:publisher\" content=\"https:\/\/www.facebook.com\/La-Sentinelle-104059864394773\" \/>\n<meta property=\"article:published_time\" content=\"2024-04-27T20:54:27+00:00\" \/>\n<meta property=\"article:modified_time\" content=\"2024-04-27T20:54:42+00:00\" \/>\n<meta property=\"og:image\" content=\"https:\/\/lasentinelle.dz\/wp-content\/uploads\/2024\/04\/campus.webp\" \/>\n\t<meta property=\"og:image:width\" content=\"864\" \/>\n\t<meta property=\"og:image:height\" content=\"486\" \/>\n\t<meta property=\"og:image:type\" content=\"image\/webp\" \/>\n<meta name=\"author\" content=\"La Sentinelle\" \/>\n<meta name=\"twitter:card\" content=\"summary_large_image\" \/>\n<meta name=\"twitter:label1\" content=\"\u00c9crit par\" \/>\n\t<meta name=\"twitter:data1\" content=\"La Sentinelle\" \/>\n\t<meta name=\"twitter:label2\" content=\"Dur\u00e9e de lecture estim\u00e9e\" \/>\n\t<meta name=\"twitter:data2\" content=\"6 minutes\" \/>\n<script type=\"application\/ld+json\" class=\"yoast-schema-graph\">{\"@context\":\"https:\\\/\\\/schema.org\",\"@graph\":[{\"@type\":\"Article\",\"@id\":\"https:\\\/\\\/lasentinelle.dz\\\/index.php\\\/2024\\\/04\\\/27\\\/manifestations-contre-lagression-sioniste-a-ghaza-la-protesta-gagne-les-campus-europeens\\\/#article\",\"isPartOf\":{\"@id\":\"https:\\\/\\\/lasentinelle.dz\\\/index.php\\\/2024\\\/04\\\/27\\\/manifestations-contre-lagression-sioniste-a-ghaza-la-protesta-gagne-les-campus-europeens\\\/\"},\"author\":{\"name\":\"La Sentinelle\",\"@id\":\"https:\\\/\\\/lasentinelle.dz\\\/#\\\/schema\\\/person\\\/d865044e22e70a75174ce8bcad3acfb3\"},\"headline\":\"Manifestations contre l&rsquo;agression sioniste \u00e0 Ghaza\u00a0: La protesta gagne les campus europ\u00e9ens\",\"datePublished\":\"2024-04-27T20:54:27+00:00\",\"dateModified\":\"2024-04-27T20:54:42+00:00\",\"mainEntityOfPage\":{\"@id\":\"https:\\\/\\\/lasentinelle.dz\\\/index.php\\\/2024\\\/04\\\/27\\\/manifestations-contre-lagression-sioniste-a-ghaza-la-protesta-gagne-les-campus-europeens\\\/\"},\"wordCount\":1214,\"commentCount\":0,\"publisher\":{\"@id\":\"https:\\\/\\\/lasentinelle.dz\\\/#organization\"},\"image\":{\"@id\":\"https:\\\/\\\/lasentinelle.dz\\\/index.php\\\/2024\\\/04\\\/27\\\/manifestations-contre-lagression-sioniste-a-ghaza-la-protesta-gagne-les-campus-europeens\\\/#primaryimage\"},\"thumbnailUrl\":\"https:\\\/\\\/lasentinelle.dz\\\/wp-content\\\/uploads\\\/2024\\\/04\\\/campus.webp\",\"articleSection\":[\"\u00c0 la Une\",\"Actualit\u00e9\"],\"inLanguage\":\"fr-FR\",\"potentialAction\":[{\"@type\":\"CommentAction\",\"name\":\"Comment\",\"target\":[\"https:\\\/\\\/lasentinelle.dz\\\/index.php\\\/2024\\\/04\\\/27\\\/manifestations-contre-lagression-sioniste-a-ghaza-la-protesta-gagne-les-campus-europeens\\\/#respond\"]}]},{\"@type\":\"WebPage\",\"@id\":\"https:\\\/\\\/lasentinelle.dz\\\/index.php\\\/2024\\\/04\\\/27\\\/manifestations-contre-lagression-sioniste-a-ghaza-la-protesta-gagne-les-campus-europeens\\\/\",\"url\":\"https:\\\/\\\/lasentinelle.dz\\\/index.php\\\/2024\\\/04\\\/27\\\/manifestations-contre-lagression-sioniste-a-ghaza-la-protesta-gagne-les-campus-europeens\\\/\",\"name\":\"Manifestations contre l&rsquo;agression sioniste \u00e0 Ghaza\u00a0: La protesta gagne les campus europ\u00e9ens - La Sentinelle\",\"isPartOf\":{\"@id\":\"https:\\\/\\\/lasentinelle.dz\\\/#website\"},\"primaryImageOfPage\":{\"@id\":\"https:\\\/\\\/lasentinelle.dz\\\/index.php\\\/2024\\\/04\\\/27\\\/manifestations-contre-lagression-sioniste-a-ghaza-la-protesta-gagne-les-campus-europeens\\\/#primaryimage\"},\"image\":{\"@id\":\"https:\\\/\\\/lasentinelle.dz\\\/index.php\\\/2024\\\/04\\\/27\\\/manifestations-contre-lagression-sioniste-a-ghaza-la-protesta-gagne-les-campus-europeens\\\/#primaryimage\"},\"thumbnailUrl\":\"https:\\\/\\\/lasentinelle.dz\\\/wp-content\\\/uploads\\\/2024\\\/04\\\/campus.webp\",\"datePublished\":\"2024-04-27T20:54:27+00:00\",\"dateModified\":\"2024-04-27T20:54:42+00:00\",\"breadcrumb\":{\"@id\":\"https:\\\/\\\/lasentinelle.dz\\\/index.php\\\/2024\\\/04\\\/27\\\/manifestations-contre-lagression-sioniste-a-ghaza-la-protesta-gagne-les-campus-europeens\\\/#breadcrumb\"},\"inLanguage\":\"fr-FR\",\"potentialAction\":[{\"@type\":\"ReadAction\",\"target\":[\"https:\\\/\\\/lasentinelle.dz\\\/index.php\\\/2024\\\/04\\\/27\\\/manifestations-contre-lagression-sioniste-a-ghaza-la-protesta-gagne-les-campus-europeens\\\/\"]}]},{\"@type\":\"ImageObject\",\"inLanguage\":\"fr-FR\",\"@id\":\"https:\\\/\\\/lasentinelle.dz\\\/index.php\\\/2024\\\/04\\\/27\\\/manifestations-contre-lagression-sioniste-a-ghaza-la-protesta-gagne-les-campus-europeens\\\/#primaryimage\",\"url\":\"https:\\\/\\\/lasentinelle.dz\\\/wp-content\\\/uploads\\\/2024\\\/04\\\/campus.webp\",\"contentUrl\":\"https:\\\/\\\/lasentinelle.dz\\\/wp-content\\\/uploads\\\/2024\\\/04\\\/campus.webp\",\"width\":864,\"height\":486},{\"@type\":\"BreadcrumbList\",\"@id\":\"https:\\\/\\\/lasentinelle.dz\\\/index.php\\\/2024\\\/04\\\/27\\\/manifestations-contre-lagression-sioniste-a-ghaza-la-protesta-gagne-les-campus-europeens\\\/#breadcrumb\",\"itemListElement\":[{\"@type\":\"ListItem\",\"position\":1,\"name\":\"Accueil\",\"item\":\"https:\\\/\\\/lasentinelle.dz\\\/\"},{\"@type\":\"ListItem\",\"position\":2,\"name\":\"Manifestations contre l&rsquo;agression sioniste \u00e0 Ghaza\u00a0: La protesta gagne les campus europ\u00e9ens\"}]},{\"@type\":\"WebSite\",\"@id\":\"https:\\\/\\\/lasentinelle.dz\\\/#website\",\"url\":\"https:\\\/\\\/lasentinelle.dz\\\/\",\"name\":\"La Sentinelle\",\"description\":\"Quotidien national d&#039;information\",\"publisher\":{\"@id\":\"https:\\\/\\\/lasentinelle.dz\\\/#organization\"},\"potentialAction\":[{\"@type\":\"SearchAction\",\"target\":{\"@type\":\"EntryPoint\",\"urlTemplate\":\"https:\\\/\\\/lasentinelle.dz\\\/?s={search_term_string}\"},\"query-input\":{\"@type\":\"PropertyValueSpecification\",\"valueRequired\":true,\"valueName\":\"search_term_string\"}}],\"inLanguage\":\"fr-FR\"},{\"@type\":\"Organization\",\"@id\":\"https:\\\/\\\/lasentinelle.dz\\\/#organization\",\"name\":\"Quotidien La Sentinelle\",\"url\":\"https:\\\/\\\/lasentinelle.dz\\\/\",\"logo\":{\"@type\":\"ImageObject\",\"inLanguage\":\"fr-FR\",\"@id\":\"https:\\\/\\\/lasentinelle.dz\\\/#\\\/schema\\\/logo\\\/image\\\/\",\"url\":\"https:\\\/\\\/lasentinelle.dz\\\/wp-content\\\/uploads\\\/2021\\\/09\\\/logo-sentinelleSLOGAN-1.png\",\"contentUrl\":\"https:\\\/\\\/lasentinelle.dz\\\/wp-content\\\/uploads\\\/2021\\\/09\\\/logo-sentinelleSLOGAN-1.png\",\"width\":615,\"height\":142,\"caption\":\"Quotidien La Sentinelle\"},\"image\":{\"@id\":\"https:\\\/\\\/lasentinelle.dz\\\/#\\\/schema\\\/logo\\\/image\\\/\"},\"sameAs\":[\"https:\\\/\\\/www.facebook.com\\\/La-Sentinelle-104059864394773\"]},{\"@type\":\"Person\",\"@id\":\"https:\\\/\\\/lasentinelle.dz\\\/#\\\/schema\\\/person\\\/d865044e22e70a75174ce8bcad3acfb3\",\"name\":\"La Sentinelle\",\"image\":{\"@type\":\"ImageObject\",\"inLanguage\":\"fr-FR\",\"@id\":\"https:\\\/\\\/secure.gravatar.com\\\/avatar\\\/57de8e5d4b15d43fb361a71fbb36338450fe67865b528a43dd10ef7c51a20392?s=96&d=mm&r=g\",\"url\":\"https:\\\/\\\/secure.gravatar.com\\\/avatar\\\/57de8e5d4b15d43fb361a71fbb36338450fe67865b528a43dd10ef7c51a20392?s=96&d=mm&r=g\",\"contentUrl\":\"https:\\\/\\\/secure.gravatar.com\\\/avatar\\\/57de8e5d4b15d43fb361a71fbb36338450fe67865b528a43dd10ef7c51a20392?s=96&d=mm&r=g\",\"caption\":\"La Sentinelle\"},\"sameAs\":[\"http:\\\/\\\/www.lasentinelle.dz\"],\"url\":\"https:\\\/\\\/lasentinelle.dz\\\/author\\\/redaction\\\/\"}]}<\/script>\n<!-- \/ Yoast SEO plugin. -->","yoast_head_json":{"title":"Manifestations contre l&rsquo;agression sioniste \u00e0 Ghaza\u00a0: La protesta gagne les campus europ\u00e9ens - La Sentinelle","robots":{"index":"index","follow":"follow","max-snippet":"max-snippet:-1","max-image-preview":"max-image-preview:large","max-video-preview":"max-video-preview:-1"},"canonical":"https:\/\/lasentinelle.dz\/index.php\/2024\/04\/27\/manifestations-contre-lagression-sioniste-a-ghaza-la-protesta-gagne-les-campus-europeens\/","og_locale":"fr_FR","og_type":"article","og_title":"Manifestations contre l&rsquo;agression sioniste \u00e0 Ghaza\u00a0: La protesta gagne les campus europ\u00e9ens - La Sentinelle","og_description":"La protestation contre l&rsquo;agression g\u00e9nocidaire sioniste en cours dans la bande de Ghaza s\u2019\u00e9largit au sein des universit\u00e9s. Alors que","og_url":"https:\/\/lasentinelle.dz\/index.php\/2024\/04\/27\/manifestations-contre-lagression-sioniste-a-ghaza-la-protesta-gagne-les-campus-europeens\/","og_site_name":"La Sentinelle","article_publisher":"https:\/\/www.facebook.com\/La-Sentinelle-104059864394773","article_published_time":"2024-04-27T20:54:27+00:00","article_modified_time":"2024-04-27T20:54:42+00:00","og_image":[{"width":864,"height":486,"url":"https:\/\/lasentinelle.dz\/wp-content\/uploads\/2024\/04\/campus.webp","type":"image\/webp"}],"author":"La Sentinelle","twitter_card":"summary_large_image","twitter_misc":{"\u00c9crit par":"La Sentinelle","Dur\u00e9e de lecture estim\u00e9e":"6 minutes"},"schema":{"@context":"https:\/\/schema.org","@graph":[{"@type":"Article","@id":"https:\/\/lasentinelle.dz\/index.php\/2024\/04\/27\/manifestations-contre-lagression-sioniste-a-ghaza-la-protesta-gagne-les-campus-europeens\/#article","isPartOf":{"@id":"https:\/\/lasentinelle.dz\/index.php\/2024\/04\/27\/manifestations-contre-lagression-sioniste-a-ghaza-la-protesta-gagne-les-campus-europeens\/"},"author":{"name":"La Sentinelle","@id":"https:\/\/lasentinelle.dz\/#\/schema\/person\/d865044e22e70a75174ce8bcad3acfb3"},"headline":"Manifestations contre l&rsquo;agression sioniste \u00e0 Ghaza\u00a0: La protesta gagne les campus europ\u00e9ens","datePublished":"2024-04-27T20:54:27+00:00","dateModified":"2024-04-27T20:54:42+00:00","mainEntityOfPage":{"@id":"https:\/\/lasentinelle.dz\/index.php\/2024\/04\/27\/manifestations-contre-lagression-sioniste-a-ghaza-la-protesta-gagne-les-campus-europeens\/"},"wordCount":1214,"commentCount":0,"publisher":{"@id":"https:\/\/lasentinelle.dz\/#organization"},"image":{"@id":"https:\/\/lasentinelle.dz\/index.php\/2024\/04\/27\/manifestations-contre-lagression-sioniste-a-ghaza-la-protesta-gagne-les-campus-europeens\/#primaryimage"},"thumbnailUrl":"https:\/\/lasentinelle.dz\/wp-content\/uploads\/2024\/04\/campus.webp","articleSection":["\u00c0 la Une","Actualit\u00e9"],"inLanguage":"fr-FR","potentialAction":[{"@type":"CommentAction","name":"Comment","target":["https:\/\/lasentinelle.dz\/index.php\/2024\/04\/27\/manifestations-contre-lagression-sioniste-a-ghaza-la-protesta-gagne-les-campus-europeens\/#respond"]}]},{"@type":"WebPage","@id":"https:\/\/lasentinelle.dz\/index.php\/2024\/04\/27\/manifestations-contre-lagression-sioniste-a-ghaza-la-protesta-gagne-les-campus-europeens\/","url":"https:\/\/lasentinelle.dz\/index.php\/2024\/04\/27\/manifestations-contre-lagression-sioniste-a-ghaza-la-protesta-gagne-les-campus-europeens\/","name":"Manifestations contre l&rsquo;agression sioniste \u00e0 Ghaza\u00a0: La protesta gagne les campus europ\u00e9ens - La Sentinelle","isPartOf":{"@id":"https:\/\/lasentinelle.dz\/#website"},"primaryImageOfPage":{"@id":"https:\/\/lasentinelle.dz\/index.php\/2024\/04\/27\/manifestations-contre-lagression-sioniste-a-ghaza-la-protesta-gagne-les-campus-europeens\/#primaryimage"},"image":{"@id":"https:\/\/lasentinelle.dz\/index.php\/2024\/04\/27\/manifestations-contre-lagression-sioniste-a-ghaza-la-protesta-gagne-les-campus-europeens\/#primaryimage"},"thumbnailUrl":"https:\/\/lasentinelle.dz\/wp-content\/uploads\/2024\/04\/campus.webp","datePublished":"2024-04-27T20:54:27+00:00","dateModified":"2024-04-27T20:54:42+00:00","breadcrumb":{"@id":"https:\/\/lasentinelle.dz\/index.php\/2024\/04\/27\/manifestations-contre-lagression-sioniste-a-ghaza-la-protesta-gagne-les-campus-europeens\/#breadcrumb"},"inLanguage":"fr-FR","potentialAction":[{"@type":"ReadAction","target":["https:\/\/lasentinelle.dz\/index.php\/2024\/04\/27\/manifestations-contre-lagression-sioniste-a-ghaza-la-protesta-gagne-les-campus-europeens\/"]}]},{"@type":"ImageObject","inLanguage":"fr-FR","@id":"https:\/\/lasentinelle.dz\/index.php\/2024\/04\/27\/manifestations-contre-lagression-sioniste-a-ghaza-la-protesta-gagne-les-campus-europeens\/#primaryimage","url":"https:\/\/lasentinelle.dz\/wp-content\/uploads\/2024\/04\/campus.webp","contentUrl":"https:\/\/lasentinelle.dz\/wp-content\/uploads\/2024\/04\/campus.webp","width":864,"height":486},{"@type":"BreadcrumbList","@id":"https:\/\/lasentinelle.dz\/index.php\/2024\/04\/27\/manifestations-contre-lagression-sioniste-a-ghaza-la-protesta-gagne-les-campus-europeens\/#breadcrumb","itemListElement":[{"@type":"ListItem","position":1,"name":"Accueil","item":"https:\/\/lasentinelle.dz\/"},{"@type":"ListItem","position":2,"name":"Manifestations contre l&rsquo;agression sioniste \u00e0 Ghaza\u00a0: La protesta gagne les campus europ\u00e9ens"}]},{"@type":"WebSite","@id":"https:\/\/lasentinelle.dz\/#website","url":"https:\/\/lasentinelle.dz\/","name":"La Sentinelle","description":"Quotidien national d&#039;information","publisher":{"@id":"https:\/\/lasentinelle.dz\/#organization"},"potentialAction":[{"@type":"SearchAction","target":{"@type":"EntryPoint","urlTemplate":"https:\/\/lasentinelle.dz\/?s={search_term_string}"},"query-input":{"@type":"PropertyValueSpecification","valueRequired":true,"valueName":"search_term_string"}}],"inLanguage":"fr-FR"},{"@type":"Organization","@id":"https:\/\/lasentinelle.dz\/#organization","name":"Quotidien La Sentinelle","url":"https:\/\/lasentinelle.dz\/","logo":{"@type":"ImageObject","inLanguage":"fr-FR","@id":"https:\/\/lasentinelle.dz\/#\/schema\/logo\/image\/","url":"https:\/\/lasentinelle.dz\/wp-content\/uploads\/2021\/09\/logo-sentinelleSLOGAN-1.png","contentUrl":"https:\/\/lasentinelle.dz\/wp-content\/uploads\/2021\/09\/logo-sentinelleSLOGAN-1.png","width":615,"height":142,"caption":"Quotidien La Sentinelle"},"image":{"@id":"https:\/\/lasentinelle.dz\/#\/schema\/logo\/image\/"},"sameAs":["https:\/\/www.facebook.com\/La-Sentinelle-104059864394773"]},{"@type":"Person","@id":"https:\/\/lasentinelle.dz\/#\/schema\/person\/d865044e22e70a75174ce8bcad3acfb3","name":"La Sentinelle","image":{"@type":"ImageObject","inLanguage":"fr-FR","@id":"https:\/\/secure.gravatar.com\/avatar\/57de8e5d4b15d43fb361a71fbb36338450fe67865b528a43dd10ef7c51a20392?s=96&d=mm&r=g","url":"https:\/\/secure.gravatar.com\/avatar\/57de8e5d4b15d43fb361a71fbb36338450fe67865b528a43dd10ef7c51a20392?s=96&d=mm&r=g","contentUrl":"https:\/\/secure.gravatar.com\/avatar\/57de8e5d4b15d43fb361a71fbb36338450fe67865b528a43dd10ef7c51a20392?s=96&d=mm&r=g","caption":"La Sentinelle"},"sameAs":["http:\/\/www.lasentinelle.dz"],"url":"https:\/\/lasentinelle.dz\/author\/redaction\/"}]}},"_links":{"self":[{"href":"https:\/\/lasentinelle.dz\/index.php\/wp-json\/wp\/v2\/posts\/51768","targetHints":{"allow":["GET"]}}],"collection":[{"href":"https:\/\/lasentinelle.dz\/index.php\/wp-json\/wp\/v2\/posts"}],"about":[{"href":"https:\/\/lasentinelle.dz\/index.php\/wp-json\/wp\/v2\/types\/post"}],"author":[{"embeddable":true,"href":"https:\/\/lasentinelle.dz\/index.php\/wp-json\/wp\/v2\/users\/3"}],"replies":[{"embeddable":true,"href":"https:\/\/lasentinelle.dz\/index.php\/wp-json\/wp\/v2\/comments?post=51768"}],"version-history":[{"count":2,"href":"https:\/\/lasentinelle.dz\/index.php\/wp-json\/wp\/v2\/posts\/51768\/revisions"}],"predecessor-version":[{"id":51771,"href":"https:\/\/lasentinelle.dz\/index.php\/wp-json\/wp\/v2\/posts\/51768\/revisions\/51771"}],"wp:featuredmedia":[{"embeddable":true,"href":"https:\/\/lasentinelle.dz\/index.php\/wp-json\/wp\/v2\/media\/51769"}],"wp:attachment":[{"href":"https:\/\/lasentinelle.dz\/index.php\/wp-json\/wp\/v2\/media?parent=51768"}],"wp:term":[{"taxonomy":"category","embeddable":true,"href":"https:\/\/lasentinelle.dz\/index.php\/wp-json\/wp\/v2\/categories?post=51768"},{"taxonomy":"post_tag","embeddable":true,"href":"https:\/\/lasentinelle.dz\/index.php\/wp-json\/wp\/v2\/tags?post=51768"}],"curies":[{"name":"wp","href":"https:\/\/api.w.org\/{rel}","templated":true}]}}