{"id":51774,"date":"2024-04-27T22:02:13","date_gmt":"2024-04-27T21:02:13","guid":{"rendered":"https:\/\/lasentinelle.dz\/?p=51774"},"modified":"2024-04-27T22:02:18","modified_gmt":"2024-04-27T21:02:18","slug":"la-fin-du-petrole-nest-pas-en-vue","status":"publish","type":"post","link":"https:\/\/lasentinelle.dz\/index.php\/2024\/04\/27\/la-fin-du-petrole-nest-pas-en-vue\/","title":{"rendered":"\u00ab\u00a0La fin du p\u00e9trole n\u2019est pas en vue\u00a0\u00bb"},"content":{"rendered":"\n<p>Le Secr\u00e9taire g\u00e9n\u00e9ral de l&rsquo;Organisation des pays exportateurs de p\u00e9trole (OPEP), Haitham Al Ghais, a soulign\u00e9, une nouvelle fois dans une contribution publi\u00e9e par le m\u00e9dia sp\u00e9cialis\u00e9 MEES (Middle East Economic Survey) que la fin du p\u00e9trole n&rsquo;est pas en vue, car le rythme de croissance de la demande \u00e9nerg\u00e9tique soulignent la n\u00e9cessit\u00e9 de s\u2019appuyer sur un mix \u00e9nerg\u00e9tique complet alors que &nbsp;les alternatives ne peuvent pas remplacer le p\u00e9trole \u00e0 l&rsquo;\u00e9chelle n\u00e9cessaire. Il a \u00e9galement mis \u00e0 l\u2019index les appels irr\u00e9alistes \u00e0 mettre fin aux \u00e9nergies fossiles estimant que l&rsquo;accent devrait \u00eatre mis sur la r\u00e9duction des \u00e9missions et non sur la fin du p\u00e9trole. Haitham Al Ghais indique qu&rsquo;il existe \u00ab\u00a0une tendance inqui\u00e9tante de r\u00e9cits\u00a0\u00bb qui utilisent des termes comme la fin du p\u00e9trole, qui pourraient encourager des politiques \u00e9nerg\u00e9tiques qui alimentent le chaos \u00e9nerg\u00e9tique. \u00ab&nbsp;Un r\u00e9cent rapport sur la demande de p\u00e9trole publi\u00e9 par The Economist illustre une tendance inqui\u00e9tante \u00e0 utiliser de plus en plus une terminologie telle que \u00ab la fin du p\u00e9trole \u00bb tout en sous-estimant ou en omettant des d\u00e9tails cl\u00e9s concernant la demande de p\u00e9trole actuelle et future. De telles affirmations, malgr\u00e9 toutes les preuves du contraire, sont d\u2019autant plus dangereuses qu\u2019elles risquent de favoriser des politiques \u00e9nerg\u00e9tiques qui alimentent le chaos \u00e9nerg\u00e9tique&nbsp;\u00bb, \u00e9crit-il. &nbsp;\u00ab\u00a0Que se passerait-il si les investissements dans l&rsquo;offre diminuaient en cons\u00e9quence, mais que la demande de p\u00e9trole continuait d&rsquo;augmenter, comme nous le voyons aujourd&rsquo;hui ?\u00a0\u00bb a \u00e9crit Al Ghais dans l&rsquo;article du MEES partag\u00e9 par l&rsquo;OPEP. \u00ab&nbsp;Ce genre de discours oublie que le p\u00e9trole continue d\u2019\u00eatre irrempla\u00e7able pour favoriser la prosp\u00e9rit\u00e9 mondiale et maintenir la s\u00e9curit\u00e9 \u00e9nerg\u00e9tique. \u00c0 cet \u00e9gard, Ed Conway n\u2019exag\u00e9rait pas dans \u00ab Material World \u00bb \u2013 l\u2019un des meilleurs livres de The Economist de 2023 \u2013 lorsqu\u2019il d\u00e9clarait que l\u2019\u00e8re du p\u00e9trole \u00ab a d\u00e9livr\u00e9 l\u2019humanit\u00e9 d\u2019une grande partie de la corv\u00e9e du travail manuel\u2026 a augment\u00e9 les revenus dans le monde entier\u2026 nous a aid\u00e9s. vivre plus longtemps\u2026 et fournit les produits chimiques \u00e0 partir desquels nous fabriquons les engrais qui maintiennent la moiti\u00e9 de la plan\u00e8te en vie&nbsp;\u00bb, ajoute le SG de l\u2019Opep. \u00ab\u00a0La r\u00e9alit\u00e9 est que la fin du p\u00e9trole n&rsquo;est pas en vue\u00a0\u00bb, a-t-il \u00e9crit.L&rsquo;Organisation des pays exportateurs de p\u00e9trole estime que la consommation de p\u00e9trole continuera d&rsquo;augmenter dans les d\u00e9cennies \u00e0 venir, contrairement \u00e0 des organismes tels que l&rsquo;Agence internationale de l&rsquo;\u00e9nergie, qui pr\u00e9voit qu&rsquo;elle atteindra son pic d&rsquo;ici 2030. A ce propos, le SG de l\u2019Opep souligne que&nbsp; \u00ab&nbsp;sugg\u00e9rer que la demande de p\u00e9trole pourrait culminer d&rsquo;ici 2030, voire chuter de plus de 25 % sur la m\u00eame p\u00e9riode, comme certains r\u00e9cits y font allusion, n\u00e9glige ce que toutes les sources d&rsquo;\u00e9nergie peuvent r\u00e9ellement fournir et \u00e0 quelle \u00e9chelle de temps, d&rsquo;autant plus que 2030 est dans moins de six ans.&nbsp;\u00bb Et d\u2019ajouter que \u00ab&nbsp;de nombreux r\u00e9cits omettent \u00e9galement de mentionner que les nombreuses propositions initiales de politiques ambitieuses de z\u00e9ro \u00e9mission nette se heurtent de plus en plus \u00e0 une opposition partout dans le monde, \u00e0 mesure que les gens commencent \u00e0 comprendre le v\u00e9ritable co\u00fbt de ces politiques et les capacit\u00e9s correspondantes. Les gens veulent une \u00e9nergie abordable et fiable et des \u00e9missions r\u00e9duites.&nbsp;\u00bb Al Ghais a \u00e9crit que le monde a investi plus de 9,5 billions de dollars dans les co\u00fbts de transition au cours des deux derni\u00e8res d\u00e9cennies, mais que l&rsquo;\u00e9olien et le solaire ne fournissent encore que pr\u00e8s de 4 % de l&rsquo;\u00e9nergie mondiale, tandis que les v\u00e9hicules \u00e9lectriques ont un taux de p\u00e9n\u00e9tration mondial total de 2 % \u00e0 3 %.<\/p>\n\n\n\n<p>L&rsquo;industrie p\u00e9troli\u00e8re investit dans des technologies telles que la capture et l&rsquo;utilisation du carbone, l&rsquo;hydrog\u00e8ne propre et la capture directe de l&rsquo;air, et montre ainsi qu&rsquo;il est possible de r\u00e9duire les \u00e9missions tout en produisant le p\u00e9trole dont le monde a besoin, a \u00e9crit Al Ghais.<\/p>\n\n\n\n<p>Sabrina Aziouez<\/p>\n","protected":false},"excerpt":{"rendered":"<p>Le Secr\u00e9taire g\u00e9n\u00e9ral de l&rsquo;Organisation des pays exportateurs de p\u00e9trole (OPEP), Haitham Al Ghais, a soulign\u00e9, une nouvelle fois dans<\/p>\n","protected":false},"author":3,"featured_media":41417,"comment_status":"open","ping_status":"closed","sticky":false,"template":"","format":"standard","meta":{"colormag_page_container_layout":"default_layout","colormag_page_sidebar_layout":"default_layout","om_disable_all_campaigns":false,"_monsterinsights_skip_tracking":false,"_monsterinsights_sitenote_active":false,"_monsterinsights_sitenote_note":"","_monsterinsights_sitenote_category":0,"footnotes":"","_wpscppro_dont_share_socialmedia":false,"_wpscppro_custom_social_share_image":0,"_facebook_share_type":"","_twitter_share_type":"","_linkedin_share_type":"","_pinterest_share_type":"","_linkedin_share_type_page":"","_instagram_share_type":"","_medium_share_type":"","_threads_share_type":"","_google_business_share_type":"","_selected_social_profile":[],"_wpsp_enable_custom_social_template":false,"_wpsp_social_scheduling":{"enabled":false,"datetime":null,"platforms":[],"status":"template_only","dateOption":"today","timeOption":"now","customDays":"","customHours":"","customDate":"","customTime":"","schedulingType":"absolute"},"_wpsp_active_default_template":true},"categories":[29],"tags":[],"class_list":["post-51774","post","type-post","status-publish","format-standard","has-post-thumbnail","hentry","category-economie"],"aioseo_notices":[],"yoast_head":"<!-- This site is optimized with the Yoast SEO plugin v27.5 - https:\/\/yoast.com\/product\/yoast-seo-wordpress\/ -->\n<title>\u00ab\u00a0La fin du p\u00e9trole n\u2019est pas en vue\u00a0\u00bb - La Sentinelle<\/title>\n<meta name=\"robots\" content=\"index, follow, max-snippet:-1, max-image-preview:large, max-video-preview:-1\" \/>\n<link rel=\"canonical\" href=\"https:\/\/lasentinelle.dz\/index.php\/2024\/04\/27\/la-fin-du-petrole-nest-pas-en-vue\/\" \/>\n<meta property=\"og:locale\" content=\"fr_FR\" \/>\n<meta property=\"og:type\" content=\"article\" \/>\n<meta property=\"og:title\" content=\"\u00ab\u00a0La fin du p\u00e9trole n\u2019est pas en vue\u00a0\u00bb - La Sentinelle\" \/>\n<meta property=\"og:description\" content=\"Le Secr\u00e9taire g\u00e9n\u00e9ral de l&rsquo;Organisation des pays exportateurs de p\u00e9trole (OPEP), Haitham Al Ghais, a soulign\u00e9, une nouvelle fois dans\" \/>\n<meta property=\"og:url\" content=\"https:\/\/lasentinelle.dz\/index.php\/2024\/04\/27\/la-fin-du-petrole-nest-pas-en-vue\/\" \/>\n<meta property=\"og:site_name\" content=\"La Sentinelle\" \/>\n<meta property=\"article:publisher\" content=\"https:\/\/www.facebook.com\/La-Sentinelle-104059864394773\" \/>\n<meta property=\"article:published_time\" content=\"2024-04-27T21:02:13+00:00\" \/>\n<meta property=\"article:modified_time\" content=\"2024-04-27T21:02:18+00:00\" \/>\n<meta property=\"og:image\" content=\"https:\/\/lasentinelle.dz\/wp-content\/uploads\/2023\/05\/al-ghais.png\" \/>\n\t<meta property=\"og:image:width\" content=\"1351\" \/>\n\t<meta property=\"og:image:height\" content=\"900\" \/>\n\t<meta property=\"og:image:type\" content=\"image\/png\" \/>\n<meta name=\"author\" content=\"La Sentinelle\" \/>\n<meta name=\"twitter:card\" content=\"summary_large_image\" \/>\n<meta name=\"twitter:label1\" content=\"\u00c9crit par\" \/>\n\t<meta name=\"twitter:data1\" content=\"La Sentinelle\" \/>\n\t<meta name=\"twitter:label2\" content=\"Dur\u00e9e de lecture estim\u00e9e\" \/>\n\t<meta name=\"twitter:data2\" content=\"4 minutes\" \/>\n<script type=\"application\/ld+json\" class=\"yoast-schema-graph\">{\"@context\":\"https:\\\/\\\/schema.org\",\"@graph\":[{\"@type\":\"Article\",\"@id\":\"https:\\\/\\\/lasentinelle.dz\\\/index.php\\\/2024\\\/04\\\/27\\\/la-fin-du-petrole-nest-pas-en-vue\\\/#article\",\"isPartOf\":{\"@id\":\"https:\\\/\\\/lasentinelle.dz\\\/index.php\\\/2024\\\/04\\\/27\\\/la-fin-du-petrole-nest-pas-en-vue\\\/\"},\"author\":{\"name\":\"La Sentinelle\",\"@id\":\"https:\\\/\\\/lasentinelle.dz\\\/#\\\/schema\\\/person\\\/d865044e22e70a75174ce8bcad3acfb3\"},\"headline\":\"\u00ab\u00a0La fin du p\u00e9trole n\u2019est pas en vue\u00a0\u00bb\",\"datePublished\":\"2024-04-27T21:02:13+00:00\",\"dateModified\":\"2024-04-27T21:02:18+00:00\",\"mainEntityOfPage\":{\"@id\":\"https:\\\/\\\/lasentinelle.dz\\\/index.php\\\/2024\\\/04\\\/27\\\/la-fin-du-petrole-nest-pas-en-vue\\\/\"},\"wordCount\":741,\"commentCount\":0,\"publisher\":{\"@id\":\"https:\\\/\\\/lasentinelle.dz\\\/#organization\"},\"image\":{\"@id\":\"https:\\\/\\\/lasentinelle.dz\\\/index.php\\\/2024\\\/04\\\/27\\\/la-fin-du-petrole-nest-pas-en-vue\\\/#primaryimage\"},\"thumbnailUrl\":\"https:\\\/\\\/lasentinelle.dz\\\/wp-content\\\/uploads\\\/2023\\\/05\\\/al-ghais.png\",\"articleSection\":[\"\u00c9conomie\"],\"inLanguage\":\"fr-FR\",\"potentialAction\":[{\"@type\":\"CommentAction\",\"name\":\"Comment\",\"target\":[\"https:\\\/\\\/lasentinelle.dz\\\/index.php\\\/2024\\\/04\\\/27\\\/la-fin-du-petrole-nest-pas-en-vue\\\/#respond\"]}]},{\"@type\":\"WebPage\",\"@id\":\"https:\\\/\\\/lasentinelle.dz\\\/index.php\\\/2024\\\/04\\\/27\\\/la-fin-du-petrole-nest-pas-en-vue\\\/\",\"url\":\"https:\\\/\\\/lasentinelle.dz\\\/index.php\\\/2024\\\/04\\\/27\\\/la-fin-du-petrole-nest-pas-en-vue\\\/\",\"name\":\"\u00ab\u00a0La fin du p\u00e9trole n\u2019est pas en vue\u00a0\u00bb - La Sentinelle\",\"isPartOf\":{\"@id\":\"https:\\\/\\\/lasentinelle.dz\\\/#website\"},\"primaryImageOfPage\":{\"@id\":\"https:\\\/\\\/lasentinelle.dz\\\/index.php\\\/2024\\\/04\\\/27\\\/la-fin-du-petrole-nest-pas-en-vue\\\/#primaryimage\"},\"image\":{\"@id\":\"https:\\\/\\\/lasentinelle.dz\\\/index.php\\\/2024\\\/04\\\/27\\\/la-fin-du-petrole-nest-pas-en-vue\\\/#primaryimage\"},\"thumbnailUrl\":\"https:\\\/\\\/lasentinelle.dz\\\/wp-content\\\/uploads\\\/2023\\\/05\\\/al-ghais.png\",\"datePublished\":\"2024-04-27T21:02:13+00:00\",\"dateModified\":\"2024-04-27T21:02:18+00:00\",\"breadcrumb\":{\"@id\":\"https:\\\/\\\/lasentinelle.dz\\\/index.php\\\/2024\\\/04\\\/27\\\/la-fin-du-petrole-nest-pas-en-vue\\\/#breadcrumb\"},\"inLanguage\":\"fr-FR\",\"potentialAction\":[{\"@type\":\"ReadAction\",\"target\":[\"https:\\\/\\\/lasentinelle.dz\\\/index.php\\\/2024\\\/04\\\/27\\\/la-fin-du-petrole-nest-pas-en-vue\\\/\"]}]},{\"@type\":\"ImageObject\",\"inLanguage\":\"fr-FR\",\"@id\":\"https:\\\/\\\/lasentinelle.dz\\\/index.php\\\/2024\\\/04\\\/27\\\/la-fin-du-petrole-nest-pas-en-vue\\\/#primaryimage\",\"url\":\"https:\\\/\\\/lasentinelle.dz\\\/wp-content\\\/uploads\\\/2023\\\/05\\\/al-ghais.png\",\"contentUrl\":\"https:\\\/\\\/lasentinelle.dz\\\/wp-content\\\/uploads\\\/2023\\\/05\\\/al-ghais.png\",\"width\":1351,\"height\":900},{\"@type\":\"BreadcrumbList\",\"@id\":\"https:\\\/\\\/lasentinelle.dz\\\/index.php\\\/2024\\\/04\\\/27\\\/la-fin-du-petrole-nest-pas-en-vue\\\/#breadcrumb\",\"itemListElement\":[{\"@type\":\"ListItem\",\"position\":1,\"name\":\"Accueil\",\"item\":\"https:\\\/\\\/lasentinelle.dz\\\/\"},{\"@type\":\"ListItem\",\"position\":2,\"name\":\"\u00ab\u00a0La fin du p\u00e9trole n\u2019est pas en vue\u00a0\u00bb\"}]},{\"@type\":\"WebSite\",\"@id\":\"https:\\\/\\\/lasentinelle.dz\\\/#website\",\"url\":\"https:\\\/\\\/lasentinelle.dz\\\/\",\"name\":\"La Sentinelle\",\"description\":\"Quotidien national d&#039;information\",\"publisher\":{\"@id\":\"https:\\\/\\\/lasentinelle.dz\\\/#organization\"},\"potentialAction\":[{\"@type\":\"SearchAction\",\"target\":{\"@type\":\"EntryPoint\",\"urlTemplate\":\"https:\\\/\\\/lasentinelle.dz\\\/?s={search_term_string}\"},\"query-input\":{\"@type\":\"PropertyValueSpecification\",\"valueRequired\":true,\"valueName\":\"search_term_string\"}}],\"inLanguage\":\"fr-FR\"},{\"@type\":\"Organization\",\"@id\":\"https:\\\/\\\/lasentinelle.dz\\\/#organization\",\"name\":\"Quotidien La Sentinelle\",\"url\":\"https:\\\/\\\/lasentinelle.dz\\\/\",\"logo\":{\"@type\":\"ImageObject\",\"inLanguage\":\"fr-FR\",\"@id\":\"https:\\\/\\\/lasentinelle.dz\\\/#\\\/schema\\\/logo\\\/image\\\/\",\"url\":\"https:\\\/\\\/lasentinelle.dz\\\/wp-content\\\/uploads\\\/2021\\\/09\\\/logo-sentinelleSLOGAN-1.png\",\"contentUrl\":\"https:\\\/\\\/lasentinelle.dz\\\/wp-content\\\/uploads\\\/2021\\\/09\\\/logo-sentinelleSLOGAN-1.png\",\"width\":615,\"height\":142,\"caption\":\"Quotidien La Sentinelle\"},\"image\":{\"@id\":\"https:\\\/\\\/lasentinelle.dz\\\/#\\\/schema\\\/logo\\\/image\\\/\"},\"sameAs\":[\"https:\\\/\\\/www.facebook.com\\\/La-Sentinelle-104059864394773\"]},{\"@type\":\"Person\",\"@id\":\"https:\\\/\\\/lasentinelle.dz\\\/#\\\/schema\\\/person\\\/d865044e22e70a75174ce8bcad3acfb3\",\"name\":\"La Sentinelle\",\"image\":{\"@type\":\"ImageObject\",\"inLanguage\":\"fr-FR\",\"@id\":\"https:\\\/\\\/secure.gravatar.com\\\/avatar\\\/57de8e5d4b15d43fb361a71fbb36338450fe67865b528a43dd10ef7c51a20392?s=96&d=mm&r=g\",\"url\":\"https:\\\/\\\/secure.gravatar.com\\\/avatar\\\/57de8e5d4b15d43fb361a71fbb36338450fe67865b528a43dd10ef7c51a20392?s=96&d=mm&r=g\",\"contentUrl\":\"https:\\\/\\\/secure.gravatar.com\\\/avatar\\\/57de8e5d4b15d43fb361a71fbb36338450fe67865b528a43dd10ef7c51a20392?s=96&d=mm&r=g\",\"caption\":\"La Sentinelle\"},\"sameAs\":[\"http:\\\/\\\/www.lasentinelle.dz\"],\"url\":\"https:\\\/\\\/lasentinelle.dz\\\/author\\\/redaction\\\/\"}]}<\/script>\n<!-- \/ Yoast SEO plugin. -->","yoast_head_json":{"title":"\u00ab\u00a0La fin du p\u00e9trole n\u2019est pas en vue\u00a0\u00bb - La Sentinelle","robots":{"index":"index","follow":"follow","max-snippet":"max-snippet:-1","max-image-preview":"max-image-preview:large","max-video-preview":"max-video-preview:-1"},"canonical":"https:\/\/lasentinelle.dz\/index.php\/2024\/04\/27\/la-fin-du-petrole-nest-pas-en-vue\/","og_locale":"fr_FR","og_type":"article","og_title":"\u00ab\u00a0La fin du p\u00e9trole n\u2019est pas en vue\u00a0\u00bb - La Sentinelle","og_description":"Le Secr\u00e9taire g\u00e9n\u00e9ral de l&rsquo;Organisation des pays exportateurs de p\u00e9trole (OPEP), Haitham Al Ghais, a soulign\u00e9, une nouvelle fois dans","og_url":"https:\/\/lasentinelle.dz\/index.php\/2024\/04\/27\/la-fin-du-petrole-nest-pas-en-vue\/","og_site_name":"La Sentinelle","article_publisher":"https:\/\/www.facebook.com\/La-Sentinelle-104059864394773","article_published_time":"2024-04-27T21:02:13+00:00","article_modified_time":"2024-04-27T21:02:18+00:00","og_image":[{"width":1351,"height":900,"url":"https:\/\/lasentinelle.dz\/wp-content\/uploads\/2023\/05\/al-ghais.png","type":"image\/png"}],"author":"La Sentinelle","twitter_card":"summary_large_image","twitter_misc":{"\u00c9crit par":"La Sentinelle","Dur\u00e9e de lecture estim\u00e9e":"4 minutes"},"schema":{"@context":"https:\/\/schema.org","@graph":[{"@type":"Article","@id":"https:\/\/lasentinelle.dz\/index.php\/2024\/04\/27\/la-fin-du-petrole-nest-pas-en-vue\/#article","isPartOf":{"@id":"https:\/\/lasentinelle.dz\/index.php\/2024\/04\/27\/la-fin-du-petrole-nest-pas-en-vue\/"},"author":{"name":"La Sentinelle","@id":"https:\/\/lasentinelle.dz\/#\/schema\/person\/d865044e22e70a75174ce8bcad3acfb3"},"headline":"\u00ab\u00a0La fin du p\u00e9trole n\u2019est pas en vue\u00a0\u00bb","datePublished":"2024-04-27T21:02:13+00:00","dateModified":"2024-04-27T21:02:18+00:00","mainEntityOfPage":{"@id":"https:\/\/lasentinelle.dz\/index.php\/2024\/04\/27\/la-fin-du-petrole-nest-pas-en-vue\/"},"wordCount":741,"commentCount":0,"publisher":{"@id":"https:\/\/lasentinelle.dz\/#organization"},"image":{"@id":"https:\/\/lasentinelle.dz\/index.php\/2024\/04\/27\/la-fin-du-petrole-nest-pas-en-vue\/#primaryimage"},"thumbnailUrl":"https:\/\/lasentinelle.dz\/wp-content\/uploads\/2023\/05\/al-ghais.png","articleSection":["\u00c9conomie"],"inLanguage":"fr-FR","potentialAction":[{"@type":"CommentAction","name":"Comment","target":["https:\/\/lasentinelle.dz\/index.php\/2024\/04\/27\/la-fin-du-petrole-nest-pas-en-vue\/#respond"]}]},{"@type":"WebPage","@id":"https:\/\/lasentinelle.dz\/index.php\/2024\/04\/27\/la-fin-du-petrole-nest-pas-en-vue\/","url":"https:\/\/lasentinelle.dz\/index.php\/2024\/04\/27\/la-fin-du-petrole-nest-pas-en-vue\/","name":"\u00ab\u00a0La fin du p\u00e9trole n\u2019est pas en vue\u00a0\u00bb - La Sentinelle","isPartOf":{"@id":"https:\/\/lasentinelle.dz\/#website"},"primaryImageOfPage":{"@id":"https:\/\/lasentinelle.dz\/index.php\/2024\/04\/27\/la-fin-du-petrole-nest-pas-en-vue\/#primaryimage"},"image":{"@id":"https:\/\/lasentinelle.dz\/index.php\/2024\/04\/27\/la-fin-du-petrole-nest-pas-en-vue\/#primaryimage"},"thumbnailUrl":"https:\/\/lasentinelle.dz\/wp-content\/uploads\/2023\/05\/al-ghais.png","datePublished":"2024-04-27T21:02:13+00:00","dateModified":"2024-04-27T21:02:18+00:00","breadcrumb":{"@id":"https:\/\/lasentinelle.dz\/index.php\/2024\/04\/27\/la-fin-du-petrole-nest-pas-en-vue\/#breadcrumb"},"inLanguage":"fr-FR","potentialAction":[{"@type":"ReadAction","target":["https:\/\/lasentinelle.dz\/index.php\/2024\/04\/27\/la-fin-du-petrole-nest-pas-en-vue\/"]}]},{"@type":"ImageObject","inLanguage":"fr-FR","@id":"https:\/\/lasentinelle.dz\/index.php\/2024\/04\/27\/la-fin-du-petrole-nest-pas-en-vue\/#primaryimage","url":"https:\/\/lasentinelle.dz\/wp-content\/uploads\/2023\/05\/al-ghais.png","contentUrl":"https:\/\/lasentinelle.dz\/wp-content\/uploads\/2023\/05\/al-ghais.png","width":1351,"height":900},{"@type":"BreadcrumbList","@id":"https:\/\/lasentinelle.dz\/index.php\/2024\/04\/27\/la-fin-du-petrole-nest-pas-en-vue\/#breadcrumb","itemListElement":[{"@type":"ListItem","position":1,"name":"Accueil","item":"https:\/\/lasentinelle.dz\/"},{"@type":"ListItem","position":2,"name":"\u00ab\u00a0La fin du p\u00e9trole n\u2019est pas en vue\u00a0\u00bb"}]},{"@type":"WebSite","@id":"https:\/\/lasentinelle.dz\/#website","url":"https:\/\/lasentinelle.dz\/","name":"La Sentinelle","description":"Quotidien national d&#039;information","publisher":{"@id":"https:\/\/lasentinelle.dz\/#organization"},"potentialAction":[{"@type":"SearchAction","target":{"@type":"EntryPoint","urlTemplate":"https:\/\/lasentinelle.dz\/?s={search_term_string}"},"query-input":{"@type":"PropertyValueSpecification","valueRequired":true,"valueName":"search_term_string"}}],"inLanguage":"fr-FR"},{"@type":"Organization","@id":"https:\/\/lasentinelle.dz\/#organization","name":"Quotidien La Sentinelle","url":"https:\/\/lasentinelle.dz\/","logo":{"@type":"ImageObject","inLanguage":"fr-FR","@id":"https:\/\/lasentinelle.dz\/#\/schema\/logo\/image\/","url":"https:\/\/lasentinelle.dz\/wp-content\/uploads\/2021\/09\/logo-sentinelleSLOGAN-1.png","contentUrl":"https:\/\/lasentinelle.dz\/wp-content\/uploads\/2021\/09\/logo-sentinelleSLOGAN-1.png","width":615,"height":142,"caption":"Quotidien La Sentinelle"},"image":{"@id":"https:\/\/lasentinelle.dz\/#\/schema\/logo\/image\/"},"sameAs":["https:\/\/www.facebook.com\/La-Sentinelle-104059864394773"]},{"@type":"Person","@id":"https:\/\/lasentinelle.dz\/#\/schema\/person\/d865044e22e70a75174ce8bcad3acfb3","name":"La Sentinelle","image":{"@type":"ImageObject","inLanguage":"fr-FR","@id":"https:\/\/secure.gravatar.com\/avatar\/57de8e5d4b15d43fb361a71fbb36338450fe67865b528a43dd10ef7c51a20392?s=96&d=mm&r=g","url":"https:\/\/secure.gravatar.com\/avatar\/57de8e5d4b15d43fb361a71fbb36338450fe67865b528a43dd10ef7c51a20392?s=96&d=mm&r=g","contentUrl":"https:\/\/secure.gravatar.com\/avatar\/57de8e5d4b15d43fb361a71fbb36338450fe67865b528a43dd10ef7c51a20392?s=96&d=mm&r=g","caption":"La Sentinelle"},"sameAs":["http:\/\/www.lasentinelle.dz"],"url":"https:\/\/lasentinelle.dz\/author\/redaction\/"}]}},"_links":{"self":[{"href":"https:\/\/lasentinelle.dz\/index.php\/wp-json\/wp\/v2\/posts\/51774","targetHints":{"allow":["GET"]}}],"collection":[{"href":"https:\/\/lasentinelle.dz\/index.php\/wp-json\/wp\/v2\/posts"}],"about":[{"href":"https:\/\/lasentinelle.dz\/index.php\/wp-json\/wp\/v2\/types\/post"}],"author":[{"embeddable":true,"href":"https:\/\/lasentinelle.dz\/index.php\/wp-json\/wp\/v2\/users\/3"}],"replies":[{"embeddable":true,"href":"https:\/\/lasentinelle.dz\/index.php\/wp-json\/wp\/v2\/comments?post=51774"}],"version-history":[{"count":1,"href":"https:\/\/lasentinelle.dz\/index.php\/wp-json\/wp\/v2\/posts\/51774\/revisions"}],"predecessor-version":[{"id":51775,"href":"https:\/\/lasentinelle.dz\/index.php\/wp-json\/wp\/v2\/posts\/51774\/revisions\/51775"}],"wp:featuredmedia":[{"embeddable":true,"href":"https:\/\/lasentinelle.dz\/index.php\/wp-json\/wp\/v2\/media\/41417"}],"wp:attachment":[{"href":"https:\/\/lasentinelle.dz\/index.php\/wp-json\/wp\/v2\/media?parent=51774"}],"wp:term":[{"taxonomy":"category","embeddable":true,"href":"https:\/\/lasentinelle.dz\/index.php\/wp-json\/wp\/v2\/categories?post=51774"},{"taxonomy":"post_tag","embeddable":true,"href":"https:\/\/lasentinelle.dz\/index.php\/wp-json\/wp\/v2\/tags?post=51774"}],"curies":[{"name":"wp","href":"https:\/\/api.w.org\/{rel}","templated":true}]}}