{"id":51846,"date":"2024-04-30T13:25:00","date_gmt":"2024-04-30T12:25:00","guid":{"rendered":"https:\/\/lasentinelle.dz\/?p=51846"},"modified":"2024-05-01T13:27:00","modified_gmt":"2024-05-01T12:27:00","slug":"ugta-takdjout-appelle-a-creer-un-front-ouvrier","status":"publish","type":"post","link":"https:\/\/lasentinelle.dz\/index.php\/2024\/04\/30\/ugta-takdjout-appelle-a-creer-un-front-ouvrier\/","title":{"rendered":"UGTA\u00a0: Takdjout appelle \u00e0 cr\u00e9er un front ouvrier"},"content":{"rendered":"\n<p>Le secr\u00e9taire g\u00e9n\u00e9ral de l&rsquo;Union g\u00e9n\u00e9rale des travailleurs alg\u00e9riens (UGTA), Amar Takdjout, a appel\u00e9, dress\u00e9 hier, \u00e0 la veille de la c\u00e9l\u00e9bration de la f\u00eate des travailleurs le 1<sup>er<\/sup> mai un \u00e9tat des lieux de l\u2019\u00e9volution de la situation socio-professionnelle des travailleurs, des libert\u00e9s syndicales et du dialogue sociale, tout en appelant&nbsp; \u00e0 cr\u00e9er un front ouvrier \u00ab\u00a0fort\u00a0\u00bb pour pr\u00e9server les int\u00e9r\u00eats supr\u00eames du pays et accompagner les efforts de d\u00e9veloppement. Invit\u00e9 au Forum de la Radio alg\u00e9rienne, le patron de la centrale syndicale a tenu \u00e0 saluer les mesures prises par les hautes autorit\u00e9s de l\u2019\u00c9tat pour am\u00e9liorer le pouvoir d\u2019achat des travailleurs. Il a ainsi mis en avant et salu\u00e9 toutes les d\u00e9cisions prises par les autorit\u00e9s publiques en faveur de la classe ouvri\u00e8re en Alg\u00e9rie, y compris celles annonc\u00e9es par le Pr\u00e9sident de la R\u00e9publique, M. Abdelmadjid Tebboune, portant sur une augmentation de 47% des salaires des travailleurs et la r\u00e9cente augmentation des pensions de retraite. Il a dans ce sens soulign\u00e9 l&rsquo;importance du d\u00e9veloppement \u00e9conomique pour assurer la stabilit\u00e9 sociale en Alg\u00e9rie, mettant en avant la n\u00e9cessit\u00e9 de diversifier les exportations et de r\u00e9duire la d\u00e9pendance aux revenus des combustibles fossiles pour contr\u00f4ler l&rsquo;inflation et maintenir le pouvoir d&rsquo;achat des travailleurs.<\/p>\n\n\n\n<p>Takdjout a \u00e9galement estim\u00e9 qu&rsquo;il est \u00ab\u00a0n\u00e9cessaire aujourd&rsquo;hui de cr\u00e9er un front ouvrier fort afin de pr\u00e9server les int\u00e9r\u00eats supr\u00eames du pays et d&rsquo;accompagner les diff\u00e9rents efforts de d\u00e9veloppement\u00a0\u00bb fournis par les pouvoirs publics, soulignant que cette d\u00e9marche \u00ab\u00a0s&rsquo;inscrit dans le cadre de la pr\u00e9servation du capital historique et militant de l&rsquo;UGTA, qui a vu le jour lors de la Glorieuse R\u00e9volution de lib\u00e9ration, un certain 24 f\u00e9vrier 1956\u00a0\u00bb. Rappelant \u00ab\u00a0le r\u00f4le majeur\u00a0\u00bb des travailleurs alg\u00e9riens dans le soutien \u00e0 la lutte nationale durant la Glorieuse R\u00e9volution, ainsi que dans \u00ab\u00a0la protection de la R\u00e9publique\u00a0\u00bb durant les ann\u00e9es de la trag\u00e9die nationale (les ann\u00e9es 90), M. Takdjout a soulign\u00e9 la n\u00e9cessit\u00e9 \u00ab\u00a0de mobiliser les travailleurs et de les conscientiser davantage pour faire face aux diff\u00e9rents d\u00e9fis r\u00e9gionaux et internationaux\u00a0\u00bb, outre \u00ab\u00a0la pr\u00e9servation de la souverainet\u00e9 nationale notamment dans son volet \u00e9conomique\u00a0\u00bb. Le SG de l&rsquo;UGTA a insist\u00e9 sur l&rsquo;imp\u00e9ratif de \u00ab\u00a0cr\u00e9er des espaces de concertation et d&rsquo;\u00e9change d&rsquo;id\u00e9es pour les travailleurs, en vue de pr\u00e9parer le terrain \u00e0 la cr\u00e9ation d&rsquo;un front ouvrier fort\u00a0\u00bb, mettant en avant \u00e0 cet \u00e9gard, l&rsquo;importance \u00ab\u00a0d&rsquo;unifier les rangs des travailleurs et de renforcer la concertation et le dialogue entre eux\u00a0\u00bb, tout en \u00ab\u00a0pla\u00e7ant l&rsquo;int\u00e9r\u00eat national au-dessus de toute consid\u00e9ration\u00a0\u00bb. M. Takdjout a, en outre, r\u00e9it\u00e9r\u00e9 le \u00ab\u00a0soutien\u00a0\u00bb de l&rsquo;UGTA \u00e0 toutes les d\u00e9cisions prises par le Pr\u00e9sident de la R\u00e9publique, M. Abdelmadjid Tebboune, au profit des travailleurs et du front social, insistant sur la n\u00e9cessit\u00e9 de \u00ab\u00a0traduire les d\u00e9cisions prises au profit des entreprises \u00e9conomiques et du secteur de l&rsquo;agriculture sur le terrain\u00a0\u00bb. \u00ab\u00a0Le maintien de la stabilit\u00e9 sociale et l&rsquo;am\u00e9lioration des conditions des travailleurs ne sauraient se r\u00e9aliser sans le travail, la production et l&rsquo;affranchissement de la d\u00e9pendance aux hydrocarbures\u00a0\u00bb. Apr\u00e8s avoir soulign\u00e9 \u00ab\u00a0les nombreux avantages\u00a0\u00bb contenus dans la loi sur le droit syndical, le SG de l&rsquo;UGTA a indiqu\u00e9 que \u00ab\u00a0le renforcement du front int\u00e9rieur ne peut se r\u00e9aliser qu&rsquo;\u00e0 travers le respect des lois de la R\u00e9publique\u00a0\u00bb, affirmant, \u00e0 cet effet, que \u00ab\u00a0les gr\u00e8ves qui ne respectent pas les fondements de l&rsquo;action syndicale, les lois et les conditions de gr\u00e8ve sont pr\u00e9judiciables\u00a0\u00bb. A cette occasion, M. Takdjout a annonc\u00e9 que l&rsquo;UGTA ouvrira avec tous ses partenaires, y compris les syndicats ind\u00e9pendants \u00ab\u00a0des consultations autour de nombreux dossiers socio\u00e9conomiques\u00a0\u00bb. Il a, par ailleurs, propos\u00e9 \u00ab\u00a0d&rsquo;acc\u00e9l\u00e9rer l&rsquo;organisation du march\u00e9 parall\u00e8le\u00a0\u00bb et de sensibiliser ses acteurs de \u00ab\u00a0l&rsquo;importance\u00a0\u00bb de cette d\u00e9marche et de \u00ab\u00a0son r\u00f4le dans la promotion de la justice sociale et l&rsquo;organisation de l&rsquo;\u00e9conomie\u00a0\u00bb.<\/p>\n\n\n\n<p>R.N.<\/p>\n","protected":false},"excerpt":{"rendered":"<p>Le secr\u00e9taire g\u00e9n\u00e9ral de l&rsquo;Union g\u00e9n\u00e9rale des travailleurs alg\u00e9riens (UGTA), Amar Takdjout, a appel\u00e9, dress\u00e9 hier, \u00e0 la veille de<\/p>\n","protected":false},"author":3,"featured_media":43910,"comment_status":"open","ping_status":"closed","sticky":false,"template":"","format":"standard","meta":{"colormag_page_container_layout":"default_layout","colormag_page_sidebar_layout":"default_layout","om_disable_all_campaigns":false,"_monsterinsights_skip_tracking":false,"_monsterinsights_sitenote_active":false,"_monsterinsights_sitenote_note":"","_monsterinsights_sitenote_category":0,"footnotes":"","_wpscppro_dont_share_socialmedia":false,"_wpscppro_custom_social_share_image":0,"_facebook_share_type":"default","_twitter_share_type":"default","_linkedin_share_type":"default","_pinterest_share_type":"default","_linkedin_share_type_page":"","_instagram_share_type":"default","_medium_share_type":"","_threads_share_type":"","_google_business_share_type":"","_selected_social_profile":[],"_wpsp_enable_custom_social_template":false,"_wpsp_social_scheduling":{"enabled":false,"datetime":null,"platforms":[],"status":"template_only","dateOption":"today","timeOption":"now","customDays":"","customHours":"","customDate":"","customTime":"","schedulingType":"absolute"},"_wpsp_active_default_template":true},"categories":[52,27],"tags":[],"class_list":["post-51846","post","type-post","status-publish","format-standard","has-post-thumbnail","hentry","category-a-la-une","category-actualite"],"aioseo_notices":[],"yoast_head":"<!-- This site is optimized with the Yoast SEO plugin v27.5 - https:\/\/yoast.com\/product\/yoast-seo-wordpress\/ -->\n<title>UGTA\u00a0: Takdjout appelle \u00e0 cr\u00e9er un front ouvrier - La Sentinelle<\/title>\n<meta name=\"robots\" content=\"index, follow, max-snippet:-1, max-image-preview:large, max-video-preview:-1\" \/>\n<link rel=\"canonical\" href=\"https:\/\/lasentinelle.dz\/index.php\/2024\/04\/30\/ugta-takdjout-appelle-a-creer-un-front-ouvrier\/\" \/>\n<meta property=\"og:locale\" content=\"fr_FR\" \/>\n<meta property=\"og:type\" content=\"article\" \/>\n<meta property=\"og:title\" content=\"UGTA\u00a0: Takdjout appelle \u00e0 cr\u00e9er un front ouvrier - La Sentinelle\" \/>\n<meta property=\"og:description\" content=\"Le secr\u00e9taire g\u00e9n\u00e9ral de l&rsquo;Union g\u00e9n\u00e9rale des travailleurs alg\u00e9riens (UGTA), Amar Takdjout, a appel\u00e9, dress\u00e9 hier, \u00e0 la veille de\" \/>\n<meta property=\"og:url\" content=\"https:\/\/lasentinelle.dz\/index.php\/2024\/04\/30\/ugta-takdjout-appelle-a-creer-un-front-ouvrier\/\" \/>\n<meta property=\"og:site_name\" content=\"La Sentinelle\" \/>\n<meta property=\"article:publisher\" content=\"https:\/\/www.facebook.com\/La-Sentinelle-104059864394773\" \/>\n<meta property=\"article:published_time\" content=\"2024-04-30T12:25:00+00:00\" \/>\n<meta property=\"article:modified_time\" content=\"2024-05-01T12:27:00+00:00\" \/>\n<meta property=\"og:image\" content=\"https:\/\/lasentinelle.dz\/wp-content\/uploads\/2023\/07\/Amar-Takdjout-.jpeg\" \/>\n\t<meta property=\"og:image:width\" content=\"808\" \/>\n\t<meta property=\"og:image:height\" content=\"606\" \/>\n\t<meta property=\"og:image:type\" content=\"image\/jpeg\" \/>\n<meta name=\"author\" content=\"La Sentinelle\" \/>\n<meta name=\"twitter:card\" content=\"summary_large_image\" \/>\n<meta name=\"twitter:label1\" content=\"\u00c9crit par\" \/>\n\t<meta name=\"twitter:data1\" content=\"La Sentinelle\" \/>\n\t<meta name=\"twitter:label2\" content=\"Dur\u00e9e de lecture estim\u00e9e\" \/>\n\t<meta name=\"twitter:data2\" content=\"4 minutes\" \/>\n<script type=\"application\/ld+json\" class=\"yoast-schema-graph\">{\"@context\":\"https:\\\/\\\/schema.org\",\"@graph\":[{\"@type\":\"Article\",\"@id\":\"https:\\\/\\\/lasentinelle.dz\\\/index.php\\\/2024\\\/04\\\/30\\\/ugta-takdjout-appelle-a-creer-un-front-ouvrier\\\/#article\",\"isPartOf\":{\"@id\":\"https:\\\/\\\/lasentinelle.dz\\\/index.php\\\/2024\\\/04\\\/30\\\/ugta-takdjout-appelle-a-creer-un-front-ouvrier\\\/\"},\"author\":{\"name\":\"La Sentinelle\",\"@id\":\"https:\\\/\\\/lasentinelle.dz\\\/#\\\/schema\\\/person\\\/d865044e22e70a75174ce8bcad3acfb3\"},\"headline\":\"UGTA\u00a0: Takdjout appelle \u00e0 cr\u00e9er un front ouvrier\",\"datePublished\":\"2024-04-30T12:25:00+00:00\",\"dateModified\":\"2024-05-01T12:27:00+00:00\",\"mainEntityOfPage\":{\"@id\":\"https:\\\/\\\/lasentinelle.dz\\\/index.php\\\/2024\\\/04\\\/30\\\/ugta-takdjout-appelle-a-creer-un-front-ouvrier\\\/\"},\"wordCount\":739,\"commentCount\":0,\"publisher\":{\"@id\":\"https:\\\/\\\/lasentinelle.dz\\\/#organization\"},\"image\":{\"@id\":\"https:\\\/\\\/lasentinelle.dz\\\/index.php\\\/2024\\\/04\\\/30\\\/ugta-takdjout-appelle-a-creer-un-front-ouvrier\\\/#primaryimage\"},\"thumbnailUrl\":\"https:\\\/\\\/lasentinelle.dz\\\/wp-content\\\/uploads\\\/2023\\\/07\\\/Amar-Takdjout-.jpeg\",\"articleSection\":[\"\u00c0 la Une\",\"Actualit\u00e9\"],\"inLanguage\":\"fr-FR\",\"potentialAction\":[{\"@type\":\"CommentAction\",\"name\":\"Comment\",\"target\":[\"https:\\\/\\\/lasentinelle.dz\\\/index.php\\\/2024\\\/04\\\/30\\\/ugta-takdjout-appelle-a-creer-un-front-ouvrier\\\/#respond\"]}]},{\"@type\":\"WebPage\",\"@id\":\"https:\\\/\\\/lasentinelle.dz\\\/index.php\\\/2024\\\/04\\\/30\\\/ugta-takdjout-appelle-a-creer-un-front-ouvrier\\\/\",\"url\":\"https:\\\/\\\/lasentinelle.dz\\\/index.php\\\/2024\\\/04\\\/30\\\/ugta-takdjout-appelle-a-creer-un-front-ouvrier\\\/\",\"name\":\"UGTA\u00a0: Takdjout appelle \u00e0 cr\u00e9er un front ouvrier - La Sentinelle\",\"isPartOf\":{\"@id\":\"https:\\\/\\\/lasentinelle.dz\\\/#website\"},\"primaryImageOfPage\":{\"@id\":\"https:\\\/\\\/lasentinelle.dz\\\/index.php\\\/2024\\\/04\\\/30\\\/ugta-takdjout-appelle-a-creer-un-front-ouvrier\\\/#primaryimage\"},\"image\":{\"@id\":\"https:\\\/\\\/lasentinelle.dz\\\/index.php\\\/2024\\\/04\\\/30\\\/ugta-takdjout-appelle-a-creer-un-front-ouvrier\\\/#primaryimage\"},\"thumbnailUrl\":\"https:\\\/\\\/lasentinelle.dz\\\/wp-content\\\/uploads\\\/2023\\\/07\\\/Amar-Takdjout-.jpeg\",\"datePublished\":\"2024-04-30T12:25:00+00:00\",\"dateModified\":\"2024-05-01T12:27:00+00:00\",\"breadcrumb\":{\"@id\":\"https:\\\/\\\/lasentinelle.dz\\\/index.php\\\/2024\\\/04\\\/30\\\/ugta-takdjout-appelle-a-creer-un-front-ouvrier\\\/#breadcrumb\"},\"inLanguage\":\"fr-FR\",\"potentialAction\":[{\"@type\":\"ReadAction\",\"target\":[\"https:\\\/\\\/lasentinelle.dz\\\/index.php\\\/2024\\\/04\\\/30\\\/ugta-takdjout-appelle-a-creer-un-front-ouvrier\\\/\"]}]},{\"@type\":\"ImageObject\",\"inLanguage\":\"fr-FR\",\"@id\":\"https:\\\/\\\/lasentinelle.dz\\\/index.php\\\/2024\\\/04\\\/30\\\/ugta-takdjout-appelle-a-creer-un-front-ouvrier\\\/#primaryimage\",\"url\":\"https:\\\/\\\/lasentinelle.dz\\\/wp-content\\\/uploads\\\/2023\\\/07\\\/Amar-Takdjout-.jpeg\",\"contentUrl\":\"https:\\\/\\\/lasentinelle.dz\\\/wp-content\\\/uploads\\\/2023\\\/07\\\/Amar-Takdjout-.jpeg\",\"width\":808,\"height\":606},{\"@type\":\"BreadcrumbList\",\"@id\":\"https:\\\/\\\/lasentinelle.dz\\\/index.php\\\/2024\\\/04\\\/30\\\/ugta-takdjout-appelle-a-creer-un-front-ouvrier\\\/#breadcrumb\",\"itemListElement\":[{\"@type\":\"ListItem\",\"position\":1,\"name\":\"Accueil\",\"item\":\"https:\\\/\\\/lasentinelle.dz\\\/\"},{\"@type\":\"ListItem\",\"position\":2,\"name\":\"UGTA\u00a0: Takdjout appelle \u00e0 cr\u00e9er un front ouvrier\"}]},{\"@type\":\"WebSite\",\"@id\":\"https:\\\/\\\/lasentinelle.dz\\\/#website\",\"url\":\"https:\\\/\\\/lasentinelle.dz\\\/\",\"name\":\"La Sentinelle\",\"description\":\"Quotidien national d&#039;information\",\"publisher\":{\"@id\":\"https:\\\/\\\/lasentinelle.dz\\\/#organization\"},\"potentialAction\":[{\"@type\":\"SearchAction\",\"target\":{\"@type\":\"EntryPoint\",\"urlTemplate\":\"https:\\\/\\\/lasentinelle.dz\\\/?s={search_term_string}\"},\"query-input\":{\"@type\":\"PropertyValueSpecification\",\"valueRequired\":true,\"valueName\":\"search_term_string\"}}],\"inLanguage\":\"fr-FR\"},{\"@type\":\"Organization\",\"@id\":\"https:\\\/\\\/lasentinelle.dz\\\/#organization\",\"name\":\"Quotidien La Sentinelle\",\"url\":\"https:\\\/\\\/lasentinelle.dz\\\/\",\"logo\":{\"@type\":\"ImageObject\",\"inLanguage\":\"fr-FR\",\"@id\":\"https:\\\/\\\/lasentinelle.dz\\\/#\\\/schema\\\/logo\\\/image\\\/\",\"url\":\"https:\\\/\\\/lasentinelle.dz\\\/wp-content\\\/uploads\\\/2021\\\/09\\\/logo-sentinelleSLOGAN-1.png\",\"contentUrl\":\"https:\\\/\\\/lasentinelle.dz\\\/wp-content\\\/uploads\\\/2021\\\/09\\\/logo-sentinelleSLOGAN-1.png\",\"width\":615,\"height\":142,\"caption\":\"Quotidien La Sentinelle\"},\"image\":{\"@id\":\"https:\\\/\\\/lasentinelle.dz\\\/#\\\/schema\\\/logo\\\/image\\\/\"},\"sameAs\":[\"https:\\\/\\\/www.facebook.com\\\/La-Sentinelle-104059864394773\"]},{\"@type\":\"Person\",\"@id\":\"https:\\\/\\\/lasentinelle.dz\\\/#\\\/schema\\\/person\\\/d865044e22e70a75174ce8bcad3acfb3\",\"name\":\"La Sentinelle\",\"image\":{\"@type\":\"ImageObject\",\"inLanguage\":\"fr-FR\",\"@id\":\"https:\\\/\\\/secure.gravatar.com\\\/avatar\\\/57de8e5d4b15d43fb361a71fbb36338450fe67865b528a43dd10ef7c51a20392?s=96&d=mm&r=g\",\"url\":\"https:\\\/\\\/secure.gravatar.com\\\/avatar\\\/57de8e5d4b15d43fb361a71fbb36338450fe67865b528a43dd10ef7c51a20392?s=96&d=mm&r=g\",\"contentUrl\":\"https:\\\/\\\/secure.gravatar.com\\\/avatar\\\/57de8e5d4b15d43fb361a71fbb36338450fe67865b528a43dd10ef7c51a20392?s=96&d=mm&r=g\",\"caption\":\"La Sentinelle\"},\"sameAs\":[\"http:\\\/\\\/www.lasentinelle.dz\"],\"url\":\"https:\\\/\\\/lasentinelle.dz\\\/author\\\/redaction\\\/\"}]}<\/script>\n<!-- \/ Yoast SEO plugin. -->","yoast_head_json":{"title":"UGTA\u00a0: Takdjout appelle \u00e0 cr\u00e9er un front ouvrier - La Sentinelle","robots":{"index":"index","follow":"follow","max-snippet":"max-snippet:-1","max-image-preview":"max-image-preview:large","max-video-preview":"max-video-preview:-1"},"canonical":"https:\/\/lasentinelle.dz\/index.php\/2024\/04\/30\/ugta-takdjout-appelle-a-creer-un-front-ouvrier\/","og_locale":"fr_FR","og_type":"article","og_title":"UGTA\u00a0: Takdjout appelle \u00e0 cr\u00e9er un front ouvrier - La Sentinelle","og_description":"Le secr\u00e9taire g\u00e9n\u00e9ral de l&rsquo;Union g\u00e9n\u00e9rale des travailleurs alg\u00e9riens (UGTA), Amar Takdjout, a appel\u00e9, dress\u00e9 hier, \u00e0 la veille de","og_url":"https:\/\/lasentinelle.dz\/index.php\/2024\/04\/30\/ugta-takdjout-appelle-a-creer-un-front-ouvrier\/","og_site_name":"La Sentinelle","article_publisher":"https:\/\/www.facebook.com\/La-Sentinelle-104059864394773","article_published_time":"2024-04-30T12:25:00+00:00","article_modified_time":"2024-05-01T12:27:00+00:00","og_image":[{"width":808,"height":606,"url":"https:\/\/lasentinelle.dz\/wp-content\/uploads\/2023\/07\/Amar-Takdjout-.jpeg","type":"image\/jpeg"}],"author":"La Sentinelle","twitter_card":"summary_large_image","twitter_misc":{"\u00c9crit par":"La Sentinelle","Dur\u00e9e de lecture estim\u00e9e":"4 minutes"},"schema":{"@context":"https:\/\/schema.org","@graph":[{"@type":"Article","@id":"https:\/\/lasentinelle.dz\/index.php\/2024\/04\/30\/ugta-takdjout-appelle-a-creer-un-front-ouvrier\/#article","isPartOf":{"@id":"https:\/\/lasentinelle.dz\/index.php\/2024\/04\/30\/ugta-takdjout-appelle-a-creer-un-front-ouvrier\/"},"author":{"name":"La Sentinelle","@id":"https:\/\/lasentinelle.dz\/#\/schema\/person\/d865044e22e70a75174ce8bcad3acfb3"},"headline":"UGTA\u00a0: Takdjout appelle \u00e0 cr\u00e9er un front ouvrier","datePublished":"2024-04-30T12:25:00+00:00","dateModified":"2024-05-01T12:27:00+00:00","mainEntityOfPage":{"@id":"https:\/\/lasentinelle.dz\/index.php\/2024\/04\/30\/ugta-takdjout-appelle-a-creer-un-front-ouvrier\/"},"wordCount":739,"commentCount":0,"publisher":{"@id":"https:\/\/lasentinelle.dz\/#organization"},"image":{"@id":"https:\/\/lasentinelle.dz\/index.php\/2024\/04\/30\/ugta-takdjout-appelle-a-creer-un-front-ouvrier\/#primaryimage"},"thumbnailUrl":"https:\/\/lasentinelle.dz\/wp-content\/uploads\/2023\/07\/Amar-Takdjout-.jpeg","articleSection":["\u00c0 la Une","Actualit\u00e9"],"inLanguage":"fr-FR","potentialAction":[{"@type":"CommentAction","name":"Comment","target":["https:\/\/lasentinelle.dz\/index.php\/2024\/04\/30\/ugta-takdjout-appelle-a-creer-un-front-ouvrier\/#respond"]}]},{"@type":"WebPage","@id":"https:\/\/lasentinelle.dz\/index.php\/2024\/04\/30\/ugta-takdjout-appelle-a-creer-un-front-ouvrier\/","url":"https:\/\/lasentinelle.dz\/index.php\/2024\/04\/30\/ugta-takdjout-appelle-a-creer-un-front-ouvrier\/","name":"UGTA\u00a0: Takdjout appelle \u00e0 cr\u00e9er un front ouvrier - La Sentinelle","isPartOf":{"@id":"https:\/\/lasentinelle.dz\/#website"},"primaryImageOfPage":{"@id":"https:\/\/lasentinelle.dz\/index.php\/2024\/04\/30\/ugta-takdjout-appelle-a-creer-un-front-ouvrier\/#primaryimage"},"image":{"@id":"https:\/\/lasentinelle.dz\/index.php\/2024\/04\/30\/ugta-takdjout-appelle-a-creer-un-front-ouvrier\/#primaryimage"},"thumbnailUrl":"https:\/\/lasentinelle.dz\/wp-content\/uploads\/2023\/07\/Amar-Takdjout-.jpeg","datePublished":"2024-04-30T12:25:00+00:00","dateModified":"2024-05-01T12:27:00+00:00","breadcrumb":{"@id":"https:\/\/lasentinelle.dz\/index.php\/2024\/04\/30\/ugta-takdjout-appelle-a-creer-un-front-ouvrier\/#breadcrumb"},"inLanguage":"fr-FR","potentialAction":[{"@type":"ReadAction","target":["https:\/\/lasentinelle.dz\/index.php\/2024\/04\/30\/ugta-takdjout-appelle-a-creer-un-front-ouvrier\/"]}]},{"@type":"ImageObject","inLanguage":"fr-FR","@id":"https:\/\/lasentinelle.dz\/index.php\/2024\/04\/30\/ugta-takdjout-appelle-a-creer-un-front-ouvrier\/#primaryimage","url":"https:\/\/lasentinelle.dz\/wp-content\/uploads\/2023\/07\/Amar-Takdjout-.jpeg","contentUrl":"https:\/\/lasentinelle.dz\/wp-content\/uploads\/2023\/07\/Amar-Takdjout-.jpeg","width":808,"height":606},{"@type":"BreadcrumbList","@id":"https:\/\/lasentinelle.dz\/index.php\/2024\/04\/30\/ugta-takdjout-appelle-a-creer-un-front-ouvrier\/#breadcrumb","itemListElement":[{"@type":"ListItem","position":1,"name":"Accueil","item":"https:\/\/lasentinelle.dz\/"},{"@type":"ListItem","position":2,"name":"UGTA\u00a0: Takdjout appelle \u00e0 cr\u00e9er un front ouvrier"}]},{"@type":"WebSite","@id":"https:\/\/lasentinelle.dz\/#website","url":"https:\/\/lasentinelle.dz\/","name":"La Sentinelle","description":"Quotidien national d&#039;information","publisher":{"@id":"https:\/\/lasentinelle.dz\/#organization"},"potentialAction":[{"@type":"SearchAction","target":{"@type":"EntryPoint","urlTemplate":"https:\/\/lasentinelle.dz\/?s={search_term_string}"},"query-input":{"@type":"PropertyValueSpecification","valueRequired":true,"valueName":"search_term_string"}}],"inLanguage":"fr-FR"},{"@type":"Organization","@id":"https:\/\/lasentinelle.dz\/#organization","name":"Quotidien La Sentinelle","url":"https:\/\/lasentinelle.dz\/","logo":{"@type":"ImageObject","inLanguage":"fr-FR","@id":"https:\/\/lasentinelle.dz\/#\/schema\/logo\/image\/","url":"https:\/\/lasentinelle.dz\/wp-content\/uploads\/2021\/09\/logo-sentinelleSLOGAN-1.png","contentUrl":"https:\/\/lasentinelle.dz\/wp-content\/uploads\/2021\/09\/logo-sentinelleSLOGAN-1.png","width":615,"height":142,"caption":"Quotidien La Sentinelle"},"image":{"@id":"https:\/\/lasentinelle.dz\/#\/schema\/logo\/image\/"},"sameAs":["https:\/\/www.facebook.com\/La-Sentinelle-104059864394773"]},{"@type":"Person","@id":"https:\/\/lasentinelle.dz\/#\/schema\/person\/d865044e22e70a75174ce8bcad3acfb3","name":"La Sentinelle","image":{"@type":"ImageObject","inLanguage":"fr-FR","@id":"https:\/\/secure.gravatar.com\/avatar\/57de8e5d4b15d43fb361a71fbb36338450fe67865b528a43dd10ef7c51a20392?s=96&d=mm&r=g","url":"https:\/\/secure.gravatar.com\/avatar\/57de8e5d4b15d43fb361a71fbb36338450fe67865b528a43dd10ef7c51a20392?s=96&d=mm&r=g","contentUrl":"https:\/\/secure.gravatar.com\/avatar\/57de8e5d4b15d43fb361a71fbb36338450fe67865b528a43dd10ef7c51a20392?s=96&d=mm&r=g","caption":"La Sentinelle"},"sameAs":["http:\/\/www.lasentinelle.dz"],"url":"https:\/\/lasentinelle.dz\/author\/redaction\/"}]}},"_links":{"self":[{"href":"https:\/\/lasentinelle.dz\/index.php\/wp-json\/wp\/v2\/posts\/51846","targetHints":{"allow":["GET"]}}],"collection":[{"href":"https:\/\/lasentinelle.dz\/index.php\/wp-json\/wp\/v2\/posts"}],"about":[{"href":"https:\/\/lasentinelle.dz\/index.php\/wp-json\/wp\/v2\/types\/post"}],"author":[{"embeddable":true,"href":"https:\/\/lasentinelle.dz\/index.php\/wp-json\/wp\/v2\/users\/3"}],"replies":[{"embeddable":true,"href":"https:\/\/lasentinelle.dz\/index.php\/wp-json\/wp\/v2\/comments?post=51846"}],"version-history":[{"count":1,"href":"https:\/\/lasentinelle.dz\/index.php\/wp-json\/wp\/v2\/posts\/51846\/revisions"}],"predecessor-version":[{"id":51847,"href":"https:\/\/lasentinelle.dz\/index.php\/wp-json\/wp\/v2\/posts\/51846\/revisions\/51847"}],"wp:featuredmedia":[{"embeddable":true,"href":"https:\/\/lasentinelle.dz\/index.php\/wp-json\/wp\/v2\/media\/43910"}],"wp:attachment":[{"href":"https:\/\/lasentinelle.dz\/index.php\/wp-json\/wp\/v2\/media?parent=51846"}],"wp:term":[{"taxonomy":"category","embeddable":true,"href":"https:\/\/lasentinelle.dz\/index.php\/wp-json\/wp\/v2\/categories?post=51846"},{"taxonomy":"post_tag","embeddable":true,"href":"https:\/\/lasentinelle.dz\/index.php\/wp-json\/wp\/v2\/tags?post=51846"}],"curies":[{"name":"wp","href":"https:\/\/api.w.org\/{rel}","templated":true}]}}