{"id":51864,"date":"2024-04-30T13:47:00","date_gmt":"2024-04-30T12:47:00","guid":{"rendered":"https:\/\/lasentinelle.dz\/?p=51864"},"modified":"2024-05-01T13:50:33","modified_gmt":"2024-05-01T12:50:33","slug":"le-president-tebboune-appelle-a-linstauration-dun-nouvel-ordre-economique-un-plaidoyer-pour-lafrique","status":"publish","type":"post","link":"https:\/\/lasentinelle.dz\/index.php\/2024\/04\/30\/le-president-tebboune-appelle-a-linstauration-dun-nouvel-ordre-economique-un-plaidoyer-pour-lafrique\/","title":{"rendered":"Le Pr\u00e9sident Tebboune appelle \u00e0 l\u2019instauration d\u2019un nouvel ordre \u00e9conomique\u00a0: Un Plaidoyer pour l\u2019Afrique"},"content":{"rendered":"\n<p>Le pr\u00e9sident de la R\u00e9publique a plaid\u00e9 hier lors du sommet de l\u2019IDA 21 tenu au Kenya \u00e0 la mobilisation des ressources financi\u00e8res n\u00e9cessaires pour le d\u00e9veloppement de l\u2019Afrique. Il a dans ce sens plaid\u00e9 pour l\u2019acc\u00e9l\u00e9ration du rythme de l\u2019int\u00e9gration continentale ainsi qu\u2019\u00e0 la mise en \u0153uvre de l\u2019Agenda 2063 de l\u2019Union africaine, de m\u00eame qu\u2019il a mis en avant le r\u00f4le leader de l\u2019Alg\u00e9rie dans l\u2019instauration d\u2019un nouvel ordre \u00e9conomique juste et inclusif.<\/p>\n\n\n\n<p>Dans l\u2019allocution prononc\u00e9e en son nom lors des travaux du sommet par le Premier ministre Nadir Larbaoui<\/p>\n\n\n\n<p>Dans une allocution prononc\u00e9e en son nom par le Premier ministre, Nadir Larbaoui, lors des travaux du Sommet, le pr\u00e9sident de la R\u00e9publique a soulign\u00e9 que le soutien au d\u00e9veloppement en Afrique \u00e9tait tributaire de l\u2019acc\u00e9l\u00e9ration de l\u2019int\u00e9gration continentale et de la mise en \u0153uvre de l\u2019Agenda 2063 de l\u2019Union africaine (UA), pr\u00e9cisant que \u00ab l\u2019Alg\u00e9rie s\u2019y emploie aujourd\u2019hui, notamment \u00e0 travers une vision int\u00e9gr\u00e9e de ses projets nationaux et par la r\u00e9alisation d\u2019autres projets de d\u00e9veloppement dans des pays africains voisins \u00bb.<\/p>\n\n\n\n<p>\u00ab L\u2019Alg\u00e9rie, qui a toujours plaid\u00e9 la cause du d\u00e9veloppement en Afrique et jou\u00e9 un r\u00f4le leader dans l\u2019effort collectif d\u2019instauration d\u2019un nouvel ordre \u00e9conomique juste et inclusif, aspire \u00e0 faire de cette importante rencontre une plateforme pour l\u2019\u00e9change des expertises, le partage des exp\u00e9riences concluantes et l\u2019exploration des meilleures voies permettant de promouvoir le d\u00e9veloppement en Afrique \u00bb, a soutenu le pr\u00e9sident de la R\u00e9publique. Et d\u2019ajouter : \u00ab de par son appartenance africaine et son engagement historique en faveur de la solidarit\u00e9 et de l\u2019unit\u00e9 sur notre continent, l\u2019Alg\u00e9rie, qui est profond\u00e9ment convaincue que s\u00e9curit\u00e9 et d\u00e9veloppement vont de pair, plaide constamment la cause du d\u00e9veloppement en Afrique et s\u2019emploie inlassablement \u00e0 promouvoir la coop\u00e9ration, \u00e0 coordonner les politiques nationales et \u00e0 renforcer les capacit\u00e9s des pays africains fr\u00e8res \u00e0 relever les d\u00e9fis du d\u00e9veloppement, notamment par la concr\u00e9tisation de projets de d\u00e9veloppement dans plusieurs pays voisins, via l\u2019Agence alg\u00e9rienne de coop\u00e9ration internationale pour la solidarit\u00e9 et le d\u00e9veloppement, \u00e0 laquelle le Gouvernement alg\u00e9rien a allou\u00e9 un montant d\u2019un milliard USD \u00bb.<\/p>\n\n\n\n<p>&nbsp;Il a, par l\u00e0 m\u00eame, r\u00e9affirm\u00e9 \u00ab le soutien de l\u2019Alg\u00e9rie aux efforts des diff\u00e9rentes parties pr\u00e9sentes \u00e0 cette r\u00e9union pour la mobilisation des moyens financiers n\u00e9cessaires, l\u2019int\u00e9gration de l\u2019ensemble des priorit\u00e9s nationales africaines dans le Plan d\u2019action de l\u2019IDA et l\u2019av\u00e8nement d\u2019un avenir plus \u00e9quitable et durable \u00bb.<\/p>\n\n\n\n<p>\u00ab L\u2019Alg\u00e9rie appelle de ses v\u0153ux une approche ambitieuse et qualitative dans l\u2019op\u00e9ration de reconstitution des ressources, qui permette de relever le plafond des ressources concessionnelles, en tenant compte des besoins des pays \u00e9ligibles aux pr\u00eats aupr\u00e8s de l\u2019IDA, notamment en Afrique \u00bb, a ajout\u00e9 le pr\u00e9sident de la R\u00e9publique, pr\u00e9cisant que \u00ab l\u2019op\u00e9ration doit \u00e9galement respecter les priorit\u00e9s et les besoins de ces pays pour atteindre les objectifs trac\u00e9s et r\u00e9aliser les r\u00e9sultats escompt\u00e9s \u00bb. Il a r\u00e9affirm\u00e9 \u00ab le soutien de l\u2019Alg\u00e9rie aux initiatives et m\u00e9canismes permettant de combler le d\u00e9ficit de financement, d\u2019augmenter le volume des aides au d\u00e9veloppement et de mettre en place des instruments efficaces pour all\u00e9ger la charge de la dette, notamment par l\u2019annulation et la restructuration de la dette et la suspension des services de la dette, notamment au profit des pays les moins d\u00e9velopp\u00e9s \u00bb.<\/p>\n\n\n\n<p>Le pr\u00e9sident de la R\u00e9publique a aussi &nbsp;soulign\u00e9 l\u2019importance capitale de ce sommet, qui constitue, a-t-il dit, \u00ab une \u00e9tape cl\u00e9 pour appuyer les priorit\u00e9s et les aspirations de la communaut\u00e9 africaine dans le cadre de la reconstitution des ressources de l\u2019Association internationale de d\u00e9veloppement et une occasion opportune pour examiner les voies et moyens de relever les d\u00e9fis impos\u00e9s par le contexte international actuel, notamment l\u2019augmentation record de la dette, la hausse des taux d\u2019int\u00e9r\u00eat et la raret\u00e9 des ressources \u00bb. Ce contexte \u00ab sem\u00e9 de risques et d\u2019instabilit\u00e9 \u00bb a contraint de nombreux pays pauvres \u00e0 r\u00e9duire leurs d\u00e9penses essentielles, y compris celles allou\u00e9es aux secteurs vitaux tels que la sant\u00e9, l\u2019\u00e9ducation et l\u2019environnement, entravant ainsi la r\u00e9alisation des Objectifs de d\u00e9veloppement durable \u00e0 l\u2019horizon 2030, a-t-il relev\u00e9. Aussi, le pr\u00e9sident de la R\u00e9publique a mis l\u2019accent sur \u00ab la n\u00e9cessit\u00e9 imp\u00e9rieuse pour la communaut\u00e9 internationale de se mobiliser pour contribuer \u00e0 relever ces d\u00e9fis complexes et traiter les causes profondes qui alimentent les conflits et l\u2019instabilit\u00e9, notamment la pauvret\u00e9, la marginalisation et les in\u00e9galit\u00e9s \u00bb, soutenant qu&rsquo;il ne saurait y avoir de paix et de s\u00e9curit\u00e9 sans la r\u00e9alisation d\u2019un d\u00e9veloppement socio\u00e9conomique durable \u00bb.<\/p>\n\n\n\n<p>Le pr\u00e9sident de la R\u00e9publique a aussi appel\u00e9 \u00e0 \u00ab lib\u00e9rer les politiques li\u00e9es \u00e0 la s\u00e9curit\u00e9 alimentaire et sanitaire des approches purement \u00e9conomiques, notamment en ce qui a trait \u00e0 l\u2019acc\u00e8s aux produits alimentaires et aux m\u00e9dicaments \u00bb, insistant sur \u00ab la n\u00e9cessaire mobilisation des ressources permettant d\u2019appuyer les efforts de ces pays face aux effets&nbsp; du changement climatique en leur fournissant le soutien technique dans ce domaine \u00bb.<\/p>\n\n\n\n<p>Parmi les principaux domaines prioritaires devant b\u00e9n\u00e9ficier d\u2019une attention particuli\u00e8re, le pr\u00e9sident de la R\u00e9publique a cit\u00e9 le soutien au d\u00e9veloppement humain, le renforcement de la s\u00e9curit\u00e9 alimentaire, le d\u00e9veloppement des projets infrastructurels, \u00e9nerg\u00e9tiques et num\u00e9riques, la promotion de l\u2019entrepreneuriat et de l\u2019innovation et le renforcement de la r\u00e9silience et de l\u2019adaptation au changement climatique.<\/p>\n\n\n\n<p>Enfin, le Pr\u00e9sident Tebboune a mis en avant les r\u00e9formes \u00e9conomiques profondes engag\u00e9es par l&rsquo;Alg\u00e9rie pour construire un nouveau mod\u00e8le \u00e9conomique reposant sur la diversification de l&rsquo;\u00e9conomie, la cr\u00e9ation de richesses et l&rsquo;esprit d&rsquo;initiative, notamment en mati\u00e8re d&rsquo;investissement et dans le domaine financier. Le pr\u00e9sident de la R\u00e9publique a \u00e9galement mis en avant le caract\u00e8re social de l&rsquo;Etat et ses efforts pour r\u00e9aliser la justice sociale et permettre aux citoyens d&rsquo;acc\u00e9der \u00e0 des services de qualit\u00e9 dans tous les domaines, une approche qui a permis \u00e0 l&rsquo;Alg\u00e9rie d&rsquo;\u00eatre en bonne position dans la r\u00e9alisation des Objectifs de d\u00e9veloppement durable en Afrique, a-t-il dit.<\/p>\n\n\n\n<p>Chokri Hafed<\/p>\n","protected":false},"excerpt":{"rendered":"<p>Le pr\u00e9sident de la R\u00e9publique a plaid\u00e9 hier lors du sommet de l\u2019IDA 21 tenu au Kenya \u00e0 la mobilisation<\/p>\n","protected":false},"author":3,"featured_media":51865,"comment_status":"open","ping_status":"closed","sticky":false,"template":"","format":"standard","meta":{"colormag_page_container_layout":"default_layout","colormag_page_sidebar_layout":"default_layout","om_disable_all_campaigns":false,"_monsterinsights_skip_tracking":false,"_monsterinsights_sitenote_active":false,"_monsterinsights_sitenote_note":"","_monsterinsights_sitenote_category":0,"footnotes":"","_wpscppro_dont_share_socialmedia":false,"_wpscppro_custom_social_share_image":0,"_facebook_share_type":"default","_twitter_share_type":"default","_linkedin_share_type":"default","_pinterest_share_type":"default","_linkedin_share_type_page":"","_instagram_share_type":"default","_medium_share_type":"","_threads_share_type":"","_google_business_share_type":"","_selected_social_profile":[],"_wpsp_enable_custom_social_template":false,"_wpsp_social_scheduling":{"enabled":false,"datetime":null,"platforms":[],"status":"template_only","dateOption":"today","timeOption":"now","customDays":"","customHours":"","customDate":"","customTime":"","schedulingType":"absolute"},"_wpsp_active_default_template":true},"categories":[52,27],"tags":[],"class_list":["post-51864","post","type-post","status-publish","format-standard","has-post-thumbnail","hentry","category-a-la-une","category-actualite"],"aioseo_notices":[],"yoast_head":"<!-- This site is optimized with the Yoast SEO plugin v27.5 - https:\/\/yoast.com\/product\/yoast-seo-wordpress\/ -->\n<title>Le Pr\u00e9sident Tebboune appelle \u00e0 l\u2019instauration d\u2019un nouvel ordre \u00e9conomique\u00a0: Un Plaidoyer pour l\u2019Afrique - La Sentinelle<\/title>\n<meta name=\"robots\" content=\"index, follow, max-snippet:-1, max-image-preview:large, max-video-preview:-1\" \/>\n<link rel=\"canonical\" href=\"https:\/\/lasentinelle.dz\/index.php\/2024\/04\/30\/le-president-tebboune-appelle-a-linstauration-dun-nouvel-ordre-economique-un-plaidoyer-pour-lafrique\/\" \/>\n<meta property=\"og:locale\" content=\"fr_FR\" \/>\n<meta property=\"og:type\" content=\"article\" \/>\n<meta property=\"og:title\" content=\"Le Pr\u00e9sident Tebboune appelle \u00e0 l\u2019instauration d\u2019un nouvel ordre \u00e9conomique\u00a0: Un Plaidoyer pour l\u2019Afrique - La Sentinelle\" \/>\n<meta property=\"og:description\" content=\"Le pr\u00e9sident de la R\u00e9publique a plaid\u00e9 hier lors du sommet de l\u2019IDA 21 tenu au Kenya \u00e0 la mobilisation\" \/>\n<meta property=\"og:url\" content=\"https:\/\/lasentinelle.dz\/index.php\/2024\/04\/30\/le-president-tebboune-appelle-a-linstauration-dun-nouvel-ordre-economique-un-plaidoyer-pour-lafrique\/\" \/>\n<meta property=\"og:site_name\" content=\"La Sentinelle\" \/>\n<meta property=\"article:publisher\" content=\"https:\/\/www.facebook.com\/La-Sentinelle-104059864394773\" \/>\n<meta property=\"article:published_time\" content=\"2024-04-30T12:47:00+00:00\" \/>\n<meta property=\"article:modified_time\" content=\"2024-05-01T12:50:33+00:00\" \/>\n<meta property=\"og:image\" content=\"https:\/\/lasentinelle.dz\/wp-content\/uploads\/2024\/05\/tebboune-e1714567818743.jpeg\" \/>\n\t<meta property=\"og:image:width\" content=\"960\" \/>\n\t<meta property=\"og:image:height\" content=\"694\" \/>\n\t<meta property=\"og:image:type\" content=\"image\/jpeg\" \/>\n<meta name=\"author\" content=\"La Sentinelle\" \/>\n<meta name=\"twitter:card\" content=\"summary_large_image\" \/>\n<meta name=\"twitter:label1\" content=\"\u00c9crit par\" \/>\n\t<meta name=\"twitter:data1\" content=\"La Sentinelle\" \/>\n\t<meta name=\"twitter:label2\" content=\"Dur\u00e9e de lecture estim\u00e9e\" \/>\n\t<meta name=\"twitter:data2\" content=\"6 minutes\" \/>\n<script type=\"application\/ld+json\" class=\"yoast-schema-graph\">{\"@context\":\"https:\\\/\\\/schema.org\",\"@graph\":[{\"@type\":\"Article\",\"@id\":\"https:\\\/\\\/lasentinelle.dz\\\/index.php\\\/2024\\\/04\\\/30\\\/le-president-tebboune-appelle-a-linstauration-dun-nouvel-ordre-economique-un-plaidoyer-pour-lafrique\\\/#article\",\"isPartOf\":{\"@id\":\"https:\\\/\\\/lasentinelle.dz\\\/index.php\\\/2024\\\/04\\\/30\\\/le-president-tebboune-appelle-a-linstauration-dun-nouvel-ordre-economique-un-plaidoyer-pour-lafrique\\\/\"},\"author\":{\"name\":\"La Sentinelle\",\"@id\":\"https:\\\/\\\/lasentinelle.dz\\\/#\\\/schema\\\/person\\\/d865044e22e70a75174ce8bcad3acfb3\"},\"headline\":\"Le Pr\u00e9sident Tebboune appelle \u00e0 l\u2019instauration d\u2019un nouvel ordre \u00e9conomique\u00a0: Un Plaidoyer pour l\u2019Afrique\",\"datePublished\":\"2024-04-30T12:47:00+00:00\",\"dateModified\":\"2024-05-01T12:50:33+00:00\",\"mainEntityOfPage\":{\"@id\":\"https:\\\/\\\/lasentinelle.dz\\\/index.php\\\/2024\\\/04\\\/30\\\/le-president-tebboune-appelle-a-linstauration-dun-nouvel-ordre-economique-un-plaidoyer-pour-lafrique\\\/\"},\"wordCount\":1151,\"commentCount\":0,\"publisher\":{\"@id\":\"https:\\\/\\\/lasentinelle.dz\\\/#organization\"},\"image\":{\"@id\":\"https:\\\/\\\/lasentinelle.dz\\\/index.php\\\/2024\\\/04\\\/30\\\/le-president-tebboune-appelle-a-linstauration-dun-nouvel-ordre-economique-un-plaidoyer-pour-lafrique\\\/#primaryimage\"},\"thumbnailUrl\":\"https:\\\/\\\/lasentinelle.dz\\\/wp-content\\\/uploads\\\/2024\\\/05\\\/tebboune-e1714567818743.jpeg\",\"articleSection\":[\"\u00c0 la Une\",\"Actualit\u00e9\"],\"inLanguage\":\"fr-FR\",\"potentialAction\":[{\"@type\":\"CommentAction\",\"name\":\"Comment\",\"target\":[\"https:\\\/\\\/lasentinelle.dz\\\/index.php\\\/2024\\\/04\\\/30\\\/le-president-tebboune-appelle-a-linstauration-dun-nouvel-ordre-economique-un-plaidoyer-pour-lafrique\\\/#respond\"]}]},{\"@type\":\"WebPage\",\"@id\":\"https:\\\/\\\/lasentinelle.dz\\\/index.php\\\/2024\\\/04\\\/30\\\/le-president-tebboune-appelle-a-linstauration-dun-nouvel-ordre-economique-un-plaidoyer-pour-lafrique\\\/\",\"url\":\"https:\\\/\\\/lasentinelle.dz\\\/index.php\\\/2024\\\/04\\\/30\\\/le-president-tebboune-appelle-a-linstauration-dun-nouvel-ordre-economique-un-plaidoyer-pour-lafrique\\\/\",\"name\":\"Le Pr\u00e9sident Tebboune appelle \u00e0 l\u2019instauration d\u2019un nouvel ordre \u00e9conomique\u00a0: Un Plaidoyer pour l\u2019Afrique - La Sentinelle\",\"isPartOf\":{\"@id\":\"https:\\\/\\\/lasentinelle.dz\\\/#website\"},\"primaryImageOfPage\":{\"@id\":\"https:\\\/\\\/lasentinelle.dz\\\/index.php\\\/2024\\\/04\\\/30\\\/le-president-tebboune-appelle-a-linstauration-dun-nouvel-ordre-economique-un-plaidoyer-pour-lafrique\\\/#primaryimage\"},\"image\":{\"@id\":\"https:\\\/\\\/lasentinelle.dz\\\/index.php\\\/2024\\\/04\\\/30\\\/le-president-tebboune-appelle-a-linstauration-dun-nouvel-ordre-economique-un-plaidoyer-pour-lafrique\\\/#primaryimage\"},\"thumbnailUrl\":\"https:\\\/\\\/lasentinelle.dz\\\/wp-content\\\/uploads\\\/2024\\\/05\\\/tebboune-e1714567818743.jpeg\",\"datePublished\":\"2024-04-30T12:47:00+00:00\",\"dateModified\":\"2024-05-01T12:50:33+00:00\",\"breadcrumb\":{\"@id\":\"https:\\\/\\\/lasentinelle.dz\\\/index.php\\\/2024\\\/04\\\/30\\\/le-president-tebboune-appelle-a-linstauration-dun-nouvel-ordre-economique-un-plaidoyer-pour-lafrique\\\/#breadcrumb\"},\"inLanguage\":\"fr-FR\",\"potentialAction\":[{\"@type\":\"ReadAction\",\"target\":[\"https:\\\/\\\/lasentinelle.dz\\\/index.php\\\/2024\\\/04\\\/30\\\/le-president-tebboune-appelle-a-linstauration-dun-nouvel-ordre-economique-un-plaidoyer-pour-lafrique\\\/\"]}]},{\"@type\":\"ImageObject\",\"inLanguage\":\"fr-FR\",\"@id\":\"https:\\\/\\\/lasentinelle.dz\\\/index.php\\\/2024\\\/04\\\/30\\\/le-president-tebboune-appelle-a-linstauration-dun-nouvel-ordre-economique-un-plaidoyer-pour-lafrique\\\/#primaryimage\",\"url\":\"https:\\\/\\\/lasentinelle.dz\\\/wp-content\\\/uploads\\\/2024\\\/05\\\/tebboune-e1714567818743.jpeg\",\"contentUrl\":\"https:\\\/\\\/lasentinelle.dz\\\/wp-content\\\/uploads\\\/2024\\\/05\\\/tebboune-e1714567818743.jpeg\",\"width\":960,\"height\":694},{\"@type\":\"BreadcrumbList\",\"@id\":\"https:\\\/\\\/lasentinelle.dz\\\/index.php\\\/2024\\\/04\\\/30\\\/le-president-tebboune-appelle-a-linstauration-dun-nouvel-ordre-economique-un-plaidoyer-pour-lafrique\\\/#breadcrumb\",\"itemListElement\":[{\"@type\":\"ListItem\",\"position\":1,\"name\":\"Accueil\",\"item\":\"https:\\\/\\\/lasentinelle.dz\\\/\"},{\"@type\":\"ListItem\",\"position\":2,\"name\":\"Le Pr\u00e9sident Tebboune appelle \u00e0 l\u2019instauration d\u2019un nouvel ordre \u00e9conomique\u00a0: Un Plaidoyer pour l\u2019Afrique\"}]},{\"@type\":\"WebSite\",\"@id\":\"https:\\\/\\\/lasentinelle.dz\\\/#website\",\"url\":\"https:\\\/\\\/lasentinelle.dz\\\/\",\"name\":\"La Sentinelle\",\"description\":\"Quotidien national d&#039;information\",\"publisher\":{\"@id\":\"https:\\\/\\\/lasentinelle.dz\\\/#organization\"},\"potentialAction\":[{\"@type\":\"SearchAction\",\"target\":{\"@type\":\"EntryPoint\",\"urlTemplate\":\"https:\\\/\\\/lasentinelle.dz\\\/?s={search_term_string}\"},\"query-input\":{\"@type\":\"PropertyValueSpecification\",\"valueRequired\":true,\"valueName\":\"search_term_string\"}}],\"inLanguage\":\"fr-FR\"},{\"@type\":\"Organization\",\"@id\":\"https:\\\/\\\/lasentinelle.dz\\\/#organization\",\"name\":\"Quotidien La Sentinelle\",\"url\":\"https:\\\/\\\/lasentinelle.dz\\\/\",\"logo\":{\"@type\":\"ImageObject\",\"inLanguage\":\"fr-FR\",\"@id\":\"https:\\\/\\\/lasentinelle.dz\\\/#\\\/schema\\\/logo\\\/image\\\/\",\"url\":\"https:\\\/\\\/lasentinelle.dz\\\/wp-content\\\/uploads\\\/2021\\\/09\\\/logo-sentinelleSLOGAN-1.png\",\"contentUrl\":\"https:\\\/\\\/lasentinelle.dz\\\/wp-content\\\/uploads\\\/2021\\\/09\\\/logo-sentinelleSLOGAN-1.png\",\"width\":615,\"height\":142,\"caption\":\"Quotidien La Sentinelle\"},\"image\":{\"@id\":\"https:\\\/\\\/lasentinelle.dz\\\/#\\\/schema\\\/logo\\\/image\\\/\"},\"sameAs\":[\"https:\\\/\\\/www.facebook.com\\\/La-Sentinelle-104059864394773\"]},{\"@type\":\"Person\",\"@id\":\"https:\\\/\\\/lasentinelle.dz\\\/#\\\/schema\\\/person\\\/d865044e22e70a75174ce8bcad3acfb3\",\"name\":\"La Sentinelle\",\"image\":{\"@type\":\"ImageObject\",\"inLanguage\":\"fr-FR\",\"@id\":\"https:\\\/\\\/secure.gravatar.com\\\/avatar\\\/57de8e5d4b15d43fb361a71fbb36338450fe67865b528a43dd10ef7c51a20392?s=96&d=mm&r=g\",\"url\":\"https:\\\/\\\/secure.gravatar.com\\\/avatar\\\/57de8e5d4b15d43fb361a71fbb36338450fe67865b528a43dd10ef7c51a20392?s=96&d=mm&r=g\",\"contentUrl\":\"https:\\\/\\\/secure.gravatar.com\\\/avatar\\\/57de8e5d4b15d43fb361a71fbb36338450fe67865b528a43dd10ef7c51a20392?s=96&d=mm&r=g\",\"caption\":\"La Sentinelle\"},\"sameAs\":[\"http:\\\/\\\/www.lasentinelle.dz\"],\"url\":\"https:\\\/\\\/lasentinelle.dz\\\/author\\\/redaction\\\/\"}]}<\/script>\n<!-- \/ Yoast SEO plugin. -->","yoast_head_json":{"title":"Le Pr\u00e9sident Tebboune appelle \u00e0 l\u2019instauration d\u2019un nouvel ordre \u00e9conomique\u00a0: Un Plaidoyer pour l\u2019Afrique - La Sentinelle","robots":{"index":"index","follow":"follow","max-snippet":"max-snippet:-1","max-image-preview":"max-image-preview:large","max-video-preview":"max-video-preview:-1"},"canonical":"https:\/\/lasentinelle.dz\/index.php\/2024\/04\/30\/le-president-tebboune-appelle-a-linstauration-dun-nouvel-ordre-economique-un-plaidoyer-pour-lafrique\/","og_locale":"fr_FR","og_type":"article","og_title":"Le Pr\u00e9sident Tebboune appelle \u00e0 l\u2019instauration d\u2019un nouvel ordre \u00e9conomique\u00a0: Un Plaidoyer pour l\u2019Afrique - La Sentinelle","og_description":"Le pr\u00e9sident de la R\u00e9publique a plaid\u00e9 hier lors du sommet de l\u2019IDA 21 tenu au Kenya \u00e0 la mobilisation","og_url":"https:\/\/lasentinelle.dz\/index.php\/2024\/04\/30\/le-president-tebboune-appelle-a-linstauration-dun-nouvel-ordre-economique-un-plaidoyer-pour-lafrique\/","og_site_name":"La Sentinelle","article_publisher":"https:\/\/www.facebook.com\/La-Sentinelle-104059864394773","article_published_time":"2024-04-30T12:47:00+00:00","article_modified_time":"2024-05-01T12:50:33+00:00","og_image":[{"width":960,"height":694,"url":"https:\/\/lasentinelle.dz\/wp-content\/uploads\/2024\/05\/tebboune-e1714567818743.jpeg","type":"image\/jpeg"}],"author":"La Sentinelle","twitter_card":"summary_large_image","twitter_misc":{"\u00c9crit par":"La Sentinelle","Dur\u00e9e de lecture estim\u00e9e":"6 minutes"},"schema":{"@context":"https:\/\/schema.org","@graph":[{"@type":"Article","@id":"https:\/\/lasentinelle.dz\/index.php\/2024\/04\/30\/le-president-tebboune-appelle-a-linstauration-dun-nouvel-ordre-economique-un-plaidoyer-pour-lafrique\/#article","isPartOf":{"@id":"https:\/\/lasentinelle.dz\/index.php\/2024\/04\/30\/le-president-tebboune-appelle-a-linstauration-dun-nouvel-ordre-economique-un-plaidoyer-pour-lafrique\/"},"author":{"name":"La Sentinelle","@id":"https:\/\/lasentinelle.dz\/#\/schema\/person\/d865044e22e70a75174ce8bcad3acfb3"},"headline":"Le Pr\u00e9sident Tebboune appelle \u00e0 l\u2019instauration d\u2019un nouvel ordre \u00e9conomique\u00a0: Un Plaidoyer pour l\u2019Afrique","datePublished":"2024-04-30T12:47:00+00:00","dateModified":"2024-05-01T12:50:33+00:00","mainEntityOfPage":{"@id":"https:\/\/lasentinelle.dz\/index.php\/2024\/04\/30\/le-president-tebboune-appelle-a-linstauration-dun-nouvel-ordre-economique-un-plaidoyer-pour-lafrique\/"},"wordCount":1151,"commentCount":0,"publisher":{"@id":"https:\/\/lasentinelle.dz\/#organization"},"image":{"@id":"https:\/\/lasentinelle.dz\/index.php\/2024\/04\/30\/le-president-tebboune-appelle-a-linstauration-dun-nouvel-ordre-economique-un-plaidoyer-pour-lafrique\/#primaryimage"},"thumbnailUrl":"https:\/\/lasentinelle.dz\/wp-content\/uploads\/2024\/05\/tebboune-e1714567818743.jpeg","articleSection":["\u00c0 la Une","Actualit\u00e9"],"inLanguage":"fr-FR","potentialAction":[{"@type":"CommentAction","name":"Comment","target":["https:\/\/lasentinelle.dz\/index.php\/2024\/04\/30\/le-president-tebboune-appelle-a-linstauration-dun-nouvel-ordre-economique-un-plaidoyer-pour-lafrique\/#respond"]}]},{"@type":"WebPage","@id":"https:\/\/lasentinelle.dz\/index.php\/2024\/04\/30\/le-president-tebboune-appelle-a-linstauration-dun-nouvel-ordre-economique-un-plaidoyer-pour-lafrique\/","url":"https:\/\/lasentinelle.dz\/index.php\/2024\/04\/30\/le-president-tebboune-appelle-a-linstauration-dun-nouvel-ordre-economique-un-plaidoyer-pour-lafrique\/","name":"Le Pr\u00e9sident Tebboune appelle \u00e0 l\u2019instauration d\u2019un nouvel ordre \u00e9conomique\u00a0: Un Plaidoyer pour l\u2019Afrique - La Sentinelle","isPartOf":{"@id":"https:\/\/lasentinelle.dz\/#website"},"primaryImageOfPage":{"@id":"https:\/\/lasentinelle.dz\/index.php\/2024\/04\/30\/le-president-tebboune-appelle-a-linstauration-dun-nouvel-ordre-economique-un-plaidoyer-pour-lafrique\/#primaryimage"},"image":{"@id":"https:\/\/lasentinelle.dz\/index.php\/2024\/04\/30\/le-president-tebboune-appelle-a-linstauration-dun-nouvel-ordre-economique-un-plaidoyer-pour-lafrique\/#primaryimage"},"thumbnailUrl":"https:\/\/lasentinelle.dz\/wp-content\/uploads\/2024\/05\/tebboune-e1714567818743.jpeg","datePublished":"2024-04-30T12:47:00+00:00","dateModified":"2024-05-01T12:50:33+00:00","breadcrumb":{"@id":"https:\/\/lasentinelle.dz\/index.php\/2024\/04\/30\/le-president-tebboune-appelle-a-linstauration-dun-nouvel-ordre-economique-un-plaidoyer-pour-lafrique\/#breadcrumb"},"inLanguage":"fr-FR","potentialAction":[{"@type":"ReadAction","target":["https:\/\/lasentinelle.dz\/index.php\/2024\/04\/30\/le-president-tebboune-appelle-a-linstauration-dun-nouvel-ordre-economique-un-plaidoyer-pour-lafrique\/"]}]},{"@type":"ImageObject","inLanguage":"fr-FR","@id":"https:\/\/lasentinelle.dz\/index.php\/2024\/04\/30\/le-president-tebboune-appelle-a-linstauration-dun-nouvel-ordre-economique-un-plaidoyer-pour-lafrique\/#primaryimage","url":"https:\/\/lasentinelle.dz\/wp-content\/uploads\/2024\/05\/tebboune-e1714567818743.jpeg","contentUrl":"https:\/\/lasentinelle.dz\/wp-content\/uploads\/2024\/05\/tebboune-e1714567818743.jpeg","width":960,"height":694},{"@type":"BreadcrumbList","@id":"https:\/\/lasentinelle.dz\/index.php\/2024\/04\/30\/le-president-tebboune-appelle-a-linstauration-dun-nouvel-ordre-economique-un-plaidoyer-pour-lafrique\/#breadcrumb","itemListElement":[{"@type":"ListItem","position":1,"name":"Accueil","item":"https:\/\/lasentinelle.dz\/"},{"@type":"ListItem","position":2,"name":"Le Pr\u00e9sident Tebboune appelle \u00e0 l\u2019instauration d\u2019un nouvel ordre \u00e9conomique\u00a0: Un Plaidoyer pour l\u2019Afrique"}]},{"@type":"WebSite","@id":"https:\/\/lasentinelle.dz\/#website","url":"https:\/\/lasentinelle.dz\/","name":"La Sentinelle","description":"Quotidien national d&#039;information","publisher":{"@id":"https:\/\/lasentinelle.dz\/#organization"},"potentialAction":[{"@type":"SearchAction","target":{"@type":"EntryPoint","urlTemplate":"https:\/\/lasentinelle.dz\/?s={search_term_string}"},"query-input":{"@type":"PropertyValueSpecification","valueRequired":true,"valueName":"search_term_string"}}],"inLanguage":"fr-FR"},{"@type":"Organization","@id":"https:\/\/lasentinelle.dz\/#organization","name":"Quotidien La Sentinelle","url":"https:\/\/lasentinelle.dz\/","logo":{"@type":"ImageObject","inLanguage":"fr-FR","@id":"https:\/\/lasentinelle.dz\/#\/schema\/logo\/image\/","url":"https:\/\/lasentinelle.dz\/wp-content\/uploads\/2021\/09\/logo-sentinelleSLOGAN-1.png","contentUrl":"https:\/\/lasentinelle.dz\/wp-content\/uploads\/2021\/09\/logo-sentinelleSLOGAN-1.png","width":615,"height":142,"caption":"Quotidien La Sentinelle"},"image":{"@id":"https:\/\/lasentinelle.dz\/#\/schema\/logo\/image\/"},"sameAs":["https:\/\/www.facebook.com\/La-Sentinelle-104059864394773"]},{"@type":"Person","@id":"https:\/\/lasentinelle.dz\/#\/schema\/person\/d865044e22e70a75174ce8bcad3acfb3","name":"La Sentinelle","image":{"@type":"ImageObject","inLanguage":"fr-FR","@id":"https:\/\/secure.gravatar.com\/avatar\/57de8e5d4b15d43fb361a71fbb36338450fe67865b528a43dd10ef7c51a20392?s=96&d=mm&r=g","url":"https:\/\/secure.gravatar.com\/avatar\/57de8e5d4b15d43fb361a71fbb36338450fe67865b528a43dd10ef7c51a20392?s=96&d=mm&r=g","contentUrl":"https:\/\/secure.gravatar.com\/avatar\/57de8e5d4b15d43fb361a71fbb36338450fe67865b528a43dd10ef7c51a20392?s=96&d=mm&r=g","caption":"La Sentinelle"},"sameAs":["http:\/\/www.lasentinelle.dz"],"url":"https:\/\/lasentinelle.dz\/author\/redaction\/"}]}},"_links":{"self":[{"href":"https:\/\/lasentinelle.dz\/index.php\/wp-json\/wp\/v2\/posts\/51864","targetHints":{"allow":["GET"]}}],"collection":[{"href":"https:\/\/lasentinelle.dz\/index.php\/wp-json\/wp\/v2\/posts"}],"about":[{"href":"https:\/\/lasentinelle.dz\/index.php\/wp-json\/wp\/v2\/types\/post"}],"author":[{"embeddable":true,"href":"https:\/\/lasentinelle.dz\/index.php\/wp-json\/wp\/v2\/users\/3"}],"replies":[{"embeddable":true,"href":"https:\/\/lasentinelle.dz\/index.php\/wp-json\/wp\/v2\/comments?post=51864"}],"version-history":[{"count":1,"href":"https:\/\/lasentinelle.dz\/index.php\/wp-json\/wp\/v2\/posts\/51864\/revisions"}],"predecessor-version":[{"id":51866,"href":"https:\/\/lasentinelle.dz\/index.php\/wp-json\/wp\/v2\/posts\/51864\/revisions\/51866"}],"wp:featuredmedia":[{"embeddable":true,"href":"https:\/\/lasentinelle.dz\/index.php\/wp-json\/wp\/v2\/media\/51865"}],"wp:attachment":[{"href":"https:\/\/lasentinelle.dz\/index.php\/wp-json\/wp\/v2\/media?parent=51864"}],"wp:term":[{"taxonomy":"category","embeddable":true,"href":"https:\/\/lasentinelle.dz\/index.php\/wp-json\/wp\/v2\/categories?post=51864"},{"taxonomy":"post_tag","embeddable":true,"href":"https:\/\/lasentinelle.dz\/index.php\/wp-json\/wp\/v2\/tags?post=51864"}],"curies":[{"name":"wp","href":"https:\/\/api.w.org\/{rel}","templated":true}]}}