{"id":51869,"date":"2024-05-01T21:18:06","date_gmt":"2024-05-01T20:18:06","guid":{"rendered":"https:\/\/lasentinelle.dz\/?p=51869"},"modified":"2024-05-01T21:18:12","modified_gmt":"2024-05-01T20:18:12","slug":"le-film-espagnol-matria-remporte-la-gazelle-dor","status":"publish","type":"post","link":"https:\/\/lasentinelle.dz\/index.php\/2024\/05\/01\/le-film-espagnol-matria-remporte-la-gazelle-dor\/","title":{"rendered":"Le film espagnol \u00ab Matria \u00bb remporte la \u00ab Gazelle d\u2019Or \u00bb"},"content":{"rendered":"\n<p>Le long-m\u00e9trage \u00ab Matria \u00bb, du r\u00e9alisateur espagnol Alvaro Gago a remport\u00e9 le grand prix, la \u00ab Gazelle d\u2019Or \u00bb, du 4\u00e8me Festival du film m\u00e9diterran\u00e9en d\u2019Annaba, cl\u00f4tur\u00e9 mardi soir dans un th\u00e9\u00e2tre r\u00e9gional Azzdine-Medjoubi plein \u00e0 craquer, en pr\u00e9sence, \u00e9galement, de cin\u00e9astes arabes et d\u2019autres venus de pays entourant le bassin m\u00e9diterran\u00e9en.<\/p>\n\n\n\n<p>\u00ab Matria \u00bb, qui met en vedette Maria Vazquez, traite d\u2019un th\u00e8me \u00e9minemment social \u00e0 travers l\u2019histoire d\u2019une m\u00e8re vivant, \u00e0 la suite de son licenciement de l\u2019usine o\u00f9 elle \u00e9tait salari\u00e9e, dans des conditions sociales tr\u00e8s difficiles, et se trouve contrainte d\u2019encha\u00eener les petits boulots pour assurer l\u2019avenir de sa fille. Le film donne une image tr\u00e8s forte de ces femmes r\u00e9silientes, in\u00e9branlables, faisant face avec courage et d\u00e9termination aux circonstances difficiles. L\u2019actrice principale, Maria V?zquez, a d\u2019ailleurs remport\u00e9 le prix de la meilleure interpr\u00e9tation f\u00e9minine. Le prix de meilleure interpr\u00e9tation masculine est revenu \u00e0 l\u2019acteur palestinien Saleh Bakri pour son r\u00f4le dans le film \u00ab The teacher \u00bb (L\u2019enseignant), \u0153uvre de la r\u00e9alisatrice palestinienne Farah Nabulsi, narrant l\u2019histoire d\u2019un enseignant palestinien qui veut mettre ses \u00e9l\u00e8ves en s\u00e9curit\u00e9 gr\u00e2ce \u00e0 la science, tout en leur apprenant \u00e0 ne pas baisser l\u2019\u00e9chine devant l\u2019occupant sioniste. Le prix du meilleur sc\u00e9nario a \u00e9t\u00e9 d\u00e9cern\u00e9, dans la cat\u00e9gorie des longs-m\u00e9trages, au film \u00ab Rosinante \u00bb, du turc Baran G\u00fcnd\u00fczalp, tandis que le prix du jury est revenu au film alg\u00e9rien \u00ab Frantz Fanon \u00bb, r\u00e9alis\u00e9 par Abdelnour Zahzah. Dans la cat\u00e9gorie du film documentaire, le 1er prix est all\u00e9 au film Italien \u00ab Sarura \u00bb de Nicola Zambelli, tandis que le prix du meilleur court-m\u00e9trage a \u00e9t\u00e9 attribu\u00e9 au film palestinien \u00ab Sokrania 59 \u00bb r\u00e9alis\u00e9 par Abdallah Al Khatib. La quatri\u00e8me \u00e9dition du Festival du film m\u00e9diterran\u00e9en d\u2019Annaba a \u00e9galement \u00e9t\u00e9 marqu\u00e9e par la remise d\u2019un prix du public d\u00e9di\u00e9 au regrett\u00e9 r\u00e9alisateur alg\u00e9rien Amar Laskri, d\u00e9cern\u00e9, \u00e0 la suite d\u2019un vote des \u00e9tudiants de l\u2019Ecole sup\u00e9rieure de gestion d\u2019Annaba o\u00f9 ont \u00e9t\u00e9 projet\u00e9s des films alg\u00e9riens, au film \u00ab Tayara Safra \u00bb (l\u2019avion jaune), r\u00e9alis\u00e9 par Hadjer Sebata. La c\u00e9r\u00e9monie de cl\u00f4ture de la 4\u00e8me \u00e9dition du Festival du film m\u00e9diterran\u00e9en d\u2019Annaba a \u00e9t\u00e9 marqu\u00e9e par un hommage rendu, en leur pr\u00e9sence, \u00e0 des personnalit\u00e9s artistiques du monde du 7\u00e8me art cin\u00e9ma, en l\u2019occurrence Fathi Haddaoui, de Tunisie, Mostafa Shaaban, d\u2019Egypte, Sherine Abdel Wahhab, d\u2019Egypte \u00e9galement, et le cin\u00e9aste alg\u00e9rien Merzak Allouache. La soir\u00e9e de cl\u00f4ture du festival, ouverte par des morceaux interpr\u00e9t\u00e9s par l\u2019Orchestre Symphonique de l\u2019Op\u00e9ra d\u2019Alger et une performance lyrique du chanteur Kamel Bennani, a donn\u00e9 lieu \u00e0 la projection d\u2019un film intitul\u00e9 \u00ab Deux jours \u00bb, du r\u00e9alisateur syrien Bassel Al Khatib avec, pour principal acteur, le c\u00e9l\u00e8bre Duraid Lahham. Six jours durant, du 24 au 30 avril, la ville d\u2019Annaba a v\u00e9cu au rythme du 7\u00e8me art, le public cin\u00e9phile de \u00ab La Coquette \u00bb n\u2019ayant pas laiss\u00e9 s\u2019\u00e9chapper l\u2019occasion de voir 70 films produits dans 18 pays du pourtour m\u00e9diterran\u00e9en.<\/p>\n\n\n\n<p>APS<\/p>\n","protected":false},"excerpt":{"rendered":"<p>Le long-m\u00e9trage \u00ab Matria \u00bb, du r\u00e9alisateur espagnol Alvaro Gago a remport\u00e9 le grand prix, la \u00ab Gazelle d\u2019Or \u00bb,<\/p>\n","protected":false},"author":3,"featured_media":51870,"comment_status":"open","ping_status":"closed","sticky":false,"template":"","format":"standard","meta":{"colormag_page_container_layout":"default_layout","colormag_page_sidebar_layout":"default_layout","om_disable_all_campaigns":false,"_monsterinsights_skip_tracking":false,"_monsterinsights_sitenote_active":false,"_monsterinsights_sitenote_note":"","_monsterinsights_sitenote_category":0,"footnotes":"","_wpscppro_dont_share_socialmedia":false,"_wpscppro_custom_social_share_image":0,"_facebook_share_type":"default","_twitter_share_type":"default","_linkedin_share_type":"default","_pinterest_share_type":"default","_linkedin_share_type_page":"","_instagram_share_type":"default","_medium_share_type":"","_threads_share_type":"","_google_business_share_type":"","_selected_social_profile":[],"_wpsp_enable_custom_social_template":false,"_wpsp_social_scheduling":{"enabled":false,"datetime":null,"platforms":[],"status":"template_only","dateOption":"today","timeOption":"now","customDays":"","customHours":"","customDate":"","customTime":"","schedulingType":"absolute"},"_wpsp_active_default_template":true},"categories":[36],"tags":[],"class_list":["post-51869","post","type-post","status-publish","format-standard","has-post-thumbnail","hentry","category-culture"],"aioseo_notices":[],"yoast_head":"<!-- This site is optimized with the Yoast SEO plugin v27.5 - https:\/\/yoast.com\/product\/yoast-seo-wordpress\/ -->\n<title>Le film espagnol \u00ab Matria \u00bb remporte la \u00ab Gazelle d\u2019Or \u00bb - La Sentinelle<\/title>\n<meta name=\"robots\" content=\"index, follow, max-snippet:-1, max-image-preview:large, max-video-preview:-1\" \/>\n<link rel=\"canonical\" href=\"https:\/\/lasentinelle.dz\/index.php\/2024\/05\/01\/le-film-espagnol-matria-remporte-la-gazelle-dor\/\" \/>\n<meta property=\"og:locale\" content=\"fr_FR\" \/>\n<meta property=\"og:type\" content=\"article\" \/>\n<meta property=\"og:title\" content=\"Le film espagnol \u00ab Matria \u00bb remporte la \u00ab Gazelle d\u2019Or \u00bb - La Sentinelle\" \/>\n<meta property=\"og:description\" content=\"Le long-m\u00e9trage \u00ab Matria \u00bb, du r\u00e9alisateur espagnol Alvaro Gago a remport\u00e9 le grand prix, la \u00ab Gazelle d\u2019Or \u00bb,\" \/>\n<meta property=\"og:url\" content=\"https:\/\/lasentinelle.dz\/index.php\/2024\/05\/01\/le-film-espagnol-matria-remporte-la-gazelle-dor\/\" \/>\n<meta property=\"og:site_name\" content=\"La Sentinelle\" \/>\n<meta property=\"article:publisher\" content=\"https:\/\/www.facebook.com\/La-Sentinelle-104059864394773\" \/>\n<meta property=\"article:published_time\" content=\"2024-05-01T20:18:06+00:00\" \/>\n<meta property=\"article:modified_time\" content=\"2024-05-01T20:18:12+00:00\" \/>\n<meta property=\"og:image\" content=\"https:\/\/lasentinelle.dz\/wp-content\/uploads\/2024\/05\/gazelle.jpeg\" \/>\n\t<meta property=\"og:image:width\" content=\"2048\" \/>\n\t<meta property=\"og:image:height\" content=\"1365\" \/>\n\t<meta property=\"og:image:type\" content=\"image\/jpeg\" \/>\n<meta name=\"author\" content=\"La Sentinelle\" \/>\n<meta name=\"twitter:card\" content=\"summary_large_image\" \/>\n<meta name=\"twitter:label1\" content=\"\u00c9crit par\" \/>\n\t<meta name=\"twitter:data1\" content=\"La Sentinelle\" \/>\n\t<meta name=\"twitter:label2\" content=\"Dur\u00e9e de lecture estim\u00e9e\" \/>\n\t<meta name=\"twitter:data2\" content=\"3 minutes\" \/>\n<script type=\"application\/ld+json\" class=\"yoast-schema-graph\">{\"@context\":\"https:\\\/\\\/schema.org\",\"@graph\":[{\"@type\":\"Article\",\"@id\":\"https:\\\/\\\/lasentinelle.dz\\\/index.php\\\/2024\\\/05\\\/01\\\/le-film-espagnol-matria-remporte-la-gazelle-dor\\\/#article\",\"isPartOf\":{\"@id\":\"https:\\\/\\\/lasentinelle.dz\\\/index.php\\\/2024\\\/05\\\/01\\\/le-film-espagnol-matria-remporte-la-gazelle-dor\\\/\"},\"author\":{\"name\":\"La Sentinelle\",\"@id\":\"https:\\\/\\\/lasentinelle.dz\\\/#\\\/schema\\\/person\\\/d865044e22e70a75174ce8bcad3acfb3\"},\"headline\":\"Le film espagnol \u00ab Matria \u00bb remporte la \u00ab Gazelle d\u2019Or \u00bb\",\"datePublished\":\"2024-05-01T20:18:06+00:00\",\"dateModified\":\"2024-05-01T20:18:12+00:00\",\"mainEntityOfPage\":{\"@id\":\"https:\\\/\\\/lasentinelle.dz\\\/index.php\\\/2024\\\/05\\\/01\\\/le-film-espagnol-matria-remporte-la-gazelle-dor\\\/\"},\"wordCount\":574,\"commentCount\":0,\"publisher\":{\"@id\":\"https:\\\/\\\/lasentinelle.dz\\\/#organization\"},\"image\":{\"@id\":\"https:\\\/\\\/lasentinelle.dz\\\/index.php\\\/2024\\\/05\\\/01\\\/le-film-espagnol-matria-remporte-la-gazelle-dor\\\/#primaryimage\"},\"thumbnailUrl\":\"https:\\\/\\\/lasentinelle.dz\\\/wp-content\\\/uploads\\\/2024\\\/05\\\/gazelle.jpeg\",\"articleSection\":[\"Culture\"],\"inLanguage\":\"fr-FR\",\"potentialAction\":[{\"@type\":\"CommentAction\",\"name\":\"Comment\",\"target\":[\"https:\\\/\\\/lasentinelle.dz\\\/index.php\\\/2024\\\/05\\\/01\\\/le-film-espagnol-matria-remporte-la-gazelle-dor\\\/#respond\"]}]},{\"@type\":\"WebPage\",\"@id\":\"https:\\\/\\\/lasentinelle.dz\\\/index.php\\\/2024\\\/05\\\/01\\\/le-film-espagnol-matria-remporte-la-gazelle-dor\\\/\",\"url\":\"https:\\\/\\\/lasentinelle.dz\\\/index.php\\\/2024\\\/05\\\/01\\\/le-film-espagnol-matria-remporte-la-gazelle-dor\\\/\",\"name\":\"Le film espagnol \u00ab Matria \u00bb remporte la \u00ab Gazelle d\u2019Or \u00bb - La Sentinelle\",\"isPartOf\":{\"@id\":\"https:\\\/\\\/lasentinelle.dz\\\/#website\"},\"primaryImageOfPage\":{\"@id\":\"https:\\\/\\\/lasentinelle.dz\\\/index.php\\\/2024\\\/05\\\/01\\\/le-film-espagnol-matria-remporte-la-gazelle-dor\\\/#primaryimage\"},\"image\":{\"@id\":\"https:\\\/\\\/lasentinelle.dz\\\/index.php\\\/2024\\\/05\\\/01\\\/le-film-espagnol-matria-remporte-la-gazelle-dor\\\/#primaryimage\"},\"thumbnailUrl\":\"https:\\\/\\\/lasentinelle.dz\\\/wp-content\\\/uploads\\\/2024\\\/05\\\/gazelle.jpeg\",\"datePublished\":\"2024-05-01T20:18:06+00:00\",\"dateModified\":\"2024-05-01T20:18:12+00:00\",\"breadcrumb\":{\"@id\":\"https:\\\/\\\/lasentinelle.dz\\\/index.php\\\/2024\\\/05\\\/01\\\/le-film-espagnol-matria-remporte-la-gazelle-dor\\\/#breadcrumb\"},\"inLanguage\":\"fr-FR\",\"potentialAction\":[{\"@type\":\"ReadAction\",\"target\":[\"https:\\\/\\\/lasentinelle.dz\\\/index.php\\\/2024\\\/05\\\/01\\\/le-film-espagnol-matria-remporte-la-gazelle-dor\\\/\"]}]},{\"@type\":\"ImageObject\",\"inLanguage\":\"fr-FR\",\"@id\":\"https:\\\/\\\/lasentinelle.dz\\\/index.php\\\/2024\\\/05\\\/01\\\/le-film-espagnol-matria-remporte-la-gazelle-dor\\\/#primaryimage\",\"url\":\"https:\\\/\\\/lasentinelle.dz\\\/wp-content\\\/uploads\\\/2024\\\/05\\\/gazelle.jpeg\",\"contentUrl\":\"https:\\\/\\\/lasentinelle.dz\\\/wp-content\\\/uploads\\\/2024\\\/05\\\/gazelle.jpeg\",\"width\":2048,\"height\":1365},{\"@type\":\"BreadcrumbList\",\"@id\":\"https:\\\/\\\/lasentinelle.dz\\\/index.php\\\/2024\\\/05\\\/01\\\/le-film-espagnol-matria-remporte-la-gazelle-dor\\\/#breadcrumb\",\"itemListElement\":[{\"@type\":\"ListItem\",\"position\":1,\"name\":\"Accueil\",\"item\":\"https:\\\/\\\/lasentinelle.dz\\\/\"},{\"@type\":\"ListItem\",\"position\":2,\"name\":\"Le film espagnol \u00ab Matria \u00bb remporte la \u00ab Gazelle d\u2019Or \u00bb\"}]},{\"@type\":\"WebSite\",\"@id\":\"https:\\\/\\\/lasentinelle.dz\\\/#website\",\"url\":\"https:\\\/\\\/lasentinelle.dz\\\/\",\"name\":\"La Sentinelle\",\"description\":\"Quotidien national d&#039;information\",\"publisher\":{\"@id\":\"https:\\\/\\\/lasentinelle.dz\\\/#organization\"},\"potentialAction\":[{\"@type\":\"SearchAction\",\"target\":{\"@type\":\"EntryPoint\",\"urlTemplate\":\"https:\\\/\\\/lasentinelle.dz\\\/?s={search_term_string}\"},\"query-input\":{\"@type\":\"PropertyValueSpecification\",\"valueRequired\":true,\"valueName\":\"search_term_string\"}}],\"inLanguage\":\"fr-FR\"},{\"@type\":\"Organization\",\"@id\":\"https:\\\/\\\/lasentinelle.dz\\\/#organization\",\"name\":\"Quotidien La Sentinelle\",\"url\":\"https:\\\/\\\/lasentinelle.dz\\\/\",\"logo\":{\"@type\":\"ImageObject\",\"inLanguage\":\"fr-FR\",\"@id\":\"https:\\\/\\\/lasentinelle.dz\\\/#\\\/schema\\\/logo\\\/image\\\/\",\"url\":\"https:\\\/\\\/lasentinelle.dz\\\/wp-content\\\/uploads\\\/2021\\\/09\\\/logo-sentinelleSLOGAN-1.png\",\"contentUrl\":\"https:\\\/\\\/lasentinelle.dz\\\/wp-content\\\/uploads\\\/2021\\\/09\\\/logo-sentinelleSLOGAN-1.png\",\"width\":615,\"height\":142,\"caption\":\"Quotidien La Sentinelle\"},\"image\":{\"@id\":\"https:\\\/\\\/lasentinelle.dz\\\/#\\\/schema\\\/logo\\\/image\\\/\"},\"sameAs\":[\"https:\\\/\\\/www.facebook.com\\\/La-Sentinelle-104059864394773\"]},{\"@type\":\"Person\",\"@id\":\"https:\\\/\\\/lasentinelle.dz\\\/#\\\/schema\\\/person\\\/d865044e22e70a75174ce8bcad3acfb3\",\"name\":\"La Sentinelle\",\"image\":{\"@type\":\"ImageObject\",\"inLanguage\":\"fr-FR\",\"@id\":\"https:\\\/\\\/secure.gravatar.com\\\/avatar\\\/57de8e5d4b15d43fb361a71fbb36338450fe67865b528a43dd10ef7c51a20392?s=96&d=mm&r=g\",\"url\":\"https:\\\/\\\/secure.gravatar.com\\\/avatar\\\/57de8e5d4b15d43fb361a71fbb36338450fe67865b528a43dd10ef7c51a20392?s=96&d=mm&r=g\",\"contentUrl\":\"https:\\\/\\\/secure.gravatar.com\\\/avatar\\\/57de8e5d4b15d43fb361a71fbb36338450fe67865b528a43dd10ef7c51a20392?s=96&d=mm&r=g\",\"caption\":\"La Sentinelle\"},\"sameAs\":[\"http:\\\/\\\/www.lasentinelle.dz\"],\"url\":\"https:\\\/\\\/lasentinelle.dz\\\/author\\\/redaction\\\/\"}]}<\/script>\n<!-- \/ Yoast SEO plugin. -->","yoast_head_json":{"title":"Le film espagnol \u00ab Matria \u00bb remporte la \u00ab Gazelle d\u2019Or \u00bb - La Sentinelle","robots":{"index":"index","follow":"follow","max-snippet":"max-snippet:-1","max-image-preview":"max-image-preview:large","max-video-preview":"max-video-preview:-1"},"canonical":"https:\/\/lasentinelle.dz\/index.php\/2024\/05\/01\/le-film-espagnol-matria-remporte-la-gazelle-dor\/","og_locale":"fr_FR","og_type":"article","og_title":"Le film espagnol \u00ab Matria \u00bb remporte la \u00ab Gazelle d\u2019Or \u00bb - La Sentinelle","og_description":"Le long-m\u00e9trage \u00ab Matria \u00bb, du r\u00e9alisateur espagnol Alvaro Gago a remport\u00e9 le grand prix, la \u00ab Gazelle d\u2019Or \u00bb,","og_url":"https:\/\/lasentinelle.dz\/index.php\/2024\/05\/01\/le-film-espagnol-matria-remporte-la-gazelle-dor\/","og_site_name":"La Sentinelle","article_publisher":"https:\/\/www.facebook.com\/La-Sentinelle-104059864394773","article_published_time":"2024-05-01T20:18:06+00:00","article_modified_time":"2024-05-01T20:18:12+00:00","og_image":[{"width":2048,"height":1365,"url":"https:\/\/lasentinelle.dz\/wp-content\/uploads\/2024\/05\/gazelle.jpeg","type":"image\/jpeg"}],"author":"La Sentinelle","twitter_card":"summary_large_image","twitter_misc":{"\u00c9crit par":"La Sentinelle","Dur\u00e9e de lecture estim\u00e9e":"3 minutes"},"schema":{"@context":"https:\/\/schema.org","@graph":[{"@type":"Article","@id":"https:\/\/lasentinelle.dz\/index.php\/2024\/05\/01\/le-film-espagnol-matria-remporte-la-gazelle-dor\/#article","isPartOf":{"@id":"https:\/\/lasentinelle.dz\/index.php\/2024\/05\/01\/le-film-espagnol-matria-remporte-la-gazelle-dor\/"},"author":{"name":"La Sentinelle","@id":"https:\/\/lasentinelle.dz\/#\/schema\/person\/d865044e22e70a75174ce8bcad3acfb3"},"headline":"Le film espagnol \u00ab Matria \u00bb remporte la \u00ab Gazelle d\u2019Or \u00bb","datePublished":"2024-05-01T20:18:06+00:00","dateModified":"2024-05-01T20:18:12+00:00","mainEntityOfPage":{"@id":"https:\/\/lasentinelle.dz\/index.php\/2024\/05\/01\/le-film-espagnol-matria-remporte-la-gazelle-dor\/"},"wordCount":574,"commentCount":0,"publisher":{"@id":"https:\/\/lasentinelle.dz\/#organization"},"image":{"@id":"https:\/\/lasentinelle.dz\/index.php\/2024\/05\/01\/le-film-espagnol-matria-remporte-la-gazelle-dor\/#primaryimage"},"thumbnailUrl":"https:\/\/lasentinelle.dz\/wp-content\/uploads\/2024\/05\/gazelle.jpeg","articleSection":["Culture"],"inLanguage":"fr-FR","potentialAction":[{"@type":"CommentAction","name":"Comment","target":["https:\/\/lasentinelle.dz\/index.php\/2024\/05\/01\/le-film-espagnol-matria-remporte-la-gazelle-dor\/#respond"]}]},{"@type":"WebPage","@id":"https:\/\/lasentinelle.dz\/index.php\/2024\/05\/01\/le-film-espagnol-matria-remporte-la-gazelle-dor\/","url":"https:\/\/lasentinelle.dz\/index.php\/2024\/05\/01\/le-film-espagnol-matria-remporte-la-gazelle-dor\/","name":"Le film espagnol \u00ab Matria \u00bb remporte la \u00ab Gazelle d\u2019Or \u00bb - La Sentinelle","isPartOf":{"@id":"https:\/\/lasentinelle.dz\/#website"},"primaryImageOfPage":{"@id":"https:\/\/lasentinelle.dz\/index.php\/2024\/05\/01\/le-film-espagnol-matria-remporte-la-gazelle-dor\/#primaryimage"},"image":{"@id":"https:\/\/lasentinelle.dz\/index.php\/2024\/05\/01\/le-film-espagnol-matria-remporte-la-gazelle-dor\/#primaryimage"},"thumbnailUrl":"https:\/\/lasentinelle.dz\/wp-content\/uploads\/2024\/05\/gazelle.jpeg","datePublished":"2024-05-01T20:18:06+00:00","dateModified":"2024-05-01T20:18:12+00:00","breadcrumb":{"@id":"https:\/\/lasentinelle.dz\/index.php\/2024\/05\/01\/le-film-espagnol-matria-remporte-la-gazelle-dor\/#breadcrumb"},"inLanguage":"fr-FR","potentialAction":[{"@type":"ReadAction","target":["https:\/\/lasentinelle.dz\/index.php\/2024\/05\/01\/le-film-espagnol-matria-remporte-la-gazelle-dor\/"]}]},{"@type":"ImageObject","inLanguage":"fr-FR","@id":"https:\/\/lasentinelle.dz\/index.php\/2024\/05\/01\/le-film-espagnol-matria-remporte-la-gazelle-dor\/#primaryimage","url":"https:\/\/lasentinelle.dz\/wp-content\/uploads\/2024\/05\/gazelle.jpeg","contentUrl":"https:\/\/lasentinelle.dz\/wp-content\/uploads\/2024\/05\/gazelle.jpeg","width":2048,"height":1365},{"@type":"BreadcrumbList","@id":"https:\/\/lasentinelle.dz\/index.php\/2024\/05\/01\/le-film-espagnol-matria-remporte-la-gazelle-dor\/#breadcrumb","itemListElement":[{"@type":"ListItem","position":1,"name":"Accueil","item":"https:\/\/lasentinelle.dz\/"},{"@type":"ListItem","position":2,"name":"Le film espagnol \u00ab Matria \u00bb remporte la \u00ab Gazelle d\u2019Or \u00bb"}]},{"@type":"WebSite","@id":"https:\/\/lasentinelle.dz\/#website","url":"https:\/\/lasentinelle.dz\/","name":"La Sentinelle","description":"Quotidien national d&#039;information","publisher":{"@id":"https:\/\/lasentinelle.dz\/#organization"},"potentialAction":[{"@type":"SearchAction","target":{"@type":"EntryPoint","urlTemplate":"https:\/\/lasentinelle.dz\/?s={search_term_string}"},"query-input":{"@type":"PropertyValueSpecification","valueRequired":true,"valueName":"search_term_string"}}],"inLanguage":"fr-FR"},{"@type":"Organization","@id":"https:\/\/lasentinelle.dz\/#organization","name":"Quotidien La Sentinelle","url":"https:\/\/lasentinelle.dz\/","logo":{"@type":"ImageObject","inLanguage":"fr-FR","@id":"https:\/\/lasentinelle.dz\/#\/schema\/logo\/image\/","url":"https:\/\/lasentinelle.dz\/wp-content\/uploads\/2021\/09\/logo-sentinelleSLOGAN-1.png","contentUrl":"https:\/\/lasentinelle.dz\/wp-content\/uploads\/2021\/09\/logo-sentinelleSLOGAN-1.png","width":615,"height":142,"caption":"Quotidien La Sentinelle"},"image":{"@id":"https:\/\/lasentinelle.dz\/#\/schema\/logo\/image\/"},"sameAs":["https:\/\/www.facebook.com\/La-Sentinelle-104059864394773"]},{"@type":"Person","@id":"https:\/\/lasentinelle.dz\/#\/schema\/person\/d865044e22e70a75174ce8bcad3acfb3","name":"La Sentinelle","image":{"@type":"ImageObject","inLanguage":"fr-FR","@id":"https:\/\/secure.gravatar.com\/avatar\/57de8e5d4b15d43fb361a71fbb36338450fe67865b528a43dd10ef7c51a20392?s=96&d=mm&r=g","url":"https:\/\/secure.gravatar.com\/avatar\/57de8e5d4b15d43fb361a71fbb36338450fe67865b528a43dd10ef7c51a20392?s=96&d=mm&r=g","contentUrl":"https:\/\/secure.gravatar.com\/avatar\/57de8e5d4b15d43fb361a71fbb36338450fe67865b528a43dd10ef7c51a20392?s=96&d=mm&r=g","caption":"La Sentinelle"},"sameAs":["http:\/\/www.lasentinelle.dz"],"url":"https:\/\/lasentinelle.dz\/author\/redaction\/"}]}},"_links":{"self":[{"href":"https:\/\/lasentinelle.dz\/index.php\/wp-json\/wp\/v2\/posts\/51869","targetHints":{"allow":["GET"]}}],"collection":[{"href":"https:\/\/lasentinelle.dz\/index.php\/wp-json\/wp\/v2\/posts"}],"about":[{"href":"https:\/\/lasentinelle.dz\/index.php\/wp-json\/wp\/v2\/types\/post"}],"author":[{"embeddable":true,"href":"https:\/\/lasentinelle.dz\/index.php\/wp-json\/wp\/v2\/users\/3"}],"replies":[{"embeddable":true,"href":"https:\/\/lasentinelle.dz\/index.php\/wp-json\/wp\/v2\/comments?post=51869"}],"version-history":[{"count":1,"href":"https:\/\/lasentinelle.dz\/index.php\/wp-json\/wp\/v2\/posts\/51869\/revisions"}],"predecessor-version":[{"id":51871,"href":"https:\/\/lasentinelle.dz\/index.php\/wp-json\/wp\/v2\/posts\/51869\/revisions\/51871"}],"wp:featuredmedia":[{"embeddable":true,"href":"https:\/\/lasentinelle.dz\/index.php\/wp-json\/wp\/v2\/media\/51870"}],"wp:attachment":[{"href":"https:\/\/lasentinelle.dz\/index.php\/wp-json\/wp\/v2\/media?parent=51869"}],"wp:term":[{"taxonomy":"category","embeddable":true,"href":"https:\/\/lasentinelle.dz\/index.php\/wp-json\/wp\/v2\/categories?post=51869"},{"taxonomy":"post_tag","embeddable":true,"href":"https:\/\/lasentinelle.dz\/index.php\/wp-json\/wp\/v2\/tags?post=51869"}],"curies":[{"name":"wp","href":"https:\/\/api.w.org\/{rel}","templated":true}]}}