{"id":51890,"date":"2024-05-02T10:16:00","date_gmt":"2024-05-02T09:16:00","guid":{"rendered":"https:\/\/lasentinelle.dz\/?p=51890"},"modified":"2024-05-03T12:19:05","modified_gmt":"2024-05-03T11:19:05","slug":"angem-une-nouvelle-vision-basee-sur-la-performance-economique","status":"publish","type":"post","link":"https:\/\/lasentinelle.dz\/index.php\/2024\/05\/02\/angem-une-nouvelle-vision-basee-sur-la-performance-economique\/","title":{"rendered":"ANGEM\u00a0: Une nouvelle vision bas\u00e9e sur la performance \u00e9conomique"},"content":{"rendered":"\n<p>Le ministre de l&rsquo;Economie de la connaissance, des Start-up et des Micro-entreprises, Yacine El-Mahdi Oualid insiste sur la renfonte de la gestion des m\u00e9canismes de cr\u00e9ation d\u2019entreprises et de microcr\u00e9dit en se basant sur une approche \u00e9conomique, plut\u00f4t que social. Apr\u00e8s la refonte du dispositif de la d\u00e9funte Ansej qui a \u00e9t\u00e9 repens\u00e9 et donn\u00e9 lieu \u00e0 la cr\u00e9ation de l\u2019Anade, Yacine El-Mahdi Oualid souligne la n\u00e9cessite de revoir la gestion de l&rsquo;Agence nationale de gestion du micro-cr\u00e9dit (ANGEM) suivant une vision bas\u00e9e sur la performance \u00e9conomique. Dans une allocution prononc\u00e9e lors d&rsquo;une c\u00e9r\u00e9monie de distinction organis\u00e9e en l&rsquo;honneur des employ\u00e9s de l&rsquo;Agence \u00e0 l&rsquo;occasion de la Journ\u00e9e mondiale du travail, le ministre a soulign\u00e9 que le progr\u00e8s r\u00e9alis\u00e9 par l&rsquo;ANGEM, qui s&rsquo;est traduit par le financement de 900.000 b\u00e9n\u00e9ficiaires depuis sa cr\u00e9ation, \u00ab\u00a0requiert une nouvelle vision de sa gestion qui repose sur la performance \u00e9conomique, la durabilit\u00e9 des postes d&#8217;emploi et son r\u00f4le en tant qu&rsquo;accompagnateur des entrepreneurs\u00a0\u00bb. Il a, dans ce cadre, mis l&rsquo;accent sur l&rsquo;importance de l&rsquo;ANGEM dans la cr\u00e9ation de richesses, dans les zones enclav\u00e9es notamment, pour permettre au plus grand nombre de comp\u00e9tences d&rsquo;adh\u00e9rer \u00e0 la vie \u00e9conomique et de d\u00e9crocher un financement de leurs activit\u00e9s. Le ministre a, aussi, \u00e9voqu\u00e9 une \u00e9tude en cours au niveau de son d\u00e9partement qui s&rsquo;articule autour de la p\u00e9rennit\u00e9 des postes d&#8217;emploi cr\u00e9\u00e9s gr\u00e2ce \u00e0 ce dispositif, ainsi que les crit\u00e8res de choix devant \u00eatre adopt\u00e9s dans l&rsquo;investissement des fonds publics par son biais. Au niveau de l&rsquo;Agence, a poursuivi M. Oualid, on s&rsquo;att\u00e8le au financement de 1.000 porteurs de projets dans les domaines de l&rsquo;\u00e9conomie circulaire et le recyclage, outre des r\u00e9formes visant \u00e0 moderniser l&rsquo;Agence via la num\u00e9risation et la mise en place d&rsquo;un mode de gestion bas\u00e9 sur des objectifs bien d\u00e9finis \u00e0 atteindre. Le ministre a, en outre, salu\u00e9 les efforts de travailleurs de l&rsquo;agence qui jouent un \u00ab\u00a0r\u00f4le de proximit\u00e9 majeur\u00a0\u00bb dans le rapprochement entre le citoyen et les institutions de l&rsquo;Etat.<\/p>\n\n\n\n<p>R.N.<\/p>\n\n\n\n<p><strong>Cr\u00e9ation d\u2019entreprises&nbsp;: Vers la num\u00e9risation du processus <\/strong><strong><\/strong><\/p>\n\n\n\n<p>La num\u00e9risation du processus de cr\u00e9ation d&rsquo;entreprises a \u00e9t\u00e9 au c\u0153ur d\u2019une r\u00e9union tenuue mardi entre le ministre du Commerce et de la Promotion des exportations, Tayeb Zitouni et celui de l&rsquo;Economie de la connaissance, des Start-up et des Micro-entreprises, Yacine El-Mahdi Oualid. Selon un communiqu\u00e9 du minist\u00e8re du Commerce, lors de cette tenue en pr\u00e9sence de cadres des deux minist\u00e8res, les deux ministres ont soulign\u00e9 la n\u00e9cessit\u00e9 de \u00ab\u00a0faciliter les proc\u00e9dures administratives de cr\u00e9ation d&rsquo;entreprises en r\u00e9duisant les d\u00e9lais et les co\u00fbts de cr\u00e9ation et d&rsquo;\u00e9laborer une feuille de route conjointe pour num\u00e9riser le processus de cr\u00e9ation d&rsquo;entreprises \u00e0 100 %\u00a0\u00bb. Dans ce cadre, l&rsquo;acc\u00e8s \u00e0 l&rsquo;\u00e9tape de cr\u00e9ation d&rsquo;entreprises sans d\u00e9placement ou d\u00e9p\u00f4t de documents, et dans un \u00ab\u00a0d\u00e9lai court\u00a0\u00bb, a \u00e9t\u00e9 fix\u00e9 comme objectif, et ce gr\u00e2ce \u00e0 la mise en \u0153uvre des proc\u00e9dures techniques et r\u00e9glementaires n\u00e9cessaires, et \u00e0 l&rsquo;utilisation de l&rsquo;\u00e9change d&rsquo;informations entre les secteurs concern\u00e9s. Pour atteindre les objectifs trac\u00e9s, une commission technique compos\u00e9e de cadres des deux minist\u00e8res, ainsi que du Centre national du registre du commerce et de l&rsquo;Agence nationale de l&rsquo;auto-entrepreneur, a \u00e9t\u00e9 install\u00e9e lors de cette r\u00e9union.<\/p>\n\n\n\n<p>R.N.<\/p>\n","protected":false},"excerpt":{"rendered":"<p>Le ministre de l&rsquo;Economie de la connaissance, des Start-up et des Micro-entreprises, Yacine El-Mahdi Oualid insiste sur la renfonte de<\/p>\n","protected":false},"author":3,"featured_media":51891,"comment_status":"open","ping_status":"closed","sticky":false,"template":"","format":"standard","meta":{"colormag_page_container_layout":"default_layout","colormag_page_sidebar_layout":"default_layout","om_disable_all_campaigns":false,"_monsterinsights_skip_tracking":false,"_monsterinsights_sitenote_active":false,"_monsterinsights_sitenote_note":"","_monsterinsights_sitenote_category":0,"footnotes":"","_wpscppro_dont_share_socialmedia":false,"_wpscppro_custom_social_share_image":0,"_facebook_share_type":"default","_twitter_share_type":"default","_linkedin_share_type":"default","_pinterest_share_type":"default","_linkedin_share_type_page":"","_instagram_share_type":"default","_medium_share_type":"","_threads_share_type":"","_google_business_share_type":"","_selected_social_profile":[],"_wpsp_enable_custom_social_template":false,"_wpsp_social_scheduling":{"enabled":false,"datetime":null,"platforms":[],"status":"template_only","dateOption":"today","timeOption":"now","customDays":"","customHours":"","customDate":"","customTime":"","schedulingType":"absolute"},"_wpsp_active_default_template":true},"categories":[29],"tags":[],"class_list":["post-51890","post","type-post","status-publish","format-standard","has-post-thumbnail","hentry","category-economie"],"aioseo_notices":[],"yoast_head":"<!-- This site is optimized with the Yoast SEO plugin v27.5 - https:\/\/yoast.com\/product\/yoast-seo-wordpress\/ -->\n<title>ANGEM\u00a0: Une nouvelle vision bas\u00e9e sur la performance \u00e9conomique - La Sentinelle<\/title>\n<meta name=\"robots\" content=\"index, follow, max-snippet:-1, max-image-preview:large, max-video-preview:-1\" \/>\n<link rel=\"canonical\" href=\"https:\/\/lasentinelle.dz\/index.php\/2024\/05\/02\/angem-une-nouvelle-vision-basee-sur-la-performance-economique\/\" \/>\n<meta property=\"og:locale\" content=\"fr_FR\" \/>\n<meta property=\"og:type\" content=\"article\" \/>\n<meta property=\"og:title\" content=\"ANGEM\u00a0: Une nouvelle vision bas\u00e9e sur la performance \u00e9conomique - La Sentinelle\" \/>\n<meta property=\"og:description\" content=\"Le ministre de l&rsquo;Economie de la connaissance, des Start-up et des Micro-entreprises, Yacine El-Mahdi Oualid insiste sur la renfonte de\" \/>\n<meta property=\"og:url\" content=\"https:\/\/lasentinelle.dz\/index.php\/2024\/05\/02\/angem-une-nouvelle-vision-basee-sur-la-performance-economique\/\" \/>\n<meta property=\"og:site_name\" content=\"La Sentinelle\" \/>\n<meta property=\"article:publisher\" content=\"https:\/\/www.facebook.com\/La-Sentinelle-104059864394773\" \/>\n<meta property=\"article:published_time\" content=\"2024-05-02T09:16:00+00:00\" \/>\n<meta property=\"article:modified_time\" content=\"2024-05-03T11:19:05+00:00\" \/>\n<meta property=\"og:image\" content=\"https:\/\/lasentinelle.dz\/wp-content\/uploads\/2024\/05\/yacine-mahdi-el-oualid.jpeg\" \/>\n\t<meta property=\"og:image:width\" content=\"738\" \/>\n\t<meta property=\"og:image:height\" content=\"460\" \/>\n\t<meta property=\"og:image:type\" content=\"image\/jpeg\" \/>\n<meta name=\"author\" content=\"La Sentinelle\" \/>\n<meta name=\"twitter:card\" content=\"summary_large_image\" \/>\n<meta name=\"twitter:label1\" content=\"\u00c9crit par\" \/>\n\t<meta name=\"twitter:data1\" content=\"La Sentinelle\" \/>\n\t<meta name=\"twitter:label2\" content=\"Dur\u00e9e de lecture estim\u00e9e\" \/>\n\t<meta name=\"twitter:data2\" content=\"3 minutes\" \/>\n<script type=\"application\/ld+json\" class=\"yoast-schema-graph\">{\"@context\":\"https:\\\/\\\/schema.org\",\"@graph\":[{\"@type\":\"Article\",\"@id\":\"https:\\\/\\\/lasentinelle.dz\\\/index.php\\\/2024\\\/05\\\/02\\\/angem-une-nouvelle-vision-basee-sur-la-performance-economique\\\/#article\",\"isPartOf\":{\"@id\":\"https:\\\/\\\/lasentinelle.dz\\\/index.php\\\/2024\\\/05\\\/02\\\/angem-une-nouvelle-vision-basee-sur-la-performance-economique\\\/\"},\"author\":{\"name\":\"La Sentinelle\",\"@id\":\"https:\\\/\\\/lasentinelle.dz\\\/#\\\/schema\\\/person\\\/d865044e22e70a75174ce8bcad3acfb3\"},\"headline\":\"ANGEM\u00a0: Une nouvelle vision bas\u00e9e sur la performance \u00e9conomique\",\"datePublished\":\"2024-05-02T09:16:00+00:00\",\"dateModified\":\"2024-05-03T11:19:05+00:00\",\"mainEntityOfPage\":{\"@id\":\"https:\\\/\\\/lasentinelle.dz\\\/index.php\\\/2024\\\/05\\\/02\\\/angem-une-nouvelle-vision-basee-sur-la-performance-economique\\\/\"},\"wordCount\":638,\"commentCount\":0,\"publisher\":{\"@id\":\"https:\\\/\\\/lasentinelle.dz\\\/#organization\"},\"image\":{\"@id\":\"https:\\\/\\\/lasentinelle.dz\\\/index.php\\\/2024\\\/05\\\/02\\\/angem-une-nouvelle-vision-basee-sur-la-performance-economique\\\/#primaryimage\"},\"thumbnailUrl\":\"https:\\\/\\\/lasentinelle.dz\\\/wp-content\\\/uploads\\\/2024\\\/05\\\/yacine-mahdi-el-oualid.jpeg\",\"articleSection\":[\"\u00c9conomie\"],\"inLanguage\":\"fr-FR\",\"potentialAction\":[{\"@type\":\"CommentAction\",\"name\":\"Comment\",\"target\":[\"https:\\\/\\\/lasentinelle.dz\\\/index.php\\\/2024\\\/05\\\/02\\\/angem-une-nouvelle-vision-basee-sur-la-performance-economique\\\/#respond\"]}]},{\"@type\":\"WebPage\",\"@id\":\"https:\\\/\\\/lasentinelle.dz\\\/index.php\\\/2024\\\/05\\\/02\\\/angem-une-nouvelle-vision-basee-sur-la-performance-economique\\\/\",\"url\":\"https:\\\/\\\/lasentinelle.dz\\\/index.php\\\/2024\\\/05\\\/02\\\/angem-une-nouvelle-vision-basee-sur-la-performance-economique\\\/\",\"name\":\"ANGEM\u00a0: Une nouvelle vision bas\u00e9e sur la performance \u00e9conomique - La Sentinelle\",\"isPartOf\":{\"@id\":\"https:\\\/\\\/lasentinelle.dz\\\/#website\"},\"primaryImageOfPage\":{\"@id\":\"https:\\\/\\\/lasentinelle.dz\\\/index.php\\\/2024\\\/05\\\/02\\\/angem-une-nouvelle-vision-basee-sur-la-performance-economique\\\/#primaryimage\"},\"image\":{\"@id\":\"https:\\\/\\\/lasentinelle.dz\\\/index.php\\\/2024\\\/05\\\/02\\\/angem-une-nouvelle-vision-basee-sur-la-performance-economique\\\/#primaryimage\"},\"thumbnailUrl\":\"https:\\\/\\\/lasentinelle.dz\\\/wp-content\\\/uploads\\\/2024\\\/05\\\/yacine-mahdi-el-oualid.jpeg\",\"datePublished\":\"2024-05-02T09:16:00+00:00\",\"dateModified\":\"2024-05-03T11:19:05+00:00\",\"breadcrumb\":{\"@id\":\"https:\\\/\\\/lasentinelle.dz\\\/index.php\\\/2024\\\/05\\\/02\\\/angem-une-nouvelle-vision-basee-sur-la-performance-economique\\\/#breadcrumb\"},\"inLanguage\":\"fr-FR\",\"potentialAction\":[{\"@type\":\"ReadAction\",\"target\":[\"https:\\\/\\\/lasentinelle.dz\\\/index.php\\\/2024\\\/05\\\/02\\\/angem-une-nouvelle-vision-basee-sur-la-performance-economique\\\/\"]}]},{\"@type\":\"ImageObject\",\"inLanguage\":\"fr-FR\",\"@id\":\"https:\\\/\\\/lasentinelle.dz\\\/index.php\\\/2024\\\/05\\\/02\\\/angem-une-nouvelle-vision-basee-sur-la-performance-economique\\\/#primaryimage\",\"url\":\"https:\\\/\\\/lasentinelle.dz\\\/wp-content\\\/uploads\\\/2024\\\/05\\\/yacine-mahdi-el-oualid.jpeg\",\"contentUrl\":\"https:\\\/\\\/lasentinelle.dz\\\/wp-content\\\/uploads\\\/2024\\\/05\\\/yacine-mahdi-el-oualid.jpeg\",\"width\":738,\"height\":460},{\"@type\":\"BreadcrumbList\",\"@id\":\"https:\\\/\\\/lasentinelle.dz\\\/index.php\\\/2024\\\/05\\\/02\\\/angem-une-nouvelle-vision-basee-sur-la-performance-economique\\\/#breadcrumb\",\"itemListElement\":[{\"@type\":\"ListItem\",\"position\":1,\"name\":\"Accueil\",\"item\":\"https:\\\/\\\/lasentinelle.dz\\\/\"},{\"@type\":\"ListItem\",\"position\":2,\"name\":\"ANGEM\u00a0: Une nouvelle vision bas\u00e9e sur la performance \u00e9conomique\"}]},{\"@type\":\"WebSite\",\"@id\":\"https:\\\/\\\/lasentinelle.dz\\\/#website\",\"url\":\"https:\\\/\\\/lasentinelle.dz\\\/\",\"name\":\"La Sentinelle\",\"description\":\"Quotidien national d&#039;information\",\"publisher\":{\"@id\":\"https:\\\/\\\/lasentinelle.dz\\\/#organization\"},\"potentialAction\":[{\"@type\":\"SearchAction\",\"target\":{\"@type\":\"EntryPoint\",\"urlTemplate\":\"https:\\\/\\\/lasentinelle.dz\\\/?s={search_term_string}\"},\"query-input\":{\"@type\":\"PropertyValueSpecification\",\"valueRequired\":true,\"valueName\":\"search_term_string\"}}],\"inLanguage\":\"fr-FR\"},{\"@type\":\"Organization\",\"@id\":\"https:\\\/\\\/lasentinelle.dz\\\/#organization\",\"name\":\"Quotidien La Sentinelle\",\"url\":\"https:\\\/\\\/lasentinelle.dz\\\/\",\"logo\":{\"@type\":\"ImageObject\",\"inLanguage\":\"fr-FR\",\"@id\":\"https:\\\/\\\/lasentinelle.dz\\\/#\\\/schema\\\/logo\\\/image\\\/\",\"url\":\"https:\\\/\\\/lasentinelle.dz\\\/wp-content\\\/uploads\\\/2021\\\/09\\\/logo-sentinelleSLOGAN-1.png\",\"contentUrl\":\"https:\\\/\\\/lasentinelle.dz\\\/wp-content\\\/uploads\\\/2021\\\/09\\\/logo-sentinelleSLOGAN-1.png\",\"width\":615,\"height\":142,\"caption\":\"Quotidien La Sentinelle\"},\"image\":{\"@id\":\"https:\\\/\\\/lasentinelle.dz\\\/#\\\/schema\\\/logo\\\/image\\\/\"},\"sameAs\":[\"https:\\\/\\\/www.facebook.com\\\/La-Sentinelle-104059864394773\"]},{\"@type\":\"Person\",\"@id\":\"https:\\\/\\\/lasentinelle.dz\\\/#\\\/schema\\\/person\\\/d865044e22e70a75174ce8bcad3acfb3\",\"name\":\"La Sentinelle\",\"image\":{\"@type\":\"ImageObject\",\"inLanguage\":\"fr-FR\",\"@id\":\"https:\\\/\\\/secure.gravatar.com\\\/avatar\\\/57de8e5d4b15d43fb361a71fbb36338450fe67865b528a43dd10ef7c51a20392?s=96&d=mm&r=g\",\"url\":\"https:\\\/\\\/secure.gravatar.com\\\/avatar\\\/57de8e5d4b15d43fb361a71fbb36338450fe67865b528a43dd10ef7c51a20392?s=96&d=mm&r=g\",\"contentUrl\":\"https:\\\/\\\/secure.gravatar.com\\\/avatar\\\/57de8e5d4b15d43fb361a71fbb36338450fe67865b528a43dd10ef7c51a20392?s=96&d=mm&r=g\",\"caption\":\"La Sentinelle\"},\"sameAs\":[\"http:\\\/\\\/www.lasentinelle.dz\"],\"url\":\"https:\\\/\\\/lasentinelle.dz\\\/author\\\/redaction\\\/\"}]}<\/script>\n<!-- \/ Yoast SEO plugin. -->","yoast_head_json":{"title":"ANGEM\u00a0: Une nouvelle vision bas\u00e9e sur la performance \u00e9conomique - La Sentinelle","robots":{"index":"index","follow":"follow","max-snippet":"max-snippet:-1","max-image-preview":"max-image-preview:large","max-video-preview":"max-video-preview:-1"},"canonical":"https:\/\/lasentinelle.dz\/index.php\/2024\/05\/02\/angem-une-nouvelle-vision-basee-sur-la-performance-economique\/","og_locale":"fr_FR","og_type":"article","og_title":"ANGEM\u00a0: Une nouvelle vision bas\u00e9e sur la performance \u00e9conomique - La Sentinelle","og_description":"Le ministre de l&rsquo;Economie de la connaissance, des Start-up et des Micro-entreprises, Yacine El-Mahdi Oualid insiste sur la renfonte de","og_url":"https:\/\/lasentinelle.dz\/index.php\/2024\/05\/02\/angem-une-nouvelle-vision-basee-sur-la-performance-economique\/","og_site_name":"La Sentinelle","article_publisher":"https:\/\/www.facebook.com\/La-Sentinelle-104059864394773","article_published_time":"2024-05-02T09:16:00+00:00","article_modified_time":"2024-05-03T11:19:05+00:00","og_image":[{"width":738,"height":460,"url":"https:\/\/lasentinelle.dz\/wp-content\/uploads\/2024\/05\/yacine-mahdi-el-oualid.jpeg","type":"image\/jpeg"}],"author":"La Sentinelle","twitter_card":"summary_large_image","twitter_misc":{"\u00c9crit par":"La Sentinelle","Dur\u00e9e de lecture estim\u00e9e":"3 minutes"},"schema":{"@context":"https:\/\/schema.org","@graph":[{"@type":"Article","@id":"https:\/\/lasentinelle.dz\/index.php\/2024\/05\/02\/angem-une-nouvelle-vision-basee-sur-la-performance-economique\/#article","isPartOf":{"@id":"https:\/\/lasentinelle.dz\/index.php\/2024\/05\/02\/angem-une-nouvelle-vision-basee-sur-la-performance-economique\/"},"author":{"name":"La Sentinelle","@id":"https:\/\/lasentinelle.dz\/#\/schema\/person\/d865044e22e70a75174ce8bcad3acfb3"},"headline":"ANGEM\u00a0: Une nouvelle vision bas\u00e9e sur la performance \u00e9conomique","datePublished":"2024-05-02T09:16:00+00:00","dateModified":"2024-05-03T11:19:05+00:00","mainEntityOfPage":{"@id":"https:\/\/lasentinelle.dz\/index.php\/2024\/05\/02\/angem-une-nouvelle-vision-basee-sur-la-performance-economique\/"},"wordCount":638,"commentCount":0,"publisher":{"@id":"https:\/\/lasentinelle.dz\/#organization"},"image":{"@id":"https:\/\/lasentinelle.dz\/index.php\/2024\/05\/02\/angem-une-nouvelle-vision-basee-sur-la-performance-economique\/#primaryimage"},"thumbnailUrl":"https:\/\/lasentinelle.dz\/wp-content\/uploads\/2024\/05\/yacine-mahdi-el-oualid.jpeg","articleSection":["\u00c9conomie"],"inLanguage":"fr-FR","potentialAction":[{"@type":"CommentAction","name":"Comment","target":["https:\/\/lasentinelle.dz\/index.php\/2024\/05\/02\/angem-une-nouvelle-vision-basee-sur-la-performance-economique\/#respond"]}]},{"@type":"WebPage","@id":"https:\/\/lasentinelle.dz\/index.php\/2024\/05\/02\/angem-une-nouvelle-vision-basee-sur-la-performance-economique\/","url":"https:\/\/lasentinelle.dz\/index.php\/2024\/05\/02\/angem-une-nouvelle-vision-basee-sur-la-performance-economique\/","name":"ANGEM\u00a0: Une nouvelle vision bas\u00e9e sur la performance \u00e9conomique - La Sentinelle","isPartOf":{"@id":"https:\/\/lasentinelle.dz\/#website"},"primaryImageOfPage":{"@id":"https:\/\/lasentinelle.dz\/index.php\/2024\/05\/02\/angem-une-nouvelle-vision-basee-sur-la-performance-economique\/#primaryimage"},"image":{"@id":"https:\/\/lasentinelle.dz\/index.php\/2024\/05\/02\/angem-une-nouvelle-vision-basee-sur-la-performance-economique\/#primaryimage"},"thumbnailUrl":"https:\/\/lasentinelle.dz\/wp-content\/uploads\/2024\/05\/yacine-mahdi-el-oualid.jpeg","datePublished":"2024-05-02T09:16:00+00:00","dateModified":"2024-05-03T11:19:05+00:00","breadcrumb":{"@id":"https:\/\/lasentinelle.dz\/index.php\/2024\/05\/02\/angem-une-nouvelle-vision-basee-sur-la-performance-economique\/#breadcrumb"},"inLanguage":"fr-FR","potentialAction":[{"@type":"ReadAction","target":["https:\/\/lasentinelle.dz\/index.php\/2024\/05\/02\/angem-une-nouvelle-vision-basee-sur-la-performance-economique\/"]}]},{"@type":"ImageObject","inLanguage":"fr-FR","@id":"https:\/\/lasentinelle.dz\/index.php\/2024\/05\/02\/angem-une-nouvelle-vision-basee-sur-la-performance-economique\/#primaryimage","url":"https:\/\/lasentinelle.dz\/wp-content\/uploads\/2024\/05\/yacine-mahdi-el-oualid.jpeg","contentUrl":"https:\/\/lasentinelle.dz\/wp-content\/uploads\/2024\/05\/yacine-mahdi-el-oualid.jpeg","width":738,"height":460},{"@type":"BreadcrumbList","@id":"https:\/\/lasentinelle.dz\/index.php\/2024\/05\/02\/angem-une-nouvelle-vision-basee-sur-la-performance-economique\/#breadcrumb","itemListElement":[{"@type":"ListItem","position":1,"name":"Accueil","item":"https:\/\/lasentinelle.dz\/"},{"@type":"ListItem","position":2,"name":"ANGEM\u00a0: Une nouvelle vision bas\u00e9e sur la performance \u00e9conomique"}]},{"@type":"WebSite","@id":"https:\/\/lasentinelle.dz\/#website","url":"https:\/\/lasentinelle.dz\/","name":"La Sentinelle","description":"Quotidien national d&#039;information","publisher":{"@id":"https:\/\/lasentinelle.dz\/#organization"},"potentialAction":[{"@type":"SearchAction","target":{"@type":"EntryPoint","urlTemplate":"https:\/\/lasentinelle.dz\/?s={search_term_string}"},"query-input":{"@type":"PropertyValueSpecification","valueRequired":true,"valueName":"search_term_string"}}],"inLanguage":"fr-FR"},{"@type":"Organization","@id":"https:\/\/lasentinelle.dz\/#organization","name":"Quotidien La Sentinelle","url":"https:\/\/lasentinelle.dz\/","logo":{"@type":"ImageObject","inLanguage":"fr-FR","@id":"https:\/\/lasentinelle.dz\/#\/schema\/logo\/image\/","url":"https:\/\/lasentinelle.dz\/wp-content\/uploads\/2021\/09\/logo-sentinelleSLOGAN-1.png","contentUrl":"https:\/\/lasentinelle.dz\/wp-content\/uploads\/2021\/09\/logo-sentinelleSLOGAN-1.png","width":615,"height":142,"caption":"Quotidien La Sentinelle"},"image":{"@id":"https:\/\/lasentinelle.dz\/#\/schema\/logo\/image\/"},"sameAs":["https:\/\/www.facebook.com\/La-Sentinelle-104059864394773"]},{"@type":"Person","@id":"https:\/\/lasentinelle.dz\/#\/schema\/person\/d865044e22e70a75174ce8bcad3acfb3","name":"La Sentinelle","image":{"@type":"ImageObject","inLanguage":"fr-FR","@id":"https:\/\/secure.gravatar.com\/avatar\/57de8e5d4b15d43fb361a71fbb36338450fe67865b528a43dd10ef7c51a20392?s=96&d=mm&r=g","url":"https:\/\/secure.gravatar.com\/avatar\/57de8e5d4b15d43fb361a71fbb36338450fe67865b528a43dd10ef7c51a20392?s=96&d=mm&r=g","contentUrl":"https:\/\/secure.gravatar.com\/avatar\/57de8e5d4b15d43fb361a71fbb36338450fe67865b528a43dd10ef7c51a20392?s=96&d=mm&r=g","caption":"La Sentinelle"},"sameAs":["http:\/\/www.lasentinelle.dz"],"url":"https:\/\/lasentinelle.dz\/author\/redaction\/"}]}},"_links":{"self":[{"href":"https:\/\/lasentinelle.dz\/index.php\/wp-json\/wp\/v2\/posts\/51890","targetHints":{"allow":["GET"]}}],"collection":[{"href":"https:\/\/lasentinelle.dz\/index.php\/wp-json\/wp\/v2\/posts"}],"about":[{"href":"https:\/\/lasentinelle.dz\/index.php\/wp-json\/wp\/v2\/types\/post"}],"author":[{"embeddable":true,"href":"https:\/\/lasentinelle.dz\/index.php\/wp-json\/wp\/v2\/users\/3"}],"replies":[{"embeddable":true,"href":"https:\/\/lasentinelle.dz\/index.php\/wp-json\/wp\/v2\/comments?post=51890"}],"version-history":[{"count":1,"href":"https:\/\/lasentinelle.dz\/index.php\/wp-json\/wp\/v2\/posts\/51890\/revisions"}],"predecessor-version":[{"id":51892,"href":"https:\/\/lasentinelle.dz\/index.php\/wp-json\/wp\/v2\/posts\/51890\/revisions\/51892"}],"wp:featuredmedia":[{"embeddable":true,"href":"https:\/\/lasentinelle.dz\/index.php\/wp-json\/wp\/v2\/media\/51891"}],"wp:attachment":[{"href":"https:\/\/lasentinelle.dz\/index.php\/wp-json\/wp\/v2\/media?parent=51890"}],"wp:term":[{"taxonomy":"category","embeddable":true,"href":"https:\/\/lasentinelle.dz\/index.php\/wp-json\/wp\/v2\/categories?post=51890"},{"taxonomy":"post_tag","embeddable":true,"href":"https:\/\/lasentinelle.dz\/index.php\/wp-json\/wp\/v2\/tags?post=51890"}],"curies":[{"name":"wp","href":"https:\/\/api.w.org\/{rel}","templated":true}]}}