{"id":51896,"date":"2024-05-01T20:22:00","date_gmt":"2024-05-01T19:22:00","guid":{"rendered":"https:\/\/lasentinelle.dz\/?p=51896"},"modified":"2024-05-03T12:23:41","modified_gmt":"2024-05-03T11:23:41","slug":"ade-derbal-exige-un-service-deau-stable-et-regulier","status":"publish","type":"post","link":"https:\/\/lasentinelle.dz\/index.php\/2024\/05\/01\/ade-derbal-exige-un-service-deau-stable-et-regulier\/","title":{"rendered":"ADE\u00a0: Derbal exige un service d\u2019eau stable et r\u00e9gulier"},"content":{"rendered":"\n<p>Le ministre de l\u2019Hydraulique, Taha Derbal, a pr\u00e9sid\u00e9 mardi un regroupement national de cadres de l\u2019Alg\u00e9rienne des eaux au cours duquel il a insist\u00e9 sur la n\u00e9cessit\u00e9 d\u2019assurer un service public d\u2019eau stable et r\u00e9gulier. Il a, dans ce sens, indiqu\u00e9 que la gestion du service public de l\u2019eau dans notre pays, avec sa vaste \u00e9tendue, exige \u00ab la vigilance et la pers\u00e9v\u00e9rance de tous, afin de fournir un service public r\u00e9pondant aux attentes des citoyens qui attendent beaucoup de nous pour assurer une distribution d\u2019eau permanente et r\u00e9guli\u00e8re \u00bb. Et d\u2019ajouter que face aux \u00e9volutions sociales et \u00e9conomiques, le secteur de l\u2019hydraulique \u00ab oeuvre \u00e0 suivre ces \u00e9volutions en s\u2019appuyant davantage sur les technologies modernes, le contr\u00f4le \u00e0 distance, et en d\u00e9veloppant les connaissances et l\u2019exp\u00e9rience des travailleurs de l\u2019eau \u00bb. &nbsp;Evoquant le programme national de dessalement de l\u2019eau de mer, d\u00e9cid\u00e9 par le Pr\u00e9sident de la R\u00e9publique, Abdelmadjid Tebboune, qui pr\u00e9voit la construction de grandes stations de dessalement, le ministre a mis en avant la contribution du minist\u00e8re de l\u2019Energie et des Mines, dans la concr\u00e9tisation du programme relevant que la r\u00e9alisation de ce programme qui n\u00e9cessite \u00ab la mobilisation de toutes les ressources pour le mener \u00e0 bien, dans les d\u00e9lais impartis et avec la qualit\u00e9 requise \u00bb.<\/p>\n\n\n\n<p>De son c\u00f4t\u00e9, le ministre de l\u2019Economie de la connaissance, des Startups et des Micro-entreprises, Yacine El-Mahdi Oualid, a salu\u00e9 la coop\u00e9ration entre son d\u00e9partement et celui de l\u2019hydraulique assurant que les conventions de coop\u00e9ration permettent aux comp\u00e9tences alg\u00e9riennes d\u2019apporter des solutions au secteur de l\u2019hydraulique. Il a \u00e9galement ajout\u00e9 que les porteurs de solutions innovantes contribuent aux efforts d\u00e9ploy\u00e9s pour assurer la s\u00e9curit\u00e9 hydrique. Au cours de cette rencontre, organis\u00e9e sous le slogan \u00ab D\u00e9fis et perspectives de l\u2019Alg\u00e9rienne des eaux \u00bb, trois conventions ont \u00e9t\u00e9 sign\u00e9es entre l\u2019ADE et divers organismes dans l\u2019objectif de \u00ab renforcer la coop\u00e9ration dans l\u2019application des technologies de num\u00e9risation et des technologies modernes pour la gestion des services publics d\u2019eau potable \u00bb. Il s\u2019agit d\u2019une convention paraph\u00e9e avec la Banque de l\u2019agriculture et du d\u00e9veloppement rural (BADR) pour faciliter les services bancaires, au profit des travailleurs de l\u2019ADE.<\/p>\n\n\n\n<p>Aussi, une deuxi\u00e8me convention a \u00e9t\u00e9 sign\u00e9e avec la SARL \u00ab Basseer Technology pour l\u2019innovation \u00bb afin d\u00e9velopper d\u2019une plateforme technologique innovante pour am\u00e9liorer la gestion des installations d\u2019irrigation g\u00e9r\u00e9es par l\u2019ADE. La troisi\u00e8me convention a \u00e9t\u00e9 paraph\u00e9e avec la soci\u00e9t\u00e9 \u00ab Slick Pay \u00bb pour permettre aux clients de l\u2019ADE de payer leurs factures via une nouvelle plateforme de paiement \u00e9lectronique s\u00e9curis\u00e9e et rapide. Dans son allocution, le Directeur g\u00e9n\u00e9ral de l\u2019ADE, Mustapha Rekik, a relev\u00e9 que l\u2019entreprise a r\u00e9alis\u00e9 en 2023, \u00ab de grands succ\u00e8s, aussi bien dans le d\u00e9veloppement que dans l\u2019am\u00e9lioration des services \u00bb. Il a dans cette optique salu\u00e9 \u00ab toutes les comp\u00e9tences de l\u2019entreprise \u00ab pour leur d\u00e9vouement et abn\u00e9gation dans le travail et leur souci d\u2019aller de l\u2019avant \u00bb. M. Rekik a dans ce sens affirm\u00e9 \u00ab qu\u2019il y a encore beaucoup de d\u00e9fis \u00e0 relever et d\u2019objectifs \u00e0 atteindre \u00bb.<\/p>\n\n\n\n<p>R.N.<\/p>\n","protected":false},"excerpt":{"rendered":"<p>Le ministre de l\u2019Hydraulique, Taha Derbal, a pr\u00e9sid\u00e9 mardi un regroupement national de cadres de l\u2019Alg\u00e9rienne des eaux au cours<\/p>\n","protected":false},"author":3,"featured_media":40239,"comment_status":"open","ping_status":"closed","sticky":false,"template":"","format":"standard","meta":{"colormag_page_container_layout":"default_layout","colormag_page_sidebar_layout":"default_layout","om_disable_all_campaigns":false,"_monsterinsights_skip_tracking":false,"_monsterinsights_sitenote_active":false,"_monsterinsights_sitenote_note":"","_monsterinsights_sitenote_category":0,"footnotes":"","_wpscppro_dont_share_socialmedia":false,"_wpscppro_custom_social_share_image":0,"_facebook_share_type":"default","_twitter_share_type":"default","_linkedin_share_type":"default","_pinterest_share_type":"default","_linkedin_share_type_page":"","_instagram_share_type":"default","_medium_share_type":"","_threads_share_type":"","_google_business_share_type":"","_selected_social_profile":[],"_wpsp_enable_custom_social_template":false,"_wpsp_social_scheduling":{"enabled":false,"datetime":null,"platforms":[],"status":"template_only","dateOption":"today","timeOption":"now","customDays":"","customHours":"","customDate":"","customTime":"","schedulingType":"absolute"},"_wpsp_active_default_template":true},"categories":[27],"tags":[],"class_list":["post-51896","post","type-post","status-publish","format-standard","has-post-thumbnail","hentry","category-actualite"],"aioseo_notices":[],"yoast_head":"<!-- This site is optimized with the Yoast SEO plugin v27.5 - https:\/\/yoast.com\/product\/yoast-seo-wordpress\/ -->\n<title>ADE\u00a0: Derbal exige un service d\u2019eau stable et r\u00e9gulier - La Sentinelle<\/title>\n<meta name=\"robots\" content=\"index, follow, max-snippet:-1, max-image-preview:large, max-video-preview:-1\" \/>\n<link rel=\"canonical\" href=\"https:\/\/lasentinelle.dz\/index.php\/2024\/05\/01\/ade-derbal-exige-un-service-deau-stable-et-regulier\/\" \/>\n<meta property=\"og:locale\" content=\"fr_FR\" \/>\n<meta property=\"og:type\" content=\"article\" \/>\n<meta property=\"og:title\" content=\"ADE\u00a0: Derbal exige un service d\u2019eau stable et r\u00e9gulier - La Sentinelle\" \/>\n<meta property=\"og:description\" content=\"Le ministre de l\u2019Hydraulique, Taha Derbal, a pr\u00e9sid\u00e9 mardi un regroupement national de cadres de l\u2019Alg\u00e9rienne des eaux au cours\" \/>\n<meta property=\"og:url\" content=\"https:\/\/lasentinelle.dz\/index.php\/2024\/05\/01\/ade-derbal-exige-un-service-deau-stable-et-regulier\/\" \/>\n<meta property=\"og:site_name\" content=\"La Sentinelle\" \/>\n<meta property=\"article:publisher\" content=\"https:\/\/www.facebook.com\/La-Sentinelle-104059864394773\" \/>\n<meta property=\"article:published_time\" content=\"2024-05-01T19:22:00+00:00\" \/>\n<meta property=\"article:modified_time\" content=\"2024-05-03T11:23:41+00:00\" \/>\n<meta property=\"og:image\" content=\"https:\/\/lasentinelle.dz\/wp-content\/uploads\/2023\/04\/eau.png\" \/>\n\t<meta property=\"og:image:width\" content=\"1354\" \/>\n\t<meta property=\"og:image:height\" content=\"900\" \/>\n\t<meta property=\"og:image:type\" content=\"image\/png\" \/>\n<meta name=\"author\" content=\"La Sentinelle\" \/>\n<meta name=\"twitter:card\" content=\"summary_large_image\" \/>\n<meta name=\"twitter:label1\" content=\"\u00c9crit par\" \/>\n\t<meta name=\"twitter:data1\" content=\"La Sentinelle\" \/>\n\t<meta name=\"twitter:label2\" content=\"Dur\u00e9e de lecture estim\u00e9e\" \/>\n\t<meta name=\"twitter:data2\" content=\"3 minutes\" \/>\n<script type=\"application\/ld+json\" class=\"yoast-schema-graph\">{\"@context\":\"https:\\\/\\\/schema.org\",\"@graph\":[{\"@type\":\"Article\",\"@id\":\"https:\\\/\\\/lasentinelle.dz\\\/index.php\\\/2024\\\/05\\\/01\\\/ade-derbal-exige-un-service-deau-stable-et-regulier\\\/#article\",\"isPartOf\":{\"@id\":\"https:\\\/\\\/lasentinelle.dz\\\/index.php\\\/2024\\\/05\\\/01\\\/ade-derbal-exige-un-service-deau-stable-et-regulier\\\/\"},\"author\":{\"name\":\"La Sentinelle\",\"@id\":\"https:\\\/\\\/lasentinelle.dz\\\/#\\\/schema\\\/person\\\/d865044e22e70a75174ce8bcad3acfb3\"},\"headline\":\"ADE\u00a0: Derbal exige un service d\u2019eau stable et r\u00e9gulier\",\"datePublished\":\"2024-05-01T19:22:00+00:00\",\"dateModified\":\"2024-05-03T11:23:41+00:00\",\"mainEntityOfPage\":{\"@id\":\"https:\\\/\\\/lasentinelle.dz\\\/index.php\\\/2024\\\/05\\\/01\\\/ade-derbal-exige-un-service-deau-stable-et-regulier\\\/\"},\"wordCount\":589,\"commentCount\":0,\"publisher\":{\"@id\":\"https:\\\/\\\/lasentinelle.dz\\\/#organization\"},\"image\":{\"@id\":\"https:\\\/\\\/lasentinelle.dz\\\/index.php\\\/2024\\\/05\\\/01\\\/ade-derbal-exige-un-service-deau-stable-et-regulier\\\/#primaryimage\"},\"thumbnailUrl\":\"https:\\\/\\\/lasentinelle.dz\\\/wp-content\\\/uploads\\\/2023\\\/04\\\/eau.png\",\"articleSection\":[\"Actualit\u00e9\"],\"inLanguage\":\"fr-FR\",\"potentialAction\":[{\"@type\":\"CommentAction\",\"name\":\"Comment\",\"target\":[\"https:\\\/\\\/lasentinelle.dz\\\/index.php\\\/2024\\\/05\\\/01\\\/ade-derbal-exige-un-service-deau-stable-et-regulier\\\/#respond\"]}]},{\"@type\":\"WebPage\",\"@id\":\"https:\\\/\\\/lasentinelle.dz\\\/index.php\\\/2024\\\/05\\\/01\\\/ade-derbal-exige-un-service-deau-stable-et-regulier\\\/\",\"url\":\"https:\\\/\\\/lasentinelle.dz\\\/index.php\\\/2024\\\/05\\\/01\\\/ade-derbal-exige-un-service-deau-stable-et-regulier\\\/\",\"name\":\"ADE\u00a0: Derbal exige un service d\u2019eau stable et r\u00e9gulier - La Sentinelle\",\"isPartOf\":{\"@id\":\"https:\\\/\\\/lasentinelle.dz\\\/#website\"},\"primaryImageOfPage\":{\"@id\":\"https:\\\/\\\/lasentinelle.dz\\\/index.php\\\/2024\\\/05\\\/01\\\/ade-derbal-exige-un-service-deau-stable-et-regulier\\\/#primaryimage\"},\"image\":{\"@id\":\"https:\\\/\\\/lasentinelle.dz\\\/index.php\\\/2024\\\/05\\\/01\\\/ade-derbal-exige-un-service-deau-stable-et-regulier\\\/#primaryimage\"},\"thumbnailUrl\":\"https:\\\/\\\/lasentinelle.dz\\\/wp-content\\\/uploads\\\/2023\\\/04\\\/eau.png\",\"datePublished\":\"2024-05-01T19:22:00+00:00\",\"dateModified\":\"2024-05-03T11:23:41+00:00\",\"breadcrumb\":{\"@id\":\"https:\\\/\\\/lasentinelle.dz\\\/index.php\\\/2024\\\/05\\\/01\\\/ade-derbal-exige-un-service-deau-stable-et-regulier\\\/#breadcrumb\"},\"inLanguage\":\"fr-FR\",\"potentialAction\":[{\"@type\":\"ReadAction\",\"target\":[\"https:\\\/\\\/lasentinelle.dz\\\/index.php\\\/2024\\\/05\\\/01\\\/ade-derbal-exige-un-service-deau-stable-et-regulier\\\/\"]}]},{\"@type\":\"ImageObject\",\"inLanguage\":\"fr-FR\",\"@id\":\"https:\\\/\\\/lasentinelle.dz\\\/index.php\\\/2024\\\/05\\\/01\\\/ade-derbal-exige-un-service-deau-stable-et-regulier\\\/#primaryimage\",\"url\":\"https:\\\/\\\/lasentinelle.dz\\\/wp-content\\\/uploads\\\/2023\\\/04\\\/eau.png\",\"contentUrl\":\"https:\\\/\\\/lasentinelle.dz\\\/wp-content\\\/uploads\\\/2023\\\/04\\\/eau.png\",\"width\":1354,\"height\":900},{\"@type\":\"BreadcrumbList\",\"@id\":\"https:\\\/\\\/lasentinelle.dz\\\/index.php\\\/2024\\\/05\\\/01\\\/ade-derbal-exige-un-service-deau-stable-et-regulier\\\/#breadcrumb\",\"itemListElement\":[{\"@type\":\"ListItem\",\"position\":1,\"name\":\"Accueil\",\"item\":\"https:\\\/\\\/lasentinelle.dz\\\/\"},{\"@type\":\"ListItem\",\"position\":2,\"name\":\"ADE\u00a0: Derbal exige un service d\u2019eau stable et r\u00e9gulier\"}]},{\"@type\":\"WebSite\",\"@id\":\"https:\\\/\\\/lasentinelle.dz\\\/#website\",\"url\":\"https:\\\/\\\/lasentinelle.dz\\\/\",\"name\":\"La Sentinelle\",\"description\":\"Quotidien national d&#039;information\",\"publisher\":{\"@id\":\"https:\\\/\\\/lasentinelle.dz\\\/#organization\"},\"potentialAction\":[{\"@type\":\"SearchAction\",\"target\":{\"@type\":\"EntryPoint\",\"urlTemplate\":\"https:\\\/\\\/lasentinelle.dz\\\/?s={search_term_string}\"},\"query-input\":{\"@type\":\"PropertyValueSpecification\",\"valueRequired\":true,\"valueName\":\"search_term_string\"}}],\"inLanguage\":\"fr-FR\"},{\"@type\":\"Organization\",\"@id\":\"https:\\\/\\\/lasentinelle.dz\\\/#organization\",\"name\":\"Quotidien La Sentinelle\",\"url\":\"https:\\\/\\\/lasentinelle.dz\\\/\",\"logo\":{\"@type\":\"ImageObject\",\"inLanguage\":\"fr-FR\",\"@id\":\"https:\\\/\\\/lasentinelle.dz\\\/#\\\/schema\\\/logo\\\/image\\\/\",\"url\":\"https:\\\/\\\/lasentinelle.dz\\\/wp-content\\\/uploads\\\/2021\\\/09\\\/logo-sentinelleSLOGAN-1.png\",\"contentUrl\":\"https:\\\/\\\/lasentinelle.dz\\\/wp-content\\\/uploads\\\/2021\\\/09\\\/logo-sentinelleSLOGAN-1.png\",\"width\":615,\"height\":142,\"caption\":\"Quotidien La Sentinelle\"},\"image\":{\"@id\":\"https:\\\/\\\/lasentinelle.dz\\\/#\\\/schema\\\/logo\\\/image\\\/\"},\"sameAs\":[\"https:\\\/\\\/www.facebook.com\\\/La-Sentinelle-104059864394773\"]},{\"@type\":\"Person\",\"@id\":\"https:\\\/\\\/lasentinelle.dz\\\/#\\\/schema\\\/person\\\/d865044e22e70a75174ce8bcad3acfb3\",\"name\":\"La Sentinelle\",\"image\":{\"@type\":\"ImageObject\",\"inLanguage\":\"fr-FR\",\"@id\":\"https:\\\/\\\/secure.gravatar.com\\\/avatar\\\/57de8e5d4b15d43fb361a71fbb36338450fe67865b528a43dd10ef7c51a20392?s=96&d=mm&r=g\",\"url\":\"https:\\\/\\\/secure.gravatar.com\\\/avatar\\\/57de8e5d4b15d43fb361a71fbb36338450fe67865b528a43dd10ef7c51a20392?s=96&d=mm&r=g\",\"contentUrl\":\"https:\\\/\\\/secure.gravatar.com\\\/avatar\\\/57de8e5d4b15d43fb361a71fbb36338450fe67865b528a43dd10ef7c51a20392?s=96&d=mm&r=g\",\"caption\":\"La Sentinelle\"},\"sameAs\":[\"http:\\\/\\\/www.lasentinelle.dz\"],\"url\":\"https:\\\/\\\/lasentinelle.dz\\\/author\\\/redaction\\\/\"}]}<\/script>\n<!-- \/ Yoast SEO plugin. -->","yoast_head_json":{"title":"ADE\u00a0: Derbal exige un service d\u2019eau stable et r\u00e9gulier - La Sentinelle","robots":{"index":"index","follow":"follow","max-snippet":"max-snippet:-1","max-image-preview":"max-image-preview:large","max-video-preview":"max-video-preview:-1"},"canonical":"https:\/\/lasentinelle.dz\/index.php\/2024\/05\/01\/ade-derbal-exige-un-service-deau-stable-et-regulier\/","og_locale":"fr_FR","og_type":"article","og_title":"ADE\u00a0: Derbal exige un service d\u2019eau stable et r\u00e9gulier - La Sentinelle","og_description":"Le ministre de l\u2019Hydraulique, Taha Derbal, a pr\u00e9sid\u00e9 mardi un regroupement national de cadres de l\u2019Alg\u00e9rienne des eaux au cours","og_url":"https:\/\/lasentinelle.dz\/index.php\/2024\/05\/01\/ade-derbal-exige-un-service-deau-stable-et-regulier\/","og_site_name":"La Sentinelle","article_publisher":"https:\/\/www.facebook.com\/La-Sentinelle-104059864394773","article_published_time":"2024-05-01T19:22:00+00:00","article_modified_time":"2024-05-03T11:23:41+00:00","og_image":[{"width":1354,"height":900,"url":"https:\/\/lasentinelle.dz\/wp-content\/uploads\/2023\/04\/eau.png","type":"image\/png"}],"author":"La Sentinelle","twitter_card":"summary_large_image","twitter_misc":{"\u00c9crit par":"La Sentinelle","Dur\u00e9e de lecture estim\u00e9e":"3 minutes"},"schema":{"@context":"https:\/\/schema.org","@graph":[{"@type":"Article","@id":"https:\/\/lasentinelle.dz\/index.php\/2024\/05\/01\/ade-derbal-exige-un-service-deau-stable-et-regulier\/#article","isPartOf":{"@id":"https:\/\/lasentinelle.dz\/index.php\/2024\/05\/01\/ade-derbal-exige-un-service-deau-stable-et-regulier\/"},"author":{"name":"La Sentinelle","@id":"https:\/\/lasentinelle.dz\/#\/schema\/person\/d865044e22e70a75174ce8bcad3acfb3"},"headline":"ADE\u00a0: Derbal exige un service d\u2019eau stable et r\u00e9gulier","datePublished":"2024-05-01T19:22:00+00:00","dateModified":"2024-05-03T11:23:41+00:00","mainEntityOfPage":{"@id":"https:\/\/lasentinelle.dz\/index.php\/2024\/05\/01\/ade-derbal-exige-un-service-deau-stable-et-regulier\/"},"wordCount":589,"commentCount":0,"publisher":{"@id":"https:\/\/lasentinelle.dz\/#organization"},"image":{"@id":"https:\/\/lasentinelle.dz\/index.php\/2024\/05\/01\/ade-derbal-exige-un-service-deau-stable-et-regulier\/#primaryimage"},"thumbnailUrl":"https:\/\/lasentinelle.dz\/wp-content\/uploads\/2023\/04\/eau.png","articleSection":["Actualit\u00e9"],"inLanguage":"fr-FR","potentialAction":[{"@type":"CommentAction","name":"Comment","target":["https:\/\/lasentinelle.dz\/index.php\/2024\/05\/01\/ade-derbal-exige-un-service-deau-stable-et-regulier\/#respond"]}]},{"@type":"WebPage","@id":"https:\/\/lasentinelle.dz\/index.php\/2024\/05\/01\/ade-derbal-exige-un-service-deau-stable-et-regulier\/","url":"https:\/\/lasentinelle.dz\/index.php\/2024\/05\/01\/ade-derbal-exige-un-service-deau-stable-et-regulier\/","name":"ADE\u00a0: Derbal exige un service d\u2019eau stable et r\u00e9gulier - La Sentinelle","isPartOf":{"@id":"https:\/\/lasentinelle.dz\/#website"},"primaryImageOfPage":{"@id":"https:\/\/lasentinelle.dz\/index.php\/2024\/05\/01\/ade-derbal-exige-un-service-deau-stable-et-regulier\/#primaryimage"},"image":{"@id":"https:\/\/lasentinelle.dz\/index.php\/2024\/05\/01\/ade-derbal-exige-un-service-deau-stable-et-regulier\/#primaryimage"},"thumbnailUrl":"https:\/\/lasentinelle.dz\/wp-content\/uploads\/2023\/04\/eau.png","datePublished":"2024-05-01T19:22:00+00:00","dateModified":"2024-05-03T11:23:41+00:00","breadcrumb":{"@id":"https:\/\/lasentinelle.dz\/index.php\/2024\/05\/01\/ade-derbal-exige-un-service-deau-stable-et-regulier\/#breadcrumb"},"inLanguage":"fr-FR","potentialAction":[{"@type":"ReadAction","target":["https:\/\/lasentinelle.dz\/index.php\/2024\/05\/01\/ade-derbal-exige-un-service-deau-stable-et-regulier\/"]}]},{"@type":"ImageObject","inLanguage":"fr-FR","@id":"https:\/\/lasentinelle.dz\/index.php\/2024\/05\/01\/ade-derbal-exige-un-service-deau-stable-et-regulier\/#primaryimage","url":"https:\/\/lasentinelle.dz\/wp-content\/uploads\/2023\/04\/eau.png","contentUrl":"https:\/\/lasentinelle.dz\/wp-content\/uploads\/2023\/04\/eau.png","width":1354,"height":900},{"@type":"BreadcrumbList","@id":"https:\/\/lasentinelle.dz\/index.php\/2024\/05\/01\/ade-derbal-exige-un-service-deau-stable-et-regulier\/#breadcrumb","itemListElement":[{"@type":"ListItem","position":1,"name":"Accueil","item":"https:\/\/lasentinelle.dz\/"},{"@type":"ListItem","position":2,"name":"ADE\u00a0: Derbal exige un service d\u2019eau stable et r\u00e9gulier"}]},{"@type":"WebSite","@id":"https:\/\/lasentinelle.dz\/#website","url":"https:\/\/lasentinelle.dz\/","name":"La Sentinelle","description":"Quotidien national d&#039;information","publisher":{"@id":"https:\/\/lasentinelle.dz\/#organization"},"potentialAction":[{"@type":"SearchAction","target":{"@type":"EntryPoint","urlTemplate":"https:\/\/lasentinelle.dz\/?s={search_term_string}"},"query-input":{"@type":"PropertyValueSpecification","valueRequired":true,"valueName":"search_term_string"}}],"inLanguage":"fr-FR"},{"@type":"Organization","@id":"https:\/\/lasentinelle.dz\/#organization","name":"Quotidien La Sentinelle","url":"https:\/\/lasentinelle.dz\/","logo":{"@type":"ImageObject","inLanguage":"fr-FR","@id":"https:\/\/lasentinelle.dz\/#\/schema\/logo\/image\/","url":"https:\/\/lasentinelle.dz\/wp-content\/uploads\/2021\/09\/logo-sentinelleSLOGAN-1.png","contentUrl":"https:\/\/lasentinelle.dz\/wp-content\/uploads\/2021\/09\/logo-sentinelleSLOGAN-1.png","width":615,"height":142,"caption":"Quotidien La Sentinelle"},"image":{"@id":"https:\/\/lasentinelle.dz\/#\/schema\/logo\/image\/"},"sameAs":["https:\/\/www.facebook.com\/La-Sentinelle-104059864394773"]},{"@type":"Person","@id":"https:\/\/lasentinelle.dz\/#\/schema\/person\/d865044e22e70a75174ce8bcad3acfb3","name":"La Sentinelle","image":{"@type":"ImageObject","inLanguage":"fr-FR","@id":"https:\/\/secure.gravatar.com\/avatar\/57de8e5d4b15d43fb361a71fbb36338450fe67865b528a43dd10ef7c51a20392?s=96&d=mm&r=g","url":"https:\/\/secure.gravatar.com\/avatar\/57de8e5d4b15d43fb361a71fbb36338450fe67865b528a43dd10ef7c51a20392?s=96&d=mm&r=g","contentUrl":"https:\/\/secure.gravatar.com\/avatar\/57de8e5d4b15d43fb361a71fbb36338450fe67865b528a43dd10ef7c51a20392?s=96&d=mm&r=g","caption":"La Sentinelle"},"sameAs":["http:\/\/www.lasentinelle.dz"],"url":"https:\/\/lasentinelle.dz\/author\/redaction\/"}]}},"_links":{"self":[{"href":"https:\/\/lasentinelle.dz\/index.php\/wp-json\/wp\/v2\/posts\/51896","targetHints":{"allow":["GET"]}}],"collection":[{"href":"https:\/\/lasentinelle.dz\/index.php\/wp-json\/wp\/v2\/posts"}],"about":[{"href":"https:\/\/lasentinelle.dz\/index.php\/wp-json\/wp\/v2\/types\/post"}],"author":[{"embeddable":true,"href":"https:\/\/lasentinelle.dz\/index.php\/wp-json\/wp\/v2\/users\/3"}],"replies":[{"embeddable":true,"href":"https:\/\/lasentinelle.dz\/index.php\/wp-json\/wp\/v2\/comments?post=51896"}],"version-history":[{"count":1,"href":"https:\/\/lasentinelle.dz\/index.php\/wp-json\/wp\/v2\/posts\/51896\/revisions"}],"predecessor-version":[{"id":51897,"href":"https:\/\/lasentinelle.dz\/index.php\/wp-json\/wp\/v2\/posts\/51896\/revisions\/51897"}],"wp:featuredmedia":[{"embeddable":true,"href":"https:\/\/lasentinelle.dz\/index.php\/wp-json\/wp\/v2\/media\/40239"}],"wp:attachment":[{"href":"https:\/\/lasentinelle.dz\/index.php\/wp-json\/wp\/v2\/media?parent=51896"}],"wp:term":[{"taxonomy":"category","embeddable":true,"href":"https:\/\/lasentinelle.dz\/index.php\/wp-json\/wp\/v2\/categories?post=51896"},{"taxonomy":"post_tag","embeddable":true,"href":"https:\/\/lasentinelle.dz\/index.php\/wp-json\/wp\/v2\/tags?post=51896"}],"curies":[{"name":"wp","href":"https:\/\/api.w.org\/{rel}","templated":true}]}}