{"id":51899,"date":"2024-05-02T12:24:53","date_gmt":"2024-05-02T11:24:53","guid":{"rendered":"https:\/\/lasentinelle.dz\/?p=51899"},"modified":"2024-05-03T12:28:51","modified_gmt":"2024-05-03T11:28:51","slug":"attaf-appelle-a-orienter-les-efforts-conjoints-en-soutien-a-la-cause-palestinienne","status":"publish","type":"post","link":"https:\/\/lasentinelle.dz\/index.php\/2024\/05\/02\/attaf-appelle-a-orienter-les-efforts-conjoints-en-soutien-a-la-cause-palestinienne\/","title":{"rendered":"Attaf appelle \u00e0 orienter les efforts conjoints en soutien \u00e0 la cause palestinienne"},"content":{"rendered":"\n<p>Le ministre des Affaires \u00e9trang\u00e8res et de la Communaut\u00e9 nationale \u00e0 l&rsquo;\u00e9tranger, Ahmed Attaf a soulign\u00e9, mardi dans une allocution prononc\u00e9e lors des travaux de la troisi\u00e8me session du Forum \u00e9conomique et de coop\u00e9ration arabe avec les pays d&rsquo;Asie centrale et l&rsquo;Azerba\u00efdjan\u00e0 Doha, \u00ab\u00a0l&rsquo;imp\u00e9ratif d&rsquo;orienter, prioritairement, les efforts conjoints des pays et des peuples participants, en soutien \u00e0 la cause palestinienne, la plus juste et la plus ancienne des causes dans l&rsquo;histoire de notre organisation onusienne, devant \u00eatre plac\u00e9e en t\u00eate des priorit\u00e9s de la Communaut\u00e9 internationale en cette \u00e9tape d\u00e9cisive\u00a0\u00bb. \u00ab\u00a0Cette cause appelle, plus que jamais, nos voix, nos positions et nos efforts individuels et collectifs, pour faire pression en vue de mettre un terme \u00e0 l&rsquo;agression isra\u00e9lienne men\u00e9e contre la bande de Ghaza, mais aussi pour permettre aux efforts d&rsquo;aides humanitaires d&rsquo;atteindre leurs objectifs et mettre fin aux tueries, \u00e0 la destruction, \u00e0 la d\u00e9portation et \u00e0 la famine que subissent nos fr\u00e8res Palestiniens\u00a0\u00bb, a-t-il soutenu. \u00ab\u00a0Il est grand temps que la Communaut\u00e9 internationale assume ses responsabilit\u00e9s historiques vis-\u00e0-vis du peuple palestinien pour \u00ab\u00a0lever les injustices et les souffrances qui lui sont inflig\u00e9es, consacrer ses promesses et engagements envers ce peuple, et \u0153uvrer \u00e0 l&rsquo;\u00e9tablissement d&rsquo;un Etat palestinien ind\u00e9pendant et souverain, \u00e9tant la finalit\u00e9 et l&rsquo;objectif de tout processus de paix, outre le r\u00e8glement juste, durable et d\u00e9finitif au conflit palestino-israelien, principal pilier pour r\u00e9tablir la paix et la s\u00e9curit\u00e9 au Proche-Orient\u00a0\u00bb.<\/p>\n\n\n\n<p>Notons que les ministres des Affaires \u00e9trang\u00e8res des pays arabes, des pays d&rsquo;Asie centrale et de l&rsquo;Azerba\u00efdjan ont salu\u00e9, dans le communiqu\u00e9 final ayant couronn\u00e9 de ce forum les efforts de l&rsquo;Alg\u00e9rie pour la r\u00e9alisation de la r\u00e9conciliation entre les factions palestiniennes, une initiative lanc\u00e9e par le pr\u00e9sident de la R\u00e9publique, M. Abdelmadjid Tebboune en 2022.<\/p>\n\n\n\n<p>R.N.<\/p>\n","protected":false},"excerpt":{"rendered":"<p>Le ministre des Affaires \u00e9trang\u00e8res et de la Communaut\u00e9 nationale \u00e0 l&rsquo;\u00e9tranger, Ahmed Attaf a soulign\u00e9, mardi dans une allocution<\/p>\n","protected":false},"author":3,"featured_media":50754,"comment_status":"open","ping_status":"closed","sticky":false,"template":"","format":"standard","meta":{"colormag_page_container_layout":"default_layout","colormag_page_sidebar_layout":"default_layout","om_disable_all_campaigns":false,"_monsterinsights_skip_tracking":false,"_monsterinsights_sitenote_active":false,"_monsterinsights_sitenote_note":"","_monsterinsights_sitenote_category":0,"footnotes":"","_wpscppro_dont_share_socialmedia":false,"_wpscppro_custom_social_share_image":0,"_facebook_share_type":"default","_twitter_share_type":"default","_linkedin_share_type":"default","_pinterest_share_type":"default","_linkedin_share_type_page":"","_instagram_share_type":"default","_medium_share_type":"","_threads_share_type":"","_google_business_share_type":"","_selected_social_profile":[],"_wpsp_enable_custom_social_template":false,"_wpsp_social_scheduling":{"enabled":false,"datetime":null,"platforms":[],"status":"template_only","dateOption":"today","timeOption":"now","customDays":"","customHours":"","customDate":"","customTime":"","schedulingType":"absolute"},"_wpsp_active_default_template":true},"categories":[27],"tags":[],"class_list":["post-51899","post","type-post","status-publish","format-standard","has-post-thumbnail","hentry","category-actualite"],"aioseo_notices":[],"yoast_head":"<!-- This site is optimized with the Yoast SEO plugin v27.5 - https:\/\/yoast.com\/product\/yoast-seo-wordpress\/ -->\n<title>Attaf appelle \u00e0 orienter les efforts conjoints en soutien \u00e0 la cause palestinienne - La Sentinelle<\/title>\n<meta name=\"robots\" content=\"index, follow, max-snippet:-1, max-image-preview:large, max-video-preview:-1\" \/>\n<link rel=\"canonical\" href=\"https:\/\/lasentinelle.dz\/index.php\/2024\/05\/02\/attaf-appelle-a-orienter-les-efforts-conjoints-en-soutien-a-la-cause-palestinienne\/\" \/>\n<meta property=\"og:locale\" content=\"fr_FR\" \/>\n<meta property=\"og:type\" content=\"article\" \/>\n<meta property=\"og:title\" content=\"Attaf appelle \u00e0 orienter les efforts conjoints en soutien \u00e0 la cause palestinienne - La Sentinelle\" \/>\n<meta property=\"og:description\" content=\"Le ministre des Affaires \u00e9trang\u00e8res et de la Communaut\u00e9 nationale \u00e0 l&rsquo;\u00e9tranger, Ahmed Attaf a soulign\u00e9, mardi dans une allocution\" \/>\n<meta property=\"og:url\" content=\"https:\/\/lasentinelle.dz\/index.php\/2024\/05\/02\/attaf-appelle-a-orienter-les-efforts-conjoints-en-soutien-a-la-cause-palestinienne\/\" \/>\n<meta property=\"og:site_name\" content=\"La Sentinelle\" \/>\n<meta property=\"article:publisher\" content=\"https:\/\/www.facebook.com\/La-Sentinelle-104059864394773\" \/>\n<meta property=\"article:published_time\" content=\"2024-05-02T11:24:53+00:00\" \/>\n<meta property=\"article:modified_time\" content=\"2024-05-03T11:28:51+00:00\" \/>\n<meta property=\"og:image\" content=\"https:\/\/lasentinelle.dz\/wp-content\/uploads\/2024\/03\/attaf-2.jpeg\" \/>\n\t<meta property=\"og:image:width\" content=\"1250\" \/>\n\t<meta property=\"og:image:height\" content=\"834\" \/>\n\t<meta property=\"og:image:type\" content=\"image\/jpeg\" \/>\n<meta name=\"author\" content=\"La Sentinelle\" \/>\n<meta name=\"twitter:card\" content=\"summary_large_image\" \/>\n<meta name=\"twitter:label1\" content=\"\u00c9crit par\" \/>\n\t<meta name=\"twitter:data1\" content=\"La Sentinelle\" \/>\n\t<meta name=\"twitter:label2\" content=\"Dur\u00e9e de lecture estim\u00e9e\" \/>\n\t<meta name=\"twitter:data2\" content=\"2 minutes\" \/>\n<script type=\"application\/ld+json\" class=\"yoast-schema-graph\">{\"@context\":\"https:\\\/\\\/schema.org\",\"@graph\":[{\"@type\":\"Article\",\"@id\":\"https:\\\/\\\/lasentinelle.dz\\\/index.php\\\/2024\\\/05\\\/02\\\/attaf-appelle-a-orienter-les-efforts-conjoints-en-soutien-a-la-cause-palestinienne\\\/#article\",\"isPartOf\":{\"@id\":\"https:\\\/\\\/lasentinelle.dz\\\/index.php\\\/2024\\\/05\\\/02\\\/attaf-appelle-a-orienter-les-efforts-conjoints-en-soutien-a-la-cause-palestinienne\\\/\"},\"author\":{\"name\":\"La Sentinelle\",\"@id\":\"https:\\\/\\\/lasentinelle.dz\\\/#\\\/schema\\\/person\\\/d865044e22e70a75174ce8bcad3acfb3\"},\"headline\":\"Attaf appelle \u00e0 orienter les efforts conjoints en soutien \u00e0 la cause palestinienne\",\"datePublished\":\"2024-05-02T11:24:53+00:00\",\"dateModified\":\"2024-05-03T11:28:51+00:00\",\"mainEntityOfPage\":{\"@id\":\"https:\\\/\\\/lasentinelle.dz\\\/index.php\\\/2024\\\/05\\\/02\\\/attaf-appelle-a-orienter-les-efforts-conjoints-en-soutien-a-la-cause-palestinienne\\\/\"},\"wordCount\":340,\"commentCount\":0,\"publisher\":{\"@id\":\"https:\\\/\\\/lasentinelle.dz\\\/#organization\"},\"image\":{\"@id\":\"https:\\\/\\\/lasentinelle.dz\\\/index.php\\\/2024\\\/05\\\/02\\\/attaf-appelle-a-orienter-les-efforts-conjoints-en-soutien-a-la-cause-palestinienne\\\/#primaryimage\"},\"thumbnailUrl\":\"https:\\\/\\\/lasentinelle.dz\\\/wp-content\\\/uploads\\\/2024\\\/03\\\/attaf-2.jpeg\",\"articleSection\":[\"Actualit\u00e9\"],\"inLanguage\":\"fr-FR\",\"potentialAction\":[{\"@type\":\"CommentAction\",\"name\":\"Comment\",\"target\":[\"https:\\\/\\\/lasentinelle.dz\\\/index.php\\\/2024\\\/05\\\/02\\\/attaf-appelle-a-orienter-les-efforts-conjoints-en-soutien-a-la-cause-palestinienne\\\/#respond\"]}]},{\"@type\":\"WebPage\",\"@id\":\"https:\\\/\\\/lasentinelle.dz\\\/index.php\\\/2024\\\/05\\\/02\\\/attaf-appelle-a-orienter-les-efforts-conjoints-en-soutien-a-la-cause-palestinienne\\\/\",\"url\":\"https:\\\/\\\/lasentinelle.dz\\\/index.php\\\/2024\\\/05\\\/02\\\/attaf-appelle-a-orienter-les-efforts-conjoints-en-soutien-a-la-cause-palestinienne\\\/\",\"name\":\"Attaf appelle \u00e0 orienter les efforts conjoints en soutien \u00e0 la cause palestinienne - La Sentinelle\",\"isPartOf\":{\"@id\":\"https:\\\/\\\/lasentinelle.dz\\\/#website\"},\"primaryImageOfPage\":{\"@id\":\"https:\\\/\\\/lasentinelle.dz\\\/index.php\\\/2024\\\/05\\\/02\\\/attaf-appelle-a-orienter-les-efforts-conjoints-en-soutien-a-la-cause-palestinienne\\\/#primaryimage\"},\"image\":{\"@id\":\"https:\\\/\\\/lasentinelle.dz\\\/index.php\\\/2024\\\/05\\\/02\\\/attaf-appelle-a-orienter-les-efforts-conjoints-en-soutien-a-la-cause-palestinienne\\\/#primaryimage\"},\"thumbnailUrl\":\"https:\\\/\\\/lasentinelle.dz\\\/wp-content\\\/uploads\\\/2024\\\/03\\\/attaf-2.jpeg\",\"datePublished\":\"2024-05-02T11:24:53+00:00\",\"dateModified\":\"2024-05-03T11:28:51+00:00\",\"breadcrumb\":{\"@id\":\"https:\\\/\\\/lasentinelle.dz\\\/index.php\\\/2024\\\/05\\\/02\\\/attaf-appelle-a-orienter-les-efforts-conjoints-en-soutien-a-la-cause-palestinienne\\\/#breadcrumb\"},\"inLanguage\":\"fr-FR\",\"potentialAction\":[{\"@type\":\"ReadAction\",\"target\":[\"https:\\\/\\\/lasentinelle.dz\\\/index.php\\\/2024\\\/05\\\/02\\\/attaf-appelle-a-orienter-les-efforts-conjoints-en-soutien-a-la-cause-palestinienne\\\/\"]}]},{\"@type\":\"ImageObject\",\"inLanguage\":\"fr-FR\",\"@id\":\"https:\\\/\\\/lasentinelle.dz\\\/index.php\\\/2024\\\/05\\\/02\\\/attaf-appelle-a-orienter-les-efforts-conjoints-en-soutien-a-la-cause-palestinienne\\\/#primaryimage\",\"url\":\"https:\\\/\\\/lasentinelle.dz\\\/wp-content\\\/uploads\\\/2024\\\/03\\\/attaf-2.jpeg\",\"contentUrl\":\"https:\\\/\\\/lasentinelle.dz\\\/wp-content\\\/uploads\\\/2024\\\/03\\\/attaf-2.jpeg\",\"width\":1250,\"height\":834},{\"@type\":\"BreadcrumbList\",\"@id\":\"https:\\\/\\\/lasentinelle.dz\\\/index.php\\\/2024\\\/05\\\/02\\\/attaf-appelle-a-orienter-les-efforts-conjoints-en-soutien-a-la-cause-palestinienne\\\/#breadcrumb\",\"itemListElement\":[{\"@type\":\"ListItem\",\"position\":1,\"name\":\"Accueil\",\"item\":\"https:\\\/\\\/lasentinelle.dz\\\/\"},{\"@type\":\"ListItem\",\"position\":2,\"name\":\"Attaf appelle \u00e0 orienter les efforts conjoints en soutien \u00e0 la cause palestinienne\"}]},{\"@type\":\"WebSite\",\"@id\":\"https:\\\/\\\/lasentinelle.dz\\\/#website\",\"url\":\"https:\\\/\\\/lasentinelle.dz\\\/\",\"name\":\"La Sentinelle\",\"description\":\"Quotidien national d&#039;information\",\"publisher\":{\"@id\":\"https:\\\/\\\/lasentinelle.dz\\\/#organization\"},\"potentialAction\":[{\"@type\":\"SearchAction\",\"target\":{\"@type\":\"EntryPoint\",\"urlTemplate\":\"https:\\\/\\\/lasentinelle.dz\\\/?s={search_term_string}\"},\"query-input\":{\"@type\":\"PropertyValueSpecification\",\"valueRequired\":true,\"valueName\":\"search_term_string\"}}],\"inLanguage\":\"fr-FR\"},{\"@type\":\"Organization\",\"@id\":\"https:\\\/\\\/lasentinelle.dz\\\/#organization\",\"name\":\"Quotidien La Sentinelle\",\"url\":\"https:\\\/\\\/lasentinelle.dz\\\/\",\"logo\":{\"@type\":\"ImageObject\",\"inLanguage\":\"fr-FR\",\"@id\":\"https:\\\/\\\/lasentinelle.dz\\\/#\\\/schema\\\/logo\\\/image\\\/\",\"url\":\"https:\\\/\\\/lasentinelle.dz\\\/wp-content\\\/uploads\\\/2021\\\/09\\\/logo-sentinelleSLOGAN-1.png\",\"contentUrl\":\"https:\\\/\\\/lasentinelle.dz\\\/wp-content\\\/uploads\\\/2021\\\/09\\\/logo-sentinelleSLOGAN-1.png\",\"width\":615,\"height\":142,\"caption\":\"Quotidien La Sentinelle\"},\"image\":{\"@id\":\"https:\\\/\\\/lasentinelle.dz\\\/#\\\/schema\\\/logo\\\/image\\\/\"},\"sameAs\":[\"https:\\\/\\\/www.facebook.com\\\/La-Sentinelle-104059864394773\"]},{\"@type\":\"Person\",\"@id\":\"https:\\\/\\\/lasentinelle.dz\\\/#\\\/schema\\\/person\\\/d865044e22e70a75174ce8bcad3acfb3\",\"name\":\"La Sentinelle\",\"image\":{\"@type\":\"ImageObject\",\"inLanguage\":\"fr-FR\",\"@id\":\"https:\\\/\\\/secure.gravatar.com\\\/avatar\\\/57de8e5d4b15d43fb361a71fbb36338450fe67865b528a43dd10ef7c51a20392?s=96&d=mm&r=g\",\"url\":\"https:\\\/\\\/secure.gravatar.com\\\/avatar\\\/57de8e5d4b15d43fb361a71fbb36338450fe67865b528a43dd10ef7c51a20392?s=96&d=mm&r=g\",\"contentUrl\":\"https:\\\/\\\/secure.gravatar.com\\\/avatar\\\/57de8e5d4b15d43fb361a71fbb36338450fe67865b528a43dd10ef7c51a20392?s=96&d=mm&r=g\",\"caption\":\"La Sentinelle\"},\"sameAs\":[\"http:\\\/\\\/www.lasentinelle.dz\"],\"url\":\"https:\\\/\\\/lasentinelle.dz\\\/author\\\/redaction\\\/\"}]}<\/script>\n<!-- \/ Yoast SEO plugin. -->","yoast_head_json":{"title":"Attaf appelle \u00e0 orienter les efforts conjoints en soutien \u00e0 la cause palestinienne - La Sentinelle","robots":{"index":"index","follow":"follow","max-snippet":"max-snippet:-1","max-image-preview":"max-image-preview:large","max-video-preview":"max-video-preview:-1"},"canonical":"https:\/\/lasentinelle.dz\/index.php\/2024\/05\/02\/attaf-appelle-a-orienter-les-efforts-conjoints-en-soutien-a-la-cause-palestinienne\/","og_locale":"fr_FR","og_type":"article","og_title":"Attaf appelle \u00e0 orienter les efforts conjoints en soutien \u00e0 la cause palestinienne - La Sentinelle","og_description":"Le ministre des Affaires \u00e9trang\u00e8res et de la Communaut\u00e9 nationale \u00e0 l&rsquo;\u00e9tranger, Ahmed Attaf a soulign\u00e9, mardi dans une allocution","og_url":"https:\/\/lasentinelle.dz\/index.php\/2024\/05\/02\/attaf-appelle-a-orienter-les-efforts-conjoints-en-soutien-a-la-cause-palestinienne\/","og_site_name":"La Sentinelle","article_publisher":"https:\/\/www.facebook.com\/La-Sentinelle-104059864394773","article_published_time":"2024-05-02T11:24:53+00:00","article_modified_time":"2024-05-03T11:28:51+00:00","og_image":[{"width":1250,"height":834,"url":"https:\/\/lasentinelle.dz\/wp-content\/uploads\/2024\/03\/attaf-2.jpeg","type":"image\/jpeg"}],"author":"La Sentinelle","twitter_card":"summary_large_image","twitter_misc":{"\u00c9crit par":"La Sentinelle","Dur\u00e9e de lecture estim\u00e9e":"2 minutes"},"schema":{"@context":"https:\/\/schema.org","@graph":[{"@type":"Article","@id":"https:\/\/lasentinelle.dz\/index.php\/2024\/05\/02\/attaf-appelle-a-orienter-les-efforts-conjoints-en-soutien-a-la-cause-palestinienne\/#article","isPartOf":{"@id":"https:\/\/lasentinelle.dz\/index.php\/2024\/05\/02\/attaf-appelle-a-orienter-les-efforts-conjoints-en-soutien-a-la-cause-palestinienne\/"},"author":{"name":"La Sentinelle","@id":"https:\/\/lasentinelle.dz\/#\/schema\/person\/d865044e22e70a75174ce8bcad3acfb3"},"headline":"Attaf appelle \u00e0 orienter les efforts conjoints en soutien \u00e0 la cause palestinienne","datePublished":"2024-05-02T11:24:53+00:00","dateModified":"2024-05-03T11:28:51+00:00","mainEntityOfPage":{"@id":"https:\/\/lasentinelle.dz\/index.php\/2024\/05\/02\/attaf-appelle-a-orienter-les-efforts-conjoints-en-soutien-a-la-cause-palestinienne\/"},"wordCount":340,"commentCount":0,"publisher":{"@id":"https:\/\/lasentinelle.dz\/#organization"},"image":{"@id":"https:\/\/lasentinelle.dz\/index.php\/2024\/05\/02\/attaf-appelle-a-orienter-les-efforts-conjoints-en-soutien-a-la-cause-palestinienne\/#primaryimage"},"thumbnailUrl":"https:\/\/lasentinelle.dz\/wp-content\/uploads\/2024\/03\/attaf-2.jpeg","articleSection":["Actualit\u00e9"],"inLanguage":"fr-FR","potentialAction":[{"@type":"CommentAction","name":"Comment","target":["https:\/\/lasentinelle.dz\/index.php\/2024\/05\/02\/attaf-appelle-a-orienter-les-efforts-conjoints-en-soutien-a-la-cause-palestinienne\/#respond"]}]},{"@type":"WebPage","@id":"https:\/\/lasentinelle.dz\/index.php\/2024\/05\/02\/attaf-appelle-a-orienter-les-efforts-conjoints-en-soutien-a-la-cause-palestinienne\/","url":"https:\/\/lasentinelle.dz\/index.php\/2024\/05\/02\/attaf-appelle-a-orienter-les-efforts-conjoints-en-soutien-a-la-cause-palestinienne\/","name":"Attaf appelle \u00e0 orienter les efforts conjoints en soutien \u00e0 la cause palestinienne - La Sentinelle","isPartOf":{"@id":"https:\/\/lasentinelle.dz\/#website"},"primaryImageOfPage":{"@id":"https:\/\/lasentinelle.dz\/index.php\/2024\/05\/02\/attaf-appelle-a-orienter-les-efforts-conjoints-en-soutien-a-la-cause-palestinienne\/#primaryimage"},"image":{"@id":"https:\/\/lasentinelle.dz\/index.php\/2024\/05\/02\/attaf-appelle-a-orienter-les-efforts-conjoints-en-soutien-a-la-cause-palestinienne\/#primaryimage"},"thumbnailUrl":"https:\/\/lasentinelle.dz\/wp-content\/uploads\/2024\/03\/attaf-2.jpeg","datePublished":"2024-05-02T11:24:53+00:00","dateModified":"2024-05-03T11:28:51+00:00","breadcrumb":{"@id":"https:\/\/lasentinelle.dz\/index.php\/2024\/05\/02\/attaf-appelle-a-orienter-les-efforts-conjoints-en-soutien-a-la-cause-palestinienne\/#breadcrumb"},"inLanguage":"fr-FR","potentialAction":[{"@type":"ReadAction","target":["https:\/\/lasentinelle.dz\/index.php\/2024\/05\/02\/attaf-appelle-a-orienter-les-efforts-conjoints-en-soutien-a-la-cause-palestinienne\/"]}]},{"@type":"ImageObject","inLanguage":"fr-FR","@id":"https:\/\/lasentinelle.dz\/index.php\/2024\/05\/02\/attaf-appelle-a-orienter-les-efforts-conjoints-en-soutien-a-la-cause-palestinienne\/#primaryimage","url":"https:\/\/lasentinelle.dz\/wp-content\/uploads\/2024\/03\/attaf-2.jpeg","contentUrl":"https:\/\/lasentinelle.dz\/wp-content\/uploads\/2024\/03\/attaf-2.jpeg","width":1250,"height":834},{"@type":"BreadcrumbList","@id":"https:\/\/lasentinelle.dz\/index.php\/2024\/05\/02\/attaf-appelle-a-orienter-les-efforts-conjoints-en-soutien-a-la-cause-palestinienne\/#breadcrumb","itemListElement":[{"@type":"ListItem","position":1,"name":"Accueil","item":"https:\/\/lasentinelle.dz\/"},{"@type":"ListItem","position":2,"name":"Attaf appelle \u00e0 orienter les efforts conjoints en soutien \u00e0 la cause palestinienne"}]},{"@type":"WebSite","@id":"https:\/\/lasentinelle.dz\/#website","url":"https:\/\/lasentinelle.dz\/","name":"La Sentinelle","description":"Quotidien national d&#039;information","publisher":{"@id":"https:\/\/lasentinelle.dz\/#organization"},"potentialAction":[{"@type":"SearchAction","target":{"@type":"EntryPoint","urlTemplate":"https:\/\/lasentinelle.dz\/?s={search_term_string}"},"query-input":{"@type":"PropertyValueSpecification","valueRequired":true,"valueName":"search_term_string"}}],"inLanguage":"fr-FR"},{"@type":"Organization","@id":"https:\/\/lasentinelle.dz\/#organization","name":"Quotidien La Sentinelle","url":"https:\/\/lasentinelle.dz\/","logo":{"@type":"ImageObject","inLanguage":"fr-FR","@id":"https:\/\/lasentinelle.dz\/#\/schema\/logo\/image\/","url":"https:\/\/lasentinelle.dz\/wp-content\/uploads\/2021\/09\/logo-sentinelleSLOGAN-1.png","contentUrl":"https:\/\/lasentinelle.dz\/wp-content\/uploads\/2021\/09\/logo-sentinelleSLOGAN-1.png","width":615,"height":142,"caption":"Quotidien La Sentinelle"},"image":{"@id":"https:\/\/lasentinelle.dz\/#\/schema\/logo\/image\/"},"sameAs":["https:\/\/www.facebook.com\/La-Sentinelle-104059864394773"]},{"@type":"Person","@id":"https:\/\/lasentinelle.dz\/#\/schema\/person\/d865044e22e70a75174ce8bcad3acfb3","name":"La Sentinelle","image":{"@type":"ImageObject","inLanguage":"fr-FR","@id":"https:\/\/secure.gravatar.com\/avatar\/57de8e5d4b15d43fb361a71fbb36338450fe67865b528a43dd10ef7c51a20392?s=96&d=mm&r=g","url":"https:\/\/secure.gravatar.com\/avatar\/57de8e5d4b15d43fb361a71fbb36338450fe67865b528a43dd10ef7c51a20392?s=96&d=mm&r=g","contentUrl":"https:\/\/secure.gravatar.com\/avatar\/57de8e5d4b15d43fb361a71fbb36338450fe67865b528a43dd10ef7c51a20392?s=96&d=mm&r=g","caption":"La Sentinelle"},"sameAs":["http:\/\/www.lasentinelle.dz"],"url":"https:\/\/lasentinelle.dz\/author\/redaction\/"}]}},"_links":{"self":[{"href":"https:\/\/lasentinelle.dz\/index.php\/wp-json\/wp\/v2\/posts\/51899","targetHints":{"allow":["GET"]}}],"collection":[{"href":"https:\/\/lasentinelle.dz\/index.php\/wp-json\/wp\/v2\/posts"}],"about":[{"href":"https:\/\/lasentinelle.dz\/index.php\/wp-json\/wp\/v2\/types\/post"}],"author":[{"embeddable":true,"href":"https:\/\/lasentinelle.dz\/index.php\/wp-json\/wp\/v2\/users\/3"}],"replies":[{"embeddable":true,"href":"https:\/\/lasentinelle.dz\/index.php\/wp-json\/wp\/v2\/comments?post=51899"}],"version-history":[{"count":1,"href":"https:\/\/lasentinelle.dz\/index.php\/wp-json\/wp\/v2\/posts\/51899\/revisions"}],"predecessor-version":[{"id":51900,"href":"https:\/\/lasentinelle.dz\/index.php\/wp-json\/wp\/v2\/posts\/51899\/revisions\/51900"}],"wp:featuredmedia":[{"embeddable":true,"href":"https:\/\/lasentinelle.dz\/index.php\/wp-json\/wp\/v2\/media\/50754"}],"wp:attachment":[{"href":"https:\/\/lasentinelle.dz\/index.php\/wp-json\/wp\/v2\/media?parent=51899"}],"wp:term":[{"taxonomy":"category","embeddable":true,"href":"https:\/\/lasentinelle.dz\/index.php\/wp-json\/wp\/v2\/categories?post=51899"},{"taxonomy":"post_tag","embeddable":true,"href":"https:\/\/lasentinelle.dz\/index.php\/wp-json\/wp\/v2\/tags?post=51899"}],"curies":[{"name":"wp","href":"https:\/\/api.w.org\/{rel}","templated":true}]}}