{"id":51904,"date":"2024-05-02T12:26:00","date_gmt":"2024-05-02T11:26:00","guid":{"rendered":"https:\/\/lasentinelle.dz\/?p=51904"},"modified":"2024-05-03T12:28:57","modified_gmt":"2024-05-03T11:28:57","slug":"la-revolte-des-campus","status":"publish","type":"post","link":"https:\/\/lasentinelle.dz\/index.php\/2024\/05\/02\/la-revolte-des-campus\/","title":{"rendered":"La r\u00e9volte des campus"},"content":{"rendered":"\n<p>Un vaste mouvement de solidarit\u00e9 avec la Palestine se propage depuis plusieurs jours dans les grandes universit\u00e9s am\u00e9ricaines europ\u00e9ennes. Un mouvement qui traduit un changement et une prise de conscience quant \u00e0 la faillite morale de la gestion de la question palestinienne par la communaut\u00e9 internationale, et plus encore en Occident. Des manifestations pacifiques qui ont \u00e9t\u00e9 violemment r\u00e9prim\u00e9es par les forces de l\u2019ordre, notamment aux Etats-Unis.<\/p>\n\n\n\n<p>Plus de 300 personnes ont \u00e9t\u00e9 arr\u00eat\u00e9es dans les universit\u00e9s new-yorkaises, et les forces anti-\u00e9meutes ont \u00e9t\u00e9 d\u00e9ploy\u00e9es dans l\u2019universit\u00e9 de Californie UCLA. Une r\u00e9pression qui n\u2019emp\u00eache pas le mouvement de prendre de l\u2019ampleur. Le maire de la ville de New York, Eric Adams a d\u00e9clar\u00e9 qu\u2019environ 300 personnes ont \u00e9t\u00e9 interpell\u00e9es suite \u00e0 l&rsquo;intervention polici\u00e8re dans l&rsquo;Universit\u00e9 de Columbia et au City College de New York mardi soir. Selon le d\u00e9partement de police de New York (NYPD), il y a eu 282 arrestations, dont 173 au City College et 119 \u00e0 l&rsquo;Universit\u00e9 de Columbia. Des agents du NYPD sont entr\u00e9s mardi soir dans le Hamilton Hall de l&rsquo;Universit\u00e9 de Columbia, o\u00f9 protestaient des manifestants propalestiniens. Le b\u00e2timent a \u00e9t\u00e9 vid\u00e9 des protestataires environ deux heures apr\u00e8s le d\u00e9but de l&rsquo;intervention. A Los Angeles, des heurts ont \u00e9clat\u00e9 hier \u00e0 l\u2019aube, en marge d&rsquo;un rassemblement pro-palestinien sur le campus de l&rsquo;universit\u00e9 de Californie (UCLA). Selon la cha\u00eene CNN les heurts opposaient des manifestants pro-palestiniens et pro-sionistes. Le Los Angeles Times, a indiqu\u00e9 que peu avant minuit, des contre-manifestants (pro-sionstes) ont tent\u00e9 d&rsquo;abattre les barricades entourant le campement install\u00e9 en solidarit\u00e9 avec la Palestine situ\u00e9 sur le campus. Apr\u00e8s minuit, certains ont tent\u00e9 d&rsquo;investir les lieux. La police anti-\u00e9meute a \u00e9t\u00e9 d\u00e9ploy\u00e9e et a utilis\u00e9 du gaz lacrymog\u00e8ne. L\u2019intervention de la police de Los Angeles sur le campus de l&rsquo;universit\u00e9 californienne est une premi\u00e8re. L\u2019universit\u00e9 Brown, dans le nord-est des Etats-Unis, a annonc\u00e9 le d\u00e9mant\u00e8lement d\u2019un campement pro-palestinien en \u00e9change de la promesse que le conseil d\u2019administration se prononcerait sur d\u2019\u00e9ventuels \u2018\u2019d\u00e9sinvestissements de soci\u00e9t\u00e9s qui rendent possible le g\u00e9nocide \u00e0 Gaza et en profitent.\u2019\u2019 Il faut dire que les manifestations estudiantines de solidarit\u00e9 avec la Palestine se sont \u00e9tendues \u00e0 plusieurs grandes universit\u00e9s des \u00c9tats-Unis, dont l\u2019universit\u00e9 de New-York, l\u2019universit\u00e9 de Yale, le Massachusetts Institute of Technology et l\u2019universit\u00e9 de la Caroline du Nord. Malgr\u00e9 la r\u00e9pression le mouvement continue de prendre de l\u2019ampleur. A Chicago, plus de 150 personnes ont particip\u00e9 \u00e0 l\u2019installation du campement sur le campus de l&rsquo;Universit\u00e9 DePaul, situ\u00e9 \u00e0 Lincoln Park \u00e0 Chicago. Au Canada, un campement de solidarit\u00e9 avec la Palestine a \u00e9t\u00e9 install\u00e9 dans l\u2019universit\u00e9 d\u2019Ottawa mardi soir. Les \u00e9tudiants demandent \u00e0 l&rsquo;Universit\u00e9 d&rsquo;Ottawa de se dissocier de la Banque Scotia, qui a retenu l&rsquo;attention r\u00e9cemment en raison de ses investissements dans une entreprise d&rsquo;armement isra\u00e9lienne. Ils demandent \u00e9galement \u00e0 l&rsquo;Universit\u00e9 d&rsquo;Ottawa de se d\u00e9sengager \u00e0 soutenir financi\u00e8rement des soci\u00e9t\u00e9s qui facilitent l&rsquo;occupation de Ghaza. En France, malgr\u00e9 les blocages et l\u2019interdiction de ces manifestations au sein des universit\u00e9s comme ce fut le cas \u00e0 sciences-Po Paris et la Sorbonne, les \u00e9tudiants affichent leur d\u00e9termination \u00e0 maintenir la mobilisation. \u00c9l\u00e9onore Schmitt, porte-parole de l\u2019Union \u00e9tudiante a indiqu\u00e9 mard sur franceinfo que les manifestations vont se poursuivre jeudi 2 mai dans les Sciences Po partout en France. Des blocages sont pr\u00e9vus dans les Instituts d&rsquo;\u00e9tudes politiques (IEP) de Saint-Etienne, Rennes, Strasbourg et Menton pr\u00e9cise le m\u00eame m\u00e9dia. \u00ab\u00a0On est vraiment tr\u00e8s loin d\u2019une minorit\u00e9 agissante\u00a0\u00bb, a affirm\u00e9 \u00c9l\u00e9onore Schmitt, en r\u00e9ponse aux propos de Gabriel Attal la semaine derni\u00e8re qui d\u00e9non\u00e7ait \u00ab\u00a0le spectacle navrant\u00a0\u00bb d&rsquo;une \u00ab\u00a0minorit\u00e9 dangereuse\u00a0\u00bb pour qualifier les blocages de Sciences Po Paris, rapporte le m\u00e9dia fran\u00e7ais. Pour le moment, l&rsquo;Union \u00e9tudiante consid\u00e8re que la r\u00e9ponse gouvernementale n&rsquo;est pas suffisante. Le syndicat r\u00e9clame des actions notamment du minist\u00e8re de l&rsquo;Enseignement sup\u00e9rieur : \u00ab\u00a0On demande que la ministre de l&rsquo;Enseignement sup\u00e9rieur appelle \u00e0 remettre en question certains partenariats avec des universit\u00e9s isra\u00e9liennes\u00a0\u00bb, indique encore Franceinfo.<\/p>\n\n\n\n<p>La cause palestinienne s\u2019est \u00e9galement invit\u00e9e dans les manifestations qui marquent le 1<sup>er<\/sup> mai, notamment en France. En plus des traditionnels drapeaux de la Conf\u00e9d\u00e9ration g\u00e9n\u00e9rale du travail (CGT), de nombreux drapeaux palestiniens sont brandis par les manifestants.<\/p>\n\n\n\n<p><strong>Le massacre se poursuit \u00e0 Ghaza<\/strong><\/p>\n\n\n\n<p>A Ghaza, l\u2019agression g\u00e9nocidaire sioniste se poursuit, alors que Rafah est plus que jamais menac\u00e9e par une invasion terrestre des forces d\u2019occupation. La Soci\u00e9t\u00e9 du Croissant-Rouge a annonc\u00e9, hier, qu&rsquo;un Palestinien a \u00e9t\u00e9 tu\u00e9 et cinq autres bless\u00e9s dans un bombardement isra\u00e9lien ayant vis\u00e9 une maison situ\u00e9e dans le camp de Nuseirat, dans le centre de la bande de Ghaza. La guerre g\u00e9nocidaire contre Ghaza a fait plus de 112 000 victimes (entre morts et bless\u00e9s), pour la plupart des femmes et des enfants, et environ 10 000 disparus, dans un contexte de famine et de destruction g\u00e9n\u00e9ralis\u00e9e, selon les donn\u00e9es palestiniennes et des Nations unies. C\u2019est dans ce contexte que l\u2019occupant affiche sa d\u00e9termination \u00e0 mener une invasion terrestre contre Rafah, malgr\u00e9 l\u2019opposition de la communaut\u00e9 internationale.<\/p>\n\n\n\n<p>Le directeur g\u00e9n\u00e9ral de l&rsquo;Organisation mondiale de la Sant\u00e9 (OMS), Tedros Adhanom Ghebreyesus, a exprim\u00e9, mardi, son inqui\u00e9tude quant \u00e0 une \u00e9ventuelle invasion qui \u00a0\u00bb conduirait \u00e0 une catastrophe humanitaire\u00a0\u00bb. Et d\u2019ajouter : \u00ab\u00a0Nous exhortons toutes les parties \u00e0 \u0153uvrer \u00e0 l&rsquo;instauration d&rsquo;un cessez-le-feu et d&rsquo;une paix durable.\u00a0\u00bb Il faut dire qu\u2019en plus du fait qu\u2019une telle invasion provoquerait un bain de sang dans cette zone o\u00f9 se sont r\u00e9fugi\u00e9s 1,5 million de Palestiniens, elle aggraverait la famine, Rafah \u00e9tant le seul point de passage par lequel transite le peu d\u2019aide humanitaire encore autoris\u00e9e \u00e0 entrer \u00e0 Ghaza.<\/p>\n\n\n\n<p>Lyes Sa\u00efdi<\/p>\n\n\n\n<p><\/p>\n","protected":false},"excerpt":{"rendered":"<p>Un vaste mouvement de solidarit\u00e9 avec la Palestine se propage depuis plusieurs jours dans les grandes universit\u00e9s am\u00e9ricaines europ\u00e9ennes. Un<\/p>\n","protected":false},"author":3,"featured_media":51905,"comment_status":"open","ping_status":"closed","sticky":false,"template":"","format":"standard","meta":{"colormag_page_container_layout":"default_layout","colormag_page_sidebar_layout":"default_layout","om_disable_all_campaigns":false,"_monsterinsights_skip_tracking":false,"_monsterinsights_sitenote_active":false,"_monsterinsights_sitenote_note":"","_monsterinsights_sitenote_category":0,"footnotes":"","_wpscppro_dont_share_socialmedia":false,"_wpscppro_custom_social_share_image":0,"_facebook_share_type":"default","_twitter_share_type":"default","_linkedin_share_type":"default","_pinterest_share_type":"default","_linkedin_share_type_page":"","_instagram_share_type":"default","_medium_share_type":"","_threads_share_type":"","_google_business_share_type":"","_selected_social_profile":[],"_wpsp_enable_custom_social_template":false,"_wpsp_social_scheduling":{"enabled":false,"datetime":null,"platforms":[],"status":"template_only","dateOption":"today","timeOption":"now","customDays":"","customHours":"","customDate":"","customTime":"","schedulingType":"absolute"},"_wpsp_active_default_template":true},"categories":[52,27],"tags":[],"class_list":["post-51904","post","type-post","status-publish","format-standard","has-post-thumbnail","hentry","category-a-la-une","category-actualite"],"aioseo_notices":[],"yoast_head":"<!-- This site is optimized with the Yoast SEO plugin v27.5 - https:\/\/yoast.com\/product\/yoast-seo-wordpress\/ -->\n<title>La r\u00e9volte des campus - La Sentinelle<\/title>\n<meta name=\"robots\" content=\"index, follow, max-snippet:-1, max-image-preview:large, max-video-preview:-1\" \/>\n<link rel=\"canonical\" href=\"https:\/\/lasentinelle.dz\/index.php\/2024\/05\/02\/la-revolte-des-campus\/\" \/>\n<meta property=\"og:locale\" content=\"fr_FR\" \/>\n<meta property=\"og:type\" content=\"article\" \/>\n<meta property=\"og:title\" content=\"La r\u00e9volte des campus - La Sentinelle\" \/>\n<meta property=\"og:description\" content=\"Un vaste mouvement de solidarit\u00e9 avec la Palestine se propage depuis plusieurs jours dans les grandes universit\u00e9s am\u00e9ricaines europ\u00e9ennes. Un\" \/>\n<meta property=\"og:url\" content=\"https:\/\/lasentinelle.dz\/index.php\/2024\/05\/02\/la-revolte-des-campus\/\" \/>\n<meta property=\"og:site_name\" content=\"La Sentinelle\" \/>\n<meta property=\"article:publisher\" content=\"https:\/\/www.facebook.com\/La-Sentinelle-104059864394773\" \/>\n<meta property=\"article:published_time\" content=\"2024-05-02T11:26:00+00:00\" \/>\n<meta property=\"article:modified_time\" content=\"2024-05-03T11:28:57+00:00\" \/>\n<meta property=\"og:image\" content=\"https:\/\/lasentinelle.dz\/wp-content\/uploads\/2024\/05\/universte.jpeg\" \/>\n\t<meta property=\"og:image:width\" content=\"864\" \/>\n\t<meta property=\"og:image:height\" content=\"486\" \/>\n\t<meta property=\"og:image:type\" content=\"image\/jpeg\" \/>\n<meta name=\"author\" content=\"La Sentinelle\" \/>\n<meta name=\"twitter:card\" content=\"summary_large_image\" \/>\n<meta name=\"twitter:label1\" content=\"\u00c9crit par\" \/>\n\t<meta name=\"twitter:data1\" content=\"La Sentinelle\" \/>\n\t<meta name=\"twitter:label2\" content=\"Dur\u00e9e de lecture estim\u00e9e\" \/>\n\t<meta name=\"twitter:data2\" content=\"5 minutes\" \/>\n<script type=\"application\/ld+json\" class=\"yoast-schema-graph\">{\"@context\":\"https:\\\/\\\/schema.org\",\"@graph\":[{\"@type\":\"Article\",\"@id\":\"https:\\\/\\\/lasentinelle.dz\\\/index.php\\\/2024\\\/05\\\/02\\\/la-revolte-des-campus\\\/#article\",\"isPartOf\":{\"@id\":\"https:\\\/\\\/lasentinelle.dz\\\/index.php\\\/2024\\\/05\\\/02\\\/la-revolte-des-campus\\\/\"},\"author\":{\"name\":\"La Sentinelle\",\"@id\":\"https:\\\/\\\/lasentinelle.dz\\\/#\\\/schema\\\/person\\\/d865044e22e70a75174ce8bcad3acfb3\"},\"headline\":\"La r\u00e9volte des campus\",\"datePublished\":\"2024-05-02T11:26:00+00:00\",\"dateModified\":\"2024-05-03T11:28:57+00:00\",\"mainEntityOfPage\":{\"@id\":\"https:\\\/\\\/lasentinelle.dz\\\/index.php\\\/2024\\\/05\\\/02\\\/la-revolte-des-campus\\\/\"},\"wordCount\":1037,\"commentCount\":0,\"publisher\":{\"@id\":\"https:\\\/\\\/lasentinelle.dz\\\/#organization\"},\"image\":{\"@id\":\"https:\\\/\\\/lasentinelle.dz\\\/index.php\\\/2024\\\/05\\\/02\\\/la-revolte-des-campus\\\/#primaryimage\"},\"thumbnailUrl\":\"https:\\\/\\\/lasentinelle.dz\\\/wp-content\\\/uploads\\\/2024\\\/05\\\/universte.jpeg\",\"articleSection\":[\"\u00c0 la Une\",\"Actualit\u00e9\"],\"inLanguage\":\"fr-FR\",\"potentialAction\":[{\"@type\":\"CommentAction\",\"name\":\"Comment\",\"target\":[\"https:\\\/\\\/lasentinelle.dz\\\/index.php\\\/2024\\\/05\\\/02\\\/la-revolte-des-campus\\\/#respond\"]}]},{\"@type\":\"WebPage\",\"@id\":\"https:\\\/\\\/lasentinelle.dz\\\/index.php\\\/2024\\\/05\\\/02\\\/la-revolte-des-campus\\\/\",\"url\":\"https:\\\/\\\/lasentinelle.dz\\\/index.php\\\/2024\\\/05\\\/02\\\/la-revolte-des-campus\\\/\",\"name\":\"La r\u00e9volte des campus - La Sentinelle\",\"isPartOf\":{\"@id\":\"https:\\\/\\\/lasentinelle.dz\\\/#website\"},\"primaryImageOfPage\":{\"@id\":\"https:\\\/\\\/lasentinelle.dz\\\/index.php\\\/2024\\\/05\\\/02\\\/la-revolte-des-campus\\\/#primaryimage\"},\"image\":{\"@id\":\"https:\\\/\\\/lasentinelle.dz\\\/index.php\\\/2024\\\/05\\\/02\\\/la-revolte-des-campus\\\/#primaryimage\"},\"thumbnailUrl\":\"https:\\\/\\\/lasentinelle.dz\\\/wp-content\\\/uploads\\\/2024\\\/05\\\/universte.jpeg\",\"datePublished\":\"2024-05-02T11:26:00+00:00\",\"dateModified\":\"2024-05-03T11:28:57+00:00\",\"breadcrumb\":{\"@id\":\"https:\\\/\\\/lasentinelle.dz\\\/index.php\\\/2024\\\/05\\\/02\\\/la-revolte-des-campus\\\/#breadcrumb\"},\"inLanguage\":\"fr-FR\",\"potentialAction\":[{\"@type\":\"ReadAction\",\"target\":[\"https:\\\/\\\/lasentinelle.dz\\\/index.php\\\/2024\\\/05\\\/02\\\/la-revolte-des-campus\\\/\"]}]},{\"@type\":\"ImageObject\",\"inLanguage\":\"fr-FR\",\"@id\":\"https:\\\/\\\/lasentinelle.dz\\\/index.php\\\/2024\\\/05\\\/02\\\/la-revolte-des-campus\\\/#primaryimage\",\"url\":\"https:\\\/\\\/lasentinelle.dz\\\/wp-content\\\/uploads\\\/2024\\\/05\\\/universte.jpeg\",\"contentUrl\":\"https:\\\/\\\/lasentinelle.dz\\\/wp-content\\\/uploads\\\/2024\\\/05\\\/universte.jpeg\",\"width\":864,\"height\":486},{\"@type\":\"BreadcrumbList\",\"@id\":\"https:\\\/\\\/lasentinelle.dz\\\/index.php\\\/2024\\\/05\\\/02\\\/la-revolte-des-campus\\\/#breadcrumb\",\"itemListElement\":[{\"@type\":\"ListItem\",\"position\":1,\"name\":\"Accueil\",\"item\":\"https:\\\/\\\/lasentinelle.dz\\\/\"},{\"@type\":\"ListItem\",\"position\":2,\"name\":\"La r\u00e9volte des campus\"}]},{\"@type\":\"WebSite\",\"@id\":\"https:\\\/\\\/lasentinelle.dz\\\/#website\",\"url\":\"https:\\\/\\\/lasentinelle.dz\\\/\",\"name\":\"La Sentinelle\",\"description\":\"Quotidien national d&#039;information\",\"publisher\":{\"@id\":\"https:\\\/\\\/lasentinelle.dz\\\/#organization\"},\"potentialAction\":[{\"@type\":\"SearchAction\",\"target\":{\"@type\":\"EntryPoint\",\"urlTemplate\":\"https:\\\/\\\/lasentinelle.dz\\\/?s={search_term_string}\"},\"query-input\":{\"@type\":\"PropertyValueSpecification\",\"valueRequired\":true,\"valueName\":\"search_term_string\"}}],\"inLanguage\":\"fr-FR\"},{\"@type\":\"Organization\",\"@id\":\"https:\\\/\\\/lasentinelle.dz\\\/#organization\",\"name\":\"Quotidien La Sentinelle\",\"url\":\"https:\\\/\\\/lasentinelle.dz\\\/\",\"logo\":{\"@type\":\"ImageObject\",\"inLanguage\":\"fr-FR\",\"@id\":\"https:\\\/\\\/lasentinelle.dz\\\/#\\\/schema\\\/logo\\\/image\\\/\",\"url\":\"https:\\\/\\\/lasentinelle.dz\\\/wp-content\\\/uploads\\\/2021\\\/09\\\/logo-sentinelleSLOGAN-1.png\",\"contentUrl\":\"https:\\\/\\\/lasentinelle.dz\\\/wp-content\\\/uploads\\\/2021\\\/09\\\/logo-sentinelleSLOGAN-1.png\",\"width\":615,\"height\":142,\"caption\":\"Quotidien La Sentinelle\"},\"image\":{\"@id\":\"https:\\\/\\\/lasentinelle.dz\\\/#\\\/schema\\\/logo\\\/image\\\/\"},\"sameAs\":[\"https:\\\/\\\/www.facebook.com\\\/La-Sentinelle-104059864394773\"]},{\"@type\":\"Person\",\"@id\":\"https:\\\/\\\/lasentinelle.dz\\\/#\\\/schema\\\/person\\\/d865044e22e70a75174ce8bcad3acfb3\",\"name\":\"La Sentinelle\",\"image\":{\"@type\":\"ImageObject\",\"inLanguage\":\"fr-FR\",\"@id\":\"https:\\\/\\\/secure.gravatar.com\\\/avatar\\\/57de8e5d4b15d43fb361a71fbb36338450fe67865b528a43dd10ef7c51a20392?s=96&d=mm&r=g\",\"url\":\"https:\\\/\\\/secure.gravatar.com\\\/avatar\\\/57de8e5d4b15d43fb361a71fbb36338450fe67865b528a43dd10ef7c51a20392?s=96&d=mm&r=g\",\"contentUrl\":\"https:\\\/\\\/secure.gravatar.com\\\/avatar\\\/57de8e5d4b15d43fb361a71fbb36338450fe67865b528a43dd10ef7c51a20392?s=96&d=mm&r=g\",\"caption\":\"La Sentinelle\"},\"sameAs\":[\"http:\\\/\\\/www.lasentinelle.dz\"],\"url\":\"https:\\\/\\\/lasentinelle.dz\\\/author\\\/redaction\\\/\"}]}<\/script>\n<!-- \/ Yoast SEO plugin. -->","yoast_head_json":{"title":"La r\u00e9volte des campus - La Sentinelle","robots":{"index":"index","follow":"follow","max-snippet":"max-snippet:-1","max-image-preview":"max-image-preview:large","max-video-preview":"max-video-preview:-1"},"canonical":"https:\/\/lasentinelle.dz\/index.php\/2024\/05\/02\/la-revolte-des-campus\/","og_locale":"fr_FR","og_type":"article","og_title":"La r\u00e9volte des campus - La Sentinelle","og_description":"Un vaste mouvement de solidarit\u00e9 avec la Palestine se propage depuis plusieurs jours dans les grandes universit\u00e9s am\u00e9ricaines europ\u00e9ennes. Un","og_url":"https:\/\/lasentinelle.dz\/index.php\/2024\/05\/02\/la-revolte-des-campus\/","og_site_name":"La Sentinelle","article_publisher":"https:\/\/www.facebook.com\/La-Sentinelle-104059864394773","article_published_time":"2024-05-02T11:26:00+00:00","article_modified_time":"2024-05-03T11:28:57+00:00","og_image":[{"width":864,"height":486,"url":"https:\/\/lasentinelle.dz\/wp-content\/uploads\/2024\/05\/universte.jpeg","type":"image\/jpeg"}],"author":"La Sentinelle","twitter_card":"summary_large_image","twitter_misc":{"\u00c9crit par":"La Sentinelle","Dur\u00e9e de lecture estim\u00e9e":"5 minutes"},"schema":{"@context":"https:\/\/schema.org","@graph":[{"@type":"Article","@id":"https:\/\/lasentinelle.dz\/index.php\/2024\/05\/02\/la-revolte-des-campus\/#article","isPartOf":{"@id":"https:\/\/lasentinelle.dz\/index.php\/2024\/05\/02\/la-revolte-des-campus\/"},"author":{"name":"La Sentinelle","@id":"https:\/\/lasentinelle.dz\/#\/schema\/person\/d865044e22e70a75174ce8bcad3acfb3"},"headline":"La r\u00e9volte des campus","datePublished":"2024-05-02T11:26:00+00:00","dateModified":"2024-05-03T11:28:57+00:00","mainEntityOfPage":{"@id":"https:\/\/lasentinelle.dz\/index.php\/2024\/05\/02\/la-revolte-des-campus\/"},"wordCount":1037,"commentCount":0,"publisher":{"@id":"https:\/\/lasentinelle.dz\/#organization"},"image":{"@id":"https:\/\/lasentinelle.dz\/index.php\/2024\/05\/02\/la-revolte-des-campus\/#primaryimage"},"thumbnailUrl":"https:\/\/lasentinelle.dz\/wp-content\/uploads\/2024\/05\/universte.jpeg","articleSection":["\u00c0 la Une","Actualit\u00e9"],"inLanguage":"fr-FR","potentialAction":[{"@type":"CommentAction","name":"Comment","target":["https:\/\/lasentinelle.dz\/index.php\/2024\/05\/02\/la-revolte-des-campus\/#respond"]}]},{"@type":"WebPage","@id":"https:\/\/lasentinelle.dz\/index.php\/2024\/05\/02\/la-revolte-des-campus\/","url":"https:\/\/lasentinelle.dz\/index.php\/2024\/05\/02\/la-revolte-des-campus\/","name":"La r\u00e9volte des campus - La Sentinelle","isPartOf":{"@id":"https:\/\/lasentinelle.dz\/#website"},"primaryImageOfPage":{"@id":"https:\/\/lasentinelle.dz\/index.php\/2024\/05\/02\/la-revolte-des-campus\/#primaryimage"},"image":{"@id":"https:\/\/lasentinelle.dz\/index.php\/2024\/05\/02\/la-revolte-des-campus\/#primaryimage"},"thumbnailUrl":"https:\/\/lasentinelle.dz\/wp-content\/uploads\/2024\/05\/universte.jpeg","datePublished":"2024-05-02T11:26:00+00:00","dateModified":"2024-05-03T11:28:57+00:00","breadcrumb":{"@id":"https:\/\/lasentinelle.dz\/index.php\/2024\/05\/02\/la-revolte-des-campus\/#breadcrumb"},"inLanguage":"fr-FR","potentialAction":[{"@type":"ReadAction","target":["https:\/\/lasentinelle.dz\/index.php\/2024\/05\/02\/la-revolte-des-campus\/"]}]},{"@type":"ImageObject","inLanguage":"fr-FR","@id":"https:\/\/lasentinelle.dz\/index.php\/2024\/05\/02\/la-revolte-des-campus\/#primaryimage","url":"https:\/\/lasentinelle.dz\/wp-content\/uploads\/2024\/05\/universte.jpeg","contentUrl":"https:\/\/lasentinelle.dz\/wp-content\/uploads\/2024\/05\/universte.jpeg","width":864,"height":486},{"@type":"BreadcrumbList","@id":"https:\/\/lasentinelle.dz\/index.php\/2024\/05\/02\/la-revolte-des-campus\/#breadcrumb","itemListElement":[{"@type":"ListItem","position":1,"name":"Accueil","item":"https:\/\/lasentinelle.dz\/"},{"@type":"ListItem","position":2,"name":"La r\u00e9volte des campus"}]},{"@type":"WebSite","@id":"https:\/\/lasentinelle.dz\/#website","url":"https:\/\/lasentinelle.dz\/","name":"La Sentinelle","description":"Quotidien national d&#039;information","publisher":{"@id":"https:\/\/lasentinelle.dz\/#organization"},"potentialAction":[{"@type":"SearchAction","target":{"@type":"EntryPoint","urlTemplate":"https:\/\/lasentinelle.dz\/?s={search_term_string}"},"query-input":{"@type":"PropertyValueSpecification","valueRequired":true,"valueName":"search_term_string"}}],"inLanguage":"fr-FR"},{"@type":"Organization","@id":"https:\/\/lasentinelle.dz\/#organization","name":"Quotidien La Sentinelle","url":"https:\/\/lasentinelle.dz\/","logo":{"@type":"ImageObject","inLanguage":"fr-FR","@id":"https:\/\/lasentinelle.dz\/#\/schema\/logo\/image\/","url":"https:\/\/lasentinelle.dz\/wp-content\/uploads\/2021\/09\/logo-sentinelleSLOGAN-1.png","contentUrl":"https:\/\/lasentinelle.dz\/wp-content\/uploads\/2021\/09\/logo-sentinelleSLOGAN-1.png","width":615,"height":142,"caption":"Quotidien La Sentinelle"},"image":{"@id":"https:\/\/lasentinelle.dz\/#\/schema\/logo\/image\/"},"sameAs":["https:\/\/www.facebook.com\/La-Sentinelle-104059864394773"]},{"@type":"Person","@id":"https:\/\/lasentinelle.dz\/#\/schema\/person\/d865044e22e70a75174ce8bcad3acfb3","name":"La Sentinelle","image":{"@type":"ImageObject","inLanguage":"fr-FR","@id":"https:\/\/secure.gravatar.com\/avatar\/57de8e5d4b15d43fb361a71fbb36338450fe67865b528a43dd10ef7c51a20392?s=96&d=mm&r=g","url":"https:\/\/secure.gravatar.com\/avatar\/57de8e5d4b15d43fb361a71fbb36338450fe67865b528a43dd10ef7c51a20392?s=96&d=mm&r=g","contentUrl":"https:\/\/secure.gravatar.com\/avatar\/57de8e5d4b15d43fb361a71fbb36338450fe67865b528a43dd10ef7c51a20392?s=96&d=mm&r=g","caption":"La Sentinelle"},"sameAs":["http:\/\/www.lasentinelle.dz"],"url":"https:\/\/lasentinelle.dz\/author\/redaction\/"}]}},"_links":{"self":[{"href":"https:\/\/lasentinelle.dz\/index.php\/wp-json\/wp\/v2\/posts\/51904","targetHints":{"allow":["GET"]}}],"collection":[{"href":"https:\/\/lasentinelle.dz\/index.php\/wp-json\/wp\/v2\/posts"}],"about":[{"href":"https:\/\/lasentinelle.dz\/index.php\/wp-json\/wp\/v2\/types\/post"}],"author":[{"embeddable":true,"href":"https:\/\/lasentinelle.dz\/index.php\/wp-json\/wp\/v2\/users\/3"}],"replies":[{"embeddable":true,"href":"https:\/\/lasentinelle.dz\/index.php\/wp-json\/wp\/v2\/comments?post=51904"}],"version-history":[{"count":1,"href":"https:\/\/lasentinelle.dz\/index.php\/wp-json\/wp\/v2\/posts\/51904\/revisions"}],"predecessor-version":[{"id":51906,"href":"https:\/\/lasentinelle.dz\/index.php\/wp-json\/wp\/v2\/posts\/51904\/revisions\/51906"}],"wp:featuredmedia":[{"embeddable":true,"href":"https:\/\/lasentinelle.dz\/index.php\/wp-json\/wp\/v2\/media\/51905"}],"wp:attachment":[{"href":"https:\/\/lasentinelle.dz\/index.php\/wp-json\/wp\/v2\/media?parent=51904"}],"wp:term":[{"taxonomy":"category","embeddable":true,"href":"https:\/\/lasentinelle.dz\/index.php\/wp-json\/wp\/v2\/categories?post=51904"},{"taxonomy":"post_tag","embeddable":true,"href":"https:\/\/lasentinelle.dz\/index.php\/wp-json\/wp\/v2\/tags?post=51904"}],"curies":[{"name":"wp","href":"https:\/\/api.w.org\/{rel}","templated":true}]}}