{"id":51950,"date":"2024-05-03T21:08:04","date_gmt":"2024-05-03T20:08:04","guid":{"rendered":"https:\/\/lasentinelle.dz\/?p=51950"},"modified":"2024-05-03T21:08:07","modified_gmt":"2024-05-03T20:08:07","slug":"medias-laagab-inaugure-plusieurs-structures","status":"publish","type":"post","link":"https:\/\/lasentinelle.dz\/index.php\/2024\/05\/03\/medias-laagab-inaugure-plusieurs-structures\/","title":{"rendered":"M\u00e9dias\u00a0: Laagab inaugure plusieurs structures"},"content":{"rendered":"\n<p>Le ministre de la Communication, Mohamed Laagab, a inaugur\u00e9 et baptis\u00e9 hier plusieurs structures relevant du secteur des m\u00e9dias \u00e0 l\u2019occasion de la c\u00e9l\u00e9bration du 3 mai, journ\u00e9e internationale de la libert\u00e9 de la presse. Apr\u00e8s avoir d\u00e9pos\u00e9 une gerbe de fleurs devant la st\u00e8le comm\u00e9morative des martyrs de la profession \u00e0 la place de la libert\u00e9 de la presse, le ministre a inaugur\u00e9, \u00e0 la maison de la presse \u00ab\u00a0Tahar-djaout\u00a0\u00bb, du si\u00e8ge de l&rsquo;Organisation nationale des journalistes alg\u00e9riens, affirmant qu&rsquo;il \u00e9tait normal que la famille m\u00e9diatique s&rsquo;organise via de pareils syndicats professionnels\u00a0\u00bb, souhaitant que cette \u00ab\u00a0nouvelle structure puisse jouer un r\u00f4le positif dans l&rsquo;encadrement du travail m\u00e9diatique en Alg\u00e9rie\u00a0\u00bb. Au stade \u00ab\u00a0Nelson Mandela\u00a0\u00bb \u00e0 Baraki, le ministre a baptis\u00e9 la salle de conf\u00e9rence du nom du d\u00e9funt commentateur sportif Mohamed Sellah. M. Laagab a, en outre, baptis\u00e9 la salle de conf\u00e9rences du Complexe olympique du 5 juillet \u00ab\u00a0Mohamed Boudiaf\u00a0\u00bb du nom du champion d&rsquo;athl\u00e9tisme et journaliste, feu Abdelkader Hammani, qui lan\u00e7a le service sport \u00e0 la T\u00e9l\u00e9vision alg\u00e9rienne (1965-1966), et avait form\u00e9 toute une g\u00e9n\u00e9ration de journalistes. Dans une d\u00e9claration \u00e0 la presse, le ministre de la Communication a affirm\u00e9 que la d\u00e9marche consistant \u00e0 baptiser les diff\u00e9rentes infrastructures sportives au sein des stades de la R\u00e9publique de noms de journalistes alg\u00e9riens \u00ab\u00a0se poursuivra \u00e0 travers les diff\u00e9rentes wilayas du pays\u00a0\u00bb. Au terme de sa visite, M. Laagab a pr\u00e9sid\u00e9 l&rsquo;inauguration officielle de la station terrestre de diffusion par satellite d\u00e9di\u00e9e \u00e0 la domiciliation des cha\u00eenes priv\u00e9es au centre de la T\u00e9l\u00e9diffusion d&rsquo;Alg\u00e9rie (TDA) \u00e0 Bouchaoui (Alger Ouest), apr\u00e8s avoir inspect\u00e9 diverses structures sur place, \u00e0 l&rsquo;instar des salles de contr\u00f4le, de r\u00e9ception et de diffusion, o\u00f9 le ministre a souhait\u00e9 \u00ab\u00a0progr\u00e8s et prosp\u00e9rit\u00e9\u00a0\u00bb \u00e0 tous les m\u00e9dias, notamment audiovisuels. Le Centre t\u00e9l\u00e9port de Bouchaoui \u00ab\u00a0Abdelmalek Houyou\u00a0\u00bb a \u00e9t\u00e9 dot\u00e9 d&rsquo;une nouvelle station terrestre de diffusion par satellite d\u00e9di\u00e9e \u00e0 la domiciliation des cha\u00eenes de t\u00e9l\u00e9vision. La TDA, rappelle-t-on, avait sign\u00e9 des contrats avec des cha\u00eenes de t\u00e9l\u00e9vision priv\u00e9es en application des d\u00e9cisions des autorit\u00e9s sup\u00e9rieures du pays portant domiciliation des cha\u00eenes \u00e0 contenu alg\u00e9rien, et de l&rsquo;affilier au droit alg\u00e9rien \u00e0 100%.<\/p>\n\n\n\n<p>R.N.<\/p>\n","protected":false},"excerpt":{"rendered":"<p>Le ministre de la Communication, Mohamed Laagab, a inaugur\u00e9 et baptis\u00e9 hier plusieurs structures relevant du secteur des m\u00e9dias \u00e0<\/p>\n","protected":false},"author":3,"featured_media":45210,"comment_status":"open","ping_status":"closed","sticky":false,"template":"","format":"standard","meta":{"colormag_page_container_layout":"default_layout","colormag_page_sidebar_layout":"default_layout","om_disable_all_campaigns":false,"_monsterinsights_skip_tracking":false,"_monsterinsights_sitenote_active":false,"_monsterinsights_sitenote_note":"","_monsterinsights_sitenote_category":0,"footnotes":"","_wpscppro_dont_share_socialmedia":false,"_wpscppro_custom_social_share_image":0,"_facebook_share_type":"default","_twitter_share_type":"default","_linkedin_share_type":"default","_pinterest_share_type":"default","_linkedin_share_type_page":"","_instagram_share_type":"default","_medium_share_type":"","_threads_share_type":"","_google_business_share_type":"","_selected_social_profile":[],"_wpsp_enable_custom_social_template":false,"_wpsp_social_scheduling":{"enabled":false,"datetime":null,"platforms":[],"status":"template_only","dateOption":"today","timeOption":"now","customDays":"","customHours":"","customDate":"","customTime":"","schedulingType":"absolute"},"_wpsp_active_default_template":true},"categories":[27],"tags":[],"class_list":["post-51950","post","type-post","status-publish","format-standard","has-post-thumbnail","hentry","category-actualite"],"aioseo_notices":[],"yoast_head":"<!-- This site is optimized with the Yoast SEO plugin v27.5 - https:\/\/yoast.com\/product\/yoast-seo-wordpress\/ -->\n<title>M\u00e9dias\u00a0: Laagab inaugure plusieurs structures - La Sentinelle<\/title>\n<meta name=\"robots\" content=\"index, follow, max-snippet:-1, max-image-preview:large, max-video-preview:-1\" \/>\n<link rel=\"canonical\" href=\"https:\/\/lasentinelle.dz\/index.php\/2024\/05\/03\/medias-laagab-inaugure-plusieurs-structures\/\" \/>\n<meta property=\"og:locale\" content=\"fr_FR\" \/>\n<meta property=\"og:type\" content=\"article\" \/>\n<meta property=\"og:title\" content=\"M\u00e9dias\u00a0: Laagab inaugure plusieurs structures - La Sentinelle\" \/>\n<meta property=\"og:description\" content=\"Le ministre de la Communication, Mohamed Laagab, a inaugur\u00e9 et baptis\u00e9 hier plusieurs structures relevant du secteur des m\u00e9dias \u00e0\" \/>\n<meta property=\"og:url\" content=\"https:\/\/lasentinelle.dz\/index.php\/2024\/05\/03\/medias-laagab-inaugure-plusieurs-structures\/\" \/>\n<meta property=\"og:site_name\" content=\"La Sentinelle\" \/>\n<meta property=\"article:publisher\" content=\"https:\/\/www.facebook.com\/La-Sentinelle-104059864394773\" \/>\n<meta property=\"article:published_time\" content=\"2024-05-03T20:08:04+00:00\" \/>\n<meta property=\"article:modified_time\" content=\"2024-05-03T20:08:07+00:00\" \/>\n<meta property=\"og:image\" content=\"https:\/\/lasentinelle.dz\/wp-content\/uploads\/2023\/09\/laagab.jpeg\" \/>\n\t<meta property=\"og:image:width\" content=\"580\" \/>\n\t<meta property=\"og:image:height\" content=\"330\" \/>\n\t<meta property=\"og:image:type\" content=\"image\/jpeg\" \/>\n<meta name=\"author\" content=\"La Sentinelle\" \/>\n<meta name=\"twitter:card\" content=\"summary_large_image\" \/>\n<meta name=\"twitter:label1\" content=\"\u00c9crit par\" \/>\n\t<meta name=\"twitter:data1\" content=\"La Sentinelle\" \/>\n\t<meta name=\"twitter:label2\" content=\"Dur\u00e9e de lecture estim\u00e9e\" \/>\n\t<meta name=\"twitter:data2\" content=\"3 minutes\" \/>\n<script type=\"application\/ld+json\" class=\"yoast-schema-graph\">{\"@context\":\"https:\\\/\\\/schema.org\",\"@graph\":[{\"@type\":\"Article\",\"@id\":\"https:\\\/\\\/lasentinelle.dz\\\/index.php\\\/2024\\\/05\\\/03\\\/medias-laagab-inaugure-plusieurs-structures\\\/#article\",\"isPartOf\":{\"@id\":\"https:\\\/\\\/lasentinelle.dz\\\/index.php\\\/2024\\\/05\\\/03\\\/medias-laagab-inaugure-plusieurs-structures\\\/\"},\"author\":{\"name\":\"La Sentinelle\",\"@id\":\"https:\\\/\\\/lasentinelle.dz\\\/#\\\/schema\\\/person\\\/d865044e22e70a75174ce8bcad3acfb3\"},\"headline\":\"M\u00e9dias\u00a0: Laagab inaugure plusieurs structures\",\"datePublished\":\"2024-05-03T20:08:04+00:00\",\"dateModified\":\"2024-05-03T20:08:07+00:00\",\"mainEntityOfPage\":{\"@id\":\"https:\\\/\\\/lasentinelle.dz\\\/index.php\\\/2024\\\/05\\\/03\\\/medias-laagab-inaugure-plusieurs-structures\\\/\"},\"wordCount\":416,\"commentCount\":0,\"publisher\":{\"@id\":\"https:\\\/\\\/lasentinelle.dz\\\/#organization\"},\"image\":{\"@id\":\"https:\\\/\\\/lasentinelle.dz\\\/index.php\\\/2024\\\/05\\\/03\\\/medias-laagab-inaugure-plusieurs-structures\\\/#primaryimage\"},\"thumbnailUrl\":\"https:\\\/\\\/lasentinelle.dz\\\/wp-content\\\/uploads\\\/2023\\\/09\\\/laagab.jpeg\",\"articleSection\":[\"Actualit\u00e9\"],\"inLanguage\":\"fr-FR\",\"potentialAction\":[{\"@type\":\"CommentAction\",\"name\":\"Comment\",\"target\":[\"https:\\\/\\\/lasentinelle.dz\\\/index.php\\\/2024\\\/05\\\/03\\\/medias-laagab-inaugure-plusieurs-structures\\\/#respond\"]}]},{\"@type\":\"WebPage\",\"@id\":\"https:\\\/\\\/lasentinelle.dz\\\/index.php\\\/2024\\\/05\\\/03\\\/medias-laagab-inaugure-plusieurs-structures\\\/\",\"url\":\"https:\\\/\\\/lasentinelle.dz\\\/index.php\\\/2024\\\/05\\\/03\\\/medias-laagab-inaugure-plusieurs-structures\\\/\",\"name\":\"M\u00e9dias\u00a0: Laagab inaugure plusieurs structures - La Sentinelle\",\"isPartOf\":{\"@id\":\"https:\\\/\\\/lasentinelle.dz\\\/#website\"},\"primaryImageOfPage\":{\"@id\":\"https:\\\/\\\/lasentinelle.dz\\\/index.php\\\/2024\\\/05\\\/03\\\/medias-laagab-inaugure-plusieurs-structures\\\/#primaryimage\"},\"image\":{\"@id\":\"https:\\\/\\\/lasentinelle.dz\\\/index.php\\\/2024\\\/05\\\/03\\\/medias-laagab-inaugure-plusieurs-structures\\\/#primaryimage\"},\"thumbnailUrl\":\"https:\\\/\\\/lasentinelle.dz\\\/wp-content\\\/uploads\\\/2023\\\/09\\\/laagab.jpeg\",\"datePublished\":\"2024-05-03T20:08:04+00:00\",\"dateModified\":\"2024-05-03T20:08:07+00:00\",\"breadcrumb\":{\"@id\":\"https:\\\/\\\/lasentinelle.dz\\\/index.php\\\/2024\\\/05\\\/03\\\/medias-laagab-inaugure-plusieurs-structures\\\/#breadcrumb\"},\"inLanguage\":\"fr-FR\",\"potentialAction\":[{\"@type\":\"ReadAction\",\"target\":[\"https:\\\/\\\/lasentinelle.dz\\\/index.php\\\/2024\\\/05\\\/03\\\/medias-laagab-inaugure-plusieurs-structures\\\/\"]}]},{\"@type\":\"ImageObject\",\"inLanguage\":\"fr-FR\",\"@id\":\"https:\\\/\\\/lasentinelle.dz\\\/index.php\\\/2024\\\/05\\\/03\\\/medias-laagab-inaugure-plusieurs-structures\\\/#primaryimage\",\"url\":\"https:\\\/\\\/lasentinelle.dz\\\/wp-content\\\/uploads\\\/2023\\\/09\\\/laagab.jpeg\",\"contentUrl\":\"https:\\\/\\\/lasentinelle.dz\\\/wp-content\\\/uploads\\\/2023\\\/09\\\/laagab.jpeg\",\"width\":580,\"height\":330},{\"@type\":\"BreadcrumbList\",\"@id\":\"https:\\\/\\\/lasentinelle.dz\\\/index.php\\\/2024\\\/05\\\/03\\\/medias-laagab-inaugure-plusieurs-structures\\\/#breadcrumb\",\"itemListElement\":[{\"@type\":\"ListItem\",\"position\":1,\"name\":\"Accueil\",\"item\":\"https:\\\/\\\/lasentinelle.dz\\\/\"},{\"@type\":\"ListItem\",\"position\":2,\"name\":\"M\u00e9dias\u00a0: Laagab inaugure plusieurs structures\"}]},{\"@type\":\"WebSite\",\"@id\":\"https:\\\/\\\/lasentinelle.dz\\\/#website\",\"url\":\"https:\\\/\\\/lasentinelle.dz\\\/\",\"name\":\"La Sentinelle\",\"description\":\"Quotidien national d&#039;information\",\"publisher\":{\"@id\":\"https:\\\/\\\/lasentinelle.dz\\\/#organization\"},\"potentialAction\":[{\"@type\":\"SearchAction\",\"target\":{\"@type\":\"EntryPoint\",\"urlTemplate\":\"https:\\\/\\\/lasentinelle.dz\\\/?s={search_term_string}\"},\"query-input\":{\"@type\":\"PropertyValueSpecification\",\"valueRequired\":true,\"valueName\":\"search_term_string\"}}],\"inLanguage\":\"fr-FR\"},{\"@type\":\"Organization\",\"@id\":\"https:\\\/\\\/lasentinelle.dz\\\/#organization\",\"name\":\"Quotidien La Sentinelle\",\"url\":\"https:\\\/\\\/lasentinelle.dz\\\/\",\"logo\":{\"@type\":\"ImageObject\",\"inLanguage\":\"fr-FR\",\"@id\":\"https:\\\/\\\/lasentinelle.dz\\\/#\\\/schema\\\/logo\\\/image\\\/\",\"url\":\"https:\\\/\\\/lasentinelle.dz\\\/wp-content\\\/uploads\\\/2021\\\/09\\\/logo-sentinelleSLOGAN-1.png\",\"contentUrl\":\"https:\\\/\\\/lasentinelle.dz\\\/wp-content\\\/uploads\\\/2021\\\/09\\\/logo-sentinelleSLOGAN-1.png\",\"width\":615,\"height\":142,\"caption\":\"Quotidien La Sentinelle\"},\"image\":{\"@id\":\"https:\\\/\\\/lasentinelle.dz\\\/#\\\/schema\\\/logo\\\/image\\\/\"},\"sameAs\":[\"https:\\\/\\\/www.facebook.com\\\/La-Sentinelle-104059864394773\"]},{\"@type\":\"Person\",\"@id\":\"https:\\\/\\\/lasentinelle.dz\\\/#\\\/schema\\\/person\\\/d865044e22e70a75174ce8bcad3acfb3\",\"name\":\"La Sentinelle\",\"image\":{\"@type\":\"ImageObject\",\"inLanguage\":\"fr-FR\",\"@id\":\"https:\\\/\\\/secure.gravatar.com\\\/avatar\\\/57de8e5d4b15d43fb361a71fbb36338450fe67865b528a43dd10ef7c51a20392?s=96&d=mm&r=g\",\"url\":\"https:\\\/\\\/secure.gravatar.com\\\/avatar\\\/57de8e5d4b15d43fb361a71fbb36338450fe67865b528a43dd10ef7c51a20392?s=96&d=mm&r=g\",\"contentUrl\":\"https:\\\/\\\/secure.gravatar.com\\\/avatar\\\/57de8e5d4b15d43fb361a71fbb36338450fe67865b528a43dd10ef7c51a20392?s=96&d=mm&r=g\",\"caption\":\"La Sentinelle\"},\"sameAs\":[\"http:\\\/\\\/www.lasentinelle.dz\"],\"url\":\"https:\\\/\\\/lasentinelle.dz\\\/author\\\/redaction\\\/\"}]}<\/script>\n<!-- \/ Yoast SEO plugin. -->","yoast_head_json":{"title":"M\u00e9dias\u00a0: Laagab inaugure plusieurs structures - La Sentinelle","robots":{"index":"index","follow":"follow","max-snippet":"max-snippet:-1","max-image-preview":"max-image-preview:large","max-video-preview":"max-video-preview:-1"},"canonical":"https:\/\/lasentinelle.dz\/index.php\/2024\/05\/03\/medias-laagab-inaugure-plusieurs-structures\/","og_locale":"fr_FR","og_type":"article","og_title":"M\u00e9dias\u00a0: Laagab inaugure plusieurs structures - La Sentinelle","og_description":"Le ministre de la Communication, Mohamed Laagab, a inaugur\u00e9 et baptis\u00e9 hier plusieurs structures relevant du secteur des m\u00e9dias \u00e0","og_url":"https:\/\/lasentinelle.dz\/index.php\/2024\/05\/03\/medias-laagab-inaugure-plusieurs-structures\/","og_site_name":"La Sentinelle","article_publisher":"https:\/\/www.facebook.com\/La-Sentinelle-104059864394773","article_published_time":"2024-05-03T20:08:04+00:00","article_modified_time":"2024-05-03T20:08:07+00:00","og_image":[{"width":580,"height":330,"url":"https:\/\/lasentinelle.dz\/wp-content\/uploads\/2023\/09\/laagab.jpeg","type":"image\/jpeg"}],"author":"La Sentinelle","twitter_card":"summary_large_image","twitter_misc":{"\u00c9crit par":"La Sentinelle","Dur\u00e9e de lecture estim\u00e9e":"3 minutes"},"schema":{"@context":"https:\/\/schema.org","@graph":[{"@type":"Article","@id":"https:\/\/lasentinelle.dz\/index.php\/2024\/05\/03\/medias-laagab-inaugure-plusieurs-structures\/#article","isPartOf":{"@id":"https:\/\/lasentinelle.dz\/index.php\/2024\/05\/03\/medias-laagab-inaugure-plusieurs-structures\/"},"author":{"name":"La Sentinelle","@id":"https:\/\/lasentinelle.dz\/#\/schema\/person\/d865044e22e70a75174ce8bcad3acfb3"},"headline":"M\u00e9dias\u00a0: Laagab inaugure plusieurs structures","datePublished":"2024-05-03T20:08:04+00:00","dateModified":"2024-05-03T20:08:07+00:00","mainEntityOfPage":{"@id":"https:\/\/lasentinelle.dz\/index.php\/2024\/05\/03\/medias-laagab-inaugure-plusieurs-structures\/"},"wordCount":416,"commentCount":0,"publisher":{"@id":"https:\/\/lasentinelle.dz\/#organization"},"image":{"@id":"https:\/\/lasentinelle.dz\/index.php\/2024\/05\/03\/medias-laagab-inaugure-plusieurs-structures\/#primaryimage"},"thumbnailUrl":"https:\/\/lasentinelle.dz\/wp-content\/uploads\/2023\/09\/laagab.jpeg","articleSection":["Actualit\u00e9"],"inLanguage":"fr-FR","potentialAction":[{"@type":"CommentAction","name":"Comment","target":["https:\/\/lasentinelle.dz\/index.php\/2024\/05\/03\/medias-laagab-inaugure-plusieurs-structures\/#respond"]}]},{"@type":"WebPage","@id":"https:\/\/lasentinelle.dz\/index.php\/2024\/05\/03\/medias-laagab-inaugure-plusieurs-structures\/","url":"https:\/\/lasentinelle.dz\/index.php\/2024\/05\/03\/medias-laagab-inaugure-plusieurs-structures\/","name":"M\u00e9dias\u00a0: Laagab inaugure plusieurs structures - La Sentinelle","isPartOf":{"@id":"https:\/\/lasentinelle.dz\/#website"},"primaryImageOfPage":{"@id":"https:\/\/lasentinelle.dz\/index.php\/2024\/05\/03\/medias-laagab-inaugure-plusieurs-structures\/#primaryimage"},"image":{"@id":"https:\/\/lasentinelle.dz\/index.php\/2024\/05\/03\/medias-laagab-inaugure-plusieurs-structures\/#primaryimage"},"thumbnailUrl":"https:\/\/lasentinelle.dz\/wp-content\/uploads\/2023\/09\/laagab.jpeg","datePublished":"2024-05-03T20:08:04+00:00","dateModified":"2024-05-03T20:08:07+00:00","breadcrumb":{"@id":"https:\/\/lasentinelle.dz\/index.php\/2024\/05\/03\/medias-laagab-inaugure-plusieurs-structures\/#breadcrumb"},"inLanguage":"fr-FR","potentialAction":[{"@type":"ReadAction","target":["https:\/\/lasentinelle.dz\/index.php\/2024\/05\/03\/medias-laagab-inaugure-plusieurs-structures\/"]}]},{"@type":"ImageObject","inLanguage":"fr-FR","@id":"https:\/\/lasentinelle.dz\/index.php\/2024\/05\/03\/medias-laagab-inaugure-plusieurs-structures\/#primaryimage","url":"https:\/\/lasentinelle.dz\/wp-content\/uploads\/2023\/09\/laagab.jpeg","contentUrl":"https:\/\/lasentinelle.dz\/wp-content\/uploads\/2023\/09\/laagab.jpeg","width":580,"height":330},{"@type":"BreadcrumbList","@id":"https:\/\/lasentinelle.dz\/index.php\/2024\/05\/03\/medias-laagab-inaugure-plusieurs-structures\/#breadcrumb","itemListElement":[{"@type":"ListItem","position":1,"name":"Accueil","item":"https:\/\/lasentinelle.dz\/"},{"@type":"ListItem","position":2,"name":"M\u00e9dias\u00a0: Laagab inaugure plusieurs structures"}]},{"@type":"WebSite","@id":"https:\/\/lasentinelle.dz\/#website","url":"https:\/\/lasentinelle.dz\/","name":"La Sentinelle","description":"Quotidien national d&#039;information","publisher":{"@id":"https:\/\/lasentinelle.dz\/#organization"},"potentialAction":[{"@type":"SearchAction","target":{"@type":"EntryPoint","urlTemplate":"https:\/\/lasentinelle.dz\/?s={search_term_string}"},"query-input":{"@type":"PropertyValueSpecification","valueRequired":true,"valueName":"search_term_string"}}],"inLanguage":"fr-FR"},{"@type":"Organization","@id":"https:\/\/lasentinelle.dz\/#organization","name":"Quotidien La Sentinelle","url":"https:\/\/lasentinelle.dz\/","logo":{"@type":"ImageObject","inLanguage":"fr-FR","@id":"https:\/\/lasentinelle.dz\/#\/schema\/logo\/image\/","url":"https:\/\/lasentinelle.dz\/wp-content\/uploads\/2021\/09\/logo-sentinelleSLOGAN-1.png","contentUrl":"https:\/\/lasentinelle.dz\/wp-content\/uploads\/2021\/09\/logo-sentinelleSLOGAN-1.png","width":615,"height":142,"caption":"Quotidien La Sentinelle"},"image":{"@id":"https:\/\/lasentinelle.dz\/#\/schema\/logo\/image\/"},"sameAs":["https:\/\/www.facebook.com\/La-Sentinelle-104059864394773"]},{"@type":"Person","@id":"https:\/\/lasentinelle.dz\/#\/schema\/person\/d865044e22e70a75174ce8bcad3acfb3","name":"La Sentinelle","image":{"@type":"ImageObject","inLanguage":"fr-FR","@id":"https:\/\/secure.gravatar.com\/avatar\/57de8e5d4b15d43fb361a71fbb36338450fe67865b528a43dd10ef7c51a20392?s=96&d=mm&r=g","url":"https:\/\/secure.gravatar.com\/avatar\/57de8e5d4b15d43fb361a71fbb36338450fe67865b528a43dd10ef7c51a20392?s=96&d=mm&r=g","contentUrl":"https:\/\/secure.gravatar.com\/avatar\/57de8e5d4b15d43fb361a71fbb36338450fe67865b528a43dd10ef7c51a20392?s=96&d=mm&r=g","caption":"La Sentinelle"},"sameAs":["http:\/\/www.lasentinelle.dz"],"url":"https:\/\/lasentinelle.dz\/author\/redaction\/"}]}},"_links":{"self":[{"href":"https:\/\/lasentinelle.dz\/index.php\/wp-json\/wp\/v2\/posts\/51950","targetHints":{"allow":["GET"]}}],"collection":[{"href":"https:\/\/lasentinelle.dz\/index.php\/wp-json\/wp\/v2\/posts"}],"about":[{"href":"https:\/\/lasentinelle.dz\/index.php\/wp-json\/wp\/v2\/types\/post"}],"author":[{"embeddable":true,"href":"https:\/\/lasentinelle.dz\/index.php\/wp-json\/wp\/v2\/users\/3"}],"replies":[{"embeddable":true,"href":"https:\/\/lasentinelle.dz\/index.php\/wp-json\/wp\/v2\/comments?post=51950"}],"version-history":[{"count":1,"href":"https:\/\/lasentinelle.dz\/index.php\/wp-json\/wp\/v2\/posts\/51950\/revisions"}],"predecessor-version":[{"id":51951,"href":"https:\/\/lasentinelle.dz\/index.php\/wp-json\/wp\/v2\/posts\/51950\/revisions\/51951"}],"wp:featuredmedia":[{"embeddable":true,"href":"https:\/\/lasentinelle.dz\/index.php\/wp-json\/wp\/v2\/media\/45210"}],"wp:attachment":[{"href":"https:\/\/lasentinelle.dz\/index.php\/wp-json\/wp\/v2\/media?parent=51950"}],"wp:term":[{"taxonomy":"category","embeddable":true,"href":"https:\/\/lasentinelle.dz\/index.php\/wp-json\/wp\/v2\/categories?post=51950"},{"taxonomy":"post_tag","embeddable":true,"href":"https:\/\/lasentinelle.dz\/index.php\/wp-json\/wp\/v2\/tags?post=51950"}],"curies":[{"name":"wp","href":"https:\/\/api.w.org\/{rel}","templated":true}]}}