{"id":51955,"date":"2024-05-03T21:10:24","date_gmt":"2024-05-03T20:10:24","guid":{"rendered":"https:\/\/lasentinelle.dz\/?p=51955"},"modified":"2024-05-03T21:10:28","modified_gmt":"2024-05-03T20:10:28","slug":"mission-algerienne-a-lonu-il-est-grand-temps-de-lever-linjustice-historique-infligee-au-peuple-palestinien","status":"publish","type":"post","link":"https:\/\/lasentinelle.dz\/index.php\/2024\/05\/03\/mission-algerienne-a-lonu-il-est-grand-temps-de-lever-linjustice-historique-infligee-au-peuple-palestinien\/","title":{"rendered":"Mission alg\u00e9rienne \u00e0 l\u2019ONU\u00a0: Il est grand temps de lever l&rsquo;injustice historique inflig\u00e9e au peuple palestinien"},"content":{"rendered":"\n<p>La Mission permanente de l&rsquo;Alg\u00e9rie aupr\u00e8s des Nations Unies a affirm\u00e9 lors d&rsquo;une r\u00e9union de l\u2019AG de l\u2019ONU consacr\u00e9e \u00e0 l&rsquo;examen de l&rsquo;utilisation du veto par les Etats-Unis d&rsquo;Am\u00e9rique au Conseil de s\u00e9curit\u00e9 contre le projet de r\u00e9solution pr\u00e9sent\u00e9 par l&rsquo;Alg\u00e9rie qui recommandait l&rsquo;admission de la Palestine en qualit\u00e9 de membre \u00e0 part enti\u00e8re de l&rsquo;ONU, qu&rsquo;il \u00e9tait grand temps de lever l&rsquo;injustice historique inflig\u00e9e au peuple palestinien. Le diplomate alg\u00e9rien Ahmed Sahraoui, a soulign\u00e9, lors de la s\u00e9ance de mercredi, que cette demande d&rsquo;adh\u00e9sion \u00e0 l&rsquo;ONU est l&rsquo;expression du droit inali\u00e9nable des Palestiniens \u00e0 l&rsquo;autod\u00e9termination, a-t-il soutenu, faisant remarquer que la Palestine remplissait toutes les conditions pour devenir membre de plein droit. L&rsquo;adh\u00e9sion pleine et enti\u00e8re de la Palestine \u00e0 l&rsquo;ONU constitue un pas vers la r\u00e9alisation de la paix juste et durable au Moyen-Orient, permettant de pr\u00e9server l&rsquo;Etat palestinien, reconnu par toutes les r\u00e9solutions onusiennes et qui fait l&rsquo;unanimit\u00e9 au sein de la communaut\u00e9 internationale, a ajout\u00e9 M. Sahraoui. \u00ab\u00a0Aujourd&rsquo;hui plus que jamais, l&rsquo;Etat palestinien est menac\u00e9 dans son existence face \u00e0 une autorit\u00e9 occupante qui fait fi des d\u00e9cisions de la l\u00e9galit\u00e9 internationale et nie les droits du peuple palestinien\u00a0\u00bb, a-t-il pr\u00e9venu. Il a, dans ce cadre, \u00e9voqu\u00e9 la colonisation et l&rsquo;annexion des territoires palestiniens en Cisjordanie, qui ont atteint des niveaux sans pr\u00e9c\u00e9dent, le d\u00e9placement des habitants d&rsquo;El-Qods et la profanation et la juda\u00efsation de ses lieux saints, qui s&rsquo;ajoutent \u00e0 la situation indicible et insoutenable \u00e0 Ghaza, avec la menace d&rsquo;une incursion de l&rsquo;occupant \u00e0 Rafah, qui serait lourde de cons\u00e9quences pour la s\u00e9curit\u00e9 et la paix internationales. \u00ab\u00a0Que faut-il pour que la communaut\u00e9 internationale agisse s\u00e9rieusement pour mettre fin \u00e0 l&rsquo;occupation et r\u00e9aliser les revendications des Palestiniens, propri\u00e9taires l\u00e9gitimes de la terre\u00a0\u00bb, s&rsquo;est interrog\u00e9 le diplomate alg\u00e9rien, pr\u00e9cisant qu'\u00a0\u00bbil s&rsquo;agit de l&rsquo;unique solution durable aux crises au Moyen-Orient\u00a0\u00bb. \u00ab\u00a0La cr\u00e9dibilit\u00e9 de l&rsquo;Organisation des Nations Unies et de l&rsquo;ordre international est mise \u00e0 l&rsquo;\u00e9preuve au regard des violations flagrantes dont nous sommes t\u00e9moins quotidiennement dans les territoires palestiniens occup\u00e9s, alors que de plus en plus de voix d\u00e9noncent la politique de deux poids deux mesures et l&rsquo;impunit\u00e9 persistante dont jouit l&rsquo;occupation\u00a0\u00bb, a-t-il estim\u00e9, assurant que \u00ab\u00a0notre mobilisation et l&rsquo;admission de la Palestine de plein droit \u00e0 l&rsquo;ONU sont d\u00e9sormais une n\u00e9cessit\u00e9 imp\u00e9rieuse pour prot\u00e9ger l&rsquo;ordre international, qui risque de se d\u00e9liter face \u00e0 la trag\u00e9die de Ghaza\u00a0\u00bb. \u00ab\u00a0L&rsquo;Alg\u00e9rie demeure convaincue que la cr\u00e9ation de l&rsquo;Etat palestinien est une condition sine qua non pour la stabilit\u00e9 dans la r\u00e9gion arabe, qui ne conna\u00eetra pas de r\u00e9pit tant que l&rsquo;occupation se poursuivra\u00a0\u00bb, a-t-il soutenu.<\/p>\n\n\n\n<p>R.N.<\/p>\n\n\n\n<p><strong>A\u00e9roport de Boufarik<\/strong><\/p>\n\n\n\n<p><strong>Rapatriement \u00e0 partir du Caire d&rsquo;enfants palestiniens bless\u00e9s<\/strong><\/p>\n\n\n\n<p>Des enfants palestiniens bless\u00e9s ont \u00e9t\u00e9 rapatri\u00e9s, jeudi soir, avec leurs accompagnateurs \u00e0 partir de l\u2019A\u00e9roport international du Caire (Egypte), \u00e0 destination de la base a\u00e9rienne de Boufarik (Blida), dans la 1\u00e8re r\u00e9gion militaire, et ce en application de la d\u00e9cision du pr\u00e9sident de la R\u00e9publique, M. Abdelmadjid Tebboune, chef supr\u00eame des forces arm\u00e9es, ministre de la D\u00e9fense nationale, portant prise en charge des enfants palestiniens bless\u00e9s, victimes de l&rsquo;agression barbare contre la bande de Ghaza. Pour cette op\u00e9ration, deuxi\u00e8me du genre apr\u00e8s celle du 28 mars 2024, le haut Commandement de l&rsquo;Arm\u00e9e nationale populaire (ANP) a mobilis\u00e9 deux avions sanitaires relevant des forces a\u00e9riennes alg\u00e9riennes, sous la supervision d&rsquo;un staff m\u00e9dical sp\u00e9cialis\u00e9 relevant des services de Sant\u00e9 militaire. Ces enfants seront totalement pris en charge au niveau des h\u00f4pitaux militaires, ainsi que leurs accompagnateurs qui seront accueillis au niveau des cercles militaires de l&rsquo;ANP, ce qui traduit l&rsquo;engagement et la solidarit\u00e9 inconditionnelle de l&rsquo;Alg\u00e9rie, dirigeants et peuple, envers le peuple palestinien fr\u00e8re.<\/p>\n","protected":false},"excerpt":{"rendered":"<p>La Mission permanente de l&rsquo;Alg\u00e9rie aupr\u00e8s des Nations Unies a affirm\u00e9 lors d&rsquo;une r\u00e9union de l\u2019AG de l\u2019ONU consacr\u00e9e \u00e0<\/p>\n","protected":false},"author":3,"featured_media":12403,"comment_status":"open","ping_status":"closed","sticky":false,"template":"","format":"standard","meta":{"colormag_page_container_layout":"default_layout","colormag_page_sidebar_layout":"default_layout","om_disable_all_campaigns":false,"_monsterinsights_skip_tracking":false,"_monsterinsights_sitenote_active":false,"_monsterinsights_sitenote_note":"","_monsterinsights_sitenote_category":0,"footnotes":"","_wpscppro_dont_share_socialmedia":false,"_wpscppro_custom_social_share_image":0,"_facebook_share_type":"default","_twitter_share_type":"default","_linkedin_share_type":"default","_pinterest_share_type":"default","_linkedin_share_type_page":"","_instagram_share_type":"default","_medium_share_type":"","_threads_share_type":"","_google_business_share_type":"","_selected_social_profile":[],"_wpsp_enable_custom_social_template":false,"_wpsp_social_scheduling":{"enabled":false,"datetime":null,"platforms":[],"status":"template_only","dateOption":"today","timeOption":"now","customDays":"","customHours":"","customDate":"","customTime":"","schedulingType":"absolute"},"_wpsp_active_default_template":true},"categories":[27],"tags":[],"class_list":["post-51955","post","type-post","status-publish","format-standard","has-post-thumbnail","hentry","category-actualite"],"aioseo_notices":[],"yoast_head":"<!-- This site is optimized with the Yoast SEO plugin v27.5 - https:\/\/yoast.com\/product\/yoast-seo-wordpress\/ -->\n<title>Mission alg\u00e9rienne \u00e0 l\u2019ONU\u00a0: Il est grand temps de lever l&rsquo;injustice historique inflig\u00e9e au peuple palestinien - La Sentinelle<\/title>\n<meta name=\"robots\" content=\"index, follow, max-snippet:-1, max-image-preview:large, max-video-preview:-1\" \/>\n<link rel=\"canonical\" href=\"https:\/\/lasentinelle.dz\/index.php\/2024\/05\/03\/mission-algerienne-a-lonu-il-est-grand-temps-de-lever-linjustice-historique-infligee-au-peuple-palestinien\/\" \/>\n<meta property=\"og:locale\" content=\"fr_FR\" \/>\n<meta property=\"og:type\" content=\"article\" \/>\n<meta property=\"og:title\" content=\"Mission alg\u00e9rienne \u00e0 l\u2019ONU\u00a0: Il est grand temps de lever l&rsquo;injustice historique inflig\u00e9e au peuple palestinien - La Sentinelle\" \/>\n<meta property=\"og:description\" content=\"La Mission permanente de l&rsquo;Alg\u00e9rie aupr\u00e8s des Nations Unies a affirm\u00e9 lors d&rsquo;une r\u00e9union de l\u2019AG de l\u2019ONU consacr\u00e9e \u00e0\" \/>\n<meta property=\"og:url\" content=\"https:\/\/lasentinelle.dz\/index.php\/2024\/05\/03\/mission-algerienne-a-lonu-il-est-grand-temps-de-lever-linjustice-historique-infligee-au-peuple-palestinien\/\" \/>\n<meta property=\"og:site_name\" content=\"La Sentinelle\" \/>\n<meta property=\"article:publisher\" content=\"https:\/\/www.facebook.com\/La-Sentinelle-104059864394773\" \/>\n<meta property=\"article:published_time\" content=\"2024-05-03T20:10:24+00:00\" \/>\n<meta property=\"article:modified_time\" content=\"2024-05-03T20:10:28+00:00\" \/>\n<meta property=\"og:image\" content=\"https:\/\/lasentinelle.dz\/wp-content\/uploads\/2021\/11\/ONU.jpeg\" \/>\n\t<meta property=\"og:image:width\" content=\"863\" \/>\n\t<meta property=\"og:image:height\" content=\"485\" \/>\n\t<meta property=\"og:image:type\" content=\"image\/jpeg\" \/>\n<meta name=\"author\" content=\"La Sentinelle\" \/>\n<meta name=\"twitter:card\" content=\"summary_large_image\" \/>\n<meta name=\"twitter:label1\" content=\"\u00c9crit par\" \/>\n\t<meta name=\"twitter:data1\" content=\"La Sentinelle\" \/>\n\t<meta name=\"twitter:label2\" content=\"Dur\u00e9e de lecture estim\u00e9e\" \/>\n\t<meta name=\"twitter:data2\" content=\"4 minutes\" \/>\n<script type=\"application\/ld+json\" class=\"yoast-schema-graph\">{\"@context\":\"https:\\\/\\\/schema.org\",\"@graph\":[{\"@type\":\"Article\",\"@id\":\"https:\\\/\\\/lasentinelle.dz\\\/index.php\\\/2024\\\/05\\\/03\\\/mission-algerienne-a-lonu-il-est-grand-temps-de-lever-linjustice-historique-infligee-au-peuple-palestinien\\\/#article\",\"isPartOf\":{\"@id\":\"https:\\\/\\\/lasentinelle.dz\\\/index.php\\\/2024\\\/05\\\/03\\\/mission-algerienne-a-lonu-il-est-grand-temps-de-lever-linjustice-historique-infligee-au-peuple-palestinien\\\/\"},\"author\":{\"name\":\"La Sentinelle\",\"@id\":\"https:\\\/\\\/lasentinelle.dz\\\/#\\\/schema\\\/person\\\/d865044e22e70a75174ce8bcad3acfb3\"},\"headline\":\"Mission alg\u00e9rienne \u00e0 l\u2019ONU\u00a0: Il est grand temps de lever l&rsquo;injustice historique inflig\u00e9e au peuple palestinien\",\"datePublished\":\"2024-05-03T20:10:24+00:00\",\"dateModified\":\"2024-05-03T20:10:28+00:00\",\"mainEntityOfPage\":{\"@id\":\"https:\\\/\\\/lasentinelle.dz\\\/index.php\\\/2024\\\/05\\\/03\\\/mission-algerienne-a-lonu-il-est-grand-temps-de-lever-linjustice-historique-infligee-au-peuple-palestinien\\\/\"},\"wordCount\":732,\"commentCount\":0,\"publisher\":{\"@id\":\"https:\\\/\\\/lasentinelle.dz\\\/#organization\"},\"image\":{\"@id\":\"https:\\\/\\\/lasentinelle.dz\\\/index.php\\\/2024\\\/05\\\/03\\\/mission-algerienne-a-lonu-il-est-grand-temps-de-lever-linjustice-historique-infligee-au-peuple-palestinien\\\/#primaryimage\"},\"thumbnailUrl\":\"https:\\\/\\\/lasentinelle.dz\\\/wp-content\\\/uploads\\\/2021\\\/11\\\/ONU.jpeg\",\"articleSection\":[\"Actualit\u00e9\"],\"inLanguage\":\"fr-FR\",\"potentialAction\":[{\"@type\":\"CommentAction\",\"name\":\"Comment\",\"target\":[\"https:\\\/\\\/lasentinelle.dz\\\/index.php\\\/2024\\\/05\\\/03\\\/mission-algerienne-a-lonu-il-est-grand-temps-de-lever-linjustice-historique-infligee-au-peuple-palestinien\\\/#respond\"]}]},{\"@type\":\"WebPage\",\"@id\":\"https:\\\/\\\/lasentinelle.dz\\\/index.php\\\/2024\\\/05\\\/03\\\/mission-algerienne-a-lonu-il-est-grand-temps-de-lever-linjustice-historique-infligee-au-peuple-palestinien\\\/\",\"url\":\"https:\\\/\\\/lasentinelle.dz\\\/index.php\\\/2024\\\/05\\\/03\\\/mission-algerienne-a-lonu-il-est-grand-temps-de-lever-linjustice-historique-infligee-au-peuple-palestinien\\\/\",\"name\":\"Mission alg\u00e9rienne \u00e0 l\u2019ONU\u00a0: Il est grand temps de lever l&rsquo;injustice historique inflig\u00e9e au peuple palestinien - La Sentinelle\",\"isPartOf\":{\"@id\":\"https:\\\/\\\/lasentinelle.dz\\\/#website\"},\"primaryImageOfPage\":{\"@id\":\"https:\\\/\\\/lasentinelle.dz\\\/index.php\\\/2024\\\/05\\\/03\\\/mission-algerienne-a-lonu-il-est-grand-temps-de-lever-linjustice-historique-infligee-au-peuple-palestinien\\\/#primaryimage\"},\"image\":{\"@id\":\"https:\\\/\\\/lasentinelle.dz\\\/index.php\\\/2024\\\/05\\\/03\\\/mission-algerienne-a-lonu-il-est-grand-temps-de-lever-linjustice-historique-infligee-au-peuple-palestinien\\\/#primaryimage\"},\"thumbnailUrl\":\"https:\\\/\\\/lasentinelle.dz\\\/wp-content\\\/uploads\\\/2021\\\/11\\\/ONU.jpeg\",\"datePublished\":\"2024-05-03T20:10:24+00:00\",\"dateModified\":\"2024-05-03T20:10:28+00:00\",\"breadcrumb\":{\"@id\":\"https:\\\/\\\/lasentinelle.dz\\\/index.php\\\/2024\\\/05\\\/03\\\/mission-algerienne-a-lonu-il-est-grand-temps-de-lever-linjustice-historique-infligee-au-peuple-palestinien\\\/#breadcrumb\"},\"inLanguage\":\"fr-FR\",\"potentialAction\":[{\"@type\":\"ReadAction\",\"target\":[\"https:\\\/\\\/lasentinelle.dz\\\/index.php\\\/2024\\\/05\\\/03\\\/mission-algerienne-a-lonu-il-est-grand-temps-de-lever-linjustice-historique-infligee-au-peuple-palestinien\\\/\"]}]},{\"@type\":\"ImageObject\",\"inLanguage\":\"fr-FR\",\"@id\":\"https:\\\/\\\/lasentinelle.dz\\\/index.php\\\/2024\\\/05\\\/03\\\/mission-algerienne-a-lonu-il-est-grand-temps-de-lever-linjustice-historique-infligee-au-peuple-palestinien\\\/#primaryimage\",\"url\":\"https:\\\/\\\/lasentinelle.dz\\\/wp-content\\\/uploads\\\/2021\\\/11\\\/ONU.jpeg\",\"contentUrl\":\"https:\\\/\\\/lasentinelle.dz\\\/wp-content\\\/uploads\\\/2021\\\/11\\\/ONU.jpeg\",\"width\":863,\"height\":485},{\"@type\":\"BreadcrumbList\",\"@id\":\"https:\\\/\\\/lasentinelle.dz\\\/index.php\\\/2024\\\/05\\\/03\\\/mission-algerienne-a-lonu-il-est-grand-temps-de-lever-linjustice-historique-infligee-au-peuple-palestinien\\\/#breadcrumb\",\"itemListElement\":[{\"@type\":\"ListItem\",\"position\":1,\"name\":\"Accueil\",\"item\":\"https:\\\/\\\/lasentinelle.dz\\\/\"},{\"@type\":\"ListItem\",\"position\":2,\"name\":\"Mission alg\u00e9rienne \u00e0 l\u2019ONU\u00a0: Il est grand temps de lever l&rsquo;injustice historique inflig\u00e9e au peuple palestinien\"}]},{\"@type\":\"WebSite\",\"@id\":\"https:\\\/\\\/lasentinelle.dz\\\/#website\",\"url\":\"https:\\\/\\\/lasentinelle.dz\\\/\",\"name\":\"La Sentinelle\",\"description\":\"Quotidien national d&#039;information\",\"publisher\":{\"@id\":\"https:\\\/\\\/lasentinelle.dz\\\/#organization\"},\"potentialAction\":[{\"@type\":\"SearchAction\",\"target\":{\"@type\":\"EntryPoint\",\"urlTemplate\":\"https:\\\/\\\/lasentinelle.dz\\\/?s={search_term_string}\"},\"query-input\":{\"@type\":\"PropertyValueSpecification\",\"valueRequired\":true,\"valueName\":\"search_term_string\"}}],\"inLanguage\":\"fr-FR\"},{\"@type\":\"Organization\",\"@id\":\"https:\\\/\\\/lasentinelle.dz\\\/#organization\",\"name\":\"Quotidien La Sentinelle\",\"url\":\"https:\\\/\\\/lasentinelle.dz\\\/\",\"logo\":{\"@type\":\"ImageObject\",\"inLanguage\":\"fr-FR\",\"@id\":\"https:\\\/\\\/lasentinelle.dz\\\/#\\\/schema\\\/logo\\\/image\\\/\",\"url\":\"https:\\\/\\\/lasentinelle.dz\\\/wp-content\\\/uploads\\\/2021\\\/09\\\/logo-sentinelleSLOGAN-1.png\",\"contentUrl\":\"https:\\\/\\\/lasentinelle.dz\\\/wp-content\\\/uploads\\\/2021\\\/09\\\/logo-sentinelleSLOGAN-1.png\",\"width\":615,\"height\":142,\"caption\":\"Quotidien La Sentinelle\"},\"image\":{\"@id\":\"https:\\\/\\\/lasentinelle.dz\\\/#\\\/schema\\\/logo\\\/image\\\/\"},\"sameAs\":[\"https:\\\/\\\/www.facebook.com\\\/La-Sentinelle-104059864394773\"]},{\"@type\":\"Person\",\"@id\":\"https:\\\/\\\/lasentinelle.dz\\\/#\\\/schema\\\/person\\\/d865044e22e70a75174ce8bcad3acfb3\",\"name\":\"La Sentinelle\",\"image\":{\"@type\":\"ImageObject\",\"inLanguage\":\"fr-FR\",\"@id\":\"https:\\\/\\\/secure.gravatar.com\\\/avatar\\\/57de8e5d4b15d43fb361a71fbb36338450fe67865b528a43dd10ef7c51a20392?s=96&d=mm&r=g\",\"url\":\"https:\\\/\\\/secure.gravatar.com\\\/avatar\\\/57de8e5d4b15d43fb361a71fbb36338450fe67865b528a43dd10ef7c51a20392?s=96&d=mm&r=g\",\"contentUrl\":\"https:\\\/\\\/secure.gravatar.com\\\/avatar\\\/57de8e5d4b15d43fb361a71fbb36338450fe67865b528a43dd10ef7c51a20392?s=96&d=mm&r=g\",\"caption\":\"La Sentinelle\"},\"sameAs\":[\"http:\\\/\\\/www.lasentinelle.dz\"],\"url\":\"https:\\\/\\\/lasentinelle.dz\\\/author\\\/redaction\\\/\"}]}<\/script>\n<!-- \/ Yoast SEO plugin. -->","yoast_head_json":{"title":"Mission alg\u00e9rienne \u00e0 l\u2019ONU\u00a0: Il est grand temps de lever l&rsquo;injustice historique inflig\u00e9e au peuple palestinien - La Sentinelle","robots":{"index":"index","follow":"follow","max-snippet":"max-snippet:-1","max-image-preview":"max-image-preview:large","max-video-preview":"max-video-preview:-1"},"canonical":"https:\/\/lasentinelle.dz\/index.php\/2024\/05\/03\/mission-algerienne-a-lonu-il-est-grand-temps-de-lever-linjustice-historique-infligee-au-peuple-palestinien\/","og_locale":"fr_FR","og_type":"article","og_title":"Mission alg\u00e9rienne \u00e0 l\u2019ONU\u00a0: Il est grand temps de lever l&rsquo;injustice historique inflig\u00e9e au peuple palestinien - La Sentinelle","og_description":"La Mission permanente de l&rsquo;Alg\u00e9rie aupr\u00e8s des Nations Unies a affirm\u00e9 lors d&rsquo;une r\u00e9union de l\u2019AG de l\u2019ONU consacr\u00e9e \u00e0","og_url":"https:\/\/lasentinelle.dz\/index.php\/2024\/05\/03\/mission-algerienne-a-lonu-il-est-grand-temps-de-lever-linjustice-historique-infligee-au-peuple-palestinien\/","og_site_name":"La Sentinelle","article_publisher":"https:\/\/www.facebook.com\/La-Sentinelle-104059864394773","article_published_time":"2024-05-03T20:10:24+00:00","article_modified_time":"2024-05-03T20:10:28+00:00","og_image":[{"width":863,"height":485,"url":"https:\/\/lasentinelle.dz\/wp-content\/uploads\/2021\/11\/ONU.jpeg","type":"image\/jpeg"}],"author":"La Sentinelle","twitter_card":"summary_large_image","twitter_misc":{"\u00c9crit par":"La Sentinelle","Dur\u00e9e de lecture estim\u00e9e":"4 minutes"},"schema":{"@context":"https:\/\/schema.org","@graph":[{"@type":"Article","@id":"https:\/\/lasentinelle.dz\/index.php\/2024\/05\/03\/mission-algerienne-a-lonu-il-est-grand-temps-de-lever-linjustice-historique-infligee-au-peuple-palestinien\/#article","isPartOf":{"@id":"https:\/\/lasentinelle.dz\/index.php\/2024\/05\/03\/mission-algerienne-a-lonu-il-est-grand-temps-de-lever-linjustice-historique-infligee-au-peuple-palestinien\/"},"author":{"name":"La Sentinelle","@id":"https:\/\/lasentinelle.dz\/#\/schema\/person\/d865044e22e70a75174ce8bcad3acfb3"},"headline":"Mission alg\u00e9rienne \u00e0 l\u2019ONU\u00a0: Il est grand temps de lever l&rsquo;injustice historique inflig\u00e9e au peuple palestinien","datePublished":"2024-05-03T20:10:24+00:00","dateModified":"2024-05-03T20:10:28+00:00","mainEntityOfPage":{"@id":"https:\/\/lasentinelle.dz\/index.php\/2024\/05\/03\/mission-algerienne-a-lonu-il-est-grand-temps-de-lever-linjustice-historique-infligee-au-peuple-palestinien\/"},"wordCount":732,"commentCount":0,"publisher":{"@id":"https:\/\/lasentinelle.dz\/#organization"},"image":{"@id":"https:\/\/lasentinelle.dz\/index.php\/2024\/05\/03\/mission-algerienne-a-lonu-il-est-grand-temps-de-lever-linjustice-historique-infligee-au-peuple-palestinien\/#primaryimage"},"thumbnailUrl":"https:\/\/lasentinelle.dz\/wp-content\/uploads\/2021\/11\/ONU.jpeg","articleSection":["Actualit\u00e9"],"inLanguage":"fr-FR","potentialAction":[{"@type":"CommentAction","name":"Comment","target":["https:\/\/lasentinelle.dz\/index.php\/2024\/05\/03\/mission-algerienne-a-lonu-il-est-grand-temps-de-lever-linjustice-historique-infligee-au-peuple-palestinien\/#respond"]}]},{"@type":"WebPage","@id":"https:\/\/lasentinelle.dz\/index.php\/2024\/05\/03\/mission-algerienne-a-lonu-il-est-grand-temps-de-lever-linjustice-historique-infligee-au-peuple-palestinien\/","url":"https:\/\/lasentinelle.dz\/index.php\/2024\/05\/03\/mission-algerienne-a-lonu-il-est-grand-temps-de-lever-linjustice-historique-infligee-au-peuple-palestinien\/","name":"Mission alg\u00e9rienne \u00e0 l\u2019ONU\u00a0: Il est grand temps de lever l&rsquo;injustice historique inflig\u00e9e au peuple palestinien - La Sentinelle","isPartOf":{"@id":"https:\/\/lasentinelle.dz\/#website"},"primaryImageOfPage":{"@id":"https:\/\/lasentinelle.dz\/index.php\/2024\/05\/03\/mission-algerienne-a-lonu-il-est-grand-temps-de-lever-linjustice-historique-infligee-au-peuple-palestinien\/#primaryimage"},"image":{"@id":"https:\/\/lasentinelle.dz\/index.php\/2024\/05\/03\/mission-algerienne-a-lonu-il-est-grand-temps-de-lever-linjustice-historique-infligee-au-peuple-palestinien\/#primaryimage"},"thumbnailUrl":"https:\/\/lasentinelle.dz\/wp-content\/uploads\/2021\/11\/ONU.jpeg","datePublished":"2024-05-03T20:10:24+00:00","dateModified":"2024-05-03T20:10:28+00:00","breadcrumb":{"@id":"https:\/\/lasentinelle.dz\/index.php\/2024\/05\/03\/mission-algerienne-a-lonu-il-est-grand-temps-de-lever-linjustice-historique-infligee-au-peuple-palestinien\/#breadcrumb"},"inLanguage":"fr-FR","potentialAction":[{"@type":"ReadAction","target":["https:\/\/lasentinelle.dz\/index.php\/2024\/05\/03\/mission-algerienne-a-lonu-il-est-grand-temps-de-lever-linjustice-historique-infligee-au-peuple-palestinien\/"]}]},{"@type":"ImageObject","inLanguage":"fr-FR","@id":"https:\/\/lasentinelle.dz\/index.php\/2024\/05\/03\/mission-algerienne-a-lonu-il-est-grand-temps-de-lever-linjustice-historique-infligee-au-peuple-palestinien\/#primaryimage","url":"https:\/\/lasentinelle.dz\/wp-content\/uploads\/2021\/11\/ONU.jpeg","contentUrl":"https:\/\/lasentinelle.dz\/wp-content\/uploads\/2021\/11\/ONU.jpeg","width":863,"height":485},{"@type":"BreadcrumbList","@id":"https:\/\/lasentinelle.dz\/index.php\/2024\/05\/03\/mission-algerienne-a-lonu-il-est-grand-temps-de-lever-linjustice-historique-infligee-au-peuple-palestinien\/#breadcrumb","itemListElement":[{"@type":"ListItem","position":1,"name":"Accueil","item":"https:\/\/lasentinelle.dz\/"},{"@type":"ListItem","position":2,"name":"Mission alg\u00e9rienne \u00e0 l\u2019ONU\u00a0: Il est grand temps de lever l&rsquo;injustice historique inflig\u00e9e au peuple palestinien"}]},{"@type":"WebSite","@id":"https:\/\/lasentinelle.dz\/#website","url":"https:\/\/lasentinelle.dz\/","name":"La Sentinelle","description":"Quotidien national d&#039;information","publisher":{"@id":"https:\/\/lasentinelle.dz\/#organization"},"potentialAction":[{"@type":"SearchAction","target":{"@type":"EntryPoint","urlTemplate":"https:\/\/lasentinelle.dz\/?s={search_term_string}"},"query-input":{"@type":"PropertyValueSpecification","valueRequired":true,"valueName":"search_term_string"}}],"inLanguage":"fr-FR"},{"@type":"Organization","@id":"https:\/\/lasentinelle.dz\/#organization","name":"Quotidien La Sentinelle","url":"https:\/\/lasentinelle.dz\/","logo":{"@type":"ImageObject","inLanguage":"fr-FR","@id":"https:\/\/lasentinelle.dz\/#\/schema\/logo\/image\/","url":"https:\/\/lasentinelle.dz\/wp-content\/uploads\/2021\/09\/logo-sentinelleSLOGAN-1.png","contentUrl":"https:\/\/lasentinelle.dz\/wp-content\/uploads\/2021\/09\/logo-sentinelleSLOGAN-1.png","width":615,"height":142,"caption":"Quotidien La Sentinelle"},"image":{"@id":"https:\/\/lasentinelle.dz\/#\/schema\/logo\/image\/"},"sameAs":["https:\/\/www.facebook.com\/La-Sentinelle-104059864394773"]},{"@type":"Person","@id":"https:\/\/lasentinelle.dz\/#\/schema\/person\/d865044e22e70a75174ce8bcad3acfb3","name":"La Sentinelle","image":{"@type":"ImageObject","inLanguage":"fr-FR","@id":"https:\/\/secure.gravatar.com\/avatar\/57de8e5d4b15d43fb361a71fbb36338450fe67865b528a43dd10ef7c51a20392?s=96&d=mm&r=g","url":"https:\/\/secure.gravatar.com\/avatar\/57de8e5d4b15d43fb361a71fbb36338450fe67865b528a43dd10ef7c51a20392?s=96&d=mm&r=g","contentUrl":"https:\/\/secure.gravatar.com\/avatar\/57de8e5d4b15d43fb361a71fbb36338450fe67865b528a43dd10ef7c51a20392?s=96&d=mm&r=g","caption":"La Sentinelle"},"sameAs":["http:\/\/www.lasentinelle.dz"],"url":"https:\/\/lasentinelle.dz\/author\/redaction\/"}]}},"_links":{"self":[{"href":"https:\/\/lasentinelle.dz\/index.php\/wp-json\/wp\/v2\/posts\/51955","targetHints":{"allow":["GET"]}}],"collection":[{"href":"https:\/\/lasentinelle.dz\/index.php\/wp-json\/wp\/v2\/posts"}],"about":[{"href":"https:\/\/lasentinelle.dz\/index.php\/wp-json\/wp\/v2\/types\/post"}],"author":[{"embeddable":true,"href":"https:\/\/lasentinelle.dz\/index.php\/wp-json\/wp\/v2\/users\/3"}],"replies":[{"embeddable":true,"href":"https:\/\/lasentinelle.dz\/index.php\/wp-json\/wp\/v2\/comments?post=51955"}],"version-history":[{"count":2,"href":"https:\/\/lasentinelle.dz\/index.php\/wp-json\/wp\/v2\/posts\/51955\/revisions"}],"predecessor-version":[{"id":51957,"href":"https:\/\/lasentinelle.dz\/index.php\/wp-json\/wp\/v2\/posts\/51955\/revisions\/51957"}],"wp:featuredmedia":[{"embeddable":true,"href":"https:\/\/lasentinelle.dz\/index.php\/wp-json\/wp\/v2\/media\/12403"}],"wp:attachment":[{"href":"https:\/\/lasentinelle.dz\/index.php\/wp-json\/wp\/v2\/media?parent=51955"}],"wp:term":[{"taxonomy":"category","embeddable":true,"href":"https:\/\/lasentinelle.dz\/index.php\/wp-json\/wp\/v2\/categories?post=51955"},{"taxonomy":"post_tag","embeddable":true,"href":"https:\/\/lasentinelle.dz\/index.php\/wp-json\/wp\/v2\/tags?post=51955"}],"curies":[{"name":"wp","href":"https:\/\/api.w.org\/{rel}","templated":true}]}}