{"id":51990,"date":"2024-05-05T13:16:11","date_gmt":"2024-05-05T12:16:11","guid":{"rendered":"https:\/\/lasentinelle.dz\/?p=51990"},"modified":"2024-05-05T13:16:14","modified_gmt":"2024-05-05T12:16:14","slug":"annaba-310-millions-da-pour-la-modernisation-du-reseau-electrique","status":"publish","type":"post","link":"https:\/\/lasentinelle.dz\/index.php\/2024\/05\/05\/annaba-310-millions-da-pour-la-modernisation-du-reseau-electrique\/","title":{"rendered":"Annaba\u00a0: 310 millions DA pour la modernisation du r\u00e9seau \u00e9lectrique"},"content":{"rendered":"\n<p>L\u2019op\u00e9ration s\u2019inscrit dans le cadre du programme de r\u00e9novation du r\u00e9seau d\u2019alimentation en \u00e9nergie \u00e9lectrique de la ville.<\/p>\n\n\n\n<p>Pour un investissement de plus de 310 millions de dinars, il a \u00e9t\u00e9 proc\u00e9d\u00e9 \u00e0 l\u2019installation de nouveaux \u00e9quipements, d\u2019une tension de 10 kw, au niveau du Centre \u00e9lectrique 30\/60 kw du port d\u2019Annaba. Le projet vise \u00e0 fournir de l\u2019\u00e9lectricit\u00e9 de moyenne tension aux habitants du centre-ville ainsi qu\u2019\u00e0 l\u2019Entreprise Portuaire d\u2019Annaba. Des projets qui s\u2019inscrivent, convient-il de le rappeler, dans le cadre du programme de restructuration du r\u00e9seau \u00e9lectrique de la ville d\u2019Annaba, aux fins du renforcement des capacit\u00e9s du r\u00e9seau \u00e9lectrique pour r\u00e9pondre \u00e0 une croissante demande. Le programme de r\u00e9novation du r\u00e9seau d\u2019alimentation du r\u00e9seau \u00e9lectrique de la ville d\u2019Annaba d\u2019or et d\u00e9j\u00e0 \u00e9t\u00e9 achev\u00e9e dans 16 zones sur les 22 retenues, a rapport\u00e9 la direction de la Sonelgaz via son compte Facebook. Selon la m\u00eame source, la direction de distribution de la Soci\u00e9t\u00e9 nationale de l\u2019\u00e9lectricit\u00e9 et du gaz d\u2019Annaba a annonc\u00e9 avoir achev\u00e9 \u00e0 100 % l\u2019installation de c\u00e2bles souterrains dans seize zones. Cette op\u00e9ration vise \u00e0 \u00e9liminer les coupures intempestives et les d\u00e9sagr\u00e9ments pour les abonn\u00e9s de la Sonelgaz, selon les explications apport\u00e9es dans ce contexte. Par ailleurs, la direction a inform\u00e9 ses clients de la wilaya d\u2019Annaba de la mise en service de nouveaux \u00e9quipements d\u2019\u00e9nergie \u00e9lectrique de moyenne tension de 10 kw, raccord\u00e9s \u00e0 la centrale de 30\/60 kw du port d\u2019Annaba, alimentant le centre-ville ainsi que l\u2019entreprise portuaire. Les c\u00e2bles obsol\u00e8tes, dont le rendement n\u2019\u00e9tait plus op\u00e9rationnel, ont \u00e9t\u00e9 remplac\u00e9s afin de r\u00e9pondre aux besoins des clients de la soci\u00e9t\u00e9, face \u00e0 une demande croissante due \u00e0 la prolif\u00e9ration des appareils \u00e9lectrom\u00e9nagers et au raccordement de nouveaux usagers, a fait savoir la m\u00eame source. Cette derni\u00e8re a expliqu\u00e9 que ces travaux visent \u00e0 renforcer le r\u00e9seau \u00e9lectrique souterrain, en tenant compte des diff\u00e9rents probl\u00e8mes ayant entra\u00een\u00e9 des coupures, notamment \u00e0 l\u2019approche de la saison des grandes chaleurs. Signalons, enfin, que Sonelgaz appelle ses clients \u00e0 faire preuve de compr\u00e9hension en attendant la fin de tous les travaux, qui ne tarderont pas \u00e0 \u00eatre achev\u00e9s dans les meilleurs d\u00e9lais. Par ailleurs et dans le m\u00eame contexte la Sonelgaz d\u2019Annaba a d\u00e9ploy\u00e9 tous moyens humains, mat\u00e9riels et financiers pour am\u00e9liorer le r\u00e9seau \u00e9lectrique, afin de satisfaire ses abonn\u00e9s. Dans ce contexte, on signale que plusieurs autres nouveaux projets ont \u00e9t\u00e9 r\u00e9alis\u00e9s. Il s\u2019agit de&nbsp;l\u2019installation et de la mise en service de nouveaux \u00e9quipements \u00e9lectriques de moyenne tension dans le cadre des projets visant \u00e0 am\u00e9liorer la qualit\u00e9 et garantir la continuit\u00e9 du service public.<\/p>\n\n\n\n<p><strong>&nbsp;Sofia Chahine<\/strong><\/p>\n","protected":false},"excerpt":{"rendered":"<p>L\u2019op\u00e9ration s\u2019inscrit dans le cadre du programme de r\u00e9novation du r\u00e9seau d\u2019alimentation en \u00e9nergie \u00e9lectrique de la ville. Pour un<\/p>\n","protected":false},"author":3,"featured_media":51991,"comment_status":"open","ping_status":"closed","sticky":false,"template":"","format":"standard","meta":{"colormag_page_container_layout":"default_layout","colormag_page_sidebar_layout":"default_layout","om_disable_all_campaigns":false,"_monsterinsights_skip_tracking":false,"_monsterinsights_sitenote_active":false,"_monsterinsights_sitenote_note":"","_monsterinsights_sitenote_category":0,"footnotes":"","_wpscppro_dont_share_socialmedia":false,"_wpscppro_custom_social_share_image":0,"_facebook_share_type":"default","_twitter_share_type":"default","_linkedin_share_type":"default","_pinterest_share_type":"default","_linkedin_share_type_page":"","_instagram_share_type":"default","_medium_share_type":"","_threads_share_type":"","_google_business_share_type":"","_selected_social_profile":[],"_wpsp_enable_custom_social_template":false,"_wpsp_social_scheduling":{"enabled":false,"datetime":null,"platforms":[],"status":"template_only","dateOption":"today","timeOption":"now","customDays":"","customHours":"","customDate":"","customTime":"","schedulingType":"absolute"},"_wpsp_active_default_template":true},"categories":[31],"tags":[],"class_list":["post-51990","post","type-post","status-publish","format-standard","has-post-thumbnail","hentry","category-regions"],"aioseo_notices":[],"yoast_head":"<!-- This site is optimized with the Yoast SEO plugin v27.5 - https:\/\/yoast.com\/product\/yoast-seo-wordpress\/ -->\n<title>Annaba\u00a0: 310 millions DA pour la modernisation du r\u00e9seau \u00e9lectrique - La Sentinelle<\/title>\n<meta name=\"robots\" content=\"index, follow, max-snippet:-1, max-image-preview:large, max-video-preview:-1\" \/>\n<link rel=\"canonical\" href=\"https:\/\/lasentinelle.dz\/index.php\/2024\/05\/05\/annaba-310-millions-da-pour-la-modernisation-du-reseau-electrique\/\" \/>\n<meta property=\"og:locale\" content=\"fr_FR\" \/>\n<meta property=\"og:type\" content=\"article\" \/>\n<meta property=\"og:title\" content=\"Annaba\u00a0: 310 millions DA pour la modernisation du r\u00e9seau \u00e9lectrique - La Sentinelle\" \/>\n<meta property=\"og:description\" content=\"L\u2019op\u00e9ration s\u2019inscrit dans le cadre du programme de r\u00e9novation du r\u00e9seau d\u2019alimentation en \u00e9nergie \u00e9lectrique de la ville. Pour un\" \/>\n<meta property=\"og:url\" content=\"https:\/\/lasentinelle.dz\/index.php\/2024\/05\/05\/annaba-310-millions-da-pour-la-modernisation-du-reseau-electrique\/\" \/>\n<meta property=\"og:site_name\" content=\"La Sentinelle\" \/>\n<meta property=\"article:publisher\" content=\"https:\/\/www.facebook.com\/La-Sentinelle-104059864394773\" \/>\n<meta property=\"article:published_time\" content=\"2024-05-05T12:16:11+00:00\" \/>\n<meta property=\"article:modified_time\" content=\"2024-05-05T12:16:14+00:00\" \/>\n<meta property=\"og:image\" content=\"https:\/\/lasentinelle.dz\/wp-content\/uploads\/2024\/05\/cables-electriques-souterrains.jpeg\" \/>\n\t<meta property=\"og:image:width\" content=\"600\" \/>\n\t<meta property=\"og:image:height\" content=\"399\" \/>\n\t<meta property=\"og:image:type\" content=\"image\/jpeg\" \/>\n<meta name=\"author\" content=\"La Sentinelle\" \/>\n<meta name=\"twitter:card\" content=\"summary_large_image\" \/>\n<meta name=\"twitter:label1\" content=\"\u00c9crit par\" \/>\n\t<meta name=\"twitter:data1\" content=\"La Sentinelle\" \/>\n\t<meta name=\"twitter:label2\" content=\"Dur\u00e9e de lecture estim\u00e9e\" \/>\n\t<meta name=\"twitter:data2\" content=\"3 minutes\" \/>\n<script type=\"application\/ld+json\" class=\"yoast-schema-graph\">{\"@context\":\"https:\\\/\\\/schema.org\",\"@graph\":[{\"@type\":\"Article\",\"@id\":\"https:\\\/\\\/lasentinelle.dz\\\/index.php\\\/2024\\\/05\\\/05\\\/annaba-310-millions-da-pour-la-modernisation-du-reseau-electrique\\\/#article\",\"isPartOf\":{\"@id\":\"https:\\\/\\\/lasentinelle.dz\\\/index.php\\\/2024\\\/05\\\/05\\\/annaba-310-millions-da-pour-la-modernisation-du-reseau-electrique\\\/\"},\"author\":{\"name\":\"La Sentinelle\",\"@id\":\"https:\\\/\\\/lasentinelle.dz\\\/#\\\/schema\\\/person\\\/d865044e22e70a75174ce8bcad3acfb3\"},\"headline\":\"Annaba\u00a0: 310 millions DA pour la modernisation du r\u00e9seau \u00e9lectrique\",\"datePublished\":\"2024-05-05T12:16:11+00:00\",\"dateModified\":\"2024-05-05T12:16:14+00:00\",\"mainEntityOfPage\":{\"@id\":\"https:\\\/\\\/lasentinelle.dz\\\/index.php\\\/2024\\\/05\\\/05\\\/annaba-310-millions-da-pour-la-modernisation-du-reseau-electrique\\\/\"},\"wordCount\":497,\"commentCount\":0,\"publisher\":{\"@id\":\"https:\\\/\\\/lasentinelle.dz\\\/#organization\"},\"image\":{\"@id\":\"https:\\\/\\\/lasentinelle.dz\\\/index.php\\\/2024\\\/05\\\/05\\\/annaba-310-millions-da-pour-la-modernisation-du-reseau-electrique\\\/#primaryimage\"},\"thumbnailUrl\":\"https:\\\/\\\/lasentinelle.dz\\\/wp-content\\\/uploads\\\/2024\\\/05\\\/cables-electriques-souterrains.jpeg\",\"articleSection\":[\"R\u00e9gions\"],\"inLanguage\":\"fr-FR\",\"potentialAction\":[{\"@type\":\"CommentAction\",\"name\":\"Comment\",\"target\":[\"https:\\\/\\\/lasentinelle.dz\\\/index.php\\\/2024\\\/05\\\/05\\\/annaba-310-millions-da-pour-la-modernisation-du-reseau-electrique\\\/#respond\"]}]},{\"@type\":\"WebPage\",\"@id\":\"https:\\\/\\\/lasentinelle.dz\\\/index.php\\\/2024\\\/05\\\/05\\\/annaba-310-millions-da-pour-la-modernisation-du-reseau-electrique\\\/\",\"url\":\"https:\\\/\\\/lasentinelle.dz\\\/index.php\\\/2024\\\/05\\\/05\\\/annaba-310-millions-da-pour-la-modernisation-du-reseau-electrique\\\/\",\"name\":\"Annaba\u00a0: 310 millions DA pour la modernisation du r\u00e9seau \u00e9lectrique - La Sentinelle\",\"isPartOf\":{\"@id\":\"https:\\\/\\\/lasentinelle.dz\\\/#website\"},\"primaryImageOfPage\":{\"@id\":\"https:\\\/\\\/lasentinelle.dz\\\/index.php\\\/2024\\\/05\\\/05\\\/annaba-310-millions-da-pour-la-modernisation-du-reseau-electrique\\\/#primaryimage\"},\"image\":{\"@id\":\"https:\\\/\\\/lasentinelle.dz\\\/index.php\\\/2024\\\/05\\\/05\\\/annaba-310-millions-da-pour-la-modernisation-du-reseau-electrique\\\/#primaryimage\"},\"thumbnailUrl\":\"https:\\\/\\\/lasentinelle.dz\\\/wp-content\\\/uploads\\\/2024\\\/05\\\/cables-electriques-souterrains.jpeg\",\"datePublished\":\"2024-05-05T12:16:11+00:00\",\"dateModified\":\"2024-05-05T12:16:14+00:00\",\"breadcrumb\":{\"@id\":\"https:\\\/\\\/lasentinelle.dz\\\/index.php\\\/2024\\\/05\\\/05\\\/annaba-310-millions-da-pour-la-modernisation-du-reseau-electrique\\\/#breadcrumb\"},\"inLanguage\":\"fr-FR\",\"potentialAction\":[{\"@type\":\"ReadAction\",\"target\":[\"https:\\\/\\\/lasentinelle.dz\\\/index.php\\\/2024\\\/05\\\/05\\\/annaba-310-millions-da-pour-la-modernisation-du-reseau-electrique\\\/\"]}]},{\"@type\":\"ImageObject\",\"inLanguage\":\"fr-FR\",\"@id\":\"https:\\\/\\\/lasentinelle.dz\\\/index.php\\\/2024\\\/05\\\/05\\\/annaba-310-millions-da-pour-la-modernisation-du-reseau-electrique\\\/#primaryimage\",\"url\":\"https:\\\/\\\/lasentinelle.dz\\\/wp-content\\\/uploads\\\/2024\\\/05\\\/cables-electriques-souterrains.jpeg\",\"contentUrl\":\"https:\\\/\\\/lasentinelle.dz\\\/wp-content\\\/uploads\\\/2024\\\/05\\\/cables-electriques-souterrains.jpeg\",\"width\":600,\"height\":399},{\"@type\":\"BreadcrumbList\",\"@id\":\"https:\\\/\\\/lasentinelle.dz\\\/index.php\\\/2024\\\/05\\\/05\\\/annaba-310-millions-da-pour-la-modernisation-du-reseau-electrique\\\/#breadcrumb\",\"itemListElement\":[{\"@type\":\"ListItem\",\"position\":1,\"name\":\"Accueil\",\"item\":\"https:\\\/\\\/lasentinelle.dz\\\/\"},{\"@type\":\"ListItem\",\"position\":2,\"name\":\"Annaba\u00a0: 310 millions DA pour la modernisation du r\u00e9seau \u00e9lectrique\"}]},{\"@type\":\"WebSite\",\"@id\":\"https:\\\/\\\/lasentinelle.dz\\\/#website\",\"url\":\"https:\\\/\\\/lasentinelle.dz\\\/\",\"name\":\"La Sentinelle\",\"description\":\"Quotidien national d&#039;information\",\"publisher\":{\"@id\":\"https:\\\/\\\/lasentinelle.dz\\\/#organization\"},\"potentialAction\":[{\"@type\":\"SearchAction\",\"target\":{\"@type\":\"EntryPoint\",\"urlTemplate\":\"https:\\\/\\\/lasentinelle.dz\\\/?s={search_term_string}\"},\"query-input\":{\"@type\":\"PropertyValueSpecification\",\"valueRequired\":true,\"valueName\":\"search_term_string\"}}],\"inLanguage\":\"fr-FR\"},{\"@type\":\"Organization\",\"@id\":\"https:\\\/\\\/lasentinelle.dz\\\/#organization\",\"name\":\"Quotidien La Sentinelle\",\"url\":\"https:\\\/\\\/lasentinelle.dz\\\/\",\"logo\":{\"@type\":\"ImageObject\",\"inLanguage\":\"fr-FR\",\"@id\":\"https:\\\/\\\/lasentinelle.dz\\\/#\\\/schema\\\/logo\\\/image\\\/\",\"url\":\"https:\\\/\\\/lasentinelle.dz\\\/wp-content\\\/uploads\\\/2021\\\/09\\\/logo-sentinelleSLOGAN-1.png\",\"contentUrl\":\"https:\\\/\\\/lasentinelle.dz\\\/wp-content\\\/uploads\\\/2021\\\/09\\\/logo-sentinelleSLOGAN-1.png\",\"width\":615,\"height\":142,\"caption\":\"Quotidien La Sentinelle\"},\"image\":{\"@id\":\"https:\\\/\\\/lasentinelle.dz\\\/#\\\/schema\\\/logo\\\/image\\\/\"},\"sameAs\":[\"https:\\\/\\\/www.facebook.com\\\/La-Sentinelle-104059864394773\"]},{\"@type\":\"Person\",\"@id\":\"https:\\\/\\\/lasentinelle.dz\\\/#\\\/schema\\\/person\\\/d865044e22e70a75174ce8bcad3acfb3\",\"name\":\"La Sentinelle\",\"image\":{\"@type\":\"ImageObject\",\"inLanguage\":\"fr-FR\",\"@id\":\"https:\\\/\\\/secure.gravatar.com\\\/avatar\\\/57de8e5d4b15d43fb361a71fbb36338450fe67865b528a43dd10ef7c51a20392?s=96&d=mm&r=g\",\"url\":\"https:\\\/\\\/secure.gravatar.com\\\/avatar\\\/57de8e5d4b15d43fb361a71fbb36338450fe67865b528a43dd10ef7c51a20392?s=96&d=mm&r=g\",\"contentUrl\":\"https:\\\/\\\/secure.gravatar.com\\\/avatar\\\/57de8e5d4b15d43fb361a71fbb36338450fe67865b528a43dd10ef7c51a20392?s=96&d=mm&r=g\",\"caption\":\"La Sentinelle\"},\"sameAs\":[\"http:\\\/\\\/www.lasentinelle.dz\"],\"url\":\"https:\\\/\\\/lasentinelle.dz\\\/author\\\/redaction\\\/\"}]}<\/script>\n<!-- \/ Yoast SEO plugin. -->","yoast_head_json":{"title":"Annaba\u00a0: 310 millions DA pour la modernisation du r\u00e9seau \u00e9lectrique - La Sentinelle","robots":{"index":"index","follow":"follow","max-snippet":"max-snippet:-1","max-image-preview":"max-image-preview:large","max-video-preview":"max-video-preview:-1"},"canonical":"https:\/\/lasentinelle.dz\/index.php\/2024\/05\/05\/annaba-310-millions-da-pour-la-modernisation-du-reseau-electrique\/","og_locale":"fr_FR","og_type":"article","og_title":"Annaba\u00a0: 310 millions DA pour la modernisation du r\u00e9seau \u00e9lectrique - La Sentinelle","og_description":"L\u2019op\u00e9ration s\u2019inscrit dans le cadre du programme de r\u00e9novation du r\u00e9seau d\u2019alimentation en \u00e9nergie \u00e9lectrique de la ville. Pour un","og_url":"https:\/\/lasentinelle.dz\/index.php\/2024\/05\/05\/annaba-310-millions-da-pour-la-modernisation-du-reseau-electrique\/","og_site_name":"La Sentinelle","article_publisher":"https:\/\/www.facebook.com\/La-Sentinelle-104059864394773","article_published_time":"2024-05-05T12:16:11+00:00","article_modified_time":"2024-05-05T12:16:14+00:00","og_image":[{"width":600,"height":399,"url":"https:\/\/lasentinelle.dz\/wp-content\/uploads\/2024\/05\/cables-electriques-souterrains.jpeg","type":"image\/jpeg"}],"author":"La Sentinelle","twitter_card":"summary_large_image","twitter_misc":{"\u00c9crit par":"La Sentinelle","Dur\u00e9e de lecture estim\u00e9e":"3 minutes"},"schema":{"@context":"https:\/\/schema.org","@graph":[{"@type":"Article","@id":"https:\/\/lasentinelle.dz\/index.php\/2024\/05\/05\/annaba-310-millions-da-pour-la-modernisation-du-reseau-electrique\/#article","isPartOf":{"@id":"https:\/\/lasentinelle.dz\/index.php\/2024\/05\/05\/annaba-310-millions-da-pour-la-modernisation-du-reseau-electrique\/"},"author":{"name":"La Sentinelle","@id":"https:\/\/lasentinelle.dz\/#\/schema\/person\/d865044e22e70a75174ce8bcad3acfb3"},"headline":"Annaba\u00a0: 310 millions DA pour la modernisation du r\u00e9seau \u00e9lectrique","datePublished":"2024-05-05T12:16:11+00:00","dateModified":"2024-05-05T12:16:14+00:00","mainEntityOfPage":{"@id":"https:\/\/lasentinelle.dz\/index.php\/2024\/05\/05\/annaba-310-millions-da-pour-la-modernisation-du-reseau-electrique\/"},"wordCount":497,"commentCount":0,"publisher":{"@id":"https:\/\/lasentinelle.dz\/#organization"},"image":{"@id":"https:\/\/lasentinelle.dz\/index.php\/2024\/05\/05\/annaba-310-millions-da-pour-la-modernisation-du-reseau-electrique\/#primaryimage"},"thumbnailUrl":"https:\/\/lasentinelle.dz\/wp-content\/uploads\/2024\/05\/cables-electriques-souterrains.jpeg","articleSection":["R\u00e9gions"],"inLanguage":"fr-FR","potentialAction":[{"@type":"CommentAction","name":"Comment","target":["https:\/\/lasentinelle.dz\/index.php\/2024\/05\/05\/annaba-310-millions-da-pour-la-modernisation-du-reseau-electrique\/#respond"]}]},{"@type":"WebPage","@id":"https:\/\/lasentinelle.dz\/index.php\/2024\/05\/05\/annaba-310-millions-da-pour-la-modernisation-du-reseau-electrique\/","url":"https:\/\/lasentinelle.dz\/index.php\/2024\/05\/05\/annaba-310-millions-da-pour-la-modernisation-du-reseau-electrique\/","name":"Annaba\u00a0: 310 millions DA pour la modernisation du r\u00e9seau \u00e9lectrique - La Sentinelle","isPartOf":{"@id":"https:\/\/lasentinelle.dz\/#website"},"primaryImageOfPage":{"@id":"https:\/\/lasentinelle.dz\/index.php\/2024\/05\/05\/annaba-310-millions-da-pour-la-modernisation-du-reseau-electrique\/#primaryimage"},"image":{"@id":"https:\/\/lasentinelle.dz\/index.php\/2024\/05\/05\/annaba-310-millions-da-pour-la-modernisation-du-reseau-electrique\/#primaryimage"},"thumbnailUrl":"https:\/\/lasentinelle.dz\/wp-content\/uploads\/2024\/05\/cables-electriques-souterrains.jpeg","datePublished":"2024-05-05T12:16:11+00:00","dateModified":"2024-05-05T12:16:14+00:00","breadcrumb":{"@id":"https:\/\/lasentinelle.dz\/index.php\/2024\/05\/05\/annaba-310-millions-da-pour-la-modernisation-du-reseau-electrique\/#breadcrumb"},"inLanguage":"fr-FR","potentialAction":[{"@type":"ReadAction","target":["https:\/\/lasentinelle.dz\/index.php\/2024\/05\/05\/annaba-310-millions-da-pour-la-modernisation-du-reseau-electrique\/"]}]},{"@type":"ImageObject","inLanguage":"fr-FR","@id":"https:\/\/lasentinelle.dz\/index.php\/2024\/05\/05\/annaba-310-millions-da-pour-la-modernisation-du-reseau-electrique\/#primaryimage","url":"https:\/\/lasentinelle.dz\/wp-content\/uploads\/2024\/05\/cables-electriques-souterrains.jpeg","contentUrl":"https:\/\/lasentinelle.dz\/wp-content\/uploads\/2024\/05\/cables-electriques-souterrains.jpeg","width":600,"height":399},{"@type":"BreadcrumbList","@id":"https:\/\/lasentinelle.dz\/index.php\/2024\/05\/05\/annaba-310-millions-da-pour-la-modernisation-du-reseau-electrique\/#breadcrumb","itemListElement":[{"@type":"ListItem","position":1,"name":"Accueil","item":"https:\/\/lasentinelle.dz\/"},{"@type":"ListItem","position":2,"name":"Annaba\u00a0: 310 millions DA pour la modernisation du r\u00e9seau \u00e9lectrique"}]},{"@type":"WebSite","@id":"https:\/\/lasentinelle.dz\/#website","url":"https:\/\/lasentinelle.dz\/","name":"La Sentinelle","description":"Quotidien national d&#039;information","publisher":{"@id":"https:\/\/lasentinelle.dz\/#organization"},"potentialAction":[{"@type":"SearchAction","target":{"@type":"EntryPoint","urlTemplate":"https:\/\/lasentinelle.dz\/?s={search_term_string}"},"query-input":{"@type":"PropertyValueSpecification","valueRequired":true,"valueName":"search_term_string"}}],"inLanguage":"fr-FR"},{"@type":"Organization","@id":"https:\/\/lasentinelle.dz\/#organization","name":"Quotidien La Sentinelle","url":"https:\/\/lasentinelle.dz\/","logo":{"@type":"ImageObject","inLanguage":"fr-FR","@id":"https:\/\/lasentinelle.dz\/#\/schema\/logo\/image\/","url":"https:\/\/lasentinelle.dz\/wp-content\/uploads\/2021\/09\/logo-sentinelleSLOGAN-1.png","contentUrl":"https:\/\/lasentinelle.dz\/wp-content\/uploads\/2021\/09\/logo-sentinelleSLOGAN-1.png","width":615,"height":142,"caption":"Quotidien La Sentinelle"},"image":{"@id":"https:\/\/lasentinelle.dz\/#\/schema\/logo\/image\/"},"sameAs":["https:\/\/www.facebook.com\/La-Sentinelle-104059864394773"]},{"@type":"Person","@id":"https:\/\/lasentinelle.dz\/#\/schema\/person\/d865044e22e70a75174ce8bcad3acfb3","name":"La Sentinelle","image":{"@type":"ImageObject","inLanguage":"fr-FR","@id":"https:\/\/secure.gravatar.com\/avatar\/57de8e5d4b15d43fb361a71fbb36338450fe67865b528a43dd10ef7c51a20392?s=96&d=mm&r=g","url":"https:\/\/secure.gravatar.com\/avatar\/57de8e5d4b15d43fb361a71fbb36338450fe67865b528a43dd10ef7c51a20392?s=96&d=mm&r=g","contentUrl":"https:\/\/secure.gravatar.com\/avatar\/57de8e5d4b15d43fb361a71fbb36338450fe67865b528a43dd10ef7c51a20392?s=96&d=mm&r=g","caption":"La Sentinelle"},"sameAs":["http:\/\/www.lasentinelle.dz"],"url":"https:\/\/lasentinelle.dz\/author\/redaction\/"}]}},"_links":{"self":[{"href":"https:\/\/lasentinelle.dz\/index.php\/wp-json\/wp\/v2\/posts\/51990","targetHints":{"allow":["GET"]}}],"collection":[{"href":"https:\/\/lasentinelle.dz\/index.php\/wp-json\/wp\/v2\/posts"}],"about":[{"href":"https:\/\/lasentinelle.dz\/index.php\/wp-json\/wp\/v2\/types\/post"}],"author":[{"embeddable":true,"href":"https:\/\/lasentinelle.dz\/index.php\/wp-json\/wp\/v2\/users\/3"}],"replies":[{"embeddable":true,"href":"https:\/\/lasentinelle.dz\/index.php\/wp-json\/wp\/v2\/comments?post=51990"}],"version-history":[{"count":1,"href":"https:\/\/lasentinelle.dz\/index.php\/wp-json\/wp\/v2\/posts\/51990\/revisions"}],"predecessor-version":[{"id":51992,"href":"https:\/\/lasentinelle.dz\/index.php\/wp-json\/wp\/v2\/posts\/51990\/revisions\/51992"}],"wp:featuredmedia":[{"embeddable":true,"href":"https:\/\/lasentinelle.dz\/index.php\/wp-json\/wp\/v2\/media\/51991"}],"wp:attachment":[{"href":"https:\/\/lasentinelle.dz\/index.php\/wp-json\/wp\/v2\/media?parent=51990"}],"wp:term":[{"taxonomy":"category","embeddable":true,"href":"https:\/\/lasentinelle.dz\/index.php\/wp-json\/wp\/v2\/categories?post=51990"},{"taxonomy":"post_tag","embeddable":true,"href":"https:\/\/lasentinelle.dz\/index.php\/wp-json\/wp\/v2\/tags?post=51990"}],"curies":[{"name":"wp","href":"https:\/\/api.w.org\/{rel}","templated":true}]}}