{"id":52027,"date":"2024-05-06T13:35:29","date_gmt":"2024-05-06T12:35:29","guid":{"rendered":"https:\/\/lasentinelle.dz\/?p=52027"},"modified":"2024-05-06T13:35:34","modified_gmt":"2024-05-06T12:35:34","slug":"ligue-1-mobilis-mise-a-jour-lusm-khenchela-bat-le-cr-belouizdad-sur-le-fil","status":"publish","type":"post","link":"https:\/\/lasentinelle.dz\/index.php\/2024\/05\/06\/ligue-1-mobilis-mise-a-jour-lusm-khenchela-bat-le-cr-belouizdad-sur-le-fil\/","title":{"rendered":"Ligue 1 Mobilis (mise \u00e0 jour)\u00a0: L&rsquo;USM Khenchela bat le CR Belouizdad sur le fil"},"content":{"rendered":"\n<p>L&rsquo;USM Khenchela s&rsquo;est impos\u00e9e sur le fil devant le CR Belouizdad (2-1), en match comptant pour la mise \u00e0 jour de la 19e journ\u00e9e du championnat de Ligue 1 \u00ab\u00a0Mobilis\u00a0\u00bb de football, samedi \u00e0 Khenchela.<\/p>\n\n\n\n<p>Men\u00e9 d\u00e9s la reprise de la 2e p\u00e9riode par un but de Saadou (47e), le quadruple tenant du titre est revenu au score \u00e0 la 64e minute gr\u00e2ce \u00e0 l&rsquo;attaquant Meziane, avant de conc\u00e9der \u00e0 la toute derni\u00e8re minute un second but inscrit par Samer sur penalty. Cette d\u00e9faite n&rsquo;arrange pas les affaires des Belouizdadis qui restent scotch\u00e9s \u00e0 la 3e place avec un total de 42 points, distanc\u00e9s de 14 longueurs, par le leader le MC Alger (56 pts) \u00e0 cinq journ\u00e9es de l&rsquo;\u00e9pilogue du championnat. Lors de cette rencontre, le joueur malien du CRB, Mamadou Samaki a \u00e9t\u00e9 exclu en 1re mi-temps (25e). De son c\u00f4t\u00e9, les Khenchelis qui r\u00e9alisent une bonne op\u00e9ration, rejoignent le MC El-Bayadh la 10e place avec un total de 31 points. Lors de la 25e journ\u00e9e, l&rsquo;USMK accueillera l&rsquo;actuel leader du championnat, le MC Alger. Cette mise \u00e0 jour se poursuivra aujourd\u2019hui avec un match entre l&rsquo;USM Alger et la JS Kabylie au stade Nelson Mandela de Baraki \u00e0 partir de 19h00. L\u2019USM Alger, \u00e9limin\u00e9e en demi-finale de la Coupe d\u2019Alg\u00e9rie par le CR Belouizdad (0-0, aux t.a.b : 1-3), abordera ce rendez-vous avec l\u2019objectif de renouer avec la victoire et se rapprocher du podium. Les \u00ab Rouge et Noir \u00bb devront faire face \u00e0 une \u00e9quipe de la JSK qui commence \u00e0 retrouver des couleurs, depuis la prise en mains de l\u2019\u00e9quipe par l\u2019entra\u00eeneur Abdelkader-Djilali Bahloul, d\u00e9sign\u00e9 par la direction pour diriger la barre technique jusqu\u2019\u00e0 la fin de la saison, en remplacement d\u2019Azzedine A\u00eft Djoudi, limog\u00e9. Les \u00ab Canaris \u00bb restent en effet sur deux succ\u00e8s de rang, dont celui d\u00e9croch\u00e9 le week-end dernier en d\u00e9placement face \u00e0 l\u2019ES Ben Aknoun (3-2), et tenteront la passe de trois contre \u00e0 l\u2019USMA. La Ligue de football professionnel (LFP) a programm\u00e9 la 25e journ\u00e9e du championnat le week-end du 10 et 11 mai, rappelle-t-on.<\/p>\n\n\n\n<p>R.S.<\/p>\n","protected":false},"excerpt":{"rendered":"<p>L&rsquo;USM Khenchela s&rsquo;est impos\u00e9e sur le fil devant le CR Belouizdad (2-1), en match comptant pour la mise \u00e0 jour<\/p>\n","protected":false},"author":3,"featured_media":52028,"comment_status":"open","ping_status":"closed","sticky":false,"template":"","format":"standard","meta":{"colormag_page_container_layout":"default_layout","colormag_page_sidebar_layout":"default_layout","om_disable_all_campaigns":false,"_monsterinsights_skip_tracking":false,"_monsterinsights_sitenote_active":false,"_monsterinsights_sitenote_note":"","_monsterinsights_sitenote_category":0,"footnotes":"","_wpscppro_dont_share_socialmedia":false,"_wpscppro_custom_social_share_image":0,"_facebook_share_type":"default","_twitter_share_type":"default","_linkedin_share_type":"default","_pinterest_share_type":"default","_linkedin_share_type_page":"","_instagram_share_type":"default","_medium_share_type":"","_threads_share_type":"","_google_business_share_type":"","_selected_social_profile":[],"_wpsp_enable_custom_social_template":false,"_wpsp_social_scheduling":{"enabled":false,"datetime":null,"platforms":[],"status":"template_only","dateOption":"today","timeOption":"now","customDays":"","customHours":"","customDate":"","customTime":"","schedulingType":"absolute"},"_wpsp_active_default_template":true},"categories":[33],"tags":[],"class_list":["post-52027","post","type-post","status-publish","format-standard","has-post-thumbnail","hentry","category-sports"],"aioseo_notices":[],"yoast_head":"<!-- This site is optimized with the Yoast SEO plugin v27.4 - https:\/\/yoast.com\/product\/yoast-seo-wordpress\/ -->\n<title>Ligue 1 Mobilis (mise \u00e0 jour)\u00a0: L&rsquo;USM Khenchela bat le CR Belouizdad sur le fil - La Sentinelle<\/title>\n<meta name=\"robots\" content=\"index, follow, max-snippet:-1, max-image-preview:large, max-video-preview:-1\" \/>\n<link rel=\"canonical\" href=\"https:\/\/lasentinelle.dz\/index.php\/2024\/05\/06\/ligue-1-mobilis-mise-a-jour-lusm-khenchela-bat-le-cr-belouizdad-sur-le-fil\/\" \/>\n<meta property=\"og:locale\" content=\"fr_FR\" \/>\n<meta property=\"og:type\" content=\"article\" \/>\n<meta property=\"og:title\" content=\"Ligue 1 Mobilis (mise \u00e0 jour)\u00a0: L&rsquo;USM Khenchela bat le CR Belouizdad sur le fil - La Sentinelle\" \/>\n<meta property=\"og:description\" content=\"L&rsquo;USM Khenchela s&rsquo;est impos\u00e9e sur le fil devant le CR Belouizdad (2-1), en match comptant pour la mise \u00e0 jour\" \/>\n<meta property=\"og:url\" content=\"https:\/\/lasentinelle.dz\/index.php\/2024\/05\/06\/ligue-1-mobilis-mise-a-jour-lusm-khenchela-bat-le-cr-belouizdad-sur-le-fil\/\" \/>\n<meta property=\"og:site_name\" content=\"La Sentinelle\" \/>\n<meta property=\"article:publisher\" content=\"https:\/\/www.facebook.com\/La-Sentinelle-104059864394773\" \/>\n<meta property=\"article:published_time\" content=\"2024-05-06T12:35:29+00:00\" \/>\n<meta property=\"article:modified_time\" content=\"2024-05-06T12:35:34+00:00\" \/>\n<meta property=\"og:image\" content=\"https:\/\/lasentinelle.dz\/wp-content\/uploads\/2024\/05\/CRB.jpeg\" \/>\n\t<meta property=\"og:image:width\" content=\"2048\" \/>\n\t<meta property=\"og:image:height\" content=\"1366\" \/>\n\t<meta property=\"og:image:type\" content=\"image\/jpeg\" \/>\n<meta name=\"author\" content=\"La Sentinelle\" \/>\n<meta name=\"twitter:card\" content=\"summary_large_image\" \/>\n<meta name=\"twitter:label1\" content=\"\u00c9crit par\" \/>\n\t<meta name=\"twitter:data1\" content=\"La Sentinelle\" \/>\n\t<meta name=\"twitter:label2\" content=\"Dur\u00e9e de lecture estim\u00e9e\" \/>\n\t<meta name=\"twitter:data2\" content=\"2 minutes\" \/>\n<script type=\"application\/ld+json\" class=\"yoast-schema-graph\">{\"@context\":\"https:\\\/\\\/schema.org\",\"@graph\":[{\"@type\":\"Article\",\"@id\":\"https:\\\/\\\/lasentinelle.dz\\\/index.php\\\/2024\\\/05\\\/06\\\/ligue-1-mobilis-mise-a-jour-lusm-khenchela-bat-le-cr-belouizdad-sur-le-fil\\\/#article\",\"isPartOf\":{\"@id\":\"https:\\\/\\\/lasentinelle.dz\\\/index.php\\\/2024\\\/05\\\/06\\\/ligue-1-mobilis-mise-a-jour-lusm-khenchela-bat-le-cr-belouizdad-sur-le-fil\\\/\"},\"author\":{\"name\":\"La Sentinelle\",\"@id\":\"https:\\\/\\\/lasentinelle.dz\\\/#\\\/schema\\\/person\\\/d865044e22e70a75174ce8bcad3acfb3\"},\"headline\":\"Ligue 1 Mobilis (mise \u00e0 jour)\u00a0: L&rsquo;USM Khenchela bat le CR Belouizdad sur le fil\",\"datePublished\":\"2024-05-06T12:35:29+00:00\",\"dateModified\":\"2024-05-06T12:35:34+00:00\",\"mainEntityOfPage\":{\"@id\":\"https:\\\/\\\/lasentinelle.dz\\\/index.php\\\/2024\\\/05\\\/06\\\/ligue-1-mobilis-mise-a-jour-lusm-khenchela-bat-le-cr-belouizdad-sur-le-fil\\\/\"},\"wordCount\":381,\"commentCount\":0,\"publisher\":{\"@id\":\"https:\\\/\\\/lasentinelle.dz\\\/#organization\"},\"image\":{\"@id\":\"https:\\\/\\\/lasentinelle.dz\\\/index.php\\\/2024\\\/05\\\/06\\\/ligue-1-mobilis-mise-a-jour-lusm-khenchela-bat-le-cr-belouizdad-sur-le-fil\\\/#primaryimage\"},\"thumbnailUrl\":\"https:\\\/\\\/lasentinelle.dz\\\/wp-content\\\/uploads\\\/2024\\\/05\\\/CRB.jpeg\",\"articleSection\":[\"Sports\"],\"inLanguage\":\"fr-FR\",\"potentialAction\":[{\"@type\":\"CommentAction\",\"name\":\"Comment\",\"target\":[\"https:\\\/\\\/lasentinelle.dz\\\/index.php\\\/2024\\\/05\\\/06\\\/ligue-1-mobilis-mise-a-jour-lusm-khenchela-bat-le-cr-belouizdad-sur-le-fil\\\/#respond\"]}]},{\"@type\":\"WebPage\",\"@id\":\"https:\\\/\\\/lasentinelle.dz\\\/index.php\\\/2024\\\/05\\\/06\\\/ligue-1-mobilis-mise-a-jour-lusm-khenchela-bat-le-cr-belouizdad-sur-le-fil\\\/\",\"url\":\"https:\\\/\\\/lasentinelle.dz\\\/index.php\\\/2024\\\/05\\\/06\\\/ligue-1-mobilis-mise-a-jour-lusm-khenchela-bat-le-cr-belouizdad-sur-le-fil\\\/\",\"name\":\"Ligue 1 Mobilis (mise \u00e0 jour)\u00a0: L&rsquo;USM Khenchela bat le CR Belouizdad sur le fil - La Sentinelle\",\"isPartOf\":{\"@id\":\"https:\\\/\\\/lasentinelle.dz\\\/#website\"},\"primaryImageOfPage\":{\"@id\":\"https:\\\/\\\/lasentinelle.dz\\\/index.php\\\/2024\\\/05\\\/06\\\/ligue-1-mobilis-mise-a-jour-lusm-khenchela-bat-le-cr-belouizdad-sur-le-fil\\\/#primaryimage\"},\"image\":{\"@id\":\"https:\\\/\\\/lasentinelle.dz\\\/index.php\\\/2024\\\/05\\\/06\\\/ligue-1-mobilis-mise-a-jour-lusm-khenchela-bat-le-cr-belouizdad-sur-le-fil\\\/#primaryimage\"},\"thumbnailUrl\":\"https:\\\/\\\/lasentinelle.dz\\\/wp-content\\\/uploads\\\/2024\\\/05\\\/CRB.jpeg\",\"datePublished\":\"2024-05-06T12:35:29+00:00\",\"dateModified\":\"2024-05-06T12:35:34+00:00\",\"breadcrumb\":{\"@id\":\"https:\\\/\\\/lasentinelle.dz\\\/index.php\\\/2024\\\/05\\\/06\\\/ligue-1-mobilis-mise-a-jour-lusm-khenchela-bat-le-cr-belouizdad-sur-le-fil\\\/#breadcrumb\"},\"inLanguage\":\"fr-FR\",\"potentialAction\":[{\"@type\":\"ReadAction\",\"target\":[\"https:\\\/\\\/lasentinelle.dz\\\/index.php\\\/2024\\\/05\\\/06\\\/ligue-1-mobilis-mise-a-jour-lusm-khenchela-bat-le-cr-belouizdad-sur-le-fil\\\/\"]}]},{\"@type\":\"ImageObject\",\"inLanguage\":\"fr-FR\",\"@id\":\"https:\\\/\\\/lasentinelle.dz\\\/index.php\\\/2024\\\/05\\\/06\\\/ligue-1-mobilis-mise-a-jour-lusm-khenchela-bat-le-cr-belouizdad-sur-le-fil\\\/#primaryimage\",\"url\":\"https:\\\/\\\/lasentinelle.dz\\\/wp-content\\\/uploads\\\/2024\\\/05\\\/CRB.jpeg\",\"contentUrl\":\"https:\\\/\\\/lasentinelle.dz\\\/wp-content\\\/uploads\\\/2024\\\/05\\\/CRB.jpeg\",\"width\":2048,\"height\":1366},{\"@type\":\"BreadcrumbList\",\"@id\":\"https:\\\/\\\/lasentinelle.dz\\\/index.php\\\/2024\\\/05\\\/06\\\/ligue-1-mobilis-mise-a-jour-lusm-khenchela-bat-le-cr-belouizdad-sur-le-fil\\\/#breadcrumb\",\"itemListElement\":[{\"@type\":\"ListItem\",\"position\":1,\"name\":\"Accueil\",\"item\":\"https:\\\/\\\/lasentinelle.dz\\\/\"},{\"@type\":\"ListItem\",\"position\":2,\"name\":\"Ligue 1 Mobilis (mise \u00e0 jour)\u00a0: L&rsquo;USM Khenchela bat le CR Belouizdad sur le fil\"}]},{\"@type\":\"WebSite\",\"@id\":\"https:\\\/\\\/lasentinelle.dz\\\/#website\",\"url\":\"https:\\\/\\\/lasentinelle.dz\\\/\",\"name\":\"La Sentinelle\",\"description\":\"Quotidien national d&#039;information\",\"publisher\":{\"@id\":\"https:\\\/\\\/lasentinelle.dz\\\/#organization\"},\"potentialAction\":[{\"@type\":\"SearchAction\",\"target\":{\"@type\":\"EntryPoint\",\"urlTemplate\":\"https:\\\/\\\/lasentinelle.dz\\\/?s={search_term_string}\"},\"query-input\":{\"@type\":\"PropertyValueSpecification\",\"valueRequired\":true,\"valueName\":\"search_term_string\"}}],\"inLanguage\":\"fr-FR\"},{\"@type\":\"Organization\",\"@id\":\"https:\\\/\\\/lasentinelle.dz\\\/#organization\",\"name\":\"Quotidien La Sentinelle\",\"url\":\"https:\\\/\\\/lasentinelle.dz\\\/\",\"logo\":{\"@type\":\"ImageObject\",\"inLanguage\":\"fr-FR\",\"@id\":\"https:\\\/\\\/lasentinelle.dz\\\/#\\\/schema\\\/logo\\\/image\\\/\",\"url\":\"https:\\\/\\\/lasentinelle.dz\\\/wp-content\\\/uploads\\\/2021\\\/09\\\/logo-sentinelleSLOGAN-1.png\",\"contentUrl\":\"https:\\\/\\\/lasentinelle.dz\\\/wp-content\\\/uploads\\\/2021\\\/09\\\/logo-sentinelleSLOGAN-1.png\",\"width\":615,\"height\":142,\"caption\":\"Quotidien La Sentinelle\"},\"image\":{\"@id\":\"https:\\\/\\\/lasentinelle.dz\\\/#\\\/schema\\\/logo\\\/image\\\/\"},\"sameAs\":[\"https:\\\/\\\/www.facebook.com\\\/La-Sentinelle-104059864394773\"]},{\"@type\":\"Person\",\"@id\":\"https:\\\/\\\/lasentinelle.dz\\\/#\\\/schema\\\/person\\\/d865044e22e70a75174ce8bcad3acfb3\",\"name\":\"La Sentinelle\",\"image\":{\"@type\":\"ImageObject\",\"inLanguage\":\"fr-FR\",\"@id\":\"https:\\\/\\\/secure.gravatar.com\\\/avatar\\\/57de8e5d4b15d43fb361a71fbb36338450fe67865b528a43dd10ef7c51a20392?s=96&d=mm&r=g\",\"url\":\"https:\\\/\\\/secure.gravatar.com\\\/avatar\\\/57de8e5d4b15d43fb361a71fbb36338450fe67865b528a43dd10ef7c51a20392?s=96&d=mm&r=g\",\"contentUrl\":\"https:\\\/\\\/secure.gravatar.com\\\/avatar\\\/57de8e5d4b15d43fb361a71fbb36338450fe67865b528a43dd10ef7c51a20392?s=96&d=mm&r=g\",\"caption\":\"La Sentinelle\"},\"sameAs\":[\"http:\\\/\\\/www.lasentinelle.dz\"],\"url\":\"https:\\\/\\\/lasentinelle.dz\\\/author\\\/redaction\\\/\"}]}<\/script>\n<!-- \/ Yoast SEO plugin. -->","yoast_head_json":{"title":"Ligue 1 Mobilis (mise \u00e0 jour)\u00a0: L&rsquo;USM Khenchela bat le CR Belouizdad sur le fil - La Sentinelle","robots":{"index":"index","follow":"follow","max-snippet":"max-snippet:-1","max-image-preview":"max-image-preview:large","max-video-preview":"max-video-preview:-1"},"canonical":"https:\/\/lasentinelle.dz\/index.php\/2024\/05\/06\/ligue-1-mobilis-mise-a-jour-lusm-khenchela-bat-le-cr-belouizdad-sur-le-fil\/","og_locale":"fr_FR","og_type":"article","og_title":"Ligue 1 Mobilis (mise \u00e0 jour)\u00a0: L&rsquo;USM Khenchela bat le CR Belouizdad sur le fil - La Sentinelle","og_description":"L&rsquo;USM Khenchela s&rsquo;est impos\u00e9e sur le fil devant le CR Belouizdad (2-1), en match comptant pour la mise \u00e0 jour","og_url":"https:\/\/lasentinelle.dz\/index.php\/2024\/05\/06\/ligue-1-mobilis-mise-a-jour-lusm-khenchela-bat-le-cr-belouizdad-sur-le-fil\/","og_site_name":"La Sentinelle","article_publisher":"https:\/\/www.facebook.com\/La-Sentinelle-104059864394773","article_published_time":"2024-05-06T12:35:29+00:00","article_modified_time":"2024-05-06T12:35:34+00:00","og_image":[{"width":2048,"height":1366,"url":"https:\/\/lasentinelle.dz\/wp-content\/uploads\/2024\/05\/CRB.jpeg","type":"image\/jpeg"}],"author":"La Sentinelle","twitter_card":"summary_large_image","twitter_misc":{"\u00c9crit par":"La Sentinelle","Dur\u00e9e de lecture estim\u00e9e":"2 minutes"},"schema":{"@context":"https:\/\/schema.org","@graph":[{"@type":"Article","@id":"https:\/\/lasentinelle.dz\/index.php\/2024\/05\/06\/ligue-1-mobilis-mise-a-jour-lusm-khenchela-bat-le-cr-belouizdad-sur-le-fil\/#article","isPartOf":{"@id":"https:\/\/lasentinelle.dz\/index.php\/2024\/05\/06\/ligue-1-mobilis-mise-a-jour-lusm-khenchela-bat-le-cr-belouizdad-sur-le-fil\/"},"author":{"name":"La Sentinelle","@id":"https:\/\/lasentinelle.dz\/#\/schema\/person\/d865044e22e70a75174ce8bcad3acfb3"},"headline":"Ligue 1 Mobilis (mise \u00e0 jour)\u00a0: L&rsquo;USM Khenchela bat le CR Belouizdad sur le fil","datePublished":"2024-05-06T12:35:29+00:00","dateModified":"2024-05-06T12:35:34+00:00","mainEntityOfPage":{"@id":"https:\/\/lasentinelle.dz\/index.php\/2024\/05\/06\/ligue-1-mobilis-mise-a-jour-lusm-khenchela-bat-le-cr-belouizdad-sur-le-fil\/"},"wordCount":381,"commentCount":0,"publisher":{"@id":"https:\/\/lasentinelle.dz\/#organization"},"image":{"@id":"https:\/\/lasentinelle.dz\/index.php\/2024\/05\/06\/ligue-1-mobilis-mise-a-jour-lusm-khenchela-bat-le-cr-belouizdad-sur-le-fil\/#primaryimage"},"thumbnailUrl":"https:\/\/lasentinelle.dz\/wp-content\/uploads\/2024\/05\/CRB.jpeg","articleSection":["Sports"],"inLanguage":"fr-FR","potentialAction":[{"@type":"CommentAction","name":"Comment","target":["https:\/\/lasentinelle.dz\/index.php\/2024\/05\/06\/ligue-1-mobilis-mise-a-jour-lusm-khenchela-bat-le-cr-belouizdad-sur-le-fil\/#respond"]}]},{"@type":"WebPage","@id":"https:\/\/lasentinelle.dz\/index.php\/2024\/05\/06\/ligue-1-mobilis-mise-a-jour-lusm-khenchela-bat-le-cr-belouizdad-sur-le-fil\/","url":"https:\/\/lasentinelle.dz\/index.php\/2024\/05\/06\/ligue-1-mobilis-mise-a-jour-lusm-khenchela-bat-le-cr-belouizdad-sur-le-fil\/","name":"Ligue 1 Mobilis (mise \u00e0 jour)\u00a0: L&rsquo;USM Khenchela bat le CR Belouizdad sur le fil - La Sentinelle","isPartOf":{"@id":"https:\/\/lasentinelle.dz\/#website"},"primaryImageOfPage":{"@id":"https:\/\/lasentinelle.dz\/index.php\/2024\/05\/06\/ligue-1-mobilis-mise-a-jour-lusm-khenchela-bat-le-cr-belouizdad-sur-le-fil\/#primaryimage"},"image":{"@id":"https:\/\/lasentinelle.dz\/index.php\/2024\/05\/06\/ligue-1-mobilis-mise-a-jour-lusm-khenchela-bat-le-cr-belouizdad-sur-le-fil\/#primaryimage"},"thumbnailUrl":"https:\/\/lasentinelle.dz\/wp-content\/uploads\/2024\/05\/CRB.jpeg","datePublished":"2024-05-06T12:35:29+00:00","dateModified":"2024-05-06T12:35:34+00:00","breadcrumb":{"@id":"https:\/\/lasentinelle.dz\/index.php\/2024\/05\/06\/ligue-1-mobilis-mise-a-jour-lusm-khenchela-bat-le-cr-belouizdad-sur-le-fil\/#breadcrumb"},"inLanguage":"fr-FR","potentialAction":[{"@type":"ReadAction","target":["https:\/\/lasentinelle.dz\/index.php\/2024\/05\/06\/ligue-1-mobilis-mise-a-jour-lusm-khenchela-bat-le-cr-belouizdad-sur-le-fil\/"]}]},{"@type":"ImageObject","inLanguage":"fr-FR","@id":"https:\/\/lasentinelle.dz\/index.php\/2024\/05\/06\/ligue-1-mobilis-mise-a-jour-lusm-khenchela-bat-le-cr-belouizdad-sur-le-fil\/#primaryimage","url":"https:\/\/lasentinelle.dz\/wp-content\/uploads\/2024\/05\/CRB.jpeg","contentUrl":"https:\/\/lasentinelle.dz\/wp-content\/uploads\/2024\/05\/CRB.jpeg","width":2048,"height":1366},{"@type":"BreadcrumbList","@id":"https:\/\/lasentinelle.dz\/index.php\/2024\/05\/06\/ligue-1-mobilis-mise-a-jour-lusm-khenchela-bat-le-cr-belouizdad-sur-le-fil\/#breadcrumb","itemListElement":[{"@type":"ListItem","position":1,"name":"Accueil","item":"https:\/\/lasentinelle.dz\/"},{"@type":"ListItem","position":2,"name":"Ligue 1 Mobilis (mise \u00e0 jour)\u00a0: L&rsquo;USM Khenchela bat le CR Belouizdad sur le fil"}]},{"@type":"WebSite","@id":"https:\/\/lasentinelle.dz\/#website","url":"https:\/\/lasentinelle.dz\/","name":"La Sentinelle","description":"Quotidien national d&#039;information","publisher":{"@id":"https:\/\/lasentinelle.dz\/#organization"},"potentialAction":[{"@type":"SearchAction","target":{"@type":"EntryPoint","urlTemplate":"https:\/\/lasentinelle.dz\/?s={search_term_string}"},"query-input":{"@type":"PropertyValueSpecification","valueRequired":true,"valueName":"search_term_string"}}],"inLanguage":"fr-FR"},{"@type":"Organization","@id":"https:\/\/lasentinelle.dz\/#organization","name":"Quotidien La Sentinelle","url":"https:\/\/lasentinelle.dz\/","logo":{"@type":"ImageObject","inLanguage":"fr-FR","@id":"https:\/\/lasentinelle.dz\/#\/schema\/logo\/image\/","url":"https:\/\/lasentinelle.dz\/wp-content\/uploads\/2021\/09\/logo-sentinelleSLOGAN-1.png","contentUrl":"https:\/\/lasentinelle.dz\/wp-content\/uploads\/2021\/09\/logo-sentinelleSLOGAN-1.png","width":615,"height":142,"caption":"Quotidien La Sentinelle"},"image":{"@id":"https:\/\/lasentinelle.dz\/#\/schema\/logo\/image\/"},"sameAs":["https:\/\/www.facebook.com\/La-Sentinelle-104059864394773"]},{"@type":"Person","@id":"https:\/\/lasentinelle.dz\/#\/schema\/person\/d865044e22e70a75174ce8bcad3acfb3","name":"La Sentinelle","image":{"@type":"ImageObject","inLanguage":"fr-FR","@id":"https:\/\/secure.gravatar.com\/avatar\/57de8e5d4b15d43fb361a71fbb36338450fe67865b528a43dd10ef7c51a20392?s=96&d=mm&r=g","url":"https:\/\/secure.gravatar.com\/avatar\/57de8e5d4b15d43fb361a71fbb36338450fe67865b528a43dd10ef7c51a20392?s=96&d=mm&r=g","contentUrl":"https:\/\/secure.gravatar.com\/avatar\/57de8e5d4b15d43fb361a71fbb36338450fe67865b528a43dd10ef7c51a20392?s=96&d=mm&r=g","caption":"La Sentinelle"},"sameAs":["http:\/\/www.lasentinelle.dz"],"url":"https:\/\/lasentinelle.dz\/author\/redaction\/"}]}},"_links":{"self":[{"href":"https:\/\/lasentinelle.dz\/index.php\/wp-json\/wp\/v2\/posts\/52027","targetHints":{"allow":["GET"]}}],"collection":[{"href":"https:\/\/lasentinelle.dz\/index.php\/wp-json\/wp\/v2\/posts"}],"about":[{"href":"https:\/\/lasentinelle.dz\/index.php\/wp-json\/wp\/v2\/types\/post"}],"author":[{"embeddable":true,"href":"https:\/\/lasentinelle.dz\/index.php\/wp-json\/wp\/v2\/users\/3"}],"replies":[{"embeddable":true,"href":"https:\/\/lasentinelle.dz\/index.php\/wp-json\/wp\/v2\/comments?post=52027"}],"version-history":[{"count":2,"href":"https:\/\/lasentinelle.dz\/index.php\/wp-json\/wp\/v2\/posts\/52027\/revisions"}],"predecessor-version":[{"id":52030,"href":"https:\/\/lasentinelle.dz\/index.php\/wp-json\/wp\/v2\/posts\/52027\/revisions\/52030"}],"wp:featuredmedia":[{"embeddable":true,"href":"https:\/\/lasentinelle.dz\/index.php\/wp-json\/wp\/v2\/media\/52028"}],"wp:attachment":[{"href":"https:\/\/lasentinelle.dz\/index.php\/wp-json\/wp\/v2\/media?parent=52027"}],"wp:term":[{"taxonomy":"category","embeddable":true,"href":"https:\/\/lasentinelle.dz\/index.php\/wp-json\/wp\/v2\/categories?post=52027"},{"taxonomy":"post_tag","embeddable":true,"href":"https:\/\/lasentinelle.dz\/index.php\/wp-json\/wp\/v2\/tags?post=52027"}],"curies":[{"name":"wp","href":"https:\/\/api.w.org\/{rel}","templated":true}]}}