{"id":52037,"date":"2024-05-06T14:40:51","date_gmt":"2024-05-06T13:40:51","guid":{"rendered":"https:\/\/lasentinelle.dz\/?p=52037"},"modified":"2024-05-06T14:40:56","modified_gmt":"2024-05-06T13:40:56","slug":"mega-ferme-laitiere-baladna-realiser-lautosuffisance-dans-les-filieres-lait-et-viandes","status":"publish","type":"post","link":"https:\/\/lasentinelle.dz\/index.php\/2024\/05\/06\/mega-ferme-laitiere-baladna-realiser-lautosuffisance-dans-les-filieres-lait-et-viandes\/","title":{"rendered":"M\u00e9ga-ferme laiti\u00e8re Baladna\u00a0: R\u00e9aliser l\u2019autosuffisance dans les fili\u00e8res lait et viandes"},"content":{"rendered":"\n<p>Un important projet alg\u00e9ro-qatari de production de lait en poudre a \u00e9t\u00e9 lanc\u00e9 il y a quelques jours. La ferme laiti\u00e8re int\u00e9gr\u00e9e situ\u00e9e dans la wilaya d\u2019Adrar commencera \u00e0 commercialiser sa production en 2026. La production augmentera progressivement pour permettre de couvrir 50% des besoins nationaux, lesquels sont pour l\u2019heure import\u00e9s, assurent les responsables du minist\u00e8re de l\u2019Agriculture et du D\u00e9veloppement rural.<\/p>\n\n\n\n<p>La Directrice g\u00e9n\u00e9rale de l&rsquo;investissement agricole et du foncier au minist\u00e8re de l&rsquo;Agriculture et du D\u00e9veloppement rural, Souad Assous a mis en avant hier, lors d\u2019une intervention sur la deuxi\u00e8me chaine de la Radio alg\u00e9rienne, toute la port\u00e9e du projet alg\u00e9ro-qatari Baladna de production de lait en poudre lanc\u00e9 le 24 avril dernier avec la signature de l\u2019accord-cadre entre le d\u00e9partement de Youcef Cherfa et le leader qatari de la production de lait. Un projet qui s\u2019annonce d\u00e9j\u00e0 gigantesque avec un investissement de 3,5 milliards de dollars pour la cr\u00e9ation d\u2019une ferme laiti\u00e8re int\u00e9gr\u00e9e sur 117.000 hectares dans la wilaya d\u2019Adrar. Un projet qui pr\u00e9voit la cr\u00e9ation de trois p\u00f4les dans cette ferme, l\u2019un pour la production de fourrages et de c\u00e9r\u00e9ales, un second pour l\u2019\u00e9levage de vaches laiti\u00e8res et enfin une unit\u00e9 pour la transformation et la production de poudre de lait. Dans ce sens, l\u2019invit\u00e9e de la Radio a soulign\u00e9 hier lors de son intervention que le projet \u00ab Baladna \u00bb aura pour objectif final de r\u00e9duire de 50% les importations de poudre de lait. La responsable du minist\u00e8re de l\u2019Agriculture a expliqu\u00e9 que le projet devrait entrer en production \u00e0 l\u2019horizon 2026. L\u2019objectif initial sera de produire 33.000 tonnes par an de poudre de lait avant d\u2019augmenter la production pour atteindre 90.000 tonnes par an \u00e0 la sixi\u00e8me ann\u00e9e d\u2019exploitation et enfin arriver \u00e0 194.000 tonnes par an au bout de la neuvi\u00e8me ann\u00e9e. Un projet important pour la fili\u00e8re lait, mais aussi pour la fili\u00e8re viande, puisqu\u2019il est \u00e9galement question de production de viande bovine. Souad Assous a ainsi expliqu\u00e9 que \u00ab ce projet va permettre la mise sur le march\u00e9 de 84.000 t\u00eates de bovins pour la production de la viande rouge \u00bb.<\/p>\n\n\n\n<p>L\u2019intervenante qui a soulign\u00e9 la dimension strat\u00e9gique de ce projet qui va contribuer au renforcement de l\u2019approvisionnement du march\u00e9 national en produits alimentaires de base (lait et viande) et \u00e0 r\u00e9duire la facture \u00e0 l\u2019import et par cons\u00e9quent le charge sur le Tr\u00e9sor public, a \u00e9galement mis en avant son impact sur l\u2019\u00e9conomie locale de la wilaya d\u2019Adrar et de la r\u00e9gion Sud-Ouest.<\/p>\n\n\n\n<p>Elle a ainsi indiqu\u00e9 que ce projet va contribuer \u00e0 la r\u00e9duction du taux de ch\u00f4mage \u00e0 Adrar et dans les wilayas avoisinantes. Ce projet va, selon elle, permettre la cr\u00e9ation 5000 postes d\u2019emplois directs, sans compter des emplois indirects.<\/p>\n\n\n\n<p>Notons que le projet Baladna sera r\u00e9alis\u00e9 dans le cadre d\u2019une joint-venture alg\u00e9ro-qatarie dont le Fonds national d\u2019investissement d\u00e9tiendra 49% contre 51% pour le partenaire \u00e9tranger. Le financement sera conjoint, \u00e0 hauteurs de 51 % de la part de la joint-venture qui sera cr\u00e9\u00e9e et 49 % de cr\u00e9dits de banques alg\u00e9riennes. La production se fera en 4 phases, la premi\u00e8re d\u00e9butera \u00e0 l&rsquo;horizon 2026 et la derni\u00e8re aura lieu 9 ans apr\u00e8s le lancement du projet. La ferme laiti\u00e8re aura une capacit\u00e9 d\u2019accueil initiale de 50.000 t\u00eates bovines qui sera port\u00e9e \u00e0 la neuvi\u00e8me ann\u00e9e \u00e0 270.000, avec une production d&rsquo;environ 1,7 milliard de litres de lait par an, alors que la consommation globale nationale est estim\u00e9e \u00e0 5 milliards de litres par an, dont plus de la moiti\u00e9 est import\u00e9e. Le projet sera lanc\u00e9 par la production du lait en poudre dans un premier temps, avant de lancer la production de 250 autres produits, dont le lait en poudre infantile. Les travaux du projetdevraient \u00eatre lanc\u00e9e au mois d\u2019octobre 2024, alors que les \u00e9tudes seront finalis\u00e9es d&rsquo;ici \u00e0 deux ou trois mois.&nbsp;<\/p>\n\n\n\n<p>Sabrina Aziouez<\/p>\n\n\n\n<p><strong>Aoun <\/strong><strong>re\u00e7oit le pr\u00e9sident du Conseil d&rsquo;Administration de la Chambre du Qatar<\/strong><\/p>\n\n\n\n<p><strong>Le renforcement de la coop\u00e9ration dans les industries agroalimentaires en question<\/strong><\/p>\n\n\n\n<p>Le ministre de l&rsquo;Industrie et de la Production pharmaceutique, Ali Aoun, a re\u00e7u, dimanche \u00e0 Alger, le pr\u00e9sident du Conseil d&rsquo;Administration de la Chambre du Qatar, cheikh Khalifa Bin Jassim Al Thani, accompagn\u00e9 de l&rsquo;ambassadeur du Qatar \u00e0 Alger, Abdulaziz Bin Ali Ahmed Al-Naama, avec lequel il a examin\u00e9 les voies et moyens de renforcer la coop\u00e9ration bilat\u00e9rale dans le secteur, indique un communiqu\u00e9 du minist\u00e8re. Lors de cette rencontre qui s&rsquo;est d\u00e9roul\u00e9e au si\u00e8ge du minist\u00e8re, \u00ab\u00a0les deux parties ont pass\u00e9 en revue les relations de coop\u00e9ration et de partenariat entre les deux pays dans le domaine de l&rsquo;industrie et les perspectives de les renforcer dans d&rsquo;autres domaines du secteur, saluant l&rsquo;exp\u00e9rience r\u00e9ussie dans le secteur industriel\u00a0\u00bb, pr\u00e9cise la m\u00eame source. Ainsi, les deux parties ont abord\u00e9 \u00ab\u00a0les opportunit\u00e9s de coop\u00e9ration dans le domaine des industries manufacturi\u00e8res, notamment agro-alimentaires et les opportunit\u00e9 de se diriger vers d&rsquo;autres industries en coordination avec la soci\u00e9t\u00e9 alg\u00e9ro-qatarie d&rsquo;investissement\u00a0\u00bb. M. Aoun a appel\u00e9 \u00e0 \u00ab\u00a0la coordination entre les cadres du minist\u00e8re et les hommes d&rsquo;affaires qataris pour explorer d&rsquo;autres projets dans le domaine industriel et ouvrir de nouveaux domaines de coop\u00e9ration pour \u00e9tablir des partenariats au service des \u00e9conomies des deux pays fr\u00e8res\u00a0\u00bb, note le communiqu\u00e9. Pour sa part, le pr\u00e9sident du Conseil d&rsquo;Administration de la Chambre du Qatar a exprim\u00e9 sa \u00ab\u00a0grande\u00a0\u00bb satisfaction quant aux relations alg\u00e9ro-qataries qui se sont concr\u00e9tis\u00e9es \u00e0 travers plusieurs projets b\u00e9n\u00e9fiques pour les deux pays.<\/p>\n","protected":false},"excerpt":{"rendered":"<p>Un important projet alg\u00e9ro-qatari de production de lait en poudre a \u00e9t\u00e9 lanc\u00e9 il y a quelques jours. La ferme<\/p>\n","protected":false},"author":3,"featured_media":52038,"comment_status":"open","ping_status":"closed","sticky":false,"template":"","format":"standard","meta":{"colormag_page_container_layout":"default_layout","colormag_page_sidebar_layout":"default_layout","om_disable_all_campaigns":false,"_monsterinsights_skip_tracking":false,"_monsterinsights_sitenote_active":false,"_monsterinsights_sitenote_note":"","_monsterinsights_sitenote_category":0,"footnotes":"","_wpscppro_dont_share_socialmedia":false,"_wpscppro_custom_social_share_image":0,"_facebook_share_type":"default","_twitter_share_type":"default","_linkedin_share_type":"default","_pinterest_share_type":"default","_linkedin_share_type_page":"","_instagram_share_type":"default","_medium_share_type":"","_threads_share_type":"","_google_business_share_type":"","_selected_social_profile":[],"_wpsp_enable_custom_social_template":false,"_wpsp_social_scheduling":{"enabled":false,"datetime":null,"platforms":[],"status":"template_only","dateOption":"today","timeOption":"now","customDays":"","customHours":"","customDate":"","customTime":"","schedulingType":"absolute"},"_wpsp_active_default_template":true},"categories":[52,29],"tags":[],"class_list":["post-52037","post","type-post","status-publish","format-standard","has-post-thumbnail","hentry","category-a-la-une","category-economie"],"aioseo_notices":[],"yoast_head":"<!-- This site is optimized with the Yoast SEO plugin v27.5 - https:\/\/yoast.com\/product\/yoast-seo-wordpress\/ -->\n<title>M\u00e9ga-ferme laiti\u00e8re Baladna\u00a0: R\u00e9aliser l\u2019autosuffisance dans les fili\u00e8res lait et viandes - La Sentinelle<\/title>\n<meta name=\"robots\" content=\"index, follow, max-snippet:-1, max-image-preview:large, max-video-preview:-1\" \/>\n<link rel=\"canonical\" href=\"https:\/\/lasentinelle.dz\/index.php\/2024\/05\/06\/mega-ferme-laitiere-baladna-realiser-lautosuffisance-dans-les-filieres-lait-et-viandes\/\" \/>\n<meta property=\"og:locale\" content=\"fr_FR\" \/>\n<meta property=\"og:type\" content=\"article\" \/>\n<meta property=\"og:title\" content=\"M\u00e9ga-ferme laiti\u00e8re Baladna\u00a0: R\u00e9aliser l\u2019autosuffisance dans les fili\u00e8res lait et viandes - La Sentinelle\" \/>\n<meta property=\"og:description\" content=\"Un important projet alg\u00e9ro-qatari de production de lait en poudre a \u00e9t\u00e9 lanc\u00e9 il y a quelques jours. La ferme\" \/>\n<meta property=\"og:url\" content=\"https:\/\/lasentinelle.dz\/index.php\/2024\/05\/06\/mega-ferme-laitiere-baladna-realiser-lautosuffisance-dans-les-filieres-lait-et-viandes\/\" \/>\n<meta property=\"og:site_name\" content=\"La Sentinelle\" \/>\n<meta property=\"article:publisher\" content=\"https:\/\/www.facebook.com\/La-Sentinelle-104059864394773\" \/>\n<meta property=\"article:published_time\" content=\"2024-05-06T13:40:51+00:00\" \/>\n<meta property=\"article:modified_time\" content=\"2024-05-06T13:40:56+00:00\" \/>\n<meta property=\"og:image\" content=\"https:\/\/lasentinelle.dz\/wp-content\/uploads\/2024\/05\/vaches.jpeg\" \/>\n\t<meta property=\"og:image:width\" content=\"768\" \/>\n\t<meta property=\"og:image:height\" content=\"492\" \/>\n\t<meta property=\"og:image:type\" content=\"image\/jpeg\" \/>\n<meta name=\"author\" content=\"La Sentinelle\" \/>\n<meta name=\"twitter:card\" content=\"summary_large_image\" \/>\n<meta name=\"twitter:label1\" content=\"\u00c9crit par\" \/>\n\t<meta name=\"twitter:data1\" content=\"La Sentinelle\" \/>\n\t<meta name=\"twitter:label2\" content=\"Dur\u00e9e de lecture estim\u00e9e\" \/>\n\t<meta name=\"twitter:data2\" content=\"5 minutes\" \/>\n<script type=\"application\/ld+json\" class=\"yoast-schema-graph\">{\"@context\":\"https:\\\/\\\/schema.org\",\"@graph\":[{\"@type\":\"Article\",\"@id\":\"https:\\\/\\\/lasentinelle.dz\\\/index.php\\\/2024\\\/05\\\/06\\\/mega-ferme-laitiere-baladna-realiser-lautosuffisance-dans-les-filieres-lait-et-viandes\\\/#article\",\"isPartOf\":{\"@id\":\"https:\\\/\\\/lasentinelle.dz\\\/index.php\\\/2024\\\/05\\\/06\\\/mega-ferme-laitiere-baladna-realiser-lautosuffisance-dans-les-filieres-lait-et-viandes\\\/\"},\"author\":{\"name\":\"La Sentinelle\",\"@id\":\"https:\\\/\\\/lasentinelle.dz\\\/#\\\/schema\\\/person\\\/d865044e22e70a75174ce8bcad3acfb3\"},\"headline\":\"M\u00e9ga-ferme laiti\u00e8re Baladna\u00a0: R\u00e9aliser l\u2019autosuffisance dans les fili\u00e8res lait et viandes\",\"datePublished\":\"2024-05-06T13:40:51+00:00\",\"dateModified\":\"2024-05-06T13:40:56+00:00\",\"mainEntityOfPage\":{\"@id\":\"https:\\\/\\\/lasentinelle.dz\\\/index.php\\\/2024\\\/05\\\/06\\\/mega-ferme-laitiere-baladna-realiser-lautosuffisance-dans-les-filieres-lait-et-viandes\\\/\"},\"wordCount\":1009,\"commentCount\":0,\"publisher\":{\"@id\":\"https:\\\/\\\/lasentinelle.dz\\\/#organization\"},\"image\":{\"@id\":\"https:\\\/\\\/lasentinelle.dz\\\/index.php\\\/2024\\\/05\\\/06\\\/mega-ferme-laitiere-baladna-realiser-lautosuffisance-dans-les-filieres-lait-et-viandes\\\/#primaryimage\"},\"thumbnailUrl\":\"https:\\\/\\\/lasentinelle.dz\\\/wp-content\\\/uploads\\\/2024\\\/05\\\/vaches.jpeg\",\"articleSection\":[\"\u00c0 la Une\",\"\u00c9conomie\"],\"inLanguage\":\"fr-FR\",\"potentialAction\":[{\"@type\":\"CommentAction\",\"name\":\"Comment\",\"target\":[\"https:\\\/\\\/lasentinelle.dz\\\/index.php\\\/2024\\\/05\\\/06\\\/mega-ferme-laitiere-baladna-realiser-lautosuffisance-dans-les-filieres-lait-et-viandes\\\/#respond\"]}]},{\"@type\":\"WebPage\",\"@id\":\"https:\\\/\\\/lasentinelle.dz\\\/index.php\\\/2024\\\/05\\\/06\\\/mega-ferme-laitiere-baladna-realiser-lautosuffisance-dans-les-filieres-lait-et-viandes\\\/\",\"url\":\"https:\\\/\\\/lasentinelle.dz\\\/index.php\\\/2024\\\/05\\\/06\\\/mega-ferme-laitiere-baladna-realiser-lautosuffisance-dans-les-filieres-lait-et-viandes\\\/\",\"name\":\"M\u00e9ga-ferme laiti\u00e8re Baladna\u00a0: R\u00e9aliser l\u2019autosuffisance dans les fili\u00e8res lait et viandes - La Sentinelle\",\"isPartOf\":{\"@id\":\"https:\\\/\\\/lasentinelle.dz\\\/#website\"},\"primaryImageOfPage\":{\"@id\":\"https:\\\/\\\/lasentinelle.dz\\\/index.php\\\/2024\\\/05\\\/06\\\/mega-ferme-laitiere-baladna-realiser-lautosuffisance-dans-les-filieres-lait-et-viandes\\\/#primaryimage\"},\"image\":{\"@id\":\"https:\\\/\\\/lasentinelle.dz\\\/index.php\\\/2024\\\/05\\\/06\\\/mega-ferme-laitiere-baladna-realiser-lautosuffisance-dans-les-filieres-lait-et-viandes\\\/#primaryimage\"},\"thumbnailUrl\":\"https:\\\/\\\/lasentinelle.dz\\\/wp-content\\\/uploads\\\/2024\\\/05\\\/vaches.jpeg\",\"datePublished\":\"2024-05-06T13:40:51+00:00\",\"dateModified\":\"2024-05-06T13:40:56+00:00\",\"breadcrumb\":{\"@id\":\"https:\\\/\\\/lasentinelle.dz\\\/index.php\\\/2024\\\/05\\\/06\\\/mega-ferme-laitiere-baladna-realiser-lautosuffisance-dans-les-filieres-lait-et-viandes\\\/#breadcrumb\"},\"inLanguage\":\"fr-FR\",\"potentialAction\":[{\"@type\":\"ReadAction\",\"target\":[\"https:\\\/\\\/lasentinelle.dz\\\/index.php\\\/2024\\\/05\\\/06\\\/mega-ferme-laitiere-baladna-realiser-lautosuffisance-dans-les-filieres-lait-et-viandes\\\/\"]}]},{\"@type\":\"ImageObject\",\"inLanguage\":\"fr-FR\",\"@id\":\"https:\\\/\\\/lasentinelle.dz\\\/index.php\\\/2024\\\/05\\\/06\\\/mega-ferme-laitiere-baladna-realiser-lautosuffisance-dans-les-filieres-lait-et-viandes\\\/#primaryimage\",\"url\":\"https:\\\/\\\/lasentinelle.dz\\\/wp-content\\\/uploads\\\/2024\\\/05\\\/vaches.jpeg\",\"contentUrl\":\"https:\\\/\\\/lasentinelle.dz\\\/wp-content\\\/uploads\\\/2024\\\/05\\\/vaches.jpeg\",\"width\":768,\"height\":492},{\"@type\":\"BreadcrumbList\",\"@id\":\"https:\\\/\\\/lasentinelle.dz\\\/index.php\\\/2024\\\/05\\\/06\\\/mega-ferme-laitiere-baladna-realiser-lautosuffisance-dans-les-filieres-lait-et-viandes\\\/#breadcrumb\",\"itemListElement\":[{\"@type\":\"ListItem\",\"position\":1,\"name\":\"Accueil\",\"item\":\"https:\\\/\\\/lasentinelle.dz\\\/\"},{\"@type\":\"ListItem\",\"position\":2,\"name\":\"M\u00e9ga-ferme laiti\u00e8re Baladna\u00a0: R\u00e9aliser l\u2019autosuffisance dans les fili\u00e8res lait et viandes\"}]},{\"@type\":\"WebSite\",\"@id\":\"https:\\\/\\\/lasentinelle.dz\\\/#website\",\"url\":\"https:\\\/\\\/lasentinelle.dz\\\/\",\"name\":\"La Sentinelle\",\"description\":\"Quotidien national d&#039;information\",\"publisher\":{\"@id\":\"https:\\\/\\\/lasentinelle.dz\\\/#organization\"},\"potentialAction\":[{\"@type\":\"SearchAction\",\"target\":{\"@type\":\"EntryPoint\",\"urlTemplate\":\"https:\\\/\\\/lasentinelle.dz\\\/?s={search_term_string}\"},\"query-input\":{\"@type\":\"PropertyValueSpecification\",\"valueRequired\":true,\"valueName\":\"search_term_string\"}}],\"inLanguage\":\"fr-FR\"},{\"@type\":\"Organization\",\"@id\":\"https:\\\/\\\/lasentinelle.dz\\\/#organization\",\"name\":\"Quotidien La Sentinelle\",\"url\":\"https:\\\/\\\/lasentinelle.dz\\\/\",\"logo\":{\"@type\":\"ImageObject\",\"inLanguage\":\"fr-FR\",\"@id\":\"https:\\\/\\\/lasentinelle.dz\\\/#\\\/schema\\\/logo\\\/image\\\/\",\"url\":\"https:\\\/\\\/lasentinelle.dz\\\/wp-content\\\/uploads\\\/2021\\\/09\\\/logo-sentinelleSLOGAN-1.png\",\"contentUrl\":\"https:\\\/\\\/lasentinelle.dz\\\/wp-content\\\/uploads\\\/2021\\\/09\\\/logo-sentinelleSLOGAN-1.png\",\"width\":615,\"height\":142,\"caption\":\"Quotidien La Sentinelle\"},\"image\":{\"@id\":\"https:\\\/\\\/lasentinelle.dz\\\/#\\\/schema\\\/logo\\\/image\\\/\"},\"sameAs\":[\"https:\\\/\\\/www.facebook.com\\\/La-Sentinelle-104059864394773\"]},{\"@type\":\"Person\",\"@id\":\"https:\\\/\\\/lasentinelle.dz\\\/#\\\/schema\\\/person\\\/d865044e22e70a75174ce8bcad3acfb3\",\"name\":\"La Sentinelle\",\"image\":{\"@type\":\"ImageObject\",\"inLanguage\":\"fr-FR\",\"@id\":\"https:\\\/\\\/secure.gravatar.com\\\/avatar\\\/57de8e5d4b15d43fb361a71fbb36338450fe67865b528a43dd10ef7c51a20392?s=96&d=mm&r=g\",\"url\":\"https:\\\/\\\/secure.gravatar.com\\\/avatar\\\/57de8e5d4b15d43fb361a71fbb36338450fe67865b528a43dd10ef7c51a20392?s=96&d=mm&r=g\",\"contentUrl\":\"https:\\\/\\\/secure.gravatar.com\\\/avatar\\\/57de8e5d4b15d43fb361a71fbb36338450fe67865b528a43dd10ef7c51a20392?s=96&d=mm&r=g\",\"caption\":\"La Sentinelle\"},\"sameAs\":[\"http:\\\/\\\/www.lasentinelle.dz\"],\"url\":\"https:\\\/\\\/lasentinelle.dz\\\/author\\\/redaction\\\/\"}]}<\/script>\n<!-- \/ Yoast SEO plugin. -->","yoast_head_json":{"title":"M\u00e9ga-ferme laiti\u00e8re Baladna\u00a0: R\u00e9aliser l\u2019autosuffisance dans les fili\u00e8res lait et viandes - La Sentinelle","robots":{"index":"index","follow":"follow","max-snippet":"max-snippet:-1","max-image-preview":"max-image-preview:large","max-video-preview":"max-video-preview:-1"},"canonical":"https:\/\/lasentinelle.dz\/index.php\/2024\/05\/06\/mega-ferme-laitiere-baladna-realiser-lautosuffisance-dans-les-filieres-lait-et-viandes\/","og_locale":"fr_FR","og_type":"article","og_title":"M\u00e9ga-ferme laiti\u00e8re Baladna\u00a0: R\u00e9aliser l\u2019autosuffisance dans les fili\u00e8res lait et viandes - La Sentinelle","og_description":"Un important projet alg\u00e9ro-qatari de production de lait en poudre a \u00e9t\u00e9 lanc\u00e9 il y a quelques jours. La ferme","og_url":"https:\/\/lasentinelle.dz\/index.php\/2024\/05\/06\/mega-ferme-laitiere-baladna-realiser-lautosuffisance-dans-les-filieres-lait-et-viandes\/","og_site_name":"La Sentinelle","article_publisher":"https:\/\/www.facebook.com\/La-Sentinelle-104059864394773","article_published_time":"2024-05-06T13:40:51+00:00","article_modified_time":"2024-05-06T13:40:56+00:00","og_image":[{"width":768,"height":492,"url":"https:\/\/lasentinelle.dz\/wp-content\/uploads\/2024\/05\/vaches.jpeg","type":"image\/jpeg"}],"author":"La Sentinelle","twitter_card":"summary_large_image","twitter_misc":{"\u00c9crit par":"La Sentinelle","Dur\u00e9e de lecture estim\u00e9e":"5 minutes"},"schema":{"@context":"https:\/\/schema.org","@graph":[{"@type":"Article","@id":"https:\/\/lasentinelle.dz\/index.php\/2024\/05\/06\/mega-ferme-laitiere-baladna-realiser-lautosuffisance-dans-les-filieres-lait-et-viandes\/#article","isPartOf":{"@id":"https:\/\/lasentinelle.dz\/index.php\/2024\/05\/06\/mega-ferme-laitiere-baladna-realiser-lautosuffisance-dans-les-filieres-lait-et-viandes\/"},"author":{"name":"La Sentinelle","@id":"https:\/\/lasentinelle.dz\/#\/schema\/person\/d865044e22e70a75174ce8bcad3acfb3"},"headline":"M\u00e9ga-ferme laiti\u00e8re Baladna\u00a0: R\u00e9aliser l\u2019autosuffisance dans les fili\u00e8res lait et viandes","datePublished":"2024-05-06T13:40:51+00:00","dateModified":"2024-05-06T13:40:56+00:00","mainEntityOfPage":{"@id":"https:\/\/lasentinelle.dz\/index.php\/2024\/05\/06\/mega-ferme-laitiere-baladna-realiser-lautosuffisance-dans-les-filieres-lait-et-viandes\/"},"wordCount":1009,"commentCount":0,"publisher":{"@id":"https:\/\/lasentinelle.dz\/#organization"},"image":{"@id":"https:\/\/lasentinelle.dz\/index.php\/2024\/05\/06\/mega-ferme-laitiere-baladna-realiser-lautosuffisance-dans-les-filieres-lait-et-viandes\/#primaryimage"},"thumbnailUrl":"https:\/\/lasentinelle.dz\/wp-content\/uploads\/2024\/05\/vaches.jpeg","articleSection":["\u00c0 la Une","\u00c9conomie"],"inLanguage":"fr-FR","potentialAction":[{"@type":"CommentAction","name":"Comment","target":["https:\/\/lasentinelle.dz\/index.php\/2024\/05\/06\/mega-ferme-laitiere-baladna-realiser-lautosuffisance-dans-les-filieres-lait-et-viandes\/#respond"]}]},{"@type":"WebPage","@id":"https:\/\/lasentinelle.dz\/index.php\/2024\/05\/06\/mega-ferme-laitiere-baladna-realiser-lautosuffisance-dans-les-filieres-lait-et-viandes\/","url":"https:\/\/lasentinelle.dz\/index.php\/2024\/05\/06\/mega-ferme-laitiere-baladna-realiser-lautosuffisance-dans-les-filieres-lait-et-viandes\/","name":"M\u00e9ga-ferme laiti\u00e8re Baladna\u00a0: R\u00e9aliser l\u2019autosuffisance dans les fili\u00e8res lait et viandes - La Sentinelle","isPartOf":{"@id":"https:\/\/lasentinelle.dz\/#website"},"primaryImageOfPage":{"@id":"https:\/\/lasentinelle.dz\/index.php\/2024\/05\/06\/mega-ferme-laitiere-baladna-realiser-lautosuffisance-dans-les-filieres-lait-et-viandes\/#primaryimage"},"image":{"@id":"https:\/\/lasentinelle.dz\/index.php\/2024\/05\/06\/mega-ferme-laitiere-baladna-realiser-lautosuffisance-dans-les-filieres-lait-et-viandes\/#primaryimage"},"thumbnailUrl":"https:\/\/lasentinelle.dz\/wp-content\/uploads\/2024\/05\/vaches.jpeg","datePublished":"2024-05-06T13:40:51+00:00","dateModified":"2024-05-06T13:40:56+00:00","breadcrumb":{"@id":"https:\/\/lasentinelle.dz\/index.php\/2024\/05\/06\/mega-ferme-laitiere-baladna-realiser-lautosuffisance-dans-les-filieres-lait-et-viandes\/#breadcrumb"},"inLanguage":"fr-FR","potentialAction":[{"@type":"ReadAction","target":["https:\/\/lasentinelle.dz\/index.php\/2024\/05\/06\/mega-ferme-laitiere-baladna-realiser-lautosuffisance-dans-les-filieres-lait-et-viandes\/"]}]},{"@type":"ImageObject","inLanguage":"fr-FR","@id":"https:\/\/lasentinelle.dz\/index.php\/2024\/05\/06\/mega-ferme-laitiere-baladna-realiser-lautosuffisance-dans-les-filieres-lait-et-viandes\/#primaryimage","url":"https:\/\/lasentinelle.dz\/wp-content\/uploads\/2024\/05\/vaches.jpeg","contentUrl":"https:\/\/lasentinelle.dz\/wp-content\/uploads\/2024\/05\/vaches.jpeg","width":768,"height":492},{"@type":"BreadcrumbList","@id":"https:\/\/lasentinelle.dz\/index.php\/2024\/05\/06\/mega-ferme-laitiere-baladna-realiser-lautosuffisance-dans-les-filieres-lait-et-viandes\/#breadcrumb","itemListElement":[{"@type":"ListItem","position":1,"name":"Accueil","item":"https:\/\/lasentinelle.dz\/"},{"@type":"ListItem","position":2,"name":"M\u00e9ga-ferme laiti\u00e8re Baladna\u00a0: R\u00e9aliser l\u2019autosuffisance dans les fili\u00e8res lait et viandes"}]},{"@type":"WebSite","@id":"https:\/\/lasentinelle.dz\/#website","url":"https:\/\/lasentinelle.dz\/","name":"La Sentinelle","description":"Quotidien national d&#039;information","publisher":{"@id":"https:\/\/lasentinelle.dz\/#organization"},"potentialAction":[{"@type":"SearchAction","target":{"@type":"EntryPoint","urlTemplate":"https:\/\/lasentinelle.dz\/?s={search_term_string}"},"query-input":{"@type":"PropertyValueSpecification","valueRequired":true,"valueName":"search_term_string"}}],"inLanguage":"fr-FR"},{"@type":"Organization","@id":"https:\/\/lasentinelle.dz\/#organization","name":"Quotidien La Sentinelle","url":"https:\/\/lasentinelle.dz\/","logo":{"@type":"ImageObject","inLanguage":"fr-FR","@id":"https:\/\/lasentinelle.dz\/#\/schema\/logo\/image\/","url":"https:\/\/lasentinelle.dz\/wp-content\/uploads\/2021\/09\/logo-sentinelleSLOGAN-1.png","contentUrl":"https:\/\/lasentinelle.dz\/wp-content\/uploads\/2021\/09\/logo-sentinelleSLOGAN-1.png","width":615,"height":142,"caption":"Quotidien La Sentinelle"},"image":{"@id":"https:\/\/lasentinelle.dz\/#\/schema\/logo\/image\/"},"sameAs":["https:\/\/www.facebook.com\/La-Sentinelle-104059864394773"]},{"@type":"Person","@id":"https:\/\/lasentinelle.dz\/#\/schema\/person\/d865044e22e70a75174ce8bcad3acfb3","name":"La Sentinelle","image":{"@type":"ImageObject","inLanguage":"fr-FR","@id":"https:\/\/secure.gravatar.com\/avatar\/57de8e5d4b15d43fb361a71fbb36338450fe67865b528a43dd10ef7c51a20392?s=96&d=mm&r=g","url":"https:\/\/secure.gravatar.com\/avatar\/57de8e5d4b15d43fb361a71fbb36338450fe67865b528a43dd10ef7c51a20392?s=96&d=mm&r=g","contentUrl":"https:\/\/secure.gravatar.com\/avatar\/57de8e5d4b15d43fb361a71fbb36338450fe67865b528a43dd10ef7c51a20392?s=96&d=mm&r=g","caption":"La Sentinelle"},"sameAs":["http:\/\/www.lasentinelle.dz"],"url":"https:\/\/lasentinelle.dz\/author\/redaction\/"}]}},"_links":{"self":[{"href":"https:\/\/lasentinelle.dz\/index.php\/wp-json\/wp\/v2\/posts\/52037","targetHints":{"allow":["GET"]}}],"collection":[{"href":"https:\/\/lasentinelle.dz\/index.php\/wp-json\/wp\/v2\/posts"}],"about":[{"href":"https:\/\/lasentinelle.dz\/index.php\/wp-json\/wp\/v2\/types\/post"}],"author":[{"embeddable":true,"href":"https:\/\/lasentinelle.dz\/index.php\/wp-json\/wp\/v2\/users\/3"}],"replies":[{"embeddable":true,"href":"https:\/\/lasentinelle.dz\/index.php\/wp-json\/wp\/v2\/comments?post=52037"}],"version-history":[{"count":1,"href":"https:\/\/lasentinelle.dz\/index.php\/wp-json\/wp\/v2\/posts\/52037\/revisions"}],"predecessor-version":[{"id":52039,"href":"https:\/\/lasentinelle.dz\/index.php\/wp-json\/wp\/v2\/posts\/52037\/revisions\/52039"}],"wp:featuredmedia":[{"embeddable":true,"href":"https:\/\/lasentinelle.dz\/index.php\/wp-json\/wp\/v2\/media\/52038"}],"wp:attachment":[{"href":"https:\/\/lasentinelle.dz\/index.php\/wp-json\/wp\/v2\/media?parent=52037"}],"wp:term":[{"taxonomy":"category","embeddable":true,"href":"https:\/\/lasentinelle.dz\/index.php\/wp-json\/wp\/v2\/categories?post=52037"},{"taxonomy":"post_tag","embeddable":true,"href":"https:\/\/lasentinelle.dz\/index.php\/wp-json\/wp\/v2\/tags?post=52037"}],"curies":[{"name":"wp","href":"https:\/\/api.w.org\/{rel}","templated":true}]}}