{"id":52068,"date":"2024-05-07T13:56:00","date_gmt":"2024-05-07T12:56:00","guid":{"rendered":"https:\/\/lasentinelle.dz\/?p=52068"},"modified":"2024-05-07T13:56:07","modified_gmt":"2024-05-07T12:56:07","slug":"ligue-1-mobilis-la-lfp-devoile-le-programme-de-la-25e-journee","status":"publish","type":"post","link":"https:\/\/lasentinelle.dz\/index.php\/2024\/05\/07\/ligue-1-mobilis-la-lfp-devoile-le-programme-de-la-25e-journee\/","title":{"rendered":"Ligue 1 Mobilis\u00a0: La LFP d\u00e9voile le programme de la 25e journ\u00e9e"},"content":{"rendered":"\n<p>La Ligue de football professionnel (LFP) a d\u00e9voil\u00e9, ce dimanche, le programme de la 25e journ\u00e9e du championnat de Ligue 1 Mobilis de football, pr\u00e9vue le week-end du vendredi 10 et samedi 11 mai. Cette journ\u00e9e d\u00e9butera le vendredi 10 mai avec deux matchs au menu : USM Alger-MC El-Bayadh et ES S\u00e9tif-US Souf, et se poursuivra le lendemain avec le d\u00e9roulement de six rencontres, dont celle du leader, le MC Alger, en appel face \u00e0 l&rsquo;USM Khenchela. Le stade Nelson-Mandela de Baraki abritera deux matchs au cours de cette journ\u00e9e : USM Alger-MC El-Bayadh (vendredi) et CR Belouizdad- ES Ben Aknoun (samedi). Avant cette 25e journ\u00e9e, la LFP a programm\u00e9 deux matchs de mise \u00e0 jour de la 19e journ\u00e9e. Le quadruple champion d&rsquo;Alg\u00e9rie le CR Belouizdad s&rsquo;est inclin\u00e9 samedi en d\u00e9placement face \u00e0 l&rsquo;USM Khenchela (2-1), alors que l&rsquo;autre rencontre se jouera lundi entre l&rsquo;USM Alger et la JS Kabylie, au stade Nelson-Mandela de Baraki (19h00). Trois matchs de mise \u00e0 jour du calendrier restent \u00e0 programmer : MC Oran- USM Alger (22e J), USM Alger-ES Ben Aknoun (23e J), et CS Constantine-USM Alger (24e J). Au terme de la 24e journ\u00e9e, le MCA caracole en t\u00eate du classement avec 56 points, \u00e0 13 longueurs, provisoirement, de son dauphin, le CS Constantine (2e, 43 pts).<\/p>\n\n\n\n<p>La LFP a \u00e9galement fix\u00e9 la date de la finale de la Coupe de la Ligue cat\u00e9gorie \u00ab\u00a0R\u00e9serve\u00a0\u00bb \u00e9dition 2023\/2024, opposant l&rsquo;ES S\u00e9tif \u00e0 la JS Kabylie, pour le vendredi 10 mai 2024 \u00e0 16h30 au stade Salem Mabrouki de Rouiba. La JSK s&rsquo;est qualifi\u00e9e pour la finale de la deuxi\u00e8me \u00e9dition de la Coupe de la Ligue \u00ab\u00a0R\u00e9serve\u00a0\u00bb en dominant le CS Constantine sur le score de 3 \u00e0 1, tandis que l&rsquo;ES S\u00e9tif a \u00e9cart\u00e9 le MC Oran (1-0). Pour rappel, le tenant du troph\u00e9e est le MC Alger, vainqueur de la premi\u00e8re \u00e9dition disput\u00e9e la saison derni\u00e8re, apr\u00e8s sa victoire en finale face au CR Belouizdad (1-1, aux t.a.b : 6-5), au stade Omar-Benrabah de Dar El-Be\u00efda.<\/p>\n\n\n\n<p>R.S.<\/p>\n","protected":false},"excerpt":{"rendered":"<p>La Ligue de football professionnel (LFP) a d\u00e9voil\u00e9, ce dimanche, le programme de la 25e journ\u00e9e du championnat de Ligue<\/p>\n","protected":false},"author":3,"featured_media":43719,"comment_status":"open","ping_status":"closed","sticky":false,"template":"","format":"standard","meta":{"colormag_page_container_layout":"default_layout","colormag_page_sidebar_layout":"default_layout","om_disable_all_campaigns":false,"_monsterinsights_skip_tracking":false,"_monsterinsights_sitenote_active":false,"_monsterinsights_sitenote_note":"","_monsterinsights_sitenote_category":0,"footnotes":"","_wpscppro_dont_share_socialmedia":false,"_wpscppro_custom_social_share_image":0,"_facebook_share_type":"default","_twitter_share_type":"default","_linkedin_share_type":"default","_pinterest_share_type":"default","_linkedin_share_type_page":"","_instagram_share_type":"default","_medium_share_type":"","_threads_share_type":"","_google_business_share_type":"","_selected_social_profile":[],"_wpsp_enable_custom_social_template":false,"_wpsp_social_scheduling":{"enabled":false,"datetime":null,"platforms":[],"status":"template_only","dateOption":"today","timeOption":"now","customDays":"","customHours":"","customDate":"","customTime":"","schedulingType":"absolute"},"_wpsp_active_default_template":true},"categories":[33],"tags":[],"class_list":["post-52068","post","type-post","status-publish","format-standard","has-post-thumbnail","hentry","category-sports"],"aioseo_notices":[],"yoast_head":"<!-- This site is optimized with the Yoast SEO plugin v27.5 - https:\/\/yoast.com\/product\/yoast-seo-wordpress\/ -->\n<title>Ligue 1 Mobilis\u00a0: La LFP d\u00e9voile le programme de la 25e journ\u00e9e - La Sentinelle<\/title>\n<meta name=\"robots\" content=\"index, follow, max-snippet:-1, max-image-preview:large, max-video-preview:-1\" \/>\n<link rel=\"canonical\" href=\"https:\/\/lasentinelle.dz\/index.php\/2024\/05\/07\/ligue-1-mobilis-la-lfp-devoile-le-programme-de-la-25e-journee\/\" \/>\n<meta property=\"og:locale\" content=\"fr_FR\" \/>\n<meta property=\"og:type\" content=\"article\" \/>\n<meta property=\"og:title\" content=\"Ligue 1 Mobilis\u00a0: La LFP d\u00e9voile le programme de la 25e journ\u00e9e - La Sentinelle\" \/>\n<meta property=\"og:description\" content=\"La Ligue de football professionnel (LFP) a d\u00e9voil\u00e9, ce dimanche, le programme de la 25e journ\u00e9e du championnat de Ligue\" \/>\n<meta property=\"og:url\" content=\"https:\/\/lasentinelle.dz\/index.php\/2024\/05\/07\/ligue-1-mobilis-la-lfp-devoile-le-programme-de-la-25e-journee\/\" \/>\n<meta property=\"og:site_name\" content=\"La Sentinelle\" \/>\n<meta property=\"article:publisher\" content=\"https:\/\/www.facebook.com\/La-Sentinelle-104059864394773\" \/>\n<meta property=\"article:published_time\" content=\"2024-05-07T12:56:00+00:00\" \/>\n<meta property=\"article:modified_time\" content=\"2024-05-07T12:56:07+00:00\" \/>\n<meta property=\"og:image\" content=\"https:\/\/lasentinelle.dz\/wp-content\/uploads\/2023\/07\/Ligue-1.jpeg\" \/>\n\t<meta property=\"og:image:width\" content=\"580\" \/>\n\t<meta property=\"og:image:height\" content=\"350\" \/>\n\t<meta property=\"og:image:type\" content=\"image\/jpeg\" \/>\n<meta name=\"author\" content=\"La Sentinelle\" \/>\n<meta name=\"twitter:card\" content=\"summary_large_image\" \/>\n<meta name=\"twitter:label1\" content=\"\u00c9crit par\" \/>\n\t<meta name=\"twitter:data1\" content=\"La Sentinelle\" \/>\n\t<meta name=\"twitter:label2\" content=\"Dur\u00e9e de lecture estim\u00e9e\" \/>\n\t<meta name=\"twitter:data2\" content=\"2 minutes\" \/>\n<script type=\"application\/ld+json\" class=\"yoast-schema-graph\">{\"@context\":\"https:\\\/\\\/schema.org\",\"@graph\":[{\"@type\":\"Article\",\"@id\":\"https:\\\/\\\/lasentinelle.dz\\\/index.php\\\/2024\\\/05\\\/07\\\/ligue-1-mobilis-la-lfp-devoile-le-programme-de-la-25e-journee\\\/#article\",\"isPartOf\":{\"@id\":\"https:\\\/\\\/lasentinelle.dz\\\/index.php\\\/2024\\\/05\\\/07\\\/ligue-1-mobilis-la-lfp-devoile-le-programme-de-la-25e-journee\\\/\"},\"author\":{\"name\":\"La Sentinelle\",\"@id\":\"https:\\\/\\\/lasentinelle.dz\\\/#\\\/schema\\\/person\\\/d865044e22e70a75174ce8bcad3acfb3\"},\"headline\":\"Ligue 1 Mobilis\u00a0: La LFP d\u00e9voile le programme de la 25e journ\u00e9e\",\"datePublished\":\"2024-05-07T12:56:00+00:00\",\"dateModified\":\"2024-05-07T12:56:07+00:00\",\"mainEntityOfPage\":{\"@id\":\"https:\\\/\\\/lasentinelle.dz\\\/index.php\\\/2024\\\/05\\\/07\\\/ligue-1-mobilis-la-lfp-devoile-le-programme-de-la-25e-journee\\\/\"},\"wordCount\":365,\"commentCount\":0,\"publisher\":{\"@id\":\"https:\\\/\\\/lasentinelle.dz\\\/#organization\"},\"image\":{\"@id\":\"https:\\\/\\\/lasentinelle.dz\\\/index.php\\\/2024\\\/05\\\/07\\\/ligue-1-mobilis-la-lfp-devoile-le-programme-de-la-25e-journee\\\/#primaryimage\"},\"thumbnailUrl\":\"https:\\\/\\\/lasentinelle.dz\\\/wp-content\\\/uploads\\\/2023\\\/07\\\/Ligue-1.jpeg\",\"articleSection\":[\"Sports\"],\"inLanguage\":\"fr-FR\",\"potentialAction\":[{\"@type\":\"CommentAction\",\"name\":\"Comment\",\"target\":[\"https:\\\/\\\/lasentinelle.dz\\\/index.php\\\/2024\\\/05\\\/07\\\/ligue-1-mobilis-la-lfp-devoile-le-programme-de-la-25e-journee\\\/#respond\"]}]},{\"@type\":\"WebPage\",\"@id\":\"https:\\\/\\\/lasentinelle.dz\\\/index.php\\\/2024\\\/05\\\/07\\\/ligue-1-mobilis-la-lfp-devoile-le-programme-de-la-25e-journee\\\/\",\"url\":\"https:\\\/\\\/lasentinelle.dz\\\/index.php\\\/2024\\\/05\\\/07\\\/ligue-1-mobilis-la-lfp-devoile-le-programme-de-la-25e-journee\\\/\",\"name\":\"Ligue 1 Mobilis\u00a0: La LFP d\u00e9voile le programme de la 25e journ\u00e9e - La Sentinelle\",\"isPartOf\":{\"@id\":\"https:\\\/\\\/lasentinelle.dz\\\/#website\"},\"primaryImageOfPage\":{\"@id\":\"https:\\\/\\\/lasentinelle.dz\\\/index.php\\\/2024\\\/05\\\/07\\\/ligue-1-mobilis-la-lfp-devoile-le-programme-de-la-25e-journee\\\/#primaryimage\"},\"image\":{\"@id\":\"https:\\\/\\\/lasentinelle.dz\\\/index.php\\\/2024\\\/05\\\/07\\\/ligue-1-mobilis-la-lfp-devoile-le-programme-de-la-25e-journee\\\/#primaryimage\"},\"thumbnailUrl\":\"https:\\\/\\\/lasentinelle.dz\\\/wp-content\\\/uploads\\\/2023\\\/07\\\/Ligue-1.jpeg\",\"datePublished\":\"2024-05-07T12:56:00+00:00\",\"dateModified\":\"2024-05-07T12:56:07+00:00\",\"breadcrumb\":{\"@id\":\"https:\\\/\\\/lasentinelle.dz\\\/index.php\\\/2024\\\/05\\\/07\\\/ligue-1-mobilis-la-lfp-devoile-le-programme-de-la-25e-journee\\\/#breadcrumb\"},\"inLanguage\":\"fr-FR\",\"potentialAction\":[{\"@type\":\"ReadAction\",\"target\":[\"https:\\\/\\\/lasentinelle.dz\\\/index.php\\\/2024\\\/05\\\/07\\\/ligue-1-mobilis-la-lfp-devoile-le-programme-de-la-25e-journee\\\/\"]}]},{\"@type\":\"ImageObject\",\"inLanguage\":\"fr-FR\",\"@id\":\"https:\\\/\\\/lasentinelle.dz\\\/index.php\\\/2024\\\/05\\\/07\\\/ligue-1-mobilis-la-lfp-devoile-le-programme-de-la-25e-journee\\\/#primaryimage\",\"url\":\"https:\\\/\\\/lasentinelle.dz\\\/wp-content\\\/uploads\\\/2023\\\/07\\\/Ligue-1.jpeg\",\"contentUrl\":\"https:\\\/\\\/lasentinelle.dz\\\/wp-content\\\/uploads\\\/2023\\\/07\\\/Ligue-1.jpeg\",\"width\":580,\"height\":350},{\"@type\":\"BreadcrumbList\",\"@id\":\"https:\\\/\\\/lasentinelle.dz\\\/index.php\\\/2024\\\/05\\\/07\\\/ligue-1-mobilis-la-lfp-devoile-le-programme-de-la-25e-journee\\\/#breadcrumb\",\"itemListElement\":[{\"@type\":\"ListItem\",\"position\":1,\"name\":\"Accueil\",\"item\":\"https:\\\/\\\/lasentinelle.dz\\\/\"},{\"@type\":\"ListItem\",\"position\":2,\"name\":\"Ligue 1 Mobilis\u00a0: La LFP d\u00e9voile le programme de la 25e journ\u00e9e\"}]},{\"@type\":\"WebSite\",\"@id\":\"https:\\\/\\\/lasentinelle.dz\\\/#website\",\"url\":\"https:\\\/\\\/lasentinelle.dz\\\/\",\"name\":\"La Sentinelle\",\"description\":\"Quotidien national d&#039;information\",\"publisher\":{\"@id\":\"https:\\\/\\\/lasentinelle.dz\\\/#organization\"},\"potentialAction\":[{\"@type\":\"SearchAction\",\"target\":{\"@type\":\"EntryPoint\",\"urlTemplate\":\"https:\\\/\\\/lasentinelle.dz\\\/?s={search_term_string}\"},\"query-input\":{\"@type\":\"PropertyValueSpecification\",\"valueRequired\":true,\"valueName\":\"search_term_string\"}}],\"inLanguage\":\"fr-FR\"},{\"@type\":\"Organization\",\"@id\":\"https:\\\/\\\/lasentinelle.dz\\\/#organization\",\"name\":\"Quotidien La Sentinelle\",\"url\":\"https:\\\/\\\/lasentinelle.dz\\\/\",\"logo\":{\"@type\":\"ImageObject\",\"inLanguage\":\"fr-FR\",\"@id\":\"https:\\\/\\\/lasentinelle.dz\\\/#\\\/schema\\\/logo\\\/image\\\/\",\"url\":\"https:\\\/\\\/lasentinelle.dz\\\/wp-content\\\/uploads\\\/2021\\\/09\\\/logo-sentinelleSLOGAN-1.png\",\"contentUrl\":\"https:\\\/\\\/lasentinelle.dz\\\/wp-content\\\/uploads\\\/2021\\\/09\\\/logo-sentinelleSLOGAN-1.png\",\"width\":615,\"height\":142,\"caption\":\"Quotidien La Sentinelle\"},\"image\":{\"@id\":\"https:\\\/\\\/lasentinelle.dz\\\/#\\\/schema\\\/logo\\\/image\\\/\"},\"sameAs\":[\"https:\\\/\\\/www.facebook.com\\\/La-Sentinelle-104059864394773\"]},{\"@type\":\"Person\",\"@id\":\"https:\\\/\\\/lasentinelle.dz\\\/#\\\/schema\\\/person\\\/d865044e22e70a75174ce8bcad3acfb3\",\"name\":\"La Sentinelle\",\"image\":{\"@type\":\"ImageObject\",\"inLanguage\":\"fr-FR\",\"@id\":\"https:\\\/\\\/secure.gravatar.com\\\/avatar\\\/57de8e5d4b15d43fb361a71fbb36338450fe67865b528a43dd10ef7c51a20392?s=96&d=mm&r=g\",\"url\":\"https:\\\/\\\/secure.gravatar.com\\\/avatar\\\/57de8e5d4b15d43fb361a71fbb36338450fe67865b528a43dd10ef7c51a20392?s=96&d=mm&r=g\",\"contentUrl\":\"https:\\\/\\\/secure.gravatar.com\\\/avatar\\\/57de8e5d4b15d43fb361a71fbb36338450fe67865b528a43dd10ef7c51a20392?s=96&d=mm&r=g\",\"caption\":\"La Sentinelle\"},\"sameAs\":[\"http:\\\/\\\/www.lasentinelle.dz\"],\"url\":\"https:\\\/\\\/lasentinelle.dz\\\/author\\\/redaction\\\/\"}]}<\/script>\n<!-- \/ Yoast SEO plugin. -->","yoast_head_json":{"title":"Ligue 1 Mobilis\u00a0: La LFP d\u00e9voile le programme de la 25e journ\u00e9e - La Sentinelle","robots":{"index":"index","follow":"follow","max-snippet":"max-snippet:-1","max-image-preview":"max-image-preview:large","max-video-preview":"max-video-preview:-1"},"canonical":"https:\/\/lasentinelle.dz\/index.php\/2024\/05\/07\/ligue-1-mobilis-la-lfp-devoile-le-programme-de-la-25e-journee\/","og_locale":"fr_FR","og_type":"article","og_title":"Ligue 1 Mobilis\u00a0: La LFP d\u00e9voile le programme de la 25e journ\u00e9e - La Sentinelle","og_description":"La Ligue de football professionnel (LFP) a d\u00e9voil\u00e9, ce dimanche, le programme de la 25e journ\u00e9e du championnat de Ligue","og_url":"https:\/\/lasentinelle.dz\/index.php\/2024\/05\/07\/ligue-1-mobilis-la-lfp-devoile-le-programme-de-la-25e-journee\/","og_site_name":"La Sentinelle","article_publisher":"https:\/\/www.facebook.com\/La-Sentinelle-104059864394773","article_published_time":"2024-05-07T12:56:00+00:00","article_modified_time":"2024-05-07T12:56:07+00:00","og_image":[{"width":580,"height":350,"url":"https:\/\/lasentinelle.dz\/wp-content\/uploads\/2023\/07\/Ligue-1.jpeg","type":"image\/jpeg"}],"author":"La Sentinelle","twitter_card":"summary_large_image","twitter_misc":{"\u00c9crit par":"La Sentinelle","Dur\u00e9e de lecture estim\u00e9e":"2 minutes"},"schema":{"@context":"https:\/\/schema.org","@graph":[{"@type":"Article","@id":"https:\/\/lasentinelle.dz\/index.php\/2024\/05\/07\/ligue-1-mobilis-la-lfp-devoile-le-programme-de-la-25e-journee\/#article","isPartOf":{"@id":"https:\/\/lasentinelle.dz\/index.php\/2024\/05\/07\/ligue-1-mobilis-la-lfp-devoile-le-programme-de-la-25e-journee\/"},"author":{"name":"La Sentinelle","@id":"https:\/\/lasentinelle.dz\/#\/schema\/person\/d865044e22e70a75174ce8bcad3acfb3"},"headline":"Ligue 1 Mobilis\u00a0: La LFP d\u00e9voile le programme de la 25e journ\u00e9e","datePublished":"2024-05-07T12:56:00+00:00","dateModified":"2024-05-07T12:56:07+00:00","mainEntityOfPage":{"@id":"https:\/\/lasentinelle.dz\/index.php\/2024\/05\/07\/ligue-1-mobilis-la-lfp-devoile-le-programme-de-la-25e-journee\/"},"wordCount":365,"commentCount":0,"publisher":{"@id":"https:\/\/lasentinelle.dz\/#organization"},"image":{"@id":"https:\/\/lasentinelle.dz\/index.php\/2024\/05\/07\/ligue-1-mobilis-la-lfp-devoile-le-programme-de-la-25e-journee\/#primaryimage"},"thumbnailUrl":"https:\/\/lasentinelle.dz\/wp-content\/uploads\/2023\/07\/Ligue-1.jpeg","articleSection":["Sports"],"inLanguage":"fr-FR","potentialAction":[{"@type":"CommentAction","name":"Comment","target":["https:\/\/lasentinelle.dz\/index.php\/2024\/05\/07\/ligue-1-mobilis-la-lfp-devoile-le-programme-de-la-25e-journee\/#respond"]}]},{"@type":"WebPage","@id":"https:\/\/lasentinelle.dz\/index.php\/2024\/05\/07\/ligue-1-mobilis-la-lfp-devoile-le-programme-de-la-25e-journee\/","url":"https:\/\/lasentinelle.dz\/index.php\/2024\/05\/07\/ligue-1-mobilis-la-lfp-devoile-le-programme-de-la-25e-journee\/","name":"Ligue 1 Mobilis\u00a0: La LFP d\u00e9voile le programme de la 25e journ\u00e9e - La Sentinelle","isPartOf":{"@id":"https:\/\/lasentinelle.dz\/#website"},"primaryImageOfPage":{"@id":"https:\/\/lasentinelle.dz\/index.php\/2024\/05\/07\/ligue-1-mobilis-la-lfp-devoile-le-programme-de-la-25e-journee\/#primaryimage"},"image":{"@id":"https:\/\/lasentinelle.dz\/index.php\/2024\/05\/07\/ligue-1-mobilis-la-lfp-devoile-le-programme-de-la-25e-journee\/#primaryimage"},"thumbnailUrl":"https:\/\/lasentinelle.dz\/wp-content\/uploads\/2023\/07\/Ligue-1.jpeg","datePublished":"2024-05-07T12:56:00+00:00","dateModified":"2024-05-07T12:56:07+00:00","breadcrumb":{"@id":"https:\/\/lasentinelle.dz\/index.php\/2024\/05\/07\/ligue-1-mobilis-la-lfp-devoile-le-programme-de-la-25e-journee\/#breadcrumb"},"inLanguage":"fr-FR","potentialAction":[{"@type":"ReadAction","target":["https:\/\/lasentinelle.dz\/index.php\/2024\/05\/07\/ligue-1-mobilis-la-lfp-devoile-le-programme-de-la-25e-journee\/"]}]},{"@type":"ImageObject","inLanguage":"fr-FR","@id":"https:\/\/lasentinelle.dz\/index.php\/2024\/05\/07\/ligue-1-mobilis-la-lfp-devoile-le-programme-de-la-25e-journee\/#primaryimage","url":"https:\/\/lasentinelle.dz\/wp-content\/uploads\/2023\/07\/Ligue-1.jpeg","contentUrl":"https:\/\/lasentinelle.dz\/wp-content\/uploads\/2023\/07\/Ligue-1.jpeg","width":580,"height":350},{"@type":"BreadcrumbList","@id":"https:\/\/lasentinelle.dz\/index.php\/2024\/05\/07\/ligue-1-mobilis-la-lfp-devoile-le-programme-de-la-25e-journee\/#breadcrumb","itemListElement":[{"@type":"ListItem","position":1,"name":"Accueil","item":"https:\/\/lasentinelle.dz\/"},{"@type":"ListItem","position":2,"name":"Ligue 1 Mobilis\u00a0: La LFP d\u00e9voile le programme de la 25e journ\u00e9e"}]},{"@type":"WebSite","@id":"https:\/\/lasentinelle.dz\/#website","url":"https:\/\/lasentinelle.dz\/","name":"La Sentinelle","description":"Quotidien national d&#039;information","publisher":{"@id":"https:\/\/lasentinelle.dz\/#organization"},"potentialAction":[{"@type":"SearchAction","target":{"@type":"EntryPoint","urlTemplate":"https:\/\/lasentinelle.dz\/?s={search_term_string}"},"query-input":{"@type":"PropertyValueSpecification","valueRequired":true,"valueName":"search_term_string"}}],"inLanguage":"fr-FR"},{"@type":"Organization","@id":"https:\/\/lasentinelle.dz\/#organization","name":"Quotidien La Sentinelle","url":"https:\/\/lasentinelle.dz\/","logo":{"@type":"ImageObject","inLanguage":"fr-FR","@id":"https:\/\/lasentinelle.dz\/#\/schema\/logo\/image\/","url":"https:\/\/lasentinelle.dz\/wp-content\/uploads\/2021\/09\/logo-sentinelleSLOGAN-1.png","contentUrl":"https:\/\/lasentinelle.dz\/wp-content\/uploads\/2021\/09\/logo-sentinelleSLOGAN-1.png","width":615,"height":142,"caption":"Quotidien La Sentinelle"},"image":{"@id":"https:\/\/lasentinelle.dz\/#\/schema\/logo\/image\/"},"sameAs":["https:\/\/www.facebook.com\/La-Sentinelle-104059864394773"]},{"@type":"Person","@id":"https:\/\/lasentinelle.dz\/#\/schema\/person\/d865044e22e70a75174ce8bcad3acfb3","name":"La Sentinelle","image":{"@type":"ImageObject","inLanguage":"fr-FR","@id":"https:\/\/secure.gravatar.com\/avatar\/57de8e5d4b15d43fb361a71fbb36338450fe67865b528a43dd10ef7c51a20392?s=96&d=mm&r=g","url":"https:\/\/secure.gravatar.com\/avatar\/57de8e5d4b15d43fb361a71fbb36338450fe67865b528a43dd10ef7c51a20392?s=96&d=mm&r=g","contentUrl":"https:\/\/secure.gravatar.com\/avatar\/57de8e5d4b15d43fb361a71fbb36338450fe67865b528a43dd10ef7c51a20392?s=96&d=mm&r=g","caption":"La Sentinelle"},"sameAs":["http:\/\/www.lasentinelle.dz"],"url":"https:\/\/lasentinelle.dz\/author\/redaction\/"}]}},"_links":{"self":[{"href":"https:\/\/lasentinelle.dz\/index.php\/wp-json\/wp\/v2\/posts\/52068","targetHints":{"allow":["GET"]}}],"collection":[{"href":"https:\/\/lasentinelle.dz\/index.php\/wp-json\/wp\/v2\/posts"}],"about":[{"href":"https:\/\/lasentinelle.dz\/index.php\/wp-json\/wp\/v2\/types\/post"}],"author":[{"embeddable":true,"href":"https:\/\/lasentinelle.dz\/index.php\/wp-json\/wp\/v2\/users\/3"}],"replies":[{"embeddable":true,"href":"https:\/\/lasentinelle.dz\/index.php\/wp-json\/wp\/v2\/comments?post=52068"}],"version-history":[{"count":1,"href":"https:\/\/lasentinelle.dz\/index.php\/wp-json\/wp\/v2\/posts\/52068\/revisions"}],"predecessor-version":[{"id":52069,"href":"https:\/\/lasentinelle.dz\/index.php\/wp-json\/wp\/v2\/posts\/52068\/revisions\/52069"}],"wp:featuredmedia":[{"embeddable":true,"href":"https:\/\/lasentinelle.dz\/index.php\/wp-json\/wp\/v2\/media\/43719"}],"wp:attachment":[{"href":"https:\/\/lasentinelle.dz\/index.php\/wp-json\/wp\/v2\/media?parent=52068"}],"wp:term":[{"taxonomy":"category","embeddable":true,"href":"https:\/\/lasentinelle.dz\/index.php\/wp-json\/wp\/v2\/categories?post=52068"},{"taxonomy":"post_tag","embeddable":true,"href":"https:\/\/lasentinelle.dz\/index.php\/wp-json\/wp\/v2\/tags?post=52068"}],"curies":[{"name":"wp","href":"https:\/\/api.w.org\/{rel}","templated":true}]}}