{"id":52140,"date":"2024-05-08T14:44:49","date_gmt":"2024-05-08T13:44:49","guid":{"rendered":"https:\/\/lasentinelle.dz\/?p=52140"},"modified":"2024-05-08T14:44:55","modified_gmt":"2024-05-08T13:44:55","slug":"le-festival-culturel-international-de-musique-symphonique-du-16-au-22-mai-la-chine-invitee-dhonneur","status":"publish","type":"post","link":"https:\/\/lasentinelle.dz\/index.php\/2024\/05\/08\/le-festival-culturel-international-de-musique-symphonique-du-16-au-22-mai-la-chine-invitee-dhonneur\/","title":{"rendered":"Le Festival culturel international de musique symphonique du 16 au 22 mai\u00a0: La Chine invit\u00e9e d&rsquo;honneur"},"content":{"rendered":"\n<p>Le Festival culturel international de musique symphonique (FCIMS), pr\u00e9vu initialement en octobre dernier, se tiendra du 16 au 22 mai \u00e0 l&rsquo;Op\u00e9ra d&rsquo;Alger Boualem-Bessaih, avec des orchestres et ensembles issus de plusieurs pays dont la Chine en invit\u00e9e d&rsquo;honneur, a annonc\u00e9 mardi son commissaire, Abdelkader Bouazzara. Outre l&rsquo;Alg\u00e9rie, pays h\u00f4te repr\u00e9sent\u00e9 par l&rsquo;orchestre symphonique de l&rsquo;Op\u00e9ra d&rsquo;Alger Boualem-Bessaih, des ensembles venant de treize pays, notamment d&rsquo;Allemagne, France, Italie, Autriche, Egypte, Syrie, Tunisie, Angola, R\u00e9publique Tch\u00e8que, Russie et du Venezuela, qui marque sa premi\u00e8re participation \u00e0 cet \u00e9v\u00e9nement, animeront la 13\u00e8me \u00e9dition de cet \u00e9v\u00e8nement d\u00e9di\u00e9 \u00e0 la musique savante. Une fusion des Orchestres symphoniques de l&rsquo;Op\u00e9ra d&rsquo;Alger et de Suzhou (Chine), sous la direction, en alternance, des maestros, Lotfi Sa\u00efdi et Chen Xieyang, animeront la c\u00e9r\u00e9monie d&rsquo;ouverture, avec une prestation du chanteur du Malouf, Abbes Righi. Le choix de la Chine, invit\u00e9e d&rsquo;honneur pour la deuxi\u00e8me fois \u00e0 ce festival, s&rsquo;explique par les relations culturelles et historiques \u00ab\u00a0exceptionnelles\u00a0\u00bb qui unissent la Chine avec l&rsquo;Alg\u00e9rie, a rappel\u00e9 le commissaire du festival lors d&rsquo;une rencontre avec les m\u00e9dias. Outre la soir\u00e9e inaugurale, l&rsquo;orchestre chinois Suzhou, avec ses 80 musiciens sur sc\u00e8ne, se produira \u00e9galement le lendemain (vendredi) \u00e0 l&rsquo;Op\u00e9ra d&rsquo;Alger. Les orchestres symphoniques des pays participants se succ\u00e9deront, sept jours durant, \u00e0 l&rsquo;Op\u00e9ra d&rsquo;Alger, en proposant des r\u00e9pertoires vari\u00e9s de la musique et de l&rsquo;op\u00e9ra universels. Pour sa premi\u00e8re participation \u00e0 ce festival, le Venezuela, sera repr\u00e9sent\u00e9 par l&rsquo;orchestre de chambre Simon Bolivar, dirig\u00e9 par le maestro Joshua Dos Santos. En plus des concerts pr\u00e9sent\u00e9s \u00e0 l\u2019Op\u00e9ra d&rsquo;Alger, des ensembles musicaux se produiront sur les sc\u00e8nes des th\u00e9\u00e2tres d&rsquo;Oran, de Bejaia et de Tizi Ouzou ainsi que le Th\u00e9\u00e2tre national alg\u00e9rien (TNA) Mahieddine-Bachtarzi qui accueillera l&rsquo;orchestre de chambre Simon Bolivar. Le Th\u00e9\u00e2tre r\u00e9gional d&rsquo;Oran Abdelkader-Alloula accueillera les orchestres de Syrie et de Tch\u00e9quie (Trio Boh\u00e9mo), celui de Tizi Ouzou l&rsquo;ensemble v\u00e9n\u00e9zu\u00e9lien \u00ab\u00a0Simon Bolivar\u00a0\u00bb, alors que l&rsquo;orchestre italien \u00ab\u00a0World Youth\u00a0\u00bb est programm\u00e9 au Th\u00e9\u00e2tre r\u00e9gional de Bejaia Abdelmalek-Bouguermouh. Parall\u00e8lement aux concerts, des conf\u00e9rences et des master-class consacr\u00e9es notamment \u00e0 la r\u00e9paration d&rsquo;instruments de musique et au chant lyrique seront anim\u00e9es par des professionnels alg\u00e9riens et \u00e9trangers participants. En r\u00e9ponse \u00e0 une question sur le budget du festival, M. Bouazzara a pr\u00e9cis\u00e9 qu&rsquo;un montant de \u00ab\u00a035 millions de dinars a \u00e9t\u00e9 allou\u00e9 pour ce festival, saluant \u00e0 ce titre \u00ab\u00a0la contribution des m\u00e9c\u00e8nes et sponsors publics et priv\u00e9s\u00a0\u00bb qui, a-t-il dit, ont rendu \u00ab\u00a0possible\u00a0\u00bb la tenue de cette 13\u00e8me \u00e9dition qualifi\u00e9e d&rsquo; \u00ab\u00a0exceptionnelle\u00a0\u00bb. Pour sa part, le directeur de l&rsquo;Organisation de la diffusion du produit culturel et artistique (DODPCA) au minist\u00e8re de la Culture et des Arts, Sma\u00efl Inzarene, a relev\u00e9 que le13e Fcims compte parmi les \u00ab\u00a0138 festivals programm\u00e9s pour l&rsquo;ann\u00e9e 2024\u00a0\u00bb. Pr\u00e9vu initialement du 19 au 26 octobre dernier, le 13e Fcims a avait \u00e9t\u00e9 report\u00e9 suite \u00e0 la suspension de toutes les activit\u00e9s \u00e0 caract\u00e8re festif par le minist\u00e8re de la Culture et des Arts, et ce en solidarit\u00e9 avec le peuple palestinien et les familles des martyrs suite aux agressions barbares de l&rsquo;entit\u00e9 sioniste contre Ghaza et la Cisjordanie. Organis\u00e9 depuis 2009, le Festival culturel international de musique symphonique est organis\u00e9 en collaboration avec l&rsquo;Op\u00e9ra d&rsquo;Alger Boualem-Bessae\u00efh et l\u2019Office national des droits d&rsquo;auteur et droits voisins (Onda). (APS)<\/p>\n","protected":false},"excerpt":{"rendered":"<p>Le Festival culturel international de musique symphonique (FCIMS), pr\u00e9vu initialement en octobre dernier, se tiendra du 16 au 22 mai<\/p>\n","protected":false},"author":3,"featured_media":52141,"comment_status":"open","ping_status":"closed","sticky":false,"template":"","format":"standard","meta":{"colormag_page_container_layout":"default_layout","colormag_page_sidebar_layout":"default_layout","om_disable_all_campaigns":false,"_monsterinsights_skip_tracking":false,"_monsterinsights_sitenote_active":false,"_monsterinsights_sitenote_note":"","_monsterinsights_sitenote_category":0,"footnotes":"","_wpscppro_dont_share_socialmedia":false,"_wpscppro_custom_social_share_image":0,"_facebook_share_type":"default","_twitter_share_type":"default","_linkedin_share_type":"default","_pinterest_share_type":"default","_linkedin_share_type_page":"","_instagram_share_type":"default","_medium_share_type":"","_threads_share_type":"","_google_business_share_type":"","_selected_social_profile":[],"_wpsp_enable_custom_social_template":false,"_wpsp_social_scheduling":{"enabled":false,"datetime":null,"platforms":[],"status":"template_only","dateOption":"today","timeOption":"now","customDays":"","customHours":"","customDate":"","customTime":"","schedulingType":"absolute"},"_wpsp_active_default_template":true},"categories":[36],"tags":[],"class_list":["post-52140","post","type-post","status-publish","format-standard","has-post-thumbnail","hentry","category-culture"],"aioseo_notices":[],"yoast_head":"<!-- This site is optimized with the Yoast SEO plugin v27.5 - https:\/\/yoast.com\/product\/yoast-seo-wordpress\/ -->\n<title>Le Festival culturel international de musique symphonique du 16 au 22 mai\u00a0: La Chine invit\u00e9e d&rsquo;honneur - La Sentinelle<\/title>\n<meta name=\"robots\" content=\"index, follow, max-snippet:-1, max-image-preview:large, max-video-preview:-1\" \/>\n<link rel=\"canonical\" href=\"https:\/\/lasentinelle.dz\/index.php\/2024\/05\/08\/le-festival-culturel-international-de-musique-symphonique-du-16-au-22-mai-la-chine-invitee-dhonneur\/\" \/>\n<meta property=\"og:locale\" content=\"fr_FR\" \/>\n<meta property=\"og:type\" content=\"article\" \/>\n<meta property=\"og:title\" content=\"Le Festival culturel international de musique symphonique du 16 au 22 mai\u00a0: La Chine invit\u00e9e d&rsquo;honneur - La Sentinelle\" \/>\n<meta property=\"og:description\" content=\"Le Festival culturel international de musique symphonique (FCIMS), pr\u00e9vu initialement en octobre dernier, se tiendra du 16 au 22 mai\" \/>\n<meta property=\"og:url\" content=\"https:\/\/lasentinelle.dz\/index.php\/2024\/05\/08\/le-festival-culturel-international-de-musique-symphonique-du-16-au-22-mai-la-chine-invitee-dhonneur\/\" \/>\n<meta property=\"og:site_name\" content=\"La Sentinelle\" \/>\n<meta property=\"article:publisher\" content=\"https:\/\/www.facebook.com\/La-Sentinelle-104059864394773\" \/>\n<meta property=\"article:published_time\" content=\"2024-05-08T13:44:49+00:00\" \/>\n<meta property=\"article:modified_time\" content=\"2024-05-08T13:44:55+00:00\" \/>\n<meta property=\"og:image\" content=\"https:\/\/lasentinelle.dz\/wp-content\/uploads\/2024\/05\/OPERA.jpeg\" \/>\n\t<meta property=\"og:image:width\" content=\"640\" \/>\n\t<meta property=\"og:image:height\" content=\"427\" \/>\n\t<meta property=\"og:image:type\" content=\"image\/jpeg\" \/>\n<meta name=\"author\" content=\"La Sentinelle\" \/>\n<meta name=\"twitter:card\" content=\"summary_large_image\" \/>\n<meta name=\"twitter:label1\" content=\"\u00c9crit par\" \/>\n\t<meta name=\"twitter:data1\" content=\"La Sentinelle\" \/>\n\t<meta name=\"twitter:label2\" content=\"Dur\u00e9e de lecture estim\u00e9e\" \/>\n\t<meta name=\"twitter:data2\" content=\"3 minutes\" \/>\n<script type=\"application\/ld+json\" class=\"yoast-schema-graph\">{\"@context\":\"https:\\\/\\\/schema.org\",\"@graph\":[{\"@type\":\"Article\",\"@id\":\"https:\\\/\\\/lasentinelle.dz\\\/index.php\\\/2024\\\/05\\\/08\\\/le-festival-culturel-international-de-musique-symphonique-du-16-au-22-mai-la-chine-invitee-dhonneur\\\/#article\",\"isPartOf\":{\"@id\":\"https:\\\/\\\/lasentinelle.dz\\\/index.php\\\/2024\\\/05\\\/08\\\/le-festival-culturel-international-de-musique-symphonique-du-16-au-22-mai-la-chine-invitee-dhonneur\\\/\"},\"author\":{\"name\":\"La Sentinelle\",\"@id\":\"https:\\\/\\\/lasentinelle.dz\\\/#\\\/schema\\\/person\\\/d865044e22e70a75174ce8bcad3acfb3\"},\"headline\":\"Le Festival culturel international de musique symphonique du 16 au 22 mai\u00a0: La Chine invit\u00e9e d&rsquo;honneur\",\"datePublished\":\"2024-05-08T13:44:49+00:00\",\"dateModified\":\"2024-05-08T13:44:55+00:00\",\"mainEntityOfPage\":{\"@id\":\"https:\\\/\\\/lasentinelle.dz\\\/index.php\\\/2024\\\/05\\\/08\\\/le-festival-culturel-international-de-musique-symphonique-du-16-au-22-mai-la-chine-invitee-dhonneur\\\/\"},\"wordCount\":641,\"commentCount\":0,\"publisher\":{\"@id\":\"https:\\\/\\\/lasentinelle.dz\\\/#organization\"},\"image\":{\"@id\":\"https:\\\/\\\/lasentinelle.dz\\\/index.php\\\/2024\\\/05\\\/08\\\/le-festival-culturel-international-de-musique-symphonique-du-16-au-22-mai-la-chine-invitee-dhonneur\\\/#primaryimage\"},\"thumbnailUrl\":\"https:\\\/\\\/lasentinelle.dz\\\/wp-content\\\/uploads\\\/2024\\\/05\\\/OPERA.jpeg\",\"articleSection\":[\"Culture\"],\"inLanguage\":\"fr-FR\",\"potentialAction\":[{\"@type\":\"CommentAction\",\"name\":\"Comment\",\"target\":[\"https:\\\/\\\/lasentinelle.dz\\\/index.php\\\/2024\\\/05\\\/08\\\/le-festival-culturel-international-de-musique-symphonique-du-16-au-22-mai-la-chine-invitee-dhonneur\\\/#respond\"]}]},{\"@type\":\"WebPage\",\"@id\":\"https:\\\/\\\/lasentinelle.dz\\\/index.php\\\/2024\\\/05\\\/08\\\/le-festival-culturel-international-de-musique-symphonique-du-16-au-22-mai-la-chine-invitee-dhonneur\\\/\",\"url\":\"https:\\\/\\\/lasentinelle.dz\\\/index.php\\\/2024\\\/05\\\/08\\\/le-festival-culturel-international-de-musique-symphonique-du-16-au-22-mai-la-chine-invitee-dhonneur\\\/\",\"name\":\"Le Festival culturel international de musique symphonique du 16 au 22 mai\u00a0: La Chine invit\u00e9e d&rsquo;honneur - La Sentinelle\",\"isPartOf\":{\"@id\":\"https:\\\/\\\/lasentinelle.dz\\\/#website\"},\"primaryImageOfPage\":{\"@id\":\"https:\\\/\\\/lasentinelle.dz\\\/index.php\\\/2024\\\/05\\\/08\\\/le-festival-culturel-international-de-musique-symphonique-du-16-au-22-mai-la-chine-invitee-dhonneur\\\/#primaryimage\"},\"image\":{\"@id\":\"https:\\\/\\\/lasentinelle.dz\\\/index.php\\\/2024\\\/05\\\/08\\\/le-festival-culturel-international-de-musique-symphonique-du-16-au-22-mai-la-chine-invitee-dhonneur\\\/#primaryimage\"},\"thumbnailUrl\":\"https:\\\/\\\/lasentinelle.dz\\\/wp-content\\\/uploads\\\/2024\\\/05\\\/OPERA.jpeg\",\"datePublished\":\"2024-05-08T13:44:49+00:00\",\"dateModified\":\"2024-05-08T13:44:55+00:00\",\"breadcrumb\":{\"@id\":\"https:\\\/\\\/lasentinelle.dz\\\/index.php\\\/2024\\\/05\\\/08\\\/le-festival-culturel-international-de-musique-symphonique-du-16-au-22-mai-la-chine-invitee-dhonneur\\\/#breadcrumb\"},\"inLanguage\":\"fr-FR\",\"potentialAction\":[{\"@type\":\"ReadAction\",\"target\":[\"https:\\\/\\\/lasentinelle.dz\\\/index.php\\\/2024\\\/05\\\/08\\\/le-festival-culturel-international-de-musique-symphonique-du-16-au-22-mai-la-chine-invitee-dhonneur\\\/\"]}]},{\"@type\":\"ImageObject\",\"inLanguage\":\"fr-FR\",\"@id\":\"https:\\\/\\\/lasentinelle.dz\\\/index.php\\\/2024\\\/05\\\/08\\\/le-festival-culturel-international-de-musique-symphonique-du-16-au-22-mai-la-chine-invitee-dhonneur\\\/#primaryimage\",\"url\":\"https:\\\/\\\/lasentinelle.dz\\\/wp-content\\\/uploads\\\/2024\\\/05\\\/OPERA.jpeg\",\"contentUrl\":\"https:\\\/\\\/lasentinelle.dz\\\/wp-content\\\/uploads\\\/2024\\\/05\\\/OPERA.jpeg\",\"width\":640,\"height\":427},{\"@type\":\"BreadcrumbList\",\"@id\":\"https:\\\/\\\/lasentinelle.dz\\\/index.php\\\/2024\\\/05\\\/08\\\/le-festival-culturel-international-de-musique-symphonique-du-16-au-22-mai-la-chine-invitee-dhonneur\\\/#breadcrumb\",\"itemListElement\":[{\"@type\":\"ListItem\",\"position\":1,\"name\":\"Accueil\",\"item\":\"https:\\\/\\\/lasentinelle.dz\\\/\"},{\"@type\":\"ListItem\",\"position\":2,\"name\":\"Le Festival culturel international de musique symphonique du 16 au 22 mai\u00a0: La Chine invit\u00e9e d&rsquo;honneur\"}]},{\"@type\":\"WebSite\",\"@id\":\"https:\\\/\\\/lasentinelle.dz\\\/#website\",\"url\":\"https:\\\/\\\/lasentinelle.dz\\\/\",\"name\":\"La Sentinelle\",\"description\":\"Quotidien national d&#039;information\",\"publisher\":{\"@id\":\"https:\\\/\\\/lasentinelle.dz\\\/#organization\"},\"potentialAction\":[{\"@type\":\"SearchAction\",\"target\":{\"@type\":\"EntryPoint\",\"urlTemplate\":\"https:\\\/\\\/lasentinelle.dz\\\/?s={search_term_string}\"},\"query-input\":{\"@type\":\"PropertyValueSpecification\",\"valueRequired\":true,\"valueName\":\"search_term_string\"}}],\"inLanguage\":\"fr-FR\"},{\"@type\":\"Organization\",\"@id\":\"https:\\\/\\\/lasentinelle.dz\\\/#organization\",\"name\":\"Quotidien La Sentinelle\",\"url\":\"https:\\\/\\\/lasentinelle.dz\\\/\",\"logo\":{\"@type\":\"ImageObject\",\"inLanguage\":\"fr-FR\",\"@id\":\"https:\\\/\\\/lasentinelle.dz\\\/#\\\/schema\\\/logo\\\/image\\\/\",\"url\":\"https:\\\/\\\/lasentinelle.dz\\\/wp-content\\\/uploads\\\/2021\\\/09\\\/logo-sentinelleSLOGAN-1.png\",\"contentUrl\":\"https:\\\/\\\/lasentinelle.dz\\\/wp-content\\\/uploads\\\/2021\\\/09\\\/logo-sentinelleSLOGAN-1.png\",\"width\":615,\"height\":142,\"caption\":\"Quotidien La Sentinelle\"},\"image\":{\"@id\":\"https:\\\/\\\/lasentinelle.dz\\\/#\\\/schema\\\/logo\\\/image\\\/\"},\"sameAs\":[\"https:\\\/\\\/www.facebook.com\\\/La-Sentinelle-104059864394773\"]},{\"@type\":\"Person\",\"@id\":\"https:\\\/\\\/lasentinelle.dz\\\/#\\\/schema\\\/person\\\/d865044e22e70a75174ce8bcad3acfb3\",\"name\":\"La Sentinelle\",\"image\":{\"@type\":\"ImageObject\",\"inLanguage\":\"fr-FR\",\"@id\":\"https:\\\/\\\/secure.gravatar.com\\\/avatar\\\/57de8e5d4b15d43fb361a71fbb36338450fe67865b528a43dd10ef7c51a20392?s=96&d=mm&r=g\",\"url\":\"https:\\\/\\\/secure.gravatar.com\\\/avatar\\\/57de8e5d4b15d43fb361a71fbb36338450fe67865b528a43dd10ef7c51a20392?s=96&d=mm&r=g\",\"contentUrl\":\"https:\\\/\\\/secure.gravatar.com\\\/avatar\\\/57de8e5d4b15d43fb361a71fbb36338450fe67865b528a43dd10ef7c51a20392?s=96&d=mm&r=g\",\"caption\":\"La Sentinelle\"},\"sameAs\":[\"http:\\\/\\\/www.lasentinelle.dz\"],\"url\":\"https:\\\/\\\/lasentinelle.dz\\\/author\\\/redaction\\\/\"}]}<\/script>\n<!-- \/ Yoast SEO plugin. -->","yoast_head_json":{"title":"Le Festival culturel international de musique symphonique du 16 au 22 mai\u00a0: La Chine invit\u00e9e d&rsquo;honneur - La Sentinelle","robots":{"index":"index","follow":"follow","max-snippet":"max-snippet:-1","max-image-preview":"max-image-preview:large","max-video-preview":"max-video-preview:-1"},"canonical":"https:\/\/lasentinelle.dz\/index.php\/2024\/05\/08\/le-festival-culturel-international-de-musique-symphonique-du-16-au-22-mai-la-chine-invitee-dhonneur\/","og_locale":"fr_FR","og_type":"article","og_title":"Le Festival culturel international de musique symphonique du 16 au 22 mai\u00a0: La Chine invit\u00e9e d&rsquo;honneur - La Sentinelle","og_description":"Le Festival culturel international de musique symphonique (FCIMS), pr\u00e9vu initialement en octobre dernier, se tiendra du 16 au 22 mai","og_url":"https:\/\/lasentinelle.dz\/index.php\/2024\/05\/08\/le-festival-culturel-international-de-musique-symphonique-du-16-au-22-mai-la-chine-invitee-dhonneur\/","og_site_name":"La Sentinelle","article_publisher":"https:\/\/www.facebook.com\/La-Sentinelle-104059864394773","article_published_time":"2024-05-08T13:44:49+00:00","article_modified_time":"2024-05-08T13:44:55+00:00","og_image":[{"width":640,"height":427,"url":"https:\/\/lasentinelle.dz\/wp-content\/uploads\/2024\/05\/OPERA.jpeg","type":"image\/jpeg"}],"author":"La Sentinelle","twitter_card":"summary_large_image","twitter_misc":{"\u00c9crit par":"La Sentinelle","Dur\u00e9e de lecture estim\u00e9e":"3 minutes"},"schema":{"@context":"https:\/\/schema.org","@graph":[{"@type":"Article","@id":"https:\/\/lasentinelle.dz\/index.php\/2024\/05\/08\/le-festival-culturel-international-de-musique-symphonique-du-16-au-22-mai-la-chine-invitee-dhonneur\/#article","isPartOf":{"@id":"https:\/\/lasentinelle.dz\/index.php\/2024\/05\/08\/le-festival-culturel-international-de-musique-symphonique-du-16-au-22-mai-la-chine-invitee-dhonneur\/"},"author":{"name":"La Sentinelle","@id":"https:\/\/lasentinelle.dz\/#\/schema\/person\/d865044e22e70a75174ce8bcad3acfb3"},"headline":"Le Festival culturel international de musique symphonique du 16 au 22 mai\u00a0: La Chine invit\u00e9e d&rsquo;honneur","datePublished":"2024-05-08T13:44:49+00:00","dateModified":"2024-05-08T13:44:55+00:00","mainEntityOfPage":{"@id":"https:\/\/lasentinelle.dz\/index.php\/2024\/05\/08\/le-festival-culturel-international-de-musique-symphonique-du-16-au-22-mai-la-chine-invitee-dhonneur\/"},"wordCount":641,"commentCount":0,"publisher":{"@id":"https:\/\/lasentinelle.dz\/#organization"},"image":{"@id":"https:\/\/lasentinelle.dz\/index.php\/2024\/05\/08\/le-festival-culturel-international-de-musique-symphonique-du-16-au-22-mai-la-chine-invitee-dhonneur\/#primaryimage"},"thumbnailUrl":"https:\/\/lasentinelle.dz\/wp-content\/uploads\/2024\/05\/OPERA.jpeg","articleSection":["Culture"],"inLanguage":"fr-FR","potentialAction":[{"@type":"CommentAction","name":"Comment","target":["https:\/\/lasentinelle.dz\/index.php\/2024\/05\/08\/le-festival-culturel-international-de-musique-symphonique-du-16-au-22-mai-la-chine-invitee-dhonneur\/#respond"]}]},{"@type":"WebPage","@id":"https:\/\/lasentinelle.dz\/index.php\/2024\/05\/08\/le-festival-culturel-international-de-musique-symphonique-du-16-au-22-mai-la-chine-invitee-dhonneur\/","url":"https:\/\/lasentinelle.dz\/index.php\/2024\/05\/08\/le-festival-culturel-international-de-musique-symphonique-du-16-au-22-mai-la-chine-invitee-dhonneur\/","name":"Le Festival culturel international de musique symphonique du 16 au 22 mai\u00a0: La Chine invit\u00e9e d&rsquo;honneur - La Sentinelle","isPartOf":{"@id":"https:\/\/lasentinelle.dz\/#website"},"primaryImageOfPage":{"@id":"https:\/\/lasentinelle.dz\/index.php\/2024\/05\/08\/le-festival-culturel-international-de-musique-symphonique-du-16-au-22-mai-la-chine-invitee-dhonneur\/#primaryimage"},"image":{"@id":"https:\/\/lasentinelle.dz\/index.php\/2024\/05\/08\/le-festival-culturel-international-de-musique-symphonique-du-16-au-22-mai-la-chine-invitee-dhonneur\/#primaryimage"},"thumbnailUrl":"https:\/\/lasentinelle.dz\/wp-content\/uploads\/2024\/05\/OPERA.jpeg","datePublished":"2024-05-08T13:44:49+00:00","dateModified":"2024-05-08T13:44:55+00:00","breadcrumb":{"@id":"https:\/\/lasentinelle.dz\/index.php\/2024\/05\/08\/le-festival-culturel-international-de-musique-symphonique-du-16-au-22-mai-la-chine-invitee-dhonneur\/#breadcrumb"},"inLanguage":"fr-FR","potentialAction":[{"@type":"ReadAction","target":["https:\/\/lasentinelle.dz\/index.php\/2024\/05\/08\/le-festival-culturel-international-de-musique-symphonique-du-16-au-22-mai-la-chine-invitee-dhonneur\/"]}]},{"@type":"ImageObject","inLanguage":"fr-FR","@id":"https:\/\/lasentinelle.dz\/index.php\/2024\/05\/08\/le-festival-culturel-international-de-musique-symphonique-du-16-au-22-mai-la-chine-invitee-dhonneur\/#primaryimage","url":"https:\/\/lasentinelle.dz\/wp-content\/uploads\/2024\/05\/OPERA.jpeg","contentUrl":"https:\/\/lasentinelle.dz\/wp-content\/uploads\/2024\/05\/OPERA.jpeg","width":640,"height":427},{"@type":"BreadcrumbList","@id":"https:\/\/lasentinelle.dz\/index.php\/2024\/05\/08\/le-festival-culturel-international-de-musique-symphonique-du-16-au-22-mai-la-chine-invitee-dhonneur\/#breadcrumb","itemListElement":[{"@type":"ListItem","position":1,"name":"Accueil","item":"https:\/\/lasentinelle.dz\/"},{"@type":"ListItem","position":2,"name":"Le Festival culturel international de musique symphonique du 16 au 22 mai\u00a0: La Chine invit\u00e9e d&rsquo;honneur"}]},{"@type":"WebSite","@id":"https:\/\/lasentinelle.dz\/#website","url":"https:\/\/lasentinelle.dz\/","name":"La Sentinelle","description":"Quotidien national d&#039;information","publisher":{"@id":"https:\/\/lasentinelle.dz\/#organization"},"potentialAction":[{"@type":"SearchAction","target":{"@type":"EntryPoint","urlTemplate":"https:\/\/lasentinelle.dz\/?s={search_term_string}"},"query-input":{"@type":"PropertyValueSpecification","valueRequired":true,"valueName":"search_term_string"}}],"inLanguage":"fr-FR"},{"@type":"Organization","@id":"https:\/\/lasentinelle.dz\/#organization","name":"Quotidien La Sentinelle","url":"https:\/\/lasentinelle.dz\/","logo":{"@type":"ImageObject","inLanguage":"fr-FR","@id":"https:\/\/lasentinelle.dz\/#\/schema\/logo\/image\/","url":"https:\/\/lasentinelle.dz\/wp-content\/uploads\/2021\/09\/logo-sentinelleSLOGAN-1.png","contentUrl":"https:\/\/lasentinelle.dz\/wp-content\/uploads\/2021\/09\/logo-sentinelleSLOGAN-1.png","width":615,"height":142,"caption":"Quotidien La Sentinelle"},"image":{"@id":"https:\/\/lasentinelle.dz\/#\/schema\/logo\/image\/"},"sameAs":["https:\/\/www.facebook.com\/La-Sentinelle-104059864394773"]},{"@type":"Person","@id":"https:\/\/lasentinelle.dz\/#\/schema\/person\/d865044e22e70a75174ce8bcad3acfb3","name":"La Sentinelle","image":{"@type":"ImageObject","inLanguage":"fr-FR","@id":"https:\/\/secure.gravatar.com\/avatar\/57de8e5d4b15d43fb361a71fbb36338450fe67865b528a43dd10ef7c51a20392?s=96&d=mm&r=g","url":"https:\/\/secure.gravatar.com\/avatar\/57de8e5d4b15d43fb361a71fbb36338450fe67865b528a43dd10ef7c51a20392?s=96&d=mm&r=g","contentUrl":"https:\/\/secure.gravatar.com\/avatar\/57de8e5d4b15d43fb361a71fbb36338450fe67865b528a43dd10ef7c51a20392?s=96&d=mm&r=g","caption":"La Sentinelle"},"sameAs":["http:\/\/www.lasentinelle.dz"],"url":"https:\/\/lasentinelle.dz\/author\/redaction\/"}]}},"_links":{"self":[{"href":"https:\/\/lasentinelle.dz\/index.php\/wp-json\/wp\/v2\/posts\/52140","targetHints":{"allow":["GET"]}}],"collection":[{"href":"https:\/\/lasentinelle.dz\/index.php\/wp-json\/wp\/v2\/posts"}],"about":[{"href":"https:\/\/lasentinelle.dz\/index.php\/wp-json\/wp\/v2\/types\/post"}],"author":[{"embeddable":true,"href":"https:\/\/lasentinelle.dz\/index.php\/wp-json\/wp\/v2\/users\/3"}],"replies":[{"embeddable":true,"href":"https:\/\/lasentinelle.dz\/index.php\/wp-json\/wp\/v2\/comments?post=52140"}],"version-history":[{"count":2,"href":"https:\/\/lasentinelle.dz\/index.php\/wp-json\/wp\/v2\/posts\/52140\/revisions"}],"predecessor-version":[{"id":52143,"href":"https:\/\/lasentinelle.dz\/index.php\/wp-json\/wp\/v2\/posts\/52140\/revisions\/52143"}],"wp:featuredmedia":[{"embeddable":true,"href":"https:\/\/lasentinelle.dz\/index.php\/wp-json\/wp\/v2\/media\/52141"}],"wp:attachment":[{"href":"https:\/\/lasentinelle.dz\/index.php\/wp-json\/wp\/v2\/media?parent=52140"}],"wp:term":[{"taxonomy":"category","embeddable":true,"href":"https:\/\/lasentinelle.dz\/index.php\/wp-json\/wp\/v2\/categories?post=52140"},{"taxonomy":"post_tag","embeddable":true,"href":"https:\/\/lasentinelle.dz\/index.php\/wp-json\/wp\/v2\/tags?post=52140"}],"curies":[{"name":"wp","href":"https:\/\/api.w.org\/{rel}","templated":true}]}}