{"id":52208,"date":"2024-05-09T12:31:00","date_gmt":"2024-05-09T11:31:00","guid":{"rendered":"https:\/\/lasentinelle.dz\/?p=52208"},"modified":"2024-05-10T12:34:16","modified_gmt":"2024-05-10T11:34:16","slug":"charniers-de-ghaza-des-violations-flagrantes-des-droits-de-lhomme","status":"publish","type":"post","link":"https:\/\/lasentinelle.dz\/index.php\/2024\/05\/09\/charniers-de-ghaza-des-violations-flagrantes-des-droits-de-lhomme\/","title":{"rendered":"Charniers de Ghaza\u00a0: Des \u00ab\u00a0violations flagrantes\u00a0\u00bb des droits de l\u2019Homme"},"content":{"rendered":"\n<p>Un septi\u00e8me charnier a \u00e9t\u00e9 d\u00e9couvert dans un h\u00f4pital de Ghaza, confirmant les crimes de guerre perp\u00e9tr\u00e9s par les forces d\u2019occupation ainsi que le g\u00e9nocide en cours dans l\u2019enclave palestinienne. Une d\u00e9couverte qui intervient au lendemain d\u2019une r\u00e9union \u00e0 huis-clos du Conseil de s\u00e9curit\u00e9 convoqu\u00e9e par l\u2019Alg\u00e9rie sur la question et au cours de laquelle les violations de droits de l\u2019Homme \u00e0 Ghaza ont \u00e9t\u00e9 mises en avant.<\/p>\n\n\n\n<p>Les autorit\u00e9s palestiniennes \u00e0 Ghaza a indiqu\u00e9 hier que le personnel m\u00e9dical avait d\u00e9couvert un troisi\u00e8me charnier \u00e0 l&rsquo;int\u00e9rieur du complexe m\u00e9dical Al-Shifa, dans la ville de Ghaza, et duquel 49 corps ont \u00e9t\u00e9 pour l\u2019heure exhum\u00e9s.\u00a0\u00bbLes \u00e9quipes gouvernementales n&rsquo;ont pas achev\u00e9 les op\u00e9rations d\u2019exhumation et nous pr\u00e9voyons de retrouver des dizaines de nouveaux corps\u00a0\u00bb, a ajout\u00e9 la m\u00eame source. Avec cette nouvelle d\u00e9couverte, le nombre de charniers d\u00e9couverts \u00e0 Ghaza a atteint sept. Un charnier a \u00e9t\u00e9 d\u00e9couvert, rappelle la m\u00eame source, \u00e0 l&rsquo;h\u00f4pital Kamal Adwan (au Nord de la bande de Ghaza), 3 charniers dans le complexe m\u00e9dical Al-Shifa dans la ville de Ghaza et 3 charniers dans le complexe m\u00e9dical Nasser (\u00e0 Khan Youn\u00e8s, au sud de la bande de Ghaza). Au total, les corps de \u00ab\u00a0520 martyrs\u00a0\u00bb ont \u00e9t\u00e9 exhum\u00e9s des 7 charniers, souligne la m\u00eame source. Il faut rappeler dans ce contexte que les corps d\u00e9couverts dans ces charniers pr\u00e9sentent des mutilations, certaines victimes y compris parmi les patients et les personnels de sant\u00e9 semblent avoir \u00e9t\u00e9 ex\u00e9cut\u00e9es et ont \u00e9t\u00e9 retrouv\u00e9es avec les mains attach\u00e9es. Des d\u00e9couvertes qui prouvent les nombreux crimes de guerre perp\u00e9tr\u00e9s par l\u2019occupation et qui suscitent l\u2019indignation de la communaut\u00e9 internationale. C\u2019est dans ce contexte qu\u2019une r\u00e9union \u00e0 huis-clos du Conseil de s\u00e9curit\u00e9 a \u00e9t\u00e9 tenue mardi \u00e0 la demande de l\u2019Alg\u00e9rie pour se pencher sur les charniers de Ghaza. Selon des sources diplomatiques, cit\u00e9es par l\u2019APS, \u00ab\u00a0cette r\u00e9union, marqu\u00e9e par deux briefings pr\u00e9sent\u00e9s par la rapporteuse onusienne concernant les territoires palestiniens occup\u00e9s, Francesca Albanese et par le Haut-Commissaire des Nations Unies aux droits de l&rsquo;Homme, Volker T\u00fcrk, a \u00e9t\u00e9 l&rsquo;occasion d&rsquo;\u00e9voquer, de fa\u00e7on exhaustive, les flagrantes violations de l&rsquo;occupant isra\u00e9lien\u00a0\u00bb. Le repr\u00e9sentant permanent de l&rsquo;Alg\u00e9rie aupr\u00e8s des Nations Unies (ONU), l&rsquo;ambassadeur Amar Bendjama a indiqu\u00e9, lors de cette r\u00e9union, que \u00ab\u00a0l&rsquo;agression isra\u00e9lienne contre la bande de Ghaza a franchi toutes les lignes et transgress\u00e9 toutes les r\u00e8gles\u00a0\u00bb.<\/p>\n\n\n\n<p><strong>L\u2019Alg\u00e9rie appelle \u00e0 ouvrir une enqu\u00eate ind\u00e9pendante<\/strong><\/p>\n\n\n\n<p>Le diplomate alg\u00e9rien a mis en avant trois principaux points, en \u00ab\u00a0insistant sur la n\u00e9cessit\u00e9 d&rsquo;ouvrir une enqu\u00eate ind\u00e9pendante pour d\u00e9terminer les responsabilit\u00e9s\u00a0\u00bb, rappelant \u00e0 ce propos \u00ab\u00a0le sort qu&rsquo;avaient connu les pr\u00e9c\u00e9dentes enqu\u00eates isra\u00e9liennes\u00a0\u00bb, selon les m\u00eames sources. Il a, en outre, appel\u00e9 \u00e0 \u00ab\u00a0l&rsquo;importance pour les autorit\u00e9s d&rsquo;occupation de coop\u00e9rer conform\u00e9ment \u00e0 la d\u00e9cision de la Cour internationale de justice (CIJ), rendue le 26 janvier 2024, et de garantir la conservation des preuves\u00a0\u00bb, tout en soutenant la d\u00e9claration du Secr\u00e9taire g\u00e9n\u00e9ral des Nations unies sur \u00ab\u00a0l&rsquo;imp\u00e9ratif de permettre aux enqu\u00eateurs internationaux ind\u00e9pendants et exp\u00e9riment\u00e9s en m\u00e9decine l\u00e9gale d&rsquo;acc\u00e9der imm\u00e9diatement aux sites de ces fosses communes, afin de d\u00e9terminer les circonstances exactes dans lesquelles les Palestiniens ont perdu la vie et ont \u00e9t\u00e9 enterr\u00e9s ou r\u00e9-enterr\u00e9s\u00a0\u00bb. Le diplomate alg\u00e9rien a soulign\u00e9 que \u00ab\u00a0le changement des corps sans vie constitue un crime de guerre en vertu des conventions de Gen\u00e8ve de 1949, stipulant que les parties au conflit doivent prendre toutes les mesures possibles pour emp\u00eacher tout changement des corps sans vie\u00a0\u00bb, rappelant que \u00ab\u00a0les autorit\u00e9s d&rsquo;occupation avaient reconnu avoir ouvert les tombes de Palestiniens\u00a0\u00bb. Pour rappel, la porte-parole de l&rsquo;UNRWA, Juliette Touma, avait d\u00e9clar\u00e9 qu'\u00a0\u00bbIsrael avait envoy\u00e9 225 corps sans vie \u00e0 Ghaza dans trois conteneurs depuis d\u00e9cembre, puis les avait transf\u00e9r\u00e9s \u00e0 des autorit\u00e9s sanitaires locales pour les enterrer\u00a0\u00bb. Selon les m\u00eames sources, \u00ab\u00a0des n\u00e9gociations sont en cours actuellement pour l&rsquo;\u00e9laboration d&rsquo;un projet de d\u00e9claration du Conseil de s\u00e9curit\u00e9, initi\u00e9 par l&rsquo;Alg\u00e9rie, pour exprimer la profonde pr\u00e9occupation des membres du Conseil de s\u00e9curit\u00e9 face aux rapports, faisant \u00e9tat de la d\u00e9couverte de fosses communes \u00e0 Ghaza, insister sur la n\u00e9cessit\u00e9 de demander des comptes pour les violations du droit international et appeler \u00e0 permettre aux enqu\u00eateurs d&rsquo;acc\u00e9der \u00e0 tous les sites des fosses communes \u00e0 Ghaza\u00a0\u00bb.<\/p>\n\n\n\n<p>A la suite de la d\u00e9couverte du nouveau charnier<strong>, <\/strong>le mouvement de r\u00e9sistance palestinien (Hamas) a d\u00e9clar\u00e9 que la d\u00e9couverte de charniers dans des h\u00f4pitaux \u00e0 Ghaza exigeait que la communaut\u00e9 internationale et les Nations Unies \u00ab\u00a0prennent des mesures pour mettre fin \u00e0 l&rsquo;agression (sioniste)\u00a0\u00bb contre l\u2019enclave palestinienne. Par le biais d&rsquo;un communiqu\u00e9, le mouvement a affirm\u00e9 que \u00ab\u00a0l&rsquo;annonce par le minist\u00e8re de la Sant\u00e9 palestinien de la d\u00e9couverte d&rsquo;un nouveau charnier \u00e0 l&rsquo;h\u00f4pital Al-Shifa de la ville de Ghaza, le troisi\u00e8me dans le m\u00eame h\u00f4pital, est une nouvelle preuve de la brutalit\u00e9 commise par l&rsquo;arm\u00e9e (sioniste) et son agression syst\u00e9matique contre notre peuple et le secteur m\u00e9dical\u00a0\u00bb.Le Hamas a appel\u00e9 \u00ab\u00a0les organismes internationaux de d\u00e9fense des droits de l\u2019homme et toutes les institutions comp\u00e9tentes \u00e0 documenter ces crimes et \u00e0 les soumettre \u00e0 la Cour p\u00e9nale internationale (CPI) et \u00e0 d\u2019autres tribunaux comp\u00e9tents afin que cette entit\u00e9 voyou et ses dirigeants criminels r\u00e9pondent de leurs actes\u00a0\u00bb.<\/p>\n\n\n\n<p><strong>Aucune aide humanitaire n\u2019entre \u00e0 Ghaza<\/strong><\/p>\n\n\n\n<p>Ces nouvelles d\u00e9couvertes interviennent alors que l\u2019occupation a lanc\u00e9 une offensive sur la Rafah et qui risque fort d\u2019aboutir \u00e0 un nouveau massacre. L\u2019\u00e9volution sur le terrain suscitent de s\u00e9rieuses inqui\u00e9tudes au moment o\u00f9 l\u2019aide humanitaire ne parvient plus \u00e0 Ghaza et que l\u2019attaque isra\u00e9lienne a d\u00e9j\u00e0 provoqu\u00e9 l\u2019arr\u00eat d\u2019un nouvel h\u00f4pital.&nbsp; Tedros Adhanom Ghebreyesus, directeur g\u00e9n\u00e9ral de l&rsquo;Organisation mondiale de la sant\u00e9, a annonc\u00e9 hier que l&rsquo;h\u00f4pital Abu Youssef al-Najjar, dans la ville de Rafahn&rsquo;est plus en mesure de fournir des services. Le patron de l\u2019OMS a indiqu\u00e9 dans un post publi\u00e9 sur son compte sur la plateforme X, p que \u00a0\u00bbl\u2019h\u00f4pital Abu Youssef al-Najjar, l\u2019un des trois h\u00f4pitaux de Rafah, est hors service en raison des affrontements en cours dans ses environs et de l\u2019op\u00e9ration militaire isra\u00e9lienne \u00e0 Rafah\u00a0\u00bb. \u00a0\u00bbLa fermeture du poste-fronti\u00e8re (de Rafah) entrave les activit\u00e9s des Nations unies et paralysent l&rsquo;acheminement du carburant. Sans carburant, toutes les op\u00e9rations humanitaires seront interrompues\u00a0\u00bb, a-t-il regrett\u00e9. Et d&rsquo;ajouter, \u00a0\u00bbil ne reste que trois jours de carburant aux h\u00f4pitaux du sud de la bande de Gaza, ce qui signifie que les services pourraient bient\u00f4t cesser de fonctionner\u00a0\u00bb. Rappelons dans ce contexte que les forces d\u2019occupation ont pris de contr\u00f4le du poste frontalier de Rafah, par lequel transitait l\u2019essentiel de l\u2019aide humanitaire et l\u2019a ferm\u00e9 dans les deux sens. La veille l\u2019occupation a totalement ferm\u00e9 le poste de Karam Abi Salem. L\u2019Agence de l\u2019ONU pour les r\u00e9fugi\u00e9s palestiniens (UNRWA) a averti hier qu\u2019aucune aide humanitaire n\u2019entre \u00e0 Ghaza. \u00ab Nous ne recevons aucune aide dans la bande de Ghaza \u00bb, a d\u00e9clar\u00e9 Scott Anderson, Directeur des affaires de l\u2019UNRWA \u00e0 Gaza, dans un m essage sur X, \u00e9voquant une situation qui s\u2019av\u00e8re \u00ab d\u00e9sastreuse pour la r\u00e9ponse humanitaire \u00bb. La zone autour du poste frontalier de Rafah a fait l\u2019objet \u00ab d\u2019op\u00e9rations militaires continues \u00bb. \u00ab Il y a eu des bombardements continus dans cette zone tout au long de la journ\u00e9e \u00bb, a ajout\u00e9 M. Anderson.<\/p>\n\n\n\n<p>Le Secr\u00e9taire g\u00e9n\u00e9ral des Nations Unies, Ant\u00f3nio Guterres a averti contre une invasion de Rafah estimant que ce serait \u00ab une erreur strat\u00e9gique, une calamit\u00e9 politique et un cauchemar humanitaire \u00bb. Le chef de l&rsquo;humanitaire de l&rsquo;ONU, Martin Griffiths, a \u00e9galement estim\u00e9 que cela \u00ab entra\u00eenera davantage de morts et de d\u00e9placements \u00bb.<\/p>\n\n\n\n<p>Lyes Sa\u00efdi<\/p>\n","protected":false},"excerpt":{"rendered":"<p>Un septi\u00e8me charnier a \u00e9t\u00e9 d\u00e9couvert dans un h\u00f4pital de Ghaza, confirmant les crimes de guerre perp\u00e9tr\u00e9s par les forces<\/p>\n","protected":false},"author":3,"featured_media":51565,"comment_status":"open","ping_status":"closed","sticky":false,"template":"","format":"standard","meta":{"colormag_page_container_layout":"default_layout","colormag_page_sidebar_layout":"default_layout","om_disable_all_campaigns":false,"_monsterinsights_skip_tracking":false,"_monsterinsights_sitenote_active":false,"_monsterinsights_sitenote_note":"","_monsterinsights_sitenote_category":0,"footnotes":"","_wpscppro_dont_share_socialmedia":false,"_wpscppro_custom_social_share_image":0,"_facebook_share_type":"default","_twitter_share_type":"default","_linkedin_share_type":"default","_pinterest_share_type":"default","_linkedin_share_type_page":"","_instagram_share_type":"default","_medium_share_type":"","_threads_share_type":"","_google_business_share_type":"","_selected_social_profile":[],"_wpsp_enable_custom_social_template":false,"_wpsp_social_scheduling":{"enabled":false,"datetime":null,"platforms":[],"status":"template_only","dateOption":"today","timeOption":"now","customDays":"","customHours":"","customDate":"","customTime":"","schedulingType":"absolute"},"_wpsp_active_default_template":true},"categories":[52,27],"tags":[],"class_list":["post-52208","post","type-post","status-publish","format-standard","has-post-thumbnail","hentry","category-a-la-une","category-actualite"],"aioseo_notices":[],"yoast_head":"<!-- This site is optimized with the Yoast SEO plugin v27.5 - https:\/\/yoast.com\/product\/yoast-seo-wordpress\/ -->\n<title>Charniers de Ghaza\u00a0: Des \u00ab\u00a0violations flagrantes\u00a0\u00bb des droits de l\u2019Homme - La Sentinelle<\/title>\n<meta name=\"robots\" content=\"index, follow, max-snippet:-1, max-image-preview:large, max-video-preview:-1\" \/>\n<link rel=\"canonical\" href=\"https:\/\/lasentinelle.dz\/index.php\/2024\/05\/09\/charniers-de-ghaza-des-violations-flagrantes-des-droits-de-lhomme\/\" \/>\n<meta property=\"og:locale\" content=\"fr_FR\" \/>\n<meta property=\"og:type\" content=\"article\" \/>\n<meta property=\"og:title\" content=\"Charniers de Ghaza\u00a0: Des \u00ab\u00a0violations flagrantes\u00a0\u00bb des droits de l\u2019Homme - La Sentinelle\" \/>\n<meta property=\"og:description\" content=\"Un septi\u00e8me charnier a \u00e9t\u00e9 d\u00e9couvert dans un h\u00f4pital de Ghaza, confirmant les crimes de guerre perp\u00e9tr\u00e9s par les forces\" \/>\n<meta property=\"og:url\" content=\"https:\/\/lasentinelle.dz\/index.php\/2024\/05\/09\/charniers-de-ghaza-des-violations-flagrantes-des-droits-de-lhomme\/\" \/>\n<meta property=\"og:site_name\" content=\"La Sentinelle\" \/>\n<meta property=\"article:publisher\" content=\"https:\/\/www.facebook.com\/La-Sentinelle-104059864394773\" \/>\n<meta property=\"article:published_time\" content=\"2024-05-09T11:31:00+00:00\" \/>\n<meta property=\"article:modified_time\" content=\"2024-05-10T11:34:16+00:00\" \/>\n<meta property=\"og:image\" content=\"https:\/\/lasentinelle.dz\/wp-content\/uploads\/2024\/04\/charnier-1.webp\" \/>\n\t<meta property=\"og:image:width\" content=\"640\" \/>\n\t<meta property=\"og:image:height\" content=\"426\" \/>\n\t<meta property=\"og:image:type\" content=\"image\/webp\" \/>\n<meta name=\"author\" content=\"La Sentinelle\" \/>\n<meta name=\"twitter:card\" content=\"summary_large_image\" \/>\n<meta name=\"twitter:label1\" content=\"\u00c9crit par\" \/>\n\t<meta name=\"twitter:data1\" content=\"La Sentinelle\" \/>\n\t<meta name=\"twitter:label2\" content=\"Dur\u00e9e de lecture estim\u00e9e\" \/>\n\t<meta name=\"twitter:data2\" content=\"7 minutes\" \/>\n<script type=\"application\/ld+json\" class=\"yoast-schema-graph\">{\"@context\":\"https:\\\/\\\/schema.org\",\"@graph\":[{\"@type\":\"Article\",\"@id\":\"https:\\\/\\\/lasentinelle.dz\\\/index.php\\\/2024\\\/05\\\/09\\\/charniers-de-ghaza-des-violations-flagrantes-des-droits-de-lhomme\\\/#article\",\"isPartOf\":{\"@id\":\"https:\\\/\\\/lasentinelle.dz\\\/index.php\\\/2024\\\/05\\\/09\\\/charniers-de-ghaza-des-violations-flagrantes-des-droits-de-lhomme\\\/\"},\"author\":{\"name\":\"La Sentinelle\",\"@id\":\"https:\\\/\\\/lasentinelle.dz\\\/#\\\/schema\\\/person\\\/d865044e22e70a75174ce8bcad3acfb3\"},\"headline\":\"Charniers de Ghaza\u00a0: Des \u00ab\u00a0violations flagrantes\u00a0\u00bb des droits de l\u2019Homme\",\"datePublished\":\"2024-05-09T11:31:00+00:00\",\"dateModified\":\"2024-05-10T11:34:16+00:00\",\"mainEntityOfPage\":{\"@id\":\"https:\\\/\\\/lasentinelle.dz\\\/index.php\\\/2024\\\/05\\\/09\\\/charniers-de-ghaza-des-violations-flagrantes-des-droits-de-lhomme\\\/\"},\"wordCount\":1443,\"commentCount\":0,\"publisher\":{\"@id\":\"https:\\\/\\\/lasentinelle.dz\\\/#organization\"},\"image\":{\"@id\":\"https:\\\/\\\/lasentinelle.dz\\\/index.php\\\/2024\\\/05\\\/09\\\/charniers-de-ghaza-des-violations-flagrantes-des-droits-de-lhomme\\\/#primaryimage\"},\"thumbnailUrl\":\"https:\\\/\\\/lasentinelle.dz\\\/wp-content\\\/uploads\\\/2024\\\/04\\\/charnier-1.webp\",\"articleSection\":[\"\u00c0 la Une\",\"Actualit\u00e9\"],\"inLanguage\":\"fr-FR\",\"potentialAction\":[{\"@type\":\"CommentAction\",\"name\":\"Comment\",\"target\":[\"https:\\\/\\\/lasentinelle.dz\\\/index.php\\\/2024\\\/05\\\/09\\\/charniers-de-ghaza-des-violations-flagrantes-des-droits-de-lhomme\\\/#respond\"]}]},{\"@type\":\"WebPage\",\"@id\":\"https:\\\/\\\/lasentinelle.dz\\\/index.php\\\/2024\\\/05\\\/09\\\/charniers-de-ghaza-des-violations-flagrantes-des-droits-de-lhomme\\\/\",\"url\":\"https:\\\/\\\/lasentinelle.dz\\\/index.php\\\/2024\\\/05\\\/09\\\/charniers-de-ghaza-des-violations-flagrantes-des-droits-de-lhomme\\\/\",\"name\":\"Charniers de Ghaza\u00a0: Des \u00ab\u00a0violations flagrantes\u00a0\u00bb des droits de l\u2019Homme - La Sentinelle\",\"isPartOf\":{\"@id\":\"https:\\\/\\\/lasentinelle.dz\\\/#website\"},\"primaryImageOfPage\":{\"@id\":\"https:\\\/\\\/lasentinelle.dz\\\/index.php\\\/2024\\\/05\\\/09\\\/charniers-de-ghaza-des-violations-flagrantes-des-droits-de-lhomme\\\/#primaryimage\"},\"image\":{\"@id\":\"https:\\\/\\\/lasentinelle.dz\\\/index.php\\\/2024\\\/05\\\/09\\\/charniers-de-ghaza-des-violations-flagrantes-des-droits-de-lhomme\\\/#primaryimage\"},\"thumbnailUrl\":\"https:\\\/\\\/lasentinelle.dz\\\/wp-content\\\/uploads\\\/2024\\\/04\\\/charnier-1.webp\",\"datePublished\":\"2024-05-09T11:31:00+00:00\",\"dateModified\":\"2024-05-10T11:34:16+00:00\",\"breadcrumb\":{\"@id\":\"https:\\\/\\\/lasentinelle.dz\\\/index.php\\\/2024\\\/05\\\/09\\\/charniers-de-ghaza-des-violations-flagrantes-des-droits-de-lhomme\\\/#breadcrumb\"},\"inLanguage\":\"fr-FR\",\"potentialAction\":[{\"@type\":\"ReadAction\",\"target\":[\"https:\\\/\\\/lasentinelle.dz\\\/index.php\\\/2024\\\/05\\\/09\\\/charniers-de-ghaza-des-violations-flagrantes-des-droits-de-lhomme\\\/\"]}]},{\"@type\":\"ImageObject\",\"inLanguage\":\"fr-FR\",\"@id\":\"https:\\\/\\\/lasentinelle.dz\\\/index.php\\\/2024\\\/05\\\/09\\\/charniers-de-ghaza-des-violations-flagrantes-des-droits-de-lhomme\\\/#primaryimage\",\"url\":\"https:\\\/\\\/lasentinelle.dz\\\/wp-content\\\/uploads\\\/2024\\\/04\\\/charnier-1.webp\",\"contentUrl\":\"https:\\\/\\\/lasentinelle.dz\\\/wp-content\\\/uploads\\\/2024\\\/04\\\/charnier-1.webp\",\"width\":640,\"height\":426},{\"@type\":\"BreadcrumbList\",\"@id\":\"https:\\\/\\\/lasentinelle.dz\\\/index.php\\\/2024\\\/05\\\/09\\\/charniers-de-ghaza-des-violations-flagrantes-des-droits-de-lhomme\\\/#breadcrumb\",\"itemListElement\":[{\"@type\":\"ListItem\",\"position\":1,\"name\":\"Accueil\",\"item\":\"https:\\\/\\\/lasentinelle.dz\\\/\"},{\"@type\":\"ListItem\",\"position\":2,\"name\":\"Charniers de Ghaza\u00a0: Des \u00ab\u00a0violations flagrantes\u00a0\u00bb des droits de l\u2019Homme\"}]},{\"@type\":\"WebSite\",\"@id\":\"https:\\\/\\\/lasentinelle.dz\\\/#website\",\"url\":\"https:\\\/\\\/lasentinelle.dz\\\/\",\"name\":\"La Sentinelle\",\"description\":\"Quotidien national d&#039;information\",\"publisher\":{\"@id\":\"https:\\\/\\\/lasentinelle.dz\\\/#organization\"},\"potentialAction\":[{\"@type\":\"SearchAction\",\"target\":{\"@type\":\"EntryPoint\",\"urlTemplate\":\"https:\\\/\\\/lasentinelle.dz\\\/?s={search_term_string}\"},\"query-input\":{\"@type\":\"PropertyValueSpecification\",\"valueRequired\":true,\"valueName\":\"search_term_string\"}}],\"inLanguage\":\"fr-FR\"},{\"@type\":\"Organization\",\"@id\":\"https:\\\/\\\/lasentinelle.dz\\\/#organization\",\"name\":\"Quotidien La Sentinelle\",\"url\":\"https:\\\/\\\/lasentinelle.dz\\\/\",\"logo\":{\"@type\":\"ImageObject\",\"inLanguage\":\"fr-FR\",\"@id\":\"https:\\\/\\\/lasentinelle.dz\\\/#\\\/schema\\\/logo\\\/image\\\/\",\"url\":\"https:\\\/\\\/lasentinelle.dz\\\/wp-content\\\/uploads\\\/2021\\\/09\\\/logo-sentinelleSLOGAN-1.png\",\"contentUrl\":\"https:\\\/\\\/lasentinelle.dz\\\/wp-content\\\/uploads\\\/2021\\\/09\\\/logo-sentinelleSLOGAN-1.png\",\"width\":615,\"height\":142,\"caption\":\"Quotidien La Sentinelle\"},\"image\":{\"@id\":\"https:\\\/\\\/lasentinelle.dz\\\/#\\\/schema\\\/logo\\\/image\\\/\"},\"sameAs\":[\"https:\\\/\\\/www.facebook.com\\\/La-Sentinelle-104059864394773\"]},{\"@type\":\"Person\",\"@id\":\"https:\\\/\\\/lasentinelle.dz\\\/#\\\/schema\\\/person\\\/d865044e22e70a75174ce8bcad3acfb3\",\"name\":\"La Sentinelle\",\"image\":{\"@type\":\"ImageObject\",\"inLanguage\":\"fr-FR\",\"@id\":\"https:\\\/\\\/secure.gravatar.com\\\/avatar\\\/57de8e5d4b15d43fb361a71fbb36338450fe67865b528a43dd10ef7c51a20392?s=96&d=mm&r=g\",\"url\":\"https:\\\/\\\/secure.gravatar.com\\\/avatar\\\/57de8e5d4b15d43fb361a71fbb36338450fe67865b528a43dd10ef7c51a20392?s=96&d=mm&r=g\",\"contentUrl\":\"https:\\\/\\\/secure.gravatar.com\\\/avatar\\\/57de8e5d4b15d43fb361a71fbb36338450fe67865b528a43dd10ef7c51a20392?s=96&d=mm&r=g\",\"caption\":\"La Sentinelle\"},\"sameAs\":[\"http:\\\/\\\/www.lasentinelle.dz\"],\"url\":\"https:\\\/\\\/lasentinelle.dz\\\/author\\\/redaction\\\/\"}]}<\/script>\n<!-- \/ Yoast SEO plugin. -->","yoast_head_json":{"title":"Charniers de Ghaza\u00a0: Des \u00ab\u00a0violations flagrantes\u00a0\u00bb des droits de l\u2019Homme - La Sentinelle","robots":{"index":"index","follow":"follow","max-snippet":"max-snippet:-1","max-image-preview":"max-image-preview:large","max-video-preview":"max-video-preview:-1"},"canonical":"https:\/\/lasentinelle.dz\/index.php\/2024\/05\/09\/charniers-de-ghaza-des-violations-flagrantes-des-droits-de-lhomme\/","og_locale":"fr_FR","og_type":"article","og_title":"Charniers de Ghaza\u00a0: Des \u00ab\u00a0violations flagrantes\u00a0\u00bb des droits de l\u2019Homme - La Sentinelle","og_description":"Un septi\u00e8me charnier a \u00e9t\u00e9 d\u00e9couvert dans un h\u00f4pital de Ghaza, confirmant les crimes de guerre perp\u00e9tr\u00e9s par les forces","og_url":"https:\/\/lasentinelle.dz\/index.php\/2024\/05\/09\/charniers-de-ghaza-des-violations-flagrantes-des-droits-de-lhomme\/","og_site_name":"La Sentinelle","article_publisher":"https:\/\/www.facebook.com\/La-Sentinelle-104059864394773","article_published_time":"2024-05-09T11:31:00+00:00","article_modified_time":"2024-05-10T11:34:16+00:00","og_image":[{"width":640,"height":426,"url":"https:\/\/lasentinelle.dz\/wp-content\/uploads\/2024\/04\/charnier-1.webp","type":"image\/webp"}],"author":"La Sentinelle","twitter_card":"summary_large_image","twitter_misc":{"\u00c9crit par":"La Sentinelle","Dur\u00e9e de lecture estim\u00e9e":"7 minutes"},"schema":{"@context":"https:\/\/schema.org","@graph":[{"@type":"Article","@id":"https:\/\/lasentinelle.dz\/index.php\/2024\/05\/09\/charniers-de-ghaza-des-violations-flagrantes-des-droits-de-lhomme\/#article","isPartOf":{"@id":"https:\/\/lasentinelle.dz\/index.php\/2024\/05\/09\/charniers-de-ghaza-des-violations-flagrantes-des-droits-de-lhomme\/"},"author":{"name":"La Sentinelle","@id":"https:\/\/lasentinelle.dz\/#\/schema\/person\/d865044e22e70a75174ce8bcad3acfb3"},"headline":"Charniers de Ghaza\u00a0: Des \u00ab\u00a0violations flagrantes\u00a0\u00bb des droits de l\u2019Homme","datePublished":"2024-05-09T11:31:00+00:00","dateModified":"2024-05-10T11:34:16+00:00","mainEntityOfPage":{"@id":"https:\/\/lasentinelle.dz\/index.php\/2024\/05\/09\/charniers-de-ghaza-des-violations-flagrantes-des-droits-de-lhomme\/"},"wordCount":1443,"commentCount":0,"publisher":{"@id":"https:\/\/lasentinelle.dz\/#organization"},"image":{"@id":"https:\/\/lasentinelle.dz\/index.php\/2024\/05\/09\/charniers-de-ghaza-des-violations-flagrantes-des-droits-de-lhomme\/#primaryimage"},"thumbnailUrl":"https:\/\/lasentinelle.dz\/wp-content\/uploads\/2024\/04\/charnier-1.webp","articleSection":["\u00c0 la Une","Actualit\u00e9"],"inLanguage":"fr-FR","potentialAction":[{"@type":"CommentAction","name":"Comment","target":["https:\/\/lasentinelle.dz\/index.php\/2024\/05\/09\/charniers-de-ghaza-des-violations-flagrantes-des-droits-de-lhomme\/#respond"]}]},{"@type":"WebPage","@id":"https:\/\/lasentinelle.dz\/index.php\/2024\/05\/09\/charniers-de-ghaza-des-violations-flagrantes-des-droits-de-lhomme\/","url":"https:\/\/lasentinelle.dz\/index.php\/2024\/05\/09\/charniers-de-ghaza-des-violations-flagrantes-des-droits-de-lhomme\/","name":"Charniers de Ghaza\u00a0: Des \u00ab\u00a0violations flagrantes\u00a0\u00bb des droits de l\u2019Homme - La Sentinelle","isPartOf":{"@id":"https:\/\/lasentinelle.dz\/#website"},"primaryImageOfPage":{"@id":"https:\/\/lasentinelle.dz\/index.php\/2024\/05\/09\/charniers-de-ghaza-des-violations-flagrantes-des-droits-de-lhomme\/#primaryimage"},"image":{"@id":"https:\/\/lasentinelle.dz\/index.php\/2024\/05\/09\/charniers-de-ghaza-des-violations-flagrantes-des-droits-de-lhomme\/#primaryimage"},"thumbnailUrl":"https:\/\/lasentinelle.dz\/wp-content\/uploads\/2024\/04\/charnier-1.webp","datePublished":"2024-05-09T11:31:00+00:00","dateModified":"2024-05-10T11:34:16+00:00","breadcrumb":{"@id":"https:\/\/lasentinelle.dz\/index.php\/2024\/05\/09\/charniers-de-ghaza-des-violations-flagrantes-des-droits-de-lhomme\/#breadcrumb"},"inLanguage":"fr-FR","potentialAction":[{"@type":"ReadAction","target":["https:\/\/lasentinelle.dz\/index.php\/2024\/05\/09\/charniers-de-ghaza-des-violations-flagrantes-des-droits-de-lhomme\/"]}]},{"@type":"ImageObject","inLanguage":"fr-FR","@id":"https:\/\/lasentinelle.dz\/index.php\/2024\/05\/09\/charniers-de-ghaza-des-violations-flagrantes-des-droits-de-lhomme\/#primaryimage","url":"https:\/\/lasentinelle.dz\/wp-content\/uploads\/2024\/04\/charnier-1.webp","contentUrl":"https:\/\/lasentinelle.dz\/wp-content\/uploads\/2024\/04\/charnier-1.webp","width":640,"height":426},{"@type":"BreadcrumbList","@id":"https:\/\/lasentinelle.dz\/index.php\/2024\/05\/09\/charniers-de-ghaza-des-violations-flagrantes-des-droits-de-lhomme\/#breadcrumb","itemListElement":[{"@type":"ListItem","position":1,"name":"Accueil","item":"https:\/\/lasentinelle.dz\/"},{"@type":"ListItem","position":2,"name":"Charniers de Ghaza\u00a0: Des \u00ab\u00a0violations flagrantes\u00a0\u00bb des droits de l\u2019Homme"}]},{"@type":"WebSite","@id":"https:\/\/lasentinelle.dz\/#website","url":"https:\/\/lasentinelle.dz\/","name":"La Sentinelle","description":"Quotidien national d&#039;information","publisher":{"@id":"https:\/\/lasentinelle.dz\/#organization"},"potentialAction":[{"@type":"SearchAction","target":{"@type":"EntryPoint","urlTemplate":"https:\/\/lasentinelle.dz\/?s={search_term_string}"},"query-input":{"@type":"PropertyValueSpecification","valueRequired":true,"valueName":"search_term_string"}}],"inLanguage":"fr-FR"},{"@type":"Organization","@id":"https:\/\/lasentinelle.dz\/#organization","name":"Quotidien La Sentinelle","url":"https:\/\/lasentinelle.dz\/","logo":{"@type":"ImageObject","inLanguage":"fr-FR","@id":"https:\/\/lasentinelle.dz\/#\/schema\/logo\/image\/","url":"https:\/\/lasentinelle.dz\/wp-content\/uploads\/2021\/09\/logo-sentinelleSLOGAN-1.png","contentUrl":"https:\/\/lasentinelle.dz\/wp-content\/uploads\/2021\/09\/logo-sentinelleSLOGAN-1.png","width":615,"height":142,"caption":"Quotidien La Sentinelle"},"image":{"@id":"https:\/\/lasentinelle.dz\/#\/schema\/logo\/image\/"},"sameAs":["https:\/\/www.facebook.com\/La-Sentinelle-104059864394773"]},{"@type":"Person","@id":"https:\/\/lasentinelle.dz\/#\/schema\/person\/d865044e22e70a75174ce8bcad3acfb3","name":"La Sentinelle","image":{"@type":"ImageObject","inLanguage":"fr-FR","@id":"https:\/\/secure.gravatar.com\/avatar\/57de8e5d4b15d43fb361a71fbb36338450fe67865b528a43dd10ef7c51a20392?s=96&d=mm&r=g","url":"https:\/\/secure.gravatar.com\/avatar\/57de8e5d4b15d43fb361a71fbb36338450fe67865b528a43dd10ef7c51a20392?s=96&d=mm&r=g","contentUrl":"https:\/\/secure.gravatar.com\/avatar\/57de8e5d4b15d43fb361a71fbb36338450fe67865b528a43dd10ef7c51a20392?s=96&d=mm&r=g","caption":"La Sentinelle"},"sameAs":["http:\/\/www.lasentinelle.dz"],"url":"https:\/\/lasentinelle.dz\/author\/redaction\/"}]}},"_links":{"self":[{"href":"https:\/\/lasentinelle.dz\/index.php\/wp-json\/wp\/v2\/posts\/52208","targetHints":{"allow":["GET"]}}],"collection":[{"href":"https:\/\/lasentinelle.dz\/index.php\/wp-json\/wp\/v2\/posts"}],"about":[{"href":"https:\/\/lasentinelle.dz\/index.php\/wp-json\/wp\/v2\/types\/post"}],"author":[{"embeddable":true,"href":"https:\/\/lasentinelle.dz\/index.php\/wp-json\/wp\/v2\/users\/3"}],"replies":[{"embeddable":true,"href":"https:\/\/lasentinelle.dz\/index.php\/wp-json\/wp\/v2\/comments?post=52208"}],"version-history":[{"count":1,"href":"https:\/\/lasentinelle.dz\/index.php\/wp-json\/wp\/v2\/posts\/52208\/revisions"}],"predecessor-version":[{"id":52209,"href":"https:\/\/lasentinelle.dz\/index.php\/wp-json\/wp\/v2\/posts\/52208\/revisions\/52209"}],"wp:featuredmedia":[{"embeddable":true,"href":"https:\/\/lasentinelle.dz\/index.php\/wp-json\/wp\/v2\/media\/51565"}],"wp:attachment":[{"href":"https:\/\/lasentinelle.dz\/index.php\/wp-json\/wp\/v2\/media?parent=52208"}],"wp:term":[{"taxonomy":"category","embeddable":true,"href":"https:\/\/lasentinelle.dz\/index.php\/wp-json\/wp\/v2\/categories?post=52208"},{"taxonomy":"post_tag","embeddable":true,"href":"https:\/\/lasentinelle.dz\/index.php\/wp-json\/wp\/v2\/tags?post=52208"}],"curies":[{"name":"wp","href":"https:\/\/api.w.org\/{rel}","templated":true}]}}