{"id":52255,"date":"2024-05-11T14:35:44","date_gmt":"2024-05-11T13:35:44","guid":{"rendered":"https:\/\/lasentinelle.dz\/?p=52255"},"modified":"2024-05-11T14:35:45","modified_gmt":"2024-05-11T13:35:45","slug":"developpement-du-secteur-des-mines-dans-le-prolongement-de-la-nationalisation","status":"publish","type":"post","link":"https:\/\/lasentinelle.dz\/index.php\/2024\/05\/11\/developpement-du-secteur-des-mines-dans-le-prolongement-de-la-nationalisation\/","title":{"rendered":"D\u00e9veloppement du secteur des mines\u00a0: Dans le prolongement de la nationalisation"},"content":{"rendered":"\n<p>Trois contrats li\u00e9s au d\u00e9veloppement des grands projets miniers ont \u00e9t\u00e9 sign\u00e9s jeudi \u00e0 Alger, en marge, de la c\u00e9l\u00e9bration du 58<sup>e<\/sup> anniversaire de la nationalisation des mines.<\/p>\n\n\n\n<p>La comm\u00e9moration de la nationalisation des mines a \u00e9t\u00e9 marqu\u00e9e jeudi, et pour la premi\u00e8re, d\u2019une c\u00e9r\u00e9monie qui a permis de revenir sur les principales r\u00e9alisations dans le secteur, mais aussi de mettre en avant les nouvelles ambitions en ce qui concerne le d\u00e9veloppement de ce secteur strat\u00e9gique. Il faut dire que le secteur des mines est l\u2019un des premiers \u00e0 avoir \u00e9t\u00e9 concern\u00e9 par la d\u00e9marche de nationalisation des grands secteurs \u00e9conomiques de la jeune Alg\u00e9rie ind\u00e9pendante. Une nationalisation intervenue le 6 mai 1966, soit pr\u00e8s de 5 ans avant la nationalisation des hydrocarbures-, suivie par la cr\u00e9ation de de la Soci\u00e9t\u00e9 nationale de recherches et d\u2019exploitations mini\u00e8res \u00ab\u00a0Sonarem\u00a0\u00bb une ann\u00e9e plus tard. Un processus qui s\u2019est inscrit dans le cadre de la volont\u00e9 de recouvrer la souverainet\u00e9 de l\u2019Alg\u00e9rie sur ses ressources et conqu\u00e9rir son ind\u00e9pendance \u00e9conomique. Une souverainet\u00e9 \u00e9conomique qu\u2019il s\u2019agit aujourd\u2019hui de consolider. Aujourd\u2019hui, comme hier, le secteur est appel\u00e9 \u00e0 porter le d\u00e9veloppement de l\u2019assise industrielle nationale. Une ambition affich\u00e9e, jeudi lors des c\u00e9l\u00e9brations de cet anniversaire au Centre international des conf\u00e9rences Abdelatif Rahal, \u00e0 travers la signature, en pr\u00e9sence du premier responsable du secteur, Mohamed Arkab, de trois contrats entre les filiales de la Sonarem et des partenaires \u00e9trangers pour la r\u00e9alisation de projets dans le cadre du plan national du d\u00e9veloppement minier. Des contrats li\u00e9s plus pr\u00e9cis\u00e9ment avec l\u2019exploitation et la valorisation du gisement de fer g\u00e9ant de Ghar Djebilet dans la wilaya de Tindouf, ainsi que la mine de zinc et de plomb d\u2019Oued Amizour dans la wilaya de B\u00e9ja\u00efa. Le premier contrat a \u00e9t\u00e9 sign\u00e9 entre l&rsquo;Entreprise nationale de fer et d&rsquo;acier-Feraal (filiale du groupe Sonarem) et la soci\u00e9t\u00e9 chinoise \u00ab\u00a0Sinosteel\u00a0\u00bb concernant la construction d&rsquo;une premi\u00e8re unit\u00e9 de pr\u00e9traitement de minerai de fer au niveau de la mine de Gara Djebilet, d&rsquo;une capacit\u00e9 estim\u00e9e \u00e0 4 millions de tonnes. &nbsp;Un contrat qui refl\u00e8te le d\u00e9veloppement rapide du projet d\u2019exploitation de l\u2019un des plus grands gisements de fer au monde. Un gisement dont les r\u00e9serves sont estim\u00e9es \u00e0 3,5 milliards de tonnes, dont 1,7 milliard de tonnes sont exploitables. Toujours concernant la mine de fer, un second accord a \u00e9t\u00e9 sign\u00e9 pour la cr\u00e9ation d&rsquo;une joint-venture entre l&rsquo;entreprise turque \u00a0\u00bb Tosyali\u00a0\u00bb et \u00ab\u00a0Feraal\u00a0\u00bb, en vue de la r\u00e9alisation d&rsquo;une unit\u00e9 de production de concentr\u00e9s du minerai de fer dans la zone de Toumiat (B\u00e9char), d&rsquo;une capacit\u00e9 de production annuelle estim\u00e9e \u00e0 1 million de tonnes. Enfin un troisi\u00e8me accord portant sur la r\u00e9alisation d&rsquo;une mine souterraine au niveau du gisement de plomb et de zinc \u00e0 Oued Amizour, d&rsquo;une capacit\u00e9 annuelle estim\u00e9e \u00e0 170.000 tonnes de zinc et \u00e0 30.000 tonnes de plomb, entre la joint-venture alg\u00e9ro-australienne \u00ab\u00a0West Mediterranean Zinc\u00a0\u00bb (WMZ) et la soci\u00e9t\u00e9 chinoise Sinosteel a \u00e9t\u00e9 sign\u00e9. Ces accords consacrent des partenariats fructueux dans le secteur des mines, dans le but de renforcer le r\u00f4le du secteur dans l&rsquo;\u00e9conomie nationale \u00e0 l&rsquo;avenir.<\/p>\n\n\n\n<p><strong>Un chiffre d\u2019affaires de 5 milliards de dollars<\/strong><\/p>\n\n\n\n<p>Il faut dire que le programme minier national mise sur le d\u00e9veloppement des immenses ressources mini\u00e8res et min\u00e9rales dont dispose l\u2019Alg\u00e9rie pour le d\u00e9veloppement d\u2019une base industrielle de transformation \u00e0 l\u2019effet de fournir des intrants aux industries lourdes et manufacturi\u00e8res, en plus de demi-produits pour l\u2019export. Un programme qui entre dans le cadre de la strat\u00e9gie de diversification de l\u2019\u00e9conomie nationale et des exportations hors-hydrocarbures. Dans ce sens, le ministre de l&rsquo;Energie et des Mines a soulign\u00e9 la n\u00e9cessit\u00e9 d&rsquo;augmenter la valeur ajout\u00e9e du secteur des mines, ce qui permettra de r\u00e9duire la facture des importations et de d\u00e9velopper plusieurs fili\u00e8res industrielles. \u00ab\u00a0Nous sommes tous conscients de ce que peut apporter le secteur des mines pour enrichir de nombreuses industries de transformation en mati\u00e8res mini\u00e8res, d&rsquo;o\u00f9 l&rsquo;imp\u00e9ratif d&rsquo;augmenter la valeur ajout\u00e9e de ce secteur vers un niveau beaucoup plus \u00e9lev\u00e9\u00a0\u00bb, a d\u00e9clar\u00e9 Mohamed Arkab. Ceci devrait r\u00e9duire les importations et permettre \u00e0 l\u2019Etat d\u2019\u00e9conomiser des millions de dollars et de g\u00e9n\u00e9rer des revenus \u00e0 travers l\u2019am\u00e9lioration des diff\u00e9rentes industries telles que le marbre, le Carbonate de calcuim, le Barytine, le feldspath, le kaolin, le zinc, et l\u2019or, a ajout\u00e9 le ministre. Dans ce contexte, M. Akrab a mis en avant la strat\u00e9gie de l\u2019Etat visant la relance du secteur des mines, fond\u00e9e sur la r\u00e9vision du cadre l\u00e9gislatif, l\u2019\u00e9largissement de la base mini\u00e8re du pays \u00e0 travers l\u2019\u00e9laboration de programmes de recherche mini\u00e8re, outre le d\u00e9veloppement et la mod\u00e9ration de l&rsquo;\u00e9laboration des cartes des ressources mini\u00e8res et mise en \u0153uvre de m\u00e9gaprojets structurants et le d\u00e9veloppement du capital humain. Il a \u00e9galement mis en avant l&rsquo;importance des directives du pr\u00e9sident de la R\u00e9publique, M. Abdelmadjid Tebboune, relatives \u00e0 l&rsquo;encouragement, au d\u00e9veloppement et \u00e0 la modernisation des activit\u00e9s agricoles, \u00e0 travers la production locale d&rsquo;ur\u00e9e et d&rsquo;engrais phosphat\u00e9s sous toutes leurs formes, sans recours \u00e0 l&rsquo;importation, en vue de garantir l&rsquo;approvisionnement alimentaire national de mani\u00e8re permanente et stable afin d&rsquo;atteindre la s\u00e9curit\u00e9 alimentaire. Concernant la r\u00e9vision de la loi mini\u00e8re, le ministre a affirm\u00e9 que ce projet \u00ab\u00a0capital\u00a0\u00bb permettra \u00ab\u00a0d&rsquo;adapter les textes l\u00e9gislatifs aux \u00e9volutions que connait le secteur minier et d&rsquo;accro\u00eetre son attractivit\u00e9 pour les investisseurs, tout en pr\u00e9servant les int\u00e9r\u00eats nationaux.<\/p>\n\n\n\n<p>De son c\u00f4t\u00e9, le P-dg du groupe industriel \u00ab\u00a0Sonarem\u00a0\u00bb, Mohamed Sakhr Harami, a mis en avant l&rsquo;importance des projets miniers en cours de concr\u00e9tisation. Il annoncera que les prochaines ann\u00e9es verront le d\u00e9veloppement de nouveaux projets miniers, \u00e0 l&rsquo;instar du gisement de Baryte de B\u00e9ni Abbas et de mangan\u00e8se de B\u00e9char, ce qui permet, a t-il dit, de cr\u00e9er une nouvelle plus-value pour l&rsquo;\u00e9conomie nationale, en vue d&rsquo;atteindre \u00e0 l&rsquo;horizon 2030, un chiffre d&rsquo;affaires de 5 milliards USD pour le groupe. Ces projets miniers, poursuit M. Harami, s&rsquo;ajoutent au projet de la mine de Gara Djebilet qui permet de doter les usines nationales de sid\u00e9rurgie en brut de fer et d&rsquo;\u00e9conomiser environ 2 Mds USD, au gisement de zinc et de plomb de Beja\u00efa, ainsi qu&rsquo;au projet de phosphate int\u00e9gr\u00e9 \u00e0 l&rsquo;Est du pays, en vue de la transformation de 10 millions de tonnes de phosphate annuellement.<\/p>\n\n\n\n<p><strong>Samira Ghrib<\/strong><\/p>\n\n\n\n<p><strong>Emission de trois timbres poste \u00e0 l&rsquo;occasion du 58e anniversaire de la nationalisation des mines<\/strong><\/p>\n\n\n\n<p>Alg\u00e9rie poste a \u00e9mis jeudi trois timbres-poste, mettant en avant les mines de fer de Gara Djebilet (Tindouf), de zinc de Tala Hamza (B\u00e9jaia) et de phosphate de Bled El Hadba (T\u00e9bessa), et ce, \u00e0 l&rsquo;occasion de la c\u00e9l\u00e9bration du 58e anniversaire de la nationalisation des mines. L&rsquo;oblit\u00e9ration premier jour de ces timbres comm\u00e9moratifs a eu lieu en pr\u00e9sence des ministres de l&rsquo;Energie et des Mines, Mohamed Arkab, et de la Poste et des T\u00e9l\u00e9communications, Karim Bibi Triki lors de la c\u00e9r\u00e9monie c\u00e9l\u00e9brant le 58e anniversaire de la nationalisation des mines (6 mai 1966) et le 57e anniversaire de la cr\u00e9ation de la Soci\u00e9t\u00e9 nationale de recherches et d\u2019exploitations mini\u00e8res (Sonarem) (11 mai 1967). Ces \u00e9missions philat\u00e9liques, d\u2019une dimension chacune de 36 x 26 mm et d\u2019une valeur faciale de 25 DA sont illustr\u00e9es par des dessins cr\u00e9atifs repr\u00e9sentant les trois mines. La pr\u00e9vente de ces timbres poste s&rsquo;\u00e9talera du 9 au 11 mai, alors que le premier jour de vente publique au niveau des bureaux de poste est pr\u00e9vu le 12 mai.<\/p>\n","protected":false},"excerpt":{"rendered":"<p>Trois contrats li\u00e9s au d\u00e9veloppement des grands projets miniers ont \u00e9t\u00e9 sign\u00e9s jeudi \u00e0 Alger, en marge, de la c\u00e9l\u00e9bration<\/p>\n","protected":false},"author":3,"featured_media":52256,"comment_status":"open","ping_status":"closed","sticky":false,"template":"","format":"standard","meta":{"colormag_page_container_layout":"default_layout","colormag_page_sidebar_layout":"default_layout","om_disable_all_campaigns":false,"_monsterinsights_skip_tracking":false,"_monsterinsights_sitenote_active":false,"_monsterinsights_sitenote_note":"","_monsterinsights_sitenote_category":0,"footnotes":"","_wpscppro_dont_share_socialmedia":false,"_wpscppro_custom_social_share_image":0,"_facebook_share_type":"default","_twitter_share_type":"default","_linkedin_share_type":"default","_pinterest_share_type":"default","_linkedin_share_type_page":"","_instagram_share_type":"default","_medium_share_type":"","_threads_share_type":"","_google_business_share_type":"","_selected_social_profile":[],"_wpsp_enable_custom_social_template":false,"_wpsp_social_scheduling":{"enabled":false,"datetime":null,"platforms":[],"status":"template_only","dateOption":"today","timeOption":"now","customDays":"","customHours":"","customDate":"","customTime":"","schedulingType":"absolute"},"_wpsp_active_default_template":true},"categories":[52,29],"tags":[],"class_list":["post-52255","post","type-post","status-publish","format-standard","has-post-thumbnail","hentry","category-a-la-une","category-economie"],"aioseo_notices":[],"yoast_head":"<!-- This site is optimized with the Yoast SEO plugin v27.5 - https:\/\/yoast.com\/product\/yoast-seo-wordpress\/ -->\n<title>D\u00e9veloppement du secteur des mines\u00a0: Dans le prolongement de la nationalisation - La Sentinelle<\/title>\n<meta name=\"robots\" content=\"index, follow, max-snippet:-1, max-image-preview:large, max-video-preview:-1\" \/>\n<link rel=\"canonical\" href=\"https:\/\/lasentinelle.dz\/index.php\/2024\/05\/11\/developpement-du-secteur-des-mines-dans-le-prolongement-de-la-nationalisation\/\" \/>\n<meta property=\"og:locale\" content=\"fr_FR\" \/>\n<meta property=\"og:type\" content=\"article\" \/>\n<meta property=\"og:title\" content=\"D\u00e9veloppement du secteur des mines\u00a0: Dans le prolongement de la nationalisation - La Sentinelle\" \/>\n<meta property=\"og:description\" content=\"Trois contrats li\u00e9s au d\u00e9veloppement des grands projets miniers ont \u00e9t\u00e9 sign\u00e9s jeudi \u00e0 Alger, en marge, de la c\u00e9l\u00e9bration\" \/>\n<meta property=\"og:url\" content=\"https:\/\/lasentinelle.dz\/index.php\/2024\/05\/11\/developpement-du-secteur-des-mines-dans-le-prolongement-de-la-nationalisation\/\" \/>\n<meta property=\"og:site_name\" content=\"La Sentinelle\" \/>\n<meta property=\"article:publisher\" content=\"https:\/\/www.facebook.com\/La-Sentinelle-104059864394773\" \/>\n<meta property=\"article:published_time\" content=\"2024-05-11T13:35:44+00:00\" \/>\n<meta property=\"article:modified_time\" content=\"2024-05-11T13:35:45+00:00\" \/>\n<meta property=\"og:image\" content=\"https:\/\/lasentinelle.dz\/wp-content\/uploads\/2024\/05\/anniversaire-mines.jpeg\" \/>\n\t<meta property=\"og:image:width\" content=\"1080\" \/>\n\t<meta property=\"og:image:height\" content=\"720\" \/>\n\t<meta property=\"og:image:type\" content=\"image\/jpeg\" \/>\n<meta name=\"author\" content=\"La Sentinelle\" \/>\n<meta name=\"twitter:card\" content=\"summary_large_image\" \/>\n<meta name=\"twitter:label1\" content=\"\u00c9crit par\" \/>\n\t<meta name=\"twitter:data1\" content=\"La Sentinelle\" \/>\n\t<meta name=\"twitter:label2\" content=\"Dur\u00e9e de lecture estim\u00e9e\" \/>\n\t<meta name=\"twitter:data2\" content=\"7 minutes\" \/>\n<script type=\"application\/ld+json\" class=\"yoast-schema-graph\">{\"@context\":\"https:\\\/\\\/schema.org\",\"@graph\":[{\"@type\":\"Article\",\"@id\":\"https:\\\/\\\/lasentinelle.dz\\\/index.php\\\/2024\\\/05\\\/11\\\/developpement-du-secteur-des-mines-dans-le-prolongement-de-la-nationalisation\\\/#article\",\"isPartOf\":{\"@id\":\"https:\\\/\\\/lasentinelle.dz\\\/index.php\\\/2024\\\/05\\\/11\\\/developpement-du-secteur-des-mines-dans-le-prolongement-de-la-nationalisation\\\/\"},\"author\":{\"name\":\"La Sentinelle\",\"@id\":\"https:\\\/\\\/lasentinelle.dz\\\/#\\\/schema\\\/person\\\/d865044e22e70a75174ce8bcad3acfb3\"},\"headline\":\"D\u00e9veloppement du secteur des mines\u00a0: Dans le prolongement de la nationalisation\",\"datePublished\":\"2024-05-11T13:35:44+00:00\",\"dateModified\":\"2024-05-11T13:35:45+00:00\",\"mainEntityOfPage\":{\"@id\":\"https:\\\/\\\/lasentinelle.dz\\\/index.php\\\/2024\\\/05\\\/11\\\/developpement-du-secteur-des-mines-dans-le-prolongement-de-la-nationalisation\\\/\"},\"wordCount\":1392,\"commentCount\":0,\"publisher\":{\"@id\":\"https:\\\/\\\/lasentinelle.dz\\\/#organization\"},\"image\":{\"@id\":\"https:\\\/\\\/lasentinelle.dz\\\/index.php\\\/2024\\\/05\\\/11\\\/developpement-du-secteur-des-mines-dans-le-prolongement-de-la-nationalisation\\\/#primaryimage\"},\"thumbnailUrl\":\"https:\\\/\\\/lasentinelle.dz\\\/wp-content\\\/uploads\\\/2024\\\/05\\\/anniversaire-mines.jpeg\",\"articleSection\":[\"\u00c0 la Une\",\"\u00c9conomie\"],\"inLanguage\":\"fr-FR\",\"potentialAction\":[{\"@type\":\"CommentAction\",\"name\":\"Comment\",\"target\":[\"https:\\\/\\\/lasentinelle.dz\\\/index.php\\\/2024\\\/05\\\/11\\\/developpement-du-secteur-des-mines-dans-le-prolongement-de-la-nationalisation\\\/#respond\"]}]},{\"@type\":\"WebPage\",\"@id\":\"https:\\\/\\\/lasentinelle.dz\\\/index.php\\\/2024\\\/05\\\/11\\\/developpement-du-secteur-des-mines-dans-le-prolongement-de-la-nationalisation\\\/\",\"url\":\"https:\\\/\\\/lasentinelle.dz\\\/index.php\\\/2024\\\/05\\\/11\\\/developpement-du-secteur-des-mines-dans-le-prolongement-de-la-nationalisation\\\/\",\"name\":\"D\u00e9veloppement du secteur des mines\u00a0: Dans le prolongement de la nationalisation - La Sentinelle\",\"isPartOf\":{\"@id\":\"https:\\\/\\\/lasentinelle.dz\\\/#website\"},\"primaryImageOfPage\":{\"@id\":\"https:\\\/\\\/lasentinelle.dz\\\/index.php\\\/2024\\\/05\\\/11\\\/developpement-du-secteur-des-mines-dans-le-prolongement-de-la-nationalisation\\\/#primaryimage\"},\"image\":{\"@id\":\"https:\\\/\\\/lasentinelle.dz\\\/index.php\\\/2024\\\/05\\\/11\\\/developpement-du-secteur-des-mines-dans-le-prolongement-de-la-nationalisation\\\/#primaryimage\"},\"thumbnailUrl\":\"https:\\\/\\\/lasentinelle.dz\\\/wp-content\\\/uploads\\\/2024\\\/05\\\/anniversaire-mines.jpeg\",\"datePublished\":\"2024-05-11T13:35:44+00:00\",\"dateModified\":\"2024-05-11T13:35:45+00:00\",\"breadcrumb\":{\"@id\":\"https:\\\/\\\/lasentinelle.dz\\\/index.php\\\/2024\\\/05\\\/11\\\/developpement-du-secteur-des-mines-dans-le-prolongement-de-la-nationalisation\\\/#breadcrumb\"},\"inLanguage\":\"fr-FR\",\"potentialAction\":[{\"@type\":\"ReadAction\",\"target\":[\"https:\\\/\\\/lasentinelle.dz\\\/index.php\\\/2024\\\/05\\\/11\\\/developpement-du-secteur-des-mines-dans-le-prolongement-de-la-nationalisation\\\/\"]}]},{\"@type\":\"ImageObject\",\"inLanguage\":\"fr-FR\",\"@id\":\"https:\\\/\\\/lasentinelle.dz\\\/index.php\\\/2024\\\/05\\\/11\\\/developpement-du-secteur-des-mines-dans-le-prolongement-de-la-nationalisation\\\/#primaryimage\",\"url\":\"https:\\\/\\\/lasentinelle.dz\\\/wp-content\\\/uploads\\\/2024\\\/05\\\/anniversaire-mines.jpeg\",\"contentUrl\":\"https:\\\/\\\/lasentinelle.dz\\\/wp-content\\\/uploads\\\/2024\\\/05\\\/anniversaire-mines.jpeg\",\"width\":1080,\"height\":720},{\"@type\":\"BreadcrumbList\",\"@id\":\"https:\\\/\\\/lasentinelle.dz\\\/index.php\\\/2024\\\/05\\\/11\\\/developpement-du-secteur-des-mines-dans-le-prolongement-de-la-nationalisation\\\/#breadcrumb\",\"itemListElement\":[{\"@type\":\"ListItem\",\"position\":1,\"name\":\"Accueil\",\"item\":\"https:\\\/\\\/lasentinelle.dz\\\/\"},{\"@type\":\"ListItem\",\"position\":2,\"name\":\"D\u00e9veloppement du secteur des mines\u00a0: Dans le prolongement de la nationalisation\"}]},{\"@type\":\"WebSite\",\"@id\":\"https:\\\/\\\/lasentinelle.dz\\\/#website\",\"url\":\"https:\\\/\\\/lasentinelle.dz\\\/\",\"name\":\"La Sentinelle\",\"description\":\"Quotidien national d&#039;information\",\"publisher\":{\"@id\":\"https:\\\/\\\/lasentinelle.dz\\\/#organization\"},\"potentialAction\":[{\"@type\":\"SearchAction\",\"target\":{\"@type\":\"EntryPoint\",\"urlTemplate\":\"https:\\\/\\\/lasentinelle.dz\\\/?s={search_term_string}\"},\"query-input\":{\"@type\":\"PropertyValueSpecification\",\"valueRequired\":true,\"valueName\":\"search_term_string\"}}],\"inLanguage\":\"fr-FR\"},{\"@type\":\"Organization\",\"@id\":\"https:\\\/\\\/lasentinelle.dz\\\/#organization\",\"name\":\"Quotidien La Sentinelle\",\"url\":\"https:\\\/\\\/lasentinelle.dz\\\/\",\"logo\":{\"@type\":\"ImageObject\",\"inLanguage\":\"fr-FR\",\"@id\":\"https:\\\/\\\/lasentinelle.dz\\\/#\\\/schema\\\/logo\\\/image\\\/\",\"url\":\"https:\\\/\\\/lasentinelle.dz\\\/wp-content\\\/uploads\\\/2021\\\/09\\\/logo-sentinelleSLOGAN-1.png\",\"contentUrl\":\"https:\\\/\\\/lasentinelle.dz\\\/wp-content\\\/uploads\\\/2021\\\/09\\\/logo-sentinelleSLOGAN-1.png\",\"width\":615,\"height\":142,\"caption\":\"Quotidien La Sentinelle\"},\"image\":{\"@id\":\"https:\\\/\\\/lasentinelle.dz\\\/#\\\/schema\\\/logo\\\/image\\\/\"},\"sameAs\":[\"https:\\\/\\\/www.facebook.com\\\/La-Sentinelle-104059864394773\"]},{\"@type\":\"Person\",\"@id\":\"https:\\\/\\\/lasentinelle.dz\\\/#\\\/schema\\\/person\\\/d865044e22e70a75174ce8bcad3acfb3\",\"name\":\"La Sentinelle\",\"image\":{\"@type\":\"ImageObject\",\"inLanguage\":\"fr-FR\",\"@id\":\"https:\\\/\\\/secure.gravatar.com\\\/avatar\\\/57de8e5d4b15d43fb361a71fbb36338450fe67865b528a43dd10ef7c51a20392?s=96&d=mm&r=g\",\"url\":\"https:\\\/\\\/secure.gravatar.com\\\/avatar\\\/57de8e5d4b15d43fb361a71fbb36338450fe67865b528a43dd10ef7c51a20392?s=96&d=mm&r=g\",\"contentUrl\":\"https:\\\/\\\/secure.gravatar.com\\\/avatar\\\/57de8e5d4b15d43fb361a71fbb36338450fe67865b528a43dd10ef7c51a20392?s=96&d=mm&r=g\",\"caption\":\"La Sentinelle\"},\"sameAs\":[\"http:\\\/\\\/www.lasentinelle.dz\"],\"url\":\"https:\\\/\\\/lasentinelle.dz\\\/author\\\/redaction\\\/\"}]}<\/script>\n<!-- \/ Yoast SEO plugin. -->","yoast_head_json":{"title":"D\u00e9veloppement du secteur des mines\u00a0: Dans le prolongement de la nationalisation - La Sentinelle","robots":{"index":"index","follow":"follow","max-snippet":"max-snippet:-1","max-image-preview":"max-image-preview:large","max-video-preview":"max-video-preview:-1"},"canonical":"https:\/\/lasentinelle.dz\/index.php\/2024\/05\/11\/developpement-du-secteur-des-mines-dans-le-prolongement-de-la-nationalisation\/","og_locale":"fr_FR","og_type":"article","og_title":"D\u00e9veloppement du secteur des mines\u00a0: Dans le prolongement de la nationalisation - La Sentinelle","og_description":"Trois contrats li\u00e9s au d\u00e9veloppement des grands projets miniers ont \u00e9t\u00e9 sign\u00e9s jeudi \u00e0 Alger, en marge, de la c\u00e9l\u00e9bration","og_url":"https:\/\/lasentinelle.dz\/index.php\/2024\/05\/11\/developpement-du-secteur-des-mines-dans-le-prolongement-de-la-nationalisation\/","og_site_name":"La Sentinelle","article_publisher":"https:\/\/www.facebook.com\/La-Sentinelle-104059864394773","article_published_time":"2024-05-11T13:35:44+00:00","article_modified_time":"2024-05-11T13:35:45+00:00","og_image":[{"width":1080,"height":720,"url":"https:\/\/lasentinelle.dz\/wp-content\/uploads\/2024\/05\/anniversaire-mines.jpeg","type":"image\/jpeg"}],"author":"La Sentinelle","twitter_card":"summary_large_image","twitter_misc":{"\u00c9crit par":"La Sentinelle","Dur\u00e9e de lecture estim\u00e9e":"7 minutes"},"schema":{"@context":"https:\/\/schema.org","@graph":[{"@type":"Article","@id":"https:\/\/lasentinelle.dz\/index.php\/2024\/05\/11\/developpement-du-secteur-des-mines-dans-le-prolongement-de-la-nationalisation\/#article","isPartOf":{"@id":"https:\/\/lasentinelle.dz\/index.php\/2024\/05\/11\/developpement-du-secteur-des-mines-dans-le-prolongement-de-la-nationalisation\/"},"author":{"name":"La Sentinelle","@id":"https:\/\/lasentinelle.dz\/#\/schema\/person\/d865044e22e70a75174ce8bcad3acfb3"},"headline":"D\u00e9veloppement du secteur des mines\u00a0: Dans le prolongement de la nationalisation","datePublished":"2024-05-11T13:35:44+00:00","dateModified":"2024-05-11T13:35:45+00:00","mainEntityOfPage":{"@id":"https:\/\/lasentinelle.dz\/index.php\/2024\/05\/11\/developpement-du-secteur-des-mines-dans-le-prolongement-de-la-nationalisation\/"},"wordCount":1392,"commentCount":0,"publisher":{"@id":"https:\/\/lasentinelle.dz\/#organization"},"image":{"@id":"https:\/\/lasentinelle.dz\/index.php\/2024\/05\/11\/developpement-du-secteur-des-mines-dans-le-prolongement-de-la-nationalisation\/#primaryimage"},"thumbnailUrl":"https:\/\/lasentinelle.dz\/wp-content\/uploads\/2024\/05\/anniversaire-mines.jpeg","articleSection":["\u00c0 la Une","\u00c9conomie"],"inLanguage":"fr-FR","potentialAction":[{"@type":"CommentAction","name":"Comment","target":["https:\/\/lasentinelle.dz\/index.php\/2024\/05\/11\/developpement-du-secteur-des-mines-dans-le-prolongement-de-la-nationalisation\/#respond"]}]},{"@type":"WebPage","@id":"https:\/\/lasentinelle.dz\/index.php\/2024\/05\/11\/developpement-du-secteur-des-mines-dans-le-prolongement-de-la-nationalisation\/","url":"https:\/\/lasentinelle.dz\/index.php\/2024\/05\/11\/developpement-du-secteur-des-mines-dans-le-prolongement-de-la-nationalisation\/","name":"D\u00e9veloppement du secteur des mines\u00a0: Dans le prolongement de la nationalisation - La Sentinelle","isPartOf":{"@id":"https:\/\/lasentinelle.dz\/#website"},"primaryImageOfPage":{"@id":"https:\/\/lasentinelle.dz\/index.php\/2024\/05\/11\/developpement-du-secteur-des-mines-dans-le-prolongement-de-la-nationalisation\/#primaryimage"},"image":{"@id":"https:\/\/lasentinelle.dz\/index.php\/2024\/05\/11\/developpement-du-secteur-des-mines-dans-le-prolongement-de-la-nationalisation\/#primaryimage"},"thumbnailUrl":"https:\/\/lasentinelle.dz\/wp-content\/uploads\/2024\/05\/anniversaire-mines.jpeg","datePublished":"2024-05-11T13:35:44+00:00","dateModified":"2024-05-11T13:35:45+00:00","breadcrumb":{"@id":"https:\/\/lasentinelle.dz\/index.php\/2024\/05\/11\/developpement-du-secteur-des-mines-dans-le-prolongement-de-la-nationalisation\/#breadcrumb"},"inLanguage":"fr-FR","potentialAction":[{"@type":"ReadAction","target":["https:\/\/lasentinelle.dz\/index.php\/2024\/05\/11\/developpement-du-secteur-des-mines-dans-le-prolongement-de-la-nationalisation\/"]}]},{"@type":"ImageObject","inLanguage":"fr-FR","@id":"https:\/\/lasentinelle.dz\/index.php\/2024\/05\/11\/developpement-du-secteur-des-mines-dans-le-prolongement-de-la-nationalisation\/#primaryimage","url":"https:\/\/lasentinelle.dz\/wp-content\/uploads\/2024\/05\/anniversaire-mines.jpeg","contentUrl":"https:\/\/lasentinelle.dz\/wp-content\/uploads\/2024\/05\/anniversaire-mines.jpeg","width":1080,"height":720},{"@type":"BreadcrumbList","@id":"https:\/\/lasentinelle.dz\/index.php\/2024\/05\/11\/developpement-du-secteur-des-mines-dans-le-prolongement-de-la-nationalisation\/#breadcrumb","itemListElement":[{"@type":"ListItem","position":1,"name":"Accueil","item":"https:\/\/lasentinelle.dz\/"},{"@type":"ListItem","position":2,"name":"D\u00e9veloppement du secteur des mines\u00a0: Dans le prolongement de la nationalisation"}]},{"@type":"WebSite","@id":"https:\/\/lasentinelle.dz\/#website","url":"https:\/\/lasentinelle.dz\/","name":"La Sentinelle","description":"Quotidien national d&#039;information","publisher":{"@id":"https:\/\/lasentinelle.dz\/#organization"},"potentialAction":[{"@type":"SearchAction","target":{"@type":"EntryPoint","urlTemplate":"https:\/\/lasentinelle.dz\/?s={search_term_string}"},"query-input":{"@type":"PropertyValueSpecification","valueRequired":true,"valueName":"search_term_string"}}],"inLanguage":"fr-FR"},{"@type":"Organization","@id":"https:\/\/lasentinelle.dz\/#organization","name":"Quotidien La Sentinelle","url":"https:\/\/lasentinelle.dz\/","logo":{"@type":"ImageObject","inLanguage":"fr-FR","@id":"https:\/\/lasentinelle.dz\/#\/schema\/logo\/image\/","url":"https:\/\/lasentinelle.dz\/wp-content\/uploads\/2021\/09\/logo-sentinelleSLOGAN-1.png","contentUrl":"https:\/\/lasentinelle.dz\/wp-content\/uploads\/2021\/09\/logo-sentinelleSLOGAN-1.png","width":615,"height":142,"caption":"Quotidien La Sentinelle"},"image":{"@id":"https:\/\/lasentinelle.dz\/#\/schema\/logo\/image\/"},"sameAs":["https:\/\/www.facebook.com\/La-Sentinelle-104059864394773"]},{"@type":"Person","@id":"https:\/\/lasentinelle.dz\/#\/schema\/person\/d865044e22e70a75174ce8bcad3acfb3","name":"La Sentinelle","image":{"@type":"ImageObject","inLanguage":"fr-FR","@id":"https:\/\/secure.gravatar.com\/avatar\/57de8e5d4b15d43fb361a71fbb36338450fe67865b528a43dd10ef7c51a20392?s=96&d=mm&r=g","url":"https:\/\/secure.gravatar.com\/avatar\/57de8e5d4b15d43fb361a71fbb36338450fe67865b528a43dd10ef7c51a20392?s=96&d=mm&r=g","contentUrl":"https:\/\/secure.gravatar.com\/avatar\/57de8e5d4b15d43fb361a71fbb36338450fe67865b528a43dd10ef7c51a20392?s=96&d=mm&r=g","caption":"La Sentinelle"},"sameAs":["http:\/\/www.lasentinelle.dz"],"url":"https:\/\/lasentinelle.dz\/author\/redaction\/"}]}},"_links":{"self":[{"href":"https:\/\/lasentinelle.dz\/index.php\/wp-json\/wp\/v2\/posts\/52255","targetHints":{"allow":["GET"]}}],"collection":[{"href":"https:\/\/lasentinelle.dz\/index.php\/wp-json\/wp\/v2\/posts"}],"about":[{"href":"https:\/\/lasentinelle.dz\/index.php\/wp-json\/wp\/v2\/types\/post"}],"author":[{"embeddable":true,"href":"https:\/\/lasentinelle.dz\/index.php\/wp-json\/wp\/v2\/users\/3"}],"replies":[{"embeddable":true,"href":"https:\/\/lasentinelle.dz\/index.php\/wp-json\/wp\/v2\/comments?post=52255"}],"version-history":[{"count":1,"href":"https:\/\/lasentinelle.dz\/index.php\/wp-json\/wp\/v2\/posts\/52255\/revisions"}],"predecessor-version":[{"id":52257,"href":"https:\/\/lasentinelle.dz\/index.php\/wp-json\/wp\/v2\/posts\/52255\/revisions\/52257"}],"wp:featuredmedia":[{"embeddable":true,"href":"https:\/\/lasentinelle.dz\/index.php\/wp-json\/wp\/v2\/media\/52256"}],"wp:attachment":[{"href":"https:\/\/lasentinelle.dz\/index.php\/wp-json\/wp\/v2\/media?parent=52255"}],"wp:term":[{"taxonomy":"category","embeddable":true,"href":"https:\/\/lasentinelle.dz\/index.php\/wp-json\/wp\/v2\/categories?post=52255"},{"taxonomy":"post_tag","embeddable":true,"href":"https:\/\/lasentinelle.dz\/index.php\/wp-json\/wp\/v2\/tags?post=52255"}],"curies":[{"name":"wp","href":"https:\/\/api.w.org\/{rel}","templated":true}]}}