{"id":52258,"date":"2024-05-11T14:40:31","date_gmt":"2024-05-11T13:40:31","guid":{"rendered":"https:\/\/lasentinelle.dz\/?p=52258"},"modified":"2024-05-11T14:40:36","modified_gmt":"2024-05-11T13:40:36","slug":"sante-lengagement-de-promouvoir-les-prestations-dans-le-sud-souligne","status":"publish","type":"post","link":"https:\/\/lasentinelle.dz\/index.php\/2024\/05\/11\/sante-lengagement-de-promouvoir-les-prestations-dans-le-sud-souligne\/","title":{"rendered":"Sant\u00e9\u00a0: L\u2019engagement de promouvoir les prestations dans le Sud soulign\u00e9"},"content":{"rendered":"\n<p>Le ministre de la Sant\u00e9, Abdelhak Sa\u00efhi, a indiqu\u00e9, jeudi en marge d\u2019une visite dans la wilaya d\u2019Adrar, que \u00ab\u00a0le bond atteint en mati\u00e8re de r\u00e9alisation de structures de la sant\u00e9 par la wilaya d\u2019Adrar traduit l\u2019engagement des pouvoirs publics \u00e0 promouvoir les prestations m\u00e9dicales dans le Sud du pays\u00a0\u00bb. Au niveau centre anti cancer (CAC) de la ville, le ministre a soulign\u00e9 que \u00ab&nbsp;le d\u00e9veloppement des structures de la sant\u00e9 est le fruit des directives du pr\u00e9sident de la R\u00e9publique, M. Abdelmadjid Tebboune, portant octroi des enveloppes consid\u00e9rables au secteur de la sant\u00e9 pour la r\u00e9alisation des projets structurants dans le Sud du pays en vue d\u2019une meilleure prise en charge des citoyens&nbsp;\u00bb. Sa\u00efhi a, dans le m\u00eame sillage, rappel\u00e9 les directives des hautes instances du pays qui mettant l\u2019accent sur la n\u00e9cessit\u00e9 d\u2019accorder toute l\u2019importance voulue au statut du secteur pour une meilleure prise en charge du corps m\u00e9dical et param\u00e9dical qui ont constitu\u00e9 \u00ab\u00a0une arm\u00e9e blanche\u00a0\u00bb dans la lutte contre la propagation de la pand\u00e9mie de Coronavirus. Il s\u2019est, \u00e0 ce titre, f\u00e9licit\u00e9 des textes et dispositions allant dans le sens de l\u2019am\u00e9lioration de la situation, statut et r\u00e9gime indemnitaire, des personnels du secteur de la sant\u00e9. Lors de la visite, le ministre a indiqu\u00e9 que \u00ab\u00a0la wilaya d\u2019Adrar qui s\u2019est dot\u00e9e pendant une courte dur\u00e9e des structures m\u00e9dicales de qualit\u00e9, dont l\u2019h\u00f4pital de 240 lits, du CAC, d\u2019un institut sup\u00e9rieur de la formation param\u00e9dicale, d\u2019une annexe de la facult\u00e9 de m\u00e9decine \u00e0 l\u2019universit\u00e9 d\u2019Adrar, constituent un important bond pour promouvoir les prestations m\u00e9dicales et de jeter le socle \u00e0 la cr\u00e9ation, en perspective, d\u2019un centre hospitalo-universitaire (CHU)\u00a0\u00bb. \u00ab\u00a0L\u2019encadrement m\u00e9dical de l\u2019h\u00f4pital 240 lits sera renforc\u00e9, lui seul, par l\u2019affectation de 30 praticiens sp\u00e9cialistes, diverses sp\u00e9cialit\u00e9s m\u00e9dicales \u00ab\u00a0, a d\u00e9voil\u00e9 le ministre, avant de faire \u00e9tat, apr\u00e8s avoir suivi un expos\u00e9 succinct sur le secteur de la sant\u00e9 \u00e0 l&rsquo;\u00e9chelle nationale, qui a form\u00e9 depuis 2020, plus de 58.000 agents param\u00e9dicaux, la mobilisation de 6.000 praticiens-sp\u00e9cialistes, la r\u00e9alisation de plus de 603 structures m\u00e9dicales, de plus de 14 facult\u00e9s de m\u00e9decine \u00e0 travers le pays. &nbsp;Le ministre a \u00e9galement mis en valeur les projets d\u2019investissement priv\u00e9 dans le secteur de la sant\u00e9 de la wilaya d\u2019Adrar qui, a-t-il dit, ont atteint 53 op\u00e9rations d\u2019investissement faisant la fiert\u00e9 de la r\u00e9gion \u00e0 la faveur des efforts des pouvoirs publics qui accompagnent les deux secteurs public et priv\u00e9 \u00e0 la satisfaction de la sant\u00e9 des citoyens.<\/p>\n\n\n\n<p>R.N.<\/p>\n","protected":false},"excerpt":{"rendered":"<p>Le ministre de la Sant\u00e9, Abdelhak Sa\u00efhi, a indiqu\u00e9, jeudi en marge d\u2019une visite dans la wilaya d\u2019Adrar, que \u00ab\u00a0le<\/p>\n","protected":false},"author":3,"featured_media":35776,"comment_status":"open","ping_status":"closed","sticky":false,"template":"","format":"standard","meta":{"colormag_page_container_layout":"default_layout","colormag_page_sidebar_layout":"default_layout","om_disable_all_campaigns":false,"_monsterinsights_skip_tracking":false,"_monsterinsights_sitenote_active":false,"_monsterinsights_sitenote_note":"","_monsterinsights_sitenote_category":0,"footnotes":"","_wpscppro_dont_share_socialmedia":false,"_wpscppro_custom_social_share_image":0,"_facebook_share_type":"default","_twitter_share_type":"default","_linkedin_share_type":"default","_pinterest_share_type":"default","_linkedin_share_type_page":"","_instagram_share_type":"default","_medium_share_type":"","_threads_share_type":"","_google_business_share_type":"","_selected_social_profile":[],"_wpsp_enable_custom_social_template":false,"_wpsp_social_scheduling":{"enabled":false,"datetime":null,"platforms":[],"status":"template_only","dateOption":"today","timeOption":"now","customDays":"","customHours":"","customDate":"","customTime":"","schedulingType":"absolute"},"_wpsp_active_default_template":true},"categories":[27],"tags":[],"class_list":["post-52258","post","type-post","status-publish","format-standard","has-post-thumbnail","hentry","category-actualite"],"aioseo_notices":[],"yoast_head":"<!-- This site is optimized with the Yoast SEO plugin v27.5 - https:\/\/yoast.com\/product\/yoast-seo-wordpress\/ -->\n<title>Sant\u00e9\u00a0: L\u2019engagement de promouvoir les prestations dans le Sud soulign\u00e9 - La Sentinelle<\/title>\n<meta name=\"robots\" content=\"index, follow, max-snippet:-1, max-image-preview:large, max-video-preview:-1\" \/>\n<link rel=\"canonical\" href=\"https:\/\/lasentinelle.dz\/index.php\/2024\/05\/11\/sante-lengagement-de-promouvoir-les-prestations-dans-le-sud-souligne\/\" \/>\n<meta property=\"og:locale\" content=\"fr_FR\" \/>\n<meta property=\"og:type\" content=\"article\" \/>\n<meta property=\"og:title\" content=\"Sant\u00e9\u00a0: L\u2019engagement de promouvoir les prestations dans le Sud soulign\u00e9 - La Sentinelle\" \/>\n<meta property=\"og:description\" content=\"Le ministre de la Sant\u00e9, Abdelhak Sa\u00efhi, a indiqu\u00e9, jeudi en marge d\u2019une visite dans la wilaya d\u2019Adrar, que \u00ab\u00a0le\" \/>\n<meta property=\"og:url\" content=\"https:\/\/lasentinelle.dz\/index.php\/2024\/05\/11\/sante-lengagement-de-promouvoir-les-prestations-dans-le-sud-souligne\/\" \/>\n<meta property=\"og:site_name\" content=\"La Sentinelle\" \/>\n<meta property=\"article:publisher\" content=\"https:\/\/www.facebook.com\/La-Sentinelle-104059864394773\" \/>\n<meta property=\"article:published_time\" content=\"2024-05-11T13:40:31+00:00\" \/>\n<meta property=\"article:modified_time\" content=\"2024-05-11T13:40:36+00:00\" \/>\n<meta property=\"og:image\" content=\"https:\/\/lasentinelle.dz\/wp-content\/uploads\/2023\/02\/saihi.png\" \/>\n\t<meta property=\"og:image:width\" content=\"1351\" \/>\n\t<meta property=\"og:image:height\" content=\"900\" \/>\n\t<meta property=\"og:image:type\" content=\"image\/png\" \/>\n<meta name=\"author\" content=\"La Sentinelle\" \/>\n<meta name=\"twitter:card\" content=\"summary_large_image\" \/>\n<meta name=\"twitter:label1\" content=\"\u00c9crit par\" \/>\n\t<meta name=\"twitter:data1\" content=\"La Sentinelle\" \/>\n\t<meta name=\"twitter:label2\" content=\"Dur\u00e9e de lecture estim\u00e9e\" \/>\n\t<meta name=\"twitter:data2\" content=\"3 minutes\" \/>\n<script type=\"application\/ld+json\" class=\"yoast-schema-graph\">{\"@context\":\"https:\\\/\\\/schema.org\",\"@graph\":[{\"@type\":\"Article\",\"@id\":\"https:\\\/\\\/lasentinelle.dz\\\/index.php\\\/2024\\\/05\\\/11\\\/sante-lengagement-de-promouvoir-les-prestations-dans-le-sud-souligne\\\/#article\",\"isPartOf\":{\"@id\":\"https:\\\/\\\/lasentinelle.dz\\\/index.php\\\/2024\\\/05\\\/11\\\/sante-lengagement-de-promouvoir-les-prestations-dans-le-sud-souligne\\\/\"},\"author\":{\"name\":\"La Sentinelle\",\"@id\":\"https:\\\/\\\/lasentinelle.dz\\\/#\\\/schema\\\/person\\\/d865044e22e70a75174ce8bcad3acfb3\"},\"headline\":\"Sant\u00e9\u00a0: L\u2019engagement de promouvoir les prestations dans le Sud soulign\u00e9\",\"datePublished\":\"2024-05-11T13:40:31+00:00\",\"dateModified\":\"2024-05-11T13:40:36+00:00\",\"mainEntityOfPage\":{\"@id\":\"https:\\\/\\\/lasentinelle.dz\\\/index.php\\\/2024\\\/05\\\/11\\\/sante-lengagement-de-promouvoir-les-prestations-dans-le-sud-souligne\\\/\"},\"wordCount\":474,\"commentCount\":0,\"publisher\":{\"@id\":\"https:\\\/\\\/lasentinelle.dz\\\/#organization\"},\"image\":{\"@id\":\"https:\\\/\\\/lasentinelle.dz\\\/index.php\\\/2024\\\/05\\\/11\\\/sante-lengagement-de-promouvoir-les-prestations-dans-le-sud-souligne\\\/#primaryimage\"},\"thumbnailUrl\":\"https:\\\/\\\/lasentinelle.dz\\\/wp-content\\\/uploads\\\/2023\\\/02\\\/saihi.png\",\"articleSection\":[\"Actualit\u00e9\"],\"inLanguage\":\"fr-FR\",\"potentialAction\":[{\"@type\":\"CommentAction\",\"name\":\"Comment\",\"target\":[\"https:\\\/\\\/lasentinelle.dz\\\/index.php\\\/2024\\\/05\\\/11\\\/sante-lengagement-de-promouvoir-les-prestations-dans-le-sud-souligne\\\/#respond\"]}]},{\"@type\":\"WebPage\",\"@id\":\"https:\\\/\\\/lasentinelle.dz\\\/index.php\\\/2024\\\/05\\\/11\\\/sante-lengagement-de-promouvoir-les-prestations-dans-le-sud-souligne\\\/\",\"url\":\"https:\\\/\\\/lasentinelle.dz\\\/index.php\\\/2024\\\/05\\\/11\\\/sante-lengagement-de-promouvoir-les-prestations-dans-le-sud-souligne\\\/\",\"name\":\"Sant\u00e9\u00a0: L\u2019engagement de promouvoir les prestations dans le Sud soulign\u00e9 - La Sentinelle\",\"isPartOf\":{\"@id\":\"https:\\\/\\\/lasentinelle.dz\\\/#website\"},\"primaryImageOfPage\":{\"@id\":\"https:\\\/\\\/lasentinelle.dz\\\/index.php\\\/2024\\\/05\\\/11\\\/sante-lengagement-de-promouvoir-les-prestations-dans-le-sud-souligne\\\/#primaryimage\"},\"image\":{\"@id\":\"https:\\\/\\\/lasentinelle.dz\\\/index.php\\\/2024\\\/05\\\/11\\\/sante-lengagement-de-promouvoir-les-prestations-dans-le-sud-souligne\\\/#primaryimage\"},\"thumbnailUrl\":\"https:\\\/\\\/lasentinelle.dz\\\/wp-content\\\/uploads\\\/2023\\\/02\\\/saihi.png\",\"datePublished\":\"2024-05-11T13:40:31+00:00\",\"dateModified\":\"2024-05-11T13:40:36+00:00\",\"breadcrumb\":{\"@id\":\"https:\\\/\\\/lasentinelle.dz\\\/index.php\\\/2024\\\/05\\\/11\\\/sante-lengagement-de-promouvoir-les-prestations-dans-le-sud-souligne\\\/#breadcrumb\"},\"inLanguage\":\"fr-FR\",\"potentialAction\":[{\"@type\":\"ReadAction\",\"target\":[\"https:\\\/\\\/lasentinelle.dz\\\/index.php\\\/2024\\\/05\\\/11\\\/sante-lengagement-de-promouvoir-les-prestations-dans-le-sud-souligne\\\/\"]}]},{\"@type\":\"ImageObject\",\"inLanguage\":\"fr-FR\",\"@id\":\"https:\\\/\\\/lasentinelle.dz\\\/index.php\\\/2024\\\/05\\\/11\\\/sante-lengagement-de-promouvoir-les-prestations-dans-le-sud-souligne\\\/#primaryimage\",\"url\":\"https:\\\/\\\/lasentinelle.dz\\\/wp-content\\\/uploads\\\/2023\\\/02\\\/saihi.png\",\"contentUrl\":\"https:\\\/\\\/lasentinelle.dz\\\/wp-content\\\/uploads\\\/2023\\\/02\\\/saihi.png\",\"width\":1351,\"height\":900},{\"@type\":\"BreadcrumbList\",\"@id\":\"https:\\\/\\\/lasentinelle.dz\\\/index.php\\\/2024\\\/05\\\/11\\\/sante-lengagement-de-promouvoir-les-prestations-dans-le-sud-souligne\\\/#breadcrumb\",\"itemListElement\":[{\"@type\":\"ListItem\",\"position\":1,\"name\":\"Accueil\",\"item\":\"https:\\\/\\\/lasentinelle.dz\\\/\"},{\"@type\":\"ListItem\",\"position\":2,\"name\":\"Sant\u00e9\u00a0: L\u2019engagement de promouvoir les prestations dans le Sud soulign\u00e9\"}]},{\"@type\":\"WebSite\",\"@id\":\"https:\\\/\\\/lasentinelle.dz\\\/#website\",\"url\":\"https:\\\/\\\/lasentinelle.dz\\\/\",\"name\":\"La Sentinelle\",\"description\":\"Quotidien national d&#039;information\",\"publisher\":{\"@id\":\"https:\\\/\\\/lasentinelle.dz\\\/#organization\"},\"potentialAction\":[{\"@type\":\"SearchAction\",\"target\":{\"@type\":\"EntryPoint\",\"urlTemplate\":\"https:\\\/\\\/lasentinelle.dz\\\/?s={search_term_string}\"},\"query-input\":{\"@type\":\"PropertyValueSpecification\",\"valueRequired\":true,\"valueName\":\"search_term_string\"}}],\"inLanguage\":\"fr-FR\"},{\"@type\":\"Organization\",\"@id\":\"https:\\\/\\\/lasentinelle.dz\\\/#organization\",\"name\":\"Quotidien La Sentinelle\",\"url\":\"https:\\\/\\\/lasentinelle.dz\\\/\",\"logo\":{\"@type\":\"ImageObject\",\"inLanguage\":\"fr-FR\",\"@id\":\"https:\\\/\\\/lasentinelle.dz\\\/#\\\/schema\\\/logo\\\/image\\\/\",\"url\":\"https:\\\/\\\/lasentinelle.dz\\\/wp-content\\\/uploads\\\/2021\\\/09\\\/logo-sentinelleSLOGAN-1.png\",\"contentUrl\":\"https:\\\/\\\/lasentinelle.dz\\\/wp-content\\\/uploads\\\/2021\\\/09\\\/logo-sentinelleSLOGAN-1.png\",\"width\":615,\"height\":142,\"caption\":\"Quotidien La Sentinelle\"},\"image\":{\"@id\":\"https:\\\/\\\/lasentinelle.dz\\\/#\\\/schema\\\/logo\\\/image\\\/\"},\"sameAs\":[\"https:\\\/\\\/www.facebook.com\\\/La-Sentinelle-104059864394773\"]},{\"@type\":\"Person\",\"@id\":\"https:\\\/\\\/lasentinelle.dz\\\/#\\\/schema\\\/person\\\/d865044e22e70a75174ce8bcad3acfb3\",\"name\":\"La Sentinelle\",\"image\":{\"@type\":\"ImageObject\",\"inLanguage\":\"fr-FR\",\"@id\":\"https:\\\/\\\/secure.gravatar.com\\\/avatar\\\/57de8e5d4b15d43fb361a71fbb36338450fe67865b528a43dd10ef7c51a20392?s=96&d=mm&r=g\",\"url\":\"https:\\\/\\\/secure.gravatar.com\\\/avatar\\\/57de8e5d4b15d43fb361a71fbb36338450fe67865b528a43dd10ef7c51a20392?s=96&d=mm&r=g\",\"contentUrl\":\"https:\\\/\\\/secure.gravatar.com\\\/avatar\\\/57de8e5d4b15d43fb361a71fbb36338450fe67865b528a43dd10ef7c51a20392?s=96&d=mm&r=g\",\"caption\":\"La Sentinelle\"},\"sameAs\":[\"http:\\\/\\\/www.lasentinelle.dz\"],\"url\":\"https:\\\/\\\/lasentinelle.dz\\\/author\\\/redaction\\\/\"}]}<\/script>\n<!-- \/ Yoast SEO plugin. -->","yoast_head_json":{"title":"Sant\u00e9\u00a0: L\u2019engagement de promouvoir les prestations dans le Sud soulign\u00e9 - La Sentinelle","robots":{"index":"index","follow":"follow","max-snippet":"max-snippet:-1","max-image-preview":"max-image-preview:large","max-video-preview":"max-video-preview:-1"},"canonical":"https:\/\/lasentinelle.dz\/index.php\/2024\/05\/11\/sante-lengagement-de-promouvoir-les-prestations-dans-le-sud-souligne\/","og_locale":"fr_FR","og_type":"article","og_title":"Sant\u00e9\u00a0: L\u2019engagement de promouvoir les prestations dans le Sud soulign\u00e9 - La Sentinelle","og_description":"Le ministre de la Sant\u00e9, Abdelhak Sa\u00efhi, a indiqu\u00e9, jeudi en marge d\u2019une visite dans la wilaya d\u2019Adrar, que \u00ab\u00a0le","og_url":"https:\/\/lasentinelle.dz\/index.php\/2024\/05\/11\/sante-lengagement-de-promouvoir-les-prestations-dans-le-sud-souligne\/","og_site_name":"La Sentinelle","article_publisher":"https:\/\/www.facebook.com\/La-Sentinelle-104059864394773","article_published_time":"2024-05-11T13:40:31+00:00","article_modified_time":"2024-05-11T13:40:36+00:00","og_image":[{"width":1351,"height":900,"url":"https:\/\/lasentinelle.dz\/wp-content\/uploads\/2023\/02\/saihi.png","type":"image\/png"}],"author":"La Sentinelle","twitter_card":"summary_large_image","twitter_misc":{"\u00c9crit par":"La Sentinelle","Dur\u00e9e de lecture estim\u00e9e":"3 minutes"},"schema":{"@context":"https:\/\/schema.org","@graph":[{"@type":"Article","@id":"https:\/\/lasentinelle.dz\/index.php\/2024\/05\/11\/sante-lengagement-de-promouvoir-les-prestations-dans-le-sud-souligne\/#article","isPartOf":{"@id":"https:\/\/lasentinelle.dz\/index.php\/2024\/05\/11\/sante-lengagement-de-promouvoir-les-prestations-dans-le-sud-souligne\/"},"author":{"name":"La Sentinelle","@id":"https:\/\/lasentinelle.dz\/#\/schema\/person\/d865044e22e70a75174ce8bcad3acfb3"},"headline":"Sant\u00e9\u00a0: L\u2019engagement de promouvoir les prestations dans le Sud soulign\u00e9","datePublished":"2024-05-11T13:40:31+00:00","dateModified":"2024-05-11T13:40:36+00:00","mainEntityOfPage":{"@id":"https:\/\/lasentinelle.dz\/index.php\/2024\/05\/11\/sante-lengagement-de-promouvoir-les-prestations-dans-le-sud-souligne\/"},"wordCount":474,"commentCount":0,"publisher":{"@id":"https:\/\/lasentinelle.dz\/#organization"},"image":{"@id":"https:\/\/lasentinelle.dz\/index.php\/2024\/05\/11\/sante-lengagement-de-promouvoir-les-prestations-dans-le-sud-souligne\/#primaryimage"},"thumbnailUrl":"https:\/\/lasentinelle.dz\/wp-content\/uploads\/2023\/02\/saihi.png","articleSection":["Actualit\u00e9"],"inLanguage":"fr-FR","potentialAction":[{"@type":"CommentAction","name":"Comment","target":["https:\/\/lasentinelle.dz\/index.php\/2024\/05\/11\/sante-lengagement-de-promouvoir-les-prestations-dans-le-sud-souligne\/#respond"]}]},{"@type":"WebPage","@id":"https:\/\/lasentinelle.dz\/index.php\/2024\/05\/11\/sante-lengagement-de-promouvoir-les-prestations-dans-le-sud-souligne\/","url":"https:\/\/lasentinelle.dz\/index.php\/2024\/05\/11\/sante-lengagement-de-promouvoir-les-prestations-dans-le-sud-souligne\/","name":"Sant\u00e9\u00a0: L\u2019engagement de promouvoir les prestations dans le Sud soulign\u00e9 - La Sentinelle","isPartOf":{"@id":"https:\/\/lasentinelle.dz\/#website"},"primaryImageOfPage":{"@id":"https:\/\/lasentinelle.dz\/index.php\/2024\/05\/11\/sante-lengagement-de-promouvoir-les-prestations-dans-le-sud-souligne\/#primaryimage"},"image":{"@id":"https:\/\/lasentinelle.dz\/index.php\/2024\/05\/11\/sante-lengagement-de-promouvoir-les-prestations-dans-le-sud-souligne\/#primaryimage"},"thumbnailUrl":"https:\/\/lasentinelle.dz\/wp-content\/uploads\/2023\/02\/saihi.png","datePublished":"2024-05-11T13:40:31+00:00","dateModified":"2024-05-11T13:40:36+00:00","breadcrumb":{"@id":"https:\/\/lasentinelle.dz\/index.php\/2024\/05\/11\/sante-lengagement-de-promouvoir-les-prestations-dans-le-sud-souligne\/#breadcrumb"},"inLanguage":"fr-FR","potentialAction":[{"@type":"ReadAction","target":["https:\/\/lasentinelle.dz\/index.php\/2024\/05\/11\/sante-lengagement-de-promouvoir-les-prestations-dans-le-sud-souligne\/"]}]},{"@type":"ImageObject","inLanguage":"fr-FR","@id":"https:\/\/lasentinelle.dz\/index.php\/2024\/05\/11\/sante-lengagement-de-promouvoir-les-prestations-dans-le-sud-souligne\/#primaryimage","url":"https:\/\/lasentinelle.dz\/wp-content\/uploads\/2023\/02\/saihi.png","contentUrl":"https:\/\/lasentinelle.dz\/wp-content\/uploads\/2023\/02\/saihi.png","width":1351,"height":900},{"@type":"BreadcrumbList","@id":"https:\/\/lasentinelle.dz\/index.php\/2024\/05\/11\/sante-lengagement-de-promouvoir-les-prestations-dans-le-sud-souligne\/#breadcrumb","itemListElement":[{"@type":"ListItem","position":1,"name":"Accueil","item":"https:\/\/lasentinelle.dz\/"},{"@type":"ListItem","position":2,"name":"Sant\u00e9\u00a0: L\u2019engagement de promouvoir les prestations dans le Sud soulign\u00e9"}]},{"@type":"WebSite","@id":"https:\/\/lasentinelle.dz\/#website","url":"https:\/\/lasentinelle.dz\/","name":"La Sentinelle","description":"Quotidien national d&#039;information","publisher":{"@id":"https:\/\/lasentinelle.dz\/#organization"},"potentialAction":[{"@type":"SearchAction","target":{"@type":"EntryPoint","urlTemplate":"https:\/\/lasentinelle.dz\/?s={search_term_string}"},"query-input":{"@type":"PropertyValueSpecification","valueRequired":true,"valueName":"search_term_string"}}],"inLanguage":"fr-FR"},{"@type":"Organization","@id":"https:\/\/lasentinelle.dz\/#organization","name":"Quotidien La Sentinelle","url":"https:\/\/lasentinelle.dz\/","logo":{"@type":"ImageObject","inLanguage":"fr-FR","@id":"https:\/\/lasentinelle.dz\/#\/schema\/logo\/image\/","url":"https:\/\/lasentinelle.dz\/wp-content\/uploads\/2021\/09\/logo-sentinelleSLOGAN-1.png","contentUrl":"https:\/\/lasentinelle.dz\/wp-content\/uploads\/2021\/09\/logo-sentinelleSLOGAN-1.png","width":615,"height":142,"caption":"Quotidien La Sentinelle"},"image":{"@id":"https:\/\/lasentinelle.dz\/#\/schema\/logo\/image\/"},"sameAs":["https:\/\/www.facebook.com\/La-Sentinelle-104059864394773"]},{"@type":"Person","@id":"https:\/\/lasentinelle.dz\/#\/schema\/person\/d865044e22e70a75174ce8bcad3acfb3","name":"La Sentinelle","image":{"@type":"ImageObject","inLanguage":"fr-FR","@id":"https:\/\/secure.gravatar.com\/avatar\/57de8e5d4b15d43fb361a71fbb36338450fe67865b528a43dd10ef7c51a20392?s=96&d=mm&r=g","url":"https:\/\/secure.gravatar.com\/avatar\/57de8e5d4b15d43fb361a71fbb36338450fe67865b528a43dd10ef7c51a20392?s=96&d=mm&r=g","contentUrl":"https:\/\/secure.gravatar.com\/avatar\/57de8e5d4b15d43fb361a71fbb36338450fe67865b528a43dd10ef7c51a20392?s=96&d=mm&r=g","caption":"La Sentinelle"},"sameAs":["http:\/\/www.lasentinelle.dz"],"url":"https:\/\/lasentinelle.dz\/author\/redaction\/"}]}},"_links":{"self":[{"href":"https:\/\/lasentinelle.dz\/index.php\/wp-json\/wp\/v2\/posts\/52258","targetHints":{"allow":["GET"]}}],"collection":[{"href":"https:\/\/lasentinelle.dz\/index.php\/wp-json\/wp\/v2\/posts"}],"about":[{"href":"https:\/\/lasentinelle.dz\/index.php\/wp-json\/wp\/v2\/types\/post"}],"author":[{"embeddable":true,"href":"https:\/\/lasentinelle.dz\/index.php\/wp-json\/wp\/v2\/users\/3"}],"replies":[{"embeddable":true,"href":"https:\/\/lasentinelle.dz\/index.php\/wp-json\/wp\/v2\/comments?post=52258"}],"version-history":[{"count":1,"href":"https:\/\/lasentinelle.dz\/index.php\/wp-json\/wp\/v2\/posts\/52258\/revisions"}],"predecessor-version":[{"id":52259,"href":"https:\/\/lasentinelle.dz\/index.php\/wp-json\/wp\/v2\/posts\/52258\/revisions\/52259"}],"wp:featuredmedia":[{"embeddable":true,"href":"https:\/\/lasentinelle.dz\/index.php\/wp-json\/wp\/v2\/media\/35776"}],"wp:attachment":[{"href":"https:\/\/lasentinelle.dz\/index.php\/wp-json\/wp\/v2\/media?parent=52258"}],"wp:term":[{"taxonomy":"category","embeddable":true,"href":"https:\/\/lasentinelle.dz\/index.php\/wp-json\/wp\/v2\/categories?post=52258"},{"taxonomy":"post_tag","embeddable":true,"href":"https:\/\/lasentinelle.dz\/index.php\/wp-json\/wp\/v2\/tags?post=52258"}],"curies":[{"name":"wp","href":"https:\/\/api.w.org\/{rel}","templated":true}]}}