{"id":52272,"date":"2024-05-11T15:05:33","date_gmt":"2024-05-11T14:05:33","guid":{"rendered":"https:\/\/lasentinelle.dz\/?p=52272"},"modified":"2024-05-11T15:05:35","modified_gmt":"2024-05-11T14:05:35","slug":"110-000-palestiniens-deplaces-de-rafah-pretoria-demande-des-mesures-supplementaires-a-la-cij","status":"publish","type":"post","link":"https:\/\/lasentinelle.dz\/index.php\/2024\/05\/11\/110-000-palestiniens-deplaces-de-rafah-pretoria-demande-des-mesures-supplementaires-a-la-cij\/","title":{"rendered":"110.000 Palestiniens d\u00e9plac\u00e9s de Rafah\u00a0: Pretoria demande des mesures suppl\u00e9mentaires \u00e0 la CIJ"},"content":{"rendered":"\n<p>L&rsquo;Office de secours et de travaux des Nations unies pour les r\u00e9fugi\u00e9s de Palestine (UNRWA) a annonc\u00e9 que le nombre de personnes d\u00e9plac\u00e9es de la ville de Rafah \u00e9tait pass\u00e9 \u00e0 environ 110.000 \u00e0 la suite de l&rsquo;attaque sioniste qui a d\u00e9but\u00e9 le 6 mai en cours. Dans un communiqu\u00e9 repris vendredi par des m\u00e9dias, l&rsquo;UNRWA a affirm\u00e9 que \u00ab\u00a0le d\u00e9placement forc\u00e9 des Palestiniens \u00e0 Ghaza se poursuit en l&rsquo;absence d&rsquo;une zone de s\u00e9curit\u00e9 dans l&rsquo;enclave palestinienne\u00a0\u00bb. Elle a ajout\u00e9 que \u00ab\u00a0le seul espoir de mettre fin \u00e0 la trag\u00e9die dont souffrent les Palestiniens est un +cessez-le-feu urgent+\u00a0\u00bb. De son c\u00f4t\u00e9, le responsable du bureau des Affaires humanitaires de l&rsquo;ONU (OCHA) pour Ghaza, Georgios Petropoulos, a indiqu\u00e9 aux m\u00e9dias que \u00ab\u00a0quelque 30.000 personnes fuient la ville chaque jour\u00a0\u00bb, pr\u00e9cisant que \u00ab\u00a0la plupart de ces gens ont d\u00e9j\u00e0 d\u00fb se d\u00e9placer \u00e0 5 ou 6 reprises\u00a0\u00bb depuis le d\u00e9but de l&rsquo;agression sioniste. Le secr\u00e9taire g\u00e9n\u00e9ral adjoint des Nations unies aux Affaires humanitaires, Martin Griffiths, a tir\u00e9 la sonnette d\u2019alarme ce jeudi en d\u00e9clarant que \u00ab&nbsp;les civils de Ghaza sont affam\u00e9s et tu\u00e9s, et nous ne pouvons pas les aider&nbsp;\u00bb. Griffiths, qui est \u00e9galement le coordinateur des secours d&rsquo;urgence, a ajout\u00e9 dans une d\u00e9claration sur la plateforme X que \u2018\u2019Pendant trois jours cons\u00e9cutifs, rien ni personne n\u2019a \u00e9t\u00e9 autoris\u00e9 \u00e0 entrer ou \u00e0 sortir de Gaza. La fermeture des postes frontaliers, signifie pas de carburant. Cela signifie pas de camions, pas de g\u00e9n\u00e9rateurs, pas d\u2019eau, pas d\u2019\u00e9lectricit\u00e9 et pas de d\u00e9placement de personnes ou de marchandises\u2019\u2019.<\/p>\n\n\n\n<p>C\u2019est dans ce contexte que l&rsquo;Afrique du Sud a d\u00e9pos\u00e9 hier une \u201cdemande urgente\u201c aupr\u00e8s de la Cour internationale de justice (CIJ) pour obtenir des mesures conservatoires additionnelles. \u201cDans sa nouvelle demande, l\u2019Afrique du Sud affirme que les mesures conservatoires pr\u00e9c\u00e9demment indiqu\u00e9es \u201cne sont pas susceptibles de \u201cr\u00e9pondre pleinement\u201d \u00e0 l\u2019\u00e9volution de la situation et aux faits nouveaux sur lesquels se fonde sa demande\u201c, a d\u00e9clar\u00e9 la CIJ dans un communiqu\u00e9. \u201cLa situation r\u00e9sultant de l\u2019attaque isra\u00e9lienne contre Rafah et le risque extr\u00eame qu\u2019elle fait peser sur l\u2019acheminement de l\u2019aide humanitaire et la fourniture des services de base \u00e0 Gaza, la survie du syst\u00e8me m\u00e9dical palestinien et la survie m\u00eame des Palestiniens de Gaza en tant que groupe ne constituent pas seulement une escalade de la situation, mais occasionnent de nouveaux d\u00e9veloppements qui causent un pr\u00e9judice irr\u00e9parable aux droits du peuple palestinien de Gaza\u201c, a d\u00e9clar\u00e9 l\u2019Afrique du Sud dans sa demande, selon la CIJ.<\/p>\n\n\n\n<p><strong>Ceux qui fournissent des armes sont complices<\/strong><\/p>\n\n\n\n<p>De son c\u00f4t\u00e9, le Haut repr\u00e9sentant de l&rsquo;Union europ\u00e9enne pour les affaires \u00e9trang\u00e8res et la politique de s\u00e9curit\u00e9, Josep Borrell, a appel\u00e9 les pays europ\u00e9ens \u00e0 ne pas vendre d&rsquo;armes \u00e0 l&rsquo;entit\u00e9 sioniste, afin de stopper les bombardements de GhazaS\u2019adressant, en outre, aux dirigeants des pays de l\u2019UE, il a d\u00e9clar\u00e9 que \u00ab\u00a0certains dirigeants disent qu\u2019il y a de nombreux morts \u00e0 Ghaza, mais la question qui doit \u00eatre pos\u00e9e est : combien de personnes doivent encore mourir ? Devons-nous attendre qu&rsquo;il y ait 50 000 morts avant de prendre les mesures n\u00e9cessaires pour emp\u00eacher plus de pertes ?\u00a0\u00bb.<\/p>\n\n\n\n<p>Enfin, l\u2019ONG Amnesty International a d\u00e9clar\u00e9 jeudi qu\u2019\u00a0\u00bb\u00e9tant donn\u00e9 que la Cour internationale de Justice a per\u00e7u un risque plausible de g\u00e9nocide contre les Palestiniens \u00e0 Ghaza et \u00e0 la lumi\u00e8re de l&rsquo;obligation internationale de tous les \u00c9tats de pr\u00e9venir le g\u00e9nocide, les gouvernements qui continuent de fournir des armes \u00e0 Isra\u00ebl pourraient se retrouver en violation de la Convention sur le g\u00e9nocide\u00a0\u00bb.<\/p>\n\n\n\n<p>Sabrina Aziouez<\/p>\n\n\n\n<p><strong>L&rsquo;UNRWA ferme son QG d&rsquo;El-Qods-Est apr\u00e8s une tentative d&rsquo;incendie<\/strong><\/p>\n\n\n\n<p>L&rsquo;UNRWA a annonc\u00e9 jeudi soir fermer ses bureaux d&rsquo;El-Qods-Est apr\u00e8s que des extr\u00e9mistes sionistes ont \u00ab\u00a0mis le feu\u00a0\u00bb \u00e0 des zones en plein air de l&rsquo;enceinte, a annonc\u00e9 sur X le patron de l&rsquo;agence de l&rsquo;ONU pour les r\u00e9fugi\u00e9s palestiniens. Des sionistes \u00ab\u00a0ont mis le feu deux fois au p\u00e9rim\u00e8tre du QG de l&rsquo;Unrwa d&rsquo;El-Qods-Est occup\u00e9e\u00a0\u00bb, alors que \u00ab\u00a0du personnel de l&rsquo;Unrwa et d&rsquo;autres agences de l&rsquo;ONU \u00e9taient pr\u00e9sents \u00e0 l&rsquo;int\u00e9rieur\u00a0\u00bb, a indiqu\u00e9 Philippe Lazzarini, pr\u00e9cisant avoir \u00ab\u00a0pris la d\u00e9cision de fermer l&rsquo;enceinte jusqu&rsquo;\u00e0 ce que soit r\u00e9tablie une s\u00e9curit\u00e9 ad\u00e9quate\u00a0\u00bb. Il a d\u00e9nonc\u00e9 un \u00ab\u00a0deuxi\u00e8me incident odieux en moins d&rsquo;une semaine\u00a0\u00bb, commis selon lui par des extr\u00e9mistes et dans lequel \u00ab\u00a0les vies d&#8217;employ\u00e9s de l&rsquo;ONU ont \u00e9t\u00e9 mises gravement en danger\u00a0\u00bb.<\/p>\n","protected":false},"excerpt":{"rendered":"<p>L&rsquo;Office de secours et de travaux des Nations unies pour les r\u00e9fugi\u00e9s de Palestine (UNRWA) a annonc\u00e9 que le nombre<\/p>\n","protected":false},"author":3,"featured_media":51714,"comment_status":"open","ping_status":"closed","sticky":false,"template":"","format":"standard","meta":{"colormag_page_container_layout":"default_layout","colormag_page_sidebar_layout":"default_layout","om_disable_all_campaigns":false,"_monsterinsights_skip_tracking":false,"_monsterinsights_sitenote_active":false,"_monsterinsights_sitenote_note":"","_monsterinsights_sitenote_category":0,"footnotes":"","_wpscppro_dont_share_socialmedia":false,"_wpscppro_custom_social_share_image":0,"_facebook_share_type":"default","_twitter_share_type":"default","_linkedin_share_type":"default","_pinterest_share_type":"default","_linkedin_share_type_page":"","_instagram_share_type":"default","_medium_share_type":"","_threads_share_type":"","_google_business_share_type":"","_selected_social_profile":[],"_wpsp_enable_custom_social_template":false,"_wpsp_social_scheduling":{"enabled":false,"datetime":null,"platforms":[],"status":"template_only","dateOption":"today","timeOption":"now","customDays":"","customHours":"","customDate":"","customTime":"","schedulingType":"absolute"},"_wpsp_active_default_template":true},"categories":[27],"tags":[],"class_list":["post-52272","post","type-post","status-publish","format-standard","has-post-thumbnail","hentry","category-actualite"],"aioseo_notices":[],"yoast_head":"<!-- This site is optimized with the Yoast SEO plugin v27.5 - https:\/\/yoast.com\/product\/yoast-seo-wordpress\/ -->\n<title>110.000 Palestiniens d\u00e9plac\u00e9s de Rafah\u00a0: Pretoria demande des mesures suppl\u00e9mentaires \u00e0 la CIJ - La Sentinelle<\/title>\n<meta name=\"robots\" content=\"index, follow, max-snippet:-1, max-image-preview:large, max-video-preview:-1\" \/>\n<link rel=\"canonical\" href=\"https:\/\/lasentinelle.dz\/index.php\/2024\/05\/11\/110-000-palestiniens-deplaces-de-rafah-pretoria-demande-des-mesures-supplementaires-a-la-cij\/\" \/>\n<meta property=\"og:locale\" content=\"fr_FR\" \/>\n<meta property=\"og:type\" content=\"article\" \/>\n<meta property=\"og:title\" content=\"110.000 Palestiniens d\u00e9plac\u00e9s de Rafah\u00a0: Pretoria demande des mesures suppl\u00e9mentaires \u00e0 la CIJ - La Sentinelle\" \/>\n<meta property=\"og:description\" content=\"L&rsquo;Office de secours et de travaux des Nations unies pour les r\u00e9fugi\u00e9s de Palestine (UNRWA) a annonc\u00e9 que le nombre\" \/>\n<meta property=\"og:url\" content=\"https:\/\/lasentinelle.dz\/index.php\/2024\/05\/11\/110-000-palestiniens-deplaces-de-rafah-pretoria-demande-des-mesures-supplementaires-a-la-cij\/\" \/>\n<meta property=\"og:site_name\" content=\"La Sentinelle\" \/>\n<meta property=\"article:publisher\" content=\"https:\/\/www.facebook.com\/La-Sentinelle-104059864394773\" \/>\n<meta property=\"article:published_time\" content=\"2024-05-11T14:05:33+00:00\" \/>\n<meta property=\"article:modified_time\" content=\"2024-05-11T14:05:35+00:00\" \/>\n<meta property=\"og:image\" content=\"https:\/\/lasentinelle.dz\/wp-content\/uploads\/2024\/04\/CIJ-1.webp\" \/>\n\t<meta property=\"og:image:width\" content=\"1200\" \/>\n\t<meta property=\"og:image:height\" content=\"817\" \/>\n\t<meta property=\"og:image:type\" content=\"image\/webp\" \/>\n<meta name=\"author\" content=\"La Sentinelle\" \/>\n<meta name=\"twitter:card\" content=\"summary_large_image\" \/>\n<meta name=\"twitter:label1\" content=\"\u00c9crit par\" \/>\n\t<meta name=\"twitter:data1\" content=\"La Sentinelle\" \/>\n\t<meta name=\"twitter:label2\" content=\"Dur\u00e9e de lecture estim\u00e9e\" \/>\n\t<meta name=\"twitter:data2\" content=\"4 minutes\" \/>\n<script type=\"application\/ld+json\" class=\"yoast-schema-graph\">{\"@context\":\"https:\\\/\\\/schema.org\",\"@graph\":[{\"@type\":\"Article\",\"@id\":\"https:\\\/\\\/lasentinelle.dz\\\/index.php\\\/2024\\\/05\\\/11\\\/110-000-palestiniens-deplaces-de-rafah-pretoria-demande-des-mesures-supplementaires-a-la-cij\\\/#article\",\"isPartOf\":{\"@id\":\"https:\\\/\\\/lasentinelle.dz\\\/index.php\\\/2024\\\/05\\\/11\\\/110-000-palestiniens-deplaces-de-rafah-pretoria-demande-des-mesures-supplementaires-a-la-cij\\\/\"},\"author\":{\"name\":\"La Sentinelle\",\"@id\":\"https:\\\/\\\/lasentinelle.dz\\\/#\\\/schema\\\/person\\\/d865044e22e70a75174ce8bcad3acfb3\"},\"headline\":\"110.000 Palestiniens d\u00e9plac\u00e9s de Rafah\u00a0: Pretoria demande des mesures suppl\u00e9mentaires \u00e0 la CIJ\",\"datePublished\":\"2024-05-11T14:05:33+00:00\",\"dateModified\":\"2024-05-11T14:05:35+00:00\",\"mainEntityOfPage\":{\"@id\":\"https:\\\/\\\/lasentinelle.dz\\\/index.php\\\/2024\\\/05\\\/11\\\/110-000-palestiniens-deplaces-de-rafah-pretoria-demande-des-mesures-supplementaires-a-la-cij\\\/\"},\"wordCount\":830,\"commentCount\":0,\"publisher\":{\"@id\":\"https:\\\/\\\/lasentinelle.dz\\\/#organization\"},\"image\":{\"@id\":\"https:\\\/\\\/lasentinelle.dz\\\/index.php\\\/2024\\\/05\\\/11\\\/110-000-palestiniens-deplaces-de-rafah-pretoria-demande-des-mesures-supplementaires-a-la-cij\\\/#primaryimage\"},\"thumbnailUrl\":\"https:\\\/\\\/lasentinelle.dz\\\/wp-content\\\/uploads\\\/2024\\\/04\\\/CIJ-1.webp\",\"articleSection\":[\"Actualit\u00e9\"],\"inLanguage\":\"fr-FR\",\"potentialAction\":[{\"@type\":\"CommentAction\",\"name\":\"Comment\",\"target\":[\"https:\\\/\\\/lasentinelle.dz\\\/index.php\\\/2024\\\/05\\\/11\\\/110-000-palestiniens-deplaces-de-rafah-pretoria-demande-des-mesures-supplementaires-a-la-cij\\\/#respond\"]}]},{\"@type\":\"WebPage\",\"@id\":\"https:\\\/\\\/lasentinelle.dz\\\/index.php\\\/2024\\\/05\\\/11\\\/110-000-palestiniens-deplaces-de-rafah-pretoria-demande-des-mesures-supplementaires-a-la-cij\\\/\",\"url\":\"https:\\\/\\\/lasentinelle.dz\\\/index.php\\\/2024\\\/05\\\/11\\\/110-000-palestiniens-deplaces-de-rafah-pretoria-demande-des-mesures-supplementaires-a-la-cij\\\/\",\"name\":\"110.000 Palestiniens d\u00e9plac\u00e9s de Rafah\u00a0: Pretoria demande des mesures suppl\u00e9mentaires \u00e0 la CIJ - La Sentinelle\",\"isPartOf\":{\"@id\":\"https:\\\/\\\/lasentinelle.dz\\\/#website\"},\"primaryImageOfPage\":{\"@id\":\"https:\\\/\\\/lasentinelle.dz\\\/index.php\\\/2024\\\/05\\\/11\\\/110-000-palestiniens-deplaces-de-rafah-pretoria-demande-des-mesures-supplementaires-a-la-cij\\\/#primaryimage\"},\"image\":{\"@id\":\"https:\\\/\\\/lasentinelle.dz\\\/index.php\\\/2024\\\/05\\\/11\\\/110-000-palestiniens-deplaces-de-rafah-pretoria-demande-des-mesures-supplementaires-a-la-cij\\\/#primaryimage\"},\"thumbnailUrl\":\"https:\\\/\\\/lasentinelle.dz\\\/wp-content\\\/uploads\\\/2024\\\/04\\\/CIJ-1.webp\",\"datePublished\":\"2024-05-11T14:05:33+00:00\",\"dateModified\":\"2024-05-11T14:05:35+00:00\",\"breadcrumb\":{\"@id\":\"https:\\\/\\\/lasentinelle.dz\\\/index.php\\\/2024\\\/05\\\/11\\\/110-000-palestiniens-deplaces-de-rafah-pretoria-demande-des-mesures-supplementaires-a-la-cij\\\/#breadcrumb\"},\"inLanguage\":\"fr-FR\",\"potentialAction\":[{\"@type\":\"ReadAction\",\"target\":[\"https:\\\/\\\/lasentinelle.dz\\\/index.php\\\/2024\\\/05\\\/11\\\/110-000-palestiniens-deplaces-de-rafah-pretoria-demande-des-mesures-supplementaires-a-la-cij\\\/\"]}]},{\"@type\":\"ImageObject\",\"inLanguage\":\"fr-FR\",\"@id\":\"https:\\\/\\\/lasentinelle.dz\\\/index.php\\\/2024\\\/05\\\/11\\\/110-000-palestiniens-deplaces-de-rafah-pretoria-demande-des-mesures-supplementaires-a-la-cij\\\/#primaryimage\",\"url\":\"https:\\\/\\\/lasentinelle.dz\\\/wp-content\\\/uploads\\\/2024\\\/04\\\/CIJ-1.webp\",\"contentUrl\":\"https:\\\/\\\/lasentinelle.dz\\\/wp-content\\\/uploads\\\/2024\\\/04\\\/CIJ-1.webp\",\"width\":1200,\"height\":817},{\"@type\":\"BreadcrumbList\",\"@id\":\"https:\\\/\\\/lasentinelle.dz\\\/index.php\\\/2024\\\/05\\\/11\\\/110-000-palestiniens-deplaces-de-rafah-pretoria-demande-des-mesures-supplementaires-a-la-cij\\\/#breadcrumb\",\"itemListElement\":[{\"@type\":\"ListItem\",\"position\":1,\"name\":\"Accueil\",\"item\":\"https:\\\/\\\/lasentinelle.dz\\\/\"},{\"@type\":\"ListItem\",\"position\":2,\"name\":\"110.000 Palestiniens d\u00e9plac\u00e9s de Rafah\u00a0: Pretoria demande des mesures suppl\u00e9mentaires \u00e0 la CIJ\"}]},{\"@type\":\"WebSite\",\"@id\":\"https:\\\/\\\/lasentinelle.dz\\\/#website\",\"url\":\"https:\\\/\\\/lasentinelle.dz\\\/\",\"name\":\"La Sentinelle\",\"description\":\"Quotidien national d&#039;information\",\"publisher\":{\"@id\":\"https:\\\/\\\/lasentinelle.dz\\\/#organization\"},\"potentialAction\":[{\"@type\":\"SearchAction\",\"target\":{\"@type\":\"EntryPoint\",\"urlTemplate\":\"https:\\\/\\\/lasentinelle.dz\\\/?s={search_term_string}\"},\"query-input\":{\"@type\":\"PropertyValueSpecification\",\"valueRequired\":true,\"valueName\":\"search_term_string\"}}],\"inLanguage\":\"fr-FR\"},{\"@type\":\"Organization\",\"@id\":\"https:\\\/\\\/lasentinelle.dz\\\/#organization\",\"name\":\"Quotidien La Sentinelle\",\"url\":\"https:\\\/\\\/lasentinelle.dz\\\/\",\"logo\":{\"@type\":\"ImageObject\",\"inLanguage\":\"fr-FR\",\"@id\":\"https:\\\/\\\/lasentinelle.dz\\\/#\\\/schema\\\/logo\\\/image\\\/\",\"url\":\"https:\\\/\\\/lasentinelle.dz\\\/wp-content\\\/uploads\\\/2021\\\/09\\\/logo-sentinelleSLOGAN-1.png\",\"contentUrl\":\"https:\\\/\\\/lasentinelle.dz\\\/wp-content\\\/uploads\\\/2021\\\/09\\\/logo-sentinelleSLOGAN-1.png\",\"width\":615,\"height\":142,\"caption\":\"Quotidien La Sentinelle\"},\"image\":{\"@id\":\"https:\\\/\\\/lasentinelle.dz\\\/#\\\/schema\\\/logo\\\/image\\\/\"},\"sameAs\":[\"https:\\\/\\\/www.facebook.com\\\/La-Sentinelle-104059864394773\"]},{\"@type\":\"Person\",\"@id\":\"https:\\\/\\\/lasentinelle.dz\\\/#\\\/schema\\\/person\\\/d865044e22e70a75174ce8bcad3acfb3\",\"name\":\"La Sentinelle\",\"image\":{\"@type\":\"ImageObject\",\"inLanguage\":\"fr-FR\",\"@id\":\"https:\\\/\\\/secure.gravatar.com\\\/avatar\\\/57de8e5d4b15d43fb361a71fbb36338450fe67865b528a43dd10ef7c51a20392?s=96&d=mm&r=g\",\"url\":\"https:\\\/\\\/secure.gravatar.com\\\/avatar\\\/57de8e5d4b15d43fb361a71fbb36338450fe67865b528a43dd10ef7c51a20392?s=96&d=mm&r=g\",\"contentUrl\":\"https:\\\/\\\/secure.gravatar.com\\\/avatar\\\/57de8e5d4b15d43fb361a71fbb36338450fe67865b528a43dd10ef7c51a20392?s=96&d=mm&r=g\",\"caption\":\"La Sentinelle\"},\"sameAs\":[\"http:\\\/\\\/www.lasentinelle.dz\"],\"url\":\"https:\\\/\\\/lasentinelle.dz\\\/author\\\/redaction\\\/\"}]}<\/script>\n<!-- \/ Yoast SEO plugin. -->","yoast_head_json":{"title":"110.000 Palestiniens d\u00e9plac\u00e9s de Rafah\u00a0: Pretoria demande des mesures suppl\u00e9mentaires \u00e0 la CIJ - La Sentinelle","robots":{"index":"index","follow":"follow","max-snippet":"max-snippet:-1","max-image-preview":"max-image-preview:large","max-video-preview":"max-video-preview:-1"},"canonical":"https:\/\/lasentinelle.dz\/index.php\/2024\/05\/11\/110-000-palestiniens-deplaces-de-rafah-pretoria-demande-des-mesures-supplementaires-a-la-cij\/","og_locale":"fr_FR","og_type":"article","og_title":"110.000 Palestiniens d\u00e9plac\u00e9s de Rafah\u00a0: Pretoria demande des mesures suppl\u00e9mentaires \u00e0 la CIJ - La Sentinelle","og_description":"L&rsquo;Office de secours et de travaux des Nations unies pour les r\u00e9fugi\u00e9s de Palestine (UNRWA) a annonc\u00e9 que le nombre","og_url":"https:\/\/lasentinelle.dz\/index.php\/2024\/05\/11\/110-000-palestiniens-deplaces-de-rafah-pretoria-demande-des-mesures-supplementaires-a-la-cij\/","og_site_name":"La Sentinelle","article_publisher":"https:\/\/www.facebook.com\/La-Sentinelle-104059864394773","article_published_time":"2024-05-11T14:05:33+00:00","article_modified_time":"2024-05-11T14:05:35+00:00","og_image":[{"width":1200,"height":817,"url":"https:\/\/lasentinelle.dz\/wp-content\/uploads\/2024\/04\/CIJ-1.webp","type":"image\/webp"}],"author":"La Sentinelle","twitter_card":"summary_large_image","twitter_misc":{"\u00c9crit par":"La Sentinelle","Dur\u00e9e de lecture estim\u00e9e":"4 minutes"},"schema":{"@context":"https:\/\/schema.org","@graph":[{"@type":"Article","@id":"https:\/\/lasentinelle.dz\/index.php\/2024\/05\/11\/110-000-palestiniens-deplaces-de-rafah-pretoria-demande-des-mesures-supplementaires-a-la-cij\/#article","isPartOf":{"@id":"https:\/\/lasentinelle.dz\/index.php\/2024\/05\/11\/110-000-palestiniens-deplaces-de-rafah-pretoria-demande-des-mesures-supplementaires-a-la-cij\/"},"author":{"name":"La Sentinelle","@id":"https:\/\/lasentinelle.dz\/#\/schema\/person\/d865044e22e70a75174ce8bcad3acfb3"},"headline":"110.000 Palestiniens d\u00e9plac\u00e9s de Rafah\u00a0: Pretoria demande des mesures suppl\u00e9mentaires \u00e0 la CIJ","datePublished":"2024-05-11T14:05:33+00:00","dateModified":"2024-05-11T14:05:35+00:00","mainEntityOfPage":{"@id":"https:\/\/lasentinelle.dz\/index.php\/2024\/05\/11\/110-000-palestiniens-deplaces-de-rafah-pretoria-demande-des-mesures-supplementaires-a-la-cij\/"},"wordCount":830,"commentCount":0,"publisher":{"@id":"https:\/\/lasentinelle.dz\/#organization"},"image":{"@id":"https:\/\/lasentinelle.dz\/index.php\/2024\/05\/11\/110-000-palestiniens-deplaces-de-rafah-pretoria-demande-des-mesures-supplementaires-a-la-cij\/#primaryimage"},"thumbnailUrl":"https:\/\/lasentinelle.dz\/wp-content\/uploads\/2024\/04\/CIJ-1.webp","articleSection":["Actualit\u00e9"],"inLanguage":"fr-FR","potentialAction":[{"@type":"CommentAction","name":"Comment","target":["https:\/\/lasentinelle.dz\/index.php\/2024\/05\/11\/110-000-palestiniens-deplaces-de-rafah-pretoria-demande-des-mesures-supplementaires-a-la-cij\/#respond"]}]},{"@type":"WebPage","@id":"https:\/\/lasentinelle.dz\/index.php\/2024\/05\/11\/110-000-palestiniens-deplaces-de-rafah-pretoria-demande-des-mesures-supplementaires-a-la-cij\/","url":"https:\/\/lasentinelle.dz\/index.php\/2024\/05\/11\/110-000-palestiniens-deplaces-de-rafah-pretoria-demande-des-mesures-supplementaires-a-la-cij\/","name":"110.000 Palestiniens d\u00e9plac\u00e9s de Rafah\u00a0: Pretoria demande des mesures suppl\u00e9mentaires \u00e0 la CIJ - La Sentinelle","isPartOf":{"@id":"https:\/\/lasentinelle.dz\/#website"},"primaryImageOfPage":{"@id":"https:\/\/lasentinelle.dz\/index.php\/2024\/05\/11\/110-000-palestiniens-deplaces-de-rafah-pretoria-demande-des-mesures-supplementaires-a-la-cij\/#primaryimage"},"image":{"@id":"https:\/\/lasentinelle.dz\/index.php\/2024\/05\/11\/110-000-palestiniens-deplaces-de-rafah-pretoria-demande-des-mesures-supplementaires-a-la-cij\/#primaryimage"},"thumbnailUrl":"https:\/\/lasentinelle.dz\/wp-content\/uploads\/2024\/04\/CIJ-1.webp","datePublished":"2024-05-11T14:05:33+00:00","dateModified":"2024-05-11T14:05:35+00:00","breadcrumb":{"@id":"https:\/\/lasentinelle.dz\/index.php\/2024\/05\/11\/110-000-palestiniens-deplaces-de-rafah-pretoria-demande-des-mesures-supplementaires-a-la-cij\/#breadcrumb"},"inLanguage":"fr-FR","potentialAction":[{"@type":"ReadAction","target":["https:\/\/lasentinelle.dz\/index.php\/2024\/05\/11\/110-000-palestiniens-deplaces-de-rafah-pretoria-demande-des-mesures-supplementaires-a-la-cij\/"]}]},{"@type":"ImageObject","inLanguage":"fr-FR","@id":"https:\/\/lasentinelle.dz\/index.php\/2024\/05\/11\/110-000-palestiniens-deplaces-de-rafah-pretoria-demande-des-mesures-supplementaires-a-la-cij\/#primaryimage","url":"https:\/\/lasentinelle.dz\/wp-content\/uploads\/2024\/04\/CIJ-1.webp","contentUrl":"https:\/\/lasentinelle.dz\/wp-content\/uploads\/2024\/04\/CIJ-1.webp","width":1200,"height":817},{"@type":"BreadcrumbList","@id":"https:\/\/lasentinelle.dz\/index.php\/2024\/05\/11\/110-000-palestiniens-deplaces-de-rafah-pretoria-demande-des-mesures-supplementaires-a-la-cij\/#breadcrumb","itemListElement":[{"@type":"ListItem","position":1,"name":"Accueil","item":"https:\/\/lasentinelle.dz\/"},{"@type":"ListItem","position":2,"name":"110.000 Palestiniens d\u00e9plac\u00e9s de Rafah\u00a0: Pretoria demande des mesures suppl\u00e9mentaires \u00e0 la CIJ"}]},{"@type":"WebSite","@id":"https:\/\/lasentinelle.dz\/#website","url":"https:\/\/lasentinelle.dz\/","name":"La Sentinelle","description":"Quotidien national d&#039;information","publisher":{"@id":"https:\/\/lasentinelle.dz\/#organization"},"potentialAction":[{"@type":"SearchAction","target":{"@type":"EntryPoint","urlTemplate":"https:\/\/lasentinelle.dz\/?s={search_term_string}"},"query-input":{"@type":"PropertyValueSpecification","valueRequired":true,"valueName":"search_term_string"}}],"inLanguage":"fr-FR"},{"@type":"Organization","@id":"https:\/\/lasentinelle.dz\/#organization","name":"Quotidien La Sentinelle","url":"https:\/\/lasentinelle.dz\/","logo":{"@type":"ImageObject","inLanguage":"fr-FR","@id":"https:\/\/lasentinelle.dz\/#\/schema\/logo\/image\/","url":"https:\/\/lasentinelle.dz\/wp-content\/uploads\/2021\/09\/logo-sentinelleSLOGAN-1.png","contentUrl":"https:\/\/lasentinelle.dz\/wp-content\/uploads\/2021\/09\/logo-sentinelleSLOGAN-1.png","width":615,"height":142,"caption":"Quotidien La Sentinelle"},"image":{"@id":"https:\/\/lasentinelle.dz\/#\/schema\/logo\/image\/"},"sameAs":["https:\/\/www.facebook.com\/La-Sentinelle-104059864394773"]},{"@type":"Person","@id":"https:\/\/lasentinelle.dz\/#\/schema\/person\/d865044e22e70a75174ce8bcad3acfb3","name":"La Sentinelle","image":{"@type":"ImageObject","inLanguage":"fr-FR","@id":"https:\/\/secure.gravatar.com\/avatar\/57de8e5d4b15d43fb361a71fbb36338450fe67865b528a43dd10ef7c51a20392?s=96&d=mm&r=g","url":"https:\/\/secure.gravatar.com\/avatar\/57de8e5d4b15d43fb361a71fbb36338450fe67865b528a43dd10ef7c51a20392?s=96&d=mm&r=g","contentUrl":"https:\/\/secure.gravatar.com\/avatar\/57de8e5d4b15d43fb361a71fbb36338450fe67865b528a43dd10ef7c51a20392?s=96&d=mm&r=g","caption":"La Sentinelle"},"sameAs":["http:\/\/www.lasentinelle.dz"],"url":"https:\/\/lasentinelle.dz\/author\/redaction\/"}]}},"_links":{"self":[{"href":"https:\/\/lasentinelle.dz\/index.php\/wp-json\/wp\/v2\/posts\/52272","targetHints":{"allow":["GET"]}}],"collection":[{"href":"https:\/\/lasentinelle.dz\/index.php\/wp-json\/wp\/v2\/posts"}],"about":[{"href":"https:\/\/lasentinelle.dz\/index.php\/wp-json\/wp\/v2\/types\/post"}],"author":[{"embeddable":true,"href":"https:\/\/lasentinelle.dz\/index.php\/wp-json\/wp\/v2\/users\/3"}],"replies":[{"embeddable":true,"href":"https:\/\/lasentinelle.dz\/index.php\/wp-json\/wp\/v2\/comments?post=52272"}],"version-history":[{"count":1,"href":"https:\/\/lasentinelle.dz\/index.php\/wp-json\/wp\/v2\/posts\/52272\/revisions"}],"predecessor-version":[{"id":52273,"href":"https:\/\/lasentinelle.dz\/index.php\/wp-json\/wp\/v2\/posts\/52272\/revisions\/52273"}],"wp:featuredmedia":[{"embeddable":true,"href":"https:\/\/lasentinelle.dz\/index.php\/wp-json\/wp\/v2\/media\/51714"}],"wp:attachment":[{"href":"https:\/\/lasentinelle.dz\/index.php\/wp-json\/wp\/v2\/media?parent=52272"}],"wp:term":[{"taxonomy":"category","embeddable":true,"href":"https:\/\/lasentinelle.dz\/index.php\/wp-json\/wp\/v2\/categories?post=52272"},{"taxonomy":"post_tag","embeddable":true,"href":"https:\/\/lasentinelle.dz\/index.php\/wp-json\/wp\/v2\/tags?post=52272"}],"curies":[{"name":"wp","href":"https:\/\/api.w.org\/{rel}","templated":true}]}}