{"id":52284,"date":"2024-05-12T13:01:00","date_gmt":"2024-05-12T12:01:00","guid":{"rendered":"https:\/\/lasentinelle.dz\/?p=52284"},"modified":"2024-05-12T16:52:14","modified_gmt":"2024-05-12T15:52:14","slug":"opera-dalger-les-legendes-du-rai-font-le-show","status":"publish","type":"post","link":"https:\/\/lasentinelle.dz\/index.php\/2024\/05\/12\/opera-dalger-les-legendes-du-rai-font-le-show\/","title":{"rendered":"Op\u00e9ra d\u2019Alger\u00a0: Les l\u00e9gendes du Rai font le show"},"content":{"rendered":"\n<p>Des figures l\u00e9gendaires de la chanson rai ont anim\u00e9, vendredi \u00e0 Alger, le deuxi\u00e8me soir du m\u00e9ga- concert, organis\u00e9 \u00e0 l\u2019occasion de la double c\u00e9l\u00e9bration du mois du Patrimoine et de l&rsquo;inscription de la chanson Rai alg\u00e9rienne, au patrimoine culturel mondial de l\u2019humanit\u00e9. La grande salle de spectacles de l\u2019Op\u00e9ra d\u2019Alger Boualem-Bessaih a encore vibr\u00e9 pour le deuxi\u00e8me et dernier soir de suite, au son lourd des airs m\u00e9lodieux aux cadences binaires et ternaires de la chanson Rai, c\u00e9l\u00e9br\u00e9e dans un m\u00e9ga-concert plac\u00e9 sous le signe \u00ab\u00a0La chanson rai alg\u00e9rienne, du local \u00e0 l\u2019universel\u00a0\u00bb. Devant une salle comble de monde, les prestations attendues, ont \u00e9t\u00e9 anim\u00e9es par des musiciens chevronn\u00e9s, qui ont jou\u00e9 un r\u00f4le d\u00e9terminant dans l\u2019histoire du Rai, et des talents \u00e9mergents qui, avec leurs ain\u00e9s, ont c\u00e9l\u00e9br\u00e9 la richesse et la diversit\u00e9 de ce genre de musique et de chant populaire alg\u00e9riens. Le c\u00e9l\u00e8bre trompettiste Messaoud Bellemou, investi en duo avec le romantique Said Bentata, le prolifique Mehdi Laifaoui, la Grande Fadela, le t\u00e9nor de l\u2019Oranie Houari Benchenet et le groupe mythique Raina Rai, ont orn\u00e9 le silence de l\u2019Op\u00e9ra d\u2019Alger durant pr\u00e8s de deux heures de temps, au grand bonheur du public qui a savour\u00e9 tous les moments de la soir\u00e9e dans la d\u00e9lectation. Les artistes ont interpr\u00e9t\u00e9 essentiellement les titres qui ont fait leurs succ\u00e8s jadis, des pi\u00e8ces tr\u00e8s vite reconnues par les spectateurs, qui les ont reprises en ch\u0153urs dans une ambiance \u00e9lectrique. Les pi\u00e8ces, \u00ab\u00a0Instrumental \u00e0 la trompette\u00a0\u00bb, \u00ab\u00a0Ki b\u2019ghitini nensak\u00a0\u00bb, \u00ab\u00a0Sellak el mem\u2019houn\u00a0\u00bb, \u00ab\u00a0Sid El Hakem\u00a0\u00bb, \u00ab\u00a0Rah lel\u2019Beida\u00a0\u00bb, \u00ab\u00a0S\u2019hab El Baroud\u00a0\u00bb, \u00ab\u00a0En\u2019sel fik\u00a0\u00bb, \u00ab\u00a0Talbouni fik\u00a0\u00bb, \u00ab\u00a0Arsam Wahran\u00a0\u00bb, \u00ab\u00a0Rani m\u2019dammar\u00a0\u00bb, \u00ab\u00a0Chouly\u00a0\u00bb, \u00ab\u00a0Zabana\u00a0\u00bb et \u00ab\u00a0Ya zina\u00a0\u00bb, ont \u00e9t\u00e9 brillamment rendues par les prestataires aux voix pr\u00e9sentes et \u00e9toff\u00e9es et dont les performances n\u2019ont pris aucune ride. Un orchestre d\u2019une dizaine de musiciens virtuoses, dirig\u00e9 d\u2019une main de ma\u00eetre par le jeune Tarek Kadem, a accompagn\u00e9 les artistes \u00e0 l\u2019affiche, qui ont interagi avec le public, en l&rsquo;invitant \u00e0 reprendre leurs refrains. Les instrumentistes ont fait montre de toute l\u2019\u00e9tendue de leurs talents respectifs, \u00e0 l\u2019instar de Nael Kahwadji au violon, interpr\u00e9tant avec une grande maitrise technique empreinte de beaucoup de musicalit\u00e9 un istikhbar dans le maqam Kurdi, ou encore le trompettiste, Brahim Benhaoua qui a su restituer les sonorit\u00e9s caract\u00e9risant le genre Rai et le style musical de l\u2019Ouest alg\u00e9rien. Sous un \u00e9clairage vif et multicolore et des ornements lumineux hautement esth\u00e9tiques, un hommage a \u00e9t\u00e9 rendu par l\u2019ensemble des artistes au regrett\u00e9 Hasni Chekroun (1968-1994), en reprenant ensemble \u00ab\u00a0Tal gh\u2019yabek ya gh\u2019zali\u00a0\u00bb, un de ses titres phares. La premi\u00e8re partie de ce m\u00e9ga-concert qui s&rsquo;est d\u00e9roul\u00e9e un jour auparavant, a \u00e9t\u00e9 anim\u00e9e par la troupe \u00ab\u00a0El Besta\u00a0\u00bb, Jamel Reffes, Sofiane Saidi, Cheb Hamid et Cheba Zahwaniya. Plac\u00e9 sous le signe de, \u00ab\u00a0La chanson rai alg\u00e9rienne, du local \u00e0 l\u2019universel\u00a0\u00bb, le m\u00e9ga-concert marquant la double c\u00e9l\u00e9bration du, mois du Patrimoine (18 avril -18 mai) et de l\u2019inscription, en d\u00e9cembre 2022, de la chanson Rai alg\u00e9rienne au Patrimoine culturel mondial de l\u2019humanit\u00e9, est organis\u00e9 par le minist\u00e8re de la Culture et des Arts.<\/p>\n\n\n\n<p>APS<\/p>\n","protected":false},"excerpt":{"rendered":"<p>Des figures l\u00e9gendaires de la chanson rai ont anim\u00e9, vendredi \u00e0 Alger, le deuxi\u00e8me soir du m\u00e9ga- concert, organis\u00e9 \u00e0<\/p>\n","protected":false},"author":3,"featured_media":52285,"comment_status":"open","ping_status":"closed","sticky":false,"template":"","format":"standard","meta":{"colormag_page_container_layout":"default_layout","colormag_page_sidebar_layout":"default_layout","om_disable_all_campaigns":false,"_monsterinsights_skip_tracking":false,"_monsterinsights_sitenote_active":false,"_monsterinsights_sitenote_note":"","_monsterinsights_sitenote_category":0,"footnotes":"","_wpscppro_dont_share_socialmedia":false,"_wpscppro_custom_social_share_image":0,"_facebook_share_type":"default","_twitter_share_type":"default","_linkedin_share_type":"default","_pinterest_share_type":"default","_linkedin_share_type_page":"","_instagram_share_type":"default","_medium_share_type":"","_threads_share_type":"","_google_business_share_type":"","_selected_social_profile":[],"_wpsp_enable_custom_social_template":false,"_wpsp_social_scheduling":{"enabled":false,"datetime":null,"platforms":[],"status":"template_only","dateOption":"today","timeOption":"now","customDays":"","customHours":"","customDate":"","customTime":"","schedulingType":"absolute"},"_wpsp_active_default_template":true},"categories":[36],"tags":[],"class_list":["post-52284","post","type-post","status-publish","format-standard","has-post-thumbnail","hentry","category-culture"],"aioseo_notices":[],"yoast_head":"<!-- This site is optimized with the Yoast SEO plugin v27.5 - https:\/\/yoast.com\/product\/yoast-seo-wordpress\/ -->\n<title>Op\u00e9ra d\u2019Alger\u00a0: Les l\u00e9gendes du Rai font le show - La Sentinelle<\/title>\n<meta name=\"robots\" content=\"index, follow, max-snippet:-1, max-image-preview:large, max-video-preview:-1\" \/>\n<link rel=\"canonical\" href=\"https:\/\/lasentinelle.dz\/index.php\/2024\/05\/12\/opera-dalger-les-legendes-du-rai-font-le-show\/\" \/>\n<meta property=\"og:locale\" content=\"fr_FR\" \/>\n<meta property=\"og:type\" content=\"article\" \/>\n<meta property=\"og:title\" content=\"Op\u00e9ra d\u2019Alger\u00a0: Les l\u00e9gendes du Rai font le show - La Sentinelle\" \/>\n<meta property=\"og:description\" content=\"Des figures l\u00e9gendaires de la chanson rai ont anim\u00e9, vendredi \u00e0 Alger, le deuxi\u00e8me soir du m\u00e9ga- concert, organis\u00e9 \u00e0\" \/>\n<meta property=\"og:url\" content=\"https:\/\/lasentinelle.dz\/index.php\/2024\/05\/12\/opera-dalger-les-legendes-du-rai-font-le-show\/\" \/>\n<meta property=\"og:site_name\" content=\"La Sentinelle\" \/>\n<meta property=\"article:publisher\" content=\"https:\/\/www.facebook.com\/La-Sentinelle-104059864394773\" \/>\n<meta property=\"article:published_time\" content=\"2024-05-12T12:01:00+00:00\" \/>\n<meta property=\"article:modified_time\" content=\"2024-05-12T15:52:14+00:00\" \/>\n<meta property=\"og:image\" content=\"https:\/\/lasentinelle.dz\/wp-content\/uploads\/2024\/05\/raina-rai.jpeg\" \/>\n\t<meta property=\"og:image:width\" content=\"2048\" \/>\n\t<meta property=\"og:image:height\" content=\"1365\" \/>\n\t<meta property=\"og:image:type\" content=\"image\/jpeg\" \/>\n<meta name=\"author\" content=\"La Sentinelle\" \/>\n<meta name=\"twitter:card\" content=\"summary_large_image\" \/>\n<meta name=\"twitter:label1\" content=\"\u00c9crit par\" \/>\n\t<meta name=\"twitter:data1\" content=\"La Sentinelle\" \/>\n\t<meta name=\"twitter:label2\" content=\"Dur\u00e9e de lecture estim\u00e9e\" \/>\n\t<meta name=\"twitter:data2\" content=\"3 minutes\" \/>\n<script type=\"application\/ld+json\" class=\"yoast-schema-graph\">{\"@context\":\"https:\\\/\\\/schema.org\",\"@graph\":[{\"@type\":\"Article\",\"@id\":\"https:\\\/\\\/lasentinelle.dz\\\/index.php\\\/2024\\\/05\\\/12\\\/opera-dalger-les-legendes-du-rai-font-le-show\\\/#article\",\"isPartOf\":{\"@id\":\"https:\\\/\\\/lasentinelle.dz\\\/index.php\\\/2024\\\/05\\\/12\\\/opera-dalger-les-legendes-du-rai-font-le-show\\\/\"},\"author\":{\"name\":\"La Sentinelle\",\"@id\":\"https:\\\/\\\/lasentinelle.dz\\\/#\\\/schema\\\/person\\\/d865044e22e70a75174ce8bcad3acfb3\"},\"headline\":\"Op\u00e9ra d\u2019Alger\u00a0: Les l\u00e9gendes du Rai font le show\",\"datePublished\":\"2024-05-12T12:01:00+00:00\",\"dateModified\":\"2024-05-12T15:52:14+00:00\",\"mainEntityOfPage\":{\"@id\":\"https:\\\/\\\/lasentinelle.dz\\\/index.php\\\/2024\\\/05\\\/12\\\/opera-dalger-les-legendes-du-rai-font-le-show\\\/\"},\"wordCount\":597,\"commentCount\":0,\"publisher\":{\"@id\":\"https:\\\/\\\/lasentinelle.dz\\\/#organization\"},\"image\":{\"@id\":\"https:\\\/\\\/lasentinelle.dz\\\/index.php\\\/2024\\\/05\\\/12\\\/opera-dalger-les-legendes-du-rai-font-le-show\\\/#primaryimage\"},\"thumbnailUrl\":\"https:\\\/\\\/lasentinelle.dz\\\/wp-content\\\/uploads\\\/2024\\\/05\\\/raina-rai.jpeg\",\"articleSection\":[\"Culture\"],\"inLanguage\":\"fr-FR\",\"potentialAction\":[{\"@type\":\"CommentAction\",\"name\":\"Comment\",\"target\":[\"https:\\\/\\\/lasentinelle.dz\\\/index.php\\\/2024\\\/05\\\/12\\\/opera-dalger-les-legendes-du-rai-font-le-show\\\/#respond\"]}]},{\"@type\":\"WebPage\",\"@id\":\"https:\\\/\\\/lasentinelle.dz\\\/index.php\\\/2024\\\/05\\\/12\\\/opera-dalger-les-legendes-du-rai-font-le-show\\\/\",\"url\":\"https:\\\/\\\/lasentinelle.dz\\\/index.php\\\/2024\\\/05\\\/12\\\/opera-dalger-les-legendes-du-rai-font-le-show\\\/\",\"name\":\"Op\u00e9ra d\u2019Alger\u00a0: Les l\u00e9gendes du Rai font le show - La Sentinelle\",\"isPartOf\":{\"@id\":\"https:\\\/\\\/lasentinelle.dz\\\/#website\"},\"primaryImageOfPage\":{\"@id\":\"https:\\\/\\\/lasentinelle.dz\\\/index.php\\\/2024\\\/05\\\/12\\\/opera-dalger-les-legendes-du-rai-font-le-show\\\/#primaryimage\"},\"image\":{\"@id\":\"https:\\\/\\\/lasentinelle.dz\\\/index.php\\\/2024\\\/05\\\/12\\\/opera-dalger-les-legendes-du-rai-font-le-show\\\/#primaryimage\"},\"thumbnailUrl\":\"https:\\\/\\\/lasentinelle.dz\\\/wp-content\\\/uploads\\\/2024\\\/05\\\/raina-rai.jpeg\",\"datePublished\":\"2024-05-12T12:01:00+00:00\",\"dateModified\":\"2024-05-12T15:52:14+00:00\",\"breadcrumb\":{\"@id\":\"https:\\\/\\\/lasentinelle.dz\\\/index.php\\\/2024\\\/05\\\/12\\\/opera-dalger-les-legendes-du-rai-font-le-show\\\/#breadcrumb\"},\"inLanguage\":\"fr-FR\",\"potentialAction\":[{\"@type\":\"ReadAction\",\"target\":[\"https:\\\/\\\/lasentinelle.dz\\\/index.php\\\/2024\\\/05\\\/12\\\/opera-dalger-les-legendes-du-rai-font-le-show\\\/\"]}]},{\"@type\":\"ImageObject\",\"inLanguage\":\"fr-FR\",\"@id\":\"https:\\\/\\\/lasentinelle.dz\\\/index.php\\\/2024\\\/05\\\/12\\\/opera-dalger-les-legendes-du-rai-font-le-show\\\/#primaryimage\",\"url\":\"https:\\\/\\\/lasentinelle.dz\\\/wp-content\\\/uploads\\\/2024\\\/05\\\/raina-rai.jpeg\",\"contentUrl\":\"https:\\\/\\\/lasentinelle.dz\\\/wp-content\\\/uploads\\\/2024\\\/05\\\/raina-rai.jpeg\",\"width\":2048,\"height\":1365},{\"@type\":\"BreadcrumbList\",\"@id\":\"https:\\\/\\\/lasentinelle.dz\\\/index.php\\\/2024\\\/05\\\/12\\\/opera-dalger-les-legendes-du-rai-font-le-show\\\/#breadcrumb\",\"itemListElement\":[{\"@type\":\"ListItem\",\"position\":1,\"name\":\"Accueil\",\"item\":\"https:\\\/\\\/lasentinelle.dz\\\/\"},{\"@type\":\"ListItem\",\"position\":2,\"name\":\"Op\u00e9ra d\u2019Alger\u00a0: Les l\u00e9gendes du Rai font le show\"}]},{\"@type\":\"WebSite\",\"@id\":\"https:\\\/\\\/lasentinelle.dz\\\/#website\",\"url\":\"https:\\\/\\\/lasentinelle.dz\\\/\",\"name\":\"La Sentinelle\",\"description\":\"Quotidien national d&#039;information\",\"publisher\":{\"@id\":\"https:\\\/\\\/lasentinelle.dz\\\/#organization\"},\"potentialAction\":[{\"@type\":\"SearchAction\",\"target\":{\"@type\":\"EntryPoint\",\"urlTemplate\":\"https:\\\/\\\/lasentinelle.dz\\\/?s={search_term_string}\"},\"query-input\":{\"@type\":\"PropertyValueSpecification\",\"valueRequired\":true,\"valueName\":\"search_term_string\"}}],\"inLanguage\":\"fr-FR\"},{\"@type\":\"Organization\",\"@id\":\"https:\\\/\\\/lasentinelle.dz\\\/#organization\",\"name\":\"Quotidien La Sentinelle\",\"url\":\"https:\\\/\\\/lasentinelle.dz\\\/\",\"logo\":{\"@type\":\"ImageObject\",\"inLanguage\":\"fr-FR\",\"@id\":\"https:\\\/\\\/lasentinelle.dz\\\/#\\\/schema\\\/logo\\\/image\\\/\",\"url\":\"https:\\\/\\\/lasentinelle.dz\\\/wp-content\\\/uploads\\\/2021\\\/09\\\/logo-sentinelleSLOGAN-1.png\",\"contentUrl\":\"https:\\\/\\\/lasentinelle.dz\\\/wp-content\\\/uploads\\\/2021\\\/09\\\/logo-sentinelleSLOGAN-1.png\",\"width\":615,\"height\":142,\"caption\":\"Quotidien La Sentinelle\"},\"image\":{\"@id\":\"https:\\\/\\\/lasentinelle.dz\\\/#\\\/schema\\\/logo\\\/image\\\/\"},\"sameAs\":[\"https:\\\/\\\/www.facebook.com\\\/La-Sentinelle-104059864394773\"]},{\"@type\":\"Person\",\"@id\":\"https:\\\/\\\/lasentinelle.dz\\\/#\\\/schema\\\/person\\\/d865044e22e70a75174ce8bcad3acfb3\",\"name\":\"La Sentinelle\",\"image\":{\"@type\":\"ImageObject\",\"inLanguage\":\"fr-FR\",\"@id\":\"https:\\\/\\\/secure.gravatar.com\\\/avatar\\\/57de8e5d4b15d43fb361a71fbb36338450fe67865b528a43dd10ef7c51a20392?s=96&d=mm&r=g\",\"url\":\"https:\\\/\\\/secure.gravatar.com\\\/avatar\\\/57de8e5d4b15d43fb361a71fbb36338450fe67865b528a43dd10ef7c51a20392?s=96&d=mm&r=g\",\"contentUrl\":\"https:\\\/\\\/secure.gravatar.com\\\/avatar\\\/57de8e5d4b15d43fb361a71fbb36338450fe67865b528a43dd10ef7c51a20392?s=96&d=mm&r=g\",\"caption\":\"La Sentinelle\"},\"sameAs\":[\"http:\\\/\\\/www.lasentinelle.dz\"],\"url\":\"https:\\\/\\\/lasentinelle.dz\\\/author\\\/redaction\\\/\"}]}<\/script>\n<!-- \/ Yoast SEO plugin. -->","yoast_head_json":{"title":"Op\u00e9ra d\u2019Alger\u00a0: Les l\u00e9gendes du Rai font le show - La Sentinelle","robots":{"index":"index","follow":"follow","max-snippet":"max-snippet:-1","max-image-preview":"max-image-preview:large","max-video-preview":"max-video-preview:-1"},"canonical":"https:\/\/lasentinelle.dz\/index.php\/2024\/05\/12\/opera-dalger-les-legendes-du-rai-font-le-show\/","og_locale":"fr_FR","og_type":"article","og_title":"Op\u00e9ra d\u2019Alger\u00a0: Les l\u00e9gendes du Rai font le show - La Sentinelle","og_description":"Des figures l\u00e9gendaires de la chanson rai ont anim\u00e9, vendredi \u00e0 Alger, le deuxi\u00e8me soir du m\u00e9ga- concert, organis\u00e9 \u00e0","og_url":"https:\/\/lasentinelle.dz\/index.php\/2024\/05\/12\/opera-dalger-les-legendes-du-rai-font-le-show\/","og_site_name":"La Sentinelle","article_publisher":"https:\/\/www.facebook.com\/La-Sentinelle-104059864394773","article_published_time":"2024-05-12T12:01:00+00:00","article_modified_time":"2024-05-12T15:52:14+00:00","og_image":[{"width":2048,"height":1365,"url":"https:\/\/lasentinelle.dz\/wp-content\/uploads\/2024\/05\/raina-rai.jpeg","type":"image\/jpeg"}],"author":"La Sentinelle","twitter_card":"summary_large_image","twitter_misc":{"\u00c9crit par":"La Sentinelle","Dur\u00e9e de lecture estim\u00e9e":"3 minutes"},"schema":{"@context":"https:\/\/schema.org","@graph":[{"@type":"Article","@id":"https:\/\/lasentinelle.dz\/index.php\/2024\/05\/12\/opera-dalger-les-legendes-du-rai-font-le-show\/#article","isPartOf":{"@id":"https:\/\/lasentinelle.dz\/index.php\/2024\/05\/12\/opera-dalger-les-legendes-du-rai-font-le-show\/"},"author":{"name":"La Sentinelle","@id":"https:\/\/lasentinelle.dz\/#\/schema\/person\/d865044e22e70a75174ce8bcad3acfb3"},"headline":"Op\u00e9ra d\u2019Alger\u00a0: Les l\u00e9gendes du Rai font le show","datePublished":"2024-05-12T12:01:00+00:00","dateModified":"2024-05-12T15:52:14+00:00","mainEntityOfPage":{"@id":"https:\/\/lasentinelle.dz\/index.php\/2024\/05\/12\/opera-dalger-les-legendes-du-rai-font-le-show\/"},"wordCount":597,"commentCount":0,"publisher":{"@id":"https:\/\/lasentinelle.dz\/#organization"},"image":{"@id":"https:\/\/lasentinelle.dz\/index.php\/2024\/05\/12\/opera-dalger-les-legendes-du-rai-font-le-show\/#primaryimage"},"thumbnailUrl":"https:\/\/lasentinelle.dz\/wp-content\/uploads\/2024\/05\/raina-rai.jpeg","articleSection":["Culture"],"inLanguage":"fr-FR","potentialAction":[{"@type":"CommentAction","name":"Comment","target":["https:\/\/lasentinelle.dz\/index.php\/2024\/05\/12\/opera-dalger-les-legendes-du-rai-font-le-show\/#respond"]}]},{"@type":"WebPage","@id":"https:\/\/lasentinelle.dz\/index.php\/2024\/05\/12\/opera-dalger-les-legendes-du-rai-font-le-show\/","url":"https:\/\/lasentinelle.dz\/index.php\/2024\/05\/12\/opera-dalger-les-legendes-du-rai-font-le-show\/","name":"Op\u00e9ra d\u2019Alger\u00a0: Les l\u00e9gendes du Rai font le show - La Sentinelle","isPartOf":{"@id":"https:\/\/lasentinelle.dz\/#website"},"primaryImageOfPage":{"@id":"https:\/\/lasentinelle.dz\/index.php\/2024\/05\/12\/opera-dalger-les-legendes-du-rai-font-le-show\/#primaryimage"},"image":{"@id":"https:\/\/lasentinelle.dz\/index.php\/2024\/05\/12\/opera-dalger-les-legendes-du-rai-font-le-show\/#primaryimage"},"thumbnailUrl":"https:\/\/lasentinelle.dz\/wp-content\/uploads\/2024\/05\/raina-rai.jpeg","datePublished":"2024-05-12T12:01:00+00:00","dateModified":"2024-05-12T15:52:14+00:00","breadcrumb":{"@id":"https:\/\/lasentinelle.dz\/index.php\/2024\/05\/12\/opera-dalger-les-legendes-du-rai-font-le-show\/#breadcrumb"},"inLanguage":"fr-FR","potentialAction":[{"@type":"ReadAction","target":["https:\/\/lasentinelle.dz\/index.php\/2024\/05\/12\/opera-dalger-les-legendes-du-rai-font-le-show\/"]}]},{"@type":"ImageObject","inLanguage":"fr-FR","@id":"https:\/\/lasentinelle.dz\/index.php\/2024\/05\/12\/opera-dalger-les-legendes-du-rai-font-le-show\/#primaryimage","url":"https:\/\/lasentinelle.dz\/wp-content\/uploads\/2024\/05\/raina-rai.jpeg","contentUrl":"https:\/\/lasentinelle.dz\/wp-content\/uploads\/2024\/05\/raina-rai.jpeg","width":2048,"height":1365},{"@type":"BreadcrumbList","@id":"https:\/\/lasentinelle.dz\/index.php\/2024\/05\/12\/opera-dalger-les-legendes-du-rai-font-le-show\/#breadcrumb","itemListElement":[{"@type":"ListItem","position":1,"name":"Accueil","item":"https:\/\/lasentinelle.dz\/"},{"@type":"ListItem","position":2,"name":"Op\u00e9ra d\u2019Alger\u00a0: Les l\u00e9gendes du Rai font le show"}]},{"@type":"WebSite","@id":"https:\/\/lasentinelle.dz\/#website","url":"https:\/\/lasentinelle.dz\/","name":"La Sentinelle","description":"Quotidien national d&#039;information","publisher":{"@id":"https:\/\/lasentinelle.dz\/#organization"},"potentialAction":[{"@type":"SearchAction","target":{"@type":"EntryPoint","urlTemplate":"https:\/\/lasentinelle.dz\/?s={search_term_string}"},"query-input":{"@type":"PropertyValueSpecification","valueRequired":true,"valueName":"search_term_string"}}],"inLanguage":"fr-FR"},{"@type":"Organization","@id":"https:\/\/lasentinelle.dz\/#organization","name":"Quotidien La Sentinelle","url":"https:\/\/lasentinelle.dz\/","logo":{"@type":"ImageObject","inLanguage":"fr-FR","@id":"https:\/\/lasentinelle.dz\/#\/schema\/logo\/image\/","url":"https:\/\/lasentinelle.dz\/wp-content\/uploads\/2021\/09\/logo-sentinelleSLOGAN-1.png","contentUrl":"https:\/\/lasentinelle.dz\/wp-content\/uploads\/2021\/09\/logo-sentinelleSLOGAN-1.png","width":615,"height":142,"caption":"Quotidien La Sentinelle"},"image":{"@id":"https:\/\/lasentinelle.dz\/#\/schema\/logo\/image\/"},"sameAs":["https:\/\/www.facebook.com\/La-Sentinelle-104059864394773"]},{"@type":"Person","@id":"https:\/\/lasentinelle.dz\/#\/schema\/person\/d865044e22e70a75174ce8bcad3acfb3","name":"La Sentinelle","image":{"@type":"ImageObject","inLanguage":"fr-FR","@id":"https:\/\/secure.gravatar.com\/avatar\/57de8e5d4b15d43fb361a71fbb36338450fe67865b528a43dd10ef7c51a20392?s=96&d=mm&r=g","url":"https:\/\/secure.gravatar.com\/avatar\/57de8e5d4b15d43fb361a71fbb36338450fe67865b528a43dd10ef7c51a20392?s=96&d=mm&r=g","contentUrl":"https:\/\/secure.gravatar.com\/avatar\/57de8e5d4b15d43fb361a71fbb36338450fe67865b528a43dd10ef7c51a20392?s=96&d=mm&r=g","caption":"La Sentinelle"},"sameAs":["http:\/\/www.lasentinelle.dz"],"url":"https:\/\/lasentinelle.dz\/author\/redaction\/"}]}},"_links":{"self":[{"href":"https:\/\/lasentinelle.dz\/index.php\/wp-json\/wp\/v2\/posts\/52284","targetHints":{"allow":["GET"]}}],"collection":[{"href":"https:\/\/lasentinelle.dz\/index.php\/wp-json\/wp\/v2\/posts"}],"about":[{"href":"https:\/\/lasentinelle.dz\/index.php\/wp-json\/wp\/v2\/types\/post"}],"author":[{"embeddable":true,"href":"https:\/\/lasentinelle.dz\/index.php\/wp-json\/wp\/v2\/users\/3"}],"replies":[{"embeddable":true,"href":"https:\/\/lasentinelle.dz\/index.php\/wp-json\/wp\/v2\/comments?post=52284"}],"version-history":[{"count":1,"href":"https:\/\/lasentinelle.dz\/index.php\/wp-json\/wp\/v2\/posts\/52284\/revisions"}],"predecessor-version":[{"id":52286,"href":"https:\/\/lasentinelle.dz\/index.php\/wp-json\/wp\/v2\/posts\/52284\/revisions\/52286"}],"wp:featuredmedia":[{"embeddable":true,"href":"https:\/\/lasentinelle.dz\/index.php\/wp-json\/wp\/v2\/media\/52285"}],"wp:attachment":[{"href":"https:\/\/lasentinelle.dz\/index.php\/wp-json\/wp\/v2\/media?parent=52284"}],"wp:term":[{"taxonomy":"category","embeddable":true,"href":"https:\/\/lasentinelle.dz\/index.php\/wp-json\/wp\/v2\/categories?post=52284"},{"taxonomy":"post_tag","embeddable":true,"href":"https:\/\/lasentinelle.dz\/index.php\/wp-json\/wp\/v2\/tags?post=52284"}],"curies":[{"name":"wp","href":"https:\/\/api.w.org\/{rel}","templated":true}]}}