{"id":52287,"date":"2024-05-12T15:24:36","date_gmt":"2024-05-12T14:24:36","guid":{"rendered":"https:\/\/lasentinelle.dz\/?p=52287"},"modified":"2024-05-12T15:24:46","modified_gmt":"2024-05-12T14:24:46","slug":"afghanistan-des-crues-font-311-morts","status":"publish","type":"post","link":"https:\/\/lasentinelle.dz\/index.php\/2024\/05\/12\/afghanistan-des-crues-font-311-morts\/","title":{"rendered":"Afghanistan\u00a0: Des crues font 311 morts"},"content":{"rendered":"\n<p>Plus de 300 personnes ont p\u00e9ri lors de crues subites dans la province septentrionale de Baghlan en Afghanistan, a annonc\u00e9 samedi une agence de l&rsquo;ONU \u00e0 l&rsquo;AFP, tandis qu&rsquo;un \u00e9tat d&rsquo;urgence \u00e9tait d\u00e9cr\u00e9t\u00e9 dans tout le nord-est du pays. \u00ab\u00a0Nous pouvons confirmer, au vu des informations disponibles, que 311 personnes ont \u00e9t\u00e9 tu\u00e9es dans la province de Baghlan\u00a0\u00bb, a d\u00e9clar\u00e9 Rana Deraz, une porte-parole du Programme alimentaire mondial (PAM). Au moins \u00ab\u00a02.011 maisons ont \u00e9t\u00e9 d\u00e9truites et 2.800 endommag\u00e9es\u00a0\u00bb, a-t-elle ajout\u00e9. Les secours s&rsquo;activaient samedi \u00e0 Baghlan, o\u00f9 l&rsquo;Organisation internationale pour les migrations (OIM), autre agence onusienne, avait auparavant annonc\u00e9 \u00e0 l&rsquo;AFP d&rsquo;un bilan provisoire de 200 morts. \u00ab\u00a0L&rsquo;OIM s&rsquo;en tient \u00e0 200 morts pour l&rsquo;instant\u00a0\u00bb, a indiqu\u00e9 un porte-parole de l&rsquo;agence, alors que de nombreux bilans contradictoires circulent depuis que, vendredi, des rivi\u00e8res de boue ont soudainement englouti des milliers d&rsquo;habitations et d&rsquo;hectares de cultures. Le minist\u00e8re de la D\u00e9fense a annonc\u00e9 que l&rsquo;\u00e9tat d&rsquo;urgence avait \u00e9t\u00e9 d\u00e9cr\u00e9t\u00e9 dans les vastes r\u00e9gions du nord-est touch\u00e9es par de graves inondations. Les autorit\u00e9s talibanes font \u00e9tat pour leur part de \u00ab\u00a0131 morts et plus d&rsquo;une centaine bless\u00e9s\u00a0\u00bb. \u00ab\u00a0Beaucoup de personnes sont port\u00e9es disparues\u00a0\u00bb, a encore dit \u00e0 l&rsquo;AFP le porte-parole du minist\u00e8re de l&rsquo;Int\u00e9rieur Abdul Mateen Qani, sans fournir de chiffre. Des survivants tentaient de marcher dans des rues recouvertes de boue et charg\u00e9es de d\u00e9bris, a constat\u00e9 un photographe de l&rsquo;AFP \u00e0 Laqayi. Des habitants portaient des d\u00e9pouilles avant leur inhumation et un v\u00e9hicule apportait de la nourriture et de l&rsquo;eau aux habitants de cette localit\u00e9 du district de Baghlan-i-Markazi. Certains tentaient de d\u00e9blayer des maisons dont les murs ext\u00e9rieurs \u00e9taient recouverts de boue presque jusqu&rsquo;au toit. La lourdeur du bilan s&rsquo;explique notamment par le fait que \u00ab\u00a0les gens tendent \u00e0 habiter pr\u00e8s des cours d&rsquo;eau\u00a0\u00bb, a expliqu\u00e9 \u00e0 l&rsquo;AFP Mohammad Khater, vice-directeur d&rsquo;OCHA, le bureau des affaires humanitaires de l&rsquo;ONU. Les inondations en ce printemps anormalement pluvieux ont touch\u00e9 d&rsquo;autres provinces d&rsquo;Afghanistan, l&rsquo;un des pays les plus vuln\u00e9rables au changement climatique du monde mais aussi l&rsquo;un des plus mal pr\u00e9par\u00e9s \u00e0 ses cons\u00e9quences d&rsquo;apr\u00e8s les scientifiques. Le porte-parole du gouvernement, Zabihullah Mujahid, avait \u00e9voqu\u00e9 sur X des victimes et des inondations \u00e0 Baghlan mais aussi dans les provinces du Badakhshan (nord-est), de Ghor (centre-ouest) et de H\u00e9rat (ouest). Le minist\u00e8re de la D\u00e9fense a indiqu\u00e9 samedi que \u00ab\u00a0les op\u00e9rations de distribution de nourriture, m\u00e9dicaments et kits de premiers soins aux victimes avaient d\u00e9marr\u00e9\u00a0\u00bb. \u00ab\u00a0L&rsquo;arm\u00e9e de l&rsquo;air a commenc\u00e9 a \u00e9vacuer des habitants \u00e0 la faveur de l&rsquo;am\u00e9lioration de la m\u00e9t\u00e9o\u00a0\u00bb et transf\u00e9r\u00e9 plus d&rsquo;une centaine de bless\u00e9s dans des h\u00f4pitaux, a-t-il ajout\u00e9. Par ailleurs les autorit\u00e9s de gestion des catastrophes de la province de Takhar, voisine de Baghlan, ont fait \u00e9tat de 20 morts et de 14 bless\u00e9s vendredi. \u00ab\u00a0En plus des pertes humaines, ces inondations ont provoqu\u00e9 de gigantesques pertes financi\u00e8res\u00a0\u00bb, a dit \u00e0 l&rsquo;AFP un responsable de ce d\u00e9partement. Le rapporteur sp\u00e9cial de l&rsquo;ONU pour les droits humains en Afghanistan, Richard Bennett, a estim\u00e9 sur X que ces inondations \u00ab\u00a0\u00e9tait un signe clair de la vuln\u00e9rabilit\u00e9 de l&rsquo;Afghanistan face \u00e0 la crise climatique\u00a0\u00bb. Depuis la mi-avril, des crues subites et des inondations ont d\u00e9j\u00e0 fait une centaine de morts dans dix provinces du pays et aucune r\u00e9gion n&rsquo;a \u00e9t\u00e9 \u00e9pargn\u00e9e. Elles ont \u00e9galement d\u00e9truit des centaines de maisons et submerg\u00e9 de nombreuses terres agricoles dans un pays o\u00f9 80% des plus de 40 millions d&rsquo;Afghans d\u00e9pendent de l&rsquo;agriculture pour leur survie.<\/p>\n\n\n\n<p>R.I. avec agences<\/p>\n","protected":false},"excerpt":{"rendered":"<p>Plus de 300 personnes ont p\u00e9ri lors de crues subites dans la province septentrionale de Baghlan en Afghanistan, a annonc\u00e9<\/p>\n","protected":false},"author":3,"featured_media":52288,"comment_status":"open","ping_status":"closed","sticky":false,"template":"","format":"standard","meta":{"colormag_page_container_layout":"default_layout","colormag_page_sidebar_layout":"default_layout","om_disable_all_campaigns":false,"_monsterinsights_skip_tracking":false,"_monsterinsights_sitenote_active":false,"_monsterinsights_sitenote_note":"","_monsterinsights_sitenote_category":0,"footnotes":"","_wpscppro_dont_share_socialmedia":false,"_wpscppro_custom_social_share_image":0,"_facebook_share_type":"default","_twitter_share_type":"default","_linkedin_share_type":"default","_pinterest_share_type":"default","_linkedin_share_type_page":"","_instagram_share_type":"default","_medium_share_type":"","_threads_share_type":"","_google_business_share_type":"","_selected_social_profile":[],"_wpsp_enable_custom_social_template":false,"_wpsp_social_scheduling":{"enabled":false,"datetime":null,"platforms":[],"status":"template_only","dateOption":"today","timeOption":"now","customDays":"","customHours":"","customDate":"","customTime":"","schedulingType":"absolute"},"_wpsp_active_default_template":true},"categories":[37],"tags":[],"class_list":["post-52287","post","type-post","status-publish","format-standard","has-post-thumbnail","hentry","category-monde"],"aioseo_notices":[],"yoast_head":"<!-- This site is optimized with the Yoast SEO plugin v27.5 - https:\/\/yoast.com\/product\/yoast-seo-wordpress\/ -->\n<title>Afghanistan\u00a0: Des crues font 311 morts - La Sentinelle<\/title>\n<meta name=\"robots\" content=\"index, follow, max-snippet:-1, max-image-preview:large, max-video-preview:-1\" \/>\n<link rel=\"canonical\" href=\"https:\/\/lasentinelle.dz\/index.php\/2024\/05\/12\/afghanistan-des-crues-font-311-morts\/\" \/>\n<meta property=\"og:locale\" content=\"fr_FR\" \/>\n<meta property=\"og:type\" content=\"article\" \/>\n<meta property=\"og:title\" content=\"Afghanistan\u00a0: Des crues font 311 morts - La Sentinelle\" \/>\n<meta property=\"og:description\" content=\"Plus de 300 personnes ont p\u00e9ri lors de crues subites dans la province septentrionale de Baghlan en Afghanistan, a annonc\u00e9\" \/>\n<meta property=\"og:url\" content=\"https:\/\/lasentinelle.dz\/index.php\/2024\/05\/12\/afghanistan-des-crues-font-311-morts\/\" \/>\n<meta property=\"og:site_name\" content=\"La Sentinelle\" \/>\n<meta property=\"article:publisher\" content=\"https:\/\/www.facebook.com\/La-Sentinelle-104059864394773\" \/>\n<meta property=\"article:published_time\" content=\"2024-05-12T14:24:36+00:00\" \/>\n<meta property=\"article:modified_time\" content=\"2024-05-12T14:24:46+00:00\" \/>\n<meta property=\"og:image\" content=\"https:\/\/lasentinelle.dz\/wp-content\/uploads\/2024\/05\/afghan.webp\" \/>\n\t<meta property=\"og:image:width\" content=\"760\" \/>\n\t<meta property=\"og:image:height\" content=\"506\" \/>\n\t<meta property=\"og:image:type\" content=\"image\/webp\" \/>\n<meta name=\"author\" content=\"La Sentinelle\" \/>\n<meta name=\"twitter:card\" content=\"summary_large_image\" \/>\n<meta name=\"twitter:label1\" content=\"\u00c9crit par\" \/>\n\t<meta name=\"twitter:data1\" content=\"La Sentinelle\" \/>\n\t<meta name=\"twitter:label2\" content=\"Dur\u00e9e de lecture estim\u00e9e\" \/>\n\t<meta name=\"twitter:data2\" content=\"4 minutes\" \/>\n<script type=\"application\/ld+json\" class=\"yoast-schema-graph\">{\"@context\":\"https:\\\/\\\/schema.org\",\"@graph\":[{\"@type\":\"Article\",\"@id\":\"https:\\\/\\\/lasentinelle.dz\\\/index.php\\\/2024\\\/05\\\/12\\\/afghanistan-des-crues-font-311-morts\\\/#article\",\"isPartOf\":{\"@id\":\"https:\\\/\\\/lasentinelle.dz\\\/index.php\\\/2024\\\/05\\\/12\\\/afghanistan-des-crues-font-311-morts\\\/\"},\"author\":{\"name\":\"La Sentinelle\",\"@id\":\"https:\\\/\\\/lasentinelle.dz\\\/#\\\/schema\\\/person\\\/d865044e22e70a75174ce8bcad3acfb3\"},\"headline\":\"Afghanistan\u00a0: Des crues font 311 morts\",\"datePublished\":\"2024-05-12T14:24:36+00:00\",\"dateModified\":\"2024-05-12T14:24:46+00:00\",\"mainEntityOfPage\":{\"@id\":\"https:\\\/\\\/lasentinelle.dz\\\/index.php\\\/2024\\\/05\\\/12\\\/afghanistan-des-crues-font-311-morts\\\/\"},\"wordCount\":656,\"commentCount\":0,\"publisher\":{\"@id\":\"https:\\\/\\\/lasentinelle.dz\\\/#organization\"},\"image\":{\"@id\":\"https:\\\/\\\/lasentinelle.dz\\\/index.php\\\/2024\\\/05\\\/12\\\/afghanistan-des-crues-font-311-morts\\\/#primaryimage\"},\"thumbnailUrl\":\"https:\\\/\\\/lasentinelle.dz\\\/wp-content\\\/uploads\\\/2024\\\/05\\\/afghan.webp\",\"articleSection\":[\"Monde\"],\"inLanguage\":\"fr-FR\",\"potentialAction\":[{\"@type\":\"CommentAction\",\"name\":\"Comment\",\"target\":[\"https:\\\/\\\/lasentinelle.dz\\\/index.php\\\/2024\\\/05\\\/12\\\/afghanistan-des-crues-font-311-morts\\\/#respond\"]}]},{\"@type\":\"WebPage\",\"@id\":\"https:\\\/\\\/lasentinelle.dz\\\/index.php\\\/2024\\\/05\\\/12\\\/afghanistan-des-crues-font-311-morts\\\/\",\"url\":\"https:\\\/\\\/lasentinelle.dz\\\/index.php\\\/2024\\\/05\\\/12\\\/afghanistan-des-crues-font-311-morts\\\/\",\"name\":\"Afghanistan\u00a0: Des crues font 311 morts - La Sentinelle\",\"isPartOf\":{\"@id\":\"https:\\\/\\\/lasentinelle.dz\\\/#website\"},\"primaryImageOfPage\":{\"@id\":\"https:\\\/\\\/lasentinelle.dz\\\/index.php\\\/2024\\\/05\\\/12\\\/afghanistan-des-crues-font-311-morts\\\/#primaryimage\"},\"image\":{\"@id\":\"https:\\\/\\\/lasentinelle.dz\\\/index.php\\\/2024\\\/05\\\/12\\\/afghanistan-des-crues-font-311-morts\\\/#primaryimage\"},\"thumbnailUrl\":\"https:\\\/\\\/lasentinelle.dz\\\/wp-content\\\/uploads\\\/2024\\\/05\\\/afghan.webp\",\"datePublished\":\"2024-05-12T14:24:36+00:00\",\"dateModified\":\"2024-05-12T14:24:46+00:00\",\"breadcrumb\":{\"@id\":\"https:\\\/\\\/lasentinelle.dz\\\/index.php\\\/2024\\\/05\\\/12\\\/afghanistan-des-crues-font-311-morts\\\/#breadcrumb\"},\"inLanguage\":\"fr-FR\",\"potentialAction\":[{\"@type\":\"ReadAction\",\"target\":[\"https:\\\/\\\/lasentinelle.dz\\\/index.php\\\/2024\\\/05\\\/12\\\/afghanistan-des-crues-font-311-morts\\\/\"]}]},{\"@type\":\"ImageObject\",\"inLanguage\":\"fr-FR\",\"@id\":\"https:\\\/\\\/lasentinelle.dz\\\/index.php\\\/2024\\\/05\\\/12\\\/afghanistan-des-crues-font-311-morts\\\/#primaryimage\",\"url\":\"https:\\\/\\\/lasentinelle.dz\\\/wp-content\\\/uploads\\\/2024\\\/05\\\/afghan.webp\",\"contentUrl\":\"https:\\\/\\\/lasentinelle.dz\\\/wp-content\\\/uploads\\\/2024\\\/05\\\/afghan.webp\",\"width\":760,\"height\":506},{\"@type\":\"BreadcrumbList\",\"@id\":\"https:\\\/\\\/lasentinelle.dz\\\/index.php\\\/2024\\\/05\\\/12\\\/afghanistan-des-crues-font-311-morts\\\/#breadcrumb\",\"itemListElement\":[{\"@type\":\"ListItem\",\"position\":1,\"name\":\"Accueil\",\"item\":\"https:\\\/\\\/lasentinelle.dz\\\/\"},{\"@type\":\"ListItem\",\"position\":2,\"name\":\"Afghanistan\u00a0: Des crues font 311 morts\"}]},{\"@type\":\"WebSite\",\"@id\":\"https:\\\/\\\/lasentinelle.dz\\\/#website\",\"url\":\"https:\\\/\\\/lasentinelle.dz\\\/\",\"name\":\"La Sentinelle\",\"description\":\"Quotidien national d&#039;information\",\"publisher\":{\"@id\":\"https:\\\/\\\/lasentinelle.dz\\\/#organization\"},\"potentialAction\":[{\"@type\":\"SearchAction\",\"target\":{\"@type\":\"EntryPoint\",\"urlTemplate\":\"https:\\\/\\\/lasentinelle.dz\\\/?s={search_term_string}\"},\"query-input\":{\"@type\":\"PropertyValueSpecification\",\"valueRequired\":true,\"valueName\":\"search_term_string\"}}],\"inLanguage\":\"fr-FR\"},{\"@type\":\"Organization\",\"@id\":\"https:\\\/\\\/lasentinelle.dz\\\/#organization\",\"name\":\"Quotidien La Sentinelle\",\"url\":\"https:\\\/\\\/lasentinelle.dz\\\/\",\"logo\":{\"@type\":\"ImageObject\",\"inLanguage\":\"fr-FR\",\"@id\":\"https:\\\/\\\/lasentinelle.dz\\\/#\\\/schema\\\/logo\\\/image\\\/\",\"url\":\"https:\\\/\\\/lasentinelle.dz\\\/wp-content\\\/uploads\\\/2021\\\/09\\\/logo-sentinelleSLOGAN-1.png\",\"contentUrl\":\"https:\\\/\\\/lasentinelle.dz\\\/wp-content\\\/uploads\\\/2021\\\/09\\\/logo-sentinelleSLOGAN-1.png\",\"width\":615,\"height\":142,\"caption\":\"Quotidien La Sentinelle\"},\"image\":{\"@id\":\"https:\\\/\\\/lasentinelle.dz\\\/#\\\/schema\\\/logo\\\/image\\\/\"},\"sameAs\":[\"https:\\\/\\\/www.facebook.com\\\/La-Sentinelle-104059864394773\"]},{\"@type\":\"Person\",\"@id\":\"https:\\\/\\\/lasentinelle.dz\\\/#\\\/schema\\\/person\\\/d865044e22e70a75174ce8bcad3acfb3\",\"name\":\"La Sentinelle\",\"image\":{\"@type\":\"ImageObject\",\"inLanguage\":\"fr-FR\",\"@id\":\"https:\\\/\\\/secure.gravatar.com\\\/avatar\\\/57de8e5d4b15d43fb361a71fbb36338450fe67865b528a43dd10ef7c51a20392?s=96&d=mm&r=g\",\"url\":\"https:\\\/\\\/secure.gravatar.com\\\/avatar\\\/57de8e5d4b15d43fb361a71fbb36338450fe67865b528a43dd10ef7c51a20392?s=96&d=mm&r=g\",\"contentUrl\":\"https:\\\/\\\/secure.gravatar.com\\\/avatar\\\/57de8e5d4b15d43fb361a71fbb36338450fe67865b528a43dd10ef7c51a20392?s=96&d=mm&r=g\",\"caption\":\"La Sentinelle\"},\"sameAs\":[\"http:\\\/\\\/www.lasentinelle.dz\"],\"url\":\"https:\\\/\\\/lasentinelle.dz\\\/author\\\/redaction\\\/\"}]}<\/script>\n<!-- \/ Yoast SEO plugin. -->","yoast_head_json":{"title":"Afghanistan\u00a0: Des crues font 311 morts - La Sentinelle","robots":{"index":"index","follow":"follow","max-snippet":"max-snippet:-1","max-image-preview":"max-image-preview:large","max-video-preview":"max-video-preview:-1"},"canonical":"https:\/\/lasentinelle.dz\/index.php\/2024\/05\/12\/afghanistan-des-crues-font-311-morts\/","og_locale":"fr_FR","og_type":"article","og_title":"Afghanistan\u00a0: Des crues font 311 morts - La Sentinelle","og_description":"Plus de 300 personnes ont p\u00e9ri lors de crues subites dans la province septentrionale de Baghlan en Afghanistan, a annonc\u00e9","og_url":"https:\/\/lasentinelle.dz\/index.php\/2024\/05\/12\/afghanistan-des-crues-font-311-morts\/","og_site_name":"La Sentinelle","article_publisher":"https:\/\/www.facebook.com\/La-Sentinelle-104059864394773","article_published_time":"2024-05-12T14:24:36+00:00","article_modified_time":"2024-05-12T14:24:46+00:00","og_image":[{"width":760,"height":506,"url":"https:\/\/lasentinelle.dz\/wp-content\/uploads\/2024\/05\/afghan.webp","type":"image\/webp"}],"author":"La Sentinelle","twitter_card":"summary_large_image","twitter_misc":{"\u00c9crit par":"La Sentinelle","Dur\u00e9e de lecture estim\u00e9e":"4 minutes"},"schema":{"@context":"https:\/\/schema.org","@graph":[{"@type":"Article","@id":"https:\/\/lasentinelle.dz\/index.php\/2024\/05\/12\/afghanistan-des-crues-font-311-morts\/#article","isPartOf":{"@id":"https:\/\/lasentinelle.dz\/index.php\/2024\/05\/12\/afghanistan-des-crues-font-311-morts\/"},"author":{"name":"La Sentinelle","@id":"https:\/\/lasentinelle.dz\/#\/schema\/person\/d865044e22e70a75174ce8bcad3acfb3"},"headline":"Afghanistan\u00a0: Des crues font 311 morts","datePublished":"2024-05-12T14:24:36+00:00","dateModified":"2024-05-12T14:24:46+00:00","mainEntityOfPage":{"@id":"https:\/\/lasentinelle.dz\/index.php\/2024\/05\/12\/afghanistan-des-crues-font-311-morts\/"},"wordCount":656,"commentCount":0,"publisher":{"@id":"https:\/\/lasentinelle.dz\/#organization"},"image":{"@id":"https:\/\/lasentinelle.dz\/index.php\/2024\/05\/12\/afghanistan-des-crues-font-311-morts\/#primaryimage"},"thumbnailUrl":"https:\/\/lasentinelle.dz\/wp-content\/uploads\/2024\/05\/afghan.webp","articleSection":["Monde"],"inLanguage":"fr-FR","potentialAction":[{"@type":"CommentAction","name":"Comment","target":["https:\/\/lasentinelle.dz\/index.php\/2024\/05\/12\/afghanistan-des-crues-font-311-morts\/#respond"]}]},{"@type":"WebPage","@id":"https:\/\/lasentinelle.dz\/index.php\/2024\/05\/12\/afghanistan-des-crues-font-311-morts\/","url":"https:\/\/lasentinelle.dz\/index.php\/2024\/05\/12\/afghanistan-des-crues-font-311-morts\/","name":"Afghanistan\u00a0: Des crues font 311 morts - La Sentinelle","isPartOf":{"@id":"https:\/\/lasentinelle.dz\/#website"},"primaryImageOfPage":{"@id":"https:\/\/lasentinelle.dz\/index.php\/2024\/05\/12\/afghanistan-des-crues-font-311-morts\/#primaryimage"},"image":{"@id":"https:\/\/lasentinelle.dz\/index.php\/2024\/05\/12\/afghanistan-des-crues-font-311-morts\/#primaryimage"},"thumbnailUrl":"https:\/\/lasentinelle.dz\/wp-content\/uploads\/2024\/05\/afghan.webp","datePublished":"2024-05-12T14:24:36+00:00","dateModified":"2024-05-12T14:24:46+00:00","breadcrumb":{"@id":"https:\/\/lasentinelle.dz\/index.php\/2024\/05\/12\/afghanistan-des-crues-font-311-morts\/#breadcrumb"},"inLanguage":"fr-FR","potentialAction":[{"@type":"ReadAction","target":["https:\/\/lasentinelle.dz\/index.php\/2024\/05\/12\/afghanistan-des-crues-font-311-morts\/"]}]},{"@type":"ImageObject","inLanguage":"fr-FR","@id":"https:\/\/lasentinelle.dz\/index.php\/2024\/05\/12\/afghanistan-des-crues-font-311-morts\/#primaryimage","url":"https:\/\/lasentinelle.dz\/wp-content\/uploads\/2024\/05\/afghan.webp","contentUrl":"https:\/\/lasentinelle.dz\/wp-content\/uploads\/2024\/05\/afghan.webp","width":760,"height":506},{"@type":"BreadcrumbList","@id":"https:\/\/lasentinelle.dz\/index.php\/2024\/05\/12\/afghanistan-des-crues-font-311-morts\/#breadcrumb","itemListElement":[{"@type":"ListItem","position":1,"name":"Accueil","item":"https:\/\/lasentinelle.dz\/"},{"@type":"ListItem","position":2,"name":"Afghanistan\u00a0: Des crues font 311 morts"}]},{"@type":"WebSite","@id":"https:\/\/lasentinelle.dz\/#website","url":"https:\/\/lasentinelle.dz\/","name":"La Sentinelle","description":"Quotidien national d&#039;information","publisher":{"@id":"https:\/\/lasentinelle.dz\/#organization"},"potentialAction":[{"@type":"SearchAction","target":{"@type":"EntryPoint","urlTemplate":"https:\/\/lasentinelle.dz\/?s={search_term_string}"},"query-input":{"@type":"PropertyValueSpecification","valueRequired":true,"valueName":"search_term_string"}}],"inLanguage":"fr-FR"},{"@type":"Organization","@id":"https:\/\/lasentinelle.dz\/#organization","name":"Quotidien La Sentinelle","url":"https:\/\/lasentinelle.dz\/","logo":{"@type":"ImageObject","inLanguage":"fr-FR","@id":"https:\/\/lasentinelle.dz\/#\/schema\/logo\/image\/","url":"https:\/\/lasentinelle.dz\/wp-content\/uploads\/2021\/09\/logo-sentinelleSLOGAN-1.png","contentUrl":"https:\/\/lasentinelle.dz\/wp-content\/uploads\/2021\/09\/logo-sentinelleSLOGAN-1.png","width":615,"height":142,"caption":"Quotidien La Sentinelle"},"image":{"@id":"https:\/\/lasentinelle.dz\/#\/schema\/logo\/image\/"},"sameAs":["https:\/\/www.facebook.com\/La-Sentinelle-104059864394773"]},{"@type":"Person","@id":"https:\/\/lasentinelle.dz\/#\/schema\/person\/d865044e22e70a75174ce8bcad3acfb3","name":"La Sentinelle","image":{"@type":"ImageObject","inLanguage":"fr-FR","@id":"https:\/\/secure.gravatar.com\/avatar\/57de8e5d4b15d43fb361a71fbb36338450fe67865b528a43dd10ef7c51a20392?s=96&d=mm&r=g","url":"https:\/\/secure.gravatar.com\/avatar\/57de8e5d4b15d43fb361a71fbb36338450fe67865b528a43dd10ef7c51a20392?s=96&d=mm&r=g","contentUrl":"https:\/\/secure.gravatar.com\/avatar\/57de8e5d4b15d43fb361a71fbb36338450fe67865b528a43dd10ef7c51a20392?s=96&d=mm&r=g","caption":"La Sentinelle"},"sameAs":["http:\/\/www.lasentinelle.dz"],"url":"https:\/\/lasentinelle.dz\/author\/redaction\/"}]}},"_links":{"self":[{"href":"https:\/\/lasentinelle.dz\/index.php\/wp-json\/wp\/v2\/posts\/52287","targetHints":{"allow":["GET"]}}],"collection":[{"href":"https:\/\/lasentinelle.dz\/index.php\/wp-json\/wp\/v2\/posts"}],"about":[{"href":"https:\/\/lasentinelle.dz\/index.php\/wp-json\/wp\/v2\/types\/post"}],"author":[{"embeddable":true,"href":"https:\/\/lasentinelle.dz\/index.php\/wp-json\/wp\/v2\/users\/3"}],"replies":[{"embeddable":true,"href":"https:\/\/lasentinelle.dz\/index.php\/wp-json\/wp\/v2\/comments?post=52287"}],"version-history":[{"count":1,"href":"https:\/\/lasentinelle.dz\/index.php\/wp-json\/wp\/v2\/posts\/52287\/revisions"}],"predecessor-version":[{"id":52289,"href":"https:\/\/lasentinelle.dz\/index.php\/wp-json\/wp\/v2\/posts\/52287\/revisions\/52289"}],"wp:featuredmedia":[{"embeddable":true,"href":"https:\/\/lasentinelle.dz\/index.php\/wp-json\/wp\/v2\/media\/52288"}],"wp:attachment":[{"href":"https:\/\/lasentinelle.dz\/index.php\/wp-json\/wp\/v2\/media?parent=52287"}],"wp:term":[{"taxonomy":"category","embeddable":true,"href":"https:\/\/lasentinelle.dz\/index.php\/wp-json\/wp\/v2\/categories?post=52287"},{"taxonomy":"post_tag","embeddable":true,"href":"https:\/\/lasentinelle.dz\/index.php\/wp-json\/wp\/v2\/tags?post=52287"}],"curies":[{"name":"wp","href":"https:\/\/api.w.org\/{rel}","templated":true}]}}