{"id":52290,"date":"2024-05-12T15:26:49","date_gmt":"2024-05-12T14:26:49","guid":{"rendered":"https:\/\/lasentinelle.dz\/?p=52290"},"modified":"2024-05-12T15:26:52","modified_gmt":"2024-05-12T14:26:52","slug":"concession-des-plages-a-annaba-un-avis-dadjudication-sera-lance","status":"publish","type":"post","link":"https:\/\/lasentinelle.dz\/index.php\/2024\/05\/12\/concession-des-plages-a-annaba-un-avis-dadjudication-sera-lance\/","title":{"rendered":"Concession des plages \u00e0 Annaba\u00a0: Un avis d\u2019adjudication sera lanc\u00e9"},"content":{"rendered":"\n<p>Afin de contrecarrer l\u2019exploitation ill\u00e9gale des plages par les squatteurs, la direction du tourisme de la wilaya opte pour la concession et l\u2019exploitation touristiques des plages autoris\u00e9es \u00e0 la baignade aux d\u00e9lais d\u00e9termin\u00e9s, qu\u2019elle entend accorder via un avis d\u2019adjudication.<\/p>\n\n\n\n<p>La Direction du Tourisme et des&nbsp;industrie artisanales de la wilaya d&rsquo;Annaba a annonc\u00e9, \u00e0 l&rsquo;approche de la saison estivale, le lancement d\u2019un avis d\u2019adjudication&nbsp;pour les droits de concession pour l&rsquo;exploitation touristique et l&rsquo;usage touristique des plages autoris\u00e9es \u00e0 la baignade. La d\u00e9marche intervient en application des dispositions de la loi n\u00b003-02 du 17\/02\/2003, qui d\u00e9fini les r\u00e8gles g\u00e9n\u00e9rales d&rsquo;utilisation et d&rsquo;exploitation touristique des plages, ainsi que le d\u00e9cret ex\u00e9cutif n\u00b004-274 du 05\/09\/2004 pr\u00e9cisant les conditions d&rsquo;exploitation touristique des plages ouvertes au tourisme et conform\u00e9ment \u00e0 l&rsquo;arr\u00eat\u00e9 minist\u00e9riel conjoint du 18\/05\/2006 qui pr\u00e9cise les mod\u00e8les de la convention et le cahier des charges relatifs \u00e0 la concession d&rsquo;exploitation touristique des plages autoris\u00e9es \u00e0 la baignades. Sont concern\u00e9es par cette op\u00e9ration d\u2019ench\u00e8re, la plage de Djenen El Bey (S\u00e9raidi), la plage de Sidi Salem (El Bouni), et la plage des sables d&rsquo;Or n\u00b0 1 dans la commune de Ch\u00e9taibi. Par ailleurs, la direction du tourisme et de l\u2019artisanat a fix\u00e9 des conditions pour ceux souhaitant b\u00e9n\u00e9ficier de cette concession notamment le fait de disposer des moyens humains et mat\u00e9riels n\u00e9cessaires \u00e0 l\u2019activit\u00e9. Ainsi, les plages autoris\u00e9es \u00e0 la baignade seront exploit\u00e9es dans le cadre de la concession dans l\u2019objectif d&rsquo;\u00e9viter l&rsquo;anarchie des ann\u00e9es pr\u00e9c\u00e9dentes, ont rapport\u00e9 les services de la direction du tourisme, en soulignant qu&rsquo;une convention cadre a \u00e9t\u00e9 sign\u00e9e entre le minist\u00e8re de tutelle et celui de l&rsquo;Int\u00e9rieur et des Collectivit\u00e9s locales. Par ailleurs, il est \u00e0 noter que les pr\u00e9paratifs de la saison estivale ont \u00e9t\u00e9 entam\u00e9s il y a plusieurs mois d\u00e9j\u00e0. Les sorties sur terrain du wali d\u2019Annaba, Abdelkader Djellaoui, lui ont permis de cibler les insuffisance du secteur du tourisme et du cadre de vie, en rapport direct avec la saison estivale. D\u2019o\u00f9 les am\u00e9nagements urbains de la ville, alors la pittoresque corniche \u00e9tait au centre de la d\u00e9marche. D&rsquo;autres lacunes dans divers secteurs de la ville ont \u00e9t\u00e9 relev\u00e9es, dont l\u2019\u00e9clairage public, l\u2019am\u00e9nagement des trottoirs et des bandes centrales, ainsi que l\u2019\u00e9tat de la chauss\u00e9e, depuis le Cours de la R\u00e9volution jusqu\u2019au long du littoral. \u00c0 l\u2019issue d\u2019un constat catastrophique, le chef de l\u2019Ex\u00e9cutif local a pris plusieurs d\u00e9cisions et \u00e9mis des directives visant \u00e0 rem\u00e9dier \u00e0 ces probl\u00e8mes et \u00e0 am\u00e9liorer les conditions de vie des habitants, tout en renfor\u00e7ant l\u2019attractivit\u00e9 touristique de la ville. Parmi ces mesures, la n\u00e9cessit\u00e9 de revoir la peinture des barri\u00e8res de s\u00e9curit\u00e9, ainsi que l\u2019\u00e9laboration d\u2019un plan d\u00e9taill\u00e9 pour am\u00e9liorer la collecte des d\u00e9chets m\u00e9nagers. Il a, \u00e9galement, soulign\u00e9 l\u2019importance de fournir des services de qualit\u00e9, tout en respectant scrupuleusement les lois et r\u00e9glementations en vigueur afin de r\u00e9pondre aux besoins et aux attentes des habitants et des visiteurs de la ville d\u2019Annaba.<\/p>\n\n\n\n<p>Sofia Chahine<\/p>\n","protected":false},"excerpt":{"rendered":"<p>Afin de contrecarrer l\u2019exploitation ill\u00e9gale des plages par les squatteurs, la direction du tourisme de la wilaya opte pour la<\/p>\n","protected":false},"author":3,"featured_media":40359,"comment_status":"open","ping_status":"closed","sticky":false,"template":"","format":"standard","meta":{"colormag_page_container_layout":"default_layout","colormag_page_sidebar_layout":"default_layout","om_disable_all_campaigns":false,"_monsterinsights_skip_tracking":false,"_monsterinsights_sitenote_active":false,"_monsterinsights_sitenote_note":"","_monsterinsights_sitenote_category":0,"footnotes":"","_wpscppro_dont_share_socialmedia":false,"_wpscppro_custom_social_share_image":0,"_facebook_share_type":"default","_twitter_share_type":"default","_linkedin_share_type":"default","_pinterest_share_type":"default","_linkedin_share_type_page":"","_instagram_share_type":"default","_medium_share_type":"","_threads_share_type":"","_google_business_share_type":"","_selected_social_profile":[],"_wpsp_enable_custom_social_template":false,"_wpsp_social_scheduling":{"enabled":false,"datetime":null,"platforms":[],"status":"template_only","dateOption":"today","timeOption":"now","customDays":"","customHours":"","customDate":"","customTime":"","schedulingType":"absolute"},"_wpsp_active_default_template":true},"categories":[31],"tags":[],"class_list":["post-52290","post","type-post","status-publish","format-standard","has-post-thumbnail","hentry","category-regions"],"aioseo_notices":[],"yoast_head":"<!-- This site is optimized with the Yoast SEO plugin v27.5 - https:\/\/yoast.com\/product\/yoast-seo-wordpress\/ -->\n<title>Concession des plages \u00e0 Annaba\u00a0: Un avis d\u2019adjudication sera lanc\u00e9 - La Sentinelle<\/title>\n<meta name=\"robots\" content=\"index, follow, max-snippet:-1, max-image-preview:large, max-video-preview:-1\" \/>\n<link rel=\"canonical\" href=\"https:\/\/lasentinelle.dz\/index.php\/2024\/05\/12\/concession-des-plages-a-annaba-un-avis-dadjudication-sera-lance\/\" \/>\n<meta property=\"og:locale\" content=\"fr_FR\" \/>\n<meta property=\"og:type\" content=\"article\" \/>\n<meta property=\"og:title\" content=\"Concession des plages \u00e0 Annaba\u00a0: Un avis d\u2019adjudication sera lanc\u00e9 - La Sentinelle\" \/>\n<meta property=\"og:description\" content=\"Afin de contrecarrer l\u2019exploitation ill\u00e9gale des plages par les squatteurs, la direction du tourisme de la wilaya opte pour la\" \/>\n<meta property=\"og:url\" content=\"https:\/\/lasentinelle.dz\/index.php\/2024\/05\/12\/concession-des-plages-a-annaba-un-avis-dadjudication-sera-lance\/\" \/>\n<meta property=\"og:site_name\" content=\"La Sentinelle\" \/>\n<meta property=\"article:publisher\" content=\"https:\/\/www.facebook.com\/La-Sentinelle-104059864394773\" \/>\n<meta property=\"article:published_time\" content=\"2024-05-12T14:26:49+00:00\" \/>\n<meta property=\"article:modified_time\" content=\"2024-05-12T14:26:52+00:00\" \/>\n<meta property=\"og:image\" content=\"https:\/\/lasentinelle.dz\/wp-content\/uploads\/2023\/05\/plage-chapuis-annaba.png\" \/>\n\t<meta property=\"og:image:width\" content=\"1200\" \/>\n\t<meta property=\"og:image:height\" content=\"900\" \/>\n\t<meta property=\"og:image:type\" content=\"image\/png\" \/>\n<meta name=\"author\" content=\"La Sentinelle\" \/>\n<meta name=\"twitter:card\" content=\"summary_large_image\" \/>\n<meta name=\"twitter:label1\" content=\"\u00c9crit par\" \/>\n\t<meta name=\"twitter:data1\" content=\"La Sentinelle\" \/>\n\t<meta name=\"twitter:label2\" content=\"Dur\u00e9e de lecture estim\u00e9e\" \/>\n\t<meta name=\"twitter:data2\" content=\"3 minutes\" \/>\n<script type=\"application\/ld+json\" class=\"yoast-schema-graph\">{\"@context\":\"https:\\\/\\\/schema.org\",\"@graph\":[{\"@type\":\"Article\",\"@id\":\"https:\\\/\\\/lasentinelle.dz\\\/index.php\\\/2024\\\/05\\\/12\\\/concession-des-plages-a-annaba-un-avis-dadjudication-sera-lance\\\/#article\",\"isPartOf\":{\"@id\":\"https:\\\/\\\/lasentinelle.dz\\\/index.php\\\/2024\\\/05\\\/12\\\/concession-des-plages-a-annaba-un-avis-dadjudication-sera-lance\\\/\"},\"author\":{\"name\":\"La Sentinelle\",\"@id\":\"https:\\\/\\\/lasentinelle.dz\\\/#\\\/schema\\\/person\\\/d865044e22e70a75174ce8bcad3acfb3\"},\"headline\":\"Concession des plages \u00e0 Annaba\u00a0: Un avis d\u2019adjudication sera lanc\u00e9\",\"datePublished\":\"2024-05-12T14:26:49+00:00\",\"dateModified\":\"2024-05-12T14:26:52+00:00\",\"mainEntityOfPage\":{\"@id\":\"https:\\\/\\\/lasentinelle.dz\\\/index.php\\\/2024\\\/05\\\/12\\\/concession-des-plages-a-annaba-un-avis-dadjudication-sera-lance\\\/\"},\"wordCount\":587,\"commentCount\":0,\"publisher\":{\"@id\":\"https:\\\/\\\/lasentinelle.dz\\\/#organization\"},\"image\":{\"@id\":\"https:\\\/\\\/lasentinelle.dz\\\/index.php\\\/2024\\\/05\\\/12\\\/concession-des-plages-a-annaba-un-avis-dadjudication-sera-lance\\\/#primaryimage\"},\"thumbnailUrl\":\"https:\\\/\\\/lasentinelle.dz\\\/wp-content\\\/uploads\\\/2023\\\/05\\\/plage-chapuis-annaba.png\",\"articleSection\":[\"R\u00e9gions\"],\"inLanguage\":\"fr-FR\",\"potentialAction\":[{\"@type\":\"CommentAction\",\"name\":\"Comment\",\"target\":[\"https:\\\/\\\/lasentinelle.dz\\\/index.php\\\/2024\\\/05\\\/12\\\/concession-des-plages-a-annaba-un-avis-dadjudication-sera-lance\\\/#respond\"]}]},{\"@type\":\"WebPage\",\"@id\":\"https:\\\/\\\/lasentinelle.dz\\\/index.php\\\/2024\\\/05\\\/12\\\/concession-des-plages-a-annaba-un-avis-dadjudication-sera-lance\\\/\",\"url\":\"https:\\\/\\\/lasentinelle.dz\\\/index.php\\\/2024\\\/05\\\/12\\\/concession-des-plages-a-annaba-un-avis-dadjudication-sera-lance\\\/\",\"name\":\"Concession des plages \u00e0 Annaba\u00a0: Un avis d\u2019adjudication sera lanc\u00e9 - La Sentinelle\",\"isPartOf\":{\"@id\":\"https:\\\/\\\/lasentinelle.dz\\\/#website\"},\"primaryImageOfPage\":{\"@id\":\"https:\\\/\\\/lasentinelle.dz\\\/index.php\\\/2024\\\/05\\\/12\\\/concession-des-plages-a-annaba-un-avis-dadjudication-sera-lance\\\/#primaryimage\"},\"image\":{\"@id\":\"https:\\\/\\\/lasentinelle.dz\\\/index.php\\\/2024\\\/05\\\/12\\\/concession-des-plages-a-annaba-un-avis-dadjudication-sera-lance\\\/#primaryimage\"},\"thumbnailUrl\":\"https:\\\/\\\/lasentinelle.dz\\\/wp-content\\\/uploads\\\/2023\\\/05\\\/plage-chapuis-annaba.png\",\"datePublished\":\"2024-05-12T14:26:49+00:00\",\"dateModified\":\"2024-05-12T14:26:52+00:00\",\"breadcrumb\":{\"@id\":\"https:\\\/\\\/lasentinelle.dz\\\/index.php\\\/2024\\\/05\\\/12\\\/concession-des-plages-a-annaba-un-avis-dadjudication-sera-lance\\\/#breadcrumb\"},\"inLanguage\":\"fr-FR\",\"potentialAction\":[{\"@type\":\"ReadAction\",\"target\":[\"https:\\\/\\\/lasentinelle.dz\\\/index.php\\\/2024\\\/05\\\/12\\\/concession-des-plages-a-annaba-un-avis-dadjudication-sera-lance\\\/\"]}]},{\"@type\":\"ImageObject\",\"inLanguage\":\"fr-FR\",\"@id\":\"https:\\\/\\\/lasentinelle.dz\\\/index.php\\\/2024\\\/05\\\/12\\\/concession-des-plages-a-annaba-un-avis-dadjudication-sera-lance\\\/#primaryimage\",\"url\":\"https:\\\/\\\/lasentinelle.dz\\\/wp-content\\\/uploads\\\/2023\\\/05\\\/plage-chapuis-annaba.png\",\"contentUrl\":\"https:\\\/\\\/lasentinelle.dz\\\/wp-content\\\/uploads\\\/2023\\\/05\\\/plage-chapuis-annaba.png\",\"width\":1200,\"height\":900},{\"@type\":\"BreadcrumbList\",\"@id\":\"https:\\\/\\\/lasentinelle.dz\\\/index.php\\\/2024\\\/05\\\/12\\\/concession-des-plages-a-annaba-un-avis-dadjudication-sera-lance\\\/#breadcrumb\",\"itemListElement\":[{\"@type\":\"ListItem\",\"position\":1,\"name\":\"Accueil\",\"item\":\"https:\\\/\\\/lasentinelle.dz\\\/\"},{\"@type\":\"ListItem\",\"position\":2,\"name\":\"Concession des plages \u00e0 Annaba\u00a0: Un avis d\u2019adjudication sera lanc\u00e9\"}]},{\"@type\":\"WebSite\",\"@id\":\"https:\\\/\\\/lasentinelle.dz\\\/#website\",\"url\":\"https:\\\/\\\/lasentinelle.dz\\\/\",\"name\":\"La Sentinelle\",\"description\":\"Quotidien national d&#039;information\",\"publisher\":{\"@id\":\"https:\\\/\\\/lasentinelle.dz\\\/#organization\"},\"potentialAction\":[{\"@type\":\"SearchAction\",\"target\":{\"@type\":\"EntryPoint\",\"urlTemplate\":\"https:\\\/\\\/lasentinelle.dz\\\/?s={search_term_string}\"},\"query-input\":{\"@type\":\"PropertyValueSpecification\",\"valueRequired\":true,\"valueName\":\"search_term_string\"}}],\"inLanguage\":\"fr-FR\"},{\"@type\":\"Organization\",\"@id\":\"https:\\\/\\\/lasentinelle.dz\\\/#organization\",\"name\":\"Quotidien La Sentinelle\",\"url\":\"https:\\\/\\\/lasentinelle.dz\\\/\",\"logo\":{\"@type\":\"ImageObject\",\"inLanguage\":\"fr-FR\",\"@id\":\"https:\\\/\\\/lasentinelle.dz\\\/#\\\/schema\\\/logo\\\/image\\\/\",\"url\":\"https:\\\/\\\/lasentinelle.dz\\\/wp-content\\\/uploads\\\/2021\\\/09\\\/logo-sentinelleSLOGAN-1.png\",\"contentUrl\":\"https:\\\/\\\/lasentinelle.dz\\\/wp-content\\\/uploads\\\/2021\\\/09\\\/logo-sentinelleSLOGAN-1.png\",\"width\":615,\"height\":142,\"caption\":\"Quotidien La Sentinelle\"},\"image\":{\"@id\":\"https:\\\/\\\/lasentinelle.dz\\\/#\\\/schema\\\/logo\\\/image\\\/\"},\"sameAs\":[\"https:\\\/\\\/www.facebook.com\\\/La-Sentinelle-104059864394773\"]},{\"@type\":\"Person\",\"@id\":\"https:\\\/\\\/lasentinelle.dz\\\/#\\\/schema\\\/person\\\/d865044e22e70a75174ce8bcad3acfb3\",\"name\":\"La Sentinelle\",\"image\":{\"@type\":\"ImageObject\",\"inLanguage\":\"fr-FR\",\"@id\":\"https:\\\/\\\/secure.gravatar.com\\\/avatar\\\/57de8e5d4b15d43fb361a71fbb36338450fe67865b528a43dd10ef7c51a20392?s=96&d=mm&r=g\",\"url\":\"https:\\\/\\\/secure.gravatar.com\\\/avatar\\\/57de8e5d4b15d43fb361a71fbb36338450fe67865b528a43dd10ef7c51a20392?s=96&d=mm&r=g\",\"contentUrl\":\"https:\\\/\\\/secure.gravatar.com\\\/avatar\\\/57de8e5d4b15d43fb361a71fbb36338450fe67865b528a43dd10ef7c51a20392?s=96&d=mm&r=g\",\"caption\":\"La Sentinelle\"},\"sameAs\":[\"http:\\\/\\\/www.lasentinelle.dz\"],\"url\":\"https:\\\/\\\/lasentinelle.dz\\\/author\\\/redaction\\\/\"}]}<\/script>\n<!-- \/ Yoast SEO plugin. -->","yoast_head_json":{"title":"Concession des plages \u00e0 Annaba\u00a0: Un avis d\u2019adjudication sera lanc\u00e9 - La Sentinelle","robots":{"index":"index","follow":"follow","max-snippet":"max-snippet:-1","max-image-preview":"max-image-preview:large","max-video-preview":"max-video-preview:-1"},"canonical":"https:\/\/lasentinelle.dz\/index.php\/2024\/05\/12\/concession-des-plages-a-annaba-un-avis-dadjudication-sera-lance\/","og_locale":"fr_FR","og_type":"article","og_title":"Concession des plages \u00e0 Annaba\u00a0: Un avis d\u2019adjudication sera lanc\u00e9 - La Sentinelle","og_description":"Afin de contrecarrer l\u2019exploitation ill\u00e9gale des plages par les squatteurs, la direction du tourisme de la wilaya opte pour la","og_url":"https:\/\/lasentinelle.dz\/index.php\/2024\/05\/12\/concession-des-plages-a-annaba-un-avis-dadjudication-sera-lance\/","og_site_name":"La Sentinelle","article_publisher":"https:\/\/www.facebook.com\/La-Sentinelle-104059864394773","article_published_time":"2024-05-12T14:26:49+00:00","article_modified_time":"2024-05-12T14:26:52+00:00","og_image":[{"width":1200,"height":900,"url":"https:\/\/lasentinelle.dz\/wp-content\/uploads\/2023\/05\/plage-chapuis-annaba.png","type":"image\/png"}],"author":"La Sentinelle","twitter_card":"summary_large_image","twitter_misc":{"\u00c9crit par":"La Sentinelle","Dur\u00e9e de lecture estim\u00e9e":"3 minutes"},"schema":{"@context":"https:\/\/schema.org","@graph":[{"@type":"Article","@id":"https:\/\/lasentinelle.dz\/index.php\/2024\/05\/12\/concession-des-plages-a-annaba-un-avis-dadjudication-sera-lance\/#article","isPartOf":{"@id":"https:\/\/lasentinelle.dz\/index.php\/2024\/05\/12\/concession-des-plages-a-annaba-un-avis-dadjudication-sera-lance\/"},"author":{"name":"La Sentinelle","@id":"https:\/\/lasentinelle.dz\/#\/schema\/person\/d865044e22e70a75174ce8bcad3acfb3"},"headline":"Concession des plages \u00e0 Annaba\u00a0: Un avis d\u2019adjudication sera lanc\u00e9","datePublished":"2024-05-12T14:26:49+00:00","dateModified":"2024-05-12T14:26:52+00:00","mainEntityOfPage":{"@id":"https:\/\/lasentinelle.dz\/index.php\/2024\/05\/12\/concession-des-plages-a-annaba-un-avis-dadjudication-sera-lance\/"},"wordCount":587,"commentCount":0,"publisher":{"@id":"https:\/\/lasentinelle.dz\/#organization"},"image":{"@id":"https:\/\/lasentinelle.dz\/index.php\/2024\/05\/12\/concession-des-plages-a-annaba-un-avis-dadjudication-sera-lance\/#primaryimage"},"thumbnailUrl":"https:\/\/lasentinelle.dz\/wp-content\/uploads\/2023\/05\/plage-chapuis-annaba.png","articleSection":["R\u00e9gions"],"inLanguage":"fr-FR","potentialAction":[{"@type":"CommentAction","name":"Comment","target":["https:\/\/lasentinelle.dz\/index.php\/2024\/05\/12\/concession-des-plages-a-annaba-un-avis-dadjudication-sera-lance\/#respond"]}]},{"@type":"WebPage","@id":"https:\/\/lasentinelle.dz\/index.php\/2024\/05\/12\/concession-des-plages-a-annaba-un-avis-dadjudication-sera-lance\/","url":"https:\/\/lasentinelle.dz\/index.php\/2024\/05\/12\/concession-des-plages-a-annaba-un-avis-dadjudication-sera-lance\/","name":"Concession des plages \u00e0 Annaba\u00a0: Un avis d\u2019adjudication sera lanc\u00e9 - La Sentinelle","isPartOf":{"@id":"https:\/\/lasentinelle.dz\/#website"},"primaryImageOfPage":{"@id":"https:\/\/lasentinelle.dz\/index.php\/2024\/05\/12\/concession-des-plages-a-annaba-un-avis-dadjudication-sera-lance\/#primaryimage"},"image":{"@id":"https:\/\/lasentinelle.dz\/index.php\/2024\/05\/12\/concession-des-plages-a-annaba-un-avis-dadjudication-sera-lance\/#primaryimage"},"thumbnailUrl":"https:\/\/lasentinelle.dz\/wp-content\/uploads\/2023\/05\/plage-chapuis-annaba.png","datePublished":"2024-05-12T14:26:49+00:00","dateModified":"2024-05-12T14:26:52+00:00","breadcrumb":{"@id":"https:\/\/lasentinelle.dz\/index.php\/2024\/05\/12\/concession-des-plages-a-annaba-un-avis-dadjudication-sera-lance\/#breadcrumb"},"inLanguage":"fr-FR","potentialAction":[{"@type":"ReadAction","target":["https:\/\/lasentinelle.dz\/index.php\/2024\/05\/12\/concession-des-plages-a-annaba-un-avis-dadjudication-sera-lance\/"]}]},{"@type":"ImageObject","inLanguage":"fr-FR","@id":"https:\/\/lasentinelle.dz\/index.php\/2024\/05\/12\/concession-des-plages-a-annaba-un-avis-dadjudication-sera-lance\/#primaryimage","url":"https:\/\/lasentinelle.dz\/wp-content\/uploads\/2023\/05\/plage-chapuis-annaba.png","contentUrl":"https:\/\/lasentinelle.dz\/wp-content\/uploads\/2023\/05\/plage-chapuis-annaba.png","width":1200,"height":900},{"@type":"BreadcrumbList","@id":"https:\/\/lasentinelle.dz\/index.php\/2024\/05\/12\/concession-des-plages-a-annaba-un-avis-dadjudication-sera-lance\/#breadcrumb","itemListElement":[{"@type":"ListItem","position":1,"name":"Accueil","item":"https:\/\/lasentinelle.dz\/"},{"@type":"ListItem","position":2,"name":"Concession des plages \u00e0 Annaba\u00a0: Un avis d\u2019adjudication sera lanc\u00e9"}]},{"@type":"WebSite","@id":"https:\/\/lasentinelle.dz\/#website","url":"https:\/\/lasentinelle.dz\/","name":"La Sentinelle","description":"Quotidien national d&#039;information","publisher":{"@id":"https:\/\/lasentinelle.dz\/#organization"},"potentialAction":[{"@type":"SearchAction","target":{"@type":"EntryPoint","urlTemplate":"https:\/\/lasentinelle.dz\/?s={search_term_string}"},"query-input":{"@type":"PropertyValueSpecification","valueRequired":true,"valueName":"search_term_string"}}],"inLanguage":"fr-FR"},{"@type":"Organization","@id":"https:\/\/lasentinelle.dz\/#organization","name":"Quotidien La Sentinelle","url":"https:\/\/lasentinelle.dz\/","logo":{"@type":"ImageObject","inLanguage":"fr-FR","@id":"https:\/\/lasentinelle.dz\/#\/schema\/logo\/image\/","url":"https:\/\/lasentinelle.dz\/wp-content\/uploads\/2021\/09\/logo-sentinelleSLOGAN-1.png","contentUrl":"https:\/\/lasentinelle.dz\/wp-content\/uploads\/2021\/09\/logo-sentinelleSLOGAN-1.png","width":615,"height":142,"caption":"Quotidien La Sentinelle"},"image":{"@id":"https:\/\/lasentinelle.dz\/#\/schema\/logo\/image\/"},"sameAs":["https:\/\/www.facebook.com\/La-Sentinelle-104059864394773"]},{"@type":"Person","@id":"https:\/\/lasentinelle.dz\/#\/schema\/person\/d865044e22e70a75174ce8bcad3acfb3","name":"La Sentinelle","image":{"@type":"ImageObject","inLanguage":"fr-FR","@id":"https:\/\/secure.gravatar.com\/avatar\/57de8e5d4b15d43fb361a71fbb36338450fe67865b528a43dd10ef7c51a20392?s=96&d=mm&r=g","url":"https:\/\/secure.gravatar.com\/avatar\/57de8e5d4b15d43fb361a71fbb36338450fe67865b528a43dd10ef7c51a20392?s=96&d=mm&r=g","contentUrl":"https:\/\/secure.gravatar.com\/avatar\/57de8e5d4b15d43fb361a71fbb36338450fe67865b528a43dd10ef7c51a20392?s=96&d=mm&r=g","caption":"La Sentinelle"},"sameAs":["http:\/\/www.lasentinelle.dz"],"url":"https:\/\/lasentinelle.dz\/author\/redaction\/"}]}},"_links":{"self":[{"href":"https:\/\/lasentinelle.dz\/index.php\/wp-json\/wp\/v2\/posts\/52290","targetHints":{"allow":["GET"]}}],"collection":[{"href":"https:\/\/lasentinelle.dz\/index.php\/wp-json\/wp\/v2\/posts"}],"about":[{"href":"https:\/\/lasentinelle.dz\/index.php\/wp-json\/wp\/v2\/types\/post"}],"author":[{"embeddable":true,"href":"https:\/\/lasentinelle.dz\/index.php\/wp-json\/wp\/v2\/users\/3"}],"replies":[{"embeddable":true,"href":"https:\/\/lasentinelle.dz\/index.php\/wp-json\/wp\/v2\/comments?post=52290"}],"version-history":[{"count":1,"href":"https:\/\/lasentinelle.dz\/index.php\/wp-json\/wp\/v2\/posts\/52290\/revisions"}],"predecessor-version":[{"id":52291,"href":"https:\/\/lasentinelle.dz\/index.php\/wp-json\/wp\/v2\/posts\/52290\/revisions\/52291"}],"wp:featuredmedia":[{"embeddable":true,"href":"https:\/\/lasentinelle.dz\/index.php\/wp-json\/wp\/v2\/media\/40359"}],"wp:attachment":[{"href":"https:\/\/lasentinelle.dz\/index.php\/wp-json\/wp\/v2\/media?parent=52290"}],"wp:term":[{"taxonomy":"category","embeddable":true,"href":"https:\/\/lasentinelle.dz\/index.php\/wp-json\/wp\/v2\/categories?post=52290"},{"taxonomy":"post_tag","embeddable":true,"href":"https:\/\/lasentinelle.dz\/index.php\/wp-json\/wp\/v2\/tags?post=52290"}],"curies":[{"name":"wp","href":"https:\/\/api.w.org\/{rel}","templated":true}]}}