{"id":5232,"date":"2021-08-25T00:01:00","date_gmt":"2021-08-24T23:01:00","guid":{"rendered":"https:\/\/lasentinelle.dz\/?p=5232"},"modified":"2021-08-24T16:23:45","modified_gmt":"2021-08-24T15:23:45","slug":"musique-benda-bilili-veut-renouer-avec-le-succes-et-faire-valoir-ses-droits","status":"publish","type":"post","link":"https:\/\/lasentinelle.dz\/index.php\/2021\/08\/25\/musique-benda-bilili-veut-renouer-avec-le-succes-et-faire-valoir-ses-droits\/","title":{"rendered":"Musique : Benda Bilili veut renouer avec le succ\u00e8s et faire valoir ses droits"},"content":{"rendered":"\n<p>Dix ans apr\u00e8s la gloire, le Staff Benda Bilili r\u00eave de revenir sur le devant de la sc\u00e8ne et r\u00e9clame tous les fruits de son succ\u00e8s d\u2019antan, quitte \u00e0 se brouiller avec ceux qui les ont fait conna\u00eetre.Au d\u00e9but des ann\u00e9es 2010, ces musiciens congolais handicap\u00e9s et sans le sou, vivant dans la rue et circulant en fauteuils roulants hors d\u2019\u00e2ge, avaient chamboul\u00e9 la rumba, enflamm\u00e9 les salles europ\u00e9ennes et \u00e9pat\u00e9 le festival de Cannes. Leur style \u00e9tait unique, leur vie bouleversante. Un premier album, Tr\u00e8s tr\u00e8s fort, \u00e9tait sorti en 2009, un autre, Bouger le monde, avait suivi en 2012. Au-del\u00e0 de l\u2019Europe, ils donnaient des concerts au Japon, en Australie, aux Etats-Unis\u2026 Puis la belle histoire s\u2019arr\u00eate en 2013. Le groupe se disloque, la fin d\u2019une tourn\u00e9e est annul\u00e9e.\u00ab On n\u2019\u00e9tait pas vraiment s\u00e9par\u00e9s, il y avait un peu de m\u00e9sentente \u00bb, veut croire aujourd\u2019hui Roger, un ancien gamin de la rue qui, tout en \u00e9tant valide, a rejoint le groupe \u00e0 ses d\u00e9buts, en jouant d\u2019un dr\u00f4le de petit instrument bricol\u00e9 avec une bo\u00eete de conserve. En 2011, entre deux tourn\u00e9es, Roger d\u00e9crivait combien tout avait chang\u00e9 pour lui. \u00ab La vie est belle \u00bb, disait-il. Maintenant, \u00e0 35 ans et avec six enfants, \u00ab c\u2019est dur \u00bb. Apr\u00e8s les achats de maisons, de v\u00eatements, de voitures, l\u2019argent des tourn\u00e9es et des disques a fondu. La vie est redevenue difficile pour tout le monde.<\/p>\n\n\n\n<p>Il y a quatre ans environ, sur le conseil du responsable d\u2019une ONG humanitaire, ils se sont \u00ab r\u00e9unifi\u00e9s \u00bb. Il \u00ab nous a rassembl\u00e9s, fait jouer ensemble \u00bb, explique Th\u00e9o, un des chanteurs du groupe, rencontr\u00e9 avec tous les autres membres au domicile de leur leader, Ricky. Le vieux chef a 70 ans maintenant. Son regard est las, mais il assure avoir l\u2019\u00e9nergie pour reprendre le fil de l\u2019aventure brusquement arr\u00eat\u00e9e. Chaque jeudi, ils se retrouvent l\u00e0, \u00e0 Ndjili, un quartier populaire de Kinshasa, \u00e0 l\u2019ombre d\u2019une b\u00e2che tendue au-dessus de la cour, pour cr\u00e9er de nouvelles chansons, r\u00e9p\u00e9ter, se r\u00f4der.Un des derniers titres parle du Covid-19 et du confinement. Les paroles en lingala s\u2019encha\u00eenent, des voisins attir\u00e9s par la musique poussent le portail en t\u00f4le ondul\u00e9e. Un nouvel album, Effacer le tableau, est sorti, mais il n\u2019a eu que peu d\u2019\u00e9cho. \u00ab Nous voudrions faire un nouveau documentaire \u00bb pour pouvoir dire au monde que \u00ab le Staff Benda Bilili est de retour \u00bb, explique Live Mindanda, charg\u00e9 des relations publiques.Mais le groupe entend aussi batailler pour r\u00e9cup\u00e9rer sa part des recettes tir\u00e9es du film qui l\u2019a rendu c\u00e9l\u00e8bre, Benda Bilili, pr\u00e9sent\u00e9 en 2010 dans la cat\u00e9gorie documentaire au festival de Cannes. Depuis tout ce temps, ils n\u2019ont rien per\u00e7u des diffusions et entr\u00e9es en salles, assurent-ils. \u00ab Ils font la mendicit\u00e9 alors qu\u2019ils ont des droits qui peuvent changer leur vie \u00bb, s\u2019indigne Live Mindanda.Roger, Ricky et les autres jurent n\u2019\u00eatre en guerre contre personne. Tous ne sont pas d\u2019accord, d\u2019ailleurs, sur la proc\u00e9dure \u00e0 suivre pour r\u00e9cup\u00e9rer cet argent. \u00ab Mais la musique est une chose, nos droits en sont une autre \u00bb, estime Th\u00e9o. \u00ab Nous allons assigner les producteurs devant le tribunal de commerce de Paris et demander des dommages et int\u00e9r\u00eats \u00bb, explique Mizou Bilongo Nsanda, l\u2019avocate d\u00e9sormais charg\u00e9e de porter leur dossier en justice.<\/p>\n\n\n\n<p>Parmi les r\u00e9alisateurs et producteurs vis\u00e9s, Renaud Barret explique que lui-m\u00eame n\u2019a per\u00e7u son d\u00fb que tr\u00e8s tard, apr\u00e8s pr\u00e8s de dix ans de conflit entre distributeurs. Environ 25 000 euros, dit-il. Le contrat pr\u00e9voyait que le Staff Benda Bilili recevrait 10 % des recettes. \u00ab On va leur faire leur ch\u00e8que, bien s\u00fbr \u00bb, assure le r\u00e9alisateur fran\u00e7ais, auteur de plusieurs autres documentaires sur Kinshasa, la ville tentaculaire qui vous prend dans son tourbillon de musique et d\u2019art de rue.<\/p>\n\n\n\n<p>AFP<\/p>\n","protected":false},"excerpt":{"rendered":"<p>Dix ans apr\u00e8s la gloire, le Staff Benda Bilili r\u00eave de revenir sur le devant de la sc\u00e8ne et r\u00e9clame<\/p>\n","protected":false},"author":3,"featured_media":5247,"comment_status":"open","ping_status":"closed","sticky":false,"template":"","format":"standard","meta":{"colormag_page_container_layout":"default_layout","colormag_page_sidebar_layout":"default_layout","om_disable_all_campaigns":false,"_monsterinsights_skip_tracking":false,"_monsterinsights_sitenote_active":false,"_monsterinsights_sitenote_note":"","_monsterinsights_sitenote_category":0,"footnotes":"","_wpscppro_dont_share_socialmedia":false,"_wpscppro_custom_social_share_image":0,"_facebook_share_type":"","_twitter_share_type":"","_linkedin_share_type":"","_pinterest_share_type":"","_linkedin_share_type_page":"","_instagram_share_type":"","_medium_share_type":"","_threads_share_type":"","_google_business_share_type":"","_selected_social_profile":[],"_wpsp_enable_custom_social_template":false,"_wpsp_social_scheduling":{"enabled":false,"datetime":null,"platforms":[],"status":"template_only","dateOption":"today","timeOption":"now","customDays":"","customHours":"","customDate":"","customTime":"","schedulingType":"absolute"},"_wpsp_active_default_template":true},"categories":[36],"tags":[],"class_list":["post-5232","post","type-post","status-publish","format-standard","has-post-thumbnail","hentry","category-culture"],"aioseo_notices":[],"yoast_head":"<!-- This site is optimized with the Yoast SEO plugin v27.5 - https:\/\/yoast.com\/product\/yoast-seo-wordpress\/ -->\n<title>Musique : Benda Bilili veut renouer avec le succ\u00e8s et faire valoir ses droits - La Sentinelle<\/title>\n<meta name=\"robots\" content=\"index, follow, max-snippet:-1, max-image-preview:large, max-video-preview:-1\" \/>\n<link rel=\"canonical\" href=\"https:\/\/lasentinelle.dz\/index.php\/2021\/08\/25\/musique-benda-bilili-veut-renouer-avec-le-succes-et-faire-valoir-ses-droits\/\" \/>\n<meta property=\"og:locale\" content=\"fr_FR\" \/>\n<meta property=\"og:type\" content=\"article\" \/>\n<meta property=\"og:title\" content=\"Musique : Benda Bilili veut renouer avec le succ\u00e8s et faire valoir ses droits - La Sentinelle\" \/>\n<meta property=\"og:description\" content=\"Dix ans apr\u00e8s la gloire, le Staff Benda Bilili r\u00eave de revenir sur le devant de la sc\u00e8ne et r\u00e9clame\" \/>\n<meta property=\"og:url\" content=\"https:\/\/lasentinelle.dz\/index.php\/2021\/08\/25\/musique-benda-bilili-veut-renouer-avec-le-succes-et-faire-valoir-ses-droits\/\" \/>\n<meta property=\"og:site_name\" content=\"La Sentinelle\" \/>\n<meta property=\"article:publisher\" content=\"https:\/\/www.facebook.com\/La-Sentinelle-104059864394773\" \/>\n<meta property=\"article:published_time\" content=\"2021-08-24T23:01:00+00:00\" \/>\n<meta property=\"og:image\" content=\"https:\/\/lasentinelle.dz\/wp-content\/uploads\/2021\/08\/image_2021-08-24_162336.png\" \/>\n\t<meta property=\"og:image:width\" content=\"696\" \/>\n\t<meta property=\"og:image:height\" content=\"348\" \/>\n\t<meta property=\"og:image:type\" content=\"image\/png\" \/>\n<meta name=\"author\" content=\"La Sentinelle\" \/>\n<meta name=\"twitter:card\" content=\"summary_large_image\" \/>\n<meta name=\"twitter:label1\" content=\"\u00c9crit par\" \/>\n\t<meta name=\"twitter:data1\" content=\"La Sentinelle\" \/>\n\t<meta name=\"twitter:label2\" content=\"Dur\u00e9e de lecture estim\u00e9e\" \/>\n\t<meta name=\"twitter:data2\" content=\"3 minutes\" \/>\n<script type=\"application\/ld+json\" class=\"yoast-schema-graph\">{\"@context\":\"https:\\\/\\\/schema.org\",\"@graph\":[{\"@type\":\"Article\",\"@id\":\"https:\\\/\\\/lasentinelle.dz\\\/index.php\\\/2021\\\/08\\\/25\\\/musique-benda-bilili-veut-renouer-avec-le-succes-et-faire-valoir-ses-droits\\\/#article\",\"isPartOf\":{\"@id\":\"https:\\\/\\\/lasentinelle.dz\\\/index.php\\\/2021\\\/08\\\/25\\\/musique-benda-bilili-veut-renouer-avec-le-succes-et-faire-valoir-ses-droits\\\/\"},\"author\":{\"name\":\"La Sentinelle\",\"@id\":\"https:\\\/\\\/lasentinelle.dz\\\/#\\\/schema\\\/person\\\/d865044e22e70a75174ce8bcad3acfb3\"},\"headline\":\"Musique : Benda Bilili veut renouer avec le succ\u00e8s et faire valoir ses droits\",\"datePublished\":\"2021-08-24T23:01:00+00:00\",\"mainEntityOfPage\":{\"@id\":\"https:\\\/\\\/lasentinelle.dz\\\/index.php\\\/2021\\\/08\\\/25\\\/musique-benda-bilili-veut-renouer-avec-le-succes-et-faire-valoir-ses-droits\\\/\"},\"wordCount\":708,\"commentCount\":0,\"publisher\":{\"@id\":\"https:\\\/\\\/lasentinelle.dz\\\/#organization\"},\"image\":{\"@id\":\"https:\\\/\\\/lasentinelle.dz\\\/index.php\\\/2021\\\/08\\\/25\\\/musique-benda-bilili-veut-renouer-avec-le-succes-et-faire-valoir-ses-droits\\\/#primaryimage\"},\"thumbnailUrl\":\"https:\\\/\\\/lasentinelle.dz\\\/wp-content\\\/uploads\\\/2021\\\/08\\\/image_2021-08-24_162336.png\",\"articleSection\":[\"Culture\"],\"inLanguage\":\"fr-FR\",\"potentialAction\":[{\"@type\":\"CommentAction\",\"name\":\"Comment\",\"target\":[\"https:\\\/\\\/lasentinelle.dz\\\/index.php\\\/2021\\\/08\\\/25\\\/musique-benda-bilili-veut-renouer-avec-le-succes-et-faire-valoir-ses-droits\\\/#respond\"]}]},{\"@type\":\"WebPage\",\"@id\":\"https:\\\/\\\/lasentinelle.dz\\\/index.php\\\/2021\\\/08\\\/25\\\/musique-benda-bilili-veut-renouer-avec-le-succes-et-faire-valoir-ses-droits\\\/\",\"url\":\"https:\\\/\\\/lasentinelle.dz\\\/index.php\\\/2021\\\/08\\\/25\\\/musique-benda-bilili-veut-renouer-avec-le-succes-et-faire-valoir-ses-droits\\\/\",\"name\":\"Musique : Benda Bilili veut renouer avec le succ\u00e8s et faire valoir ses droits - La Sentinelle\",\"isPartOf\":{\"@id\":\"https:\\\/\\\/lasentinelle.dz\\\/#website\"},\"primaryImageOfPage\":{\"@id\":\"https:\\\/\\\/lasentinelle.dz\\\/index.php\\\/2021\\\/08\\\/25\\\/musique-benda-bilili-veut-renouer-avec-le-succes-et-faire-valoir-ses-droits\\\/#primaryimage\"},\"image\":{\"@id\":\"https:\\\/\\\/lasentinelle.dz\\\/index.php\\\/2021\\\/08\\\/25\\\/musique-benda-bilili-veut-renouer-avec-le-succes-et-faire-valoir-ses-droits\\\/#primaryimage\"},\"thumbnailUrl\":\"https:\\\/\\\/lasentinelle.dz\\\/wp-content\\\/uploads\\\/2021\\\/08\\\/image_2021-08-24_162336.png\",\"datePublished\":\"2021-08-24T23:01:00+00:00\",\"breadcrumb\":{\"@id\":\"https:\\\/\\\/lasentinelle.dz\\\/index.php\\\/2021\\\/08\\\/25\\\/musique-benda-bilili-veut-renouer-avec-le-succes-et-faire-valoir-ses-droits\\\/#breadcrumb\"},\"inLanguage\":\"fr-FR\",\"potentialAction\":[{\"@type\":\"ReadAction\",\"target\":[\"https:\\\/\\\/lasentinelle.dz\\\/index.php\\\/2021\\\/08\\\/25\\\/musique-benda-bilili-veut-renouer-avec-le-succes-et-faire-valoir-ses-droits\\\/\"]}]},{\"@type\":\"ImageObject\",\"inLanguage\":\"fr-FR\",\"@id\":\"https:\\\/\\\/lasentinelle.dz\\\/index.php\\\/2021\\\/08\\\/25\\\/musique-benda-bilili-veut-renouer-avec-le-succes-et-faire-valoir-ses-droits\\\/#primaryimage\",\"url\":\"https:\\\/\\\/lasentinelle.dz\\\/wp-content\\\/uploads\\\/2021\\\/08\\\/image_2021-08-24_162336.png\",\"contentUrl\":\"https:\\\/\\\/lasentinelle.dz\\\/wp-content\\\/uploads\\\/2021\\\/08\\\/image_2021-08-24_162336.png\",\"width\":696,\"height\":348},{\"@type\":\"BreadcrumbList\",\"@id\":\"https:\\\/\\\/lasentinelle.dz\\\/index.php\\\/2021\\\/08\\\/25\\\/musique-benda-bilili-veut-renouer-avec-le-succes-et-faire-valoir-ses-droits\\\/#breadcrumb\",\"itemListElement\":[{\"@type\":\"ListItem\",\"position\":1,\"name\":\"Accueil\",\"item\":\"https:\\\/\\\/lasentinelle.dz\\\/\"},{\"@type\":\"ListItem\",\"position\":2,\"name\":\"Musique : Benda Bilili veut renouer avec le succ\u00e8s et faire valoir ses droits\"}]},{\"@type\":\"WebSite\",\"@id\":\"https:\\\/\\\/lasentinelle.dz\\\/#website\",\"url\":\"https:\\\/\\\/lasentinelle.dz\\\/\",\"name\":\"La Sentinelle\",\"description\":\"Quotidien national d&#039;information\",\"publisher\":{\"@id\":\"https:\\\/\\\/lasentinelle.dz\\\/#organization\"},\"potentialAction\":[{\"@type\":\"SearchAction\",\"target\":{\"@type\":\"EntryPoint\",\"urlTemplate\":\"https:\\\/\\\/lasentinelle.dz\\\/?s={search_term_string}\"},\"query-input\":{\"@type\":\"PropertyValueSpecification\",\"valueRequired\":true,\"valueName\":\"search_term_string\"}}],\"inLanguage\":\"fr-FR\"},{\"@type\":\"Organization\",\"@id\":\"https:\\\/\\\/lasentinelle.dz\\\/#organization\",\"name\":\"Quotidien La Sentinelle\",\"url\":\"https:\\\/\\\/lasentinelle.dz\\\/\",\"logo\":{\"@type\":\"ImageObject\",\"inLanguage\":\"fr-FR\",\"@id\":\"https:\\\/\\\/lasentinelle.dz\\\/#\\\/schema\\\/logo\\\/image\\\/\",\"url\":\"https:\\\/\\\/lasentinelle.dz\\\/wp-content\\\/uploads\\\/2021\\\/09\\\/logo-sentinelleSLOGAN-1.png\",\"contentUrl\":\"https:\\\/\\\/lasentinelle.dz\\\/wp-content\\\/uploads\\\/2021\\\/09\\\/logo-sentinelleSLOGAN-1.png\",\"width\":615,\"height\":142,\"caption\":\"Quotidien La Sentinelle\"},\"image\":{\"@id\":\"https:\\\/\\\/lasentinelle.dz\\\/#\\\/schema\\\/logo\\\/image\\\/\"},\"sameAs\":[\"https:\\\/\\\/www.facebook.com\\\/La-Sentinelle-104059864394773\"]},{\"@type\":\"Person\",\"@id\":\"https:\\\/\\\/lasentinelle.dz\\\/#\\\/schema\\\/person\\\/d865044e22e70a75174ce8bcad3acfb3\",\"name\":\"La Sentinelle\",\"image\":{\"@type\":\"ImageObject\",\"inLanguage\":\"fr-FR\",\"@id\":\"https:\\\/\\\/secure.gravatar.com\\\/avatar\\\/57de8e5d4b15d43fb361a71fbb36338450fe67865b528a43dd10ef7c51a20392?s=96&d=mm&r=g\",\"url\":\"https:\\\/\\\/secure.gravatar.com\\\/avatar\\\/57de8e5d4b15d43fb361a71fbb36338450fe67865b528a43dd10ef7c51a20392?s=96&d=mm&r=g\",\"contentUrl\":\"https:\\\/\\\/secure.gravatar.com\\\/avatar\\\/57de8e5d4b15d43fb361a71fbb36338450fe67865b528a43dd10ef7c51a20392?s=96&d=mm&r=g\",\"caption\":\"La Sentinelle\"},\"sameAs\":[\"http:\\\/\\\/www.lasentinelle.dz\"],\"url\":\"https:\\\/\\\/lasentinelle.dz\\\/author\\\/redaction\\\/\"}]}<\/script>\n<!-- \/ Yoast SEO plugin. -->","yoast_head_json":{"title":"Musique : Benda Bilili veut renouer avec le succ\u00e8s et faire valoir ses droits - La Sentinelle","robots":{"index":"index","follow":"follow","max-snippet":"max-snippet:-1","max-image-preview":"max-image-preview:large","max-video-preview":"max-video-preview:-1"},"canonical":"https:\/\/lasentinelle.dz\/index.php\/2021\/08\/25\/musique-benda-bilili-veut-renouer-avec-le-succes-et-faire-valoir-ses-droits\/","og_locale":"fr_FR","og_type":"article","og_title":"Musique : Benda Bilili veut renouer avec le succ\u00e8s et faire valoir ses droits - La Sentinelle","og_description":"Dix ans apr\u00e8s la gloire, le Staff Benda Bilili r\u00eave de revenir sur le devant de la sc\u00e8ne et r\u00e9clame","og_url":"https:\/\/lasentinelle.dz\/index.php\/2021\/08\/25\/musique-benda-bilili-veut-renouer-avec-le-succes-et-faire-valoir-ses-droits\/","og_site_name":"La Sentinelle","article_publisher":"https:\/\/www.facebook.com\/La-Sentinelle-104059864394773","article_published_time":"2021-08-24T23:01:00+00:00","og_image":[{"width":696,"height":348,"url":"https:\/\/lasentinelle.dz\/wp-content\/uploads\/2021\/08\/image_2021-08-24_162336.png","type":"image\/png"}],"author":"La Sentinelle","twitter_card":"summary_large_image","twitter_misc":{"\u00c9crit par":"La Sentinelle","Dur\u00e9e de lecture estim\u00e9e":"3 minutes"},"schema":{"@context":"https:\/\/schema.org","@graph":[{"@type":"Article","@id":"https:\/\/lasentinelle.dz\/index.php\/2021\/08\/25\/musique-benda-bilili-veut-renouer-avec-le-succes-et-faire-valoir-ses-droits\/#article","isPartOf":{"@id":"https:\/\/lasentinelle.dz\/index.php\/2021\/08\/25\/musique-benda-bilili-veut-renouer-avec-le-succes-et-faire-valoir-ses-droits\/"},"author":{"name":"La Sentinelle","@id":"https:\/\/lasentinelle.dz\/#\/schema\/person\/d865044e22e70a75174ce8bcad3acfb3"},"headline":"Musique : Benda Bilili veut renouer avec le succ\u00e8s et faire valoir ses droits","datePublished":"2021-08-24T23:01:00+00:00","mainEntityOfPage":{"@id":"https:\/\/lasentinelle.dz\/index.php\/2021\/08\/25\/musique-benda-bilili-veut-renouer-avec-le-succes-et-faire-valoir-ses-droits\/"},"wordCount":708,"commentCount":0,"publisher":{"@id":"https:\/\/lasentinelle.dz\/#organization"},"image":{"@id":"https:\/\/lasentinelle.dz\/index.php\/2021\/08\/25\/musique-benda-bilili-veut-renouer-avec-le-succes-et-faire-valoir-ses-droits\/#primaryimage"},"thumbnailUrl":"https:\/\/lasentinelle.dz\/wp-content\/uploads\/2021\/08\/image_2021-08-24_162336.png","articleSection":["Culture"],"inLanguage":"fr-FR","potentialAction":[{"@type":"CommentAction","name":"Comment","target":["https:\/\/lasentinelle.dz\/index.php\/2021\/08\/25\/musique-benda-bilili-veut-renouer-avec-le-succes-et-faire-valoir-ses-droits\/#respond"]}]},{"@type":"WebPage","@id":"https:\/\/lasentinelle.dz\/index.php\/2021\/08\/25\/musique-benda-bilili-veut-renouer-avec-le-succes-et-faire-valoir-ses-droits\/","url":"https:\/\/lasentinelle.dz\/index.php\/2021\/08\/25\/musique-benda-bilili-veut-renouer-avec-le-succes-et-faire-valoir-ses-droits\/","name":"Musique : Benda Bilili veut renouer avec le succ\u00e8s et faire valoir ses droits - La Sentinelle","isPartOf":{"@id":"https:\/\/lasentinelle.dz\/#website"},"primaryImageOfPage":{"@id":"https:\/\/lasentinelle.dz\/index.php\/2021\/08\/25\/musique-benda-bilili-veut-renouer-avec-le-succes-et-faire-valoir-ses-droits\/#primaryimage"},"image":{"@id":"https:\/\/lasentinelle.dz\/index.php\/2021\/08\/25\/musique-benda-bilili-veut-renouer-avec-le-succes-et-faire-valoir-ses-droits\/#primaryimage"},"thumbnailUrl":"https:\/\/lasentinelle.dz\/wp-content\/uploads\/2021\/08\/image_2021-08-24_162336.png","datePublished":"2021-08-24T23:01:00+00:00","breadcrumb":{"@id":"https:\/\/lasentinelle.dz\/index.php\/2021\/08\/25\/musique-benda-bilili-veut-renouer-avec-le-succes-et-faire-valoir-ses-droits\/#breadcrumb"},"inLanguage":"fr-FR","potentialAction":[{"@type":"ReadAction","target":["https:\/\/lasentinelle.dz\/index.php\/2021\/08\/25\/musique-benda-bilili-veut-renouer-avec-le-succes-et-faire-valoir-ses-droits\/"]}]},{"@type":"ImageObject","inLanguage":"fr-FR","@id":"https:\/\/lasentinelle.dz\/index.php\/2021\/08\/25\/musique-benda-bilili-veut-renouer-avec-le-succes-et-faire-valoir-ses-droits\/#primaryimage","url":"https:\/\/lasentinelle.dz\/wp-content\/uploads\/2021\/08\/image_2021-08-24_162336.png","contentUrl":"https:\/\/lasentinelle.dz\/wp-content\/uploads\/2021\/08\/image_2021-08-24_162336.png","width":696,"height":348},{"@type":"BreadcrumbList","@id":"https:\/\/lasentinelle.dz\/index.php\/2021\/08\/25\/musique-benda-bilili-veut-renouer-avec-le-succes-et-faire-valoir-ses-droits\/#breadcrumb","itemListElement":[{"@type":"ListItem","position":1,"name":"Accueil","item":"https:\/\/lasentinelle.dz\/"},{"@type":"ListItem","position":2,"name":"Musique : Benda Bilili veut renouer avec le succ\u00e8s et faire valoir ses droits"}]},{"@type":"WebSite","@id":"https:\/\/lasentinelle.dz\/#website","url":"https:\/\/lasentinelle.dz\/","name":"La Sentinelle","description":"Quotidien national d&#039;information","publisher":{"@id":"https:\/\/lasentinelle.dz\/#organization"},"potentialAction":[{"@type":"SearchAction","target":{"@type":"EntryPoint","urlTemplate":"https:\/\/lasentinelle.dz\/?s={search_term_string}"},"query-input":{"@type":"PropertyValueSpecification","valueRequired":true,"valueName":"search_term_string"}}],"inLanguage":"fr-FR"},{"@type":"Organization","@id":"https:\/\/lasentinelle.dz\/#organization","name":"Quotidien La Sentinelle","url":"https:\/\/lasentinelle.dz\/","logo":{"@type":"ImageObject","inLanguage":"fr-FR","@id":"https:\/\/lasentinelle.dz\/#\/schema\/logo\/image\/","url":"https:\/\/lasentinelle.dz\/wp-content\/uploads\/2021\/09\/logo-sentinelleSLOGAN-1.png","contentUrl":"https:\/\/lasentinelle.dz\/wp-content\/uploads\/2021\/09\/logo-sentinelleSLOGAN-1.png","width":615,"height":142,"caption":"Quotidien La Sentinelle"},"image":{"@id":"https:\/\/lasentinelle.dz\/#\/schema\/logo\/image\/"},"sameAs":["https:\/\/www.facebook.com\/La-Sentinelle-104059864394773"]},{"@type":"Person","@id":"https:\/\/lasentinelle.dz\/#\/schema\/person\/d865044e22e70a75174ce8bcad3acfb3","name":"La Sentinelle","image":{"@type":"ImageObject","inLanguage":"fr-FR","@id":"https:\/\/secure.gravatar.com\/avatar\/57de8e5d4b15d43fb361a71fbb36338450fe67865b528a43dd10ef7c51a20392?s=96&d=mm&r=g","url":"https:\/\/secure.gravatar.com\/avatar\/57de8e5d4b15d43fb361a71fbb36338450fe67865b528a43dd10ef7c51a20392?s=96&d=mm&r=g","contentUrl":"https:\/\/secure.gravatar.com\/avatar\/57de8e5d4b15d43fb361a71fbb36338450fe67865b528a43dd10ef7c51a20392?s=96&d=mm&r=g","caption":"La Sentinelle"},"sameAs":["http:\/\/www.lasentinelle.dz"],"url":"https:\/\/lasentinelle.dz\/author\/redaction\/"}]}},"_links":{"self":[{"href":"https:\/\/lasentinelle.dz\/index.php\/wp-json\/wp\/v2\/posts\/5232","targetHints":{"allow":["GET"]}}],"collection":[{"href":"https:\/\/lasentinelle.dz\/index.php\/wp-json\/wp\/v2\/posts"}],"about":[{"href":"https:\/\/lasentinelle.dz\/index.php\/wp-json\/wp\/v2\/types\/post"}],"author":[{"embeddable":true,"href":"https:\/\/lasentinelle.dz\/index.php\/wp-json\/wp\/v2\/users\/3"}],"replies":[{"embeddable":true,"href":"https:\/\/lasentinelle.dz\/index.php\/wp-json\/wp\/v2\/comments?post=5232"}],"version-history":[{"count":1,"href":"https:\/\/lasentinelle.dz\/index.php\/wp-json\/wp\/v2\/posts\/5232\/revisions"}],"predecessor-version":[{"id":5248,"href":"https:\/\/lasentinelle.dz\/index.php\/wp-json\/wp\/v2\/posts\/5232\/revisions\/5248"}],"wp:featuredmedia":[{"embeddable":true,"href":"https:\/\/lasentinelle.dz\/index.php\/wp-json\/wp\/v2\/media\/5247"}],"wp:attachment":[{"href":"https:\/\/lasentinelle.dz\/index.php\/wp-json\/wp\/v2\/media?parent=5232"}],"wp:term":[{"taxonomy":"category","embeddable":true,"href":"https:\/\/lasentinelle.dz\/index.php\/wp-json\/wp\/v2\/categories?post=5232"},{"taxonomy":"post_tag","embeddable":true,"href":"https:\/\/lasentinelle.dz\/index.php\/wp-json\/wp\/v2\/tags?post=5232"}],"curies":[{"name":"wp","href":"https:\/\/api.w.org\/{rel}","templated":true}]}}