{"id":52355,"date":"2024-05-12T22:11:50","date_gmt":"2024-05-12T21:11:50","guid":{"rendered":"https:\/\/lasentinelle.dz\/?p=52355"},"modified":"2024-05-12T22:11:55","modified_gmt":"2024-05-12T21:11:55","slug":"automobile-les-concessionnaires-mis-en-demeure","status":"publish","type":"post","link":"https:\/\/lasentinelle.dz\/index.php\/2024\/05\/12\/automobile-les-concessionnaires-mis-en-demeure\/","title":{"rendered":"Automobile\u00a0: Les concessionnaires mis en demeure"},"content":{"rendered":"\n<p>Le ministre de de l\u2019Industrie et de la Production pharmaceutique, Ali Aoun, a d\u00e9nonc\u00e9 hier les pratiques de certains concessionnaires automobiles qui n\u2019ont pas respect\u00e9 le cahier des charges, notamment en ce qui concerne le respect des d\u00e9lais, soulignant que ces derniers ont \u00e9t\u00e9 rappel\u00e9s \u00e0 l\u2019ordre. Il a indiqu\u00e9 que ses services ont re\u00e7u pr\u00e8s de 20.000 r\u00e9clamations dans ce sens.<\/p>\n\n\n\n<p>Le ministre de de l\u2019Industrie et de la Production pharmaceutique, Ali Aoun, a regrett\u00e9 lors de son intervention au Forum du quotidien El Moudjahid \u00ab\u00a0certaines pratiques de concessionnaires contraires au cahier des charges, ayant l\u00e9s\u00e9 certains clients, notamment \u00e0 travers le non respect des d\u00e9lais de livraison\u00a0\u00bb. \u00ab\u00a0Certains concessionnaires se sont permis certaines pratiques ill\u00e9gales nous poussant \u00e0 cr\u00e9er une plateforme pour le traitement des r\u00e9clamations des clients depuis pr\u00e8s de deux mois\u00a0\u00bb, a indiqu\u00e9 M. Aoun, pr\u00e9cisant que cette plateforme a re\u00e7u jusqu&rsquo;\u00e0 hier pr\u00e8s de 20.000 r\u00e9clamations. Selon le ministre, certains concessionnaires ont \u00e9t\u00e9 rappel\u00e9s \u00e0 l&rsquo;ordre \u00e0 travers des mises en demeure, affirmant que des retraits d&rsquo;agr\u00e9ment \u00ab\u00a0seront notifi\u00e9s en cas de r\u00e9cidive\u00a0\u00bb.<\/p>\n\n\n\n<p>Le ministre a \u00e9galement soulign\u00e9 que pr\u00e8s de 160.000 v\u00e9hicules ont \u00e9t\u00e9 import\u00e9s au titre des quotas de 2023. Aoun a pr\u00e9cis\u00e9 qu&rsquo;au 18 avril dernier, 159.037 v\u00e9hicules ont \u00e9t\u00e9 import\u00e9s au titre des quotas accord\u00e9s pour 2023 \u00e0 24 concessionnaires, dont 137.982 v\u00e9hicules de tourisme, utilitaires et l\u00e9gers.<\/p>\n\n\n\n<p>Le ministre l\u2019occasion de cette intervention pour mettre en avant les objectifs de son secteur en mati\u00e8re d\u2019industrialisation est \u00e9galement revenu sur le dossier du d\u00e9veloppement de l\u2019industrie automobile et des taux d&rsquo;int\u00e9gration des v\u00e9hicules. Le ministre a expliqu\u00e9 que l&rsquo;objectif est de cr\u00e9er un tissu de sous-traitance permettant un taux acceptable d&rsquo;int\u00e9gration. En revanche, a-t-il dit, \u00ab\u00a0l&rsquo;important est la fabrication quelle que soit l&rsquo;origine de la pi\u00e8ce\u00a0\u00bb, citant des grandes marques europ\u00e9ennes fabricant la majorit\u00e9 de leurs pi\u00e8ces en dehors de leurs pays.<\/p>\n\n\n\n<p>Plus globalement<strong>, Aoun a soulign\u00e9 que l\u2019objectif de son secteur est de porter la contribution du <\/strong>secteur industriel \u00e0 hauteur de 10% au PIB de l&rsquo;Alg\u00e9rie \u00e0 l&rsquo;horizon 2027, contre une contribution actuelle de 4,1% et ce, \u00a0\u00bb \u00e0 travers l&rsquo;ensemble des secteurs, dont ceux de l&rsquo;automobile, du ciment, du pharmaceutique et de la transformation, notamment agroalimentaire\u00a0\u00bb. Dans ce cadre, il a notamment \u00e9voqu\u00e9 les secteurs automobile et pharmaceutique, constituant \u00ab\u00a0des march\u00e9s demandeurs\u00a0\u00bb pouvant int\u00e9resser l&rsquo;investissement local mais aussi \u00e9tranger. De plus, Aoun a mis en avant les avanc\u00e9es r\u00e9alis\u00e9es dans les diff\u00e9rentes fili\u00e8res industrielles \u00e0 la faveur de la mise en \u0153uvre d&rsquo;une feuille de route du minist\u00e8re visant \u00e0 d\u00e9velopper les fili\u00e8res industrielles \u00e0 fort potentiel et le renforcement de la cha\u00eene de valeur dans des secteurs tels que l&rsquo;agroalimentaire, la sid\u00e9rurgie, la chimie, la m\u00e9canique, le textile, les mat\u00e9riaux de construction et l&rsquo;industrie pharmaceutique.<\/p>\n\n\n\n<p>Concernant l\u2019industrie pharmaceutique justement, le ministre a fait savoir que la production locale du secteur pharmaceutique, pourvue de pr\u00e8s de 300 unit\u00e9s publiques et priv\u00e9es, avait atteint 3,56 milliards de dollars en 2023 contre 3,14 milliards de dollars en 2022. Une augmentation de la production qui a accompagn\u00e9 une r\u00e9gression des chiffres de l&rsquo;importation dans le secteur, indiquant qu&rsquo;en 2022 ce chiffre \u00e9tait de 1,422 milliard de dollars, en 2023 il a \u00e9t\u00e9 de 1,293 milliard dollars et en 2024 il sera r\u00e9duit \u00e0 1 milliard dollars, a-t-il estim\u00e9. De plus, Aoun a affirm\u00e9 qu&rsquo;il est pr\u00e9vu que l&rsquo;industrie locale permette d&rsquo;atteindre 80,48% de taux de couverture du march\u00e9 pharmaceutique local d&rsquo;ici la fin de l&rsquo;ann\u00e9e en cours, ajoutant qu&rsquo;actuellement, le pays produit plus de 3400 mol\u00e9cules de m\u00e9dicaments sur 4500 mol\u00e9cules pr\u00e9sentes sur march\u00e9 national.<\/p>\n\n\n\n<p>Dans le secteur agroalimentaire, le ministre a \u00e9voqu\u00e9 les avanc\u00e9es not\u00e9es au niveau des projets de production d&rsquo;huile v\u00e9g\u00e9tale, notamment avec l&rsquo;usine \u00ab\u00a0El Mahroussa\u00a0\u00bb situ\u00e9e \u00e0 Alger, \u00ab\u00a0qui va b\u00e9n\u00e9ficier d&rsquo;une extension prochainement pour r\u00e9pondre aux besoins d&rsquo;huile de table\u00a0\u00bb. Il a \u00e9galement \u00e9voqu\u00e9 le projet de transformation de sucre \u00e0 Larbatache (Boumerd\u00e8s) et quatre projet de production de levure chimique (Tipaza, Djelfa, Chlef, Oran). Le ministre a \u00e9galement mis en avant le niveau de production nationale de ciment ayant permis d&rsquo;exporter pour un montant de 747 millions dollars en 2023.<\/p>\n\n\n\n<p>Dans les industries lourdes et particuli\u00e8rement dans le secteur de la sid\u00e9rurgie, Aoun a not\u00e9 que la production de fer et d&rsquo;acier a \u00e9galement permis \u00e0 l&rsquo;Alg\u00e9rie de se classer troisi\u00e8me au niveau arabe dans le secteur, dont la production atteindrait 4,2 millions de tonnes en 2024.<\/p>\n\n\n\n<p>Selon le ministre les objectifs de la feuille de route mise en place s\u2019articulent aussi sur la lev\u00e9e des obstacles et les contraintes sur les projets existants, le renforcement des m\u00e9canismes d&rsquo;accompagnement des entreprises industrielles publiques et priv\u00e9es pour am\u00e9liorer leur comp\u00e9titivit\u00e9 et la contribution aux r\u00e9formes visant \u00e0 relancer l&rsquo;actif \u00e9conomique non exploit\u00e9. Une partie de ces r\u00e9formes, a-t-il dit, vise \u00e0 am\u00e9liorer la gouvernance des entreprises publiques, rappelant, \u00e0 ce titre, la strat\u00e9gie de son d\u00e9partement minist\u00e9riel visant \u00e0 mettre en place un dispositif pour am\u00e9liorer la gouvernance des groupes publics, notamment avec les contrats de performance.<\/p>\n\n\n\n<p><strong>Sabrina Aziouez<\/strong><\/p>\n","protected":false},"excerpt":{"rendered":"<p>Le ministre de de l\u2019Industrie et de la Production pharmaceutique, Ali Aoun, a d\u00e9nonc\u00e9 hier les pratiques de certains concessionnaires<\/p>\n","protected":false},"author":3,"featured_media":52356,"comment_status":"open","ping_status":"closed","sticky":false,"template":"","format":"standard","meta":{"colormag_page_container_layout":"default_layout","colormag_page_sidebar_layout":"default_layout","om_disable_all_campaigns":false,"_monsterinsights_skip_tracking":false,"_monsterinsights_sitenote_active":false,"_monsterinsights_sitenote_note":"","_monsterinsights_sitenote_category":0,"footnotes":"","_wpscppro_dont_share_socialmedia":false,"_wpscppro_custom_social_share_image":0,"_facebook_share_type":"default","_twitter_share_type":"default","_linkedin_share_type":"default","_pinterest_share_type":"default","_linkedin_share_type_page":"","_instagram_share_type":"default","_medium_share_type":"","_threads_share_type":"","_google_business_share_type":"","_selected_social_profile":[],"_wpsp_enable_custom_social_template":false,"_wpsp_social_scheduling":{"enabled":false,"datetime":null,"platforms":[],"status":"template_only","dateOption":"today","timeOption":"now","customDays":"","customHours":"","customDate":"","customTime":"","schedulingType":"absolute"},"_wpsp_active_default_template":true},"categories":[52,29],"tags":[],"class_list":["post-52355","post","type-post","status-publish","format-standard","has-post-thumbnail","hentry","category-a-la-une","category-economie"],"aioseo_notices":[],"yoast_head":"<!-- This site is optimized with the Yoast SEO plugin v27.5 - https:\/\/yoast.com\/product\/yoast-seo-wordpress\/ -->\n<title>Automobile\u00a0: Les concessionnaires mis en demeure - La Sentinelle<\/title>\n<meta name=\"robots\" content=\"index, follow, max-snippet:-1, max-image-preview:large, max-video-preview:-1\" \/>\n<link rel=\"canonical\" href=\"https:\/\/lasentinelle.dz\/index.php\/2024\/05\/12\/automobile-les-concessionnaires-mis-en-demeure\/\" \/>\n<meta property=\"og:locale\" content=\"fr_FR\" \/>\n<meta property=\"og:type\" content=\"article\" \/>\n<meta property=\"og:title\" content=\"Automobile\u00a0: Les concessionnaires mis en demeure - La Sentinelle\" \/>\n<meta property=\"og:description\" content=\"Le ministre de de l\u2019Industrie et de la Production pharmaceutique, Ali Aoun, a d\u00e9nonc\u00e9 hier les pratiques de certains concessionnaires\" \/>\n<meta property=\"og:url\" content=\"https:\/\/lasentinelle.dz\/index.php\/2024\/05\/12\/automobile-les-concessionnaires-mis-en-demeure\/\" \/>\n<meta property=\"og:site_name\" content=\"La Sentinelle\" \/>\n<meta property=\"article:publisher\" content=\"https:\/\/www.facebook.com\/La-Sentinelle-104059864394773\" \/>\n<meta property=\"article:published_time\" content=\"2024-05-12T21:11:50+00:00\" \/>\n<meta property=\"article:modified_time\" content=\"2024-05-12T21:11:55+00:00\" \/>\n<meta property=\"og:image\" content=\"https:\/\/lasentinelle.dz\/wp-content\/uploads\/2024\/05\/auto.jpeg\" \/>\n\t<meta property=\"og:image:width\" content=\"764\" \/>\n\t<meta property=\"og:image:height\" content=\"470\" \/>\n\t<meta property=\"og:image:type\" content=\"image\/jpeg\" \/>\n<meta name=\"author\" content=\"La Sentinelle\" \/>\n<meta name=\"twitter:card\" content=\"summary_large_image\" \/>\n<meta name=\"twitter:label1\" content=\"\u00c9crit par\" \/>\n\t<meta name=\"twitter:data1\" content=\"La Sentinelle\" \/>\n\t<meta name=\"twitter:label2\" content=\"Dur\u00e9e de lecture estim\u00e9e\" \/>\n\t<meta name=\"twitter:data2\" content=\"5 minutes\" \/>\n<script type=\"application\/ld+json\" class=\"yoast-schema-graph\">{\"@context\":\"https:\\\/\\\/schema.org\",\"@graph\":[{\"@type\":\"Article\",\"@id\":\"https:\\\/\\\/lasentinelle.dz\\\/index.php\\\/2024\\\/05\\\/12\\\/automobile-les-concessionnaires-mis-en-demeure\\\/#article\",\"isPartOf\":{\"@id\":\"https:\\\/\\\/lasentinelle.dz\\\/index.php\\\/2024\\\/05\\\/12\\\/automobile-les-concessionnaires-mis-en-demeure\\\/\"},\"author\":{\"name\":\"La Sentinelle\",\"@id\":\"https:\\\/\\\/lasentinelle.dz\\\/#\\\/schema\\\/person\\\/d865044e22e70a75174ce8bcad3acfb3\"},\"headline\":\"Automobile\u00a0: Les concessionnaires mis en demeure\",\"datePublished\":\"2024-05-12T21:11:50+00:00\",\"dateModified\":\"2024-05-12T21:11:55+00:00\",\"mainEntityOfPage\":{\"@id\":\"https:\\\/\\\/lasentinelle.dz\\\/index.php\\\/2024\\\/05\\\/12\\\/automobile-les-concessionnaires-mis-en-demeure\\\/\"},\"wordCount\":920,\"commentCount\":0,\"publisher\":{\"@id\":\"https:\\\/\\\/lasentinelle.dz\\\/#organization\"},\"image\":{\"@id\":\"https:\\\/\\\/lasentinelle.dz\\\/index.php\\\/2024\\\/05\\\/12\\\/automobile-les-concessionnaires-mis-en-demeure\\\/#primaryimage\"},\"thumbnailUrl\":\"https:\\\/\\\/lasentinelle.dz\\\/wp-content\\\/uploads\\\/2024\\\/05\\\/auto.jpeg\",\"articleSection\":[\"\u00c0 la Une\",\"\u00c9conomie\"],\"inLanguage\":\"fr-FR\",\"potentialAction\":[{\"@type\":\"CommentAction\",\"name\":\"Comment\",\"target\":[\"https:\\\/\\\/lasentinelle.dz\\\/index.php\\\/2024\\\/05\\\/12\\\/automobile-les-concessionnaires-mis-en-demeure\\\/#respond\"]}]},{\"@type\":\"WebPage\",\"@id\":\"https:\\\/\\\/lasentinelle.dz\\\/index.php\\\/2024\\\/05\\\/12\\\/automobile-les-concessionnaires-mis-en-demeure\\\/\",\"url\":\"https:\\\/\\\/lasentinelle.dz\\\/index.php\\\/2024\\\/05\\\/12\\\/automobile-les-concessionnaires-mis-en-demeure\\\/\",\"name\":\"Automobile\u00a0: Les concessionnaires mis en demeure - La Sentinelle\",\"isPartOf\":{\"@id\":\"https:\\\/\\\/lasentinelle.dz\\\/#website\"},\"primaryImageOfPage\":{\"@id\":\"https:\\\/\\\/lasentinelle.dz\\\/index.php\\\/2024\\\/05\\\/12\\\/automobile-les-concessionnaires-mis-en-demeure\\\/#primaryimage\"},\"image\":{\"@id\":\"https:\\\/\\\/lasentinelle.dz\\\/index.php\\\/2024\\\/05\\\/12\\\/automobile-les-concessionnaires-mis-en-demeure\\\/#primaryimage\"},\"thumbnailUrl\":\"https:\\\/\\\/lasentinelle.dz\\\/wp-content\\\/uploads\\\/2024\\\/05\\\/auto.jpeg\",\"datePublished\":\"2024-05-12T21:11:50+00:00\",\"dateModified\":\"2024-05-12T21:11:55+00:00\",\"breadcrumb\":{\"@id\":\"https:\\\/\\\/lasentinelle.dz\\\/index.php\\\/2024\\\/05\\\/12\\\/automobile-les-concessionnaires-mis-en-demeure\\\/#breadcrumb\"},\"inLanguage\":\"fr-FR\",\"potentialAction\":[{\"@type\":\"ReadAction\",\"target\":[\"https:\\\/\\\/lasentinelle.dz\\\/index.php\\\/2024\\\/05\\\/12\\\/automobile-les-concessionnaires-mis-en-demeure\\\/\"]}]},{\"@type\":\"ImageObject\",\"inLanguage\":\"fr-FR\",\"@id\":\"https:\\\/\\\/lasentinelle.dz\\\/index.php\\\/2024\\\/05\\\/12\\\/automobile-les-concessionnaires-mis-en-demeure\\\/#primaryimage\",\"url\":\"https:\\\/\\\/lasentinelle.dz\\\/wp-content\\\/uploads\\\/2024\\\/05\\\/auto.jpeg\",\"contentUrl\":\"https:\\\/\\\/lasentinelle.dz\\\/wp-content\\\/uploads\\\/2024\\\/05\\\/auto.jpeg\",\"width\":764,\"height\":470},{\"@type\":\"BreadcrumbList\",\"@id\":\"https:\\\/\\\/lasentinelle.dz\\\/index.php\\\/2024\\\/05\\\/12\\\/automobile-les-concessionnaires-mis-en-demeure\\\/#breadcrumb\",\"itemListElement\":[{\"@type\":\"ListItem\",\"position\":1,\"name\":\"Accueil\",\"item\":\"https:\\\/\\\/lasentinelle.dz\\\/\"},{\"@type\":\"ListItem\",\"position\":2,\"name\":\"Automobile\u00a0: Les concessionnaires mis en demeure\"}]},{\"@type\":\"WebSite\",\"@id\":\"https:\\\/\\\/lasentinelle.dz\\\/#website\",\"url\":\"https:\\\/\\\/lasentinelle.dz\\\/\",\"name\":\"La Sentinelle\",\"description\":\"Quotidien national d&#039;information\",\"publisher\":{\"@id\":\"https:\\\/\\\/lasentinelle.dz\\\/#organization\"},\"potentialAction\":[{\"@type\":\"SearchAction\",\"target\":{\"@type\":\"EntryPoint\",\"urlTemplate\":\"https:\\\/\\\/lasentinelle.dz\\\/?s={search_term_string}\"},\"query-input\":{\"@type\":\"PropertyValueSpecification\",\"valueRequired\":true,\"valueName\":\"search_term_string\"}}],\"inLanguage\":\"fr-FR\"},{\"@type\":\"Organization\",\"@id\":\"https:\\\/\\\/lasentinelle.dz\\\/#organization\",\"name\":\"Quotidien La Sentinelle\",\"url\":\"https:\\\/\\\/lasentinelle.dz\\\/\",\"logo\":{\"@type\":\"ImageObject\",\"inLanguage\":\"fr-FR\",\"@id\":\"https:\\\/\\\/lasentinelle.dz\\\/#\\\/schema\\\/logo\\\/image\\\/\",\"url\":\"https:\\\/\\\/lasentinelle.dz\\\/wp-content\\\/uploads\\\/2021\\\/09\\\/logo-sentinelleSLOGAN-1.png\",\"contentUrl\":\"https:\\\/\\\/lasentinelle.dz\\\/wp-content\\\/uploads\\\/2021\\\/09\\\/logo-sentinelleSLOGAN-1.png\",\"width\":615,\"height\":142,\"caption\":\"Quotidien La Sentinelle\"},\"image\":{\"@id\":\"https:\\\/\\\/lasentinelle.dz\\\/#\\\/schema\\\/logo\\\/image\\\/\"},\"sameAs\":[\"https:\\\/\\\/www.facebook.com\\\/La-Sentinelle-104059864394773\"]},{\"@type\":\"Person\",\"@id\":\"https:\\\/\\\/lasentinelle.dz\\\/#\\\/schema\\\/person\\\/d865044e22e70a75174ce8bcad3acfb3\",\"name\":\"La Sentinelle\",\"image\":{\"@type\":\"ImageObject\",\"inLanguage\":\"fr-FR\",\"@id\":\"https:\\\/\\\/secure.gravatar.com\\\/avatar\\\/57de8e5d4b15d43fb361a71fbb36338450fe67865b528a43dd10ef7c51a20392?s=96&d=mm&r=g\",\"url\":\"https:\\\/\\\/secure.gravatar.com\\\/avatar\\\/57de8e5d4b15d43fb361a71fbb36338450fe67865b528a43dd10ef7c51a20392?s=96&d=mm&r=g\",\"contentUrl\":\"https:\\\/\\\/secure.gravatar.com\\\/avatar\\\/57de8e5d4b15d43fb361a71fbb36338450fe67865b528a43dd10ef7c51a20392?s=96&d=mm&r=g\",\"caption\":\"La Sentinelle\"},\"sameAs\":[\"http:\\\/\\\/www.lasentinelle.dz\"],\"url\":\"https:\\\/\\\/lasentinelle.dz\\\/author\\\/redaction\\\/\"}]}<\/script>\n<!-- \/ Yoast SEO plugin. -->","yoast_head_json":{"title":"Automobile\u00a0: Les concessionnaires mis en demeure - La Sentinelle","robots":{"index":"index","follow":"follow","max-snippet":"max-snippet:-1","max-image-preview":"max-image-preview:large","max-video-preview":"max-video-preview:-1"},"canonical":"https:\/\/lasentinelle.dz\/index.php\/2024\/05\/12\/automobile-les-concessionnaires-mis-en-demeure\/","og_locale":"fr_FR","og_type":"article","og_title":"Automobile\u00a0: Les concessionnaires mis en demeure - La Sentinelle","og_description":"Le ministre de de l\u2019Industrie et de la Production pharmaceutique, Ali Aoun, a d\u00e9nonc\u00e9 hier les pratiques de certains concessionnaires","og_url":"https:\/\/lasentinelle.dz\/index.php\/2024\/05\/12\/automobile-les-concessionnaires-mis-en-demeure\/","og_site_name":"La Sentinelle","article_publisher":"https:\/\/www.facebook.com\/La-Sentinelle-104059864394773","article_published_time":"2024-05-12T21:11:50+00:00","article_modified_time":"2024-05-12T21:11:55+00:00","og_image":[{"width":764,"height":470,"url":"https:\/\/lasentinelle.dz\/wp-content\/uploads\/2024\/05\/auto.jpeg","type":"image\/jpeg"}],"author":"La Sentinelle","twitter_card":"summary_large_image","twitter_misc":{"\u00c9crit par":"La Sentinelle","Dur\u00e9e de lecture estim\u00e9e":"5 minutes"},"schema":{"@context":"https:\/\/schema.org","@graph":[{"@type":"Article","@id":"https:\/\/lasentinelle.dz\/index.php\/2024\/05\/12\/automobile-les-concessionnaires-mis-en-demeure\/#article","isPartOf":{"@id":"https:\/\/lasentinelle.dz\/index.php\/2024\/05\/12\/automobile-les-concessionnaires-mis-en-demeure\/"},"author":{"name":"La Sentinelle","@id":"https:\/\/lasentinelle.dz\/#\/schema\/person\/d865044e22e70a75174ce8bcad3acfb3"},"headline":"Automobile\u00a0: Les concessionnaires mis en demeure","datePublished":"2024-05-12T21:11:50+00:00","dateModified":"2024-05-12T21:11:55+00:00","mainEntityOfPage":{"@id":"https:\/\/lasentinelle.dz\/index.php\/2024\/05\/12\/automobile-les-concessionnaires-mis-en-demeure\/"},"wordCount":920,"commentCount":0,"publisher":{"@id":"https:\/\/lasentinelle.dz\/#organization"},"image":{"@id":"https:\/\/lasentinelle.dz\/index.php\/2024\/05\/12\/automobile-les-concessionnaires-mis-en-demeure\/#primaryimage"},"thumbnailUrl":"https:\/\/lasentinelle.dz\/wp-content\/uploads\/2024\/05\/auto.jpeg","articleSection":["\u00c0 la Une","\u00c9conomie"],"inLanguage":"fr-FR","potentialAction":[{"@type":"CommentAction","name":"Comment","target":["https:\/\/lasentinelle.dz\/index.php\/2024\/05\/12\/automobile-les-concessionnaires-mis-en-demeure\/#respond"]}]},{"@type":"WebPage","@id":"https:\/\/lasentinelle.dz\/index.php\/2024\/05\/12\/automobile-les-concessionnaires-mis-en-demeure\/","url":"https:\/\/lasentinelle.dz\/index.php\/2024\/05\/12\/automobile-les-concessionnaires-mis-en-demeure\/","name":"Automobile\u00a0: Les concessionnaires mis en demeure - La Sentinelle","isPartOf":{"@id":"https:\/\/lasentinelle.dz\/#website"},"primaryImageOfPage":{"@id":"https:\/\/lasentinelle.dz\/index.php\/2024\/05\/12\/automobile-les-concessionnaires-mis-en-demeure\/#primaryimage"},"image":{"@id":"https:\/\/lasentinelle.dz\/index.php\/2024\/05\/12\/automobile-les-concessionnaires-mis-en-demeure\/#primaryimage"},"thumbnailUrl":"https:\/\/lasentinelle.dz\/wp-content\/uploads\/2024\/05\/auto.jpeg","datePublished":"2024-05-12T21:11:50+00:00","dateModified":"2024-05-12T21:11:55+00:00","breadcrumb":{"@id":"https:\/\/lasentinelle.dz\/index.php\/2024\/05\/12\/automobile-les-concessionnaires-mis-en-demeure\/#breadcrumb"},"inLanguage":"fr-FR","potentialAction":[{"@type":"ReadAction","target":["https:\/\/lasentinelle.dz\/index.php\/2024\/05\/12\/automobile-les-concessionnaires-mis-en-demeure\/"]}]},{"@type":"ImageObject","inLanguage":"fr-FR","@id":"https:\/\/lasentinelle.dz\/index.php\/2024\/05\/12\/automobile-les-concessionnaires-mis-en-demeure\/#primaryimage","url":"https:\/\/lasentinelle.dz\/wp-content\/uploads\/2024\/05\/auto.jpeg","contentUrl":"https:\/\/lasentinelle.dz\/wp-content\/uploads\/2024\/05\/auto.jpeg","width":764,"height":470},{"@type":"BreadcrumbList","@id":"https:\/\/lasentinelle.dz\/index.php\/2024\/05\/12\/automobile-les-concessionnaires-mis-en-demeure\/#breadcrumb","itemListElement":[{"@type":"ListItem","position":1,"name":"Accueil","item":"https:\/\/lasentinelle.dz\/"},{"@type":"ListItem","position":2,"name":"Automobile\u00a0: Les concessionnaires mis en demeure"}]},{"@type":"WebSite","@id":"https:\/\/lasentinelle.dz\/#website","url":"https:\/\/lasentinelle.dz\/","name":"La Sentinelle","description":"Quotidien national d&#039;information","publisher":{"@id":"https:\/\/lasentinelle.dz\/#organization"},"potentialAction":[{"@type":"SearchAction","target":{"@type":"EntryPoint","urlTemplate":"https:\/\/lasentinelle.dz\/?s={search_term_string}"},"query-input":{"@type":"PropertyValueSpecification","valueRequired":true,"valueName":"search_term_string"}}],"inLanguage":"fr-FR"},{"@type":"Organization","@id":"https:\/\/lasentinelle.dz\/#organization","name":"Quotidien La Sentinelle","url":"https:\/\/lasentinelle.dz\/","logo":{"@type":"ImageObject","inLanguage":"fr-FR","@id":"https:\/\/lasentinelle.dz\/#\/schema\/logo\/image\/","url":"https:\/\/lasentinelle.dz\/wp-content\/uploads\/2021\/09\/logo-sentinelleSLOGAN-1.png","contentUrl":"https:\/\/lasentinelle.dz\/wp-content\/uploads\/2021\/09\/logo-sentinelleSLOGAN-1.png","width":615,"height":142,"caption":"Quotidien La Sentinelle"},"image":{"@id":"https:\/\/lasentinelle.dz\/#\/schema\/logo\/image\/"},"sameAs":["https:\/\/www.facebook.com\/La-Sentinelle-104059864394773"]},{"@type":"Person","@id":"https:\/\/lasentinelle.dz\/#\/schema\/person\/d865044e22e70a75174ce8bcad3acfb3","name":"La Sentinelle","image":{"@type":"ImageObject","inLanguage":"fr-FR","@id":"https:\/\/secure.gravatar.com\/avatar\/57de8e5d4b15d43fb361a71fbb36338450fe67865b528a43dd10ef7c51a20392?s=96&d=mm&r=g","url":"https:\/\/secure.gravatar.com\/avatar\/57de8e5d4b15d43fb361a71fbb36338450fe67865b528a43dd10ef7c51a20392?s=96&d=mm&r=g","contentUrl":"https:\/\/secure.gravatar.com\/avatar\/57de8e5d4b15d43fb361a71fbb36338450fe67865b528a43dd10ef7c51a20392?s=96&d=mm&r=g","caption":"La Sentinelle"},"sameAs":["http:\/\/www.lasentinelle.dz"],"url":"https:\/\/lasentinelle.dz\/author\/redaction\/"}]}},"_links":{"self":[{"href":"https:\/\/lasentinelle.dz\/index.php\/wp-json\/wp\/v2\/posts\/52355","targetHints":{"allow":["GET"]}}],"collection":[{"href":"https:\/\/lasentinelle.dz\/index.php\/wp-json\/wp\/v2\/posts"}],"about":[{"href":"https:\/\/lasentinelle.dz\/index.php\/wp-json\/wp\/v2\/types\/post"}],"author":[{"embeddable":true,"href":"https:\/\/lasentinelle.dz\/index.php\/wp-json\/wp\/v2\/users\/3"}],"replies":[{"embeddable":true,"href":"https:\/\/lasentinelle.dz\/index.php\/wp-json\/wp\/v2\/comments?post=52355"}],"version-history":[{"count":1,"href":"https:\/\/lasentinelle.dz\/index.php\/wp-json\/wp\/v2\/posts\/52355\/revisions"}],"predecessor-version":[{"id":52361,"href":"https:\/\/lasentinelle.dz\/index.php\/wp-json\/wp\/v2\/posts\/52355\/revisions\/52361"}],"wp:featuredmedia":[{"embeddable":true,"href":"https:\/\/lasentinelle.dz\/index.php\/wp-json\/wp\/v2\/media\/52356"}],"wp:attachment":[{"href":"https:\/\/lasentinelle.dz\/index.php\/wp-json\/wp\/v2\/media?parent=52355"}],"wp:term":[{"taxonomy":"category","embeddable":true,"href":"https:\/\/lasentinelle.dz\/index.php\/wp-json\/wp\/v2\/categories?post=52355"},{"taxonomy":"post_tag","embeddable":true,"href":"https:\/\/lasentinelle.dz\/index.php\/wp-json\/wp\/v2\/tags?post=52355"}],"curies":[{"name":"wp","href":"https:\/\/api.w.org\/{rel}","templated":true}]}}