{"id":52396,"date":"2024-05-14T14:56:27","date_gmt":"2024-05-14T13:56:27","guid":{"rendered":"https:\/\/lasentinelle.dz\/?p=52396"},"modified":"2024-05-14T14:56:36","modified_gmt":"2024-05-14T13:56:36","slug":"elle-deploie-son-appareil-diplomatique-et-multiplie-les-actions-lalgerie-mobilisee-pour-la-cause-palestinienne","status":"publish","type":"post","link":"https:\/\/lasentinelle.dz\/index.php\/2024\/05\/14\/elle-deploie-son-appareil-diplomatique-et-multiplie-les-actions-lalgerie-mobilisee-pour-la-cause-palestinienne\/","title":{"rendered":"Elle d\u00e9ploie son appareil diplomatique et multiplie les actions\u00a0: L\u2019Alg\u00e9rie mobilis\u00e9e pour la cause palestinienne"},"content":{"rendered":"\n<p>L\u2019Alg\u00e9rie d\u00e9ploie l\u2019ensemble de son appareil diplomatique pour soutenir l\u2019action en faveur de la cause palestinienne. Au-del\u00e0 de l\u2019action continue de la mission alg\u00e9rienne de l\u2019Onu qui m\u00e8ne une action soutenue au sein des structures de l\u2019organisation multilat\u00e9rale et particuli\u00e8rement au Conseil de s\u00e9curit\u00e9 pour mettre fin au g\u00e9nocide en cours \u00e0 Ghaza, l\u2019Alg\u00e9rie multiplie les d\u00e9marches au sein des organisations r\u00e9gionales pour sensibiliser sur l\u2019urgence d\u2019un r\u00e8glement du conflit sur la base des r\u00e8glements onusiens et de la solution \u00e0 deux \u00c9tats, mais aussi sur les diff\u00e9rentes facettes du g\u00e9nocide perp\u00e9tr\u00e9s par l\u2019occupant sioniste en Palestine occup\u00e9e, que ce soit les massacres perp\u00e9tr\u00e9s \u00e0 Ghaza, et les agressions continues des Palestiniens de Cisjordanie occup\u00e9e, le g\u00e9nocide culturel contre le peuple palestinien dont l\u2019occupant veut effacer l\u2019identit\u00e9, ou encore le black-out m\u00e9diatique impos\u00e9 par les m\u00e9dias mainstream destin\u00e9 \u00e0 faire dispara\u00eetre les Palestiniens. Dans ce contexte, la d\u00e9l\u00e9gation alg\u00e9rienne participant \u00e0 la Conf\u00e9rence diplomatique pour la conclusion, \u00e0 Gen\u00e8ve, d&rsquo;un instrument juridique international sur la propri\u00e9t\u00e9 intellectuelle relative aux ressources g\u00e9n\u00e9tiques et aux savoirs traditionnels associ\u00e9s, a point\u00e9 du doigt la confiscation ill\u00e9gale des ressources du peuple palestinien et la destruction syst\u00e9mique de son patrimoine mat\u00e9riel et immat\u00e9riel, du fait des pratiques ill\u00e9gales de l&rsquo;occupant sioniste. De son c\u00f4t\u00e9, le ministre des Affaires religieuses et des Wakfs, Youcef Belmehdi, a r\u00e9affirm\u00e9, hier lors des travaux du \u00ab\u00a0Sommet consultatif des Oul\u00e9mas du monde islamique\u00a0\u00bb \u00e0 Istanbul, l&rsquo;engagement de l&rsquo;Alg\u00e9rie et son soutien ferme \u00e0 la cause palestinienne, notamment avec la poursuite de l&rsquo;agression sioniste contre la population de Ghaza\u00a0\u00bb, depuis le 7 octobre 2023. Il a rappel\u00e9, dans ce sens, \u00ab\u00a0les efforts de l&rsquo;Alg\u00e9rie en soutien \u00e0 la cause palestinienne, \u00e0 travers les d\u00e9marches du pr\u00e9sident de la R\u00e9publique, M. Abdelmadjid Tebboune, pour faire entendre la voix de la cause palestinienne dans les tribunes internationales, notamment apr\u00e8s l&rsquo;obtention de l&rsquo;Alg\u00e9rie de la qualit\u00e9 de membre non permanent au Conseil de s\u00e9curit\u00e9, et la tenue de la conf\u00e9rence d&rsquo;unification des rangs palestiniens, couronn\u00e9e par l&rsquo;adoption de +la D\u00e9claration d&rsquo;Alger+ \u00e0 la date du 12 octobre 2022\u00a0\u00bb. \u00ab\u00a0Le pr\u00e9sident de la R\u00e9publique a relev\u00e9 haut le d\u00e9fi en exigeant la condamnation de l&rsquo;entit\u00e9 sioniste au niveau international, pour le g\u00e9nocide et les crimes contre l&rsquo;humanit\u00e9 ayant fait des milliers de victimes palestiniennes\u00a0\u00bb, a-t-il dit. M. Belmehdi a soulign\u00e9 que \u00ab\u00a0ce qui se passe dans les territoires palestiniens occup\u00e9s r\u00e9v\u00e8le une autre face du monde d&rsquo;aujourd&rsquo;hui, un monde o\u00f9 les rep\u00e8res de l&rsquo;humanit\u00e9 ont \u00e9t\u00e9 d\u00e9lib\u00e9r\u00e9ment effac\u00e9s\u00a0\u00bb, appelant \u00e0 cet \u00e9gard \u00e0 \u00ab\u00a0la n\u00e9cessit\u00e9 d&rsquo;intensifier les efforts des Oul\u00e9mas de la nation pour contrer la propagande sioniste qui cherche \u00e0 masquer la r\u00e9alit\u00e9 \u00e9vidente\u00a0\u00bb.<\/p>\n\n\n\n<p><strong>Samir Benisid<\/strong><\/p>\n","protected":false},"excerpt":{"rendered":"<p>L\u2019Alg\u00e9rie d\u00e9ploie l\u2019ensemble de son appareil diplomatique pour soutenir l\u2019action en faveur de la cause palestinienne. Au-del\u00e0 de l\u2019action continue<\/p>\n","protected":false},"author":3,"featured_media":17640,"comment_status":"open","ping_status":"closed","sticky":false,"template":"","format":"standard","meta":{"colormag_page_container_layout":"default_layout","colormag_page_sidebar_layout":"default_layout","om_disable_all_campaigns":false,"_monsterinsights_skip_tracking":false,"_monsterinsights_sitenote_active":false,"_monsterinsights_sitenote_note":"","_monsterinsights_sitenote_category":0,"footnotes":"","_wpscppro_dont_share_socialmedia":false,"_wpscppro_custom_social_share_image":0,"_facebook_share_type":"default","_twitter_share_type":"default","_linkedin_share_type":"default","_pinterest_share_type":"default","_linkedin_share_type_page":"","_instagram_share_type":"default","_medium_share_type":"","_threads_share_type":"","_google_business_share_type":"","_selected_social_profile":[],"_wpsp_enable_custom_social_template":false,"_wpsp_social_scheduling":{"enabled":false,"datetime":null,"platforms":[],"status":"template_only","dateOption":"today","timeOption":"now","customDays":"","customHours":"","customDate":"","customTime":"","schedulingType":"absolute"},"_wpsp_active_default_template":true},"categories":[27],"tags":[],"class_list":["post-52396","post","type-post","status-publish","format-standard","has-post-thumbnail","hentry","category-actualite"],"aioseo_notices":[],"yoast_head":"<!-- This site is optimized with the Yoast SEO plugin v27.5 - https:\/\/yoast.com\/product\/yoast-seo-wordpress\/ -->\n<title>Elle d\u00e9ploie son appareil diplomatique et multiplie les actions\u00a0: L\u2019Alg\u00e9rie mobilis\u00e9e pour la cause palestinienne - La Sentinelle<\/title>\n<meta name=\"robots\" content=\"index, follow, max-snippet:-1, max-image-preview:large, max-video-preview:-1\" \/>\n<link rel=\"canonical\" href=\"https:\/\/lasentinelle.dz\/index.php\/2024\/05\/14\/elle-deploie-son-appareil-diplomatique-et-multiplie-les-actions-lalgerie-mobilisee-pour-la-cause-palestinienne\/\" \/>\n<meta property=\"og:locale\" content=\"fr_FR\" \/>\n<meta property=\"og:type\" content=\"article\" \/>\n<meta property=\"og:title\" content=\"Elle d\u00e9ploie son appareil diplomatique et multiplie les actions\u00a0: L\u2019Alg\u00e9rie mobilis\u00e9e pour la cause palestinienne - La Sentinelle\" \/>\n<meta property=\"og:description\" content=\"L\u2019Alg\u00e9rie d\u00e9ploie l\u2019ensemble de son appareil diplomatique pour soutenir l\u2019action en faveur de la cause palestinienne. Au-del\u00e0 de l\u2019action continue\" \/>\n<meta property=\"og:url\" content=\"https:\/\/lasentinelle.dz\/index.php\/2024\/05\/14\/elle-deploie-son-appareil-diplomatique-et-multiplie-les-actions-lalgerie-mobilisee-pour-la-cause-palestinienne\/\" \/>\n<meta property=\"og:site_name\" content=\"La Sentinelle\" \/>\n<meta property=\"article:publisher\" content=\"https:\/\/www.facebook.com\/La-Sentinelle-104059864394773\" \/>\n<meta property=\"article:published_time\" content=\"2024-05-14T13:56:27+00:00\" \/>\n<meta property=\"article:modified_time\" content=\"2024-05-14T13:56:36+00:00\" \/>\n<meta property=\"og:image\" content=\"https:\/\/lasentinelle.dz\/wp-content\/uploads\/2022\/02\/photo-MAE-696x394-1.jpg\" \/>\n\t<meta property=\"og:image:width\" content=\"696\" \/>\n\t<meta property=\"og:image:height\" content=\"394\" \/>\n\t<meta property=\"og:image:type\" content=\"image\/jpeg\" \/>\n<meta name=\"author\" content=\"La Sentinelle\" \/>\n<meta name=\"twitter:card\" content=\"summary_large_image\" \/>\n<meta name=\"twitter:label1\" content=\"\u00c9crit par\" \/>\n\t<meta name=\"twitter:data1\" content=\"La Sentinelle\" \/>\n\t<meta name=\"twitter:label2\" content=\"Dur\u00e9e de lecture estim\u00e9e\" \/>\n\t<meta name=\"twitter:data2\" content=\"3 minutes\" \/>\n<script type=\"application\/ld+json\" class=\"yoast-schema-graph\">{\"@context\":\"https:\\\/\\\/schema.org\",\"@graph\":[{\"@type\":\"Article\",\"@id\":\"https:\\\/\\\/lasentinelle.dz\\\/index.php\\\/2024\\\/05\\\/14\\\/elle-deploie-son-appareil-diplomatique-et-multiplie-les-actions-lalgerie-mobilisee-pour-la-cause-palestinienne\\\/#article\",\"isPartOf\":{\"@id\":\"https:\\\/\\\/lasentinelle.dz\\\/index.php\\\/2024\\\/05\\\/14\\\/elle-deploie-son-appareil-diplomatique-et-multiplie-les-actions-lalgerie-mobilisee-pour-la-cause-palestinienne\\\/\"},\"author\":{\"name\":\"La Sentinelle\",\"@id\":\"https:\\\/\\\/lasentinelle.dz\\\/#\\\/schema\\\/person\\\/d865044e22e70a75174ce8bcad3acfb3\"},\"headline\":\"Elle d\u00e9ploie son appareil diplomatique et multiplie les actions\u00a0: L\u2019Alg\u00e9rie mobilis\u00e9e pour la cause palestinienne\",\"datePublished\":\"2024-05-14T13:56:27+00:00\",\"dateModified\":\"2024-05-14T13:56:36+00:00\",\"mainEntityOfPage\":{\"@id\":\"https:\\\/\\\/lasentinelle.dz\\\/index.php\\\/2024\\\/05\\\/14\\\/elle-deploie-son-appareil-diplomatique-et-multiplie-les-actions-lalgerie-mobilisee-pour-la-cause-palestinienne\\\/\"},\"wordCount\":540,\"commentCount\":0,\"publisher\":{\"@id\":\"https:\\\/\\\/lasentinelle.dz\\\/#organization\"},\"image\":{\"@id\":\"https:\\\/\\\/lasentinelle.dz\\\/index.php\\\/2024\\\/05\\\/14\\\/elle-deploie-son-appareil-diplomatique-et-multiplie-les-actions-lalgerie-mobilisee-pour-la-cause-palestinienne\\\/#primaryimage\"},\"thumbnailUrl\":\"https:\\\/\\\/lasentinelle.dz\\\/wp-content\\\/uploads\\\/2022\\\/02\\\/photo-MAE-696x394-1.jpg\",\"articleSection\":[\"Actualit\u00e9\"],\"inLanguage\":\"fr-FR\",\"potentialAction\":[{\"@type\":\"CommentAction\",\"name\":\"Comment\",\"target\":[\"https:\\\/\\\/lasentinelle.dz\\\/index.php\\\/2024\\\/05\\\/14\\\/elle-deploie-son-appareil-diplomatique-et-multiplie-les-actions-lalgerie-mobilisee-pour-la-cause-palestinienne\\\/#respond\"]}]},{\"@type\":\"WebPage\",\"@id\":\"https:\\\/\\\/lasentinelle.dz\\\/index.php\\\/2024\\\/05\\\/14\\\/elle-deploie-son-appareil-diplomatique-et-multiplie-les-actions-lalgerie-mobilisee-pour-la-cause-palestinienne\\\/\",\"url\":\"https:\\\/\\\/lasentinelle.dz\\\/index.php\\\/2024\\\/05\\\/14\\\/elle-deploie-son-appareil-diplomatique-et-multiplie-les-actions-lalgerie-mobilisee-pour-la-cause-palestinienne\\\/\",\"name\":\"Elle d\u00e9ploie son appareil diplomatique et multiplie les actions\u00a0: L\u2019Alg\u00e9rie mobilis\u00e9e pour la cause palestinienne - La Sentinelle\",\"isPartOf\":{\"@id\":\"https:\\\/\\\/lasentinelle.dz\\\/#website\"},\"primaryImageOfPage\":{\"@id\":\"https:\\\/\\\/lasentinelle.dz\\\/index.php\\\/2024\\\/05\\\/14\\\/elle-deploie-son-appareil-diplomatique-et-multiplie-les-actions-lalgerie-mobilisee-pour-la-cause-palestinienne\\\/#primaryimage\"},\"image\":{\"@id\":\"https:\\\/\\\/lasentinelle.dz\\\/index.php\\\/2024\\\/05\\\/14\\\/elle-deploie-son-appareil-diplomatique-et-multiplie-les-actions-lalgerie-mobilisee-pour-la-cause-palestinienne\\\/#primaryimage\"},\"thumbnailUrl\":\"https:\\\/\\\/lasentinelle.dz\\\/wp-content\\\/uploads\\\/2022\\\/02\\\/photo-MAE-696x394-1.jpg\",\"datePublished\":\"2024-05-14T13:56:27+00:00\",\"dateModified\":\"2024-05-14T13:56:36+00:00\",\"breadcrumb\":{\"@id\":\"https:\\\/\\\/lasentinelle.dz\\\/index.php\\\/2024\\\/05\\\/14\\\/elle-deploie-son-appareil-diplomatique-et-multiplie-les-actions-lalgerie-mobilisee-pour-la-cause-palestinienne\\\/#breadcrumb\"},\"inLanguage\":\"fr-FR\",\"potentialAction\":[{\"@type\":\"ReadAction\",\"target\":[\"https:\\\/\\\/lasentinelle.dz\\\/index.php\\\/2024\\\/05\\\/14\\\/elle-deploie-son-appareil-diplomatique-et-multiplie-les-actions-lalgerie-mobilisee-pour-la-cause-palestinienne\\\/\"]}]},{\"@type\":\"ImageObject\",\"inLanguage\":\"fr-FR\",\"@id\":\"https:\\\/\\\/lasentinelle.dz\\\/index.php\\\/2024\\\/05\\\/14\\\/elle-deploie-son-appareil-diplomatique-et-multiplie-les-actions-lalgerie-mobilisee-pour-la-cause-palestinienne\\\/#primaryimage\",\"url\":\"https:\\\/\\\/lasentinelle.dz\\\/wp-content\\\/uploads\\\/2022\\\/02\\\/photo-MAE-696x394-1.jpg\",\"contentUrl\":\"https:\\\/\\\/lasentinelle.dz\\\/wp-content\\\/uploads\\\/2022\\\/02\\\/photo-MAE-696x394-1.jpg\",\"width\":696,\"height\":394},{\"@type\":\"BreadcrumbList\",\"@id\":\"https:\\\/\\\/lasentinelle.dz\\\/index.php\\\/2024\\\/05\\\/14\\\/elle-deploie-son-appareil-diplomatique-et-multiplie-les-actions-lalgerie-mobilisee-pour-la-cause-palestinienne\\\/#breadcrumb\",\"itemListElement\":[{\"@type\":\"ListItem\",\"position\":1,\"name\":\"Accueil\",\"item\":\"https:\\\/\\\/lasentinelle.dz\\\/\"},{\"@type\":\"ListItem\",\"position\":2,\"name\":\"Elle d\u00e9ploie son appareil diplomatique et multiplie les actions\u00a0: L\u2019Alg\u00e9rie mobilis\u00e9e pour la cause palestinienne\"}]},{\"@type\":\"WebSite\",\"@id\":\"https:\\\/\\\/lasentinelle.dz\\\/#website\",\"url\":\"https:\\\/\\\/lasentinelle.dz\\\/\",\"name\":\"La Sentinelle\",\"description\":\"Quotidien national d&#039;information\",\"publisher\":{\"@id\":\"https:\\\/\\\/lasentinelle.dz\\\/#organization\"},\"potentialAction\":[{\"@type\":\"SearchAction\",\"target\":{\"@type\":\"EntryPoint\",\"urlTemplate\":\"https:\\\/\\\/lasentinelle.dz\\\/?s={search_term_string}\"},\"query-input\":{\"@type\":\"PropertyValueSpecification\",\"valueRequired\":true,\"valueName\":\"search_term_string\"}}],\"inLanguage\":\"fr-FR\"},{\"@type\":\"Organization\",\"@id\":\"https:\\\/\\\/lasentinelle.dz\\\/#organization\",\"name\":\"Quotidien La Sentinelle\",\"url\":\"https:\\\/\\\/lasentinelle.dz\\\/\",\"logo\":{\"@type\":\"ImageObject\",\"inLanguage\":\"fr-FR\",\"@id\":\"https:\\\/\\\/lasentinelle.dz\\\/#\\\/schema\\\/logo\\\/image\\\/\",\"url\":\"https:\\\/\\\/lasentinelle.dz\\\/wp-content\\\/uploads\\\/2021\\\/09\\\/logo-sentinelleSLOGAN-1.png\",\"contentUrl\":\"https:\\\/\\\/lasentinelle.dz\\\/wp-content\\\/uploads\\\/2021\\\/09\\\/logo-sentinelleSLOGAN-1.png\",\"width\":615,\"height\":142,\"caption\":\"Quotidien La Sentinelle\"},\"image\":{\"@id\":\"https:\\\/\\\/lasentinelle.dz\\\/#\\\/schema\\\/logo\\\/image\\\/\"},\"sameAs\":[\"https:\\\/\\\/www.facebook.com\\\/La-Sentinelle-104059864394773\"]},{\"@type\":\"Person\",\"@id\":\"https:\\\/\\\/lasentinelle.dz\\\/#\\\/schema\\\/person\\\/d865044e22e70a75174ce8bcad3acfb3\",\"name\":\"La Sentinelle\",\"image\":{\"@type\":\"ImageObject\",\"inLanguage\":\"fr-FR\",\"@id\":\"https:\\\/\\\/secure.gravatar.com\\\/avatar\\\/57de8e5d4b15d43fb361a71fbb36338450fe67865b528a43dd10ef7c51a20392?s=96&d=mm&r=g\",\"url\":\"https:\\\/\\\/secure.gravatar.com\\\/avatar\\\/57de8e5d4b15d43fb361a71fbb36338450fe67865b528a43dd10ef7c51a20392?s=96&d=mm&r=g\",\"contentUrl\":\"https:\\\/\\\/secure.gravatar.com\\\/avatar\\\/57de8e5d4b15d43fb361a71fbb36338450fe67865b528a43dd10ef7c51a20392?s=96&d=mm&r=g\",\"caption\":\"La Sentinelle\"},\"sameAs\":[\"http:\\\/\\\/www.lasentinelle.dz\"],\"url\":\"https:\\\/\\\/lasentinelle.dz\\\/author\\\/redaction\\\/\"}]}<\/script>\n<!-- \/ Yoast SEO plugin. -->","yoast_head_json":{"title":"Elle d\u00e9ploie son appareil diplomatique et multiplie les actions\u00a0: L\u2019Alg\u00e9rie mobilis\u00e9e pour la cause palestinienne - La Sentinelle","robots":{"index":"index","follow":"follow","max-snippet":"max-snippet:-1","max-image-preview":"max-image-preview:large","max-video-preview":"max-video-preview:-1"},"canonical":"https:\/\/lasentinelle.dz\/index.php\/2024\/05\/14\/elle-deploie-son-appareil-diplomatique-et-multiplie-les-actions-lalgerie-mobilisee-pour-la-cause-palestinienne\/","og_locale":"fr_FR","og_type":"article","og_title":"Elle d\u00e9ploie son appareil diplomatique et multiplie les actions\u00a0: L\u2019Alg\u00e9rie mobilis\u00e9e pour la cause palestinienne - La Sentinelle","og_description":"L\u2019Alg\u00e9rie d\u00e9ploie l\u2019ensemble de son appareil diplomatique pour soutenir l\u2019action en faveur de la cause palestinienne. Au-del\u00e0 de l\u2019action continue","og_url":"https:\/\/lasentinelle.dz\/index.php\/2024\/05\/14\/elle-deploie-son-appareil-diplomatique-et-multiplie-les-actions-lalgerie-mobilisee-pour-la-cause-palestinienne\/","og_site_name":"La Sentinelle","article_publisher":"https:\/\/www.facebook.com\/La-Sentinelle-104059864394773","article_published_time":"2024-05-14T13:56:27+00:00","article_modified_time":"2024-05-14T13:56:36+00:00","og_image":[{"width":696,"height":394,"url":"https:\/\/lasentinelle.dz\/wp-content\/uploads\/2022\/02\/photo-MAE-696x394-1.jpg","type":"image\/jpeg"}],"author":"La Sentinelle","twitter_card":"summary_large_image","twitter_misc":{"\u00c9crit par":"La Sentinelle","Dur\u00e9e de lecture estim\u00e9e":"3 minutes"},"schema":{"@context":"https:\/\/schema.org","@graph":[{"@type":"Article","@id":"https:\/\/lasentinelle.dz\/index.php\/2024\/05\/14\/elle-deploie-son-appareil-diplomatique-et-multiplie-les-actions-lalgerie-mobilisee-pour-la-cause-palestinienne\/#article","isPartOf":{"@id":"https:\/\/lasentinelle.dz\/index.php\/2024\/05\/14\/elle-deploie-son-appareil-diplomatique-et-multiplie-les-actions-lalgerie-mobilisee-pour-la-cause-palestinienne\/"},"author":{"name":"La Sentinelle","@id":"https:\/\/lasentinelle.dz\/#\/schema\/person\/d865044e22e70a75174ce8bcad3acfb3"},"headline":"Elle d\u00e9ploie son appareil diplomatique et multiplie les actions\u00a0: L\u2019Alg\u00e9rie mobilis\u00e9e pour la cause palestinienne","datePublished":"2024-05-14T13:56:27+00:00","dateModified":"2024-05-14T13:56:36+00:00","mainEntityOfPage":{"@id":"https:\/\/lasentinelle.dz\/index.php\/2024\/05\/14\/elle-deploie-son-appareil-diplomatique-et-multiplie-les-actions-lalgerie-mobilisee-pour-la-cause-palestinienne\/"},"wordCount":540,"commentCount":0,"publisher":{"@id":"https:\/\/lasentinelle.dz\/#organization"},"image":{"@id":"https:\/\/lasentinelle.dz\/index.php\/2024\/05\/14\/elle-deploie-son-appareil-diplomatique-et-multiplie-les-actions-lalgerie-mobilisee-pour-la-cause-palestinienne\/#primaryimage"},"thumbnailUrl":"https:\/\/lasentinelle.dz\/wp-content\/uploads\/2022\/02\/photo-MAE-696x394-1.jpg","articleSection":["Actualit\u00e9"],"inLanguage":"fr-FR","potentialAction":[{"@type":"CommentAction","name":"Comment","target":["https:\/\/lasentinelle.dz\/index.php\/2024\/05\/14\/elle-deploie-son-appareil-diplomatique-et-multiplie-les-actions-lalgerie-mobilisee-pour-la-cause-palestinienne\/#respond"]}]},{"@type":"WebPage","@id":"https:\/\/lasentinelle.dz\/index.php\/2024\/05\/14\/elle-deploie-son-appareil-diplomatique-et-multiplie-les-actions-lalgerie-mobilisee-pour-la-cause-palestinienne\/","url":"https:\/\/lasentinelle.dz\/index.php\/2024\/05\/14\/elle-deploie-son-appareil-diplomatique-et-multiplie-les-actions-lalgerie-mobilisee-pour-la-cause-palestinienne\/","name":"Elle d\u00e9ploie son appareil diplomatique et multiplie les actions\u00a0: L\u2019Alg\u00e9rie mobilis\u00e9e pour la cause palestinienne - La Sentinelle","isPartOf":{"@id":"https:\/\/lasentinelle.dz\/#website"},"primaryImageOfPage":{"@id":"https:\/\/lasentinelle.dz\/index.php\/2024\/05\/14\/elle-deploie-son-appareil-diplomatique-et-multiplie-les-actions-lalgerie-mobilisee-pour-la-cause-palestinienne\/#primaryimage"},"image":{"@id":"https:\/\/lasentinelle.dz\/index.php\/2024\/05\/14\/elle-deploie-son-appareil-diplomatique-et-multiplie-les-actions-lalgerie-mobilisee-pour-la-cause-palestinienne\/#primaryimage"},"thumbnailUrl":"https:\/\/lasentinelle.dz\/wp-content\/uploads\/2022\/02\/photo-MAE-696x394-1.jpg","datePublished":"2024-05-14T13:56:27+00:00","dateModified":"2024-05-14T13:56:36+00:00","breadcrumb":{"@id":"https:\/\/lasentinelle.dz\/index.php\/2024\/05\/14\/elle-deploie-son-appareil-diplomatique-et-multiplie-les-actions-lalgerie-mobilisee-pour-la-cause-palestinienne\/#breadcrumb"},"inLanguage":"fr-FR","potentialAction":[{"@type":"ReadAction","target":["https:\/\/lasentinelle.dz\/index.php\/2024\/05\/14\/elle-deploie-son-appareil-diplomatique-et-multiplie-les-actions-lalgerie-mobilisee-pour-la-cause-palestinienne\/"]}]},{"@type":"ImageObject","inLanguage":"fr-FR","@id":"https:\/\/lasentinelle.dz\/index.php\/2024\/05\/14\/elle-deploie-son-appareil-diplomatique-et-multiplie-les-actions-lalgerie-mobilisee-pour-la-cause-palestinienne\/#primaryimage","url":"https:\/\/lasentinelle.dz\/wp-content\/uploads\/2022\/02\/photo-MAE-696x394-1.jpg","contentUrl":"https:\/\/lasentinelle.dz\/wp-content\/uploads\/2022\/02\/photo-MAE-696x394-1.jpg","width":696,"height":394},{"@type":"BreadcrumbList","@id":"https:\/\/lasentinelle.dz\/index.php\/2024\/05\/14\/elle-deploie-son-appareil-diplomatique-et-multiplie-les-actions-lalgerie-mobilisee-pour-la-cause-palestinienne\/#breadcrumb","itemListElement":[{"@type":"ListItem","position":1,"name":"Accueil","item":"https:\/\/lasentinelle.dz\/"},{"@type":"ListItem","position":2,"name":"Elle d\u00e9ploie son appareil diplomatique et multiplie les actions\u00a0: L\u2019Alg\u00e9rie mobilis\u00e9e pour la cause palestinienne"}]},{"@type":"WebSite","@id":"https:\/\/lasentinelle.dz\/#website","url":"https:\/\/lasentinelle.dz\/","name":"La Sentinelle","description":"Quotidien national d&#039;information","publisher":{"@id":"https:\/\/lasentinelle.dz\/#organization"},"potentialAction":[{"@type":"SearchAction","target":{"@type":"EntryPoint","urlTemplate":"https:\/\/lasentinelle.dz\/?s={search_term_string}"},"query-input":{"@type":"PropertyValueSpecification","valueRequired":true,"valueName":"search_term_string"}}],"inLanguage":"fr-FR"},{"@type":"Organization","@id":"https:\/\/lasentinelle.dz\/#organization","name":"Quotidien La Sentinelle","url":"https:\/\/lasentinelle.dz\/","logo":{"@type":"ImageObject","inLanguage":"fr-FR","@id":"https:\/\/lasentinelle.dz\/#\/schema\/logo\/image\/","url":"https:\/\/lasentinelle.dz\/wp-content\/uploads\/2021\/09\/logo-sentinelleSLOGAN-1.png","contentUrl":"https:\/\/lasentinelle.dz\/wp-content\/uploads\/2021\/09\/logo-sentinelleSLOGAN-1.png","width":615,"height":142,"caption":"Quotidien La Sentinelle"},"image":{"@id":"https:\/\/lasentinelle.dz\/#\/schema\/logo\/image\/"},"sameAs":["https:\/\/www.facebook.com\/La-Sentinelle-104059864394773"]},{"@type":"Person","@id":"https:\/\/lasentinelle.dz\/#\/schema\/person\/d865044e22e70a75174ce8bcad3acfb3","name":"La Sentinelle","image":{"@type":"ImageObject","inLanguage":"fr-FR","@id":"https:\/\/secure.gravatar.com\/avatar\/57de8e5d4b15d43fb361a71fbb36338450fe67865b528a43dd10ef7c51a20392?s=96&d=mm&r=g","url":"https:\/\/secure.gravatar.com\/avatar\/57de8e5d4b15d43fb361a71fbb36338450fe67865b528a43dd10ef7c51a20392?s=96&d=mm&r=g","contentUrl":"https:\/\/secure.gravatar.com\/avatar\/57de8e5d4b15d43fb361a71fbb36338450fe67865b528a43dd10ef7c51a20392?s=96&d=mm&r=g","caption":"La Sentinelle"},"sameAs":["http:\/\/www.lasentinelle.dz"],"url":"https:\/\/lasentinelle.dz\/author\/redaction\/"}]}},"_links":{"self":[{"href":"https:\/\/lasentinelle.dz\/index.php\/wp-json\/wp\/v2\/posts\/52396","targetHints":{"allow":["GET"]}}],"collection":[{"href":"https:\/\/lasentinelle.dz\/index.php\/wp-json\/wp\/v2\/posts"}],"about":[{"href":"https:\/\/lasentinelle.dz\/index.php\/wp-json\/wp\/v2\/types\/post"}],"author":[{"embeddable":true,"href":"https:\/\/lasentinelle.dz\/index.php\/wp-json\/wp\/v2\/users\/3"}],"replies":[{"embeddable":true,"href":"https:\/\/lasentinelle.dz\/index.php\/wp-json\/wp\/v2\/comments?post=52396"}],"version-history":[{"count":1,"href":"https:\/\/lasentinelle.dz\/index.php\/wp-json\/wp\/v2\/posts\/52396\/revisions"}],"predecessor-version":[{"id":52397,"href":"https:\/\/lasentinelle.dz\/index.php\/wp-json\/wp\/v2\/posts\/52396\/revisions\/52397"}],"wp:featuredmedia":[{"embeddable":true,"href":"https:\/\/lasentinelle.dz\/index.php\/wp-json\/wp\/v2\/media\/17640"}],"wp:attachment":[{"href":"https:\/\/lasentinelle.dz\/index.php\/wp-json\/wp\/v2\/media?parent=52396"}],"wp:term":[{"taxonomy":"category","embeddable":true,"href":"https:\/\/lasentinelle.dz\/index.php\/wp-json\/wp\/v2\/categories?post=52396"},{"taxonomy":"post_tag","embeddable":true,"href":"https:\/\/lasentinelle.dz\/index.php\/wp-json\/wp\/v2\/tags?post=52396"}],"curies":[{"name":"wp","href":"https:\/\/api.w.org\/{rel}","templated":true}]}}