{"id":52412,"date":"2024-05-14T15:32:34","date_gmt":"2024-05-14T14:32:34","guid":{"rendered":"https:\/\/lasentinelle.dz\/?p=52412"},"modified":"2024-05-14T15:32:36","modified_gmt":"2024-05-14T14:32:36","slug":"mfg-23-tonnes-de-verre-plat-exportes-vers-la-tunisie","status":"publish","type":"post","link":"https:\/\/lasentinelle.dz\/index.php\/2024\/05\/14\/mfg-23-tonnes-de-verre-plat-exportes-vers-la-tunisie\/","title":{"rendered":"MFG\u00a0: 23 tonnes de verre plat export\u00e9s vers la\u00a0Tunisie"},"content":{"rendered":"\n<p>&nbsp;Mediterranean Float Glass (MFG), filiale du groupe priv\u00e9 Cevital, a export\u00e9 23) tonnes de verre plat &nbsp;produits par son unit\u00e9 de Larba\u00e2 dans la wilaya de Bilda vers la Tunisie. L\u2019op\u00e9ration a \u00e9t\u00e9 supervis\u00e9e par la Direction r\u00e9gionale des douanes de Blida, qui a veill\u00e9 au suivi des diff\u00e9rentes proc\u00e9dures d&rsquo;accompagnement et des facilit\u00e9s accord\u00e9es aux op\u00e9rateurs \u00e9conomiques pour l\u2019exportation de leurs produits, conform\u00e9ment au nouveau syst\u00e8me d&rsquo;information des Douanes alg\u00e9riennes. \u00ab\u00a0Cette op\u00e9ration d\u2019exportation s&rsquo;inscrit dans le cadre de l&rsquo;ex\u00e9cution du programme trac\u00e9 par l\u2019entreprise pr\u00e9voyant l\u2019affectation d\u2019un taux de 70% de la production locale \u00e0 l&rsquo;exportation\u00a0\u00bb, a indiqu\u00e9 \u00e0 l\u2019occasion le directeur de la logistique de l&rsquo;entreprise exportatrice Mediterranean Float Glass (MFG), Adel Ouhlima. Il a ajout\u00e9 que la MFG, qui a d\u00e9j\u00e0 export\u00e9 ses produits vers plusieurs autres pays, dont l&rsquo;Italie, l&rsquo;Egypte et les pays des Balkans, projette de p\u00e9n\u00e9trer les march\u00e9s des Etats-Unis d&rsquo;Am\u00e9rique, du Br\u00e9sil et de l&rsquo;Argentine. M. Ouhlima, qui a not\u00e9 que l\u2019entreprise est la premi\u00e8re \u00e0 l\u2019\u00e9chelle africaine et 5e au niveau mondial en termes de production et de qualit\u00e9, a lou\u00e9 \u00ab\u00a0les facilitations douani\u00e8res\u00a0\u00bb accord\u00e9es, ayant permis \u00ab\u00a0une \u00e9conomie de temps et d&rsquo;efforts\u00a0\u00bb.<\/p>\n\n\n\n<p>R.E.<\/p>\n","protected":false},"excerpt":{"rendered":"<p>&nbsp;Mediterranean Float Glass (MFG), filiale du groupe priv\u00e9 Cevital, a export\u00e9 23) tonnes de verre plat &nbsp;produits par son unit\u00e9<\/p>\n","protected":false},"author":3,"featured_media":52413,"comment_status":"open","ping_status":"closed","sticky":false,"template":"","format":"standard","meta":{"colormag_page_container_layout":"default_layout","colormag_page_sidebar_layout":"default_layout","om_disable_all_campaigns":false,"_monsterinsights_skip_tracking":false,"_monsterinsights_sitenote_active":false,"_monsterinsights_sitenote_note":"","_monsterinsights_sitenote_category":0,"footnotes":"","_wpscppro_dont_share_socialmedia":false,"_wpscppro_custom_social_share_image":0,"_facebook_share_type":"default","_twitter_share_type":"default","_linkedin_share_type":"default","_pinterest_share_type":"default","_linkedin_share_type_page":"","_instagram_share_type":"default","_medium_share_type":"","_threads_share_type":"","_google_business_share_type":"","_selected_social_profile":[],"_wpsp_enable_custom_social_template":false,"_wpsp_social_scheduling":{"enabled":false,"datetime":null,"platforms":[],"status":"template_only","dateOption":"today","timeOption":"now","customDays":"","customHours":"","customDate":"","customTime":"","schedulingType":"absolute"},"_wpsp_active_default_template":true},"categories":[29],"tags":[],"class_list":["post-52412","post","type-post","status-publish","format-standard","has-post-thumbnail","hentry","category-economie"],"aioseo_notices":[],"yoast_head":"<!-- This site is optimized with the Yoast SEO plugin v27.5 - https:\/\/yoast.com\/product\/yoast-seo-wordpress\/ -->\n<title>MFG\u00a0: 23 tonnes de verre plat export\u00e9s vers la\u00a0Tunisie - La Sentinelle<\/title>\n<meta name=\"robots\" content=\"index, follow, max-snippet:-1, max-image-preview:large, max-video-preview:-1\" \/>\n<link rel=\"canonical\" href=\"https:\/\/lasentinelle.dz\/index.php\/2024\/05\/14\/mfg-23-tonnes-de-verre-plat-exportes-vers-la-tunisie\/\" \/>\n<meta property=\"og:locale\" content=\"fr_FR\" \/>\n<meta property=\"og:type\" content=\"article\" \/>\n<meta property=\"og:title\" content=\"MFG\u00a0: 23 tonnes de verre plat export\u00e9s vers la\u00a0Tunisie - La Sentinelle\" \/>\n<meta property=\"og:description\" content=\"&nbsp;Mediterranean Float Glass (MFG), filiale du groupe priv\u00e9 Cevital, a export\u00e9 23) tonnes de verre plat &nbsp;produits par son unit\u00e9\" \/>\n<meta property=\"og:url\" content=\"https:\/\/lasentinelle.dz\/index.php\/2024\/05\/14\/mfg-23-tonnes-de-verre-plat-exportes-vers-la-tunisie\/\" \/>\n<meta property=\"og:site_name\" content=\"La Sentinelle\" \/>\n<meta property=\"article:publisher\" content=\"https:\/\/www.facebook.com\/La-Sentinelle-104059864394773\" \/>\n<meta property=\"article:published_time\" content=\"2024-05-14T14:32:34+00:00\" \/>\n<meta property=\"article:modified_time\" content=\"2024-05-14T14:32:36+00:00\" \/>\n<meta property=\"og:image\" content=\"https:\/\/lasentinelle.dz\/wp-content\/uploads\/2024\/05\/MFG.webp\" \/>\n\t<meta property=\"og:image:width\" content=\"1055\" \/>\n\t<meta property=\"og:image:height\" content=\"560\" \/>\n\t<meta property=\"og:image:type\" content=\"image\/webp\" \/>\n<meta name=\"author\" content=\"La Sentinelle\" \/>\n<meta name=\"twitter:card\" content=\"summary_large_image\" \/>\n<meta name=\"twitter:label1\" content=\"\u00c9crit par\" \/>\n\t<meta name=\"twitter:data1\" content=\"La Sentinelle\" \/>\n\t<meta name=\"twitter:label2\" content=\"Dur\u00e9e de lecture estim\u00e9e\" \/>\n\t<meta name=\"twitter:data2\" content=\"2 minutes\" \/>\n<script type=\"application\/ld+json\" class=\"yoast-schema-graph\">{\"@context\":\"https:\\\/\\\/schema.org\",\"@graph\":[{\"@type\":\"Article\",\"@id\":\"https:\\\/\\\/lasentinelle.dz\\\/index.php\\\/2024\\\/05\\\/14\\\/mfg-23-tonnes-de-verre-plat-exportes-vers-la-tunisie\\\/#article\",\"isPartOf\":{\"@id\":\"https:\\\/\\\/lasentinelle.dz\\\/index.php\\\/2024\\\/05\\\/14\\\/mfg-23-tonnes-de-verre-plat-exportes-vers-la-tunisie\\\/\"},\"author\":{\"name\":\"La Sentinelle\",\"@id\":\"https:\\\/\\\/lasentinelle.dz\\\/#\\\/schema\\\/person\\\/d865044e22e70a75174ce8bcad3acfb3\"},\"headline\":\"MFG\u00a0: 23 tonnes de verre plat export\u00e9s vers la\u00a0Tunisie\",\"datePublished\":\"2024-05-14T14:32:34+00:00\",\"dateModified\":\"2024-05-14T14:32:36+00:00\",\"mainEntityOfPage\":{\"@id\":\"https:\\\/\\\/lasentinelle.dz\\\/index.php\\\/2024\\\/05\\\/14\\\/mfg-23-tonnes-de-verre-plat-exportes-vers-la-tunisie\\\/\"},\"wordCount\":243,\"commentCount\":0,\"publisher\":{\"@id\":\"https:\\\/\\\/lasentinelle.dz\\\/#organization\"},\"image\":{\"@id\":\"https:\\\/\\\/lasentinelle.dz\\\/index.php\\\/2024\\\/05\\\/14\\\/mfg-23-tonnes-de-verre-plat-exportes-vers-la-tunisie\\\/#primaryimage\"},\"thumbnailUrl\":\"https:\\\/\\\/lasentinelle.dz\\\/wp-content\\\/uploads\\\/2024\\\/05\\\/MFG.webp\",\"articleSection\":[\"\u00c9conomie\"],\"inLanguage\":\"fr-FR\",\"potentialAction\":[{\"@type\":\"CommentAction\",\"name\":\"Comment\",\"target\":[\"https:\\\/\\\/lasentinelle.dz\\\/index.php\\\/2024\\\/05\\\/14\\\/mfg-23-tonnes-de-verre-plat-exportes-vers-la-tunisie\\\/#respond\"]}]},{\"@type\":\"WebPage\",\"@id\":\"https:\\\/\\\/lasentinelle.dz\\\/index.php\\\/2024\\\/05\\\/14\\\/mfg-23-tonnes-de-verre-plat-exportes-vers-la-tunisie\\\/\",\"url\":\"https:\\\/\\\/lasentinelle.dz\\\/index.php\\\/2024\\\/05\\\/14\\\/mfg-23-tonnes-de-verre-plat-exportes-vers-la-tunisie\\\/\",\"name\":\"MFG\u00a0: 23 tonnes de verre plat export\u00e9s vers la\u00a0Tunisie - La Sentinelle\",\"isPartOf\":{\"@id\":\"https:\\\/\\\/lasentinelle.dz\\\/#website\"},\"primaryImageOfPage\":{\"@id\":\"https:\\\/\\\/lasentinelle.dz\\\/index.php\\\/2024\\\/05\\\/14\\\/mfg-23-tonnes-de-verre-plat-exportes-vers-la-tunisie\\\/#primaryimage\"},\"image\":{\"@id\":\"https:\\\/\\\/lasentinelle.dz\\\/index.php\\\/2024\\\/05\\\/14\\\/mfg-23-tonnes-de-verre-plat-exportes-vers-la-tunisie\\\/#primaryimage\"},\"thumbnailUrl\":\"https:\\\/\\\/lasentinelle.dz\\\/wp-content\\\/uploads\\\/2024\\\/05\\\/MFG.webp\",\"datePublished\":\"2024-05-14T14:32:34+00:00\",\"dateModified\":\"2024-05-14T14:32:36+00:00\",\"breadcrumb\":{\"@id\":\"https:\\\/\\\/lasentinelle.dz\\\/index.php\\\/2024\\\/05\\\/14\\\/mfg-23-tonnes-de-verre-plat-exportes-vers-la-tunisie\\\/#breadcrumb\"},\"inLanguage\":\"fr-FR\",\"potentialAction\":[{\"@type\":\"ReadAction\",\"target\":[\"https:\\\/\\\/lasentinelle.dz\\\/index.php\\\/2024\\\/05\\\/14\\\/mfg-23-tonnes-de-verre-plat-exportes-vers-la-tunisie\\\/\"]}]},{\"@type\":\"ImageObject\",\"inLanguage\":\"fr-FR\",\"@id\":\"https:\\\/\\\/lasentinelle.dz\\\/index.php\\\/2024\\\/05\\\/14\\\/mfg-23-tonnes-de-verre-plat-exportes-vers-la-tunisie\\\/#primaryimage\",\"url\":\"https:\\\/\\\/lasentinelle.dz\\\/wp-content\\\/uploads\\\/2024\\\/05\\\/MFG.webp\",\"contentUrl\":\"https:\\\/\\\/lasentinelle.dz\\\/wp-content\\\/uploads\\\/2024\\\/05\\\/MFG.webp\",\"width\":1055,\"height\":560},{\"@type\":\"BreadcrumbList\",\"@id\":\"https:\\\/\\\/lasentinelle.dz\\\/index.php\\\/2024\\\/05\\\/14\\\/mfg-23-tonnes-de-verre-plat-exportes-vers-la-tunisie\\\/#breadcrumb\",\"itemListElement\":[{\"@type\":\"ListItem\",\"position\":1,\"name\":\"Accueil\",\"item\":\"https:\\\/\\\/lasentinelle.dz\\\/\"},{\"@type\":\"ListItem\",\"position\":2,\"name\":\"MFG\u00a0: 23 tonnes de verre plat export\u00e9s vers la\u00a0Tunisie\"}]},{\"@type\":\"WebSite\",\"@id\":\"https:\\\/\\\/lasentinelle.dz\\\/#website\",\"url\":\"https:\\\/\\\/lasentinelle.dz\\\/\",\"name\":\"La Sentinelle\",\"description\":\"Quotidien national d&#039;information\",\"publisher\":{\"@id\":\"https:\\\/\\\/lasentinelle.dz\\\/#organization\"},\"potentialAction\":[{\"@type\":\"SearchAction\",\"target\":{\"@type\":\"EntryPoint\",\"urlTemplate\":\"https:\\\/\\\/lasentinelle.dz\\\/?s={search_term_string}\"},\"query-input\":{\"@type\":\"PropertyValueSpecification\",\"valueRequired\":true,\"valueName\":\"search_term_string\"}}],\"inLanguage\":\"fr-FR\"},{\"@type\":\"Organization\",\"@id\":\"https:\\\/\\\/lasentinelle.dz\\\/#organization\",\"name\":\"Quotidien La Sentinelle\",\"url\":\"https:\\\/\\\/lasentinelle.dz\\\/\",\"logo\":{\"@type\":\"ImageObject\",\"inLanguage\":\"fr-FR\",\"@id\":\"https:\\\/\\\/lasentinelle.dz\\\/#\\\/schema\\\/logo\\\/image\\\/\",\"url\":\"https:\\\/\\\/lasentinelle.dz\\\/wp-content\\\/uploads\\\/2021\\\/09\\\/logo-sentinelleSLOGAN-1.png\",\"contentUrl\":\"https:\\\/\\\/lasentinelle.dz\\\/wp-content\\\/uploads\\\/2021\\\/09\\\/logo-sentinelleSLOGAN-1.png\",\"width\":615,\"height\":142,\"caption\":\"Quotidien La Sentinelle\"},\"image\":{\"@id\":\"https:\\\/\\\/lasentinelle.dz\\\/#\\\/schema\\\/logo\\\/image\\\/\"},\"sameAs\":[\"https:\\\/\\\/www.facebook.com\\\/La-Sentinelle-104059864394773\"]},{\"@type\":\"Person\",\"@id\":\"https:\\\/\\\/lasentinelle.dz\\\/#\\\/schema\\\/person\\\/d865044e22e70a75174ce8bcad3acfb3\",\"name\":\"La Sentinelle\",\"image\":{\"@type\":\"ImageObject\",\"inLanguage\":\"fr-FR\",\"@id\":\"https:\\\/\\\/secure.gravatar.com\\\/avatar\\\/57de8e5d4b15d43fb361a71fbb36338450fe67865b528a43dd10ef7c51a20392?s=96&d=mm&r=g\",\"url\":\"https:\\\/\\\/secure.gravatar.com\\\/avatar\\\/57de8e5d4b15d43fb361a71fbb36338450fe67865b528a43dd10ef7c51a20392?s=96&d=mm&r=g\",\"contentUrl\":\"https:\\\/\\\/secure.gravatar.com\\\/avatar\\\/57de8e5d4b15d43fb361a71fbb36338450fe67865b528a43dd10ef7c51a20392?s=96&d=mm&r=g\",\"caption\":\"La Sentinelle\"},\"sameAs\":[\"http:\\\/\\\/www.lasentinelle.dz\"],\"url\":\"https:\\\/\\\/lasentinelle.dz\\\/author\\\/redaction\\\/\"}]}<\/script>\n<!-- \/ Yoast SEO plugin. -->","yoast_head_json":{"title":"MFG\u00a0: 23 tonnes de verre plat export\u00e9s vers la\u00a0Tunisie - La Sentinelle","robots":{"index":"index","follow":"follow","max-snippet":"max-snippet:-1","max-image-preview":"max-image-preview:large","max-video-preview":"max-video-preview:-1"},"canonical":"https:\/\/lasentinelle.dz\/index.php\/2024\/05\/14\/mfg-23-tonnes-de-verre-plat-exportes-vers-la-tunisie\/","og_locale":"fr_FR","og_type":"article","og_title":"MFG\u00a0: 23 tonnes de verre plat export\u00e9s vers la\u00a0Tunisie - La Sentinelle","og_description":"&nbsp;Mediterranean Float Glass (MFG), filiale du groupe priv\u00e9 Cevital, a export\u00e9 23) tonnes de verre plat &nbsp;produits par son unit\u00e9","og_url":"https:\/\/lasentinelle.dz\/index.php\/2024\/05\/14\/mfg-23-tonnes-de-verre-plat-exportes-vers-la-tunisie\/","og_site_name":"La Sentinelle","article_publisher":"https:\/\/www.facebook.com\/La-Sentinelle-104059864394773","article_published_time":"2024-05-14T14:32:34+00:00","article_modified_time":"2024-05-14T14:32:36+00:00","og_image":[{"width":1055,"height":560,"url":"https:\/\/lasentinelle.dz\/wp-content\/uploads\/2024\/05\/MFG.webp","type":"image\/webp"}],"author":"La Sentinelle","twitter_card":"summary_large_image","twitter_misc":{"\u00c9crit par":"La Sentinelle","Dur\u00e9e de lecture estim\u00e9e":"2 minutes"},"schema":{"@context":"https:\/\/schema.org","@graph":[{"@type":"Article","@id":"https:\/\/lasentinelle.dz\/index.php\/2024\/05\/14\/mfg-23-tonnes-de-verre-plat-exportes-vers-la-tunisie\/#article","isPartOf":{"@id":"https:\/\/lasentinelle.dz\/index.php\/2024\/05\/14\/mfg-23-tonnes-de-verre-plat-exportes-vers-la-tunisie\/"},"author":{"name":"La Sentinelle","@id":"https:\/\/lasentinelle.dz\/#\/schema\/person\/d865044e22e70a75174ce8bcad3acfb3"},"headline":"MFG\u00a0: 23 tonnes de verre plat export\u00e9s vers la\u00a0Tunisie","datePublished":"2024-05-14T14:32:34+00:00","dateModified":"2024-05-14T14:32:36+00:00","mainEntityOfPage":{"@id":"https:\/\/lasentinelle.dz\/index.php\/2024\/05\/14\/mfg-23-tonnes-de-verre-plat-exportes-vers-la-tunisie\/"},"wordCount":243,"commentCount":0,"publisher":{"@id":"https:\/\/lasentinelle.dz\/#organization"},"image":{"@id":"https:\/\/lasentinelle.dz\/index.php\/2024\/05\/14\/mfg-23-tonnes-de-verre-plat-exportes-vers-la-tunisie\/#primaryimage"},"thumbnailUrl":"https:\/\/lasentinelle.dz\/wp-content\/uploads\/2024\/05\/MFG.webp","articleSection":["\u00c9conomie"],"inLanguage":"fr-FR","potentialAction":[{"@type":"CommentAction","name":"Comment","target":["https:\/\/lasentinelle.dz\/index.php\/2024\/05\/14\/mfg-23-tonnes-de-verre-plat-exportes-vers-la-tunisie\/#respond"]}]},{"@type":"WebPage","@id":"https:\/\/lasentinelle.dz\/index.php\/2024\/05\/14\/mfg-23-tonnes-de-verre-plat-exportes-vers-la-tunisie\/","url":"https:\/\/lasentinelle.dz\/index.php\/2024\/05\/14\/mfg-23-tonnes-de-verre-plat-exportes-vers-la-tunisie\/","name":"MFG\u00a0: 23 tonnes de verre plat export\u00e9s vers la\u00a0Tunisie - La Sentinelle","isPartOf":{"@id":"https:\/\/lasentinelle.dz\/#website"},"primaryImageOfPage":{"@id":"https:\/\/lasentinelle.dz\/index.php\/2024\/05\/14\/mfg-23-tonnes-de-verre-plat-exportes-vers-la-tunisie\/#primaryimage"},"image":{"@id":"https:\/\/lasentinelle.dz\/index.php\/2024\/05\/14\/mfg-23-tonnes-de-verre-plat-exportes-vers-la-tunisie\/#primaryimage"},"thumbnailUrl":"https:\/\/lasentinelle.dz\/wp-content\/uploads\/2024\/05\/MFG.webp","datePublished":"2024-05-14T14:32:34+00:00","dateModified":"2024-05-14T14:32:36+00:00","breadcrumb":{"@id":"https:\/\/lasentinelle.dz\/index.php\/2024\/05\/14\/mfg-23-tonnes-de-verre-plat-exportes-vers-la-tunisie\/#breadcrumb"},"inLanguage":"fr-FR","potentialAction":[{"@type":"ReadAction","target":["https:\/\/lasentinelle.dz\/index.php\/2024\/05\/14\/mfg-23-tonnes-de-verre-plat-exportes-vers-la-tunisie\/"]}]},{"@type":"ImageObject","inLanguage":"fr-FR","@id":"https:\/\/lasentinelle.dz\/index.php\/2024\/05\/14\/mfg-23-tonnes-de-verre-plat-exportes-vers-la-tunisie\/#primaryimage","url":"https:\/\/lasentinelle.dz\/wp-content\/uploads\/2024\/05\/MFG.webp","contentUrl":"https:\/\/lasentinelle.dz\/wp-content\/uploads\/2024\/05\/MFG.webp","width":1055,"height":560},{"@type":"BreadcrumbList","@id":"https:\/\/lasentinelle.dz\/index.php\/2024\/05\/14\/mfg-23-tonnes-de-verre-plat-exportes-vers-la-tunisie\/#breadcrumb","itemListElement":[{"@type":"ListItem","position":1,"name":"Accueil","item":"https:\/\/lasentinelle.dz\/"},{"@type":"ListItem","position":2,"name":"MFG\u00a0: 23 tonnes de verre plat export\u00e9s vers la\u00a0Tunisie"}]},{"@type":"WebSite","@id":"https:\/\/lasentinelle.dz\/#website","url":"https:\/\/lasentinelle.dz\/","name":"La Sentinelle","description":"Quotidien national d&#039;information","publisher":{"@id":"https:\/\/lasentinelle.dz\/#organization"},"potentialAction":[{"@type":"SearchAction","target":{"@type":"EntryPoint","urlTemplate":"https:\/\/lasentinelle.dz\/?s={search_term_string}"},"query-input":{"@type":"PropertyValueSpecification","valueRequired":true,"valueName":"search_term_string"}}],"inLanguage":"fr-FR"},{"@type":"Organization","@id":"https:\/\/lasentinelle.dz\/#organization","name":"Quotidien La Sentinelle","url":"https:\/\/lasentinelle.dz\/","logo":{"@type":"ImageObject","inLanguage":"fr-FR","@id":"https:\/\/lasentinelle.dz\/#\/schema\/logo\/image\/","url":"https:\/\/lasentinelle.dz\/wp-content\/uploads\/2021\/09\/logo-sentinelleSLOGAN-1.png","contentUrl":"https:\/\/lasentinelle.dz\/wp-content\/uploads\/2021\/09\/logo-sentinelleSLOGAN-1.png","width":615,"height":142,"caption":"Quotidien La Sentinelle"},"image":{"@id":"https:\/\/lasentinelle.dz\/#\/schema\/logo\/image\/"},"sameAs":["https:\/\/www.facebook.com\/La-Sentinelle-104059864394773"]},{"@type":"Person","@id":"https:\/\/lasentinelle.dz\/#\/schema\/person\/d865044e22e70a75174ce8bcad3acfb3","name":"La Sentinelle","image":{"@type":"ImageObject","inLanguage":"fr-FR","@id":"https:\/\/secure.gravatar.com\/avatar\/57de8e5d4b15d43fb361a71fbb36338450fe67865b528a43dd10ef7c51a20392?s=96&d=mm&r=g","url":"https:\/\/secure.gravatar.com\/avatar\/57de8e5d4b15d43fb361a71fbb36338450fe67865b528a43dd10ef7c51a20392?s=96&d=mm&r=g","contentUrl":"https:\/\/secure.gravatar.com\/avatar\/57de8e5d4b15d43fb361a71fbb36338450fe67865b528a43dd10ef7c51a20392?s=96&d=mm&r=g","caption":"La Sentinelle"},"sameAs":["http:\/\/www.lasentinelle.dz"],"url":"https:\/\/lasentinelle.dz\/author\/redaction\/"}]}},"_links":{"self":[{"href":"https:\/\/lasentinelle.dz\/index.php\/wp-json\/wp\/v2\/posts\/52412","targetHints":{"allow":["GET"]}}],"collection":[{"href":"https:\/\/lasentinelle.dz\/index.php\/wp-json\/wp\/v2\/posts"}],"about":[{"href":"https:\/\/lasentinelle.dz\/index.php\/wp-json\/wp\/v2\/types\/post"}],"author":[{"embeddable":true,"href":"https:\/\/lasentinelle.dz\/index.php\/wp-json\/wp\/v2\/users\/3"}],"replies":[{"embeddable":true,"href":"https:\/\/lasentinelle.dz\/index.php\/wp-json\/wp\/v2\/comments?post=52412"}],"version-history":[{"count":1,"href":"https:\/\/lasentinelle.dz\/index.php\/wp-json\/wp\/v2\/posts\/52412\/revisions"}],"predecessor-version":[{"id":52414,"href":"https:\/\/lasentinelle.dz\/index.php\/wp-json\/wp\/v2\/posts\/52412\/revisions\/52414"}],"wp:featuredmedia":[{"embeddable":true,"href":"https:\/\/lasentinelle.dz\/index.php\/wp-json\/wp\/v2\/media\/52413"}],"wp:attachment":[{"href":"https:\/\/lasentinelle.dz\/index.php\/wp-json\/wp\/v2\/media?parent=52412"}],"wp:term":[{"taxonomy":"category","embeddable":true,"href":"https:\/\/lasentinelle.dz\/index.php\/wp-json\/wp\/v2\/categories?post=52412"},{"taxonomy":"post_tag","embeddable":true,"href":"https:\/\/lasentinelle.dz\/index.php\/wp-json\/wp\/v2\/tags?post=52412"}],"curies":[{"name":"wp","href":"https:\/\/api.w.org\/{rel}","templated":true}]}}