{"id":52531,"date":"2024-05-18T13:39:45","date_gmt":"2024-05-18T12:39:45","guid":{"rendered":"https:\/\/lasentinelle.dz\/?p=52531"},"modified":"2024-05-18T13:39:51","modified_gmt":"2024-05-18T12:39:51","slug":"la-place-de-lalgerie-dans-le-nouveau-contexte-mondial-en-debats","status":"publish","type":"post","link":"https:\/\/lasentinelle.dz\/index.php\/2024\/05\/18\/la-place-de-lalgerie-dans-le-nouveau-contexte-mondial-en-debats\/","title":{"rendered":"La place de l\u2019Alg\u00e9rie dans le nouveau contexte mondial en d\u00e9bats"},"content":{"rendered":"\n<p>L\u2019am\u00e9lioration du climat des affaires \u00e0 la faveur de la promulgation de la nouvelle Loi sur les investissements et des textes sur l\u2019octroi du foncier \u00e9conomique font de l\u2019Alg\u00e9rie une destination convoit\u00e9e par les investisseurs.<\/p>\n\n\n\n<p>C\u2019est dans ce contexte que la D\u00e9l\u00e9gation de l\u2019Union europ\u00e9enne en Alg\u00e9rie s\u2019est pench\u00e9e jeudi lors d\u2019une journ\u00e9e d\u2019\u00e9tude organis\u00e9e jeudi en collaboration avec l\u2019Agence alg\u00e9rienne de Promotion de l\u2019investissement, sur les opportunit\u00e9s d\u2019investissement et de Nearshoring en Alg\u00e9rie. Il faut dire que la pand\u00e9mie de Covid 19 avec les tensions sur les r\u00e9seaux logistiques mondiaux d\u2019approvisionnements et le d\u00e9but du d\u00e9couplage du commerce mondial en raison des changements g\u00e9opolitiques qui s\u2019en suivirent ont impos\u00e9 de nouveaux mod\u00e8les d\u2019approvisionnement et de d\u00e9localisation pour les op\u00e9rateurs \u00e9conomiques. Une situation qui induit un inversement des flux de capitaux, mais aussi un changement d\u2019approche en ce qui concerne les investissements et les chaines de valeurs mondiales. Les d\u00e9localisations op\u00e9r\u00e9es par les multinationales notamment europ\u00e9ennes vers les march\u00e9s asiatiques lointains en vogue lors de l\u2019\u00e8re de l\u2019hyper-mondialisation laisse place \u00e0 d\u2019autres concepts tels que le \u00ab&nbsp;freindshoring&nbsp;\u00bb et le \u00ab&nbsp;nearshoring&nbsp;\u00bb, ce dernier favorisant des d\u00e9localisations des investissements et une orientation des r\u00e9seaux d\u2019approvisionnement vers les march\u00e9s g\u00e9ographiquement plus proches. C\u2019est dans ce contexte que l\u2019Union europ\u00e9enne s\u2019oriente tout naturellement vers la recherche d\u2019opportunit\u00e9s sur le march\u00e9 alg\u00e9rien proche. Pour la d\u00e9l\u00e9gation de l\u2019UE \u00e0 Alger, la conf\u00e9rence qui s\u2019est tenue jeudi \u00e0 Alger a permis de d\u00e9battre du positionnement de l\u2019Alg\u00e9rie dans le nouveau contexte international en mati\u00e8re d\u2019IDE, des opportunit\u00e9s de raccourcissement des chaines de valeurs europ\u00e9ennes (le \u00ab nearshoring \u00bb) dont pourrait b\u00e9n\u00e9ficier l\u2019\u00e9conomie alg\u00e9rienne, ainsi que des perspectives d\u2019int\u00e9gration \u00e9conomique alg\u00e9ro-europ\u00e9enne et d\u2019expansion vers le continent africain.<\/p>\n\n\n\n<p>Dans ce contexte, le ministre de l&rsquo;Industrie et de la Production pharmaceutique, Ali Aoun, a soulign\u00e9 dans son intervention \u00e0 cette conf\u00e9rence que l&rsquo;Alg\u00e9rie, \u00ab\u00a0qui a toujours \u00e9t\u00e9 un partenaire fiable et s\u00fbr pour les pays europ\u00e9ens, notamment dans le domaine de l&rsquo;approvisionnement en gaz naturel, aspire \u00e0 \u00ab\u00a0\u00e9tablir des relations de coop\u00e9ration et de partenariat qui r\u00e9pondent \u00e0 nos aspirations mutuelles en mati\u00e8re de d\u00e9veloppement \u00e9conomique\u00a0\u00bb. Pour M. Aoun, le th\u00e8me de cette rencontre \u00ab\u00a0s&rsquo;inscrit dans la nouvelle vision \u00e9conomique de l&rsquo;Alg\u00e9rie et constitue une opportunit\u00e9 pour formuler une approche commune en vue de renforcer la coop\u00e9ration entre l&rsquo;Alg\u00e9rie et l&rsquo;UE\u00a0\u00bb. Ainsi, le ministre s&rsquo;est dit convaincu que \u00ab\u00a0le nouveau d\u00e9part ne peut se r\u00e9aliser qu&rsquo;avec la participation de tous les acteurs, notamment les investisseurs et les hommes d&rsquo;affaires des deux c\u00f4t\u00e9s\u00a0\u00bb, appelant \u00e0 \u00ab\u00a0intensifier les contacts et les rencontres pour \u00e9tablir des relations bas\u00e9es sur le principe gagnant-gagnant\u00a0\u00bb. M. Aoun a, en outre, soulign\u00e9 que \u00ab\u00a0la coop\u00e9ration ne saurait \u00eatre fructueuse, que dans le contexte d&rsquo;un environnement s\u00fbr et stable qui renforce la confiance des acteurs \u00e9conomiques et leur octroie les garanties et les mesures incitatives\u00a0\u00bb, rappelant dans ce contexte que \u00ab\u00a0l&rsquo;Alg\u00e9rie, sous la conduite du pr\u00e9sident de la R\u00e9publique, M. Abdelmadjid Tebboune, a initi\u00e9 la concr\u00e9tisation d&rsquo;un saut qualitatif en mati\u00e8re de r\u00e9formes \u00e9conomiques, notamment le cadre juridique relatif aux hydrocarbures, aux finances et \u00e0 l&rsquo;investissement\u00a0\u00bb.<\/p>\n\n\n\n<p>De grandes entreprises s\u2019int\u00e9ressent \u00e0 l\u2019Alg\u00e9rie<\/p>\n\n\n\n<p>Au plan r\u00e9gional, le ministre a rappel\u00e9 que l&rsquo;Alg\u00e9rie a adh\u00e9r\u00e9 \u00e0 la Zone de libre-\u00e9change continentale africaine (ZLECAF), soulignant son ambition de devenir \u00ab\u00a0une passerelle entre les deux continents africain et europ\u00e9en\u00a0\u00bb, notamment de par son positionnement g\u00e9ographique, ainsi que ses investissements dans les infrastructures (routes, zones industrielles, ports), en vue de faciliter les \u00e9changes commerciaux et l&rsquo;acc\u00e8s des investisseurs aux march\u00e9s africains, ce qui est \u00ab\u00a0un catalyseur suppl\u00e9mentaire, \u00e0 m\u00eame de lancer des investissements communs dans les domaines de l&rsquo;industrie, de l&rsquo;agriculture, du commerce et des services\u00a0\u00bb. Partant, le ministre a soulign\u00e9 que \u00ab\u00a0l&rsquo;Alg\u00e9rie vit une nouvelle \u00e8re et est engag\u00e9e \u00e0 jeter des passerelles de coop\u00e9ration avec l&rsquo;Union europ\u00e9enne (UE), en tant que partenaire historique\u00a0\u00bb, rappelant que l&rsquo;accord de partenariat de part et d&rsquo;autre a \u00e9rig\u00e9 l&rsquo;UE en 1er partenaire de l&rsquo;Alg\u00e9rie, durant plusieurs ann\u00e9e, et que le volume des \u00e9changes commerciaux entre l&rsquo;Alg\u00e9rie et l&rsquo;UE, s&rsquo;est \u00e9lev\u00e9 \u00e0 46,5 Mds USD, durant les 11 premiers mois de l&rsquo;ann\u00e9e 2023.<\/p>\n\n\n\n<p>De son c\u00f4t\u00e9, le Directeur g\u00e9n\u00e9ral de l&rsquo;Agence alg\u00e9rienne de la promotion de l&rsquo;investissement (AAPI), Omar Rekkache a mis en avant tout l\u2019attrait que pr\u00e9sente le march\u00e9 alg\u00e9rien pour les investisseurs. Rekkache s&rsquo;est f\u00e9licit\u00e9 des capacit\u00e9s dont dispose l&rsquo;Alg\u00e9rie, lui permettant d&rsquo;\u00eatre \u00ab\u00a0la destination pr\u00e9f\u00e9r\u00e9e et une porte d&rsquo;entr\u00e9e pour des investissements r\u00e9ussis et rentables pour toutes les parties\u00a0\u00bb, appelant les entreprises europ\u00e9ennes \u00e0 exploiter ces conditions en vue de la domiciliation de leurs investissements en Alg\u00e9rie. Le DG de l\u2019AAPI a pr\u00e9cis\u00e9 que \u00a0\u00bbplusieurs m\u00e9ga-entreprises, discutent de l&rsquo;implantation de leurs investissements en Alg\u00e9rie, notamment dans le domaine de l&rsquo;industrie sid\u00e9rurgique, du m\u00e9tal et de l&rsquo;aluminium, avec un montant potentiel d&rsquo;investissement s&rsquo;\u00e9levant \u00e0 6 milliards de dollars pour chaque projet\u00a0\u00bb. Ces entreprises font partie de plus de 100 firmes \u00e9trang\u00e8res ayant exprim\u00e9 leur volont\u00e9 d&rsquo;investir en Alg\u00e9rie, dont 45 relevant des pays de l&rsquo;Union europ\u00e9enne, et ce dans diverses activit\u00e9s, telle que l&rsquo;industrie manufacturi\u00e8re, l&rsquo;agroalimentaire, les \u00e9nergies renouvelables, et l&rsquo;\u00e9conomie circulaire, d&rsquo;autant qu&rsquo;un travail est en cours avec les porteurs des projets propos\u00e9s, portant examen des m\u00e9canismes assurant leur mise en \u0153uvre effective. Evoquant les investissements enregistr\u00e9s par les guichets de l&rsquo;Agence depuis sa cr\u00e9ation en 2022 \u00e0 ce jour, le Directeur g\u00e9n\u00e9ral de l&rsquo;AAPI a r\u00e9v\u00e9l\u00e9 l&rsquo;inscription de 7.000 projets d&rsquo;investissements d\u00e9clar\u00e9s, mettant en avant \u00ab\u00a0le suivi et l&rsquo;accompagnement de la mise en \u0153uvre de ces projets, outre la r\u00e9union des conditions de leur concr\u00e9tisation sur le terrain\u00a0\u00bb. En ce qui concerne les projets li\u00e9s aux \u00e9trangers enregistr\u00e9s par l&rsquo;Agence pendant la p\u00e9riode sus-mentionn\u00e9e, leur nombre s&rsquo;\u00e9l\u00e8ve \u00e0 123 projets, dont 44 investissements directs \u00e9trangers (IDE) et 79 projets en partenariat avec des acteurs locaux.<\/p>\n\n\n\n<p><strong>Un programme en 5 axes<\/strong><\/p>\n\n\n\n<p>Pour rappel, cette conf\u00e9rence s&rsquo;inscrit dans le cadre de la mise en \u0153uvre du programme de coop\u00e9ration entre le minist\u00e8re des Affaires \u00e9trang\u00e8res et de la Communaut\u00e9 nationale \u00e0 l&rsquo;\u00e9tranger et l&rsquo;UE \u00e0 travers le projet \u00ab\u00a0Partenariat Alg\u00e9ro-Europ\u00e9en pour un Investissement durable\u00a0\u00bb, lanc\u00e9 en 2023 pour renforcer le partenariat \u00e9conomique entre les deux parties \u00e0 travers la promotion des IDE et les projets de raccourcissement des cha\u00eenes d&rsquo;approvisionnement europ\u00e9ennes. Dans le cadre de ce projet, plusieurs missions ont \u00e9t\u00e9 effectu\u00e9es en Belgique et au Portugal, en attendant l&rsquo;Italie, la Su\u00e8de et d&rsquo;autres pays \u00e0 partir de la semaine prochaine. La mission alg\u00e9rienne \u0153uvre \u00ab\u00a0selon une approche proactive, ciblant les entreprises europ\u00e9ennes activant dans des secteurs prioritaires pour l&rsquo;\u00e9conomie nationale, afin de pr\u00e9senter les opportunit\u00e9s d&rsquo;investissement en Alg\u00e9rie, ainsi que les avantages, les facilitations offertes et les garanties accord\u00e9es\u00a0\u00bb, selon le m\u00eame responsable. De son c\u00f4t\u00e9, la D\u00e9l\u00e9gation de l\u2019UE a indiqu\u00e9 dans un communiqu\u00e9 que&nbsp; le projet \u00ab Partenariat euro-alg\u00e9rien pour l&rsquo;investissement durable \u00bb constitue une opportunit\u00e9 pour le renforcement de la coop\u00e9ration \u00e9conomique bilat\u00e9rale entre l\u2019UE et l\u2019Alg\u00e9rie \u00e0 travers la promotion d\u2019IDE et de projets de <em>nearshoring<\/em> europ\u00e9ens, en mettant l&rsquo;accent sur la promotion de la transition verte, de la s\u00e9curit\u00e9 \u00e9nerg\u00e9tique et de la cr\u00e9ation d&#8217;emplois. <a>&nbsp;Les objectifs du projet visent notamment \u00e0 renforcer le dialogue bilat\u00e9ral sur la coop\u00e9ration \u00e9conomique et \u00e9nerg\u00e9tique, \u00e0 contribuer \u00e0 faciliter les IDE et \u00e9changes commerciaux et aider l&rsquo;Alg\u00e9rie \u00e0 d\u00e9velopper ses capacit\u00e9s d&rsquo;exportation en vue de sa diversification \u00e9conomique. <\/a><a>&nbsp;Pour ce faire, les actions du projet s\u2019articulent autour de cinq axes principaux. Il s\u2019agit en premier lieu de la mise en place un \u00ab groupe d&rsquo;experts \u00e9conomiques alg\u00e9ro-europ\u00e9ens \u00bb et organisation d&rsquo;une s\u00e9rie de r\u00e9unions techniques autour de la promotion des Investissements Directs \u00c9trangers (IDE) en Alg\u00e9rie. Ce projet pr\u00e9voit aussi l\u2019organisation d\u2019\u00e9v\u00e9nements sur les relations \u00e9conomiques entre les pays europ\u00e9ens et l&rsquo;Alg\u00e9rie&nbsp;; l\u2019identification de secteurs\/cha\u00eenes de valeur en Alg\u00e9rie pr\u00e9sentant un fort potentiel pour les IDE europ\u00e9ens et\/ou le <em>nearshoring<\/em>&nbsp;; la promotion de projets concrets d&rsquo;IDE ou de <em>nearshoring <\/em>en Alg\u00e9rie&nbsp;; et le d\u00e9veloppement d&rsquo;outils d\u2019information sur comment investir et cr\u00e9er des affaires en Alg\u00e9rie.<\/a><\/p>\n\n\n\n<p><strong>Samir Benisid<\/strong><\/p>\n","protected":false},"excerpt":{"rendered":"<p>L\u2019am\u00e9lioration du climat des affaires \u00e0 la faveur de la promulgation de la nouvelle Loi sur les investissements et des<\/p>\n","protected":false},"author":3,"featured_media":52532,"comment_status":"open","ping_status":"closed","sticky":false,"template":"","format":"standard","meta":{"colormag_page_container_layout":"default_layout","colormag_page_sidebar_layout":"default_layout","om_disable_all_campaigns":false,"_monsterinsights_skip_tracking":false,"_monsterinsights_sitenote_active":false,"_monsterinsights_sitenote_note":"","_monsterinsights_sitenote_category":0,"footnotes":"","_wpscppro_dont_share_socialmedia":false,"_wpscppro_custom_social_share_image":0,"_facebook_share_type":"default","_twitter_share_type":"default","_linkedin_share_type":"default","_pinterest_share_type":"default","_linkedin_share_type_page":"","_instagram_share_type":"default","_medium_share_type":"","_threads_share_type":"","_google_business_share_type":"","_selected_social_profile":[],"_wpsp_enable_custom_social_template":false,"_wpsp_social_scheduling":{"enabled":false,"datetime":null,"platforms":[],"status":"template_only","dateOption":"today","timeOption":"now","customDays":"","customHours":"","customDate":"","customTime":"","schedulingType":"absolute"},"_wpsp_active_default_template":true},"categories":[29],"tags":[],"class_list":["post-52531","post","type-post","status-publish","format-standard","has-post-thumbnail","hentry","category-economie"],"aioseo_notices":[],"yoast_head":"<!-- This site is optimized with the Yoast SEO plugin v27.5 - https:\/\/yoast.com\/product\/yoast-seo-wordpress\/ -->\n<title>La place de l\u2019Alg\u00e9rie dans le nouveau contexte mondial en d\u00e9bats - La Sentinelle<\/title>\n<meta name=\"robots\" content=\"index, follow, max-snippet:-1, max-image-preview:large, max-video-preview:-1\" \/>\n<link rel=\"canonical\" href=\"https:\/\/lasentinelle.dz\/index.php\/2024\/05\/18\/la-place-de-lalgerie-dans-le-nouveau-contexte-mondial-en-debats\/\" \/>\n<meta property=\"og:locale\" content=\"fr_FR\" \/>\n<meta property=\"og:type\" content=\"article\" \/>\n<meta property=\"og:title\" content=\"La place de l\u2019Alg\u00e9rie dans le nouveau contexte mondial en d\u00e9bats - La Sentinelle\" \/>\n<meta property=\"og:description\" content=\"L\u2019am\u00e9lioration du climat des affaires \u00e0 la faveur de la promulgation de la nouvelle Loi sur les investissements et des\" \/>\n<meta property=\"og:url\" content=\"https:\/\/lasentinelle.dz\/index.php\/2024\/05\/18\/la-place-de-lalgerie-dans-le-nouveau-contexte-mondial-en-debats\/\" \/>\n<meta property=\"og:site_name\" content=\"La Sentinelle\" \/>\n<meta property=\"article:publisher\" content=\"https:\/\/www.facebook.com\/La-Sentinelle-104059864394773\" \/>\n<meta property=\"article:published_time\" content=\"2024-05-18T12:39:45+00:00\" \/>\n<meta property=\"article:modified_time\" content=\"2024-05-18T12:39:51+00:00\" \/>\n<meta property=\"og:image\" content=\"https:\/\/lasentinelle.dz\/wp-content\/uploads\/2024\/05\/conference.jpeg\" \/>\n\t<meta property=\"og:image:width\" content=\"1280\" \/>\n\t<meta property=\"og:image:height\" content=\"854\" \/>\n\t<meta property=\"og:image:type\" content=\"image\/jpeg\" \/>\n<meta name=\"author\" content=\"La Sentinelle\" \/>\n<meta name=\"twitter:card\" content=\"summary_large_image\" \/>\n<meta name=\"twitter:label1\" content=\"\u00c9crit par\" \/>\n\t<meta name=\"twitter:data1\" content=\"La Sentinelle\" \/>\n\t<meta name=\"twitter:label2\" content=\"Dur\u00e9e de lecture estim\u00e9e\" \/>\n\t<meta name=\"twitter:data2\" content=\"7 minutes\" \/>\n<script type=\"application\/ld+json\" class=\"yoast-schema-graph\">{\"@context\":\"https:\\\/\\\/schema.org\",\"@graph\":[{\"@type\":\"Article\",\"@id\":\"https:\\\/\\\/lasentinelle.dz\\\/index.php\\\/2024\\\/05\\\/18\\\/la-place-de-lalgerie-dans-le-nouveau-contexte-mondial-en-debats\\\/#article\",\"isPartOf\":{\"@id\":\"https:\\\/\\\/lasentinelle.dz\\\/index.php\\\/2024\\\/05\\\/18\\\/la-place-de-lalgerie-dans-le-nouveau-contexte-mondial-en-debats\\\/\"},\"author\":{\"name\":\"La Sentinelle\",\"@id\":\"https:\\\/\\\/lasentinelle.dz\\\/#\\\/schema\\\/person\\\/d865044e22e70a75174ce8bcad3acfb3\"},\"headline\":\"La place de l\u2019Alg\u00e9rie dans le nouveau contexte mondial en d\u00e9bats\",\"datePublished\":\"2024-05-18T12:39:45+00:00\",\"dateModified\":\"2024-05-18T12:39:51+00:00\",\"mainEntityOfPage\":{\"@id\":\"https:\\\/\\\/lasentinelle.dz\\\/index.php\\\/2024\\\/05\\\/18\\\/la-place-de-lalgerie-dans-le-nouveau-contexte-mondial-en-debats\\\/\"},\"wordCount\":1597,\"commentCount\":0,\"publisher\":{\"@id\":\"https:\\\/\\\/lasentinelle.dz\\\/#organization\"},\"image\":{\"@id\":\"https:\\\/\\\/lasentinelle.dz\\\/index.php\\\/2024\\\/05\\\/18\\\/la-place-de-lalgerie-dans-le-nouveau-contexte-mondial-en-debats\\\/#primaryimage\"},\"thumbnailUrl\":\"https:\\\/\\\/lasentinelle.dz\\\/wp-content\\\/uploads\\\/2024\\\/05\\\/conference.jpeg\",\"articleSection\":[\"\u00c9conomie\"],\"inLanguage\":\"fr-FR\",\"potentialAction\":[{\"@type\":\"CommentAction\",\"name\":\"Comment\",\"target\":[\"https:\\\/\\\/lasentinelle.dz\\\/index.php\\\/2024\\\/05\\\/18\\\/la-place-de-lalgerie-dans-le-nouveau-contexte-mondial-en-debats\\\/#respond\"]}]},{\"@type\":\"WebPage\",\"@id\":\"https:\\\/\\\/lasentinelle.dz\\\/index.php\\\/2024\\\/05\\\/18\\\/la-place-de-lalgerie-dans-le-nouveau-contexte-mondial-en-debats\\\/\",\"url\":\"https:\\\/\\\/lasentinelle.dz\\\/index.php\\\/2024\\\/05\\\/18\\\/la-place-de-lalgerie-dans-le-nouveau-contexte-mondial-en-debats\\\/\",\"name\":\"La place de l\u2019Alg\u00e9rie dans le nouveau contexte mondial en d\u00e9bats - La Sentinelle\",\"isPartOf\":{\"@id\":\"https:\\\/\\\/lasentinelle.dz\\\/#website\"},\"primaryImageOfPage\":{\"@id\":\"https:\\\/\\\/lasentinelle.dz\\\/index.php\\\/2024\\\/05\\\/18\\\/la-place-de-lalgerie-dans-le-nouveau-contexte-mondial-en-debats\\\/#primaryimage\"},\"image\":{\"@id\":\"https:\\\/\\\/lasentinelle.dz\\\/index.php\\\/2024\\\/05\\\/18\\\/la-place-de-lalgerie-dans-le-nouveau-contexte-mondial-en-debats\\\/#primaryimage\"},\"thumbnailUrl\":\"https:\\\/\\\/lasentinelle.dz\\\/wp-content\\\/uploads\\\/2024\\\/05\\\/conference.jpeg\",\"datePublished\":\"2024-05-18T12:39:45+00:00\",\"dateModified\":\"2024-05-18T12:39:51+00:00\",\"breadcrumb\":{\"@id\":\"https:\\\/\\\/lasentinelle.dz\\\/index.php\\\/2024\\\/05\\\/18\\\/la-place-de-lalgerie-dans-le-nouveau-contexte-mondial-en-debats\\\/#breadcrumb\"},\"inLanguage\":\"fr-FR\",\"potentialAction\":[{\"@type\":\"ReadAction\",\"target\":[\"https:\\\/\\\/lasentinelle.dz\\\/index.php\\\/2024\\\/05\\\/18\\\/la-place-de-lalgerie-dans-le-nouveau-contexte-mondial-en-debats\\\/\"]}]},{\"@type\":\"ImageObject\",\"inLanguage\":\"fr-FR\",\"@id\":\"https:\\\/\\\/lasentinelle.dz\\\/index.php\\\/2024\\\/05\\\/18\\\/la-place-de-lalgerie-dans-le-nouveau-contexte-mondial-en-debats\\\/#primaryimage\",\"url\":\"https:\\\/\\\/lasentinelle.dz\\\/wp-content\\\/uploads\\\/2024\\\/05\\\/conference.jpeg\",\"contentUrl\":\"https:\\\/\\\/lasentinelle.dz\\\/wp-content\\\/uploads\\\/2024\\\/05\\\/conference.jpeg\",\"width\":1280,\"height\":854},{\"@type\":\"BreadcrumbList\",\"@id\":\"https:\\\/\\\/lasentinelle.dz\\\/index.php\\\/2024\\\/05\\\/18\\\/la-place-de-lalgerie-dans-le-nouveau-contexte-mondial-en-debats\\\/#breadcrumb\",\"itemListElement\":[{\"@type\":\"ListItem\",\"position\":1,\"name\":\"Accueil\",\"item\":\"https:\\\/\\\/lasentinelle.dz\\\/\"},{\"@type\":\"ListItem\",\"position\":2,\"name\":\"La place de l\u2019Alg\u00e9rie dans le nouveau contexte mondial en d\u00e9bats\"}]},{\"@type\":\"WebSite\",\"@id\":\"https:\\\/\\\/lasentinelle.dz\\\/#website\",\"url\":\"https:\\\/\\\/lasentinelle.dz\\\/\",\"name\":\"La Sentinelle\",\"description\":\"Quotidien national d&#039;information\",\"publisher\":{\"@id\":\"https:\\\/\\\/lasentinelle.dz\\\/#organization\"},\"potentialAction\":[{\"@type\":\"SearchAction\",\"target\":{\"@type\":\"EntryPoint\",\"urlTemplate\":\"https:\\\/\\\/lasentinelle.dz\\\/?s={search_term_string}\"},\"query-input\":{\"@type\":\"PropertyValueSpecification\",\"valueRequired\":true,\"valueName\":\"search_term_string\"}}],\"inLanguage\":\"fr-FR\"},{\"@type\":\"Organization\",\"@id\":\"https:\\\/\\\/lasentinelle.dz\\\/#organization\",\"name\":\"Quotidien La Sentinelle\",\"url\":\"https:\\\/\\\/lasentinelle.dz\\\/\",\"logo\":{\"@type\":\"ImageObject\",\"inLanguage\":\"fr-FR\",\"@id\":\"https:\\\/\\\/lasentinelle.dz\\\/#\\\/schema\\\/logo\\\/image\\\/\",\"url\":\"https:\\\/\\\/lasentinelle.dz\\\/wp-content\\\/uploads\\\/2021\\\/09\\\/logo-sentinelleSLOGAN-1.png\",\"contentUrl\":\"https:\\\/\\\/lasentinelle.dz\\\/wp-content\\\/uploads\\\/2021\\\/09\\\/logo-sentinelleSLOGAN-1.png\",\"width\":615,\"height\":142,\"caption\":\"Quotidien La Sentinelle\"},\"image\":{\"@id\":\"https:\\\/\\\/lasentinelle.dz\\\/#\\\/schema\\\/logo\\\/image\\\/\"},\"sameAs\":[\"https:\\\/\\\/www.facebook.com\\\/La-Sentinelle-104059864394773\"]},{\"@type\":\"Person\",\"@id\":\"https:\\\/\\\/lasentinelle.dz\\\/#\\\/schema\\\/person\\\/d865044e22e70a75174ce8bcad3acfb3\",\"name\":\"La Sentinelle\",\"image\":{\"@type\":\"ImageObject\",\"inLanguage\":\"fr-FR\",\"@id\":\"https:\\\/\\\/secure.gravatar.com\\\/avatar\\\/57de8e5d4b15d43fb361a71fbb36338450fe67865b528a43dd10ef7c51a20392?s=96&d=mm&r=g\",\"url\":\"https:\\\/\\\/secure.gravatar.com\\\/avatar\\\/57de8e5d4b15d43fb361a71fbb36338450fe67865b528a43dd10ef7c51a20392?s=96&d=mm&r=g\",\"contentUrl\":\"https:\\\/\\\/secure.gravatar.com\\\/avatar\\\/57de8e5d4b15d43fb361a71fbb36338450fe67865b528a43dd10ef7c51a20392?s=96&d=mm&r=g\",\"caption\":\"La Sentinelle\"},\"sameAs\":[\"http:\\\/\\\/www.lasentinelle.dz\"],\"url\":\"https:\\\/\\\/lasentinelle.dz\\\/author\\\/redaction\\\/\"}]}<\/script>\n<!-- \/ Yoast SEO plugin. -->","yoast_head_json":{"title":"La place de l\u2019Alg\u00e9rie dans le nouveau contexte mondial en d\u00e9bats - La Sentinelle","robots":{"index":"index","follow":"follow","max-snippet":"max-snippet:-1","max-image-preview":"max-image-preview:large","max-video-preview":"max-video-preview:-1"},"canonical":"https:\/\/lasentinelle.dz\/index.php\/2024\/05\/18\/la-place-de-lalgerie-dans-le-nouveau-contexte-mondial-en-debats\/","og_locale":"fr_FR","og_type":"article","og_title":"La place de l\u2019Alg\u00e9rie dans le nouveau contexte mondial en d\u00e9bats - La Sentinelle","og_description":"L\u2019am\u00e9lioration du climat des affaires \u00e0 la faveur de la promulgation de la nouvelle Loi sur les investissements et des","og_url":"https:\/\/lasentinelle.dz\/index.php\/2024\/05\/18\/la-place-de-lalgerie-dans-le-nouveau-contexte-mondial-en-debats\/","og_site_name":"La Sentinelle","article_publisher":"https:\/\/www.facebook.com\/La-Sentinelle-104059864394773","article_published_time":"2024-05-18T12:39:45+00:00","article_modified_time":"2024-05-18T12:39:51+00:00","og_image":[{"width":1280,"height":854,"url":"https:\/\/lasentinelle.dz\/wp-content\/uploads\/2024\/05\/conference.jpeg","type":"image\/jpeg"}],"author":"La Sentinelle","twitter_card":"summary_large_image","twitter_misc":{"\u00c9crit par":"La Sentinelle","Dur\u00e9e de lecture estim\u00e9e":"7 minutes"},"schema":{"@context":"https:\/\/schema.org","@graph":[{"@type":"Article","@id":"https:\/\/lasentinelle.dz\/index.php\/2024\/05\/18\/la-place-de-lalgerie-dans-le-nouveau-contexte-mondial-en-debats\/#article","isPartOf":{"@id":"https:\/\/lasentinelle.dz\/index.php\/2024\/05\/18\/la-place-de-lalgerie-dans-le-nouveau-contexte-mondial-en-debats\/"},"author":{"name":"La Sentinelle","@id":"https:\/\/lasentinelle.dz\/#\/schema\/person\/d865044e22e70a75174ce8bcad3acfb3"},"headline":"La place de l\u2019Alg\u00e9rie dans le nouveau contexte mondial en d\u00e9bats","datePublished":"2024-05-18T12:39:45+00:00","dateModified":"2024-05-18T12:39:51+00:00","mainEntityOfPage":{"@id":"https:\/\/lasentinelle.dz\/index.php\/2024\/05\/18\/la-place-de-lalgerie-dans-le-nouveau-contexte-mondial-en-debats\/"},"wordCount":1597,"commentCount":0,"publisher":{"@id":"https:\/\/lasentinelle.dz\/#organization"},"image":{"@id":"https:\/\/lasentinelle.dz\/index.php\/2024\/05\/18\/la-place-de-lalgerie-dans-le-nouveau-contexte-mondial-en-debats\/#primaryimage"},"thumbnailUrl":"https:\/\/lasentinelle.dz\/wp-content\/uploads\/2024\/05\/conference.jpeg","articleSection":["\u00c9conomie"],"inLanguage":"fr-FR","potentialAction":[{"@type":"CommentAction","name":"Comment","target":["https:\/\/lasentinelle.dz\/index.php\/2024\/05\/18\/la-place-de-lalgerie-dans-le-nouveau-contexte-mondial-en-debats\/#respond"]}]},{"@type":"WebPage","@id":"https:\/\/lasentinelle.dz\/index.php\/2024\/05\/18\/la-place-de-lalgerie-dans-le-nouveau-contexte-mondial-en-debats\/","url":"https:\/\/lasentinelle.dz\/index.php\/2024\/05\/18\/la-place-de-lalgerie-dans-le-nouveau-contexte-mondial-en-debats\/","name":"La place de l\u2019Alg\u00e9rie dans le nouveau contexte mondial en d\u00e9bats - La Sentinelle","isPartOf":{"@id":"https:\/\/lasentinelle.dz\/#website"},"primaryImageOfPage":{"@id":"https:\/\/lasentinelle.dz\/index.php\/2024\/05\/18\/la-place-de-lalgerie-dans-le-nouveau-contexte-mondial-en-debats\/#primaryimage"},"image":{"@id":"https:\/\/lasentinelle.dz\/index.php\/2024\/05\/18\/la-place-de-lalgerie-dans-le-nouveau-contexte-mondial-en-debats\/#primaryimage"},"thumbnailUrl":"https:\/\/lasentinelle.dz\/wp-content\/uploads\/2024\/05\/conference.jpeg","datePublished":"2024-05-18T12:39:45+00:00","dateModified":"2024-05-18T12:39:51+00:00","breadcrumb":{"@id":"https:\/\/lasentinelle.dz\/index.php\/2024\/05\/18\/la-place-de-lalgerie-dans-le-nouveau-contexte-mondial-en-debats\/#breadcrumb"},"inLanguage":"fr-FR","potentialAction":[{"@type":"ReadAction","target":["https:\/\/lasentinelle.dz\/index.php\/2024\/05\/18\/la-place-de-lalgerie-dans-le-nouveau-contexte-mondial-en-debats\/"]}]},{"@type":"ImageObject","inLanguage":"fr-FR","@id":"https:\/\/lasentinelle.dz\/index.php\/2024\/05\/18\/la-place-de-lalgerie-dans-le-nouveau-contexte-mondial-en-debats\/#primaryimage","url":"https:\/\/lasentinelle.dz\/wp-content\/uploads\/2024\/05\/conference.jpeg","contentUrl":"https:\/\/lasentinelle.dz\/wp-content\/uploads\/2024\/05\/conference.jpeg","width":1280,"height":854},{"@type":"BreadcrumbList","@id":"https:\/\/lasentinelle.dz\/index.php\/2024\/05\/18\/la-place-de-lalgerie-dans-le-nouveau-contexte-mondial-en-debats\/#breadcrumb","itemListElement":[{"@type":"ListItem","position":1,"name":"Accueil","item":"https:\/\/lasentinelle.dz\/"},{"@type":"ListItem","position":2,"name":"La place de l\u2019Alg\u00e9rie dans le nouveau contexte mondial en d\u00e9bats"}]},{"@type":"WebSite","@id":"https:\/\/lasentinelle.dz\/#website","url":"https:\/\/lasentinelle.dz\/","name":"La Sentinelle","description":"Quotidien national d&#039;information","publisher":{"@id":"https:\/\/lasentinelle.dz\/#organization"},"potentialAction":[{"@type":"SearchAction","target":{"@type":"EntryPoint","urlTemplate":"https:\/\/lasentinelle.dz\/?s={search_term_string}"},"query-input":{"@type":"PropertyValueSpecification","valueRequired":true,"valueName":"search_term_string"}}],"inLanguage":"fr-FR"},{"@type":"Organization","@id":"https:\/\/lasentinelle.dz\/#organization","name":"Quotidien La Sentinelle","url":"https:\/\/lasentinelle.dz\/","logo":{"@type":"ImageObject","inLanguage":"fr-FR","@id":"https:\/\/lasentinelle.dz\/#\/schema\/logo\/image\/","url":"https:\/\/lasentinelle.dz\/wp-content\/uploads\/2021\/09\/logo-sentinelleSLOGAN-1.png","contentUrl":"https:\/\/lasentinelle.dz\/wp-content\/uploads\/2021\/09\/logo-sentinelleSLOGAN-1.png","width":615,"height":142,"caption":"Quotidien La Sentinelle"},"image":{"@id":"https:\/\/lasentinelle.dz\/#\/schema\/logo\/image\/"},"sameAs":["https:\/\/www.facebook.com\/La-Sentinelle-104059864394773"]},{"@type":"Person","@id":"https:\/\/lasentinelle.dz\/#\/schema\/person\/d865044e22e70a75174ce8bcad3acfb3","name":"La Sentinelle","image":{"@type":"ImageObject","inLanguage":"fr-FR","@id":"https:\/\/secure.gravatar.com\/avatar\/57de8e5d4b15d43fb361a71fbb36338450fe67865b528a43dd10ef7c51a20392?s=96&d=mm&r=g","url":"https:\/\/secure.gravatar.com\/avatar\/57de8e5d4b15d43fb361a71fbb36338450fe67865b528a43dd10ef7c51a20392?s=96&d=mm&r=g","contentUrl":"https:\/\/secure.gravatar.com\/avatar\/57de8e5d4b15d43fb361a71fbb36338450fe67865b528a43dd10ef7c51a20392?s=96&d=mm&r=g","caption":"La Sentinelle"},"sameAs":["http:\/\/www.lasentinelle.dz"],"url":"https:\/\/lasentinelle.dz\/author\/redaction\/"}]}},"_links":{"self":[{"href":"https:\/\/lasentinelle.dz\/index.php\/wp-json\/wp\/v2\/posts\/52531","targetHints":{"allow":["GET"]}}],"collection":[{"href":"https:\/\/lasentinelle.dz\/index.php\/wp-json\/wp\/v2\/posts"}],"about":[{"href":"https:\/\/lasentinelle.dz\/index.php\/wp-json\/wp\/v2\/types\/post"}],"author":[{"embeddable":true,"href":"https:\/\/lasentinelle.dz\/index.php\/wp-json\/wp\/v2\/users\/3"}],"replies":[{"embeddable":true,"href":"https:\/\/lasentinelle.dz\/index.php\/wp-json\/wp\/v2\/comments?post=52531"}],"version-history":[{"count":1,"href":"https:\/\/lasentinelle.dz\/index.php\/wp-json\/wp\/v2\/posts\/52531\/revisions"}],"predecessor-version":[{"id":52533,"href":"https:\/\/lasentinelle.dz\/index.php\/wp-json\/wp\/v2\/posts\/52531\/revisions\/52533"}],"wp:featuredmedia":[{"embeddable":true,"href":"https:\/\/lasentinelle.dz\/index.php\/wp-json\/wp\/v2\/media\/52532"}],"wp:attachment":[{"href":"https:\/\/lasentinelle.dz\/index.php\/wp-json\/wp\/v2\/media?parent=52531"}],"wp:term":[{"taxonomy":"category","embeddable":true,"href":"https:\/\/lasentinelle.dz\/index.php\/wp-json\/wp\/v2\/categories?post=52531"},{"taxonomy":"post_tag","embeddable":true,"href":"https:\/\/lasentinelle.dz\/index.php\/wp-json\/wp\/v2\/tags?post=52531"}],"curies":[{"name":"wp","href":"https:\/\/api.w.org\/{rel}","templated":true}]}}