{"id":52534,"date":"2024-05-18T13:45:21","date_gmt":"2024-05-18T12:45:21","guid":{"rendered":"https:\/\/lasentinelle.dz\/?p=52534"},"modified":"2024-05-18T13:45:24","modified_gmt":"2024-05-18T12:45:24","slug":"un-plan-marshall-pour-lagriculture-saharienne","status":"publish","type":"post","link":"https:\/\/lasentinelle.dz\/index.php\/2024\/05\/18\/un-plan-marshall-pour-lagriculture-saharienne\/","title":{"rendered":"Un plan Marshall pour l\u2019agriculture saharienne"},"content":{"rendered":"\n<p>Les pouvoirs publics misent sur le d\u00e9veloppement intensif de l\u2019agriculture saharienne pour augmenter les volumes de production agricole, assurer la mise en \u0153uvre du programme de lancement et d\u2019extension des cultures strat\u00e9giques et consolider ainsi la s\u00e9curit\u00e9 alimentaire. Un v\u00e9ritable plan Marshall a \u00e9t\u00e9 mis en pour garantir l\u2019aboutissement de ce plan avec la contribution de plusieurs d\u00e9partement minist\u00e9riels. Agriculture, hydraulique, transports et \u00e9nergies, tous ces d\u00e9partements ont mis en place des mesures pour r\u00e9pondre aux besoins des agriculteurs et des investisseurs.<\/p>\n\n\n\n<p>Les images de convois de moissonneuses batteuses mobilis\u00e9es par l\u2019Office alg\u00e9rien interprofessionnel des c\u00e9r\u00e9ales pour la campagne de moisson-battage qui a commenc\u00e9 dans le Sud et des convois de camions en direction des dunes de c\u00e9r\u00e9ales r\u00e9colt\u00e9es jusque-l\u00e0 dans certaines wilayas impressionnent. Elles refl\u00e8tent surtout les premiers r\u00e9sultats d\u2019une politique assise sur le d\u00e9veloppement de la c\u00e9r\u00e9aliculture en milieu saharien gr\u00e2ce \u00e0 une batterie de mesures destin\u00e9es \u00e0 doter les exploitations d\u2019eau, d\u2019\u00e9nergie, d\u2019engrais, de semis et de moyens de m\u00e9canisation, de transport et de stockage. Un r\u00e9sultat qui ne repr\u00e9sente qu\u2019une infime portion de l\u2019incroyable potentiel de d\u00e9veloppement de l\u2019agriculture saharienne et sur lequel les pouvoirs publics comptent capitaliser pour d\u00e9velopper une v\u00e9ritable industrie agricole, notamment \u00e0 travers la mise en place d\u2019une cartographie des potentialit\u00e9s agricole du Sud. &nbsp;La question a d\u2019ailleurs \u00e9t\u00e9 au c\u0153ur d\u2019une Journ\u00e9e d&rsquo;\u00e9tude organis\u00e9e jeudi au minist\u00e8re de l\u2019\u00c9nergie et des Mines. A l\u2019ouverture de l\u2019\u00e9v\u00e9nement, le ministre de l&rsquo;Agriculture et du D\u00e9veloppement rural, Youcef Cherfa, a affirm\u00e9, jeudi \u00e0 Alger, que la mise en place d&rsquo;une carte minutieuse des potentialit\u00e9s nationales, en vue de la r\u00e9alisation de projets d&rsquo;investissement dans le domaine agricole dans les wilayas du Sud, permettra d&rsquo;activer le plan national de d\u00e9veloppement des cultures strat\u00e9giques. Et d\u2019ajouter que cette carte \u00ab\u00a0permettra de d\u00e9terminer les besoins sp\u00e9cifiques en termes de sol, des eaux, de l&rsquo;\u00e9nergie, des infrastructures et des communications\u00a0\u00bb, \u00e0 savoir des facteurs principaux, \u00e0 m\u00eame d&rsquo;activer le plan national de d\u00e9veloppement des cultures strat\u00e9giques. Pour ce faire, ajoute le ministre, la question requiert la conjugaison des efforts de tout un chacun, au double plan central et local, en vue de contribuer \u00e0 l&rsquo;acc\u00e9l\u00e9ration de la cadence de la r\u00e9alisation de plusieurs programmes, \u00e0 l&rsquo;instar du raccordement des exploitations agricoles \u00e0 l&rsquo;\u00e9lectricit\u00e9, la facilitation des proc\u00e9dures de forage des puits et de mise en valeur des eaux non-conventionnelles. Afin d&rsquo;identifier les grands p\u00e9rim\u00e8tres pour accueillir les projets d&rsquo;investissement int\u00e9gr\u00e9s n\u00e9cessitant un accompagnement de tous les secteurs concern\u00e9s pour les concr\u00e9tiser sur le terrain dans les meilleurs d\u00e9lais, il a \u00e9t\u00e9 proc\u00e9d\u00e9 lors d&rsquo;une s\u00e9ance de travail \u00e0 huis clos, \u00e0 la pr\u00e9sentation et \u00e0 l&rsquo;examen des \u00e9tudes techniques et cartographiques r\u00e9alis\u00e9es par les diff\u00e9rents services comp\u00e9tents sur les capacit\u00e9s r\u00e9elles en termes d&rsquo;eau et de sol disponibles dans les wilayas du sud.<\/p>\n\n\n\n<p><strong>Un couloir vert pour 10.000 hectares de cultures<\/strong><\/p>\n\n\n\n<p>A cette occasion, M. Cherfa a \u00e9voqu\u00e9 les objectifs les plus importants li\u00e9s au renforcement de la s\u00e9curit\u00e9 alimentaire et \u00e0 la production des besoins alimentaires de large consommation, tels que les c\u00e9r\u00e9ales, les l\u00e9gumes secs, les ol\u00e9agineux, le lait et le sucre, en concr\u00e9tisation des engagements du pr\u00e9sident de la R\u00e9publique, M. Abdelmadjid Tebboune, qui a insist\u00e9 sur la n\u00e9cessit\u00e9 d&rsquo;aller vers une mise en valeur durable des terres dans le Sud pour d\u00e9velopper les cultures industrielles. Dans le m\u00eame contexte, le ministre a rappel\u00e9 que le secteur agricole conna\u00eet un int\u00e9r\u00eat de la part des op\u00e9rateurs \u00e9conomiques alg\u00e9riens et \u00e9trangers pour investir dans le Sud, notamment apr\u00e8s l&rsquo;entr\u00e9e en vigueur de mesures incitatives pour les investisseurs, \u00e0 l&rsquo;instar du couloir vert pour les projets d\u00e9passant 10.000 hectares. Intervenant lui aussi \u00e0 cette occasion, le ministre de l&rsquo;Hydraulique, Taha Derbal a mis en exergue le r\u00f4le de ses services en mati\u00e8re d&rsquo;accompagnement du secteur agricole dans la mise en \u0153uvre du programme strat\u00e9gique, et ce \u00e0 travers la mobilisation des ressources hydriques sous toutes leurs formes. L&rsquo;eau c&rsquo;est l&rsquo;essence du d\u00e9veloppement agricole notamment dans les wilayas du Sud qui consomment des quantit\u00e9s consid\u00e9rables, compte tenu de leurs sp\u00e9cificit\u00e9s g\u00e9ographiques et climatiques, a-t-il mis en avant. L&rsquo;\u00e9largissement et le d\u00e9veloppement des surfaces agricoles d\u00e9pendra de la disponibilit\u00e9 des ressources en eau, a ajout\u00e9 M. Derbal. Pour la valorisation et l&rsquo;\u00e9largissement de cet acquis, le ministre a affirm\u00e9 que son secteur s&rsquo;attelait \u00e0 l&rsquo;accompagnement des investisseurs en agriculture dans le Sud, leur accordant toutes les facilitations relatives \u00e0 l&rsquo;obtention des autorisations de forages de puits dans la r\u00e9gion qui regorge d&rsquo;un stock strat\u00e9gique d&rsquo;eaux souterraines. Et d&rsquo;ajouter que ses services \u0153uvraient \u00e0 la mise au point d&rsquo;une cartographie des ressources du pays en eaux souterraines, en vue d&rsquo;une meilleure exploitation permettant ainsi la r\u00e9alisation de la s\u00e9curit\u00e9 alimentaire et la relance de l&rsquo;\u00e9conomie nationale.<\/p>\n\n\n\n<p><strong>Agriculture et hydrocabures<\/strong><\/p>\n\n\n\n<p><strong>Pour sa part, <\/strong>le ministre de l&rsquo;Energie et des mines, Mohamed Arkab a indiqu\u00e9 qu&rsquo;un cadre de travail avait \u00e9t\u00e9 d\u00e9fini pour faciliter la coop\u00e9ration entre les secteurs de l&rsquo;Energie et de l&rsquo;Agriculture, permettant l&rsquo;exploitation des hydrocarbures et des terres agricoles sur les m\u00eames superficies, apr\u00e8s la mise en place d&rsquo;une Commission technique conjointe pour faciliter \u00ab\u00a0la cohabitation\u00a0\u00bb entre les projets agricoles strat\u00e9giques et les activit\u00e9s li\u00e9es aux hydrocarbures. Cette Commission comprend des repr\u00e9sentants du minist\u00e8re de l&rsquo;Agriculture et le D\u00e9veloppement rural, de l&rsquo;Industrie et des mines, de Sonatrach et l&rsquo;Agence Nationale pour la Valorisation des Ressources en Hydrocarbures (ALNAFT), ajoute le ministre. M. Arkab a expliqu\u00e9 que la mission de cette commission consistait en \u00ab\u00a0l&rsquo;identification et la mise en \u0153uvre de solutions de coop\u00e9ration pour assurer l&rsquo;op\u00e9ration d&rsquo;une fa\u00e7on harmonieuse\u00a0\u00bb, faisant r\u00e9f\u00e9rence, dans ce contexte au projet de pole agricole sp\u00e9cialis\u00e9 dans la culture de la betterave sucri\u00e8re dans la wilaya d&rsquo;El Menia. Arkab a affirm\u00e9 que les ressources n\u00e9cessaires ont \u00e9t\u00e9 procur\u00e9es par le Groupe Sonelgaz pour garantir le raccordement des exploitations agricoles \u00e0 l&rsquo;\u00e9lectricit\u00e9 dans le but de connecter 100.000 exploitations, o\u00f9 57.000 exploitations ont \u00e9t\u00e9 raccord\u00e9es jusqu&rsquo;\u00e0 pr\u00e9sent. Un autre programme a \u00e9t\u00e9 trac\u00e9 pour raccorder 10.466 autres fermes avant la fin de 2024, selon le ministre, pour atteindre ainsi un taux de raccordement de 70% du nombre total des fermes concern\u00e9es dans trois wilayas du sud du pays, avec 3.300 raccordement dans chaque wilaya, \u00e0 savoir Adrar, El Oued et Timimoune. Sonatrach s&rsquo;est \u00e9galement lanc\u00e9e dans la production d&rsquo;engrais, seule ou en partenariat, avec une capacit\u00e9 de production atteignant actuellement 3,76 millions de tonnes\/an d&rsquo;ammoniac, et 3,45 millions de tonnes\/an d&rsquo;ur\u00e9e, auxquels s&rsquo;ajoute une capacit\u00e9 totale de production atteignant 980.000 tonnes de diff\u00e9rents types d&rsquo;engrais, selon le ministre.<\/p>\n\n\n\n<p>Sabrina Aziouz<\/p>\n","protected":false},"excerpt":{"rendered":"<p>Les pouvoirs publics misent sur le d\u00e9veloppement intensif de l\u2019agriculture saharienne pour augmenter les volumes de production agricole, assurer la<\/p>\n","protected":false},"author":3,"featured_media":52535,"comment_status":"open","ping_status":"closed","sticky":false,"template":"","format":"standard","meta":{"colormag_page_container_layout":"default_layout","colormag_page_sidebar_layout":"default_layout","om_disable_all_campaigns":false,"_monsterinsights_skip_tracking":false,"_monsterinsights_sitenote_active":false,"_monsterinsights_sitenote_note":"","_monsterinsights_sitenote_category":0,"footnotes":"","_wpscppro_dont_share_socialmedia":false,"_wpscppro_custom_social_share_image":0,"_facebook_share_type":"default","_twitter_share_type":"default","_linkedin_share_type":"default","_pinterest_share_type":"default","_linkedin_share_type_page":"","_instagram_share_type":"default","_medium_share_type":"","_threads_share_type":"","_google_business_share_type":"","_selected_social_profile":[],"_wpsp_enable_custom_social_template":false,"_wpsp_social_scheduling":{"enabled":false,"datetime":null,"platforms":[],"status":"template_only","dateOption":"today","timeOption":"now","customDays":"","customHours":"","customDate":"","customTime":"","schedulingType":"absolute"},"_wpsp_active_default_template":true},"categories":[52,29],"tags":[],"class_list":["post-52534","post","type-post","status-publish","format-standard","has-post-thumbnail","hentry","category-a-la-une","category-economie"],"aioseo_notices":[],"yoast_head":"<!-- This site is optimized with the Yoast SEO plugin v27.5 - https:\/\/yoast.com\/product\/yoast-seo-wordpress\/ -->\n<title>Un plan Marshall pour l\u2019agriculture saharienne - La Sentinelle<\/title>\n<meta name=\"robots\" content=\"index, follow, max-snippet:-1, max-image-preview:large, max-video-preview:-1\" \/>\n<link rel=\"canonical\" href=\"https:\/\/lasentinelle.dz\/index.php\/2024\/05\/18\/un-plan-marshall-pour-lagriculture-saharienne\/\" \/>\n<meta property=\"og:locale\" content=\"fr_FR\" \/>\n<meta property=\"og:type\" content=\"article\" \/>\n<meta property=\"og:title\" content=\"Un plan Marshall pour l\u2019agriculture saharienne - La Sentinelle\" \/>\n<meta property=\"og:description\" content=\"Les pouvoirs publics misent sur le d\u00e9veloppement intensif de l\u2019agriculture saharienne pour augmenter les volumes de production agricole, assurer la\" \/>\n<meta property=\"og:url\" content=\"https:\/\/lasentinelle.dz\/index.php\/2024\/05\/18\/un-plan-marshall-pour-lagriculture-saharienne\/\" \/>\n<meta property=\"og:site_name\" content=\"La Sentinelle\" \/>\n<meta property=\"article:publisher\" content=\"https:\/\/www.facebook.com\/La-Sentinelle-104059864394773\" \/>\n<meta property=\"article:published_time\" content=\"2024-05-18T12:45:21+00:00\" \/>\n<meta property=\"article:modified_time\" content=\"2024-05-18T12:45:24+00:00\" \/>\n<meta property=\"og:image\" content=\"https:\/\/lasentinelle.dz\/wp-content\/uploads\/2024\/05\/agri-saharienne.jpeg\" \/>\n\t<meta property=\"og:image:width\" content=\"580\" \/>\n\t<meta property=\"og:image:height\" content=\"350\" \/>\n\t<meta property=\"og:image:type\" content=\"image\/jpeg\" \/>\n<meta name=\"author\" content=\"La Sentinelle\" \/>\n<meta name=\"twitter:card\" content=\"summary_large_image\" \/>\n<meta name=\"twitter:label1\" content=\"\u00c9crit par\" \/>\n\t<meta name=\"twitter:data1\" content=\"La Sentinelle\" \/>\n\t<meta name=\"twitter:label2\" content=\"Dur\u00e9e de lecture estim\u00e9e\" \/>\n\t<meta name=\"twitter:data2\" content=\"6 minutes\" \/>\n<script type=\"application\/ld+json\" class=\"yoast-schema-graph\">{\"@context\":\"https:\\\/\\\/schema.org\",\"@graph\":[{\"@type\":\"Article\",\"@id\":\"https:\\\/\\\/lasentinelle.dz\\\/index.php\\\/2024\\\/05\\\/18\\\/un-plan-marshall-pour-lagriculture-saharienne\\\/#article\",\"isPartOf\":{\"@id\":\"https:\\\/\\\/lasentinelle.dz\\\/index.php\\\/2024\\\/05\\\/18\\\/un-plan-marshall-pour-lagriculture-saharienne\\\/\"},\"author\":{\"name\":\"La Sentinelle\",\"@id\":\"https:\\\/\\\/lasentinelle.dz\\\/#\\\/schema\\\/person\\\/d865044e22e70a75174ce8bcad3acfb3\"},\"headline\":\"Un plan Marshall pour l\u2019agriculture saharienne\",\"datePublished\":\"2024-05-18T12:45:21+00:00\",\"dateModified\":\"2024-05-18T12:45:24+00:00\",\"mainEntityOfPage\":{\"@id\":\"https:\\\/\\\/lasentinelle.dz\\\/index.php\\\/2024\\\/05\\\/18\\\/un-plan-marshall-pour-lagriculture-saharienne\\\/\"},\"wordCount\":1260,\"commentCount\":0,\"publisher\":{\"@id\":\"https:\\\/\\\/lasentinelle.dz\\\/#organization\"},\"image\":{\"@id\":\"https:\\\/\\\/lasentinelle.dz\\\/index.php\\\/2024\\\/05\\\/18\\\/un-plan-marshall-pour-lagriculture-saharienne\\\/#primaryimage\"},\"thumbnailUrl\":\"https:\\\/\\\/lasentinelle.dz\\\/wp-content\\\/uploads\\\/2024\\\/05\\\/agri-saharienne.jpeg\",\"articleSection\":[\"\u00c0 la Une\",\"\u00c9conomie\"],\"inLanguage\":\"fr-FR\",\"potentialAction\":[{\"@type\":\"CommentAction\",\"name\":\"Comment\",\"target\":[\"https:\\\/\\\/lasentinelle.dz\\\/index.php\\\/2024\\\/05\\\/18\\\/un-plan-marshall-pour-lagriculture-saharienne\\\/#respond\"]}]},{\"@type\":\"WebPage\",\"@id\":\"https:\\\/\\\/lasentinelle.dz\\\/index.php\\\/2024\\\/05\\\/18\\\/un-plan-marshall-pour-lagriculture-saharienne\\\/\",\"url\":\"https:\\\/\\\/lasentinelle.dz\\\/index.php\\\/2024\\\/05\\\/18\\\/un-plan-marshall-pour-lagriculture-saharienne\\\/\",\"name\":\"Un plan Marshall pour l\u2019agriculture saharienne - La Sentinelle\",\"isPartOf\":{\"@id\":\"https:\\\/\\\/lasentinelle.dz\\\/#website\"},\"primaryImageOfPage\":{\"@id\":\"https:\\\/\\\/lasentinelle.dz\\\/index.php\\\/2024\\\/05\\\/18\\\/un-plan-marshall-pour-lagriculture-saharienne\\\/#primaryimage\"},\"image\":{\"@id\":\"https:\\\/\\\/lasentinelle.dz\\\/index.php\\\/2024\\\/05\\\/18\\\/un-plan-marshall-pour-lagriculture-saharienne\\\/#primaryimage\"},\"thumbnailUrl\":\"https:\\\/\\\/lasentinelle.dz\\\/wp-content\\\/uploads\\\/2024\\\/05\\\/agri-saharienne.jpeg\",\"datePublished\":\"2024-05-18T12:45:21+00:00\",\"dateModified\":\"2024-05-18T12:45:24+00:00\",\"breadcrumb\":{\"@id\":\"https:\\\/\\\/lasentinelle.dz\\\/index.php\\\/2024\\\/05\\\/18\\\/un-plan-marshall-pour-lagriculture-saharienne\\\/#breadcrumb\"},\"inLanguage\":\"fr-FR\",\"potentialAction\":[{\"@type\":\"ReadAction\",\"target\":[\"https:\\\/\\\/lasentinelle.dz\\\/index.php\\\/2024\\\/05\\\/18\\\/un-plan-marshall-pour-lagriculture-saharienne\\\/\"]}]},{\"@type\":\"ImageObject\",\"inLanguage\":\"fr-FR\",\"@id\":\"https:\\\/\\\/lasentinelle.dz\\\/index.php\\\/2024\\\/05\\\/18\\\/un-plan-marshall-pour-lagriculture-saharienne\\\/#primaryimage\",\"url\":\"https:\\\/\\\/lasentinelle.dz\\\/wp-content\\\/uploads\\\/2024\\\/05\\\/agri-saharienne.jpeg\",\"contentUrl\":\"https:\\\/\\\/lasentinelle.dz\\\/wp-content\\\/uploads\\\/2024\\\/05\\\/agri-saharienne.jpeg\",\"width\":580,\"height\":350},{\"@type\":\"BreadcrumbList\",\"@id\":\"https:\\\/\\\/lasentinelle.dz\\\/index.php\\\/2024\\\/05\\\/18\\\/un-plan-marshall-pour-lagriculture-saharienne\\\/#breadcrumb\",\"itemListElement\":[{\"@type\":\"ListItem\",\"position\":1,\"name\":\"Accueil\",\"item\":\"https:\\\/\\\/lasentinelle.dz\\\/\"},{\"@type\":\"ListItem\",\"position\":2,\"name\":\"Un plan Marshall pour l\u2019agriculture saharienne\"}]},{\"@type\":\"WebSite\",\"@id\":\"https:\\\/\\\/lasentinelle.dz\\\/#website\",\"url\":\"https:\\\/\\\/lasentinelle.dz\\\/\",\"name\":\"La Sentinelle\",\"description\":\"Quotidien national d&#039;information\",\"publisher\":{\"@id\":\"https:\\\/\\\/lasentinelle.dz\\\/#organization\"},\"potentialAction\":[{\"@type\":\"SearchAction\",\"target\":{\"@type\":\"EntryPoint\",\"urlTemplate\":\"https:\\\/\\\/lasentinelle.dz\\\/?s={search_term_string}\"},\"query-input\":{\"@type\":\"PropertyValueSpecification\",\"valueRequired\":true,\"valueName\":\"search_term_string\"}}],\"inLanguage\":\"fr-FR\"},{\"@type\":\"Organization\",\"@id\":\"https:\\\/\\\/lasentinelle.dz\\\/#organization\",\"name\":\"Quotidien La Sentinelle\",\"url\":\"https:\\\/\\\/lasentinelle.dz\\\/\",\"logo\":{\"@type\":\"ImageObject\",\"inLanguage\":\"fr-FR\",\"@id\":\"https:\\\/\\\/lasentinelle.dz\\\/#\\\/schema\\\/logo\\\/image\\\/\",\"url\":\"https:\\\/\\\/lasentinelle.dz\\\/wp-content\\\/uploads\\\/2021\\\/09\\\/logo-sentinelleSLOGAN-1.png\",\"contentUrl\":\"https:\\\/\\\/lasentinelle.dz\\\/wp-content\\\/uploads\\\/2021\\\/09\\\/logo-sentinelleSLOGAN-1.png\",\"width\":615,\"height\":142,\"caption\":\"Quotidien La Sentinelle\"},\"image\":{\"@id\":\"https:\\\/\\\/lasentinelle.dz\\\/#\\\/schema\\\/logo\\\/image\\\/\"},\"sameAs\":[\"https:\\\/\\\/www.facebook.com\\\/La-Sentinelle-104059864394773\"]},{\"@type\":\"Person\",\"@id\":\"https:\\\/\\\/lasentinelle.dz\\\/#\\\/schema\\\/person\\\/d865044e22e70a75174ce8bcad3acfb3\",\"name\":\"La Sentinelle\",\"image\":{\"@type\":\"ImageObject\",\"inLanguage\":\"fr-FR\",\"@id\":\"https:\\\/\\\/secure.gravatar.com\\\/avatar\\\/57de8e5d4b15d43fb361a71fbb36338450fe67865b528a43dd10ef7c51a20392?s=96&d=mm&r=g\",\"url\":\"https:\\\/\\\/secure.gravatar.com\\\/avatar\\\/57de8e5d4b15d43fb361a71fbb36338450fe67865b528a43dd10ef7c51a20392?s=96&d=mm&r=g\",\"contentUrl\":\"https:\\\/\\\/secure.gravatar.com\\\/avatar\\\/57de8e5d4b15d43fb361a71fbb36338450fe67865b528a43dd10ef7c51a20392?s=96&d=mm&r=g\",\"caption\":\"La Sentinelle\"},\"sameAs\":[\"http:\\\/\\\/www.lasentinelle.dz\"],\"url\":\"https:\\\/\\\/lasentinelle.dz\\\/author\\\/redaction\\\/\"}]}<\/script>\n<!-- \/ Yoast SEO plugin. -->","yoast_head_json":{"title":"Un plan Marshall pour l\u2019agriculture saharienne - La Sentinelle","robots":{"index":"index","follow":"follow","max-snippet":"max-snippet:-1","max-image-preview":"max-image-preview:large","max-video-preview":"max-video-preview:-1"},"canonical":"https:\/\/lasentinelle.dz\/index.php\/2024\/05\/18\/un-plan-marshall-pour-lagriculture-saharienne\/","og_locale":"fr_FR","og_type":"article","og_title":"Un plan Marshall pour l\u2019agriculture saharienne - La Sentinelle","og_description":"Les pouvoirs publics misent sur le d\u00e9veloppement intensif de l\u2019agriculture saharienne pour augmenter les volumes de production agricole, assurer la","og_url":"https:\/\/lasentinelle.dz\/index.php\/2024\/05\/18\/un-plan-marshall-pour-lagriculture-saharienne\/","og_site_name":"La Sentinelle","article_publisher":"https:\/\/www.facebook.com\/La-Sentinelle-104059864394773","article_published_time":"2024-05-18T12:45:21+00:00","article_modified_time":"2024-05-18T12:45:24+00:00","og_image":[{"width":580,"height":350,"url":"https:\/\/lasentinelle.dz\/wp-content\/uploads\/2024\/05\/agri-saharienne.jpeg","type":"image\/jpeg"}],"author":"La Sentinelle","twitter_card":"summary_large_image","twitter_misc":{"\u00c9crit par":"La Sentinelle","Dur\u00e9e de lecture estim\u00e9e":"6 minutes"},"schema":{"@context":"https:\/\/schema.org","@graph":[{"@type":"Article","@id":"https:\/\/lasentinelle.dz\/index.php\/2024\/05\/18\/un-plan-marshall-pour-lagriculture-saharienne\/#article","isPartOf":{"@id":"https:\/\/lasentinelle.dz\/index.php\/2024\/05\/18\/un-plan-marshall-pour-lagriculture-saharienne\/"},"author":{"name":"La Sentinelle","@id":"https:\/\/lasentinelle.dz\/#\/schema\/person\/d865044e22e70a75174ce8bcad3acfb3"},"headline":"Un plan Marshall pour l\u2019agriculture saharienne","datePublished":"2024-05-18T12:45:21+00:00","dateModified":"2024-05-18T12:45:24+00:00","mainEntityOfPage":{"@id":"https:\/\/lasentinelle.dz\/index.php\/2024\/05\/18\/un-plan-marshall-pour-lagriculture-saharienne\/"},"wordCount":1260,"commentCount":0,"publisher":{"@id":"https:\/\/lasentinelle.dz\/#organization"},"image":{"@id":"https:\/\/lasentinelle.dz\/index.php\/2024\/05\/18\/un-plan-marshall-pour-lagriculture-saharienne\/#primaryimage"},"thumbnailUrl":"https:\/\/lasentinelle.dz\/wp-content\/uploads\/2024\/05\/agri-saharienne.jpeg","articleSection":["\u00c0 la Une","\u00c9conomie"],"inLanguage":"fr-FR","potentialAction":[{"@type":"CommentAction","name":"Comment","target":["https:\/\/lasentinelle.dz\/index.php\/2024\/05\/18\/un-plan-marshall-pour-lagriculture-saharienne\/#respond"]}]},{"@type":"WebPage","@id":"https:\/\/lasentinelle.dz\/index.php\/2024\/05\/18\/un-plan-marshall-pour-lagriculture-saharienne\/","url":"https:\/\/lasentinelle.dz\/index.php\/2024\/05\/18\/un-plan-marshall-pour-lagriculture-saharienne\/","name":"Un plan Marshall pour l\u2019agriculture saharienne - La Sentinelle","isPartOf":{"@id":"https:\/\/lasentinelle.dz\/#website"},"primaryImageOfPage":{"@id":"https:\/\/lasentinelle.dz\/index.php\/2024\/05\/18\/un-plan-marshall-pour-lagriculture-saharienne\/#primaryimage"},"image":{"@id":"https:\/\/lasentinelle.dz\/index.php\/2024\/05\/18\/un-plan-marshall-pour-lagriculture-saharienne\/#primaryimage"},"thumbnailUrl":"https:\/\/lasentinelle.dz\/wp-content\/uploads\/2024\/05\/agri-saharienne.jpeg","datePublished":"2024-05-18T12:45:21+00:00","dateModified":"2024-05-18T12:45:24+00:00","breadcrumb":{"@id":"https:\/\/lasentinelle.dz\/index.php\/2024\/05\/18\/un-plan-marshall-pour-lagriculture-saharienne\/#breadcrumb"},"inLanguage":"fr-FR","potentialAction":[{"@type":"ReadAction","target":["https:\/\/lasentinelle.dz\/index.php\/2024\/05\/18\/un-plan-marshall-pour-lagriculture-saharienne\/"]}]},{"@type":"ImageObject","inLanguage":"fr-FR","@id":"https:\/\/lasentinelle.dz\/index.php\/2024\/05\/18\/un-plan-marshall-pour-lagriculture-saharienne\/#primaryimage","url":"https:\/\/lasentinelle.dz\/wp-content\/uploads\/2024\/05\/agri-saharienne.jpeg","contentUrl":"https:\/\/lasentinelle.dz\/wp-content\/uploads\/2024\/05\/agri-saharienne.jpeg","width":580,"height":350},{"@type":"BreadcrumbList","@id":"https:\/\/lasentinelle.dz\/index.php\/2024\/05\/18\/un-plan-marshall-pour-lagriculture-saharienne\/#breadcrumb","itemListElement":[{"@type":"ListItem","position":1,"name":"Accueil","item":"https:\/\/lasentinelle.dz\/"},{"@type":"ListItem","position":2,"name":"Un plan Marshall pour l\u2019agriculture saharienne"}]},{"@type":"WebSite","@id":"https:\/\/lasentinelle.dz\/#website","url":"https:\/\/lasentinelle.dz\/","name":"La Sentinelle","description":"Quotidien national d&#039;information","publisher":{"@id":"https:\/\/lasentinelle.dz\/#organization"},"potentialAction":[{"@type":"SearchAction","target":{"@type":"EntryPoint","urlTemplate":"https:\/\/lasentinelle.dz\/?s={search_term_string}"},"query-input":{"@type":"PropertyValueSpecification","valueRequired":true,"valueName":"search_term_string"}}],"inLanguage":"fr-FR"},{"@type":"Organization","@id":"https:\/\/lasentinelle.dz\/#organization","name":"Quotidien La Sentinelle","url":"https:\/\/lasentinelle.dz\/","logo":{"@type":"ImageObject","inLanguage":"fr-FR","@id":"https:\/\/lasentinelle.dz\/#\/schema\/logo\/image\/","url":"https:\/\/lasentinelle.dz\/wp-content\/uploads\/2021\/09\/logo-sentinelleSLOGAN-1.png","contentUrl":"https:\/\/lasentinelle.dz\/wp-content\/uploads\/2021\/09\/logo-sentinelleSLOGAN-1.png","width":615,"height":142,"caption":"Quotidien La Sentinelle"},"image":{"@id":"https:\/\/lasentinelle.dz\/#\/schema\/logo\/image\/"},"sameAs":["https:\/\/www.facebook.com\/La-Sentinelle-104059864394773"]},{"@type":"Person","@id":"https:\/\/lasentinelle.dz\/#\/schema\/person\/d865044e22e70a75174ce8bcad3acfb3","name":"La Sentinelle","image":{"@type":"ImageObject","inLanguage":"fr-FR","@id":"https:\/\/secure.gravatar.com\/avatar\/57de8e5d4b15d43fb361a71fbb36338450fe67865b528a43dd10ef7c51a20392?s=96&d=mm&r=g","url":"https:\/\/secure.gravatar.com\/avatar\/57de8e5d4b15d43fb361a71fbb36338450fe67865b528a43dd10ef7c51a20392?s=96&d=mm&r=g","contentUrl":"https:\/\/secure.gravatar.com\/avatar\/57de8e5d4b15d43fb361a71fbb36338450fe67865b528a43dd10ef7c51a20392?s=96&d=mm&r=g","caption":"La Sentinelle"},"sameAs":["http:\/\/www.lasentinelle.dz"],"url":"https:\/\/lasentinelle.dz\/author\/redaction\/"}]}},"_links":{"self":[{"href":"https:\/\/lasentinelle.dz\/index.php\/wp-json\/wp\/v2\/posts\/52534","targetHints":{"allow":["GET"]}}],"collection":[{"href":"https:\/\/lasentinelle.dz\/index.php\/wp-json\/wp\/v2\/posts"}],"about":[{"href":"https:\/\/lasentinelle.dz\/index.php\/wp-json\/wp\/v2\/types\/post"}],"author":[{"embeddable":true,"href":"https:\/\/lasentinelle.dz\/index.php\/wp-json\/wp\/v2\/users\/3"}],"replies":[{"embeddable":true,"href":"https:\/\/lasentinelle.dz\/index.php\/wp-json\/wp\/v2\/comments?post=52534"}],"version-history":[{"count":1,"href":"https:\/\/lasentinelle.dz\/index.php\/wp-json\/wp\/v2\/posts\/52534\/revisions"}],"predecessor-version":[{"id":52536,"href":"https:\/\/lasentinelle.dz\/index.php\/wp-json\/wp\/v2\/posts\/52534\/revisions\/52536"}],"wp:featuredmedia":[{"embeddable":true,"href":"https:\/\/lasentinelle.dz\/index.php\/wp-json\/wp\/v2\/media\/52535"}],"wp:attachment":[{"href":"https:\/\/lasentinelle.dz\/index.php\/wp-json\/wp\/v2\/media?parent=52534"}],"wp:term":[{"taxonomy":"category","embeddable":true,"href":"https:\/\/lasentinelle.dz\/index.php\/wp-json\/wp\/v2\/categories?post=52534"},{"taxonomy":"post_tag","embeddable":true,"href":"https:\/\/lasentinelle.dz\/index.php\/wp-json\/wp\/v2\/tags?post=52534"}],"curies":[{"name":"wp","href":"https:\/\/api.w.org\/{rel}","templated":true}]}}