{"id":52549,"date":"2024-05-18T14:05:00","date_gmt":"2024-05-18T13:05:00","guid":{"rendered":"https:\/\/lasentinelle.dz\/?p=52549"},"modified":"2024-05-18T14:12:23","modified_gmt":"2024-05-18T13:12:23","slug":"seminaire-de-la-decolonisation-a-caracas-la-reponse-cinglante-de-bendjama-au-makhzen","status":"publish","type":"post","link":"https:\/\/lasentinelle.dz\/index.php\/2024\/05\/18\/seminaire-de-la-decolonisation-a-caracas-la-reponse-cinglante-de-bendjama-au-makhzen\/","title":{"rendered":"S\u00e9minaire de la d\u00e9colonisation \u00e0 Caracas\u00a0: La r\u00e9ponse cinglante de Bendjama au Makhzen"},"content":{"rendered":"\n<p>Le repr\u00e9sentant permanent de l\u2019Alg\u00e9rie \u00e0 l\u2019ONU, Amar Bendjama, a soulign\u00e9 lors des travaux du S\u00e9minaire annuel du Comit\u00e9 de d\u00e9colonisation de l\u2019ONU, qui se tient \u00e0 Caracas au Venezuela l\u2019engagement de l\u2019Alg\u00e9rie en faveur des causes justes et des peuples opprim\u00e9s. Au-del\u00e0 de l\u2019attachement de l\u2019Alg\u00e9rie \u00e0 d\u00e9fendre la cause palestinienne depuis son entr\u00e9e au Conseil de s\u00e9curit\u00e9 comme membre non permanent, Amar Bendjama a soulign\u00e9 aussi l\u2019engagement \u00e0 d\u00e9fendre la cause du peuple sahraoui et son droit \u00e0 l\u2019autod\u00e9termination. L\u2019occasion aussi pour le diplomate alg\u00e9rien de r\u00e9pondre aux propos scandaleux du repr\u00e9sentant du Maroc, Omar Hilale, et de lui rappeler la trahison du Makhzen envers la cause palestinienne, soulignant comment le r\u00e9gime marocain a renonc\u00e9 \u00e0 la cause palestinienne et conc\u00e9d\u00e9 tous les \u00ab&nbsp;droits&nbsp;\u00bb \u00e0 l\u2019occupant sioniste dans le seul objectif de servir ses propres vis\u00e9es coloniales au Sahara occidental occup\u00e9e. &nbsp;Amar Bendjama a, dans son discours, d\u00e9roul\u00e9 une batterie d\u2019arguments juridiques, politiques et de faits historiques imparables repla\u00e7ant le d\u00e9bat sur le Sahara occidental dans son cadre originel. Celui d\u2019un processus inachev\u00e9 de d\u00e9colonisation. Les faits expos\u00e9s par M. Bendjama \u00e9tant t\u00eatus et irr\u00e9futables, ils ont eu pour effet de d\u00e9boussoler compl\u00e8tement le repr\u00e9sentant du Maroc, Omar Hilale. Celui-ci s\u2019est, dans sa r\u00e9action, hasard\u00e9 \u00e0 faire le grand d\u00e9ballage habituel de non-sens, mensonges et contradictions. Visiblement \u00e0 court d\u2019arguments, et g\u00ean\u00e9 par l\u2019omnipr\u00e9sence alg\u00e9rienne, Omar Hilale s\u2019est lamentablement tromp\u00e9 d\u2019angle de tir. Il a os\u00e9 mettre en question le r\u00f4le de l\u2019Alg\u00e9rie au Conseil de s\u00e9curit\u00e9 dans la d\u00e9fense de la question palestinienne. Rien que cela. Une sortie de piste qui a interloqu\u00e9 les d\u00e9l\u00e9gations pr\u00e9sentes.<\/p>\n\n\n\n<p>En r\u00e9action par deux fois dans le cadre de l\u2019exercice du droit de r\u00e9ponse, M. Bendjama a fait observer que le repr\u00e9sentant marocain qui lui reprochait d\u2019avoir fait le d\u00e9placement de New York abandonnant ses responsabilit\u00e9s envers la Palestine en tant que membre non permanent du Conseil de s\u00e9curit\u00e9, n\u2019aurait pas d\u00fb emprunter ce chemin sinueux. L\u2019ambassadeur alg\u00e9rien n\u2019a pas manqu\u00e9 \u00e0 cet \u00e9gard de rappeler que Palestiniens et Sahraouis ont un d\u00e9nominateur commun, celui d\u2019\u00eatre tous les deux sous le joug colonial, luttent contre l\u2019oppression et militent pour la lib\u00e9ration de leurs peuples et de leurs territoires. Il a en outre fait remarquer que la pr\u00e9sence de la d\u00e9l\u00e9gation alg\u00e9rienne sur cette terre de l\u2019immense r\u00e9volutionnaire Simon Bolivar est en phase avec \u00ab le serment que nous avons fait quand nous avons eu le privil\u00e8ge d\u2019\u00eatre \u00e9lus au Conseil de s\u00e9curit\u00e9 par la quasi-totalit\u00e9 des membres de l\u2019ONU \u00bb. \u00ab Nous avons en effet jur\u00e9 que l\u2019Alg\u00e9rie s\u2019att\u00e8lera avec d\u00e9termination de jouer son r\u00f4le, connu et reconnu, de porte-voix des damn\u00e9s de la terre et des sans voix, comme disait Frantz Fanon \u00bb, a ajout\u00e9 M. Bendjama avant de poursuivre \u00ab Et c\u2019est pourquoi nous sommes venus ici \u00e0 ce s\u00e9minaire de l\u2019ONU sur la d\u00e9colonisation pour revendiquer, encore une fois, le droit \u00e0 l\u2019autod\u00e9termination du peuple du Sahara occidental \u00bb. Qu\u2019il soit aussi clair, la d\u00e9l\u00e9gation alg\u00e9rienne continuera, de retour \u00e0 New York, \u00e0 travailler d\u2019arrache-pied et sans compromission pour d\u00e9fendre le droit \u00e0 l\u2019autod\u00e9termination du peuple palestinien martyre. C\u2019est le devoir et l\u2019honneur de l\u2019Alg\u00e9rie au sein du concert des Nations, affirme l\u2019ambassadeur Bendjama. Revenant \u00e0 la charge une seconde fois, M. Bendjama a \u00e9voqu\u00e9 l\u2019\u00e9pisode scandaleux de la transaction ind\u00e9cente conclue par le Maroc aux d\u00e9pens de la cause juste de tous les Arabes, en l\u2019occurrence la question palestinienne. Tout en tenant \u00e0 souligner que ses propos \u00e9pargnent naturellement le peuple marocain fr\u00e8re qui m\u00e9rite le respect, et \u00e0 qui il lui reconna\u00eet qu\u2019il n\u2019\u00e9tait pas responsable des actes de ses autorit\u00e9s, l\u2019ambassadeur Bendjama a rappel\u00e9 le coup de poignard dans le dos des Palestiniens, qu\u2019est l\u2019accord conclu sur l\u2019\u00e9change de la reconnaissance de l\u2019occupation marocaine du Sahara occidental en contrepartie de la normalisation des relations avec Isra\u00ebl, le bourreau des Palestiniens. C\u2019est une trahison \u00e0 la cause du peuple palestinien que l\u2019histoire abhorra \u00e0 jamais. Les coupables se reconna\u00eetront, a-t-il conclu.<\/p>\n\n\n\n<p>Samir Benisid<\/p>\n","protected":false},"excerpt":{"rendered":"<p>Le repr\u00e9sentant permanent de l\u2019Alg\u00e9rie \u00e0 l\u2019ONU, Amar Bendjama, a soulign\u00e9 lors des travaux du S\u00e9minaire annuel du Comit\u00e9 de<\/p>\n","protected":false},"author":3,"featured_media":48688,"comment_status":"open","ping_status":"closed","sticky":false,"template":"","format":"standard","meta":{"colormag_page_container_layout":"default_layout","colormag_page_sidebar_layout":"default_layout","om_disable_all_campaigns":false,"_monsterinsights_skip_tracking":false,"_monsterinsights_sitenote_active":false,"_monsterinsights_sitenote_note":"","_monsterinsights_sitenote_category":0,"footnotes":"","_wpscppro_dont_share_socialmedia":false,"_wpscppro_custom_social_share_image":0,"_facebook_share_type":"default","_twitter_share_type":"default","_linkedin_share_type":"default","_pinterest_share_type":"default","_linkedin_share_type_page":"","_instagram_share_type":"default","_medium_share_type":"","_threads_share_type":"","_google_business_share_type":"","_selected_social_profile":[],"_wpsp_enable_custom_social_template":false,"_wpsp_social_scheduling":{"enabled":false,"datetime":null,"platforms":[],"status":"template_only","dateOption":"today","timeOption":"now","customDays":"","customHours":"","customDate":"","customTime":"","schedulingType":"absolute"},"_wpsp_active_default_template":true},"categories":[27],"tags":[],"class_list":["post-52549","post","type-post","status-publish","format-standard","has-post-thumbnail","hentry","category-actualite"],"aioseo_notices":[],"yoast_head":"<!-- This site is optimized with the Yoast SEO plugin v27.5 - https:\/\/yoast.com\/product\/yoast-seo-wordpress\/ -->\n<title>S\u00e9minaire de la d\u00e9colonisation \u00e0 Caracas\u00a0: La r\u00e9ponse cinglante de Bendjama au Makhzen - La Sentinelle<\/title>\n<meta name=\"robots\" content=\"index, follow, max-snippet:-1, max-image-preview:large, max-video-preview:-1\" \/>\n<link rel=\"canonical\" href=\"https:\/\/lasentinelle.dz\/index.php\/2024\/05\/18\/seminaire-de-la-decolonisation-a-caracas-la-reponse-cinglante-de-bendjama-au-makhzen\/\" \/>\n<meta property=\"og:locale\" content=\"fr_FR\" \/>\n<meta property=\"og:type\" content=\"article\" \/>\n<meta property=\"og:title\" content=\"S\u00e9minaire de la d\u00e9colonisation \u00e0 Caracas\u00a0: La r\u00e9ponse cinglante de Bendjama au Makhzen - La Sentinelle\" \/>\n<meta property=\"og:description\" content=\"Le repr\u00e9sentant permanent de l\u2019Alg\u00e9rie \u00e0 l\u2019ONU, Amar Bendjama, a soulign\u00e9 lors des travaux du S\u00e9minaire annuel du Comit\u00e9 de\" \/>\n<meta property=\"og:url\" content=\"https:\/\/lasentinelle.dz\/index.php\/2024\/05\/18\/seminaire-de-la-decolonisation-a-caracas-la-reponse-cinglante-de-bendjama-au-makhzen\/\" \/>\n<meta property=\"og:site_name\" content=\"La Sentinelle\" \/>\n<meta property=\"article:publisher\" content=\"https:\/\/www.facebook.com\/La-Sentinelle-104059864394773\" \/>\n<meta property=\"article:published_time\" content=\"2024-05-18T13:05:00+00:00\" \/>\n<meta property=\"article:modified_time\" content=\"2024-05-18T13:12:23+00:00\" \/>\n<meta property=\"og:image\" content=\"https:\/\/lasentinelle.dz\/wp-content\/uploads\/2024\/01\/amar-Bendjama.jpeg\" \/>\n\t<meta property=\"og:image:width\" content=\"745\" \/>\n\t<meta property=\"og:image:height\" content=\"470\" \/>\n\t<meta property=\"og:image:type\" content=\"image\/jpeg\" \/>\n<meta name=\"author\" content=\"La Sentinelle\" \/>\n<meta name=\"twitter:card\" content=\"summary_large_image\" \/>\n<meta name=\"twitter:label1\" content=\"\u00c9crit par\" \/>\n\t<meta name=\"twitter:data1\" content=\"La Sentinelle\" \/>\n\t<meta name=\"twitter:label2\" content=\"Dur\u00e9e de lecture estim\u00e9e\" \/>\n\t<meta name=\"twitter:data2\" content=\"4 minutes\" \/>\n<script type=\"application\/ld+json\" class=\"yoast-schema-graph\">{\"@context\":\"https:\\\/\\\/schema.org\",\"@graph\":[{\"@type\":\"Article\",\"@id\":\"https:\\\/\\\/lasentinelle.dz\\\/index.php\\\/2024\\\/05\\\/18\\\/seminaire-de-la-decolonisation-a-caracas-la-reponse-cinglante-de-bendjama-au-makhzen\\\/#article\",\"isPartOf\":{\"@id\":\"https:\\\/\\\/lasentinelle.dz\\\/index.php\\\/2024\\\/05\\\/18\\\/seminaire-de-la-decolonisation-a-caracas-la-reponse-cinglante-de-bendjama-au-makhzen\\\/\"},\"author\":{\"name\":\"La Sentinelle\",\"@id\":\"https:\\\/\\\/lasentinelle.dz\\\/#\\\/schema\\\/person\\\/d865044e22e70a75174ce8bcad3acfb3\"},\"headline\":\"S\u00e9minaire de la d\u00e9colonisation \u00e0 Caracas\u00a0: La r\u00e9ponse cinglante de Bendjama au Makhzen\",\"datePublished\":\"2024-05-18T13:05:00+00:00\",\"dateModified\":\"2024-05-18T13:12:23+00:00\",\"mainEntityOfPage\":{\"@id\":\"https:\\\/\\\/lasentinelle.dz\\\/index.php\\\/2024\\\/05\\\/18\\\/seminaire-de-la-decolonisation-a-caracas-la-reponse-cinglante-de-bendjama-au-makhzen\\\/\"},\"wordCount\":790,\"commentCount\":0,\"publisher\":{\"@id\":\"https:\\\/\\\/lasentinelle.dz\\\/#organization\"},\"image\":{\"@id\":\"https:\\\/\\\/lasentinelle.dz\\\/index.php\\\/2024\\\/05\\\/18\\\/seminaire-de-la-decolonisation-a-caracas-la-reponse-cinglante-de-bendjama-au-makhzen\\\/#primaryimage\"},\"thumbnailUrl\":\"https:\\\/\\\/lasentinelle.dz\\\/wp-content\\\/uploads\\\/2024\\\/01\\\/amar-Bendjama.jpeg\",\"articleSection\":[\"Actualit\u00e9\"],\"inLanguage\":\"fr-FR\",\"potentialAction\":[{\"@type\":\"CommentAction\",\"name\":\"Comment\",\"target\":[\"https:\\\/\\\/lasentinelle.dz\\\/index.php\\\/2024\\\/05\\\/18\\\/seminaire-de-la-decolonisation-a-caracas-la-reponse-cinglante-de-bendjama-au-makhzen\\\/#respond\"]}]},{\"@type\":\"WebPage\",\"@id\":\"https:\\\/\\\/lasentinelle.dz\\\/index.php\\\/2024\\\/05\\\/18\\\/seminaire-de-la-decolonisation-a-caracas-la-reponse-cinglante-de-bendjama-au-makhzen\\\/\",\"url\":\"https:\\\/\\\/lasentinelle.dz\\\/index.php\\\/2024\\\/05\\\/18\\\/seminaire-de-la-decolonisation-a-caracas-la-reponse-cinglante-de-bendjama-au-makhzen\\\/\",\"name\":\"S\u00e9minaire de la d\u00e9colonisation \u00e0 Caracas\u00a0: La r\u00e9ponse cinglante de Bendjama au Makhzen - La Sentinelle\",\"isPartOf\":{\"@id\":\"https:\\\/\\\/lasentinelle.dz\\\/#website\"},\"primaryImageOfPage\":{\"@id\":\"https:\\\/\\\/lasentinelle.dz\\\/index.php\\\/2024\\\/05\\\/18\\\/seminaire-de-la-decolonisation-a-caracas-la-reponse-cinglante-de-bendjama-au-makhzen\\\/#primaryimage\"},\"image\":{\"@id\":\"https:\\\/\\\/lasentinelle.dz\\\/index.php\\\/2024\\\/05\\\/18\\\/seminaire-de-la-decolonisation-a-caracas-la-reponse-cinglante-de-bendjama-au-makhzen\\\/#primaryimage\"},\"thumbnailUrl\":\"https:\\\/\\\/lasentinelle.dz\\\/wp-content\\\/uploads\\\/2024\\\/01\\\/amar-Bendjama.jpeg\",\"datePublished\":\"2024-05-18T13:05:00+00:00\",\"dateModified\":\"2024-05-18T13:12:23+00:00\",\"breadcrumb\":{\"@id\":\"https:\\\/\\\/lasentinelle.dz\\\/index.php\\\/2024\\\/05\\\/18\\\/seminaire-de-la-decolonisation-a-caracas-la-reponse-cinglante-de-bendjama-au-makhzen\\\/#breadcrumb\"},\"inLanguage\":\"fr-FR\",\"potentialAction\":[{\"@type\":\"ReadAction\",\"target\":[\"https:\\\/\\\/lasentinelle.dz\\\/index.php\\\/2024\\\/05\\\/18\\\/seminaire-de-la-decolonisation-a-caracas-la-reponse-cinglante-de-bendjama-au-makhzen\\\/\"]}]},{\"@type\":\"ImageObject\",\"inLanguage\":\"fr-FR\",\"@id\":\"https:\\\/\\\/lasentinelle.dz\\\/index.php\\\/2024\\\/05\\\/18\\\/seminaire-de-la-decolonisation-a-caracas-la-reponse-cinglante-de-bendjama-au-makhzen\\\/#primaryimage\",\"url\":\"https:\\\/\\\/lasentinelle.dz\\\/wp-content\\\/uploads\\\/2024\\\/01\\\/amar-Bendjama.jpeg\",\"contentUrl\":\"https:\\\/\\\/lasentinelle.dz\\\/wp-content\\\/uploads\\\/2024\\\/01\\\/amar-Bendjama.jpeg\",\"width\":745,\"height\":470},{\"@type\":\"BreadcrumbList\",\"@id\":\"https:\\\/\\\/lasentinelle.dz\\\/index.php\\\/2024\\\/05\\\/18\\\/seminaire-de-la-decolonisation-a-caracas-la-reponse-cinglante-de-bendjama-au-makhzen\\\/#breadcrumb\",\"itemListElement\":[{\"@type\":\"ListItem\",\"position\":1,\"name\":\"Accueil\",\"item\":\"https:\\\/\\\/lasentinelle.dz\\\/\"},{\"@type\":\"ListItem\",\"position\":2,\"name\":\"S\u00e9minaire de la d\u00e9colonisation \u00e0 Caracas\u00a0: La r\u00e9ponse cinglante de Bendjama au Makhzen\"}]},{\"@type\":\"WebSite\",\"@id\":\"https:\\\/\\\/lasentinelle.dz\\\/#website\",\"url\":\"https:\\\/\\\/lasentinelle.dz\\\/\",\"name\":\"La Sentinelle\",\"description\":\"Quotidien national d&#039;information\",\"publisher\":{\"@id\":\"https:\\\/\\\/lasentinelle.dz\\\/#organization\"},\"potentialAction\":[{\"@type\":\"SearchAction\",\"target\":{\"@type\":\"EntryPoint\",\"urlTemplate\":\"https:\\\/\\\/lasentinelle.dz\\\/?s={search_term_string}\"},\"query-input\":{\"@type\":\"PropertyValueSpecification\",\"valueRequired\":true,\"valueName\":\"search_term_string\"}}],\"inLanguage\":\"fr-FR\"},{\"@type\":\"Organization\",\"@id\":\"https:\\\/\\\/lasentinelle.dz\\\/#organization\",\"name\":\"Quotidien La Sentinelle\",\"url\":\"https:\\\/\\\/lasentinelle.dz\\\/\",\"logo\":{\"@type\":\"ImageObject\",\"inLanguage\":\"fr-FR\",\"@id\":\"https:\\\/\\\/lasentinelle.dz\\\/#\\\/schema\\\/logo\\\/image\\\/\",\"url\":\"https:\\\/\\\/lasentinelle.dz\\\/wp-content\\\/uploads\\\/2021\\\/09\\\/logo-sentinelleSLOGAN-1.png\",\"contentUrl\":\"https:\\\/\\\/lasentinelle.dz\\\/wp-content\\\/uploads\\\/2021\\\/09\\\/logo-sentinelleSLOGAN-1.png\",\"width\":615,\"height\":142,\"caption\":\"Quotidien La Sentinelle\"},\"image\":{\"@id\":\"https:\\\/\\\/lasentinelle.dz\\\/#\\\/schema\\\/logo\\\/image\\\/\"},\"sameAs\":[\"https:\\\/\\\/www.facebook.com\\\/La-Sentinelle-104059864394773\"]},{\"@type\":\"Person\",\"@id\":\"https:\\\/\\\/lasentinelle.dz\\\/#\\\/schema\\\/person\\\/d865044e22e70a75174ce8bcad3acfb3\",\"name\":\"La Sentinelle\",\"image\":{\"@type\":\"ImageObject\",\"inLanguage\":\"fr-FR\",\"@id\":\"https:\\\/\\\/secure.gravatar.com\\\/avatar\\\/57de8e5d4b15d43fb361a71fbb36338450fe67865b528a43dd10ef7c51a20392?s=96&d=mm&r=g\",\"url\":\"https:\\\/\\\/secure.gravatar.com\\\/avatar\\\/57de8e5d4b15d43fb361a71fbb36338450fe67865b528a43dd10ef7c51a20392?s=96&d=mm&r=g\",\"contentUrl\":\"https:\\\/\\\/secure.gravatar.com\\\/avatar\\\/57de8e5d4b15d43fb361a71fbb36338450fe67865b528a43dd10ef7c51a20392?s=96&d=mm&r=g\",\"caption\":\"La Sentinelle\"},\"sameAs\":[\"http:\\\/\\\/www.lasentinelle.dz\"],\"url\":\"https:\\\/\\\/lasentinelle.dz\\\/author\\\/redaction\\\/\"}]}<\/script>\n<!-- \/ Yoast SEO plugin. -->","yoast_head_json":{"title":"S\u00e9minaire de la d\u00e9colonisation \u00e0 Caracas\u00a0: La r\u00e9ponse cinglante de Bendjama au Makhzen - La Sentinelle","robots":{"index":"index","follow":"follow","max-snippet":"max-snippet:-1","max-image-preview":"max-image-preview:large","max-video-preview":"max-video-preview:-1"},"canonical":"https:\/\/lasentinelle.dz\/index.php\/2024\/05\/18\/seminaire-de-la-decolonisation-a-caracas-la-reponse-cinglante-de-bendjama-au-makhzen\/","og_locale":"fr_FR","og_type":"article","og_title":"S\u00e9minaire de la d\u00e9colonisation \u00e0 Caracas\u00a0: La r\u00e9ponse cinglante de Bendjama au Makhzen - La Sentinelle","og_description":"Le repr\u00e9sentant permanent de l\u2019Alg\u00e9rie \u00e0 l\u2019ONU, Amar Bendjama, a soulign\u00e9 lors des travaux du S\u00e9minaire annuel du Comit\u00e9 de","og_url":"https:\/\/lasentinelle.dz\/index.php\/2024\/05\/18\/seminaire-de-la-decolonisation-a-caracas-la-reponse-cinglante-de-bendjama-au-makhzen\/","og_site_name":"La Sentinelle","article_publisher":"https:\/\/www.facebook.com\/La-Sentinelle-104059864394773","article_published_time":"2024-05-18T13:05:00+00:00","article_modified_time":"2024-05-18T13:12:23+00:00","og_image":[{"width":745,"height":470,"url":"https:\/\/lasentinelle.dz\/wp-content\/uploads\/2024\/01\/amar-Bendjama.jpeg","type":"image\/jpeg"}],"author":"La Sentinelle","twitter_card":"summary_large_image","twitter_misc":{"\u00c9crit par":"La Sentinelle","Dur\u00e9e de lecture estim\u00e9e":"4 minutes"},"schema":{"@context":"https:\/\/schema.org","@graph":[{"@type":"Article","@id":"https:\/\/lasentinelle.dz\/index.php\/2024\/05\/18\/seminaire-de-la-decolonisation-a-caracas-la-reponse-cinglante-de-bendjama-au-makhzen\/#article","isPartOf":{"@id":"https:\/\/lasentinelle.dz\/index.php\/2024\/05\/18\/seminaire-de-la-decolonisation-a-caracas-la-reponse-cinglante-de-bendjama-au-makhzen\/"},"author":{"name":"La Sentinelle","@id":"https:\/\/lasentinelle.dz\/#\/schema\/person\/d865044e22e70a75174ce8bcad3acfb3"},"headline":"S\u00e9minaire de la d\u00e9colonisation \u00e0 Caracas\u00a0: La r\u00e9ponse cinglante de Bendjama au Makhzen","datePublished":"2024-05-18T13:05:00+00:00","dateModified":"2024-05-18T13:12:23+00:00","mainEntityOfPage":{"@id":"https:\/\/lasentinelle.dz\/index.php\/2024\/05\/18\/seminaire-de-la-decolonisation-a-caracas-la-reponse-cinglante-de-bendjama-au-makhzen\/"},"wordCount":790,"commentCount":0,"publisher":{"@id":"https:\/\/lasentinelle.dz\/#organization"},"image":{"@id":"https:\/\/lasentinelle.dz\/index.php\/2024\/05\/18\/seminaire-de-la-decolonisation-a-caracas-la-reponse-cinglante-de-bendjama-au-makhzen\/#primaryimage"},"thumbnailUrl":"https:\/\/lasentinelle.dz\/wp-content\/uploads\/2024\/01\/amar-Bendjama.jpeg","articleSection":["Actualit\u00e9"],"inLanguage":"fr-FR","potentialAction":[{"@type":"CommentAction","name":"Comment","target":["https:\/\/lasentinelle.dz\/index.php\/2024\/05\/18\/seminaire-de-la-decolonisation-a-caracas-la-reponse-cinglante-de-bendjama-au-makhzen\/#respond"]}]},{"@type":"WebPage","@id":"https:\/\/lasentinelle.dz\/index.php\/2024\/05\/18\/seminaire-de-la-decolonisation-a-caracas-la-reponse-cinglante-de-bendjama-au-makhzen\/","url":"https:\/\/lasentinelle.dz\/index.php\/2024\/05\/18\/seminaire-de-la-decolonisation-a-caracas-la-reponse-cinglante-de-bendjama-au-makhzen\/","name":"S\u00e9minaire de la d\u00e9colonisation \u00e0 Caracas\u00a0: La r\u00e9ponse cinglante de Bendjama au Makhzen - La Sentinelle","isPartOf":{"@id":"https:\/\/lasentinelle.dz\/#website"},"primaryImageOfPage":{"@id":"https:\/\/lasentinelle.dz\/index.php\/2024\/05\/18\/seminaire-de-la-decolonisation-a-caracas-la-reponse-cinglante-de-bendjama-au-makhzen\/#primaryimage"},"image":{"@id":"https:\/\/lasentinelle.dz\/index.php\/2024\/05\/18\/seminaire-de-la-decolonisation-a-caracas-la-reponse-cinglante-de-bendjama-au-makhzen\/#primaryimage"},"thumbnailUrl":"https:\/\/lasentinelle.dz\/wp-content\/uploads\/2024\/01\/amar-Bendjama.jpeg","datePublished":"2024-05-18T13:05:00+00:00","dateModified":"2024-05-18T13:12:23+00:00","breadcrumb":{"@id":"https:\/\/lasentinelle.dz\/index.php\/2024\/05\/18\/seminaire-de-la-decolonisation-a-caracas-la-reponse-cinglante-de-bendjama-au-makhzen\/#breadcrumb"},"inLanguage":"fr-FR","potentialAction":[{"@type":"ReadAction","target":["https:\/\/lasentinelle.dz\/index.php\/2024\/05\/18\/seminaire-de-la-decolonisation-a-caracas-la-reponse-cinglante-de-bendjama-au-makhzen\/"]}]},{"@type":"ImageObject","inLanguage":"fr-FR","@id":"https:\/\/lasentinelle.dz\/index.php\/2024\/05\/18\/seminaire-de-la-decolonisation-a-caracas-la-reponse-cinglante-de-bendjama-au-makhzen\/#primaryimage","url":"https:\/\/lasentinelle.dz\/wp-content\/uploads\/2024\/01\/amar-Bendjama.jpeg","contentUrl":"https:\/\/lasentinelle.dz\/wp-content\/uploads\/2024\/01\/amar-Bendjama.jpeg","width":745,"height":470},{"@type":"BreadcrumbList","@id":"https:\/\/lasentinelle.dz\/index.php\/2024\/05\/18\/seminaire-de-la-decolonisation-a-caracas-la-reponse-cinglante-de-bendjama-au-makhzen\/#breadcrumb","itemListElement":[{"@type":"ListItem","position":1,"name":"Accueil","item":"https:\/\/lasentinelle.dz\/"},{"@type":"ListItem","position":2,"name":"S\u00e9minaire de la d\u00e9colonisation \u00e0 Caracas\u00a0: La r\u00e9ponse cinglante de Bendjama au Makhzen"}]},{"@type":"WebSite","@id":"https:\/\/lasentinelle.dz\/#website","url":"https:\/\/lasentinelle.dz\/","name":"La Sentinelle","description":"Quotidien national d&#039;information","publisher":{"@id":"https:\/\/lasentinelle.dz\/#organization"},"potentialAction":[{"@type":"SearchAction","target":{"@type":"EntryPoint","urlTemplate":"https:\/\/lasentinelle.dz\/?s={search_term_string}"},"query-input":{"@type":"PropertyValueSpecification","valueRequired":true,"valueName":"search_term_string"}}],"inLanguage":"fr-FR"},{"@type":"Organization","@id":"https:\/\/lasentinelle.dz\/#organization","name":"Quotidien La Sentinelle","url":"https:\/\/lasentinelle.dz\/","logo":{"@type":"ImageObject","inLanguage":"fr-FR","@id":"https:\/\/lasentinelle.dz\/#\/schema\/logo\/image\/","url":"https:\/\/lasentinelle.dz\/wp-content\/uploads\/2021\/09\/logo-sentinelleSLOGAN-1.png","contentUrl":"https:\/\/lasentinelle.dz\/wp-content\/uploads\/2021\/09\/logo-sentinelleSLOGAN-1.png","width":615,"height":142,"caption":"Quotidien La Sentinelle"},"image":{"@id":"https:\/\/lasentinelle.dz\/#\/schema\/logo\/image\/"},"sameAs":["https:\/\/www.facebook.com\/La-Sentinelle-104059864394773"]},{"@type":"Person","@id":"https:\/\/lasentinelle.dz\/#\/schema\/person\/d865044e22e70a75174ce8bcad3acfb3","name":"La Sentinelle","image":{"@type":"ImageObject","inLanguage":"fr-FR","@id":"https:\/\/secure.gravatar.com\/avatar\/57de8e5d4b15d43fb361a71fbb36338450fe67865b528a43dd10ef7c51a20392?s=96&d=mm&r=g","url":"https:\/\/secure.gravatar.com\/avatar\/57de8e5d4b15d43fb361a71fbb36338450fe67865b528a43dd10ef7c51a20392?s=96&d=mm&r=g","contentUrl":"https:\/\/secure.gravatar.com\/avatar\/57de8e5d4b15d43fb361a71fbb36338450fe67865b528a43dd10ef7c51a20392?s=96&d=mm&r=g","caption":"La Sentinelle"},"sameAs":["http:\/\/www.lasentinelle.dz"],"url":"https:\/\/lasentinelle.dz\/author\/redaction\/"}]}},"_links":{"self":[{"href":"https:\/\/lasentinelle.dz\/index.php\/wp-json\/wp\/v2\/posts\/52549","targetHints":{"allow":["GET"]}}],"collection":[{"href":"https:\/\/lasentinelle.dz\/index.php\/wp-json\/wp\/v2\/posts"}],"about":[{"href":"https:\/\/lasentinelle.dz\/index.php\/wp-json\/wp\/v2\/types\/post"}],"author":[{"embeddable":true,"href":"https:\/\/lasentinelle.dz\/index.php\/wp-json\/wp\/v2\/users\/3"}],"replies":[{"embeddable":true,"href":"https:\/\/lasentinelle.dz\/index.php\/wp-json\/wp\/v2\/comments?post=52549"}],"version-history":[{"count":1,"href":"https:\/\/lasentinelle.dz\/index.php\/wp-json\/wp\/v2\/posts\/52549\/revisions"}],"predecessor-version":[{"id":52550,"href":"https:\/\/lasentinelle.dz\/index.php\/wp-json\/wp\/v2\/posts\/52549\/revisions\/52550"}],"wp:featuredmedia":[{"embeddable":true,"href":"https:\/\/lasentinelle.dz\/index.php\/wp-json\/wp\/v2\/media\/48688"}],"wp:attachment":[{"href":"https:\/\/lasentinelle.dz\/index.php\/wp-json\/wp\/v2\/media?parent=52549"}],"wp:term":[{"taxonomy":"category","embeddable":true,"href":"https:\/\/lasentinelle.dz\/index.php\/wp-json\/wp\/v2\/categories?post=52549"},{"taxonomy":"post_tag","embeddable":true,"href":"https:\/\/lasentinelle.dz\/index.php\/wp-json\/wp\/v2\/tags?post=52549"}],"curies":[{"name":"wp","href":"https:\/\/api.w.org\/{rel}","templated":true}]}}