{"id":52569,"date":"2024-05-19T13:37:12","date_gmt":"2024-05-19T12:37:12","guid":{"rendered":"https:\/\/lasentinelle.dz\/?p=52569"},"modified":"2024-05-19T13:37:19","modified_gmt":"2024-05-19T12:37:19","slug":"ligue-1-mobilis-le-mc-alger-sacre-pour-la-8e-fois","status":"publish","type":"post","link":"https:\/\/lasentinelle.dz\/index.php\/2024\/05\/19\/ligue-1-mobilis-le-mc-alger-sacre-pour-la-8e-fois\/","title":{"rendered":"Ligue 1 Mobilis\u00a0: Le MC Alger sacr\u00e9 pour la 8e fois\u00a0!"},"content":{"rendered":"\n<p>Le MC Alger a \u00e9t\u00e9 sacr\u00e9 champion d&rsquo;Alg\u00e9rie de football de la saison 2023-2024, en remportant le grand derby alg\u00e9rois contre son rival \u00e9ternel l&rsquo;USM Alger sur le score de 1 \u00e0 0, en match comptant pour la 26e journ\u00e9e de la Ligue 1 Mobilis, disput\u00e9 vendredi soir au stade 5 juillet d&rsquo;Alger.<\/p>\n\n\n\n<p>Les Vert et Rouge de la capitale ont profit\u00e9 du match nul (1-1) entre le CS Constantine et le CR Belouizdad pour d\u00e9crocher le titre de champion d&rsquo;Alg\u00e9rie \u00e0 quatre journ\u00e9es de la fin de la comp\u00e9tition. Avec 60 points au compteur, les co\u00e9quipiers de Youcef Belaili ne peuvent plus \u00eatre rejoints au classement par leur dauphin le CR Belouizdad (46 points), ou encore le CS Constantine (45 pts), qui m\u00eame en cas de victoire devant l&rsquo;USM Alger en match en retard, poss\u00e8de une diff\u00e9rence de buts d\u00e9favorable dans les confrontations directes par rapport au MCA (aller : CSC-MCA 1-0, retour : MCA-CSC 2-0). Le MC Alger, fond\u00e9 en 1921, d\u00e9croche \u00e0 cette occasion le huiti\u00e8me titre de champion de son histoire apr\u00e8s ceux remport\u00e9s en 1972, 1975, 1976, 1978, 1979, 1999 et 2010. Auteurs d&rsquo;une saison exceptionnelle, les Mouloud\u00e9ens sont toujours en course pour un doubl\u00e9 Coupe-Championnat. Ils joueront la finale de Dame-Coupe face au CR Belouizdad. Dans un stade olympique archi-comble, les hommes d&rsquo;Amir Beaumelle ont inscrit l&rsquo;unique mais pr\u00e9cieux but de la victoire gr\u00e2ce \u00e0 son milieu de terrain ivoirien Zograna (23&prime;). Un sacre salu\u00e9 par entraineur du Mouloudia, Amir Beaumelle qui a soulign\u00e9 que \u00ab&nbsp;l&rsquo;objectif \u00e9tait de gagner des titres, aujourd&rsquo;hui c&rsquo;est chose faite, le travail a \u00e9t\u00e9 colossal. En une saison, ces enfants sont devenus de vrais hommes, c&rsquo;est le fruit du travail de tout un staff. L&rsquo;objectif a \u00e9t\u00e9 atteint, il fallait r\u00e9\u00e9quilibrer l&rsquo;effectif, \u00e7a a donn\u00e9 une saison magnifique, il reste 4 matchs de championnat et un match de coupe. On savoure&nbsp;(\u2026)Savourons ce soir, on verra l&rsquo;avenir dans les prochaines semaines. J&rsquo;ai h\u00e2te de savoir la date de la finale, pour pouvoir planifier et \u00e9videmment tourner l&rsquo;effectif. Maintenant, nous devons garder l&rsquo;\u00e2me de l&rsquo;\u00e9quipe&nbsp;\u00bb. &nbsp;Le coach se projette d\u00e9j\u00e0 sur l\u2019avenir. \u00ab&nbsp; Etant champion, nous allons jouer un tour pr\u00e9liminaire de la Ligue des champions vers la mi-ao\u00fbt. Cela fait trois ou quatre mois que j&rsquo;ai donn\u00e9 une liste de joueurs que je veux dans mon effectif, mais en parall\u00e8le, il ne faut pas trop chambouler le groupe qui a donn\u00e9 enti\u00e8re satisfaction&nbsp;\u00bb, a-t-il ajout\u00e9. Il a enfin d\u00e9di\u00e9 le titre de champion &nbsp;\u00e0 Youssouf Dao et \u00e0 Romaric Ouattara \u00ab&nbsp;qui vont devoir s&rsquo;\u00e9loigner des terrains pour six mois pour blessures, toute notre pens\u00e9e va vers eux.&nbsp;\u00bb<\/p>\n\n\n\n<p>Dans l&rsquo;autre affiche de la journ\u00e9e, le CS Constantine a rat\u00e9 l&rsquo;occasion de reprendre la place de dauphin \u00e0 son adversaire du jour le CR Belouizdad (1-1). Pourtant, les hommes de Abdelkader Amrani ont bien entam\u00e9 la partie en ouvrant le score d\u00e8s le premier quart d&rsquo;heure par Dib, mais c&rsquo;\u00e9tait sans compter sur l&rsquo;abn\u00e9gation des Belouizdadis qui ont remis les pendules \u00e0 l&rsquo;heure de jeu par Laouafi. A la faveur de ce nul, le CRB conserve provisoirement sa deuxi\u00e8me place qualificative \u00e0 la Ligue des champions de la CAF, avec une longueur d&rsquo;avance sur le CSC qui compte un match en moins \u00e0 domicile contre l&rsquo;USMA.<\/p>\n\n\n\n<p>R.S.<\/p>\n\n\n\n<p><strong>Le pr\u00e9sident de la R\u00e9publique f\u00e9licite l&rsquo;\u00e9quipe du MC Alger<\/strong><\/p>\n\n\n\n<p>Le pr\u00e9sident de la R\u00e9publique, M. Abdelmadjid Tebboune a f\u00e9licit\u00e9, vendredi soir, le Mouloudia d&rsquo;Alger apr\u00e8s son huiti\u00e8me titre de champion d&rsquo;Alg\u00e9rie de la ligue 1 professionnelle de football. \u00ab\u00a0F\u00e9licitations au Mouloudia, doyen des clubs alg\u00e9riens pour son huiti\u00e8me titre de champion d&rsquo;Alg\u00e9rie de son histoire.. F\u00e9licitations \u00e0 ses nombreux supporters et \u00e0 son staff technique.. vous m\u00e9ritez amplement votre titre \u00ab\u00a0, a \u00e9crit le Pr\u00e9sident de la R\u00e9publique sur son compte officiel dans les r\u00e9seaux sociaux.<\/p>\n","protected":false},"excerpt":{"rendered":"<p>Le MC Alger a \u00e9t\u00e9 sacr\u00e9 champion d&rsquo;Alg\u00e9rie de football de la saison 2023-2024, en remportant le grand derby alg\u00e9rois<\/p>\n","protected":false},"author":3,"featured_media":52570,"comment_status":"open","ping_status":"closed","sticky":false,"template":"","format":"standard","meta":{"colormag_page_container_layout":"default_layout","colormag_page_sidebar_layout":"default_layout","om_disable_all_campaigns":false,"_monsterinsights_skip_tracking":false,"_monsterinsights_sitenote_active":false,"_monsterinsights_sitenote_note":"","_monsterinsights_sitenote_category":0,"footnotes":"","_wpscppro_dont_share_socialmedia":false,"_wpscppro_custom_social_share_image":0,"_facebook_share_type":"default","_twitter_share_type":"default","_linkedin_share_type":"default","_pinterest_share_type":"default","_linkedin_share_type_page":"","_instagram_share_type":"default","_medium_share_type":"","_threads_share_type":"","_google_business_share_type":"","_selected_social_profile":[],"_wpsp_enable_custom_social_template":false,"_wpsp_social_scheduling":{"enabled":false,"datetime":null,"platforms":[],"status":"template_only","dateOption":"today","timeOption":"now","customDays":"","customHours":"","customDate":"","customTime":"","schedulingType":"absolute"},"_wpsp_active_default_template":true},"categories":[52,33],"tags":[],"class_list":["post-52569","post","type-post","status-publish","format-standard","has-post-thumbnail","hentry","category-a-la-une","category-sports"],"aioseo_notices":[],"yoast_head":"<!-- This site is optimized with the Yoast SEO plugin v27.5 - https:\/\/yoast.com\/product\/yoast-seo-wordpress\/ -->\n<title>Ligue 1 Mobilis\u00a0: Le MC Alger sacr\u00e9 pour la 8e fois\u00a0! - La Sentinelle<\/title>\n<meta name=\"robots\" content=\"index, follow, max-snippet:-1, max-image-preview:large, max-video-preview:-1\" \/>\n<link rel=\"canonical\" href=\"https:\/\/lasentinelle.dz\/index.php\/2024\/05\/19\/ligue-1-mobilis-le-mc-alger-sacre-pour-la-8e-fois\/\" \/>\n<meta property=\"og:locale\" content=\"fr_FR\" \/>\n<meta property=\"og:type\" content=\"article\" \/>\n<meta property=\"og:title\" content=\"Ligue 1 Mobilis\u00a0: Le MC Alger sacr\u00e9 pour la 8e fois\u00a0! - La Sentinelle\" \/>\n<meta property=\"og:description\" content=\"Le MC Alger a \u00e9t\u00e9 sacr\u00e9 champion d&rsquo;Alg\u00e9rie de football de la saison 2023-2024, en remportant le grand derby alg\u00e9rois\" \/>\n<meta property=\"og:url\" content=\"https:\/\/lasentinelle.dz\/index.php\/2024\/05\/19\/ligue-1-mobilis-le-mc-alger-sacre-pour-la-8e-fois\/\" \/>\n<meta property=\"og:site_name\" content=\"La Sentinelle\" \/>\n<meta property=\"article:publisher\" content=\"https:\/\/www.facebook.com\/La-Sentinelle-104059864394773\" \/>\n<meta property=\"article:published_time\" content=\"2024-05-19T12:37:12+00:00\" \/>\n<meta property=\"article:modified_time\" content=\"2024-05-19T12:37:19+00:00\" \/>\n<meta property=\"og:image\" content=\"https:\/\/lasentinelle.dz\/wp-content\/uploads\/2024\/05\/mouloudia.jpeg\" \/>\n\t<meta property=\"og:image:width\" content=\"1440\" \/>\n\t<meta property=\"og:image:height\" content=\"1440\" \/>\n\t<meta property=\"og:image:type\" content=\"image\/jpeg\" \/>\n<meta name=\"author\" content=\"La Sentinelle\" \/>\n<meta name=\"twitter:card\" content=\"summary_large_image\" \/>\n<meta name=\"twitter:label1\" content=\"\u00c9crit par\" \/>\n\t<meta name=\"twitter:data1\" content=\"La Sentinelle\" \/>\n\t<meta name=\"twitter:label2\" content=\"Dur\u00e9e de lecture estim\u00e9e\" \/>\n\t<meta name=\"twitter:data2\" content=\"4 minutes\" \/>\n<script type=\"application\/ld+json\" class=\"yoast-schema-graph\">{\"@context\":\"https:\\\/\\\/schema.org\",\"@graph\":[{\"@type\":\"Article\",\"@id\":\"https:\\\/\\\/lasentinelle.dz\\\/index.php\\\/2024\\\/05\\\/19\\\/ligue-1-mobilis-le-mc-alger-sacre-pour-la-8e-fois\\\/#article\",\"isPartOf\":{\"@id\":\"https:\\\/\\\/lasentinelle.dz\\\/index.php\\\/2024\\\/05\\\/19\\\/ligue-1-mobilis-le-mc-alger-sacre-pour-la-8e-fois\\\/\"},\"author\":{\"name\":\"La Sentinelle\",\"@id\":\"https:\\\/\\\/lasentinelle.dz\\\/#\\\/schema\\\/person\\\/d865044e22e70a75174ce8bcad3acfb3\"},\"headline\":\"Ligue 1 Mobilis\u00a0: Le MC Alger sacr\u00e9 pour la 8e fois\u00a0!\",\"datePublished\":\"2024-05-19T12:37:12+00:00\",\"dateModified\":\"2024-05-19T12:37:19+00:00\",\"mainEntityOfPage\":{\"@id\":\"https:\\\/\\\/lasentinelle.dz\\\/index.php\\\/2024\\\/05\\\/19\\\/ligue-1-mobilis-le-mc-alger-sacre-pour-la-8e-fois\\\/\"},\"wordCount\":703,\"commentCount\":0,\"publisher\":{\"@id\":\"https:\\\/\\\/lasentinelle.dz\\\/#organization\"},\"image\":{\"@id\":\"https:\\\/\\\/lasentinelle.dz\\\/index.php\\\/2024\\\/05\\\/19\\\/ligue-1-mobilis-le-mc-alger-sacre-pour-la-8e-fois\\\/#primaryimage\"},\"thumbnailUrl\":\"https:\\\/\\\/lasentinelle.dz\\\/wp-content\\\/uploads\\\/2024\\\/05\\\/mouloudia.jpeg\",\"articleSection\":[\"\u00c0 la Une\",\"Sports\"],\"inLanguage\":\"fr-FR\",\"potentialAction\":[{\"@type\":\"CommentAction\",\"name\":\"Comment\",\"target\":[\"https:\\\/\\\/lasentinelle.dz\\\/index.php\\\/2024\\\/05\\\/19\\\/ligue-1-mobilis-le-mc-alger-sacre-pour-la-8e-fois\\\/#respond\"]}]},{\"@type\":\"WebPage\",\"@id\":\"https:\\\/\\\/lasentinelle.dz\\\/index.php\\\/2024\\\/05\\\/19\\\/ligue-1-mobilis-le-mc-alger-sacre-pour-la-8e-fois\\\/\",\"url\":\"https:\\\/\\\/lasentinelle.dz\\\/index.php\\\/2024\\\/05\\\/19\\\/ligue-1-mobilis-le-mc-alger-sacre-pour-la-8e-fois\\\/\",\"name\":\"Ligue 1 Mobilis\u00a0: Le MC Alger sacr\u00e9 pour la 8e fois\u00a0! - La Sentinelle\",\"isPartOf\":{\"@id\":\"https:\\\/\\\/lasentinelle.dz\\\/#website\"},\"primaryImageOfPage\":{\"@id\":\"https:\\\/\\\/lasentinelle.dz\\\/index.php\\\/2024\\\/05\\\/19\\\/ligue-1-mobilis-le-mc-alger-sacre-pour-la-8e-fois\\\/#primaryimage\"},\"image\":{\"@id\":\"https:\\\/\\\/lasentinelle.dz\\\/index.php\\\/2024\\\/05\\\/19\\\/ligue-1-mobilis-le-mc-alger-sacre-pour-la-8e-fois\\\/#primaryimage\"},\"thumbnailUrl\":\"https:\\\/\\\/lasentinelle.dz\\\/wp-content\\\/uploads\\\/2024\\\/05\\\/mouloudia.jpeg\",\"datePublished\":\"2024-05-19T12:37:12+00:00\",\"dateModified\":\"2024-05-19T12:37:19+00:00\",\"breadcrumb\":{\"@id\":\"https:\\\/\\\/lasentinelle.dz\\\/index.php\\\/2024\\\/05\\\/19\\\/ligue-1-mobilis-le-mc-alger-sacre-pour-la-8e-fois\\\/#breadcrumb\"},\"inLanguage\":\"fr-FR\",\"potentialAction\":[{\"@type\":\"ReadAction\",\"target\":[\"https:\\\/\\\/lasentinelle.dz\\\/index.php\\\/2024\\\/05\\\/19\\\/ligue-1-mobilis-le-mc-alger-sacre-pour-la-8e-fois\\\/\"]}]},{\"@type\":\"ImageObject\",\"inLanguage\":\"fr-FR\",\"@id\":\"https:\\\/\\\/lasentinelle.dz\\\/index.php\\\/2024\\\/05\\\/19\\\/ligue-1-mobilis-le-mc-alger-sacre-pour-la-8e-fois\\\/#primaryimage\",\"url\":\"https:\\\/\\\/lasentinelle.dz\\\/wp-content\\\/uploads\\\/2024\\\/05\\\/mouloudia.jpeg\",\"contentUrl\":\"https:\\\/\\\/lasentinelle.dz\\\/wp-content\\\/uploads\\\/2024\\\/05\\\/mouloudia.jpeg\",\"width\":1440,\"height\":1440},{\"@type\":\"BreadcrumbList\",\"@id\":\"https:\\\/\\\/lasentinelle.dz\\\/index.php\\\/2024\\\/05\\\/19\\\/ligue-1-mobilis-le-mc-alger-sacre-pour-la-8e-fois\\\/#breadcrumb\",\"itemListElement\":[{\"@type\":\"ListItem\",\"position\":1,\"name\":\"Accueil\",\"item\":\"https:\\\/\\\/lasentinelle.dz\\\/\"},{\"@type\":\"ListItem\",\"position\":2,\"name\":\"Ligue 1 Mobilis\u00a0: Le MC Alger sacr\u00e9 pour la 8e fois\u00a0!\"}]},{\"@type\":\"WebSite\",\"@id\":\"https:\\\/\\\/lasentinelle.dz\\\/#website\",\"url\":\"https:\\\/\\\/lasentinelle.dz\\\/\",\"name\":\"La Sentinelle\",\"description\":\"Quotidien national d&#039;information\",\"publisher\":{\"@id\":\"https:\\\/\\\/lasentinelle.dz\\\/#organization\"},\"potentialAction\":[{\"@type\":\"SearchAction\",\"target\":{\"@type\":\"EntryPoint\",\"urlTemplate\":\"https:\\\/\\\/lasentinelle.dz\\\/?s={search_term_string}\"},\"query-input\":{\"@type\":\"PropertyValueSpecification\",\"valueRequired\":true,\"valueName\":\"search_term_string\"}}],\"inLanguage\":\"fr-FR\"},{\"@type\":\"Organization\",\"@id\":\"https:\\\/\\\/lasentinelle.dz\\\/#organization\",\"name\":\"Quotidien La Sentinelle\",\"url\":\"https:\\\/\\\/lasentinelle.dz\\\/\",\"logo\":{\"@type\":\"ImageObject\",\"inLanguage\":\"fr-FR\",\"@id\":\"https:\\\/\\\/lasentinelle.dz\\\/#\\\/schema\\\/logo\\\/image\\\/\",\"url\":\"https:\\\/\\\/lasentinelle.dz\\\/wp-content\\\/uploads\\\/2021\\\/09\\\/logo-sentinelleSLOGAN-1.png\",\"contentUrl\":\"https:\\\/\\\/lasentinelle.dz\\\/wp-content\\\/uploads\\\/2021\\\/09\\\/logo-sentinelleSLOGAN-1.png\",\"width\":615,\"height\":142,\"caption\":\"Quotidien La Sentinelle\"},\"image\":{\"@id\":\"https:\\\/\\\/lasentinelle.dz\\\/#\\\/schema\\\/logo\\\/image\\\/\"},\"sameAs\":[\"https:\\\/\\\/www.facebook.com\\\/La-Sentinelle-104059864394773\"]},{\"@type\":\"Person\",\"@id\":\"https:\\\/\\\/lasentinelle.dz\\\/#\\\/schema\\\/person\\\/d865044e22e70a75174ce8bcad3acfb3\",\"name\":\"La Sentinelle\",\"image\":{\"@type\":\"ImageObject\",\"inLanguage\":\"fr-FR\",\"@id\":\"https:\\\/\\\/secure.gravatar.com\\\/avatar\\\/57de8e5d4b15d43fb361a71fbb36338450fe67865b528a43dd10ef7c51a20392?s=96&d=mm&r=g\",\"url\":\"https:\\\/\\\/secure.gravatar.com\\\/avatar\\\/57de8e5d4b15d43fb361a71fbb36338450fe67865b528a43dd10ef7c51a20392?s=96&d=mm&r=g\",\"contentUrl\":\"https:\\\/\\\/secure.gravatar.com\\\/avatar\\\/57de8e5d4b15d43fb361a71fbb36338450fe67865b528a43dd10ef7c51a20392?s=96&d=mm&r=g\",\"caption\":\"La Sentinelle\"},\"sameAs\":[\"http:\\\/\\\/www.lasentinelle.dz\"],\"url\":\"https:\\\/\\\/lasentinelle.dz\\\/author\\\/redaction\\\/\"}]}<\/script>\n<!-- \/ Yoast SEO plugin. -->","yoast_head_json":{"title":"Ligue 1 Mobilis\u00a0: Le MC Alger sacr\u00e9 pour la 8e fois\u00a0! - La Sentinelle","robots":{"index":"index","follow":"follow","max-snippet":"max-snippet:-1","max-image-preview":"max-image-preview:large","max-video-preview":"max-video-preview:-1"},"canonical":"https:\/\/lasentinelle.dz\/index.php\/2024\/05\/19\/ligue-1-mobilis-le-mc-alger-sacre-pour-la-8e-fois\/","og_locale":"fr_FR","og_type":"article","og_title":"Ligue 1 Mobilis\u00a0: Le MC Alger sacr\u00e9 pour la 8e fois\u00a0! - La Sentinelle","og_description":"Le MC Alger a \u00e9t\u00e9 sacr\u00e9 champion d&rsquo;Alg\u00e9rie de football de la saison 2023-2024, en remportant le grand derby alg\u00e9rois","og_url":"https:\/\/lasentinelle.dz\/index.php\/2024\/05\/19\/ligue-1-mobilis-le-mc-alger-sacre-pour-la-8e-fois\/","og_site_name":"La Sentinelle","article_publisher":"https:\/\/www.facebook.com\/La-Sentinelle-104059864394773","article_published_time":"2024-05-19T12:37:12+00:00","article_modified_time":"2024-05-19T12:37:19+00:00","og_image":[{"width":1440,"height":1440,"url":"https:\/\/lasentinelle.dz\/wp-content\/uploads\/2024\/05\/mouloudia.jpeg","type":"image\/jpeg"}],"author":"La Sentinelle","twitter_card":"summary_large_image","twitter_misc":{"\u00c9crit par":"La Sentinelle","Dur\u00e9e de lecture estim\u00e9e":"4 minutes"},"schema":{"@context":"https:\/\/schema.org","@graph":[{"@type":"Article","@id":"https:\/\/lasentinelle.dz\/index.php\/2024\/05\/19\/ligue-1-mobilis-le-mc-alger-sacre-pour-la-8e-fois\/#article","isPartOf":{"@id":"https:\/\/lasentinelle.dz\/index.php\/2024\/05\/19\/ligue-1-mobilis-le-mc-alger-sacre-pour-la-8e-fois\/"},"author":{"name":"La Sentinelle","@id":"https:\/\/lasentinelle.dz\/#\/schema\/person\/d865044e22e70a75174ce8bcad3acfb3"},"headline":"Ligue 1 Mobilis\u00a0: Le MC Alger sacr\u00e9 pour la 8e fois\u00a0!","datePublished":"2024-05-19T12:37:12+00:00","dateModified":"2024-05-19T12:37:19+00:00","mainEntityOfPage":{"@id":"https:\/\/lasentinelle.dz\/index.php\/2024\/05\/19\/ligue-1-mobilis-le-mc-alger-sacre-pour-la-8e-fois\/"},"wordCount":703,"commentCount":0,"publisher":{"@id":"https:\/\/lasentinelle.dz\/#organization"},"image":{"@id":"https:\/\/lasentinelle.dz\/index.php\/2024\/05\/19\/ligue-1-mobilis-le-mc-alger-sacre-pour-la-8e-fois\/#primaryimage"},"thumbnailUrl":"https:\/\/lasentinelle.dz\/wp-content\/uploads\/2024\/05\/mouloudia.jpeg","articleSection":["\u00c0 la Une","Sports"],"inLanguage":"fr-FR","potentialAction":[{"@type":"CommentAction","name":"Comment","target":["https:\/\/lasentinelle.dz\/index.php\/2024\/05\/19\/ligue-1-mobilis-le-mc-alger-sacre-pour-la-8e-fois\/#respond"]}]},{"@type":"WebPage","@id":"https:\/\/lasentinelle.dz\/index.php\/2024\/05\/19\/ligue-1-mobilis-le-mc-alger-sacre-pour-la-8e-fois\/","url":"https:\/\/lasentinelle.dz\/index.php\/2024\/05\/19\/ligue-1-mobilis-le-mc-alger-sacre-pour-la-8e-fois\/","name":"Ligue 1 Mobilis\u00a0: Le MC Alger sacr\u00e9 pour la 8e fois\u00a0! - La Sentinelle","isPartOf":{"@id":"https:\/\/lasentinelle.dz\/#website"},"primaryImageOfPage":{"@id":"https:\/\/lasentinelle.dz\/index.php\/2024\/05\/19\/ligue-1-mobilis-le-mc-alger-sacre-pour-la-8e-fois\/#primaryimage"},"image":{"@id":"https:\/\/lasentinelle.dz\/index.php\/2024\/05\/19\/ligue-1-mobilis-le-mc-alger-sacre-pour-la-8e-fois\/#primaryimage"},"thumbnailUrl":"https:\/\/lasentinelle.dz\/wp-content\/uploads\/2024\/05\/mouloudia.jpeg","datePublished":"2024-05-19T12:37:12+00:00","dateModified":"2024-05-19T12:37:19+00:00","breadcrumb":{"@id":"https:\/\/lasentinelle.dz\/index.php\/2024\/05\/19\/ligue-1-mobilis-le-mc-alger-sacre-pour-la-8e-fois\/#breadcrumb"},"inLanguage":"fr-FR","potentialAction":[{"@type":"ReadAction","target":["https:\/\/lasentinelle.dz\/index.php\/2024\/05\/19\/ligue-1-mobilis-le-mc-alger-sacre-pour-la-8e-fois\/"]}]},{"@type":"ImageObject","inLanguage":"fr-FR","@id":"https:\/\/lasentinelle.dz\/index.php\/2024\/05\/19\/ligue-1-mobilis-le-mc-alger-sacre-pour-la-8e-fois\/#primaryimage","url":"https:\/\/lasentinelle.dz\/wp-content\/uploads\/2024\/05\/mouloudia.jpeg","contentUrl":"https:\/\/lasentinelle.dz\/wp-content\/uploads\/2024\/05\/mouloudia.jpeg","width":1440,"height":1440},{"@type":"BreadcrumbList","@id":"https:\/\/lasentinelle.dz\/index.php\/2024\/05\/19\/ligue-1-mobilis-le-mc-alger-sacre-pour-la-8e-fois\/#breadcrumb","itemListElement":[{"@type":"ListItem","position":1,"name":"Accueil","item":"https:\/\/lasentinelle.dz\/"},{"@type":"ListItem","position":2,"name":"Ligue 1 Mobilis\u00a0: Le MC Alger sacr\u00e9 pour la 8e fois\u00a0!"}]},{"@type":"WebSite","@id":"https:\/\/lasentinelle.dz\/#website","url":"https:\/\/lasentinelle.dz\/","name":"La Sentinelle","description":"Quotidien national d&#039;information","publisher":{"@id":"https:\/\/lasentinelle.dz\/#organization"},"potentialAction":[{"@type":"SearchAction","target":{"@type":"EntryPoint","urlTemplate":"https:\/\/lasentinelle.dz\/?s={search_term_string}"},"query-input":{"@type":"PropertyValueSpecification","valueRequired":true,"valueName":"search_term_string"}}],"inLanguage":"fr-FR"},{"@type":"Organization","@id":"https:\/\/lasentinelle.dz\/#organization","name":"Quotidien La Sentinelle","url":"https:\/\/lasentinelle.dz\/","logo":{"@type":"ImageObject","inLanguage":"fr-FR","@id":"https:\/\/lasentinelle.dz\/#\/schema\/logo\/image\/","url":"https:\/\/lasentinelle.dz\/wp-content\/uploads\/2021\/09\/logo-sentinelleSLOGAN-1.png","contentUrl":"https:\/\/lasentinelle.dz\/wp-content\/uploads\/2021\/09\/logo-sentinelleSLOGAN-1.png","width":615,"height":142,"caption":"Quotidien La Sentinelle"},"image":{"@id":"https:\/\/lasentinelle.dz\/#\/schema\/logo\/image\/"},"sameAs":["https:\/\/www.facebook.com\/La-Sentinelle-104059864394773"]},{"@type":"Person","@id":"https:\/\/lasentinelle.dz\/#\/schema\/person\/d865044e22e70a75174ce8bcad3acfb3","name":"La Sentinelle","image":{"@type":"ImageObject","inLanguage":"fr-FR","@id":"https:\/\/secure.gravatar.com\/avatar\/57de8e5d4b15d43fb361a71fbb36338450fe67865b528a43dd10ef7c51a20392?s=96&d=mm&r=g","url":"https:\/\/secure.gravatar.com\/avatar\/57de8e5d4b15d43fb361a71fbb36338450fe67865b528a43dd10ef7c51a20392?s=96&d=mm&r=g","contentUrl":"https:\/\/secure.gravatar.com\/avatar\/57de8e5d4b15d43fb361a71fbb36338450fe67865b528a43dd10ef7c51a20392?s=96&d=mm&r=g","caption":"La Sentinelle"},"sameAs":["http:\/\/www.lasentinelle.dz"],"url":"https:\/\/lasentinelle.dz\/author\/redaction\/"}]}},"_links":{"self":[{"href":"https:\/\/lasentinelle.dz\/index.php\/wp-json\/wp\/v2\/posts\/52569","targetHints":{"allow":["GET"]}}],"collection":[{"href":"https:\/\/lasentinelle.dz\/index.php\/wp-json\/wp\/v2\/posts"}],"about":[{"href":"https:\/\/lasentinelle.dz\/index.php\/wp-json\/wp\/v2\/types\/post"}],"author":[{"embeddable":true,"href":"https:\/\/lasentinelle.dz\/index.php\/wp-json\/wp\/v2\/users\/3"}],"replies":[{"embeddable":true,"href":"https:\/\/lasentinelle.dz\/index.php\/wp-json\/wp\/v2\/comments?post=52569"}],"version-history":[{"count":1,"href":"https:\/\/lasentinelle.dz\/index.php\/wp-json\/wp\/v2\/posts\/52569\/revisions"}],"predecessor-version":[{"id":52571,"href":"https:\/\/lasentinelle.dz\/index.php\/wp-json\/wp\/v2\/posts\/52569\/revisions\/52571"}],"wp:featuredmedia":[{"embeddable":true,"href":"https:\/\/lasentinelle.dz\/index.php\/wp-json\/wp\/v2\/media\/52570"}],"wp:attachment":[{"href":"https:\/\/lasentinelle.dz\/index.php\/wp-json\/wp\/v2\/media?parent=52569"}],"wp:term":[{"taxonomy":"category","embeddable":true,"href":"https:\/\/lasentinelle.dz\/index.php\/wp-json\/wp\/v2\/categories?post=52569"},{"taxonomy":"post_tag","embeddable":true,"href":"https:\/\/lasentinelle.dz\/index.php\/wp-json\/wp\/v2\/tags?post=52569"}],"curies":[{"name":"wp","href":"https:\/\/api.w.org\/{rel}","templated":true}]}}