{"id":52590,"date":"2024-05-19T13:55:14","date_gmt":"2024-05-19T12:55:14","guid":{"rendered":"https:\/\/lasentinelle.dz\/?p=52590"},"modified":"2024-05-19T13:55:16","modified_gmt":"2024-05-19T12:55:16","slug":"conscience-politique-et-role-economique-des-etudiants-en-debats","status":"publish","type":"post","link":"https:\/\/lasentinelle.dz\/index.php\/2024\/05\/19\/conscience-politique-et-role-economique-des-etudiants-en-debats\/","title":{"rendered":"Conscience politique et r\u00f4le \u00e9conomique des \u00e9tudiants en d\u00e9bats"},"content":{"rendered":"\n<p>La contribution de l\u2019universit\u00e9 \u00e0 l\u2019essor \u00e9conomique et social de l\u2019Alg\u00e9rie a \u00e9t\u00e9 au c\u0153ur d\u2019ateliers organis\u00e9s hier au p\u00f4le universitaire de Sidi Abdallah \u00e0 Alger par le Conseil sup\u00e9rieur de la jeunesse et ce, \u00e0 l\u2019occasion de la Journ\u00e9e nationale de l\u2019\u00e9tudiant c\u00e9l\u00e9br\u00e9e le 19 mai de chaque ann\u00e9e. L\u2019objectif de ces ateliers \u00e9tait de mettre en avant le r\u00f4le pr\u00e9d\u00e9terminant des \u00e9tudiants, durant la guerre de lib\u00e9ration nationale hier, et dans le processus de refondation nationale, puis de relance \u00e9conomique aujourd\u2019hui. Plac\u00e9s sous le th\u00e8me \u00ab\u00a0l&rsquo;\u00e9tudiant alg\u00e9rien, de la r\u00e9sistance et de la lib\u00e9ration \u00e0 la science et \u00e0 la construction\u00a0\u00bb, ces ateliers ont \u00e9t\u00e9 ponctu\u00e9s par l&rsquo;animation de s\u00e9ances de r\u00e9flexion autour du renforcement de la conscience politique aupr\u00e8s des \u00e9tudiants, \u00e0 m\u00eame de pousser ces derniers \u00e0 acc\u00e9der \u00e0 la vie politique, \u00e9tant des \u00ab\u00a0un r\u00e9servoir d&rsquo;id\u00e9es\u00a0\u00bb. Le CSJ a en outre affirm\u00e9 que la c\u00e9l\u00e9bration de la Journ\u00e9e de l&rsquo;\u00e9tudiant cette ann\u00e9e, intervient dans un autre contexte qui requiert la consolidation des acquis et des r\u00e9sultats accomplis durant les derni\u00e8res ann\u00e9es et se veut l&rsquo;affirmation de l&rsquo;\u00e8re de l&rsquo;Alg\u00e9rie nouvelle, dont l&rsquo;universit\u00e9 est consid\u00e9r\u00e9e comme une locomotive importante sur la voie de construction d&rsquo;une \u00e9conomie forte\u00a0\u00bb. Dans ce sens, les participants \u00e0 ces ateliers organis\u00e9s par le CSJ, en coordination avec le minist\u00e8re de l&rsquo;Enseignement sup\u00e9rieur et de la Recherche scientifique, ainsi que celui des Moudjahidine et des Ayants-droit ont discut\u00e9 de plusieurs th\u00e8mes relatifs aux modalit\u00e9s d&rsquo;activation de l&rsquo;activit\u00e9 entrepreuneuriale en milieu universitaire, \u00e0 travers la mise en exergue du r\u00f4le des m\u00e9canismes et des mesures que les \u00e9tudiants peuvent prendre en compte en vue de concr\u00e9tiser leurs projets.<\/p>\n\n\n\n<p>Notons que la journ\u00e9e de l\u2019\u00e9tudiant a \u00e9t\u00e9 l\u2019occasion cette ann\u00e9e pour mettre en avant les avanc\u00e9es r\u00e9alis\u00e9es dans le secteur de l&rsquo;enseignement sup\u00e9rieur et de la recherche scientifique. Il s\u2019agit surtout de mettre en avant la strat\u00e9gie des pouvoirs publics qui ont mis\u00e9 sur l&rsquo;Universit\u00e9 pour devenir un facteur contribuant \u00e0 la cr\u00e9ation de la richesse en rapprochant les \u00e9tudiants-porteurs de projets, des entreprises \u00e9conomiques, une occasion saisie par de nombreux \u00e9tudiants qui se sont lanc\u00e9 dans le monde de l&rsquo;entrepreneuriat.<\/p>\n\n\n\n<p>Cette strat\u00e9gie a permis la cr\u00e9ation de 96 incubateurs d&rsquo;entreprises dans le secteur, avec plus de 3.000 espaces pour les startups, et plus de 100 centres de d\u00e9veloppement de l&rsquo;entrepreneuriat (CDE). Par ailleurs de 1.700 projets destin\u00e9s \u00e0 la formation de micro-entreprises outre la labellisation de 405 projets et l&rsquo;obtention de plus de 1.400 brevets d&rsquo;invention ont \u00e9t\u00e9 recens\u00e9s. En outre, en application des orientations du Pr\u00e9sident de la R\u00e9publique en vue de l&rsquo;ouverture de l&rsquo;Universit\u00e9 alg\u00e9rienne, plusieurs accords de coop\u00e9ration et de jumelage ont \u00e9t\u00e9 r\u00e9cemment sign\u00e9s entre les \u00e9tablissements universitaires alg\u00e9riens et des \u00e9tablissements et centres sp\u00e9cialis\u00e9s \u00e0 l&rsquo;int\u00e9rieur et \u00e0 l&rsquo;ext\u00e9rieur du pays, dont la signature de conventions-cadres entre l&rsquo;Universit\u00e9 Houari-Boumediene et l&rsquo;Agence spatiale alg\u00e9rienne (ASAL), l&rsquo;Universit\u00e9 d&rsquo;Alger 1 et les laboratoires \u00ab\u00a0Astra-Zeneca\u00a0\u00bb, outre la signature de m\u00e9morandums d&rsquo;entente et de jumelage avec des universit\u00e9s turques et am\u00e9ricaines.<\/p>\n\n\n\n<p>Samir Benisid<\/p>\n","protected":false},"excerpt":{"rendered":"<p>La contribution de l\u2019universit\u00e9 \u00e0 l\u2019essor \u00e9conomique et social de l\u2019Alg\u00e9rie a \u00e9t\u00e9 au c\u0153ur d\u2019ateliers organis\u00e9s hier au p\u00f4le<\/p>\n","protected":false},"author":3,"featured_media":52591,"comment_status":"open","ping_status":"closed","sticky":false,"template":"","format":"standard","meta":{"colormag_page_container_layout":"default_layout","colormag_page_sidebar_layout":"default_layout","om_disable_all_campaigns":false,"_monsterinsights_skip_tracking":false,"_monsterinsights_sitenote_active":false,"_monsterinsights_sitenote_note":"","_monsterinsights_sitenote_category":0,"footnotes":"","_wpscppro_dont_share_socialmedia":false,"_wpscppro_custom_social_share_image":0,"_facebook_share_type":"default","_twitter_share_type":"default","_linkedin_share_type":"default","_pinterest_share_type":"default","_linkedin_share_type_page":"","_instagram_share_type":"default","_medium_share_type":"","_threads_share_type":"","_google_business_share_type":"","_selected_social_profile":[],"_wpsp_enable_custom_social_template":false,"_wpsp_social_scheduling":{"enabled":false,"datetime":null,"platforms":[],"status":"template_only","dateOption":"today","timeOption":"now","customDays":"","customHours":"","customDate":"","customTime":"","schedulingType":"absolute"},"_wpsp_active_default_template":true},"categories":[27],"tags":[],"class_list":["post-52590","post","type-post","status-publish","format-standard","has-post-thumbnail","hentry","category-actualite"],"aioseo_notices":[],"yoast_head":"<!-- This site is optimized with the Yoast SEO plugin v27.5 - https:\/\/yoast.com\/product\/yoast-seo-wordpress\/ -->\n<title>Conscience politique et r\u00f4le \u00e9conomique des \u00e9tudiants en d\u00e9bats - La Sentinelle<\/title>\n<meta name=\"robots\" content=\"index, follow, max-snippet:-1, max-image-preview:large, max-video-preview:-1\" \/>\n<link rel=\"canonical\" href=\"https:\/\/lasentinelle.dz\/index.php\/2024\/05\/19\/conscience-politique-et-role-economique-des-etudiants-en-debats\/\" \/>\n<meta property=\"og:locale\" content=\"fr_FR\" \/>\n<meta property=\"og:type\" content=\"article\" \/>\n<meta property=\"og:title\" content=\"Conscience politique et r\u00f4le \u00e9conomique des \u00e9tudiants en d\u00e9bats - La Sentinelle\" \/>\n<meta property=\"og:description\" content=\"La contribution de l\u2019universit\u00e9 \u00e0 l\u2019essor \u00e9conomique et social de l\u2019Alg\u00e9rie a \u00e9t\u00e9 au c\u0153ur d\u2019ateliers organis\u00e9s hier au p\u00f4le\" \/>\n<meta property=\"og:url\" content=\"https:\/\/lasentinelle.dz\/index.php\/2024\/05\/19\/conscience-politique-et-role-economique-des-etudiants-en-debats\/\" \/>\n<meta property=\"og:site_name\" content=\"La Sentinelle\" \/>\n<meta property=\"article:publisher\" content=\"https:\/\/www.facebook.com\/La-Sentinelle-104059864394773\" \/>\n<meta property=\"article:published_time\" content=\"2024-05-19T12:55:14+00:00\" \/>\n<meta property=\"article:modified_time\" content=\"2024-05-19T12:55:16+00:00\" \/>\n<meta property=\"og:image\" content=\"https:\/\/lasentinelle.dz\/wp-content\/uploads\/2024\/05\/CSJ.jpeg\" \/>\n\t<meta property=\"og:image:width\" content=\"780\" \/>\n\t<meta property=\"og:image:height\" content=\"470\" \/>\n\t<meta property=\"og:image:type\" content=\"image\/jpeg\" \/>\n<meta name=\"author\" content=\"La Sentinelle\" \/>\n<meta name=\"twitter:card\" content=\"summary_large_image\" \/>\n<meta name=\"twitter:label1\" content=\"\u00c9crit par\" \/>\n\t<meta name=\"twitter:data1\" content=\"La Sentinelle\" \/>\n\t<meta name=\"twitter:label2\" content=\"Dur\u00e9e de lecture estim\u00e9e\" \/>\n\t<meta name=\"twitter:data2\" content=\"3 minutes\" \/>\n<script type=\"application\/ld+json\" class=\"yoast-schema-graph\">{\"@context\":\"https:\\\/\\\/schema.org\",\"@graph\":[{\"@type\":\"Article\",\"@id\":\"https:\\\/\\\/lasentinelle.dz\\\/index.php\\\/2024\\\/05\\\/19\\\/conscience-politique-et-role-economique-des-etudiants-en-debats\\\/#article\",\"isPartOf\":{\"@id\":\"https:\\\/\\\/lasentinelle.dz\\\/index.php\\\/2024\\\/05\\\/19\\\/conscience-politique-et-role-economique-des-etudiants-en-debats\\\/\"},\"author\":{\"name\":\"La Sentinelle\",\"@id\":\"https:\\\/\\\/lasentinelle.dz\\\/#\\\/schema\\\/person\\\/d865044e22e70a75174ce8bcad3acfb3\"},\"headline\":\"Conscience politique et r\u00f4le \u00e9conomique des \u00e9tudiants en d\u00e9bats\",\"datePublished\":\"2024-05-19T12:55:14+00:00\",\"dateModified\":\"2024-05-19T12:55:16+00:00\",\"mainEntityOfPage\":{\"@id\":\"https:\\\/\\\/lasentinelle.dz\\\/index.php\\\/2024\\\/05\\\/19\\\/conscience-politique-et-role-economique-des-etudiants-en-debats\\\/\"},\"wordCount\":601,\"commentCount\":0,\"publisher\":{\"@id\":\"https:\\\/\\\/lasentinelle.dz\\\/#organization\"},\"image\":{\"@id\":\"https:\\\/\\\/lasentinelle.dz\\\/index.php\\\/2024\\\/05\\\/19\\\/conscience-politique-et-role-economique-des-etudiants-en-debats\\\/#primaryimage\"},\"thumbnailUrl\":\"https:\\\/\\\/lasentinelle.dz\\\/wp-content\\\/uploads\\\/2024\\\/05\\\/CSJ.jpeg\",\"articleSection\":[\"Actualit\u00e9\"],\"inLanguage\":\"fr-FR\",\"potentialAction\":[{\"@type\":\"CommentAction\",\"name\":\"Comment\",\"target\":[\"https:\\\/\\\/lasentinelle.dz\\\/index.php\\\/2024\\\/05\\\/19\\\/conscience-politique-et-role-economique-des-etudiants-en-debats\\\/#respond\"]}]},{\"@type\":\"WebPage\",\"@id\":\"https:\\\/\\\/lasentinelle.dz\\\/index.php\\\/2024\\\/05\\\/19\\\/conscience-politique-et-role-economique-des-etudiants-en-debats\\\/\",\"url\":\"https:\\\/\\\/lasentinelle.dz\\\/index.php\\\/2024\\\/05\\\/19\\\/conscience-politique-et-role-economique-des-etudiants-en-debats\\\/\",\"name\":\"Conscience politique et r\u00f4le \u00e9conomique des \u00e9tudiants en d\u00e9bats - La Sentinelle\",\"isPartOf\":{\"@id\":\"https:\\\/\\\/lasentinelle.dz\\\/#website\"},\"primaryImageOfPage\":{\"@id\":\"https:\\\/\\\/lasentinelle.dz\\\/index.php\\\/2024\\\/05\\\/19\\\/conscience-politique-et-role-economique-des-etudiants-en-debats\\\/#primaryimage\"},\"image\":{\"@id\":\"https:\\\/\\\/lasentinelle.dz\\\/index.php\\\/2024\\\/05\\\/19\\\/conscience-politique-et-role-economique-des-etudiants-en-debats\\\/#primaryimage\"},\"thumbnailUrl\":\"https:\\\/\\\/lasentinelle.dz\\\/wp-content\\\/uploads\\\/2024\\\/05\\\/CSJ.jpeg\",\"datePublished\":\"2024-05-19T12:55:14+00:00\",\"dateModified\":\"2024-05-19T12:55:16+00:00\",\"breadcrumb\":{\"@id\":\"https:\\\/\\\/lasentinelle.dz\\\/index.php\\\/2024\\\/05\\\/19\\\/conscience-politique-et-role-economique-des-etudiants-en-debats\\\/#breadcrumb\"},\"inLanguage\":\"fr-FR\",\"potentialAction\":[{\"@type\":\"ReadAction\",\"target\":[\"https:\\\/\\\/lasentinelle.dz\\\/index.php\\\/2024\\\/05\\\/19\\\/conscience-politique-et-role-economique-des-etudiants-en-debats\\\/\"]}]},{\"@type\":\"ImageObject\",\"inLanguage\":\"fr-FR\",\"@id\":\"https:\\\/\\\/lasentinelle.dz\\\/index.php\\\/2024\\\/05\\\/19\\\/conscience-politique-et-role-economique-des-etudiants-en-debats\\\/#primaryimage\",\"url\":\"https:\\\/\\\/lasentinelle.dz\\\/wp-content\\\/uploads\\\/2024\\\/05\\\/CSJ.jpeg\",\"contentUrl\":\"https:\\\/\\\/lasentinelle.dz\\\/wp-content\\\/uploads\\\/2024\\\/05\\\/CSJ.jpeg\",\"width\":780,\"height\":470},{\"@type\":\"BreadcrumbList\",\"@id\":\"https:\\\/\\\/lasentinelle.dz\\\/index.php\\\/2024\\\/05\\\/19\\\/conscience-politique-et-role-economique-des-etudiants-en-debats\\\/#breadcrumb\",\"itemListElement\":[{\"@type\":\"ListItem\",\"position\":1,\"name\":\"Accueil\",\"item\":\"https:\\\/\\\/lasentinelle.dz\\\/\"},{\"@type\":\"ListItem\",\"position\":2,\"name\":\"Conscience politique et r\u00f4le \u00e9conomique des \u00e9tudiants en d\u00e9bats\"}]},{\"@type\":\"WebSite\",\"@id\":\"https:\\\/\\\/lasentinelle.dz\\\/#website\",\"url\":\"https:\\\/\\\/lasentinelle.dz\\\/\",\"name\":\"La Sentinelle\",\"description\":\"Quotidien national d&#039;information\",\"publisher\":{\"@id\":\"https:\\\/\\\/lasentinelle.dz\\\/#organization\"},\"potentialAction\":[{\"@type\":\"SearchAction\",\"target\":{\"@type\":\"EntryPoint\",\"urlTemplate\":\"https:\\\/\\\/lasentinelle.dz\\\/?s={search_term_string}\"},\"query-input\":{\"@type\":\"PropertyValueSpecification\",\"valueRequired\":true,\"valueName\":\"search_term_string\"}}],\"inLanguage\":\"fr-FR\"},{\"@type\":\"Organization\",\"@id\":\"https:\\\/\\\/lasentinelle.dz\\\/#organization\",\"name\":\"Quotidien La Sentinelle\",\"url\":\"https:\\\/\\\/lasentinelle.dz\\\/\",\"logo\":{\"@type\":\"ImageObject\",\"inLanguage\":\"fr-FR\",\"@id\":\"https:\\\/\\\/lasentinelle.dz\\\/#\\\/schema\\\/logo\\\/image\\\/\",\"url\":\"https:\\\/\\\/lasentinelle.dz\\\/wp-content\\\/uploads\\\/2021\\\/09\\\/logo-sentinelleSLOGAN-1.png\",\"contentUrl\":\"https:\\\/\\\/lasentinelle.dz\\\/wp-content\\\/uploads\\\/2021\\\/09\\\/logo-sentinelleSLOGAN-1.png\",\"width\":615,\"height\":142,\"caption\":\"Quotidien La Sentinelle\"},\"image\":{\"@id\":\"https:\\\/\\\/lasentinelle.dz\\\/#\\\/schema\\\/logo\\\/image\\\/\"},\"sameAs\":[\"https:\\\/\\\/www.facebook.com\\\/La-Sentinelle-104059864394773\"]},{\"@type\":\"Person\",\"@id\":\"https:\\\/\\\/lasentinelle.dz\\\/#\\\/schema\\\/person\\\/d865044e22e70a75174ce8bcad3acfb3\",\"name\":\"La Sentinelle\",\"image\":{\"@type\":\"ImageObject\",\"inLanguage\":\"fr-FR\",\"@id\":\"https:\\\/\\\/secure.gravatar.com\\\/avatar\\\/57de8e5d4b15d43fb361a71fbb36338450fe67865b528a43dd10ef7c51a20392?s=96&d=mm&r=g\",\"url\":\"https:\\\/\\\/secure.gravatar.com\\\/avatar\\\/57de8e5d4b15d43fb361a71fbb36338450fe67865b528a43dd10ef7c51a20392?s=96&d=mm&r=g\",\"contentUrl\":\"https:\\\/\\\/secure.gravatar.com\\\/avatar\\\/57de8e5d4b15d43fb361a71fbb36338450fe67865b528a43dd10ef7c51a20392?s=96&d=mm&r=g\",\"caption\":\"La Sentinelle\"},\"sameAs\":[\"http:\\\/\\\/www.lasentinelle.dz\"],\"url\":\"https:\\\/\\\/lasentinelle.dz\\\/author\\\/redaction\\\/\"}]}<\/script>\n<!-- \/ Yoast SEO plugin. -->","yoast_head_json":{"title":"Conscience politique et r\u00f4le \u00e9conomique des \u00e9tudiants en d\u00e9bats - La Sentinelle","robots":{"index":"index","follow":"follow","max-snippet":"max-snippet:-1","max-image-preview":"max-image-preview:large","max-video-preview":"max-video-preview:-1"},"canonical":"https:\/\/lasentinelle.dz\/index.php\/2024\/05\/19\/conscience-politique-et-role-economique-des-etudiants-en-debats\/","og_locale":"fr_FR","og_type":"article","og_title":"Conscience politique et r\u00f4le \u00e9conomique des \u00e9tudiants en d\u00e9bats - La Sentinelle","og_description":"La contribution de l\u2019universit\u00e9 \u00e0 l\u2019essor \u00e9conomique et social de l\u2019Alg\u00e9rie a \u00e9t\u00e9 au c\u0153ur d\u2019ateliers organis\u00e9s hier au p\u00f4le","og_url":"https:\/\/lasentinelle.dz\/index.php\/2024\/05\/19\/conscience-politique-et-role-economique-des-etudiants-en-debats\/","og_site_name":"La Sentinelle","article_publisher":"https:\/\/www.facebook.com\/La-Sentinelle-104059864394773","article_published_time":"2024-05-19T12:55:14+00:00","article_modified_time":"2024-05-19T12:55:16+00:00","og_image":[{"width":780,"height":470,"url":"https:\/\/lasentinelle.dz\/wp-content\/uploads\/2024\/05\/CSJ.jpeg","type":"image\/jpeg"}],"author":"La Sentinelle","twitter_card":"summary_large_image","twitter_misc":{"\u00c9crit par":"La Sentinelle","Dur\u00e9e de lecture estim\u00e9e":"3 minutes"},"schema":{"@context":"https:\/\/schema.org","@graph":[{"@type":"Article","@id":"https:\/\/lasentinelle.dz\/index.php\/2024\/05\/19\/conscience-politique-et-role-economique-des-etudiants-en-debats\/#article","isPartOf":{"@id":"https:\/\/lasentinelle.dz\/index.php\/2024\/05\/19\/conscience-politique-et-role-economique-des-etudiants-en-debats\/"},"author":{"name":"La Sentinelle","@id":"https:\/\/lasentinelle.dz\/#\/schema\/person\/d865044e22e70a75174ce8bcad3acfb3"},"headline":"Conscience politique et r\u00f4le \u00e9conomique des \u00e9tudiants en d\u00e9bats","datePublished":"2024-05-19T12:55:14+00:00","dateModified":"2024-05-19T12:55:16+00:00","mainEntityOfPage":{"@id":"https:\/\/lasentinelle.dz\/index.php\/2024\/05\/19\/conscience-politique-et-role-economique-des-etudiants-en-debats\/"},"wordCount":601,"commentCount":0,"publisher":{"@id":"https:\/\/lasentinelle.dz\/#organization"},"image":{"@id":"https:\/\/lasentinelle.dz\/index.php\/2024\/05\/19\/conscience-politique-et-role-economique-des-etudiants-en-debats\/#primaryimage"},"thumbnailUrl":"https:\/\/lasentinelle.dz\/wp-content\/uploads\/2024\/05\/CSJ.jpeg","articleSection":["Actualit\u00e9"],"inLanguage":"fr-FR","potentialAction":[{"@type":"CommentAction","name":"Comment","target":["https:\/\/lasentinelle.dz\/index.php\/2024\/05\/19\/conscience-politique-et-role-economique-des-etudiants-en-debats\/#respond"]}]},{"@type":"WebPage","@id":"https:\/\/lasentinelle.dz\/index.php\/2024\/05\/19\/conscience-politique-et-role-economique-des-etudiants-en-debats\/","url":"https:\/\/lasentinelle.dz\/index.php\/2024\/05\/19\/conscience-politique-et-role-economique-des-etudiants-en-debats\/","name":"Conscience politique et r\u00f4le \u00e9conomique des \u00e9tudiants en d\u00e9bats - La Sentinelle","isPartOf":{"@id":"https:\/\/lasentinelle.dz\/#website"},"primaryImageOfPage":{"@id":"https:\/\/lasentinelle.dz\/index.php\/2024\/05\/19\/conscience-politique-et-role-economique-des-etudiants-en-debats\/#primaryimage"},"image":{"@id":"https:\/\/lasentinelle.dz\/index.php\/2024\/05\/19\/conscience-politique-et-role-economique-des-etudiants-en-debats\/#primaryimage"},"thumbnailUrl":"https:\/\/lasentinelle.dz\/wp-content\/uploads\/2024\/05\/CSJ.jpeg","datePublished":"2024-05-19T12:55:14+00:00","dateModified":"2024-05-19T12:55:16+00:00","breadcrumb":{"@id":"https:\/\/lasentinelle.dz\/index.php\/2024\/05\/19\/conscience-politique-et-role-economique-des-etudiants-en-debats\/#breadcrumb"},"inLanguage":"fr-FR","potentialAction":[{"@type":"ReadAction","target":["https:\/\/lasentinelle.dz\/index.php\/2024\/05\/19\/conscience-politique-et-role-economique-des-etudiants-en-debats\/"]}]},{"@type":"ImageObject","inLanguage":"fr-FR","@id":"https:\/\/lasentinelle.dz\/index.php\/2024\/05\/19\/conscience-politique-et-role-economique-des-etudiants-en-debats\/#primaryimage","url":"https:\/\/lasentinelle.dz\/wp-content\/uploads\/2024\/05\/CSJ.jpeg","contentUrl":"https:\/\/lasentinelle.dz\/wp-content\/uploads\/2024\/05\/CSJ.jpeg","width":780,"height":470},{"@type":"BreadcrumbList","@id":"https:\/\/lasentinelle.dz\/index.php\/2024\/05\/19\/conscience-politique-et-role-economique-des-etudiants-en-debats\/#breadcrumb","itemListElement":[{"@type":"ListItem","position":1,"name":"Accueil","item":"https:\/\/lasentinelle.dz\/"},{"@type":"ListItem","position":2,"name":"Conscience politique et r\u00f4le \u00e9conomique des \u00e9tudiants en d\u00e9bats"}]},{"@type":"WebSite","@id":"https:\/\/lasentinelle.dz\/#website","url":"https:\/\/lasentinelle.dz\/","name":"La Sentinelle","description":"Quotidien national d&#039;information","publisher":{"@id":"https:\/\/lasentinelle.dz\/#organization"},"potentialAction":[{"@type":"SearchAction","target":{"@type":"EntryPoint","urlTemplate":"https:\/\/lasentinelle.dz\/?s={search_term_string}"},"query-input":{"@type":"PropertyValueSpecification","valueRequired":true,"valueName":"search_term_string"}}],"inLanguage":"fr-FR"},{"@type":"Organization","@id":"https:\/\/lasentinelle.dz\/#organization","name":"Quotidien La Sentinelle","url":"https:\/\/lasentinelle.dz\/","logo":{"@type":"ImageObject","inLanguage":"fr-FR","@id":"https:\/\/lasentinelle.dz\/#\/schema\/logo\/image\/","url":"https:\/\/lasentinelle.dz\/wp-content\/uploads\/2021\/09\/logo-sentinelleSLOGAN-1.png","contentUrl":"https:\/\/lasentinelle.dz\/wp-content\/uploads\/2021\/09\/logo-sentinelleSLOGAN-1.png","width":615,"height":142,"caption":"Quotidien La Sentinelle"},"image":{"@id":"https:\/\/lasentinelle.dz\/#\/schema\/logo\/image\/"},"sameAs":["https:\/\/www.facebook.com\/La-Sentinelle-104059864394773"]},{"@type":"Person","@id":"https:\/\/lasentinelle.dz\/#\/schema\/person\/d865044e22e70a75174ce8bcad3acfb3","name":"La Sentinelle","image":{"@type":"ImageObject","inLanguage":"fr-FR","@id":"https:\/\/secure.gravatar.com\/avatar\/57de8e5d4b15d43fb361a71fbb36338450fe67865b528a43dd10ef7c51a20392?s=96&d=mm&r=g","url":"https:\/\/secure.gravatar.com\/avatar\/57de8e5d4b15d43fb361a71fbb36338450fe67865b528a43dd10ef7c51a20392?s=96&d=mm&r=g","contentUrl":"https:\/\/secure.gravatar.com\/avatar\/57de8e5d4b15d43fb361a71fbb36338450fe67865b528a43dd10ef7c51a20392?s=96&d=mm&r=g","caption":"La Sentinelle"},"sameAs":["http:\/\/www.lasentinelle.dz"],"url":"https:\/\/lasentinelle.dz\/author\/redaction\/"}]}},"_links":{"self":[{"href":"https:\/\/lasentinelle.dz\/index.php\/wp-json\/wp\/v2\/posts\/52590","targetHints":{"allow":["GET"]}}],"collection":[{"href":"https:\/\/lasentinelle.dz\/index.php\/wp-json\/wp\/v2\/posts"}],"about":[{"href":"https:\/\/lasentinelle.dz\/index.php\/wp-json\/wp\/v2\/types\/post"}],"author":[{"embeddable":true,"href":"https:\/\/lasentinelle.dz\/index.php\/wp-json\/wp\/v2\/users\/3"}],"replies":[{"embeddable":true,"href":"https:\/\/lasentinelle.dz\/index.php\/wp-json\/wp\/v2\/comments?post=52590"}],"version-history":[{"count":1,"href":"https:\/\/lasentinelle.dz\/index.php\/wp-json\/wp\/v2\/posts\/52590\/revisions"}],"predecessor-version":[{"id":52592,"href":"https:\/\/lasentinelle.dz\/index.php\/wp-json\/wp\/v2\/posts\/52590\/revisions\/52592"}],"wp:featuredmedia":[{"embeddable":true,"href":"https:\/\/lasentinelle.dz\/index.php\/wp-json\/wp\/v2\/media\/52591"}],"wp:attachment":[{"href":"https:\/\/lasentinelle.dz\/index.php\/wp-json\/wp\/v2\/media?parent=52590"}],"wp:term":[{"taxonomy":"category","embeddable":true,"href":"https:\/\/lasentinelle.dz\/index.php\/wp-json\/wp\/v2\/categories?post=52590"},{"taxonomy":"post_tag","embeddable":true,"href":"https:\/\/lasentinelle.dz\/index.php\/wp-json\/wp\/v2\/tags?post=52590"}],"curies":[{"name":"wp","href":"https:\/\/api.w.org\/{rel}","templated":true}]}}