{"id":52603,"date":"2024-05-20T14:11:27","date_gmt":"2024-05-20T13:11:27","guid":{"rendered":"https:\/\/lasentinelle.dz\/?p=52603"},"modified":"2024-05-20T14:11:28","modified_gmt":"2024-05-20T13:11:28","slug":"cloture-du-mois-du-patrimoine-la-preservation-du-patrimoine-culturel-une-priorite","status":"publish","type":"post","link":"https:\/\/lasentinelle.dz\/index.php\/2024\/05\/20\/cloture-du-mois-du-patrimoine-la-preservation-du-patrimoine-culturel-une-priorite\/","title":{"rendered":"Cl\u00f4ture du mois du patrimoine\u00a0: La pr\u00e9servation du patrimoine culturel, une priorit\u00e9"},"content":{"rendered":"\n<p>La ministre de la Cultures et des Arts, Soraya Mouloudji a supervis\u00e9, samedi \u00e0 Alger la c\u00e9r\u00e9monie de cl\u00f4ture des activit\u00e9s du mois du patrimoine (18 avril-18 mai), o\u00f9 des certificats de formation sp\u00e9cialis\u00e9e ont \u00e9t\u00e9 remis aux participants de l&rsquo;atelier de formation au profit du secteur de la Justice, dans le cadre de la protection du patrimoine, outre des certificats d&rsquo;aptitude remis \u00e0 des architectes et l&rsquo;attribution de \u00ab\u00a0la m\u00e9daille de l&rsquo;Arch\u00e9ologue\u00a0\u00bb.<\/p>\n\n\n\n<p>La ministre a affirm\u00e9, dans son allocution de cl\u00f4ture lors d&rsquo;une c\u00e9r\u00e9monie organis\u00e9e au Palais de la culture \u00ab\u00a0Moufdi Zakaria\u00a0\u00bb en pr\u00e9sence de repr\u00e9sentants des minist\u00e8res de la D\u00e9fense nationale, la Justice, des Affaires religieuse et des Wakf, de repr\u00e9sentants de diff\u00e9rents secteurs et des corps de s\u00e9curit\u00e9, que le Mois du patrimoine \u00ab\u00a0a \u00e9t\u00e9 riche cette ann\u00e9e en mati\u00e8re de contenu scientifique et culturel de qualit\u00e9, notamment lors des r\u00e9unions et ateliers scientifiques organis\u00e9s par diff\u00e9rents \u00e9tablissements culturels et les mus\u00e9es, avec l&rsquo;organisation de 57 r\u00e9unions auxquelles ont particip\u00e9 plus de 200 chercheurs dans le patrimoine culturel repr\u00e9sentant diff\u00e9rentes universit\u00e9s et centres de recherche nationaux et des participants \u00e9trangers de Palestine et du Sahara-Occidental\u00a0\u00bb. Cet \u00e9v\u00e8nement, a-t-elle ajout\u00e9, \u00ab\u00a0s&rsquo;est distingu\u00e9 cette ann\u00e9e par la contribution qualitative des corps s\u00e9curitaire et militaires, du public et des association de la soci\u00e9t\u00e9 civile\u00a0\u00bb, soulignant qu'\u00a0\u00bbaujourd&rsquo;hui, nous pouvons placer notre confiance, et avec m\u00e9rite, en les \u00e9nergies alg\u00e9riennes telles dont les ing\u00e9nieurs et les arch\u00e9ologues, capables de relever tous les d\u00e9fis n\u00e9cessaires afin de faire face \u00e0 tous les dangers pouvant porter atteinte \u00e0 notre patrimoine culturel. C&rsquo;est ce que nous avions per\u00e7u lors de la qualification par notre secteur minist\u00e9riel des 123 architectes sp\u00e9cialis\u00e9s dans les monuments historiques, r\u00e9partis sur 27 wilayas et nous sommes tr\u00e8s fiers et ravis de remettre les certificats d&rsquo;aptitude \u00e0 7 nouveaux architectes\u00a0\u00bb. La ministre a rappel\u00e9 l&rsquo;organisation du premier atelier de formation au profit des magistrats, ainsi que deux ateliers sur la gestion des risques au niveau des mus\u00e9es et secteurs conserv\u00e9s et une session de formation au profit des cadres de la Direction nationale de la suret\u00e9 nationale (DGSN), ainsi qu&rsquo;un Colloque national sur \u00ab\u00a0les r\u00e9sultats des recherches arch\u00e9ologiques en Alg\u00e9rie\u00a0\u00bb, pr\u00e9cisant que \u00ab\u00a0ces efforts refl\u00e8tent la volont\u00e9 de l&rsquo;Etat alg\u00e9rien de soutenir les chercheurs arch\u00e9ologues en leur permettant d&rsquo;occuper une place de choix en la mati\u00e8re\u00a0\u00bb. Elle a, \u00e9galement, pr\u00e9cis\u00e9 que les efforts du secteur dans le domaine de la protection du patrimoine national \u00ab\u00a0est une concr\u00e9tisation des engagements du Pr\u00e9sident de la R\u00e9publique Abdelmadjid Tebboune, de renforcer la protection de notre patrimoine culturel et d\u0153uvrer \u00e0 la r\u00e9cup\u00e9ration des biens culturels, \u00e0 leur pr\u00e9servation et \u00e0 leur valorisation\u00a0\u00bb. \u00ab\u00a0En application des instructions de Monsieur le Pr\u00e9sident, portant soutien et pr\u00e9servation du patrimoine culturel immat\u00e9riel au niveau national et africain, un d\u00e9cret ex\u00e9cutif modifiant et compl\u00e9tant le d\u00e9cret ex\u00e9cutif n 20-166 a \u00e9t\u00e9 promulgu\u00e9 le 9 avril 2024, fixant l&rsquo;organisation et le fonctionnement du Centre r\u00e9gional pour la sauvegarde du patrimoine culturel immat\u00e9riel en Afrique, de cat\u00e9gorie 2 sous l&rsquo;\u00e9gide de l&rsquo;UNESCO\u00a0\u00bb. La ministre a d\u00e9clar\u00e9 qu'\u00a0\u00bben vertu de ce texte, la nature juridique de ce Centre s&rsquo;est transform\u00e9e d&rsquo;Etablissement publique \u00e0 caract\u00e8re administratif \u00e0 Etablissement publique \u00e0 caract\u00e8re scientifique et technologique, pour r\u00e9pondre aux recommandations stipul\u00e9es dans le rapport d&rsquo;\u00e9valuation du Centre pr\u00e9par\u00e9 par les instances de l&rsquo;UNESCO en mai 2023. Le centre m\u00e8nera, sous l&rsquo;\u00e9gide de l&rsquo;UNESCO, des activit\u00e9s de soutien, d&rsquo;assistance et d&rsquo;exp\u00e9rience scientifique et culturelle dans le domaine de la pr\u00e9servation du patrimoine culturel immat\u00e9riel et de recherche scientifique au niveaux national et africain. Il aura \u00e9galement \u00e0 assumer la mission de promouvoir le patrimoine culturel immat\u00e9riel et de le pr\u00e9server aux niveaux national et africain\u00a0\u00bb. Le Directeur des Ressources humaines (DRH) au minist\u00e8re de la Justice, Lazizi Mohamed Tayeb a, pour sa part, estim\u00e9 que l&rsquo;initiative de cet atelier de formation au profit du corps des magistrats \u00ab\u00a0se veut un plus pour la coop\u00e9ration fructueuse entre le minist\u00e8re de la Justice et celui de la Culture et des Arts, ayant abord\u00e9 un sujet important qu&rsquo;est la protection du patrimoine culturel qui repr\u00e9sente l&rsquo;identit\u00e9 de la Nation et constitue un pilier fondamental pour son pr\u00e9sent et son avenir\u00a0\u00bb. \u00ab\u00a0La protection du patrimoine culturel a figur\u00e9 dans l&rsquo;agenda de plusieurs pays dont l&rsquo;Alg\u00e9rie\u00a0\u00bb, a-t-il ajout\u00e9 pr\u00e9cisant que \u00ab\u00a0notre pays a promulgu\u00e9 des textes juridiques en vue d&rsquo;en assurer la protection et des m\u00e9canismes ont \u00e9t\u00e9 adopt\u00e9s pour pr\u00e9server le patrimoine et les ressources mat\u00e9rielles et immat\u00e9rielles\u00a0\u00bb. \u00ab\u00a0La justice est l&rsquo;un des piliers de cette protection \u00e9tant donn\u00e9 que le magistrat est celui qui applique ces textes juridiques en cas d&rsquo;infraction qui porte atteinte au patrimoine culturel\u00a0\u00bb a \u00e9voqu\u00e9 le repr\u00e9sentant du ministre de la Justice garde des Sceaux, pr\u00e9cisant que \u00ab\u00a0le renforcement des perceptions scientifiques des magistrats en la mati\u00e8re est important\u00a0\u00bb. La c\u00e9r\u00e9monie de cl\u00f4ture du mois du Patrimoine qui a co\u00efncid\u00e9 avec le Journ\u00e9e mondiale des mus\u00e9es c\u00e9l\u00e9br\u00e9e le 18 mai de chaque ann\u00e9e, a \u00e9t\u00e9 sanctionn\u00e9e par la remise de certificats de formation sp\u00e9cialis\u00e9e au profit des magistrats participant \u00e0 cet atelier de formation. Un groupe de chercheurs a \u00e9t\u00e9, au m\u00eame titre, d\u00e9cor\u00e9 en mati\u00e8re de fouille arch\u00e9ologique de la \u00ab\u00a0M\u00e9daille de l&rsquo;Arch\u00e9ologue\u00a0\u00bb, \u00e0 l&rsquo;instar de Mohamed Mustafa Filah, Azzedine Bouyahiaoui, Mourad Betrouni, Mohamed Bachir Cheniti, Rachida Zadem et Yacine Ouagueni.(APS)<\/p>\n","protected":false},"excerpt":{"rendered":"<p>La ministre de la Cultures et des Arts, Soraya Mouloudji a supervis\u00e9, samedi \u00e0 Alger la c\u00e9r\u00e9monie de cl\u00f4ture des<\/p>\n","protected":false},"author":3,"featured_media":52604,"comment_status":"open","ping_status":"closed","sticky":false,"template":"","format":"standard","meta":{"colormag_page_container_layout":"default_layout","colormag_page_sidebar_layout":"default_layout","om_disable_all_campaigns":false,"_monsterinsights_skip_tracking":false,"_monsterinsights_sitenote_active":false,"_monsterinsights_sitenote_note":"","_monsterinsights_sitenote_category":0,"footnotes":"","_wpscppro_dont_share_socialmedia":false,"_wpscppro_custom_social_share_image":0,"_facebook_share_type":"default","_twitter_share_type":"default","_linkedin_share_type":"default","_pinterest_share_type":"default","_linkedin_share_type_page":"","_instagram_share_type":"default","_medium_share_type":"","_threads_share_type":"","_google_business_share_type":"","_selected_social_profile":[],"_wpsp_enable_custom_social_template":false,"_wpsp_social_scheduling":{"enabled":false,"datetime":null,"platforms":[],"status":"template_only","dateOption":"today","timeOption":"now","customDays":"","customHours":"","customDate":"","customTime":"","schedulingType":"absolute"},"_wpsp_active_default_template":true},"categories":[36],"tags":[],"class_list":["post-52603","post","type-post","status-publish","format-standard","has-post-thumbnail","hentry","category-culture"],"aioseo_notices":[],"yoast_head":"<!-- This site is optimized with the Yoast SEO plugin v27.5 - https:\/\/yoast.com\/product\/yoast-seo-wordpress\/ -->\n<title>Cl\u00f4ture du mois du patrimoine\u00a0: La pr\u00e9servation du patrimoine culturel, une priorit\u00e9 - La Sentinelle<\/title>\n<meta name=\"robots\" content=\"index, follow, max-snippet:-1, max-image-preview:large, max-video-preview:-1\" \/>\n<link rel=\"canonical\" href=\"https:\/\/lasentinelle.dz\/index.php\/2024\/05\/20\/cloture-du-mois-du-patrimoine-la-preservation-du-patrimoine-culturel-une-priorite\/\" \/>\n<meta property=\"og:locale\" content=\"fr_FR\" \/>\n<meta property=\"og:type\" content=\"article\" \/>\n<meta property=\"og:title\" content=\"Cl\u00f4ture du mois du patrimoine\u00a0: La pr\u00e9servation du patrimoine culturel, une priorit\u00e9 - La Sentinelle\" \/>\n<meta property=\"og:description\" content=\"La ministre de la Cultures et des Arts, Soraya Mouloudji a supervis\u00e9, samedi \u00e0 Alger la c\u00e9r\u00e9monie de cl\u00f4ture des\" \/>\n<meta property=\"og:url\" content=\"https:\/\/lasentinelle.dz\/index.php\/2024\/05\/20\/cloture-du-mois-du-patrimoine-la-preservation-du-patrimoine-culturel-une-priorite\/\" \/>\n<meta property=\"og:site_name\" content=\"La Sentinelle\" \/>\n<meta property=\"article:publisher\" content=\"https:\/\/www.facebook.com\/La-Sentinelle-104059864394773\" \/>\n<meta property=\"article:published_time\" content=\"2024-05-20T13:11:27+00:00\" \/>\n<meta property=\"article:modified_time\" content=\"2024-05-20T13:11:28+00:00\" \/>\n<meta property=\"og:image\" content=\"https:\/\/lasentinelle.dz\/wp-content\/uploads\/2024\/05\/mouloudji-2.jpeg\" \/>\n\t<meta property=\"og:image:width\" content=\"1440\" \/>\n\t<meta property=\"og:image:height\" content=\"810\" \/>\n\t<meta property=\"og:image:type\" content=\"image\/jpeg\" \/>\n<meta name=\"author\" content=\"La Sentinelle\" \/>\n<meta name=\"twitter:card\" content=\"summary_large_image\" \/>\n<meta name=\"twitter:label1\" content=\"\u00c9crit par\" \/>\n\t<meta name=\"twitter:data1\" content=\"La Sentinelle\" \/>\n\t<meta name=\"twitter:label2\" content=\"Dur\u00e9e de lecture estim\u00e9e\" \/>\n\t<meta name=\"twitter:data2\" content=\"5 minutes\" \/>\n<script type=\"application\/ld+json\" class=\"yoast-schema-graph\">{\"@context\":\"https:\\\/\\\/schema.org\",\"@graph\":[{\"@type\":\"Article\",\"@id\":\"https:\\\/\\\/lasentinelle.dz\\\/index.php\\\/2024\\\/05\\\/20\\\/cloture-du-mois-du-patrimoine-la-preservation-du-patrimoine-culturel-une-priorite\\\/#article\",\"isPartOf\":{\"@id\":\"https:\\\/\\\/lasentinelle.dz\\\/index.php\\\/2024\\\/05\\\/20\\\/cloture-du-mois-du-patrimoine-la-preservation-du-patrimoine-culturel-une-priorite\\\/\"},\"author\":{\"name\":\"La Sentinelle\",\"@id\":\"https:\\\/\\\/lasentinelle.dz\\\/#\\\/schema\\\/person\\\/d865044e22e70a75174ce8bcad3acfb3\"},\"headline\":\"Cl\u00f4ture du mois du patrimoine\u00a0: La pr\u00e9servation du patrimoine culturel, une priorit\u00e9\",\"datePublished\":\"2024-05-20T13:11:27+00:00\",\"dateModified\":\"2024-05-20T13:11:28+00:00\",\"mainEntityOfPage\":{\"@id\":\"https:\\\/\\\/lasentinelle.dz\\\/index.php\\\/2024\\\/05\\\/20\\\/cloture-du-mois-du-patrimoine-la-preservation-du-patrimoine-culturel-une-priorite\\\/\"},\"wordCount\":1026,\"commentCount\":0,\"publisher\":{\"@id\":\"https:\\\/\\\/lasentinelle.dz\\\/#organization\"},\"image\":{\"@id\":\"https:\\\/\\\/lasentinelle.dz\\\/index.php\\\/2024\\\/05\\\/20\\\/cloture-du-mois-du-patrimoine-la-preservation-du-patrimoine-culturel-une-priorite\\\/#primaryimage\"},\"thumbnailUrl\":\"https:\\\/\\\/lasentinelle.dz\\\/wp-content\\\/uploads\\\/2024\\\/05\\\/mouloudji-2.jpeg\",\"articleSection\":[\"Culture\"],\"inLanguage\":\"fr-FR\",\"potentialAction\":[{\"@type\":\"CommentAction\",\"name\":\"Comment\",\"target\":[\"https:\\\/\\\/lasentinelle.dz\\\/index.php\\\/2024\\\/05\\\/20\\\/cloture-du-mois-du-patrimoine-la-preservation-du-patrimoine-culturel-une-priorite\\\/#respond\"]}]},{\"@type\":\"WebPage\",\"@id\":\"https:\\\/\\\/lasentinelle.dz\\\/index.php\\\/2024\\\/05\\\/20\\\/cloture-du-mois-du-patrimoine-la-preservation-du-patrimoine-culturel-une-priorite\\\/\",\"url\":\"https:\\\/\\\/lasentinelle.dz\\\/index.php\\\/2024\\\/05\\\/20\\\/cloture-du-mois-du-patrimoine-la-preservation-du-patrimoine-culturel-une-priorite\\\/\",\"name\":\"Cl\u00f4ture du mois du patrimoine\u00a0: La pr\u00e9servation du patrimoine culturel, une priorit\u00e9 - La Sentinelle\",\"isPartOf\":{\"@id\":\"https:\\\/\\\/lasentinelle.dz\\\/#website\"},\"primaryImageOfPage\":{\"@id\":\"https:\\\/\\\/lasentinelle.dz\\\/index.php\\\/2024\\\/05\\\/20\\\/cloture-du-mois-du-patrimoine-la-preservation-du-patrimoine-culturel-une-priorite\\\/#primaryimage\"},\"image\":{\"@id\":\"https:\\\/\\\/lasentinelle.dz\\\/index.php\\\/2024\\\/05\\\/20\\\/cloture-du-mois-du-patrimoine-la-preservation-du-patrimoine-culturel-une-priorite\\\/#primaryimage\"},\"thumbnailUrl\":\"https:\\\/\\\/lasentinelle.dz\\\/wp-content\\\/uploads\\\/2024\\\/05\\\/mouloudji-2.jpeg\",\"datePublished\":\"2024-05-20T13:11:27+00:00\",\"dateModified\":\"2024-05-20T13:11:28+00:00\",\"breadcrumb\":{\"@id\":\"https:\\\/\\\/lasentinelle.dz\\\/index.php\\\/2024\\\/05\\\/20\\\/cloture-du-mois-du-patrimoine-la-preservation-du-patrimoine-culturel-une-priorite\\\/#breadcrumb\"},\"inLanguage\":\"fr-FR\",\"potentialAction\":[{\"@type\":\"ReadAction\",\"target\":[\"https:\\\/\\\/lasentinelle.dz\\\/index.php\\\/2024\\\/05\\\/20\\\/cloture-du-mois-du-patrimoine-la-preservation-du-patrimoine-culturel-une-priorite\\\/\"]}]},{\"@type\":\"ImageObject\",\"inLanguage\":\"fr-FR\",\"@id\":\"https:\\\/\\\/lasentinelle.dz\\\/index.php\\\/2024\\\/05\\\/20\\\/cloture-du-mois-du-patrimoine-la-preservation-du-patrimoine-culturel-une-priorite\\\/#primaryimage\",\"url\":\"https:\\\/\\\/lasentinelle.dz\\\/wp-content\\\/uploads\\\/2024\\\/05\\\/mouloudji-2.jpeg\",\"contentUrl\":\"https:\\\/\\\/lasentinelle.dz\\\/wp-content\\\/uploads\\\/2024\\\/05\\\/mouloudji-2.jpeg\",\"width\":1440,\"height\":810},{\"@type\":\"BreadcrumbList\",\"@id\":\"https:\\\/\\\/lasentinelle.dz\\\/index.php\\\/2024\\\/05\\\/20\\\/cloture-du-mois-du-patrimoine-la-preservation-du-patrimoine-culturel-une-priorite\\\/#breadcrumb\",\"itemListElement\":[{\"@type\":\"ListItem\",\"position\":1,\"name\":\"Accueil\",\"item\":\"https:\\\/\\\/lasentinelle.dz\\\/\"},{\"@type\":\"ListItem\",\"position\":2,\"name\":\"Cl\u00f4ture du mois du patrimoine\u00a0: La pr\u00e9servation du patrimoine culturel, une priorit\u00e9\"}]},{\"@type\":\"WebSite\",\"@id\":\"https:\\\/\\\/lasentinelle.dz\\\/#website\",\"url\":\"https:\\\/\\\/lasentinelle.dz\\\/\",\"name\":\"La Sentinelle\",\"description\":\"Quotidien national d&#039;information\",\"publisher\":{\"@id\":\"https:\\\/\\\/lasentinelle.dz\\\/#organization\"},\"potentialAction\":[{\"@type\":\"SearchAction\",\"target\":{\"@type\":\"EntryPoint\",\"urlTemplate\":\"https:\\\/\\\/lasentinelle.dz\\\/?s={search_term_string}\"},\"query-input\":{\"@type\":\"PropertyValueSpecification\",\"valueRequired\":true,\"valueName\":\"search_term_string\"}}],\"inLanguage\":\"fr-FR\"},{\"@type\":\"Organization\",\"@id\":\"https:\\\/\\\/lasentinelle.dz\\\/#organization\",\"name\":\"Quotidien La Sentinelle\",\"url\":\"https:\\\/\\\/lasentinelle.dz\\\/\",\"logo\":{\"@type\":\"ImageObject\",\"inLanguage\":\"fr-FR\",\"@id\":\"https:\\\/\\\/lasentinelle.dz\\\/#\\\/schema\\\/logo\\\/image\\\/\",\"url\":\"https:\\\/\\\/lasentinelle.dz\\\/wp-content\\\/uploads\\\/2021\\\/09\\\/logo-sentinelleSLOGAN-1.png\",\"contentUrl\":\"https:\\\/\\\/lasentinelle.dz\\\/wp-content\\\/uploads\\\/2021\\\/09\\\/logo-sentinelleSLOGAN-1.png\",\"width\":615,\"height\":142,\"caption\":\"Quotidien La Sentinelle\"},\"image\":{\"@id\":\"https:\\\/\\\/lasentinelle.dz\\\/#\\\/schema\\\/logo\\\/image\\\/\"},\"sameAs\":[\"https:\\\/\\\/www.facebook.com\\\/La-Sentinelle-104059864394773\"]},{\"@type\":\"Person\",\"@id\":\"https:\\\/\\\/lasentinelle.dz\\\/#\\\/schema\\\/person\\\/d865044e22e70a75174ce8bcad3acfb3\",\"name\":\"La Sentinelle\",\"image\":{\"@type\":\"ImageObject\",\"inLanguage\":\"fr-FR\",\"@id\":\"https:\\\/\\\/secure.gravatar.com\\\/avatar\\\/57de8e5d4b15d43fb361a71fbb36338450fe67865b528a43dd10ef7c51a20392?s=96&d=mm&r=g\",\"url\":\"https:\\\/\\\/secure.gravatar.com\\\/avatar\\\/57de8e5d4b15d43fb361a71fbb36338450fe67865b528a43dd10ef7c51a20392?s=96&d=mm&r=g\",\"contentUrl\":\"https:\\\/\\\/secure.gravatar.com\\\/avatar\\\/57de8e5d4b15d43fb361a71fbb36338450fe67865b528a43dd10ef7c51a20392?s=96&d=mm&r=g\",\"caption\":\"La Sentinelle\"},\"sameAs\":[\"http:\\\/\\\/www.lasentinelle.dz\"],\"url\":\"https:\\\/\\\/lasentinelle.dz\\\/author\\\/redaction\\\/\"}]}<\/script>\n<!-- \/ Yoast SEO plugin. -->","yoast_head_json":{"title":"Cl\u00f4ture du mois du patrimoine\u00a0: La pr\u00e9servation du patrimoine culturel, une priorit\u00e9 - La Sentinelle","robots":{"index":"index","follow":"follow","max-snippet":"max-snippet:-1","max-image-preview":"max-image-preview:large","max-video-preview":"max-video-preview:-1"},"canonical":"https:\/\/lasentinelle.dz\/index.php\/2024\/05\/20\/cloture-du-mois-du-patrimoine-la-preservation-du-patrimoine-culturel-une-priorite\/","og_locale":"fr_FR","og_type":"article","og_title":"Cl\u00f4ture du mois du patrimoine\u00a0: La pr\u00e9servation du patrimoine culturel, une priorit\u00e9 - La Sentinelle","og_description":"La ministre de la Cultures et des Arts, Soraya Mouloudji a supervis\u00e9, samedi \u00e0 Alger la c\u00e9r\u00e9monie de cl\u00f4ture des","og_url":"https:\/\/lasentinelle.dz\/index.php\/2024\/05\/20\/cloture-du-mois-du-patrimoine-la-preservation-du-patrimoine-culturel-une-priorite\/","og_site_name":"La Sentinelle","article_publisher":"https:\/\/www.facebook.com\/La-Sentinelle-104059864394773","article_published_time":"2024-05-20T13:11:27+00:00","article_modified_time":"2024-05-20T13:11:28+00:00","og_image":[{"width":1440,"height":810,"url":"https:\/\/lasentinelle.dz\/wp-content\/uploads\/2024\/05\/mouloudji-2.jpeg","type":"image\/jpeg"}],"author":"La Sentinelle","twitter_card":"summary_large_image","twitter_misc":{"\u00c9crit par":"La Sentinelle","Dur\u00e9e de lecture estim\u00e9e":"5 minutes"},"schema":{"@context":"https:\/\/schema.org","@graph":[{"@type":"Article","@id":"https:\/\/lasentinelle.dz\/index.php\/2024\/05\/20\/cloture-du-mois-du-patrimoine-la-preservation-du-patrimoine-culturel-une-priorite\/#article","isPartOf":{"@id":"https:\/\/lasentinelle.dz\/index.php\/2024\/05\/20\/cloture-du-mois-du-patrimoine-la-preservation-du-patrimoine-culturel-une-priorite\/"},"author":{"name":"La Sentinelle","@id":"https:\/\/lasentinelle.dz\/#\/schema\/person\/d865044e22e70a75174ce8bcad3acfb3"},"headline":"Cl\u00f4ture du mois du patrimoine\u00a0: La pr\u00e9servation du patrimoine culturel, une priorit\u00e9","datePublished":"2024-05-20T13:11:27+00:00","dateModified":"2024-05-20T13:11:28+00:00","mainEntityOfPage":{"@id":"https:\/\/lasentinelle.dz\/index.php\/2024\/05\/20\/cloture-du-mois-du-patrimoine-la-preservation-du-patrimoine-culturel-une-priorite\/"},"wordCount":1026,"commentCount":0,"publisher":{"@id":"https:\/\/lasentinelle.dz\/#organization"},"image":{"@id":"https:\/\/lasentinelle.dz\/index.php\/2024\/05\/20\/cloture-du-mois-du-patrimoine-la-preservation-du-patrimoine-culturel-une-priorite\/#primaryimage"},"thumbnailUrl":"https:\/\/lasentinelle.dz\/wp-content\/uploads\/2024\/05\/mouloudji-2.jpeg","articleSection":["Culture"],"inLanguage":"fr-FR","potentialAction":[{"@type":"CommentAction","name":"Comment","target":["https:\/\/lasentinelle.dz\/index.php\/2024\/05\/20\/cloture-du-mois-du-patrimoine-la-preservation-du-patrimoine-culturel-une-priorite\/#respond"]}]},{"@type":"WebPage","@id":"https:\/\/lasentinelle.dz\/index.php\/2024\/05\/20\/cloture-du-mois-du-patrimoine-la-preservation-du-patrimoine-culturel-une-priorite\/","url":"https:\/\/lasentinelle.dz\/index.php\/2024\/05\/20\/cloture-du-mois-du-patrimoine-la-preservation-du-patrimoine-culturel-une-priorite\/","name":"Cl\u00f4ture du mois du patrimoine\u00a0: La pr\u00e9servation du patrimoine culturel, une priorit\u00e9 - La Sentinelle","isPartOf":{"@id":"https:\/\/lasentinelle.dz\/#website"},"primaryImageOfPage":{"@id":"https:\/\/lasentinelle.dz\/index.php\/2024\/05\/20\/cloture-du-mois-du-patrimoine-la-preservation-du-patrimoine-culturel-une-priorite\/#primaryimage"},"image":{"@id":"https:\/\/lasentinelle.dz\/index.php\/2024\/05\/20\/cloture-du-mois-du-patrimoine-la-preservation-du-patrimoine-culturel-une-priorite\/#primaryimage"},"thumbnailUrl":"https:\/\/lasentinelle.dz\/wp-content\/uploads\/2024\/05\/mouloudji-2.jpeg","datePublished":"2024-05-20T13:11:27+00:00","dateModified":"2024-05-20T13:11:28+00:00","breadcrumb":{"@id":"https:\/\/lasentinelle.dz\/index.php\/2024\/05\/20\/cloture-du-mois-du-patrimoine-la-preservation-du-patrimoine-culturel-une-priorite\/#breadcrumb"},"inLanguage":"fr-FR","potentialAction":[{"@type":"ReadAction","target":["https:\/\/lasentinelle.dz\/index.php\/2024\/05\/20\/cloture-du-mois-du-patrimoine-la-preservation-du-patrimoine-culturel-une-priorite\/"]}]},{"@type":"ImageObject","inLanguage":"fr-FR","@id":"https:\/\/lasentinelle.dz\/index.php\/2024\/05\/20\/cloture-du-mois-du-patrimoine-la-preservation-du-patrimoine-culturel-une-priorite\/#primaryimage","url":"https:\/\/lasentinelle.dz\/wp-content\/uploads\/2024\/05\/mouloudji-2.jpeg","contentUrl":"https:\/\/lasentinelle.dz\/wp-content\/uploads\/2024\/05\/mouloudji-2.jpeg","width":1440,"height":810},{"@type":"BreadcrumbList","@id":"https:\/\/lasentinelle.dz\/index.php\/2024\/05\/20\/cloture-du-mois-du-patrimoine-la-preservation-du-patrimoine-culturel-une-priorite\/#breadcrumb","itemListElement":[{"@type":"ListItem","position":1,"name":"Accueil","item":"https:\/\/lasentinelle.dz\/"},{"@type":"ListItem","position":2,"name":"Cl\u00f4ture du mois du patrimoine\u00a0: La pr\u00e9servation du patrimoine culturel, une priorit\u00e9"}]},{"@type":"WebSite","@id":"https:\/\/lasentinelle.dz\/#website","url":"https:\/\/lasentinelle.dz\/","name":"La Sentinelle","description":"Quotidien national d&#039;information","publisher":{"@id":"https:\/\/lasentinelle.dz\/#organization"},"potentialAction":[{"@type":"SearchAction","target":{"@type":"EntryPoint","urlTemplate":"https:\/\/lasentinelle.dz\/?s={search_term_string}"},"query-input":{"@type":"PropertyValueSpecification","valueRequired":true,"valueName":"search_term_string"}}],"inLanguage":"fr-FR"},{"@type":"Organization","@id":"https:\/\/lasentinelle.dz\/#organization","name":"Quotidien La Sentinelle","url":"https:\/\/lasentinelle.dz\/","logo":{"@type":"ImageObject","inLanguage":"fr-FR","@id":"https:\/\/lasentinelle.dz\/#\/schema\/logo\/image\/","url":"https:\/\/lasentinelle.dz\/wp-content\/uploads\/2021\/09\/logo-sentinelleSLOGAN-1.png","contentUrl":"https:\/\/lasentinelle.dz\/wp-content\/uploads\/2021\/09\/logo-sentinelleSLOGAN-1.png","width":615,"height":142,"caption":"Quotidien La Sentinelle"},"image":{"@id":"https:\/\/lasentinelle.dz\/#\/schema\/logo\/image\/"},"sameAs":["https:\/\/www.facebook.com\/La-Sentinelle-104059864394773"]},{"@type":"Person","@id":"https:\/\/lasentinelle.dz\/#\/schema\/person\/d865044e22e70a75174ce8bcad3acfb3","name":"La Sentinelle","image":{"@type":"ImageObject","inLanguage":"fr-FR","@id":"https:\/\/secure.gravatar.com\/avatar\/57de8e5d4b15d43fb361a71fbb36338450fe67865b528a43dd10ef7c51a20392?s=96&d=mm&r=g","url":"https:\/\/secure.gravatar.com\/avatar\/57de8e5d4b15d43fb361a71fbb36338450fe67865b528a43dd10ef7c51a20392?s=96&d=mm&r=g","contentUrl":"https:\/\/secure.gravatar.com\/avatar\/57de8e5d4b15d43fb361a71fbb36338450fe67865b528a43dd10ef7c51a20392?s=96&d=mm&r=g","caption":"La Sentinelle"},"sameAs":["http:\/\/www.lasentinelle.dz"],"url":"https:\/\/lasentinelle.dz\/author\/redaction\/"}]}},"_links":{"self":[{"href":"https:\/\/lasentinelle.dz\/index.php\/wp-json\/wp\/v2\/posts\/52603","targetHints":{"allow":["GET"]}}],"collection":[{"href":"https:\/\/lasentinelle.dz\/index.php\/wp-json\/wp\/v2\/posts"}],"about":[{"href":"https:\/\/lasentinelle.dz\/index.php\/wp-json\/wp\/v2\/types\/post"}],"author":[{"embeddable":true,"href":"https:\/\/lasentinelle.dz\/index.php\/wp-json\/wp\/v2\/users\/3"}],"replies":[{"embeddable":true,"href":"https:\/\/lasentinelle.dz\/index.php\/wp-json\/wp\/v2\/comments?post=52603"}],"version-history":[{"count":1,"href":"https:\/\/lasentinelle.dz\/index.php\/wp-json\/wp\/v2\/posts\/52603\/revisions"}],"predecessor-version":[{"id":52605,"href":"https:\/\/lasentinelle.dz\/index.php\/wp-json\/wp\/v2\/posts\/52603\/revisions\/52605"}],"wp:featuredmedia":[{"embeddable":true,"href":"https:\/\/lasentinelle.dz\/index.php\/wp-json\/wp\/v2\/media\/52604"}],"wp:attachment":[{"href":"https:\/\/lasentinelle.dz\/index.php\/wp-json\/wp\/v2\/media?parent=52603"}],"wp:term":[{"taxonomy":"category","embeddable":true,"href":"https:\/\/lasentinelle.dz\/index.php\/wp-json\/wp\/v2\/categories?post=52603"},{"taxonomy":"post_tag","embeddable":true,"href":"https:\/\/lasentinelle.dz\/index.php\/wp-json\/wp\/v2\/tags?post=52603"}],"curies":[{"name":"wp","href":"https:\/\/api.w.org\/{rel}","templated":true}]}}