{"id":52606,"date":"2024-05-20T14:15:13","date_gmt":"2024-05-20T13:15:13","guid":{"rendered":"https:\/\/lasentinelle.dz\/?p=52606"},"modified":"2024-05-20T14:15:17","modified_gmt":"2024-05-20T13:15:17","slug":"renforcer-la-cooperation-energetique-entre-lalgerie-et-leurope-autour-de-trois-axes-directeurs","status":"publish","type":"post","link":"https:\/\/lasentinelle.dz\/index.php\/2024\/05\/20\/renforcer-la-cooperation-energetique-entre-lalgerie-et-leurope-autour-de-trois-axes-directeurs\/","title":{"rendered":"Renforcer la coop\u00e9ration \u00e9nerg\u00e9tique entre l\u2019Alg\u00e9rie et l\u2019Europe autour de trois axes directeurs"},"content":{"rendered":"\n<p><strong>Par Abderrahmane Mebtoul<\/strong><\/p>\n\n\n\n<p><strong>Professeur des universit\u00e9s, expert international, <\/strong><strong>ancien directeur d\u2019\u00e9tudes <\/strong><strong>au minist\u00e8re <\/strong><strong>de l\u2019\u00c9nergie et <\/strong><strong>\u00e0 la Sonatrach, pr\u00e9sident de la commission Transition \u00e9nerg\u00e9tique des 5+5 et Allemagne (2019-2020)<\/strong><strong>.<\/strong><\/p>\n\n\n\n<p>Le ministre de l\u2019Energie et des Mines, Mohamed Arkab a r\u00e9affirm\u00e9 vendredi la volont\u00e9 de l&rsquo;Alg\u00e9rie d&rsquo;\u00e9tablir un partenariat r\u00e9gional solide et efficace et de devenir un p\u00f4le \u00e9nerg\u00e9tique dans la r\u00e9gion et un axe d&rsquo;\u00e9change \u00e9nerg\u00e9tique gr\u00e2ce \u00e0 de nombreux projets dont le d\u00e9veloppement de l&rsquo;interconnexion \u00e9lectrique entre le Nord et le Sud de la M\u00e9diterran\u00e9e.<\/p>\n\n\n\n<p>Le d\u00e9veloppement de la coop\u00e9ration entre l\u2019Alg\u00e9rie et l\u2019Europe, actuellement loin des attentes et des potentialit\u00e9s, a \u00e9t\u00e9 \u00e9voqu\u00e9e lors de la 5e r\u00e9union annuelle de haut niveau du dialogue \u00e9nerg\u00e9tique entre l\u2019Alg\u00e9rie et l\u2019Union europ\u00e9enne qui s\u2019est tenue les 4 et 5 octobre 2023 \u00e0 Bruxelles, co-pr\u00e9sid\u00e9e par le Ministre alg\u00e9rien de l\u2019\u00e9nergie et la commissaire europ\u00e9enne \u00e0 l\u2019\u00c9nergie. Plus r\u00e9cemment le ministre de l\u2019Energie et des Mines, Mohamed Arkab abond\u00e9 dans le m\u00eame sens, le 18 mai 2024 lors d\u2019un forum \u00e0 Sorrente ( Italie), &nbsp;r\u00e9affirmant la volont\u00e9 de l&rsquo;Alg\u00e9rie d&rsquo;\u00e9tablir un partenariat r\u00e9gional solide et efficace et de devenir un p\u00f4le \u00e9nerg\u00e9tique dans la r\u00e9gion et un axe d&rsquo;\u00e9change \u00e9nerg\u00e9tique gr\u00e2ce \u00e0 de nombreux projets dont le d\u00e9veloppement de l&rsquo;interconnexion \u00e9lectrique entre le Nord et le Sud de la M\u00e9diterran\u00e9e, auquel une enveloppe de trois mds USD a \u00e9t\u00e9 allou\u00e9e, \u00e0 m\u00eame de booster la transition \u00e9nerg\u00e9tique et d&rsquo;appuyer le d\u00e9veloppement commun dans le bassin m\u00e9diterran\u00e9en et l&rsquo;Europe, soulignant l&rsquo;attachement de l&rsquo;Alg\u00e9rie \u00e0 participer activement aux initiatives internationales pour la r\u00e9duction des \u00e9missions des gaz \u00e0 effet de serre et du m\u00e9thane.<\/p>\n\n\n\n<p>Selon le rapport annuel du GECF (2023), l&rsquo;UE a import\u00e9 du gaz par gazoducs en provenance de cinq pays, \u00e0 savoir l&rsquo;Alg\u00e9rie, l&rsquo;Azerba\u00efdjan, la Libye, la Norv\u00e8ge et la Russie et que durant l&rsquo;ann\u00e9e 2022, les importations totales de gaz par gazoduc de l&rsquo;UE ont atteint 203 milliards de m\u00e8tres cubes, bien en baisse de 26% par rapport \u00e0 2021. S&rsquo;agissant de la production alg\u00e9rienne de gaz naturel, la production de Sonatrach a enregistr\u00e9 une augmentation passant de 85 milliards de m3 en 2019 \u00e0 101 milliards de m3 en 2022, propuls\u00e9 principalement par l\u2019agrandissement du champ de Hassi R\u2019Mel, volume qui devrait croitre avec les nouvelles d\u00e9couvertes d\u2019o\u00f9 l\u2019importance d\u2019un important investissement o\u00f9 les europ\u00e9ens sont convi\u00e9s. En rappelant que l\u2019Alg\u00e9rie poss\u00e8de le troisi\u00e8me r\u00e9servoir mondial de gaz de schiste, 19.500 milliards de m\u00e8tres cubes gazeux , mais supposant pour son exploitation un consensus social, des techniques nouvelles pour \u00e9viter la pollution des nappes phr\u00e9atiques , car sous le d\u00e9sert existe un des plus grand oc\u00e9an du monde plus de 55.000 milliards de m\u00e8tres cubes , 70% en Alg\u00e9rie, 20% en Tunisie et 10% en Libye. Comme je l\u2019ai rappel\u00e9 dans plusieurs contributions et direction d\u2019\u00e9tudes pour Sonatrach sous ma direction (cf. \u00e9tude en 8 volumes, 780 pages, sous la direction du Pr Abderrahmane Mebtoul assist\u00e9 des cadres de Sonatrach sous le titre \u00ab Gaz de schiste : opportunit\u00e9s et risques, pour une transition \u00e9nerg\u00e9tique ), avant la crise en Ukraine, l\u2019Europe d\u00e9pendait pour environ 55 % de son approvisionnement en gaz de la Russie, qui \u00e9tait \u00e9galement son principal fournisseur \u00e0 travers les canalisations de South Stream (capacit\u00e9 de 63 milliards de m\u00e8tres cubes gazeux) et le North Stream 1(capacit\u00e9 de de 55 milliards de m\u00e8tres cubes gazeux ), le North Stream 2 (m\u00eame capacit\u00e9) qui a \u00e9t\u00e9 gel\u00e9, sous la pression des \u00c9tats-Unis, en 2023,le taux \u00e9tant de 17%, l\u2019Alg\u00e9rie est devenue le deuxi\u00e8me fournisseur avec 19% derri\u00e8re la Norv\u00e8ge 54%. Pour le GECF l&rsquo;Alg\u00e9rie est le principal fournisseur de gaz de l&rsquo;Europe du Sud, assurant environ 70% de ses exportations vers ce march\u00e9 via gazoducs et les 30% restants sous forme de GNL o\u00f9 en 2022, l&rsquo;Alg\u00e9rie a export\u00e9 52 milliards de m3 de gaz naturel au total, \u00e0 travers les gazoducs et sous forme de GNL, selon la m\u00eame source, assurant que la majorit\u00e9 des exp\u00e9ditions alg\u00e9riennes de GNL \u00e9taient dirig\u00e9es vers l&rsquo;Europe et en quantit\u00e9, elle a export\u00e9 au total 10 millions de tonnes de GNL, avec environ 9,2 millions de tonnes fournies \u00e0 l\u2019Europe, en se pla\u00e7ant comme quatri\u00e8me plus grand fournisseur de GNL du continent europ\u00e9en. Selon la 8\u00e8me \u00e9dition du rapport \u00ab\u00a0GECF Global Gas Outlook 2050, l\u2019Alg\u00e9rie devrait conserver son statut d&rsquo;important fournisseur de gaz naturel du march\u00e9 europ\u00e9en, tant par le biais des exportations via gazoducs que par le gaz naturel liqu\u00e9fi\u00e9 (GNL), jusqu&rsquo;\u00e0 2050\u00a0\u00bb.<\/p>\n\n\n\n<p><strong>Trois axes de coop\u00e9ration<\/strong><\/p>\n\n\n\n<p>La coop\u00e9ration Alg\u00e9rie\/Europe devrait s\u2019articuler autour trois axes directeurs dans le cadre d\u2019 un partenariat gagnant \u2013 gagnant. Premier axe : l\u2019augmentation des volumes de gaz \u00e0 l\u2019exportation vers l\u2019Europe et en exploitant de nouveaux champs gaziers, en coop\u00e9ration avec des entreprises europ\u00e9ennes. Une des voies pour augmenter les exportations de gaz consiste \u00e0 r\u00e9duire davantage les \u00e9missions de m\u00e9thane et le torchage, ce qui rendrait plus de gaz disponible pour le commerce. Plusieurs projets qui doivent approvisionner l\u2019Europe permettront de d\u00e9velopper les exportations du gaz par canalisation : le projet du gazoduc trans-saharien NIGAL, les lettres d\u2019intention n\u2019\u00e9tant pas des contrats d\u00e9finit que les autorit\u00e9s nig\u00e9riennes \u00e9clairsissent d\u00e9finitivement leurs positions concernant le projet du gazoduc et surotut avoir l\u2019adh\u00e9sion que le principal client l\u2019Europe qui ne s\u2019est pas prononc\u00e9 d\u2019une capacit\u00e9 annuelle de trente trois milliards de m\u00e8tres cubes ; le projet de Galsi, via la Sardaigne et la Corse, gel\u00e9 depuis 2012 et qui annon\u00e7ait alors une capacit\u00e9 de 8 milliards de m\u00e8tres cubes gazeux pour un investissement de 3 milliards de dollars devant \u00eatre reli\u00e9 \u00e0 la Corse (cf. conf\u00e9rence du Pr A.Mebtoul \u00e0 la CCI de Corse et son d\u00e9placement en Sardaigne pour d\u00e9fendre ce projet reprise par la t\u00e9l\u00e9vision France 3 ). Le gazoduc Medgaz reliant l\u2019Alg\u00e9rie \u00e0 l\u2019Espagne a connu une augmentation de l\u2019ordre de 2 milliards de m3 en 2022, en passant de 8 milliards de m3 \u00e0 10 milliards m3, tandis que les quantit\u00e9s de gaz achemin\u00e9es vers l\u2019Italie, via le Transmed, ont atteint 23,5 milliards de m3 contre 21,5 milliards m3 en 2021. Deuxi\u00e8me axe : les \u00e9nergies renouvelables. L\u2019Alg\u00e9rie dispose d\u2019abondantes sources d\u2019\u00e9nergies renouvelables, solaires (plus de 3 000 heures de soleil par an) et \u00e9oliennes, qui lui permettent de devenir un leader mondial dans la production de l\u2019\u00e9nergie propre, pour la consommation locale ( le Minist\u00e8re de l\u2019Energie pr\u00e9voyant horizon 2030\/2040, environ 40% de de la couverture du march\u00e9 int\u00e9rieur \u00e9tant fin 2022 entre 1\/2% ) mais aussi pour l\u2019exportation vers l\u2019Europe. Rappelons qu\u2019entre 2002 et 2023, dans plusieurs d\u00e9clarations, le Minist\u00e8re de l\u2019Energie s\u2019est engag\u00e9 \u00e0 promouvoir les \u00e9nergies renouvelables, ce qui consiste \u00e0 installer une puissance d\u2019origine renouvelable de l\u2019ordre de 22 000 MW \u00e0 l\u2019horizon 2030, dont 12 000 MW pour le march\u00e9 national alg\u00e9rien, et avec une possibilit\u00e9 d\u2019exportation allant jusqu\u2019\u00e0 10 000MW. L\u2019Europe et l\u2019Alg\u00e9rie travaillent d\u00e9j\u00e0 ensemble sur le d\u00e9veloppement des \u00e9nergies renouvelables avec le projet commun \u00ab Taka Nadhifa \u00bb ainsi que des projets d\u2019interconnexions \u00e9lectriques. Cependant, il reste \u00e0 mobiliser un financement europ\u00e9en important du Fonds europ\u00e9en pour le d\u00e9veloppement durable, en coop\u00e9ration avec les banques de d\u00e9veloppement comme la Banque europ\u00e9enne d\u2019investissement et la Banque europ\u00e9enne pour la reconstruction et le d\u00e9veloppement. Troisi\u00e8me axe de coop\u00e9ration : l\u2019hydrog\u00e8ne vert, bleu et souvent oubli\u00e9 le blanc . Un \u00e9ventuel partenariat UE-Alg\u00e9rie sur l\u2019hydrog\u00e8ne permettrait de d\u00e9velopper la production, la consommation et le commerce d\u2019hydrog\u00e8ne renouvelable et de d\u00e9riv\u00e9s. L\u2019Alg\u00e9rie se propose, selon le Minist\u00e8re de l\u2019Energie, d\u2019investir de 20 \u00e0 25 milliards de dollars \u00e0 l\u2019horizon 2040 autour de l\u2019hydrog\u00e8ne renouvelable, divis\u00e9e en trois grands phases : le d\u00e9marrage via des projets pilotes (2023 \u00e0 2030), l\u2019expansion et la cr\u00e9ation de march\u00e9s (2030 \u00e0 2040) et l\u2019industrialisation et la comp\u00e9titivit\u00e9 du march\u00e9 (2040 \u00e0 2050). \u00c0 horizon 2040, l\u2019Alg\u00e9rie pr\u00e9voit de produire et d\u2019exporter 30 \u00e0 40 TWh d\u2019hydrog\u00e8ne gazeux et liquide, avec un mix \u00e0 la fois compos\u00e9 d\u2019hydrog\u00e8ne bleu, produit \u00e0 partir de gaz, et d\u2019hydrog\u00e8ne vert fabriqu\u00e9 par \u00e9lectrolyse gr\u00e2ce aux importantes ressources solaires du pays, avec pour objectif de fournir \u00e0 l\u2019Europe 10 % de ses besoins en hydrog\u00e8ne vert, d\u2019ici \u00e0 2040.<\/p>\n\n\n\n<p>En conclusion, l\u2019Energie \u00e9tant au coeur de la s\u00e9curit\u00e9 des Etats, des strat\u00e9gies d\u2019adaptations sont n\u00e9cessaires car le monde devant conna\u00eetre une profonde mutation, notamment avec les impacts du r\u00e9chauffement climatiques des espaces euro-m\u00e9diterran\u00e9en et africain, la coop\u00e9ration entre l\u2019Alg\u00e9rie et l\u2019Europe devra \u00eatre ax\u00e9e sur la n\u00e9cessaire transition \u00e9nerg\u00e9tique (nouveau mod\u00e8le de consommation) et num\u00e9rique. Ce bouleversement mondial influera sur les m\u00e9thodes de gestion des \u00c9tats, par ailleurs expos\u00e9s aux nouveaux dangers syst\u00e9miques des cyberattaques.<\/p>\n\n\n\n<p>ademmebtoul@gmail.com<\/p>\n","protected":false},"excerpt":{"rendered":"<p>Par Abderrahmane Mebtoul Professeur des universit\u00e9s, expert international, ancien directeur d\u2019\u00e9tudes au minist\u00e8re de l\u2019\u00c9nergie et \u00e0 la Sonatrach, pr\u00e9sident<\/p>\n","protected":false},"author":3,"featured_media":7876,"comment_status":"open","ping_status":"closed","sticky":false,"template":"","format":"standard","meta":{"colormag_page_container_layout":"default_layout","colormag_page_sidebar_layout":"default_layout","om_disable_all_campaigns":false,"_monsterinsights_skip_tracking":false,"_monsterinsights_sitenote_active":false,"_monsterinsights_sitenote_note":"","_monsterinsights_sitenote_category":0,"footnotes":"","_wpscppro_dont_share_socialmedia":false,"_wpscppro_custom_social_share_image":0,"_facebook_share_type":"default","_twitter_share_type":"default","_linkedin_share_type":"default","_pinterest_share_type":"default","_linkedin_share_type_page":"","_instagram_share_type":"default","_medium_share_type":"","_threads_share_type":"","_google_business_share_type":"","_selected_social_profile":[],"_wpsp_enable_custom_social_template":false,"_wpsp_social_scheduling":{"enabled":false,"datetime":null,"platforms":[],"status":"template_only","dateOption":"today","timeOption":"now","customDays":"","customHours":"","customDate":"","customTime":"","schedulingType":"absolute"},"_wpsp_active_default_template":true},"categories":[56,38],"tags":[],"class_list":["post-52606","post","type-post","status-publish","format-standard","has-post-thumbnail","hentry","category-contribution","category-debats"],"aioseo_notices":[],"yoast_head":"<!-- This site is optimized with the Yoast SEO plugin v27.5 - https:\/\/yoast.com\/product\/yoast-seo-wordpress\/ -->\n<title>Renforcer la coop\u00e9ration \u00e9nerg\u00e9tique entre l\u2019Alg\u00e9rie et l\u2019Europe autour de trois axes directeurs - La Sentinelle<\/title>\n<meta name=\"robots\" content=\"index, follow, max-snippet:-1, max-image-preview:large, max-video-preview:-1\" \/>\n<link rel=\"canonical\" href=\"https:\/\/lasentinelle.dz\/index.php\/2024\/05\/20\/renforcer-la-cooperation-energetique-entre-lalgerie-et-leurope-autour-de-trois-axes-directeurs\/\" \/>\n<meta property=\"og:locale\" content=\"fr_FR\" \/>\n<meta property=\"og:type\" content=\"article\" \/>\n<meta property=\"og:title\" content=\"Renforcer la coop\u00e9ration \u00e9nerg\u00e9tique entre l\u2019Alg\u00e9rie et l\u2019Europe autour de trois axes directeurs - La Sentinelle\" \/>\n<meta property=\"og:description\" content=\"Par Abderrahmane Mebtoul Professeur des universit\u00e9s, expert international, ancien directeur d\u2019\u00e9tudes au minist\u00e8re de l\u2019\u00c9nergie et \u00e0 la Sonatrach, pr\u00e9sident\" \/>\n<meta property=\"og:url\" content=\"https:\/\/lasentinelle.dz\/index.php\/2024\/05\/20\/renforcer-la-cooperation-energetique-entre-lalgerie-et-leurope-autour-de-trois-axes-directeurs\/\" \/>\n<meta property=\"og:site_name\" content=\"La Sentinelle\" \/>\n<meta property=\"article:publisher\" content=\"https:\/\/www.facebook.com\/La-Sentinelle-104059864394773\" \/>\n<meta property=\"article:published_time\" content=\"2024-05-20T13:15:13+00:00\" \/>\n<meta property=\"article:modified_time\" content=\"2024-05-20T13:15:17+00:00\" \/>\n<meta property=\"og:image\" content=\"https:\/\/lasentinelle.dz\/wp-content\/uploads\/2021\/09\/contribution.png\" \/>\n\t<meta property=\"og:image:width\" content=\"1600\" \/>\n\t<meta property=\"og:image:height\" content=\"900\" \/>\n\t<meta property=\"og:image:type\" content=\"image\/png\" \/>\n<meta name=\"author\" content=\"La Sentinelle\" \/>\n<meta name=\"twitter:card\" content=\"summary_large_image\" \/>\n<meta name=\"twitter:label1\" content=\"\u00c9crit par\" \/>\n\t<meta name=\"twitter:data1\" content=\"La Sentinelle\" \/>\n\t<meta name=\"twitter:label2\" content=\"Dur\u00e9e de lecture estim\u00e9e\" \/>\n\t<meta name=\"twitter:data2\" content=\"8 minutes\" \/>\n<script type=\"application\/ld+json\" class=\"yoast-schema-graph\">{\"@context\":\"https:\\\/\\\/schema.org\",\"@graph\":[{\"@type\":\"Article\",\"@id\":\"https:\\\/\\\/lasentinelle.dz\\\/index.php\\\/2024\\\/05\\\/20\\\/renforcer-la-cooperation-energetique-entre-lalgerie-et-leurope-autour-de-trois-axes-directeurs\\\/#article\",\"isPartOf\":{\"@id\":\"https:\\\/\\\/lasentinelle.dz\\\/index.php\\\/2024\\\/05\\\/20\\\/renforcer-la-cooperation-energetique-entre-lalgerie-et-leurope-autour-de-trois-axes-directeurs\\\/\"},\"author\":{\"name\":\"La Sentinelle\",\"@id\":\"https:\\\/\\\/lasentinelle.dz\\\/#\\\/schema\\\/person\\\/d865044e22e70a75174ce8bcad3acfb3\"},\"headline\":\"Renforcer la coop\u00e9ration \u00e9nerg\u00e9tique entre l\u2019Alg\u00e9rie et l\u2019Europe autour de trois axes directeurs\",\"datePublished\":\"2024-05-20T13:15:13+00:00\",\"dateModified\":\"2024-05-20T13:15:17+00:00\",\"mainEntityOfPage\":{\"@id\":\"https:\\\/\\\/lasentinelle.dz\\\/index.php\\\/2024\\\/05\\\/20\\\/renforcer-la-cooperation-energetique-entre-lalgerie-et-leurope-autour-de-trois-axes-directeurs\\\/\"},\"wordCount\":1598,\"commentCount\":0,\"publisher\":{\"@id\":\"https:\\\/\\\/lasentinelle.dz\\\/#organization\"},\"image\":{\"@id\":\"https:\\\/\\\/lasentinelle.dz\\\/index.php\\\/2024\\\/05\\\/20\\\/renforcer-la-cooperation-energetique-entre-lalgerie-et-leurope-autour-de-trois-axes-directeurs\\\/#primaryimage\"},\"thumbnailUrl\":\"https:\\\/\\\/lasentinelle.dz\\\/wp-content\\\/uploads\\\/2021\\\/09\\\/contribution.png\",\"articleSection\":[\"Contribution\",\"D\u00e9bats\"],\"inLanguage\":\"fr-FR\",\"potentialAction\":[{\"@type\":\"CommentAction\",\"name\":\"Comment\",\"target\":[\"https:\\\/\\\/lasentinelle.dz\\\/index.php\\\/2024\\\/05\\\/20\\\/renforcer-la-cooperation-energetique-entre-lalgerie-et-leurope-autour-de-trois-axes-directeurs\\\/#respond\"]}]},{\"@type\":\"WebPage\",\"@id\":\"https:\\\/\\\/lasentinelle.dz\\\/index.php\\\/2024\\\/05\\\/20\\\/renforcer-la-cooperation-energetique-entre-lalgerie-et-leurope-autour-de-trois-axes-directeurs\\\/\",\"url\":\"https:\\\/\\\/lasentinelle.dz\\\/index.php\\\/2024\\\/05\\\/20\\\/renforcer-la-cooperation-energetique-entre-lalgerie-et-leurope-autour-de-trois-axes-directeurs\\\/\",\"name\":\"Renforcer la coop\u00e9ration \u00e9nerg\u00e9tique entre l\u2019Alg\u00e9rie et l\u2019Europe autour de trois axes directeurs - La Sentinelle\",\"isPartOf\":{\"@id\":\"https:\\\/\\\/lasentinelle.dz\\\/#website\"},\"primaryImageOfPage\":{\"@id\":\"https:\\\/\\\/lasentinelle.dz\\\/index.php\\\/2024\\\/05\\\/20\\\/renforcer-la-cooperation-energetique-entre-lalgerie-et-leurope-autour-de-trois-axes-directeurs\\\/#primaryimage\"},\"image\":{\"@id\":\"https:\\\/\\\/lasentinelle.dz\\\/index.php\\\/2024\\\/05\\\/20\\\/renforcer-la-cooperation-energetique-entre-lalgerie-et-leurope-autour-de-trois-axes-directeurs\\\/#primaryimage\"},\"thumbnailUrl\":\"https:\\\/\\\/lasentinelle.dz\\\/wp-content\\\/uploads\\\/2021\\\/09\\\/contribution.png\",\"datePublished\":\"2024-05-20T13:15:13+00:00\",\"dateModified\":\"2024-05-20T13:15:17+00:00\",\"breadcrumb\":{\"@id\":\"https:\\\/\\\/lasentinelle.dz\\\/index.php\\\/2024\\\/05\\\/20\\\/renforcer-la-cooperation-energetique-entre-lalgerie-et-leurope-autour-de-trois-axes-directeurs\\\/#breadcrumb\"},\"inLanguage\":\"fr-FR\",\"potentialAction\":[{\"@type\":\"ReadAction\",\"target\":[\"https:\\\/\\\/lasentinelle.dz\\\/index.php\\\/2024\\\/05\\\/20\\\/renforcer-la-cooperation-energetique-entre-lalgerie-et-leurope-autour-de-trois-axes-directeurs\\\/\"]}]},{\"@type\":\"ImageObject\",\"inLanguage\":\"fr-FR\",\"@id\":\"https:\\\/\\\/lasentinelle.dz\\\/index.php\\\/2024\\\/05\\\/20\\\/renforcer-la-cooperation-energetique-entre-lalgerie-et-leurope-autour-de-trois-axes-directeurs\\\/#primaryimage\",\"url\":\"https:\\\/\\\/lasentinelle.dz\\\/wp-content\\\/uploads\\\/2021\\\/09\\\/contribution.png\",\"contentUrl\":\"https:\\\/\\\/lasentinelle.dz\\\/wp-content\\\/uploads\\\/2021\\\/09\\\/contribution.png\",\"width\":1600,\"height\":900},{\"@type\":\"BreadcrumbList\",\"@id\":\"https:\\\/\\\/lasentinelle.dz\\\/index.php\\\/2024\\\/05\\\/20\\\/renforcer-la-cooperation-energetique-entre-lalgerie-et-leurope-autour-de-trois-axes-directeurs\\\/#breadcrumb\",\"itemListElement\":[{\"@type\":\"ListItem\",\"position\":1,\"name\":\"Accueil\",\"item\":\"https:\\\/\\\/lasentinelle.dz\\\/\"},{\"@type\":\"ListItem\",\"position\":2,\"name\":\"Renforcer la coop\u00e9ration \u00e9nerg\u00e9tique entre l\u2019Alg\u00e9rie et l\u2019Europe autour de trois axes directeurs\"}]},{\"@type\":\"WebSite\",\"@id\":\"https:\\\/\\\/lasentinelle.dz\\\/#website\",\"url\":\"https:\\\/\\\/lasentinelle.dz\\\/\",\"name\":\"La Sentinelle\",\"description\":\"Quotidien national d&#039;information\",\"publisher\":{\"@id\":\"https:\\\/\\\/lasentinelle.dz\\\/#organization\"},\"potentialAction\":[{\"@type\":\"SearchAction\",\"target\":{\"@type\":\"EntryPoint\",\"urlTemplate\":\"https:\\\/\\\/lasentinelle.dz\\\/?s={search_term_string}\"},\"query-input\":{\"@type\":\"PropertyValueSpecification\",\"valueRequired\":true,\"valueName\":\"search_term_string\"}}],\"inLanguage\":\"fr-FR\"},{\"@type\":\"Organization\",\"@id\":\"https:\\\/\\\/lasentinelle.dz\\\/#organization\",\"name\":\"Quotidien La Sentinelle\",\"url\":\"https:\\\/\\\/lasentinelle.dz\\\/\",\"logo\":{\"@type\":\"ImageObject\",\"inLanguage\":\"fr-FR\",\"@id\":\"https:\\\/\\\/lasentinelle.dz\\\/#\\\/schema\\\/logo\\\/image\\\/\",\"url\":\"https:\\\/\\\/lasentinelle.dz\\\/wp-content\\\/uploads\\\/2021\\\/09\\\/logo-sentinelleSLOGAN-1.png\",\"contentUrl\":\"https:\\\/\\\/lasentinelle.dz\\\/wp-content\\\/uploads\\\/2021\\\/09\\\/logo-sentinelleSLOGAN-1.png\",\"width\":615,\"height\":142,\"caption\":\"Quotidien La Sentinelle\"},\"image\":{\"@id\":\"https:\\\/\\\/lasentinelle.dz\\\/#\\\/schema\\\/logo\\\/image\\\/\"},\"sameAs\":[\"https:\\\/\\\/www.facebook.com\\\/La-Sentinelle-104059864394773\"]},{\"@type\":\"Person\",\"@id\":\"https:\\\/\\\/lasentinelle.dz\\\/#\\\/schema\\\/person\\\/d865044e22e70a75174ce8bcad3acfb3\",\"name\":\"La Sentinelle\",\"image\":{\"@type\":\"ImageObject\",\"inLanguage\":\"fr-FR\",\"@id\":\"https:\\\/\\\/secure.gravatar.com\\\/avatar\\\/57de8e5d4b15d43fb361a71fbb36338450fe67865b528a43dd10ef7c51a20392?s=96&d=mm&r=g\",\"url\":\"https:\\\/\\\/secure.gravatar.com\\\/avatar\\\/57de8e5d4b15d43fb361a71fbb36338450fe67865b528a43dd10ef7c51a20392?s=96&d=mm&r=g\",\"contentUrl\":\"https:\\\/\\\/secure.gravatar.com\\\/avatar\\\/57de8e5d4b15d43fb361a71fbb36338450fe67865b528a43dd10ef7c51a20392?s=96&d=mm&r=g\",\"caption\":\"La Sentinelle\"},\"sameAs\":[\"http:\\\/\\\/www.lasentinelle.dz\"],\"url\":\"https:\\\/\\\/lasentinelle.dz\\\/author\\\/redaction\\\/\"}]}<\/script>\n<!-- \/ Yoast SEO plugin. -->","yoast_head_json":{"title":"Renforcer la coop\u00e9ration \u00e9nerg\u00e9tique entre l\u2019Alg\u00e9rie et l\u2019Europe autour de trois axes directeurs - La Sentinelle","robots":{"index":"index","follow":"follow","max-snippet":"max-snippet:-1","max-image-preview":"max-image-preview:large","max-video-preview":"max-video-preview:-1"},"canonical":"https:\/\/lasentinelle.dz\/index.php\/2024\/05\/20\/renforcer-la-cooperation-energetique-entre-lalgerie-et-leurope-autour-de-trois-axes-directeurs\/","og_locale":"fr_FR","og_type":"article","og_title":"Renforcer la coop\u00e9ration \u00e9nerg\u00e9tique entre l\u2019Alg\u00e9rie et l\u2019Europe autour de trois axes directeurs - La Sentinelle","og_description":"Par Abderrahmane Mebtoul Professeur des universit\u00e9s, expert international, ancien directeur d\u2019\u00e9tudes au minist\u00e8re de l\u2019\u00c9nergie et \u00e0 la Sonatrach, pr\u00e9sident","og_url":"https:\/\/lasentinelle.dz\/index.php\/2024\/05\/20\/renforcer-la-cooperation-energetique-entre-lalgerie-et-leurope-autour-de-trois-axes-directeurs\/","og_site_name":"La Sentinelle","article_publisher":"https:\/\/www.facebook.com\/La-Sentinelle-104059864394773","article_published_time":"2024-05-20T13:15:13+00:00","article_modified_time":"2024-05-20T13:15:17+00:00","og_image":[{"width":1600,"height":900,"url":"https:\/\/lasentinelle.dz\/wp-content\/uploads\/2021\/09\/contribution.png","type":"image\/png"}],"author":"La Sentinelle","twitter_card":"summary_large_image","twitter_misc":{"\u00c9crit par":"La Sentinelle","Dur\u00e9e de lecture estim\u00e9e":"8 minutes"},"schema":{"@context":"https:\/\/schema.org","@graph":[{"@type":"Article","@id":"https:\/\/lasentinelle.dz\/index.php\/2024\/05\/20\/renforcer-la-cooperation-energetique-entre-lalgerie-et-leurope-autour-de-trois-axes-directeurs\/#article","isPartOf":{"@id":"https:\/\/lasentinelle.dz\/index.php\/2024\/05\/20\/renforcer-la-cooperation-energetique-entre-lalgerie-et-leurope-autour-de-trois-axes-directeurs\/"},"author":{"name":"La Sentinelle","@id":"https:\/\/lasentinelle.dz\/#\/schema\/person\/d865044e22e70a75174ce8bcad3acfb3"},"headline":"Renforcer la coop\u00e9ration \u00e9nerg\u00e9tique entre l\u2019Alg\u00e9rie et l\u2019Europe autour de trois axes directeurs","datePublished":"2024-05-20T13:15:13+00:00","dateModified":"2024-05-20T13:15:17+00:00","mainEntityOfPage":{"@id":"https:\/\/lasentinelle.dz\/index.php\/2024\/05\/20\/renforcer-la-cooperation-energetique-entre-lalgerie-et-leurope-autour-de-trois-axes-directeurs\/"},"wordCount":1598,"commentCount":0,"publisher":{"@id":"https:\/\/lasentinelle.dz\/#organization"},"image":{"@id":"https:\/\/lasentinelle.dz\/index.php\/2024\/05\/20\/renforcer-la-cooperation-energetique-entre-lalgerie-et-leurope-autour-de-trois-axes-directeurs\/#primaryimage"},"thumbnailUrl":"https:\/\/lasentinelle.dz\/wp-content\/uploads\/2021\/09\/contribution.png","articleSection":["Contribution","D\u00e9bats"],"inLanguage":"fr-FR","potentialAction":[{"@type":"CommentAction","name":"Comment","target":["https:\/\/lasentinelle.dz\/index.php\/2024\/05\/20\/renforcer-la-cooperation-energetique-entre-lalgerie-et-leurope-autour-de-trois-axes-directeurs\/#respond"]}]},{"@type":"WebPage","@id":"https:\/\/lasentinelle.dz\/index.php\/2024\/05\/20\/renforcer-la-cooperation-energetique-entre-lalgerie-et-leurope-autour-de-trois-axes-directeurs\/","url":"https:\/\/lasentinelle.dz\/index.php\/2024\/05\/20\/renforcer-la-cooperation-energetique-entre-lalgerie-et-leurope-autour-de-trois-axes-directeurs\/","name":"Renforcer la coop\u00e9ration \u00e9nerg\u00e9tique entre l\u2019Alg\u00e9rie et l\u2019Europe autour de trois axes directeurs - La Sentinelle","isPartOf":{"@id":"https:\/\/lasentinelle.dz\/#website"},"primaryImageOfPage":{"@id":"https:\/\/lasentinelle.dz\/index.php\/2024\/05\/20\/renforcer-la-cooperation-energetique-entre-lalgerie-et-leurope-autour-de-trois-axes-directeurs\/#primaryimage"},"image":{"@id":"https:\/\/lasentinelle.dz\/index.php\/2024\/05\/20\/renforcer-la-cooperation-energetique-entre-lalgerie-et-leurope-autour-de-trois-axes-directeurs\/#primaryimage"},"thumbnailUrl":"https:\/\/lasentinelle.dz\/wp-content\/uploads\/2021\/09\/contribution.png","datePublished":"2024-05-20T13:15:13+00:00","dateModified":"2024-05-20T13:15:17+00:00","breadcrumb":{"@id":"https:\/\/lasentinelle.dz\/index.php\/2024\/05\/20\/renforcer-la-cooperation-energetique-entre-lalgerie-et-leurope-autour-de-trois-axes-directeurs\/#breadcrumb"},"inLanguage":"fr-FR","potentialAction":[{"@type":"ReadAction","target":["https:\/\/lasentinelle.dz\/index.php\/2024\/05\/20\/renforcer-la-cooperation-energetique-entre-lalgerie-et-leurope-autour-de-trois-axes-directeurs\/"]}]},{"@type":"ImageObject","inLanguage":"fr-FR","@id":"https:\/\/lasentinelle.dz\/index.php\/2024\/05\/20\/renforcer-la-cooperation-energetique-entre-lalgerie-et-leurope-autour-de-trois-axes-directeurs\/#primaryimage","url":"https:\/\/lasentinelle.dz\/wp-content\/uploads\/2021\/09\/contribution.png","contentUrl":"https:\/\/lasentinelle.dz\/wp-content\/uploads\/2021\/09\/contribution.png","width":1600,"height":900},{"@type":"BreadcrumbList","@id":"https:\/\/lasentinelle.dz\/index.php\/2024\/05\/20\/renforcer-la-cooperation-energetique-entre-lalgerie-et-leurope-autour-de-trois-axes-directeurs\/#breadcrumb","itemListElement":[{"@type":"ListItem","position":1,"name":"Accueil","item":"https:\/\/lasentinelle.dz\/"},{"@type":"ListItem","position":2,"name":"Renforcer la coop\u00e9ration \u00e9nerg\u00e9tique entre l\u2019Alg\u00e9rie et l\u2019Europe autour de trois axes directeurs"}]},{"@type":"WebSite","@id":"https:\/\/lasentinelle.dz\/#website","url":"https:\/\/lasentinelle.dz\/","name":"La Sentinelle","description":"Quotidien national d&#039;information","publisher":{"@id":"https:\/\/lasentinelle.dz\/#organization"},"potentialAction":[{"@type":"SearchAction","target":{"@type":"EntryPoint","urlTemplate":"https:\/\/lasentinelle.dz\/?s={search_term_string}"},"query-input":{"@type":"PropertyValueSpecification","valueRequired":true,"valueName":"search_term_string"}}],"inLanguage":"fr-FR"},{"@type":"Organization","@id":"https:\/\/lasentinelle.dz\/#organization","name":"Quotidien La Sentinelle","url":"https:\/\/lasentinelle.dz\/","logo":{"@type":"ImageObject","inLanguage":"fr-FR","@id":"https:\/\/lasentinelle.dz\/#\/schema\/logo\/image\/","url":"https:\/\/lasentinelle.dz\/wp-content\/uploads\/2021\/09\/logo-sentinelleSLOGAN-1.png","contentUrl":"https:\/\/lasentinelle.dz\/wp-content\/uploads\/2021\/09\/logo-sentinelleSLOGAN-1.png","width":615,"height":142,"caption":"Quotidien La Sentinelle"},"image":{"@id":"https:\/\/lasentinelle.dz\/#\/schema\/logo\/image\/"},"sameAs":["https:\/\/www.facebook.com\/La-Sentinelle-104059864394773"]},{"@type":"Person","@id":"https:\/\/lasentinelle.dz\/#\/schema\/person\/d865044e22e70a75174ce8bcad3acfb3","name":"La Sentinelle","image":{"@type":"ImageObject","inLanguage":"fr-FR","@id":"https:\/\/secure.gravatar.com\/avatar\/57de8e5d4b15d43fb361a71fbb36338450fe67865b528a43dd10ef7c51a20392?s=96&d=mm&r=g","url":"https:\/\/secure.gravatar.com\/avatar\/57de8e5d4b15d43fb361a71fbb36338450fe67865b528a43dd10ef7c51a20392?s=96&d=mm&r=g","contentUrl":"https:\/\/secure.gravatar.com\/avatar\/57de8e5d4b15d43fb361a71fbb36338450fe67865b528a43dd10ef7c51a20392?s=96&d=mm&r=g","caption":"La Sentinelle"},"sameAs":["http:\/\/www.lasentinelle.dz"],"url":"https:\/\/lasentinelle.dz\/author\/redaction\/"}]}},"_links":{"self":[{"href":"https:\/\/lasentinelle.dz\/index.php\/wp-json\/wp\/v2\/posts\/52606","targetHints":{"allow":["GET"]}}],"collection":[{"href":"https:\/\/lasentinelle.dz\/index.php\/wp-json\/wp\/v2\/posts"}],"about":[{"href":"https:\/\/lasentinelle.dz\/index.php\/wp-json\/wp\/v2\/types\/post"}],"author":[{"embeddable":true,"href":"https:\/\/lasentinelle.dz\/index.php\/wp-json\/wp\/v2\/users\/3"}],"replies":[{"embeddable":true,"href":"https:\/\/lasentinelle.dz\/index.php\/wp-json\/wp\/v2\/comments?post=52606"}],"version-history":[{"count":1,"href":"https:\/\/lasentinelle.dz\/index.php\/wp-json\/wp\/v2\/posts\/52606\/revisions"}],"predecessor-version":[{"id":52607,"href":"https:\/\/lasentinelle.dz\/index.php\/wp-json\/wp\/v2\/posts\/52606\/revisions\/52607"}],"wp:featuredmedia":[{"embeddable":true,"href":"https:\/\/lasentinelle.dz\/index.php\/wp-json\/wp\/v2\/media\/7876"}],"wp:attachment":[{"href":"https:\/\/lasentinelle.dz\/index.php\/wp-json\/wp\/v2\/media?parent=52606"}],"wp:term":[{"taxonomy":"category","embeddable":true,"href":"https:\/\/lasentinelle.dz\/index.php\/wp-json\/wp\/v2\/categories?post=52606"},{"taxonomy":"post_tag","embeddable":true,"href":"https:\/\/lasentinelle.dz\/index.php\/wp-json\/wp\/v2\/tags?post=52606"}],"curies":[{"name":"wp","href":"https:\/\/api.w.org\/{rel}","templated":true}]}}