{"id":52611,"date":"2024-05-20T14:15:00","date_gmt":"2024-05-20T13:15:00","guid":{"rendered":"https:\/\/lasentinelle.dz\/?p=52611"},"modified":"2024-05-20T14:18:36","modified_gmt":"2024-05-20T13:18:36","slug":"annaba-a-quand-un-nouveau-plan-de-circulation","status":"publish","type":"post","link":"https:\/\/lasentinelle.dz\/index.php\/2024\/05\/20\/annaba-a-quand-un-nouveau-plan-de-circulation\/","title":{"rendered":"Annaba\u00a0: \u00c0 quand un nouveau plan de circulation ?"},"content":{"rendered":"\n<p>Les bouchons paralysent la circulation automobile dans la ville d\u2019Annaba et ses alentours. Des cha\u00eenes ininterrompues de v\u00e9hicules prennent d\u2019assaut les routes et les ruelles du chef-lieu de wilaya, d\u00e8s les premi\u00e8res heures de la matin\u00e9e, en provenance de toutes les communes de la wilaya, mais aussi des wilayas limitrophes. Du stationnement anarchique jusqu\u2019\u00e0 la fermeture de certains axes routiers en passant l\u2019\u00e9tat d\u00e9labr\u00e9 du r\u00e9seau routier, causent des points noirs, et bloquent la circulation dans cette ville. Il faut noter que la ville d&rsquo;Annaba compte pr\u00e8s de 25 carrefours devant subir des traitements. Certains de ces points noirs auraient d\u00fb b\u00e9n\u00e9ficier de feux tricolores, de nouvelles plaques de signalisation ; et d\u2019autres devaient subir des \u00e9largissements de voies. Les points r\u00e9pertori\u00e9s sont suppos\u00e9s subir des modifications plus importantes, telles que la r\u00e9alisation de passages sup\u00e9rieurs ou inf\u00e9rieurs. Or, \u00e0 ce jour rien n\u2019a \u00e9t\u00e9 fait. La derni\u00e8re r\u00e9vision du dernier plan de circulation de la ville d\u2019Annaba remonte \u00e0 plusieurs ann\u00e9es. C\u2019est dire \u00e0 quel point il est aujourd\u2019hui obsol\u00e8te et qu\u2019il est n\u00e9cessaire, de l\u2019avis des automobilistes, de l\u2019actualiser afin de r\u00e9pondre aux normes et aux besoins de la ville. Et pourtant, il est utile de rappeler qu\u2019un nouveau plan de circulation \u00e9tait pr\u00e9vu , et dont l\u2019\u00e9tude avait \u00e9t\u00e9 adopt\u00e9e en 2019 mais\u2026 L\u2019\u00e9tude de ce nouveau plan pr\u00e9voit, outre la lutte contre le stationnement anarchique, un autopont pr\u00e8s du CHU et une tr\u00e9mie au niveau du point giratoire du Pont Blanc et la cit\u00e9 de Beni M\u2019Hafeur o\u00f9 la fluidit\u00e9 de la circulation est \u00e9troitement li\u00e9e aux probl\u00e8mes de stationnement. Cela n\u00e9cessite des travaux colossaux et des investissements financiers \u00e9normes pour la cr\u00e9ation de nouvelles voies et des am\u00e9nagements importants. Dans ce contexte, il faut rappeler que le ministre des Travaux publics a, lors de sa derni\u00e8re visite dans son secteur \u00e0 Annaba, \u00e9t\u00e9 inform\u00e9 de cette situation d\u00e9licate et un plan de circulation lui a \u00e9t\u00e9 pr\u00e9sent\u00e9 avec tous les d\u00e9tails susceptibles d\u2019\u00e9liminer le probl\u00e8me de la circulation routi\u00e8re \u00e0 Annaba. Si bien que le premier responsable du d\u00e9partement des travaux publics n\u2019a pas manifest\u00e9 une n\u00e9gation, il n\u2019a pas \u00e9galement affich\u00e9 une approbation. Toutefois, il a fait savoir qu\u2019un tel projet n\u00e9cessite des investissements que seuls les pouvoirs publics sont habilit\u00e9s \u00e0 d\u00e9cider. Du coup, il a rassur\u00e9 que la question sera prise en charge, mais il ya des priorit\u00e9s qui passent avant. Rappelons que le plan de 2019, l\u2019\u00e9tude pr\u00e9voyait aussi la r\u00e9alisation de parkings \u00e0 \u00e9tages, au niveau de la gare ferroviaire, un autre pr\u00e8s de la station Kouche et augmenter la capacit\u00e9 actuelle du parking Stambouli, car le stationnement anarchique est l\u00e9gion dans le centre-ville. Les autres moyens, pour r\u00e9guler la circulation automobile sont les feux tricolores. L\u2019\u00e9tude a r\u00e9v\u00e9l\u00e9 que les art\u00e8res de la ville sont mal signal\u00e9es et il faut absolument y rem\u00e9dier, en appliquant une signalisation plus adapt\u00e9e. Il s\u2019agit en plus de la lutte contre le commerce informel, qui influe sur l\u2019usage de la route<\/p>\n\n\n\n<p><strong>S<\/strong><strong>. Chahine<\/strong><\/p>\n","protected":false},"excerpt":{"rendered":"<p>Les bouchons paralysent la circulation automobile dans la ville d\u2019Annaba et ses alentours. Des cha\u00eenes ininterrompues de v\u00e9hicules prennent d\u2019assaut<\/p>\n","protected":false},"author":3,"featured_media":31921,"comment_status":"open","ping_status":"closed","sticky":false,"template":"","format":"standard","meta":{"colormag_page_container_layout":"default_layout","colormag_page_sidebar_layout":"default_layout","om_disable_all_campaigns":false,"_monsterinsights_skip_tracking":false,"_monsterinsights_sitenote_active":false,"_monsterinsights_sitenote_note":"","_monsterinsights_sitenote_category":0,"footnotes":"","_wpscppro_dont_share_socialmedia":false,"_wpscppro_custom_social_share_image":0,"_facebook_share_type":"default","_twitter_share_type":"default","_linkedin_share_type":"default","_pinterest_share_type":"default","_linkedin_share_type_page":"","_instagram_share_type":"default","_medium_share_type":"","_threads_share_type":"","_google_business_share_type":"","_selected_social_profile":[],"_wpsp_enable_custom_social_template":false,"_wpsp_social_scheduling":{"enabled":false,"datetime":null,"platforms":[],"status":"template_only","dateOption":"today","timeOption":"now","customDays":"","customHours":"","customDate":"","customTime":"","schedulingType":"absolute"},"_wpsp_active_default_template":true},"categories":[31],"tags":[],"class_list":["post-52611","post","type-post","status-publish","format-standard","has-post-thumbnail","hentry","category-regions"],"aioseo_notices":[],"yoast_head":"<!-- This site is optimized with the Yoast SEO plugin v27.5 - https:\/\/yoast.com\/product\/yoast-seo-wordpress\/ -->\n<title>Annaba\u00a0: \u00c0 quand un nouveau plan de circulation ? - La Sentinelle<\/title>\n<meta name=\"robots\" content=\"index, follow, max-snippet:-1, max-image-preview:large, max-video-preview:-1\" \/>\n<link rel=\"canonical\" href=\"https:\/\/lasentinelle.dz\/index.php\/2024\/05\/20\/annaba-a-quand-un-nouveau-plan-de-circulation\/\" \/>\n<meta property=\"og:locale\" content=\"fr_FR\" \/>\n<meta property=\"og:type\" content=\"article\" \/>\n<meta property=\"og:title\" content=\"Annaba\u00a0: \u00c0 quand un nouveau plan de circulation ? - La Sentinelle\" \/>\n<meta property=\"og:description\" content=\"Les bouchons paralysent la circulation automobile dans la ville d\u2019Annaba et ses alentours. Des cha\u00eenes ininterrompues de v\u00e9hicules prennent d\u2019assaut\" \/>\n<meta property=\"og:url\" content=\"https:\/\/lasentinelle.dz\/index.php\/2024\/05\/20\/annaba-a-quand-un-nouveau-plan-de-circulation\/\" \/>\n<meta property=\"og:site_name\" content=\"La Sentinelle\" \/>\n<meta property=\"article:publisher\" content=\"https:\/\/www.facebook.com\/La-Sentinelle-104059864394773\" \/>\n<meta property=\"article:published_time\" content=\"2024-05-20T13:15:00+00:00\" \/>\n<meta property=\"article:modified_time\" content=\"2024-05-20T13:18:36+00:00\" \/>\n<meta property=\"og:image\" content=\"https:\/\/lasentinelle.dz\/wp-content\/uploads\/2022\/12\/Annaba.png\" \/>\n\t<meta property=\"og:image:width\" content=\"900\" \/>\n\t<meta property=\"og:image:height\" content=\"900\" \/>\n\t<meta property=\"og:image:type\" content=\"image\/png\" \/>\n<meta name=\"author\" content=\"La Sentinelle\" \/>\n<meta name=\"twitter:card\" content=\"summary_large_image\" \/>\n<meta name=\"twitter:label1\" content=\"\u00c9crit par\" \/>\n\t<meta name=\"twitter:data1\" content=\"La Sentinelle\" \/>\n\t<meta name=\"twitter:label2\" content=\"Dur\u00e9e de lecture estim\u00e9e\" \/>\n\t<meta name=\"twitter:data2\" content=\"3 minutes\" \/>\n<script type=\"application\/ld+json\" class=\"yoast-schema-graph\">{\"@context\":\"https:\\\/\\\/schema.org\",\"@graph\":[{\"@type\":\"Article\",\"@id\":\"https:\\\/\\\/lasentinelle.dz\\\/index.php\\\/2024\\\/05\\\/20\\\/annaba-a-quand-un-nouveau-plan-de-circulation\\\/#article\",\"isPartOf\":{\"@id\":\"https:\\\/\\\/lasentinelle.dz\\\/index.php\\\/2024\\\/05\\\/20\\\/annaba-a-quand-un-nouveau-plan-de-circulation\\\/\"},\"author\":{\"name\":\"La Sentinelle\",\"@id\":\"https:\\\/\\\/lasentinelle.dz\\\/#\\\/schema\\\/person\\\/d865044e22e70a75174ce8bcad3acfb3\"},\"headline\":\"Annaba\u00a0: \u00c0 quand un nouveau plan de circulation ?\",\"datePublished\":\"2024-05-20T13:15:00+00:00\",\"dateModified\":\"2024-05-20T13:18:36+00:00\",\"mainEntityOfPage\":{\"@id\":\"https:\\\/\\\/lasentinelle.dz\\\/index.php\\\/2024\\\/05\\\/20\\\/annaba-a-quand-un-nouveau-plan-de-circulation\\\/\"},\"wordCount\":574,\"commentCount\":0,\"publisher\":{\"@id\":\"https:\\\/\\\/lasentinelle.dz\\\/#organization\"},\"image\":{\"@id\":\"https:\\\/\\\/lasentinelle.dz\\\/index.php\\\/2024\\\/05\\\/20\\\/annaba-a-quand-un-nouveau-plan-de-circulation\\\/#primaryimage\"},\"thumbnailUrl\":\"https:\\\/\\\/lasentinelle.dz\\\/wp-content\\\/uploads\\\/2022\\\/12\\\/Annaba.png\",\"articleSection\":[\"R\u00e9gions\"],\"inLanguage\":\"fr-FR\",\"potentialAction\":[{\"@type\":\"CommentAction\",\"name\":\"Comment\",\"target\":[\"https:\\\/\\\/lasentinelle.dz\\\/index.php\\\/2024\\\/05\\\/20\\\/annaba-a-quand-un-nouveau-plan-de-circulation\\\/#respond\"]}]},{\"@type\":\"WebPage\",\"@id\":\"https:\\\/\\\/lasentinelle.dz\\\/index.php\\\/2024\\\/05\\\/20\\\/annaba-a-quand-un-nouveau-plan-de-circulation\\\/\",\"url\":\"https:\\\/\\\/lasentinelle.dz\\\/index.php\\\/2024\\\/05\\\/20\\\/annaba-a-quand-un-nouveau-plan-de-circulation\\\/\",\"name\":\"Annaba\u00a0: \u00c0 quand un nouveau plan de circulation ? - La Sentinelle\",\"isPartOf\":{\"@id\":\"https:\\\/\\\/lasentinelle.dz\\\/#website\"},\"primaryImageOfPage\":{\"@id\":\"https:\\\/\\\/lasentinelle.dz\\\/index.php\\\/2024\\\/05\\\/20\\\/annaba-a-quand-un-nouveau-plan-de-circulation\\\/#primaryimage\"},\"image\":{\"@id\":\"https:\\\/\\\/lasentinelle.dz\\\/index.php\\\/2024\\\/05\\\/20\\\/annaba-a-quand-un-nouveau-plan-de-circulation\\\/#primaryimage\"},\"thumbnailUrl\":\"https:\\\/\\\/lasentinelle.dz\\\/wp-content\\\/uploads\\\/2022\\\/12\\\/Annaba.png\",\"datePublished\":\"2024-05-20T13:15:00+00:00\",\"dateModified\":\"2024-05-20T13:18:36+00:00\",\"breadcrumb\":{\"@id\":\"https:\\\/\\\/lasentinelle.dz\\\/index.php\\\/2024\\\/05\\\/20\\\/annaba-a-quand-un-nouveau-plan-de-circulation\\\/#breadcrumb\"},\"inLanguage\":\"fr-FR\",\"potentialAction\":[{\"@type\":\"ReadAction\",\"target\":[\"https:\\\/\\\/lasentinelle.dz\\\/index.php\\\/2024\\\/05\\\/20\\\/annaba-a-quand-un-nouveau-plan-de-circulation\\\/\"]}]},{\"@type\":\"ImageObject\",\"inLanguage\":\"fr-FR\",\"@id\":\"https:\\\/\\\/lasentinelle.dz\\\/index.php\\\/2024\\\/05\\\/20\\\/annaba-a-quand-un-nouveau-plan-de-circulation\\\/#primaryimage\",\"url\":\"https:\\\/\\\/lasentinelle.dz\\\/wp-content\\\/uploads\\\/2022\\\/12\\\/Annaba.png\",\"contentUrl\":\"https:\\\/\\\/lasentinelle.dz\\\/wp-content\\\/uploads\\\/2022\\\/12\\\/Annaba.png\",\"width\":900,\"height\":900},{\"@type\":\"BreadcrumbList\",\"@id\":\"https:\\\/\\\/lasentinelle.dz\\\/index.php\\\/2024\\\/05\\\/20\\\/annaba-a-quand-un-nouveau-plan-de-circulation\\\/#breadcrumb\",\"itemListElement\":[{\"@type\":\"ListItem\",\"position\":1,\"name\":\"Accueil\",\"item\":\"https:\\\/\\\/lasentinelle.dz\\\/\"},{\"@type\":\"ListItem\",\"position\":2,\"name\":\"Annaba\u00a0: \u00c0 quand un nouveau plan de circulation ?\"}]},{\"@type\":\"WebSite\",\"@id\":\"https:\\\/\\\/lasentinelle.dz\\\/#website\",\"url\":\"https:\\\/\\\/lasentinelle.dz\\\/\",\"name\":\"La Sentinelle\",\"description\":\"Quotidien national d&#039;information\",\"publisher\":{\"@id\":\"https:\\\/\\\/lasentinelle.dz\\\/#organization\"},\"potentialAction\":[{\"@type\":\"SearchAction\",\"target\":{\"@type\":\"EntryPoint\",\"urlTemplate\":\"https:\\\/\\\/lasentinelle.dz\\\/?s={search_term_string}\"},\"query-input\":{\"@type\":\"PropertyValueSpecification\",\"valueRequired\":true,\"valueName\":\"search_term_string\"}}],\"inLanguage\":\"fr-FR\"},{\"@type\":\"Organization\",\"@id\":\"https:\\\/\\\/lasentinelle.dz\\\/#organization\",\"name\":\"Quotidien La Sentinelle\",\"url\":\"https:\\\/\\\/lasentinelle.dz\\\/\",\"logo\":{\"@type\":\"ImageObject\",\"inLanguage\":\"fr-FR\",\"@id\":\"https:\\\/\\\/lasentinelle.dz\\\/#\\\/schema\\\/logo\\\/image\\\/\",\"url\":\"https:\\\/\\\/lasentinelle.dz\\\/wp-content\\\/uploads\\\/2021\\\/09\\\/logo-sentinelleSLOGAN-1.png\",\"contentUrl\":\"https:\\\/\\\/lasentinelle.dz\\\/wp-content\\\/uploads\\\/2021\\\/09\\\/logo-sentinelleSLOGAN-1.png\",\"width\":615,\"height\":142,\"caption\":\"Quotidien La Sentinelle\"},\"image\":{\"@id\":\"https:\\\/\\\/lasentinelle.dz\\\/#\\\/schema\\\/logo\\\/image\\\/\"},\"sameAs\":[\"https:\\\/\\\/www.facebook.com\\\/La-Sentinelle-104059864394773\"]},{\"@type\":\"Person\",\"@id\":\"https:\\\/\\\/lasentinelle.dz\\\/#\\\/schema\\\/person\\\/d865044e22e70a75174ce8bcad3acfb3\",\"name\":\"La Sentinelle\",\"image\":{\"@type\":\"ImageObject\",\"inLanguage\":\"fr-FR\",\"@id\":\"https:\\\/\\\/secure.gravatar.com\\\/avatar\\\/57de8e5d4b15d43fb361a71fbb36338450fe67865b528a43dd10ef7c51a20392?s=96&d=mm&r=g\",\"url\":\"https:\\\/\\\/secure.gravatar.com\\\/avatar\\\/57de8e5d4b15d43fb361a71fbb36338450fe67865b528a43dd10ef7c51a20392?s=96&d=mm&r=g\",\"contentUrl\":\"https:\\\/\\\/secure.gravatar.com\\\/avatar\\\/57de8e5d4b15d43fb361a71fbb36338450fe67865b528a43dd10ef7c51a20392?s=96&d=mm&r=g\",\"caption\":\"La Sentinelle\"},\"sameAs\":[\"http:\\\/\\\/www.lasentinelle.dz\"],\"url\":\"https:\\\/\\\/lasentinelle.dz\\\/author\\\/redaction\\\/\"}]}<\/script>\n<!-- \/ Yoast SEO plugin. -->","yoast_head_json":{"title":"Annaba\u00a0: \u00c0 quand un nouveau plan de circulation ? - La Sentinelle","robots":{"index":"index","follow":"follow","max-snippet":"max-snippet:-1","max-image-preview":"max-image-preview:large","max-video-preview":"max-video-preview:-1"},"canonical":"https:\/\/lasentinelle.dz\/index.php\/2024\/05\/20\/annaba-a-quand-un-nouveau-plan-de-circulation\/","og_locale":"fr_FR","og_type":"article","og_title":"Annaba\u00a0: \u00c0 quand un nouveau plan de circulation ? - La Sentinelle","og_description":"Les bouchons paralysent la circulation automobile dans la ville d\u2019Annaba et ses alentours. Des cha\u00eenes ininterrompues de v\u00e9hicules prennent d\u2019assaut","og_url":"https:\/\/lasentinelle.dz\/index.php\/2024\/05\/20\/annaba-a-quand-un-nouveau-plan-de-circulation\/","og_site_name":"La Sentinelle","article_publisher":"https:\/\/www.facebook.com\/La-Sentinelle-104059864394773","article_published_time":"2024-05-20T13:15:00+00:00","article_modified_time":"2024-05-20T13:18:36+00:00","og_image":[{"width":900,"height":900,"url":"https:\/\/lasentinelle.dz\/wp-content\/uploads\/2022\/12\/Annaba.png","type":"image\/png"}],"author":"La Sentinelle","twitter_card":"summary_large_image","twitter_misc":{"\u00c9crit par":"La Sentinelle","Dur\u00e9e de lecture estim\u00e9e":"3 minutes"},"schema":{"@context":"https:\/\/schema.org","@graph":[{"@type":"Article","@id":"https:\/\/lasentinelle.dz\/index.php\/2024\/05\/20\/annaba-a-quand-un-nouveau-plan-de-circulation\/#article","isPartOf":{"@id":"https:\/\/lasentinelle.dz\/index.php\/2024\/05\/20\/annaba-a-quand-un-nouveau-plan-de-circulation\/"},"author":{"name":"La Sentinelle","@id":"https:\/\/lasentinelle.dz\/#\/schema\/person\/d865044e22e70a75174ce8bcad3acfb3"},"headline":"Annaba\u00a0: \u00c0 quand un nouveau plan de circulation ?","datePublished":"2024-05-20T13:15:00+00:00","dateModified":"2024-05-20T13:18:36+00:00","mainEntityOfPage":{"@id":"https:\/\/lasentinelle.dz\/index.php\/2024\/05\/20\/annaba-a-quand-un-nouveau-plan-de-circulation\/"},"wordCount":574,"commentCount":0,"publisher":{"@id":"https:\/\/lasentinelle.dz\/#organization"},"image":{"@id":"https:\/\/lasentinelle.dz\/index.php\/2024\/05\/20\/annaba-a-quand-un-nouveau-plan-de-circulation\/#primaryimage"},"thumbnailUrl":"https:\/\/lasentinelle.dz\/wp-content\/uploads\/2022\/12\/Annaba.png","articleSection":["R\u00e9gions"],"inLanguage":"fr-FR","potentialAction":[{"@type":"CommentAction","name":"Comment","target":["https:\/\/lasentinelle.dz\/index.php\/2024\/05\/20\/annaba-a-quand-un-nouveau-plan-de-circulation\/#respond"]}]},{"@type":"WebPage","@id":"https:\/\/lasentinelle.dz\/index.php\/2024\/05\/20\/annaba-a-quand-un-nouveau-plan-de-circulation\/","url":"https:\/\/lasentinelle.dz\/index.php\/2024\/05\/20\/annaba-a-quand-un-nouveau-plan-de-circulation\/","name":"Annaba\u00a0: \u00c0 quand un nouveau plan de circulation ? - La Sentinelle","isPartOf":{"@id":"https:\/\/lasentinelle.dz\/#website"},"primaryImageOfPage":{"@id":"https:\/\/lasentinelle.dz\/index.php\/2024\/05\/20\/annaba-a-quand-un-nouveau-plan-de-circulation\/#primaryimage"},"image":{"@id":"https:\/\/lasentinelle.dz\/index.php\/2024\/05\/20\/annaba-a-quand-un-nouveau-plan-de-circulation\/#primaryimage"},"thumbnailUrl":"https:\/\/lasentinelle.dz\/wp-content\/uploads\/2022\/12\/Annaba.png","datePublished":"2024-05-20T13:15:00+00:00","dateModified":"2024-05-20T13:18:36+00:00","breadcrumb":{"@id":"https:\/\/lasentinelle.dz\/index.php\/2024\/05\/20\/annaba-a-quand-un-nouveau-plan-de-circulation\/#breadcrumb"},"inLanguage":"fr-FR","potentialAction":[{"@type":"ReadAction","target":["https:\/\/lasentinelle.dz\/index.php\/2024\/05\/20\/annaba-a-quand-un-nouveau-plan-de-circulation\/"]}]},{"@type":"ImageObject","inLanguage":"fr-FR","@id":"https:\/\/lasentinelle.dz\/index.php\/2024\/05\/20\/annaba-a-quand-un-nouveau-plan-de-circulation\/#primaryimage","url":"https:\/\/lasentinelle.dz\/wp-content\/uploads\/2022\/12\/Annaba.png","contentUrl":"https:\/\/lasentinelle.dz\/wp-content\/uploads\/2022\/12\/Annaba.png","width":900,"height":900},{"@type":"BreadcrumbList","@id":"https:\/\/lasentinelle.dz\/index.php\/2024\/05\/20\/annaba-a-quand-un-nouveau-plan-de-circulation\/#breadcrumb","itemListElement":[{"@type":"ListItem","position":1,"name":"Accueil","item":"https:\/\/lasentinelle.dz\/"},{"@type":"ListItem","position":2,"name":"Annaba\u00a0: \u00c0 quand un nouveau plan de circulation ?"}]},{"@type":"WebSite","@id":"https:\/\/lasentinelle.dz\/#website","url":"https:\/\/lasentinelle.dz\/","name":"La Sentinelle","description":"Quotidien national d&#039;information","publisher":{"@id":"https:\/\/lasentinelle.dz\/#organization"},"potentialAction":[{"@type":"SearchAction","target":{"@type":"EntryPoint","urlTemplate":"https:\/\/lasentinelle.dz\/?s={search_term_string}"},"query-input":{"@type":"PropertyValueSpecification","valueRequired":true,"valueName":"search_term_string"}}],"inLanguage":"fr-FR"},{"@type":"Organization","@id":"https:\/\/lasentinelle.dz\/#organization","name":"Quotidien La Sentinelle","url":"https:\/\/lasentinelle.dz\/","logo":{"@type":"ImageObject","inLanguage":"fr-FR","@id":"https:\/\/lasentinelle.dz\/#\/schema\/logo\/image\/","url":"https:\/\/lasentinelle.dz\/wp-content\/uploads\/2021\/09\/logo-sentinelleSLOGAN-1.png","contentUrl":"https:\/\/lasentinelle.dz\/wp-content\/uploads\/2021\/09\/logo-sentinelleSLOGAN-1.png","width":615,"height":142,"caption":"Quotidien La Sentinelle"},"image":{"@id":"https:\/\/lasentinelle.dz\/#\/schema\/logo\/image\/"},"sameAs":["https:\/\/www.facebook.com\/La-Sentinelle-104059864394773"]},{"@type":"Person","@id":"https:\/\/lasentinelle.dz\/#\/schema\/person\/d865044e22e70a75174ce8bcad3acfb3","name":"La Sentinelle","image":{"@type":"ImageObject","inLanguage":"fr-FR","@id":"https:\/\/secure.gravatar.com\/avatar\/57de8e5d4b15d43fb361a71fbb36338450fe67865b528a43dd10ef7c51a20392?s=96&d=mm&r=g","url":"https:\/\/secure.gravatar.com\/avatar\/57de8e5d4b15d43fb361a71fbb36338450fe67865b528a43dd10ef7c51a20392?s=96&d=mm&r=g","contentUrl":"https:\/\/secure.gravatar.com\/avatar\/57de8e5d4b15d43fb361a71fbb36338450fe67865b528a43dd10ef7c51a20392?s=96&d=mm&r=g","caption":"La Sentinelle"},"sameAs":["http:\/\/www.lasentinelle.dz"],"url":"https:\/\/lasentinelle.dz\/author\/redaction\/"}]}},"_links":{"self":[{"href":"https:\/\/lasentinelle.dz\/index.php\/wp-json\/wp\/v2\/posts\/52611","targetHints":{"allow":["GET"]}}],"collection":[{"href":"https:\/\/lasentinelle.dz\/index.php\/wp-json\/wp\/v2\/posts"}],"about":[{"href":"https:\/\/lasentinelle.dz\/index.php\/wp-json\/wp\/v2\/types\/post"}],"author":[{"embeddable":true,"href":"https:\/\/lasentinelle.dz\/index.php\/wp-json\/wp\/v2\/users\/3"}],"replies":[{"embeddable":true,"href":"https:\/\/lasentinelle.dz\/index.php\/wp-json\/wp\/v2\/comments?post=52611"}],"version-history":[{"count":1,"href":"https:\/\/lasentinelle.dz\/index.php\/wp-json\/wp\/v2\/posts\/52611\/revisions"}],"predecessor-version":[{"id":52612,"href":"https:\/\/lasentinelle.dz\/index.php\/wp-json\/wp\/v2\/posts\/52611\/revisions\/52612"}],"wp:featuredmedia":[{"embeddable":true,"href":"https:\/\/lasentinelle.dz\/index.php\/wp-json\/wp\/v2\/media\/31921"}],"wp:attachment":[{"href":"https:\/\/lasentinelle.dz\/index.php\/wp-json\/wp\/v2\/media?parent=52611"}],"wp:term":[{"taxonomy":"category","embeddable":true,"href":"https:\/\/lasentinelle.dz\/index.php\/wp-json\/wp\/v2\/categories?post=52611"},{"taxonomy":"post_tag","embeddable":true,"href":"https:\/\/lasentinelle.dz\/index.php\/wp-json\/wp\/v2\/tags?post=52611"}],"curies":[{"name":"wp","href":"https:\/\/api.w.org\/{rel}","templated":true}]}}