{"id":52636,"date":"2024-05-21T14:59:39","date_gmt":"2024-05-21T13:59:39","guid":{"rendered":"https:\/\/lasentinelle.dz\/?p=52636"},"modified":"2024-05-21T14:59:45","modified_gmt":"2024-05-21T13:59:45","slug":"sahara-occidental-le-codesa-denonce-la-repression-exercee-par-loccupation-marocaines","status":"publish","type":"post","link":"https:\/\/lasentinelle.dz\/index.php\/2024\/05\/21\/sahara-occidental-le-codesa-denonce-la-repression-exercee-par-loccupation-marocaines\/","title":{"rendered":"Sahara occidental\u00a0: Le CODESA d\u00e9nonce la r\u00e9pression exerc\u00e9e par l&rsquo;occupation marocaines"},"content":{"rendered":"\n<p>Le Collectif des d\u00e9fenseurs des droits de l&rsquo;Homme au Sahara occidental (CODESA) a d\u00e9nonc\u00e9, lundi, \u00ab\u00a0la pression et la r\u00e9pression continues exerc\u00e9es par les forces d&rsquo;occupation marocaines contre les d\u00e9fenseurs des droits humains au Sahara occidental\u00a0\u00bb occup\u00e9.<\/p>\n\n\n\n<p>Selon ce collectif, les forces d&rsquo;occupation marocaines assi\u00e8gent depuis une dizaine de jours, la maison du d\u00e9fenseur sahraoui des droits humains et ancien prisonnier d&rsquo;opinion, Ali Salem Tamek, dans la ville occup\u00e9e de La\u00e2youne. Le CODESA indique, \u00e0 ce titre, que le si\u00e8ge de la maison d&rsquo;Ali Salem Tamek, depuis le 10 mai, par des policiers et de nombreux membres des autres corps de s\u00e9curit\u00e9 marocains a \u00e9t\u00e9 d\u00e9clench\u00e9 par la tentative d&rsquo;un groupe de militants du Front Polisario de c\u00e9l\u00e9brer le 51\u00e8me anniversaire de sa cr\u00e9ation. \u00ab\u00a0Bien que ces militants aient renonc\u00e9 \u00e0 cette c\u00e9l\u00e9bration, les forces d&rsquo;occupation marocaines ont maintenu le si\u00e8ge de la maison d&rsquo;Ali Salem Tamek, rest\u00e9e depuis, sous stricte surveillance\u00a0\u00bb, a ajout\u00e9 le CODESA, relevant que Tamek, \u00e9galement pr\u00e9sident du CODESA, se trouve dans les camps des r\u00e9fugi\u00e9s sahraouis dans le cadre de ses activit\u00e9s en tant que militant des droits humains. Le Collectif indique \u00e9galement qu&rsquo;il y a quelques jours, le 13 mai 2024, les forces d&rsquo;occupation marocaines ont emp\u00each\u00e9 la famille du d\u00e9fenseur sahraoui des droits humains Hussain Moujahid d&rsquo;installer une salle de r\u00e9ception pour accueillir les invit\u00e9s \u00e0 la c\u00e9r\u00e9monie qu&rsquo;elle comptait organiser en l&rsquo;honneur de leur fille, nouveau n\u00e9e. \u00ab\u00a0La r\u00e9sidence de la famille Hussain Moujahid est situ\u00e9e dans le m\u00eame immeuble que celle d&rsquo;Ali Salem Tamek, ce qui sugg\u00e8re une coordination dans les actions des forces d&rsquo;occupation marocaines pour limiter les activit\u00e9s sociales et c\u00e9r\u00e9monielles des familles sahraouies d\u00e9fendant les droits de l&rsquo;homme\u00a0\u00bb, a fait remarquer le CODESA. Pour le Collectif des d\u00e9fenseurs sahraouis des droits de l&rsquo;homme au Sahara occidental, ces actions \u00ab\u00a0jettent la lumi\u00e8re sur les conditions difficiles dans lesquelles op\u00e8rent les militants sahraouis et la violation syst\u00e9matique de leurs droits\u00a0\u00bb. Fin avril, une mission diplomatique des pays scandinaves s&rsquo;est enquis de la situation des droits de l&rsquo;Homme au Sahara occidental occup\u00e9, marqu\u00e9e par \u00ab\u00a0des violations de plus en plus graves et la poursuite par l&rsquo;occupant marocain de la politique de r\u00e9pression \u00e0 l&rsquo;encontre des civils sahraouis\u00a0\u00bb, avait indiqu\u00e9 le CODESA. Lors d&rsquo;une rencontre organis\u00e9e \u00e0 la r\u00e9sidence d&rsquo;Ali Salem Tamek, le Collectif a pr\u00e9sent\u00e9 \u00ab\u00a0la situation des droits de l&rsquo;Homme dans la partie occup\u00e9e du Sahara occidental, dans le contexte des souffrances qu&rsquo;endurent les civils sahraouis comme crimes de guerre, d&rsquo;extermination et crimes contre l&rsquo;Humanit\u00e9\u00a0\u00bb. La rencontre a \u00e9t\u00e9 \u00e9galement l&rsquo;occasion pour le CODESA de remettre \u00e0 la d\u00e9l\u00e9gation des pays scandinaves des rapports soulignant \u00ab\u00a0la d\u00e9t\u00e9rioration de la situation des droits de l&rsquo;homme dans les territoires occup\u00e9s du Sahara occidental\u00a0\u00bb, et des correspondances exhortant \u00ab\u00a0la communaut\u00e9 internationale \u00e0 intervenir en urgence pour permettre au peuple sahraoui d&rsquo;exercer son droit \u00e0 l&rsquo;autod\u00e9termination et sa souverainet\u00e9 sur ses ressources naturelles\u00a0\u00bb, ainsi qu&rsquo;\u00e0 \u00ab\u00a0contribuer activement \u00e0 la lib\u00e9ration de tous les d\u00e9tenus politiques sahraouis qui croupissent dans les prisons marocaines\u00a0\u00bb.<\/p>\n\n\n\n<p>APS<\/p>\n","protected":false},"excerpt":{"rendered":"<p>Le Collectif des d\u00e9fenseurs des droits de l&rsquo;Homme au Sahara occidental (CODESA) a d\u00e9nonc\u00e9, lundi, \u00ab\u00a0la pression et la r\u00e9pression<\/p>\n","protected":false},"author":3,"featured_media":52637,"comment_status":"open","ping_status":"closed","sticky":false,"template":"","format":"standard","meta":{"colormag_page_container_layout":"default_layout","colormag_page_sidebar_layout":"default_layout","om_disable_all_campaigns":false,"_monsterinsights_skip_tracking":false,"_monsterinsights_sitenote_active":false,"_monsterinsights_sitenote_note":"","_monsterinsights_sitenote_category":0,"footnotes":"","_wpscppro_dont_share_socialmedia":false,"_wpscppro_custom_social_share_image":0,"_facebook_share_type":"default","_twitter_share_type":"default","_linkedin_share_type":"default","_pinterest_share_type":"default","_linkedin_share_type_page":"","_instagram_share_type":"default","_medium_share_type":"","_threads_share_type":"","_google_business_share_type":"","_selected_social_profile":[],"_wpsp_enable_custom_social_template":false,"_wpsp_social_scheduling":{"enabled":false,"datetime":null,"platforms":[],"status":"template_only","dateOption":"today","timeOption":"now","customDays":"","customHours":"","customDate":"","customTime":"","schedulingType":"absolute"},"_wpsp_active_default_template":true},"categories":[37],"tags":[],"class_list":["post-52636","post","type-post","status-publish","format-standard","has-post-thumbnail","hentry","category-monde"],"aioseo_notices":[],"yoast_head":"<!-- This site is optimized with the Yoast SEO plugin v27.5 - https:\/\/yoast.com\/product\/yoast-seo-wordpress\/ -->\n<title>Sahara occidental\u00a0: Le CODESA d\u00e9nonce la r\u00e9pression exerc\u00e9e par l&rsquo;occupation marocaines - La Sentinelle<\/title>\n<meta name=\"robots\" content=\"index, follow, max-snippet:-1, max-image-preview:large, max-video-preview:-1\" \/>\n<link rel=\"canonical\" href=\"https:\/\/lasentinelle.dz\/index.php\/2024\/05\/21\/sahara-occidental-le-codesa-denonce-la-repression-exercee-par-loccupation-marocaines\/\" \/>\n<meta property=\"og:locale\" content=\"fr_FR\" \/>\n<meta property=\"og:type\" content=\"article\" \/>\n<meta property=\"og:title\" content=\"Sahara occidental\u00a0: Le CODESA d\u00e9nonce la r\u00e9pression exerc\u00e9e par l&rsquo;occupation marocaines - La Sentinelle\" \/>\n<meta property=\"og:description\" content=\"Le Collectif des d\u00e9fenseurs des droits de l&rsquo;Homme au Sahara occidental (CODESA) a d\u00e9nonc\u00e9, lundi, \u00ab\u00a0la pression et la r\u00e9pression\" \/>\n<meta property=\"og:url\" content=\"https:\/\/lasentinelle.dz\/index.php\/2024\/05\/21\/sahara-occidental-le-codesa-denonce-la-repression-exercee-par-loccupation-marocaines\/\" \/>\n<meta property=\"og:site_name\" content=\"La Sentinelle\" \/>\n<meta property=\"article:publisher\" content=\"https:\/\/www.facebook.com\/La-Sentinelle-104059864394773\" \/>\n<meta property=\"article:published_time\" content=\"2024-05-21T13:59:39+00:00\" \/>\n<meta property=\"article:modified_time\" content=\"2024-05-21T13:59:45+00:00\" \/>\n<meta property=\"og:image\" content=\"https:\/\/lasentinelle.dz\/wp-content\/uploads\/2024\/05\/repression-marocaine.jpeg\" \/>\n\t<meta property=\"og:image:width\" content=\"745\" \/>\n\t<meta property=\"og:image:height\" content=\"470\" \/>\n\t<meta property=\"og:image:type\" content=\"image\/jpeg\" \/>\n<meta name=\"author\" content=\"La Sentinelle\" \/>\n<meta name=\"twitter:card\" content=\"summary_large_image\" \/>\n<meta name=\"twitter:label1\" content=\"\u00c9crit par\" \/>\n\t<meta name=\"twitter:data1\" content=\"La Sentinelle\" \/>\n\t<meta name=\"twitter:label2\" content=\"Dur\u00e9e de lecture estim\u00e9e\" \/>\n\t<meta name=\"twitter:data2\" content=\"3 minutes\" \/>\n<script type=\"application\/ld+json\" class=\"yoast-schema-graph\">{\"@context\":\"https:\\\/\\\/schema.org\",\"@graph\":[{\"@type\":\"Article\",\"@id\":\"https:\\\/\\\/lasentinelle.dz\\\/index.php\\\/2024\\\/05\\\/21\\\/sahara-occidental-le-codesa-denonce-la-repression-exercee-par-loccupation-marocaines\\\/#article\",\"isPartOf\":{\"@id\":\"https:\\\/\\\/lasentinelle.dz\\\/index.php\\\/2024\\\/05\\\/21\\\/sahara-occidental-le-codesa-denonce-la-repression-exercee-par-loccupation-marocaines\\\/\"},\"author\":{\"name\":\"La Sentinelle\",\"@id\":\"https:\\\/\\\/lasentinelle.dz\\\/#\\\/schema\\\/person\\\/d865044e22e70a75174ce8bcad3acfb3\"},\"headline\":\"Sahara occidental\u00a0: Le CODESA d\u00e9nonce la r\u00e9pression exerc\u00e9e par l&rsquo;occupation marocaines\",\"datePublished\":\"2024-05-21T13:59:39+00:00\",\"dateModified\":\"2024-05-21T13:59:45+00:00\",\"mainEntityOfPage\":{\"@id\":\"https:\\\/\\\/lasentinelle.dz\\\/index.php\\\/2024\\\/05\\\/21\\\/sahara-occidental-le-codesa-denonce-la-repression-exercee-par-loccupation-marocaines\\\/\"},\"wordCount\":590,\"commentCount\":0,\"publisher\":{\"@id\":\"https:\\\/\\\/lasentinelle.dz\\\/#organization\"},\"image\":{\"@id\":\"https:\\\/\\\/lasentinelle.dz\\\/index.php\\\/2024\\\/05\\\/21\\\/sahara-occidental-le-codesa-denonce-la-repression-exercee-par-loccupation-marocaines\\\/#primaryimage\"},\"thumbnailUrl\":\"https:\\\/\\\/lasentinelle.dz\\\/wp-content\\\/uploads\\\/2024\\\/05\\\/repression-marocaine.jpeg\",\"articleSection\":[\"Monde\"],\"inLanguage\":\"fr-FR\",\"potentialAction\":[{\"@type\":\"CommentAction\",\"name\":\"Comment\",\"target\":[\"https:\\\/\\\/lasentinelle.dz\\\/index.php\\\/2024\\\/05\\\/21\\\/sahara-occidental-le-codesa-denonce-la-repression-exercee-par-loccupation-marocaines\\\/#respond\"]}]},{\"@type\":\"WebPage\",\"@id\":\"https:\\\/\\\/lasentinelle.dz\\\/index.php\\\/2024\\\/05\\\/21\\\/sahara-occidental-le-codesa-denonce-la-repression-exercee-par-loccupation-marocaines\\\/\",\"url\":\"https:\\\/\\\/lasentinelle.dz\\\/index.php\\\/2024\\\/05\\\/21\\\/sahara-occidental-le-codesa-denonce-la-repression-exercee-par-loccupation-marocaines\\\/\",\"name\":\"Sahara occidental\u00a0: Le CODESA d\u00e9nonce la r\u00e9pression exerc\u00e9e par l&rsquo;occupation marocaines - La Sentinelle\",\"isPartOf\":{\"@id\":\"https:\\\/\\\/lasentinelle.dz\\\/#website\"},\"primaryImageOfPage\":{\"@id\":\"https:\\\/\\\/lasentinelle.dz\\\/index.php\\\/2024\\\/05\\\/21\\\/sahara-occidental-le-codesa-denonce-la-repression-exercee-par-loccupation-marocaines\\\/#primaryimage\"},\"image\":{\"@id\":\"https:\\\/\\\/lasentinelle.dz\\\/index.php\\\/2024\\\/05\\\/21\\\/sahara-occidental-le-codesa-denonce-la-repression-exercee-par-loccupation-marocaines\\\/#primaryimage\"},\"thumbnailUrl\":\"https:\\\/\\\/lasentinelle.dz\\\/wp-content\\\/uploads\\\/2024\\\/05\\\/repression-marocaine.jpeg\",\"datePublished\":\"2024-05-21T13:59:39+00:00\",\"dateModified\":\"2024-05-21T13:59:45+00:00\",\"breadcrumb\":{\"@id\":\"https:\\\/\\\/lasentinelle.dz\\\/index.php\\\/2024\\\/05\\\/21\\\/sahara-occidental-le-codesa-denonce-la-repression-exercee-par-loccupation-marocaines\\\/#breadcrumb\"},\"inLanguage\":\"fr-FR\",\"potentialAction\":[{\"@type\":\"ReadAction\",\"target\":[\"https:\\\/\\\/lasentinelle.dz\\\/index.php\\\/2024\\\/05\\\/21\\\/sahara-occidental-le-codesa-denonce-la-repression-exercee-par-loccupation-marocaines\\\/\"]}]},{\"@type\":\"ImageObject\",\"inLanguage\":\"fr-FR\",\"@id\":\"https:\\\/\\\/lasentinelle.dz\\\/index.php\\\/2024\\\/05\\\/21\\\/sahara-occidental-le-codesa-denonce-la-repression-exercee-par-loccupation-marocaines\\\/#primaryimage\",\"url\":\"https:\\\/\\\/lasentinelle.dz\\\/wp-content\\\/uploads\\\/2024\\\/05\\\/repression-marocaine.jpeg\",\"contentUrl\":\"https:\\\/\\\/lasentinelle.dz\\\/wp-content\\\/uploads\\\/2024\\\/05\\\/repression-marocaine.jpeg\",\"width\":745,\"height\":470},{\"@type\":\"BreadcrumbList\",\"@id\":\"https:\\\/\\\/lasentinelle.dz\\\/index.php\\\/2024\\\/05\\\/21\\\/sahara-occidental-le-codesa-denonce-la-repression-exercee-par-loccupation-marocaines\\\/#breadcrumb\",\"itemListElement\":[{\"@type\":\"ListItem\",\"position\":1,\"name\":\"Accueil\",\"item\":\"https:\\\/\\\/lasentinelle.dz\\\/\"},{\"@type\":\"ListItem\",\"position\":2,\"name\":\"Sahara occidental\u00a0: Le CODESA d\u00e9nonce la r\u00e9pression exerc\u00e9e par l&rsquo;occupation marocaines\"}]},{\"@type\":\"WebSite\",\"@id\":\"https:\\\/\\\/lasentinelle.dz\\\/#website\",\"url\":\"https:\\\/\\\/lasentinelle.dz\\\/\",\"name\":\"La Sentinelle\",\"description\":\"Quotidien national d&#039;information\",\"publisher\":{\"@id\":\"https:\\\/\\\/lasentinelle.dz\\\/#organization\"},\"potentialAction\":[{\"@type\":\"SearchAction\",\"target\":{\"@type\":\"EntryPoint\",\"urlTemplate\":\"https:\\\/\\\/lasentinelle.dz\\\/?s={search_term_string}\"},\"query-input\":{\"@type\":\"PropertyValueSpecification\",\"valueRequired\":true,\"valueName\":\"search_term_string\"}}],\"inLanguage\":\"fr-FR\"},{\"@type\":\"Organization\",\"@id\":\"https:\\\/\\\/lasentinelle.dz\\\/#organization\",\"name\":\"Quotidien La Sentinelle\",\"url\":\"https:\\\/\\\/lasentinelle.dz\\\/\",\"logo\":{\"@type\":\"ImageObject\",\"inLanguage\":\"fr-FR\",\"@id\":\"https:\\\/\\\/lasentinelle.dz\\\/#\\\/schema\\\/logo\\\/image\\\/\",\"url\":\"https:\\\/\\\/lasentinelle.dz\\\/wp-content\\\/uploads\\\/2021\\\/09\\\/logo-sentinelleSLOGAN-1.png\",\"contentUrl\":\"https:\\\/\\\/lasentinelle.dz\\\/wp-content\\\/uploads\\\/2021\\\/09\\\/logo-sentinelleSLOGAN-1.png\",\"width\":615,\"height\":142,\"caption\":\"Quotidien La Sentinelle\"},\"image\":{\"@id\":\"https:\\\/\\\/lasentinelle.dz\\\/#\\\/schema\\\/logo\\\/image\\\/\"},\"sameAs\":[\"https:\\\/\\\/www.facebook.com\\\/La-Sentinelle-104059864394773\"]},{\"@type\":\"Person\",\"@id\":\"https:\\\/\\\/lasentinelle.dz\\\/#\\\/schema\\\/person\\\/d865044e22e70a75174ce8bcad3acfb3\",\"name\":\"La Sentinelle\",\"image\":{\"@type\":\"ImageObject\",\"inLanguage\":\"fr-FR\",\"@id\":\"https:\\\/\\\/secure.gravatar.com\\\/avatar\\\/57de8e5d4b15d43fb361a71fbb36338450fe67865b528a43dd10ef7c51a20392?s=96&d=mm&r=g\",\"url\":\"https:\\\/\\\/secure.gravatar.com\\\/avatar\\\/57de8e5d4b15d43fb361a71fbb36338450fe67865b528a43dd10ef7c51a20392?s=96&d=mm&r=g\",\"contentUrl\":\"https:\\\/\\\/secure.gravatar.com\\\/avatar\\\/57de8e5d4b15d43fb361a71fbb36338450fe67865b528a43dd10ef7c51a20392?s=96&d=mm&r=g\",\"caption\":\"La Sentinelle\"},\"sameAs\":[\"http:\\\/\\\/www.lasentinelle.dz\"],\"url\":\"https:\\\/\\\/lasentinelle.dz\\\/author\\\/redaction\\\/\"}]}<\/script>\n<!-- \/ Yoast SEO plugin. -->","yoast_head_json":{"title":"Sahara occidental\u00a0: Le CODESA d\u00e9nonce la r\u00e9pression exerc\u00e9e par l&rsquo;occupation marocaines - La Sentinelle","robots":{"index":"index","follow":"follow","max-snippet":"max-snippet:-1","max-image-preview":"max-image-preview:large","max-video-preview":"max-video-preview:-1"},"canonical":"https:\/\/lasentinelle.dz\/index.php\/2024\/05\/21\/sahara-occidental-le-codesa-denonce-la-repression-exercee-par-loccupation-marocaines\/","og_locale":"fr_FR","og_type":"article","og_title":"Sahara occidental\u00a0: Le CODESA d\u00e9nonce la r\u00e9pression exerc\u00e9e par l&rsquo;occupation marocaines - La Sentinelle","og_description":"Le Collectif des d\u00e9fenseurs des droits de l&rsquo;Homme au Sahara occidental (CODESA) a d\u00e9nonc\u00e9, lundi, \u00ab\u00a0la pression et la r\u00e9pression","og_url":"https:\/\/lasentinelle.dz\/index.php\/2024\/05\/21\/sahara-occidental-le-codesa-denonce-la-repression-exercee-par-loccupation-marocaines\/","og_site_name":"La Sentinelle","article_publisher":"https:\/\/www.facebook.com\/La-Sentinelle-104059864394773","article_published_time":"2024-05-21T13:59:39+00:00","article_modified_time":"2024-05-21T13:59:45+00:00","og_image":[{"width":745,"height":470,"url":"https:\/\/lasentinelle.dz\/wp-content\/uploads\/2024\/05\/repression-marocaine.jpeg","type":"image\/jpeg"}],"author":"La Sentinelle","twitter_card":"summary_large_image","twitter_misc":{"\u00c9crit par":"La Sentinelle","Dur\u00e9e de lecture estim\u00e9e":"3 minutes"},"schema":{"@context":"https:\/\/schema.org","@graph":[{"@type":"Article","@id":"https:\/\/lasentinelle.dz\/index.php\/2024\/05\/21\/sahara-occidental-le-codesa-denonce-la-repression-exercee-par-loccupation-marocaines\/#article","isPartOf":{"@id":"https:\/\/lasentinelle.dz\/index.php\/2024\/05\/21\/sahara-occidental-le-codesa-denonce-la-repression-exercee-par-loccupation-marocaines\/"},"author":{"name":"La Sentinelle","@id":"https:\/\/lasentinelle.dz\/#\/schema\/person\/d865044e22e70a75174ce8bcad3acfb3"},"headline":"Sahara occidental\u00a0: Le CODESA d\u00e9nonce la r\u00e9pression exerc\u00e9e par l&rsquo;occupation marocaines","datePublished":"2024-05-21T13:59:39+00:00","dateModified":"2024-05-21T13:59:45+00:00","mainEntityOfPage":{"@id":"https:\/\/lasentinelle.dz\/index.php\/2024\/05\/21\/sahara-occidental-le-codesa-denonce-la-repression-exercee-par-loccupation-marocaines\/"},"wordCount":590,"commentCount":0,"publisher":{"@id":"https:\/\/lasentinelle.dz\/#organization"},"image":{"@id":"https:\/\/lasentinelle.dz\/index.php\/2024\/05\/21\/sahara-occidental-le-codesa-denonce-la-repression-exercee-par-loccupation-marocaines\/#primaryimage"},"thumbnailUrl":"https:\/\/lasentinelle.dz\/wp-content\/uploads\/2024\/05\/repression-marocaine.jpeg","articleSection":["Monde"],"inLanguage":"fr-FR","potentialAction":[{"@type":"CommentAction","name":"Comment","target":["https:\/\/lasentinelle.dz\/index.php\/2024\/05\/21\/sahara-occidental-le-codesa-denonce-la-repression-exercee-par-loccupation-marocaines\/#respond"]}]},{"@type":"WebPage","@id":"https:\/\/lasentinelle.dz\/index.php\/2024\/05\/21\/sahara-occidental-le-codesa-denonce-la-repression-exercee-par-loccupation-marocaines\/","url":"https:\/\/lasentinelle.dz\/index.php\/2024\/05\/21\/sahara-occidental-le-codesa-denonce-la-repression-exercee-par-loccupation-marocaines\/","name":"Sahara occidental\u00a0: Le CODESA d\u00e9nonce la r\u00e9pression exerc\u00e9e par l&rsquo;occupation marocaines - La Sentinelle","isPartOf":{"@id":"https:\/\/lasentinelle.dz\/#website"},"primaryImageOfPage":{"@id":"https:\/\/lasentinelle.dz\/index.php\/2024\/05\/21\/sahara-occidental-le-codesa-denonce-la-repression-exercee-par-loccupation-marocaines\/#primaryimage"},"image":{"@id":"https:\/\/lasentinelle.dz\/index.php\/2024\/05\/21\/sahara-occidental-le-codesa-denonce-la-repression-exercee-par-loccupation-marocaines\/#primaryimage"},"thumbnailUrl":"https:\/\/lasentinelle.dz\/wp-content\/uploads\/2024\/05\/repression-marocaine.jpeg","datePublished":"2024-05-21T13:59:39+00:00","dateModified":"2024-05-21T13:59:45+00:00","breadcrumb":{"@id":"https:\/\/lasentinelle.dz\/index.php\/2024\/05\/21\/sahara-occidental-le-codesa-denonce-la-repression-exercee-par-loccupation-marocaines\/#breadcrumb"},"inLanguage":"fr-FR","potentialAction":[{"@type":"ReadAction","target":["https:\/\/lasentinelle.dz\/index.php\/2024\/05\/21\/sahara-occidental-le-codesa-denonce-la-repression-exercee-par-loccupation-marocaines\/"]}]},{"@type":"ImageObject","inLanguage":"fr-FR","@id":"https:\/\/lasentinelle.dz\/index.php\/2024\/05\/21\/sahara-occidental-le-codesa-denonce-la-repression-exercee-par-loccupation-marocaines\/#primaryimage","url":"https:\/\/lasentinelle.dz\/wp-content\/uploads\/2024\/05\/repression-marocaine.jpeg","contentUrl":"https:\/\/lasentinelle.dz\/wp-content\/uploads\/2024\/05\/repression-marocaine.jpeg","width":745,"height":470},{"@type":"BreadcrumbList","@id":"https:\/\/lasentinelle.dz\/index.php\/2024\/05\/21\/sahara-occidental-le-codesa-denonce-la-repression-exercee-par-loccupation-marocaines\/#breadcrumb","itemListElement":[{"@type":"ListItem","position":1,"name":"Accueil","item":"https:\/\/lasentinelle.dz\/"},{"@type":"ListItem","position":2,"name":"Sahara occidental\u00a0: Le CODESA d\u00e9nonce la r\u00e9pression exerc\u00e9e par l&rsquo;occupation marocaines"}]},{"@type":"WebSite","@id":"https:\/\/lasentinelle.dz\/#website","url":"https:\/\/lasentinelle.dz\/","name":"La Sentinelle","description":"Quotidien national d&#039;information","publisher":{"@id":"https:\/\/lasentinelle.dz\/#organization"},"potentialAction":[{"@type":"SearchAction","target":{"@type":"EntryPoint","urlTemplate":"https:\/\/lasentinelle.dz\/?s={search_term_string}"},"query-input":{"@type":"PropertyValueSpecification","valueRequired":true,"valueName":"search_term_string"}}],"inLanguage":"fr-FR"},{"@type":"Organization","@id":"https:\/\/lasentinelle.dz\/#organization","name":"Quotidien La Sentinelle","url":"https:\/\/lasentinelle.dz\/","logo":{"@type":"ImageObject","inLanguage":"fr-FR","@id":"https:\/\/lasentinelle.dz\/#\/schema\/logo\/image\/","url":"https:\/\/lasentinelle.dz\/wp-content\/uploads\/2021\/09\/logo-sentinelleSLOGAN-1.png","contentUrl":"https:\/\/lasentinelle.dz\/wp-content\/uploads\/2021\/09\/logo-sentinelleSLOGAN-1.png","width":615,"height":142,"caption":"Quotidien La Sentinelle"},"image":{"@id":"https:\/\/lasentinelle.dz\/#\/schema\/logo\/image\/"},"sameAs":["https:\/\/www.facebook.com\/La-Sentinelle-104059864394773"]},{"@type":"Person","@id":"https:\/\/lasentinelle.dz\/#\/schema\/person\/d865044e22e70a75174ce8bcad3acfb3","name":"La Sentinelle","image":{"@type":"ImageObject","inLanguage":"fr-FR","@id":"https:\/\/secure.gravatar.com\/avatar\/57de8e5d4b15d43fb361a71fbb36338450fe67865b528a43dd10ef7c51a20392?s=96&d=mm&r=g","url":"https:\/\/secure.gravatar.com\/avatar\/57de8e5d4b15d43fb361a71fbb36338450fe67865b528a43dd10ef7c51a20392?s=96&d=mm&r=g","contentUrl":"https:\/\/secure.gravatar.com\/avatar\/57de8e5d4b15d43fb361a71fbb36338450fe67865b528a43dd10ef7c51a20392?s=96&d=mm&r=g","caption":"La Sentinelle"},"sameAs":["http:\/\/www.lasentinelle.dz"],"url":"https:\/\/lasentinelle.dz\/author\/redaction\/"}]}},"_links":{"self":[{"href":"https:\/\/lasentinelle.dz\/index.php\/wp-json\/wp\/v2\/posts\/52636","targetHints":{"allow":["GET"]}}],"collection":[{"href":"https:\/\/lasentinelle.dz\/index.php\/wp-json\/wp\/v2\/posts"}],"about":[{"href":"https:\/\/lasentinelle.dz\/index.php\/wp-json\/wp\/v2\/types\/post"}],"author":[{"embeddable":true,"href":"https:\/\/lasentinelle.dz\/index.php\/wp-json\/wp\/v2\/users\/3"}],"replies":[{"embeddable":true,"href":"https:\/\/lasentinelle.dz\/index.php\/wp-json\/wp\/v2\/comments?post=52636"}],"version-history":[{"count":2,"href":"https:\/\/lasentinelle.dz\/index.php\/wp-json\/wp\/v2\/posts\/52636\/revisions"}],"predecessor-version":[{"id":52639,"href":"https:\/\/lasentinelle.dz\/index.php\/wp-json\/wp\/v2\/posts\/52636\/revisions\/52639"}],"wp:featuredmedia":[{"embeddable":true,"href":"https:\/\/lasentinelle.dz\/index.php\/wp-json\/wp\/v2\/media\/52637"}],"wp:attachment":[{"href":"https:\/\/lasentinelle.dz\/index.php\/wp-json\/wp\/v2\/media?parent=52636"}],"wp:term":[{"taxonomy":"category","embeddable":true,"href":"https:\/\/lasentinelle.dz\/index.php\/wp-json\/wp\/v2\/categories?post=52636"},{"taxonomy":"post_tag","embeddable":true,"href":"https:\/\/lasentinelle.dz\/index.php\/wp-json\/wp\/v2\/tags?post=52636"}],"curies":[{"name":"wp","href":"https:\/\/api.w.org\/{rel}","templated":true}]}}