{"id":52643,"date":"2024-05-21T15:03:35","date_gmt":"2024-05-21T14:03:35","guid":{"rendered":"https:\/\/lasentinelle.dz\/?p=52643"},"modified":"2024-05-21T15:03:36","modified_gmt":"2024-05-21T14:03:36","slug":"mco-usma-les-oranais-pour-quitter-la-zone-de-relegation","status":"publish","type":"post","link":"https:\/\/lasentinelle.dz\/index.php\/2024\/05\/21\/mco-usma-les-oranais-pour-quitter-la-zone-de-relegation\/","title":{"rendered":"MCO-USMA: les Oranais pour quitter la zone de rel\u00e9gation"},"content":{"rendered":"\n<p>Le MC Oran recevra l&rsquo;USM Alger, aujourd\u2019hui au stade Ahmed-Zabana (19h00), avec l&rsquo;intention de remporter le gain du match et quitter la zone de rel\u00e9gation, \u00e0 l&rsquo;occasion de la mise \u00e0 jour de la 22e journ\u00e9e du championnat de Ligue 1 Mobilis de football. Le club oranais, qui partage la 14e place avec l&rsquo;ES Ben Aknoun (26 points) chacun, n&rsquo;aura d&rsquo;autre alternative que de l&#8217;emporter pour poursuivre, avec s\u00e9r\u00e9nit\u00e9, sa mission de sauvetage. Auteur d&rsquo;une retentissante victoire \u00e0 la maison vendredi face \u00e0 l&rsquo;ES S\u00e9tif (4-1) et invaincu depuis trois matchs, le MCO est appel\u00e9 pr\u00e9server cette dynamique, cela passe in\u00e9luctablement par un succ\u00e8s face \u00e0 l&rsquo;USMA (5e, 39 pts), qui reste sur une d\u00e9faite conc\u00e9d\u00e9e dans le \u00ab\u00a0big derby\u00a0\u00bb face au MC Alger (1-0), synonyme d&rsquo;un 8e titre de champion pour le \u00ab\u00a0Doyen\u00a0\u00bb. L&rsquo;enjeu sera important pour les joueurs de l&rsquo;entra\u00eeneur Youcef Bouzidi, qui ont d\u00e9sormais leur destin entre leurs mains, pour assurer leur maintien parmi l&rsquo;\u00e9lite. C\u00f4t\u00e9 USMA, le moral a pris un s\u00e9rieux coup apr\u00e8s la d\u00e9faite face \u00e0 son \u00e9ternel rival le MCA. Les co\u00e9quipiers du capitaine Belaid devront puiser dans leurs ressources pour relever la t\u00eate, et \u00e9viter une deuxi\u00e8me d\u00e9faite de rang, qui compromettrait s\u00e9rieusement ses chances de terminer sur le podium. L&rsquo;USMA disputera deux autres matchs de mise \u00e0 jour : \u00e0 domicile face \u00e0 l&rsquo;ESBA (23e journ\u00e9e) et en d\u00e9placement face au CS Constantine (24e journ\u00e9e), dont les dates restent \u00e0 d\u00e9signer, rappelle-t-on.<\/p>\n\n\n\n<p><strong>Le MC El Bayadh \u00e0 l\u2019heure des calculs<\/strong><\/p>\n\n\n\n<p>En bas du tableau le MC El Bayadh s\u2019appr\u00eate aussi \u00e0 vivre une fin de saison de tous les dangers, apr\u00e8s sa soudaine baisse de r\u00e9gime qui lui a valu de reculer au bas du classement du championnat de Ligue 1 de football. Lors de la pr\u00e9c\u00e9dente journ\u00e9e, la formation du Sud-ouest du pays a vendang\u00e9, \u00e0 domicile, deux pr\u00e9cieux points, apr\u00e8s avoir encaiss\u00e9 le but de l\u2019\u00e9galisation de la JS Kabylie dans le temps additionnel de la partie (1-1). Un but qui a valu aux locaux de chuter \u00e0 la 12e place au classement avec 32 points. Les Bleu et Blanc comptent d\u00e9sormais six points d\u2019avance seulement sur le premier potentiel rel\u00e9gable, le MC Oran, 15e au classement et qui a un match en moins, tout comme le 14e, l\u2019ES Ben Aknoun. Du coup, le MCEB, qui a termin\u00e9 \u00e0 la 4e place le championnat de l\u2019exercice pass\u00e9, et ce pour sa premi\u00e8re saison parmi l\u2019\u00e9lite, n\u2019est pas \u00e0 l\u2019abri d\u2019une mauvaise surprise avant quatre journ\u00e9es du tomber du rideau du championnat, ce qui a plong\u00e9 sa galerie dans le doute. Du c\u00f4t\u00e9 des joueurs et du staff technique, on table notamment sur les deux matchs restants at-home face \u00e0 l\u2019US Biskra (11e, 33 pts) lors de la 28e journ\u00e9e et l\u2019ES Ben Aknoun (14e, 26 pts et un match en moins) pour le compte de la 30e et derni\u00e8re journ\u00e9e. Deux rencontres qui seront certainement d\u00e9cisives dans la bataille pour le maintien et que les prot\u00e9g\u00e9s du pr\u00e9sident, Abdelkader Dahmani, doivent gagner, au moment o\u00f9 deux autres d\u00e9placements p\u00e9rilleux les attendent au cours de la 27e et 29e journ\u00e9e chez le CR Belouizdad, qui est en course pour une deuxi\u00e8me place qualificative \u00e0 la Ligue des champions africaine, et le MC Oran, l\u2019avant-dernier au classement. Et si le MCEB s\u2019est retrouv\u00e9 dans cette situation compliqu\u00e9e, c\u2019est surtout \u00e0 cause de ses points perdus \u00e0 domicile o\u00f9 il a \u00ab\u00a0gaspill\u00e9\u00a0\u00bb pas moins de 15 unit\u00e9s jusque-l\u00e0. Les camarades du gardien de but Morsli y ont disput\u00e9 13 rencontres pendant lesquelles ils ont obtenu 24 points, de 7 victoires, contre 3 nuls et 3 d\u00e9faites.<\/p>\n\n\n\n<p>R.S.<\/p>\n","protected":false},"excerpt":{"rendered":"<p>Le MC Oran recevra l&rsquo;USM Alger, aujourd\u2019hui au stade Ahmed-Zabana (19h00), avec l&rsquo;intention de remporter le gain du match et<\/p>\n","protected":false},"author":3,"featured_media":43719,"comment_status":"open","ping_status":"closed","sticky":false,"template":"","format":"standard","meta":{"colormag_page_container_layout":"default_layout","colormag_page_sidebar_layout":"default_layout","om_disable_all_campaigns":false,"_monsterinsights_skip_tracking":false,"_monsterinsights_sitenote_active":false,"_monsterinsights_sitenote_note":"","_monsterinsights_sitenote_category":0,"footnotes":"","_wpscppro_dont_share_socialmedia":false,"_wpscppro_custom_social_share_image":0,"_facebook_share_type":"default","_twitter_share_type":"default","_linkedin_share_type":"default","_pinterest_share_type":"default","_linkedin_share_type_page":"","_instagram_share_type":"default","_medium_share_type":"","_threads_share_type":"","_google_business_share_type":"","_selected_social_profile":[],"_wpsp_enable_custom_social_template":false,"_wpsp_social_scheduling":{"enabled":false,"datetime":null,"platforms":[],"status":"template_only","dateOption":"today","timeOption":"now","customDays":"","customHours":"","customDate":"","customTime":"","schedulingType":"absolute"},"_wpsp_active_default_template":true},"categories":[52,33],"tags":[],"class_list":["post-52643","post","type-post","status-publish","format-standard","has-post-thumbnail","hentry","category-a-la-une","category-sports"],"aioseo_notices":[],"yoast_head":"<!-- This site is optimized with the Yoast SEO plugin v27.5 - https:\/\/yoast.com\/product\/yoast-seo-wordpress\/ -->\n<title>MCO-USMA: les Oranais pour quitter la zone de rel\u00e9gation - La Sentinelle<\/title>\n<meta name=\"robots\" content=\"index, follow, max-snippet:-1, max-image-preview:large, max-video-preview:-1\" \/>\n<link rel=\"canonical\" href=\"https:\/\/lasentinelle.dz\/index.php\/2024\/05\/21\/mco-usma-les-oranais-pour-quitter-la-zone-de-relegation\/\" \/>\n<meta property=\"og:locale\" content=\"fr_FR\" \/>\n<meta property=\"og:type\" content=\"article\" \/>\n<meta property=\"og:title\" content=\"MCO-USMA: les Oranais pour quitter la zone de rel\u00e9gation - La Sentinelle\" \/>\n<meta property=\"og:description\" content=\"Le MC Oran recevra l&rsquo;USM Alger, aujourd\u2019hui au stade Ahmed-Zabana (19h00), avec l&rsquo;intention de remporter le gain du match et\" \/>\n<meta property=\"og:url\" content=\"https:\/\/lasentinelle.dz\/index.php\/2024\/05\/21\/mco-usma-les-oranais-pour-quitter-la-zone-de-relegation\/\" \/>\n<meta property=\"og:site_name\" content=\"La Sentinelle\" \/>\n<meta property=\"article:publisher\" content=\"https:\/\/www.facebook.com\/La-Sentinelle-104059864394773\" \/>\n<meta property=\"article:published_time\" content=\"2024-05-21T14:03:35+00:00\" \/>\n<meta property=\"article:modified_time\" content=\"2024-05-21T14:03:36+00:00\" \/>\n<meta property=\"og:image\" content=\"https:\/\/lasentinelle.dz\/wp-content\/uploads\/2023\/07\/Ligue-1.jpeg\" \/>\n\t<meta property=\"og:image:width\" content=\"580\" \/>\n\t<meta property=\"og:image:height\" content=\"350\" \/>\n\t<meta property=\"og:image:type\" content=\"image\/jpeg\" \/>\n<meta name=\"author\" content=\"La Sentinelle\" \/>\n<meta name=\"twitter:card\" content=\"summary_large_image\" \/>\n<meta name=\"twitter:label1\" content=\"\u00c9crit par\" \/>\n\t<meta name=\"twitter:data1\" content=\"La Sentinelle\" \/>\n\t<meta name=\"twitter:label2\" content=\"Dur\u00e9e de lecture estim\u00e9e\" \/>\n\t<meta name=\"twitter:data2\" content=\"4 minutes\" \/>\n<script type=\"application\/ld+json\" class=\"yoast-schema-graph\">{\"@context\":\"https:\\\/\\\/schema.org\",\"@graph\":[{\"@type\":\"Article\",\"@id\":\"https:\\\/\\\/lasentinelle.dz\\\/index.php\\\/2024\\\/05\\\/21\\\/mco-usma-les-oranais-pour-quitter-la-zone-de-relegation\\\/#article\",\"isPartOf\":{\"@id\":\"https:\\\/\\\/lasentinelle.dz\\\/index.php\\\/2024\\\/05\\\/21\\\/mco-usma-les-oranais-pour-quitter-la-zone-de-relegation\\\/\"},\"author\":{\"name\":\"La Sentinelle\",\"@id\":\"https:\\\/\\\/lasentinelle.dz\\\/#\\\/schema\\\/person\\\/d865044e22e70a75174ce8bcad3acfb3\"},\"headline\":\"MCO-USMA: les Oranais pour quitter la zone de rel\u00e9gation\",\"datePublished\":\"2024-05-21T14:03:35+00:00\",\"dateModified\":\"2024-05-21T14:03:36+00:00\",\"mainEntityOfPage\":{\"@id\":\"https:\\\/\\\/lasentinelle.dz\\\/index.php\\\/2024\\\/05\\\/21\\\/mco-usma-les-oranais-pour-quitter-la-zone-de-relegation\\\/\"},\"wordCount\":667,\"commentCount\":0,\"publisher\":{\"@id\":\"https:\\\/\\\/lasentinelle.dz\\\/#organization\"},\"image\":{\"@id\":\"https:\\\/\\\/lasentinelle.dz\\\/index.php\\\/2024\\\/05\\\/21\\\/mco-usma-les-oranais-pour-quitter-la-zone-de-relegation\\\/#primaryimage\"},\"thumbnailUrl\":\"https:\\\/\\\/lasentinelle.dz\\\/wp-content\\\/uploads\\\/2023\\\/07\\\/Ligue-1.jpeg\",\"articleSection\":[\"\u00c0 la Une\",\"Sports\"],\"inLanguage\":\"fr-FR\",\"potentialAction\":[{\"@type\":\"CommentAction\",\"name\":\"Comment\",\"target\":[\"https:\\\/\\\/lasentinelle.dz\\\/index.php\\\/2024\\\/05\\\/21\\\/mco-usma-les-oranais-pour-quitter-la-zone-de-relegation\\\/#respond\"]}]},{\"@type\":\"WebPage\",\"@id\":\"https:\\\/\\\/lasentinelle.dz\\\/index.php\\\/2024\\\/05\\\/21\\\/mco-usma-les-oranais-pour-quitter-la-zone-de-relegation\\\/\",\"url\":\"https:\\\/\\\/lasentinelle.dz\\\/index.php\\\/2024\\\/05\\\/21\\\/mco-usma-les-oranais-pour-quitter-la-zone-de-relegation\\\/\",\"name\":\"MCO-USMA: les Oranais pour quitter la zone de rel\u00e9gation - La Sentinelle\",\"isPartOf\":{\"@id\":\"https:\\\/\\\/lasentinelle.dz\\\/#website\"},\"primaryImageOfPage\":{\"@id\":\"https:\\\/\\\/lasentinelle.dz\\\/index.php\\\/2024\\\/05\\\/21\\\/mco-usma-les-oranais-pour-quitter-la-zone-de-relegation\\\/#primaryimage\"},\"image\":{\"@id\":\"https:\\\/\\\/lasentinelle.dz\\\/index.php\\\/2024\\\/05\\\/21\\\/mco-usma-les-oranais-pour-quitter-la-zone-de-relegation\\\/#primaryimage\"},\"thumbnailUrl\":\"https:\\\/\\\/lasentinelle.dz\\\/wp-content\\\/uploads\\\/2023\\\/07\\\/Ligue-1.jpeg\",\"datePublished\":\"2024-05-21T14:03:35+00:00\",\"dateModified\":\"2024-05-21T14:03:36+00:00\",\"breadcrumb\":{\"@id\":\"https:\\\/\\\/lasentinelle.dz\\\/index.php\\\/2024\\\/05\\\/21\\\/mco-usma-les-oranais-pour-quitter-la-zone-de-relegation\\\/#breadcrumb\"},\"inLanguage\":\"fr-FR\",\"potentialAction\":[{\"@type\":\"ReadAction\",\"target\":[\"https:\\\/\\\/lasentinelle.dz\\\/index.php\\\/2024\\\/05\\\/21\\\/mco-usma-les-oranais-pour-quitter-la-zone-de-relegation\\\/\"]}]},{\"@type\":\"ImageObject\",\"inLanguage\":\"fr-FR\",\"@id\":\"https:\\\/\\\/lasentinelle.dz\\\/index.php\\\/2024\\\/05\\\/21\\\/mco-usma-les-oranais-pour-quitter-la-zone-de-relegation\\\/#primaryimage\",\"url\":\"https:\\\/\\\/lasentinelle.dz\\\/wp-content\\\/uploads\\\/2023\\\/07\\\/Ligue-1.jpeg\",\"contentUrl\":\"https:\\\/\\\/lasentinelle.dz\\\/wp-content\\\/uploads\\\/2023\\\/07\\\/Ligue-1.jpeg\",\"width\":580,\"height\":350},{\"@type\":\"BreadcrumbList\",\"@id\":\"https:\\\/\\\/lasentinelle.dz\\\/index.php\\\/2024\\\/05\\\/21\\\/mco-usma-les-oranais-pour-quitter-la-zone-de-relegation\\\/#breadcrumb\",\"itemListElement\":[{\"@type\":\"ListItem\",\"position\":1,\"name\":\"Accueil\",\"item\":\"https:\\\/\\\/lasentinelle.dz\\\/\"},{\"@type\":\"ListItem\",\"position\":2,\"name\":\"MCO-USMA: les Oranais pour quitter la zone de rel\u00e9gation\"}]},{\"@type\":\"WebSite\",\"@id\":\"https:\\\/\\\/lasentinelle.dz\\\/#website\",\"url\":\"https:\\\/\\\/lasentinelle.dz\\\/\",\"name\":\"La Sentinelle\",\"description\":\"Quotidien national d&#039;information\",\"publisher\":{\"@id\":\"https:\\\/\\\/lasentinelle.dz\\\/#organization\"},\"potentialAction\":[{\"@type\":\"SearchAction\",\"target\":{\"@type\":\"EntryPoint\",\"urlTemplate\":\"https:\\\/\\\/lasentinelle.dz\\\/?s={search_term_string}\"},\"query-input\":{\"@type\":\"PropertyValueSpecification\",\"valueRequired\":true,\"valueName\":\"search_term_string\"}}],\"inLanguage\":\"fr-FR\"},{\"@type\":\"Organization\",\"@id\":\"https:\\\/\\\/lasentinelle.dz\\\/#organization\",\"name\":\"Quotidien La Sentinelle\",\"url\":\"https:\\\/\\\/lasentinelle.dz\\\/\",\"logo\":{\"@type\":\"ImageObject\",\"inLanguage\":\"fr-FR\",\"@id\":\"https:\\\/\\\/lasentinelle.dz\\\/#\\\/schema\\\/logo\\\/image\\\/\",\"url\":\"https:\\\/\\\/lasentinelle.dz\\\/wp-content\\\/uploads\\\/2021\\\/09\\\/logo-sentinelleSLOGAN-1.png\",\"contentUrl\":\"https:\\\/\\\/lasentinelle.dz\\\/wp-content\\\/uploads\\\/2021\\\/09\\\/logo-sentinelleSLOGAN-1.png\",\"width\":615,\"height\":142,\"caption\":\"Quotidien La Sentinelle\"},\"image\":{\"@id\":\"https:\\\/\\\/lasentinelle.dz\\\/#\\\/schema\\\/logo\\\/image\\\/\"},\"sameAs\":[\"https:\\\/\\\/www.facebook.com\\\/La-Sentinelle-104059864394773\"]},{\"@type\":\"Person\",\"@id\":\"https:\\\/\\\/lasentinelle.dz\\\/#\\\/schema\\\/person\\\/d865044e22e70a75174ce8bcad3acfb3\",\"name\":\"La Sentinelle\",\"image\":{\"@type\":\"ImageObject\",\"inLanguage\":\"fr-FR\",\"@id\":\"https:\\\/\\\/secure.gravatar.com\\\/avatar\\\/57de8e5d4b15d43fb361a71fbb36338450fe67865b528a43dd10ef7c51a20392?s=96&d=mm&r=g\",\"url\":\"https:\\\/\\\/secure.gravatar.com\\\/avatar\\\/57de8e5d4b15d43fb361a71fbb36338450fe67865b528a43dd10ef7c51a20392?s=96&d=mm&r=g\",\"contentUrl\":\"https:\\\/\\\/secure.gravatar.com\\\/avatar\\\/57de8e5d4b15d43fb361a71fbb36338450fe67865b528a43dd10ef7c51a20392?s=96&d=mm&r=g\",\"caption\":\"La Sentinelle\"},\"sameAs\":[\"http:\\\/\\\/www.lasentinelle.dz\"],\"url\":\"https:\\\/\\\/lasentinelle.dz\\\/author\\\/redaction\\\/\"}]}<\/script>\n<!-- \/ Yoast SEO plugin. -->","yoast_head_json":{"title":"MCO-USMA: les Oranais pour quitter la zone de rel\u00e9gation - La Sentinelle","robots":{"index":"index","follow":"follow","max-snippet":"max-snippet:-1","max-image-preview":"max-image-preview:large","max-video-preview":"max-video-preview:-1"},"canonical":"https:\/\/lasentinelle.dz\/index.php\/2024\/05\/21\/mco-usma-les-oranais-pour-quitter-la-zone-de-relegation\/","og_locale":"fr_FR","og_type":"article","og_title":"MCO-USMA: les Oranais pour quitter la zone de rel\u00e9gation - La Sentinelle","og_description":"Le MC Oran recevra l&rsquo;USM Alger, aujourd\u2019hui au stade Ahmed-Zabana (19h00), avec l&rsquo;intention de remporter le gain du match et","og_url":"https:\/\/lasentinelle.dz\/index.php\/2024\/05\/21\/mco-usma-les-oranais-pour-quitter-la-zone-de-relegation\/","og_site_name":"La Sentinelle","article_publisher":"https:\/\/www.facebook.com\/La-Sentinelle-104059864394773","article_published_time":"2024-05-21T14:03:35+00:00","article_modified_time":"2024-05-21T14:03:36+00:00","og_image":[{"width":580,"height":350,"url":"https:\/\/lasentinelle.dz\/wp-content\/uploads\/2023\/07\/Ligue-1.jpeg","type":"image\/jpeg"}],"author":"La Sentinelle","twitter_card":"summary_large_image","twitter_misc":{"\u00c9crit par":"La Sentinelle","Dur\u00e9e de lecture estim\u00e9e":"4 minutes"},"schema":{"@context":"https:\/\/schema.org","@graph":[{"@type":"Article","@id":"https:\/\/lasentinelle.dz\/index.php\/2024\/05\/21\/mco-usma-les-oranais-pour-quitter-la-zone-de-relegation\/#article","isPartOf":{"@id":"https:\/\/lasentinelle.dz\/index.php\/2024\/05\/21\/mco-usma-les-oranais-pour-quitter-la-zone-de-relegation\/"},"author":{"name":"La Sentinelle","@id":"https:\/\/lasentinelle.dz\/#\/schema\/person\/d865044e22e70a75174ce8bcad3acfb3"},"headline":"MCO-USMA: les Oranais pour quitter la zone de rel\u00e9gation","datePublished":"2024-05-21T14:03:35+00:00","dateModified":"2024-05-21T14:03:36+00:00","mainEntityOfPage":{"@id":"https:\/\/lasentinelle.dz\/index.php\/2024\/05\/21\/mco-usma-les-oranais-pour-quitter-la-zone-de-relegation\/"},"wordCount":667,"commentCount":0,"publisher":{"@id":"https:\/\/lasentinelle.dz\/#organization"},"image":{"@id":"https:\/\/lasentinelle.dz\/index.php\/2024\/05\/21\/mco-usma-les-oranais-pour-quitter-la-zone-de-relegation\/#primaryimage"},"thumbnailUrl":"https:\/\/lasentinelle.dz\/wp-content\/uploads\/2023\/07\/Ligue-1.jpeg","articleSection":["\u00c0 la Une","Sports"],"inLanguage":"fr-FR","potentialAction":[{"@type":"CommentAction","name":"Comment","target":["https:\/\/lasentinelle.dz\/index.php\/2024\/05\/21\/mco-usma-les-oranais-pour-quitter-la-zone-de-relegation\/#respond"]}]},{"@type":"WebPage","@id":"https:\/\/lasentinelle.dz\/index.php\/2024\/05\/21\/mco-usma-les-oranais-pour-quitter-la-zone-de-relegation\/","url":"https:\/\/lasentinelle.dz\/index.php\/2024\/05\/21\/mco-usma-les-oranais-pour-quitter-la-zone-de-relegation\/","name":"MCO-USMA: les Oranais pour quitter la zone de rel\u00e9gation - La Sentinelle","isPartOf":{"@id":"https:\/\/lasentinelle.dz\/#website"},"primaryImageOfPage":{"@id":"https:\/\/lasentinelle.dz\/index.php\/2024\/05\/21\/mco-usma-les-oranais-pour-quitter-la-zone-de-relegation\/#primaryimage"},"image":{"@id":"https:\/\/lasentinelle.dz\/index.php\/2024\/05\/21\/mco-usma-les-oranais-pour-quitter-la-zone-de-relegation\/#primaryimage"},"thumbnailUrl":"https:\/\/lasentinelle.dz\/wp-content\/uploads\/2023\/07\/Ligue-1.jpeg","datePublished":"2024-05-21T14:03:35+00:00","dateModified":"2024-05-21T14:03:36+00:00","breadcrumb":{"@id":"https:\/\/lasentinelle.dz\/index.php\/2024\/05\/21\/mco-usma-les-oranais-pour-quitter-la-zone-de-relegation\/#breadcrumb"},"inLanguage":"fr-FR","potentialAction":[{"@type":"ReadAction","target":["https:\/\/lasentinelle.dz\/index.php\/2024\/05\/21\/mco-usma-les-oranais-pour-quitter-la-zone-de-relegation\/"]}]},{"@type":"ImageObject","inLanguage":"fr-FR","@id":"https:\/\/lasentinelle.dz\/index.php\/2024\/05\/21\/mco-usma-les-oranais-pour-quitter-la-zone-de-relegation\/#primaryimage","url":"https:\/\/lasentinelle.dz\/wp-content\/uploads\/2023\/07\/Ligue-1.jpeg","contentUrl":"https:\/\/lasentinelle.dz\/wp-content\/uploads\/2023\/07\/Ligue-1.jpeg","width":580,"height":350},{"@type":"BreadcrumbList","@id":"https:\/\/lasentinelle.dz\/index.php\/2024\/05\/21\/mco-usma-les-oranais-pour-quitter-la-zone-de-relegation\/#breadcrumb","itemListElement":[{"@type":"ListItem","position":1,"name":"Accueil","item":"https:\/\/lasentinelle.dz\/"},{"@type":"ListItem","position":2,"name":"MCO-USMA: les Oranais pour quitter la zone de rel\u00e9gation"}]},{"@type":"WebSite","@id":"https:\/\/lasentinelle.dz\/#website","url":"https:\/\/lasentinelle.dz\/","name":"La Sentinelle","description":"Quotidien national d&#039;information","publisher":{"@id":"https:\/\/lasentinelle.dz\/#organization"},"potentialAction":[{"@type":"SearchAction","target":{"@type":"EntryPoint","urlTemplate":"https:\/\/lasentinelle.dz\/?s={search_term_string}"},"query-input":{"@type":"PropertyValueSpecification","valueRequired":true,"valueName":"search_term_string"}}],"inLanguage":"fr-FR"},{"@type":"Organization","@id":"https:\/\/lasentinelle.dz\/#organization","name":"Quotidien La Sentinelle","url":"https:\/\/lasentinelle.dz\/","logo":{"@type":"ImageObject","inLanguage":"fr-FR","@id":"https:\/\/lasentinelle.dz\/#\/schema\/logo\/image\/","url":"https:\/\/lasentinelle.dz\/wp-content\/uploads\/2021\/09\/logo-sentinelleSLOGAN-1.png","contentUrl":"https:\/\/lasentinelle.dz\/wp-content\/uploads\/2021\/09\/logo-sentinelleSLOGAN-1.png","width":615,"height":142,"caption":"Quotidien La Sentinelle"},"image":{"@id":"https:\/\/lasentinelle.dz\/#\/schema\/logo\/image\/"},"sameAs":["https:\/\/www.facebook.com\/La-Sentinelle-104059864394773"]},{"@type":"Person","@id":"https:\/\/lasentinelle.dz\/#\/schema\/person\/d865044e22e70a75174ce8bcad3acfb3","name":"La Sentinelle","image":{"@type":"ImageObject","inLanguage":"fr-FR","@id":"https:\/\/secure.gravatar.com\/avatar\/57de8e5d4b15d43fb361a71fbb36338450fe67865b528a43dd10ef7c51a20392?s=96&d=mm&r=g","url":"https:\/\/secure.gravatar.com\/avatar\/57de8e5d4b15d43fb361a71fbb36338450fe67865b528a43dd10ef7c51a20392?s=96&d=mm&r=g","contentUrl":"https:\/\/secure.gravatar.com\/avatar\/57de8e5d4b15d43fb361a71fbb36338450fe67865b528a43dd10ef7c51a20392?s=96&d=mm&r=g","caption":"La Sentinelle"},"sameAs":["http:\/\/www.lasentinelle.dz"],"url":"https:\/\/lasentinelle.dz\/author\/redaction\/"}]}},"_links":{"self":[{"href":"https:\/\/lasentinelle.dz\/index.php\/wp-json\/wp\/v2\/posts\/52643","targetHints":{"allow":["GET"]}}],"collection":[{"href":"https:\/\/lasentinelle.dz\/index.php\/wp-json\/wp\/v2\/posts"}],"about":[{"href":"https:\/\/lasentinelle.dz\/index.php\/wp-json\/wp\/v2\/types\/post"}],"author":[{"embeddable":true,"href":"https:\/\/lasentinelle.dz\/index.php\/wp-json\/wp\/v2\/users\/3"}],"replies":[{"embeddable":true,"href":"https:\/\/lasentinelle.dz\/index.php\/wp-json\/wp\/v2\/comments?post=52643"}],"version-history":[{"count":1,"href":"https:\/\/lasentinelle.dz\/index.php\/wp-json\/wp\/v2\/posts\/52643\/revisions"}],"predecessor-version":[{"id":52644,"href":"https:\/\/lasentinelle.dz\/index.php\/wp-json\/wp\/v2\/posts\/52643\/revisions\/52644"}],"wp:featuredmedia":[{"embeddable":true,"href":"https:\/\/lasentinelle.dz\/index.php\/wp-json\/wp\/v2\/media\/43719"}],"wp:attachment":[{"href":"https:\/\/lasentinelle.dz\/index.php\/wp-json\/wp\/v2\/media?parent=52643"}],"wp:term":[{"taxonomy":"category","embeddable":true,"href":"https:\/\/lasentinelle.dz\/index.php\/wp-json\/wp\/v2\/categories?post=52643"},{"taxonomy":"post_tag","embeddable":true,"href":"https:\/\/lasentinelle.dz\/index.php\/wp-json\/wp\/v2\/tags?post=52643"}],"curies":[{"name":"wp","href":"https:\/\/api.w.org\/{rel}","templated":true}]}}