{"id":52654,"date":"2024-05-21T15:12:46","date_gmt":"2024-05-21T14:12:46","guid":{"rendered":"https:\/\/lasentinelle.dz\/?p=52654"},"modified":"2024-05-21T15:12:48","modified_gmt":"2024-05-21T14:12:48","slug":"usine-fiat-a-oran-la-deuxieme-ligne-de-production-sera-ouverte-a-la-fin-de-juin","status":"publish","type":"post","link":"https:\/\/lasentinelle.dz\/index.php\/2024\/05\/21\/usine-fiat-a-oran-la-deuxieme-ligne-de-production-sera-ouverte-a-la-fin-de-juin\/","title":{"rendered":"Usine Fiat \u00e0 Oran\u00a0: La deuxi\u00e8me ligne de production sera ouverte \u00e0 la fin de juin"},"content":{"rendered":"\n<p>Le wali d&rsquo;Oran Sa\u00efd Sayoud a annonc\u00e9 hier \u00e0 l\u2019ouverture des travaux de la premi\u00e8re session ordinaire l&rsquo;Assembl\u00e9e populaire de la wilaya que l&rsquo;ouverture de la deuxi\u00e8me ligne automatique de l&rsquo;usine de construction automobile de la marque italienne Fiat \u00e0 Oran est pr\u00e9vue pour la fin du mois de juin prochain, ce qui permettra d&rsquo;augmenter la capacit\u00e9 de production \u00e0 60.000 voitures par an. Le wali d\u2019Oran a fait savoir que l&rsquo;usine, sise dans la zone industrielle de Tafraoui, est en train de r\u00e9aliser d&rsquo;autres investissements en mesure d\u2019augmenter, progressivement, la production dans les ann\u00e9es \u00e0 venir. Rappelons que le Directeur pour la r\u00e9gion Moyen-Orient et Afrique du constructeur automobile Stellantis, qui exploite la marque Fiat, Samir Cherfan a indiqu\u00e9 au mois de mars dernier que \u00ab quelques semaines apr\u00e8s l\u2019inauguration de l\u2019usine de Fiat pr\u00e8s d\u2019Oran, en Alg\u00e9rie, Stellantis est pass\u00e9 \u00e0 la deuxi\u00e8me \u00e9tape de son projet industriel en lan\u00e7ant les travaux d\u2019expansion de cette usine, avec deux ans d\u2019avance sur notre calendrier. \u00ab Cette expansion vise \u00e0 int\u00e9grer les ateliers de peinture et de soudure de carrosserie, permettra d\u2019augmenter le taux d\u2019integration locale et d\u2019am\u00e9liorer l\u2019employabilit\u00e9 dans le secteur, de cr\u00e9er jusqu\u2019\u00e0 2000 nouveaux emplois et de contribuer au d\u00e9veloppement de l\u2019industrie automobile alg\u00e9rienne \u00bb, a-t-il expliqu\u00e9. Et d\u2019ajouter : \u00ab De plus, l\u2019expansion de l\u2019usine permettra d\u2019augmenter la capacit\u00e9 de production annuelle \u00e0 90.000 unit\u00e9s d\u2019ici 2026. \u00bb \u00ab Ce projet s\u2019inscrit dans le cadre de la strat\u00e9gie globale Dare Forward 2030 de Stellantis Middle East &amp; Africa, qui vise \u00e0 faire de l\u2019Alg\u00e9rie un p\u00f4le industriel strat\u00e9gique et une plateforme d\u2019exportation pour l\u2019ensemble de la r\u00e9gion MEA \u00bb, a-t-il conclu. La capacit\u00e9 de production de l\u2019usine d\u2019Oran passera \u00e0 40.000 v\u00e9hicules et le nombre d\u2019employ\u00e9s \u00e0 1200 en 2024.<\/p>\n\n\n\n<p>Chokri Hafed<\/p>\n","protected":false},"excerpt":{"rendered":"<p>Le wali d&rsquo;Oran Sa\u00efd Sayoud a annonc\u00e9 hier \u00e0 l\u2019ouverture des travaux de la premi\u00e8re session ordinaire l&rsquo;Assembl\u00e9e populaire de<\/p>\n","protected":false},"author":3,"featured_media":52655,"comment_status":"open","ping_status":"closed","sticky":false,"template":"","format":"standard","meta":{"colormag_page_container_layout":"default_layout","colormag_page_sidebar_layout":"default_layout","om_disable_all_campaigns":false,"_monsterinsights_skip_tracking":false,"_monsterinsights_sitenote_active":false,"_monsterinsights_sitenote_note":"","_monsterinsights_sitenote_category":0,"footnotes":"","_wpscppro_dont_share_socialmedia":false,"_wpscppro_custom_social_share_image":0,"_facebook_share_type":"default","_twitter_share_type":"default","_linkedin_share_type":"default","_pinterest_share_type":"default","_linkedin_share_type_page":"","_instagram_share_type":"default","_medium_share_type":"","_threads_share_type":"","_google_business_share_type":"","_selected_social_profile":[],"_wpsp_enable_custom_social_template":false,"_wpsp_social_scheduling":{"enabled":false,"datetime":null,"platforms":[],"status":"template_only","dateOption":"today","timeOption":"now","customDays":"","customHours":"","customDate":"","customTime":"","schedulingType":"absolute"},"_wpsp_active_default_template":true},"categories":[52,29],"tags":[],"class_list":["post-52654","post","type-post","status-publish","format-standard","has-post-thumbnail","hentry","category-a-la-une","category-economie"],"aioseo_notices":[],"yoast_head":"<!-- This site is optimized with the Yoast SEO plugin v27.5 - https:\/\/yoast.com\/product\/yoast-seo-wordpress\/ -->\n<title>Usine Fiat \u00e0 Oran\u00a0: La deuxi\u00e8me ligne de production sera ouverte \u00e0 la fin de juin - La Sentinelle<\/title>\n<meta name=\"robots\" content=\"index, follow, max-snippet:-1, max-image-preview:large, max-video-preview:-1\" \/>\n<link rel=\"canonical\" href=\"https:\/\/lasentinelle.dz\/index.php\/2024\/05\/21\/usine-fiat-a-oran-la-deuxieme-ligne-de-production-sera-ouverte-a-la-fin-de-juin\/\" \/>\n<meta property=\"og:locale\" content=\"fr_FR\" \/>\n<meta property=\"og:type\" content=\"article\" \/>\n<meta property=\"og:title\" content=\"Usine Fiat \u00e0 Oran\u00a0: La deuxi\u00e8me ligne de production sera ouverte \u00e0 la fin de juin - La Sentinelle\" \/>\n<meta property=\"og:description\" content=\"Le wali d&rsquo;Oran Sa\u00efd Sayoud a annonc\u00e9 hier \u00e0 l\u2019ouverture des travaux de la premi\u00e8re session ordinaire l&rsquo;Assembl\u00e9e populaire de\" \/>\n<meta property=\"og:url\" content=\"https:\/\/lasentinelle.dz\/index.php\/2024\/05\/21\/usine-fiat-a-oran-la-deuxieme-ligne-de-production-sera-ouverte-a-la-fin-de-juin\/\" \/>\n<meta property=\"og:site_name\" content=\"La Sentinelle\" \/>\n<meta property=\"article:publisher\" content=\"https:\/\/www.facebook.com\/La-Sentinelle-104059864394773\" \/>\n<meta property=\"article:published_time\" content=\"2024-05-21T14:12:46+00:00\" \/>\n<meta property=\"article:modified_time\" content=\"2024-05-21T14:12:48+00:00\" \/>\n<meta property=\"og:image\" content=\"https:\/\/lasentinelle.dz\/wp-content\/uploads\/2024\/05\/fiat.webp\" \/>\n\t<meta property=\"og:image:width\" content=\"833\" \/>\n\t<meta property=\"og:image:height\" content=\"427\" \/>\n\t<meta property=\"og:image:type\" content=\"image\/webp\" \/>\n<meta name=\"author\" content=\"La Sentinelle\" \/>\n<meta name=\"twitter:card\" content=\"summary_large_image\" \/>\n<meta name=\"twitter:label1\" content=\"\u00c9crit par\" \/>\n\t<meta name=\"twitter:data1\" content=\"La Sentinelle\" \/>\n\t<meta name=\"twitter:label2\" content=\"Dur\u00e9e de lecture estim\u00e9e\" \/>\n\t<meta name=\"twitter:data2\" content=\"2 minutes\" \/>\n<script type=\"application\/ld+json\" class=\"yoast-schema-graph\">{\"@context\":\"https:\\\/\\\/schema.org\",\"@graph\":[{\"@type\":\"Article\",\"@id\":\"https:\\\/\\\/lasentinelle.dz\\\/index.php\\\/2024\\\/05\\\/21\\\/usine-fiat-a-oran-la-deuxieme-ligne-de-production-sera-ouverte-a-la-fin-de-juin\\\/#article\",\"isPartOf\":{\"@id\":\"https:\\\/\\\/lasentinelle.dz\\\/index.php\\\/2024\\\/05\\\/21\\\/usine-fiat-a-oran-la-deuxieme-ligne-de-production-sera-ouverte-a-la-fin-de-juin\\\/\"},\"author\":{\"name\":\"La Sentinelle\",\"@id\":\"https:\\\/\\\/lasentinelle.dz\\\/#\\\/schema\\\/person\\\/d865044e22e70a75174ce8bcad3acfb3\"},\"headline\":\"Usine Fiat \u00e0 Oran\u00a0: La deuxi\u00e8me ligne de production sera ouverte \u00e0 la fin de juin\",\"datePublished\":\"2024-05-21T14:12:46+00:00\",\"dateModified\":\"2024-05-21T14:12:48+00:00\",\"mainEntityOfPage\":{\"@id\":\"https:\\\/\\\/lasentinelle.dz\\\/index.php\\\/2024\\\/05\\\/21\\\/usine-fiat-a-oran-la-deuxieme-ligne-de-production-sera-ouverte-a-la-fin-de-juin\\\/\"},\"wordCount\":343,\"commentCount\":0,\"publisher\":{\"@id\":\"https:\\\/\\\/lasentinelle.dz\\\/#organization\"},\"image\":{\"@id\":\"https:\\\/\\\/lasentinelle.dz\\\/index.php\\\/2024\\\/05\\\/21\\\/usine-fiat-a-oran-la-deuxieme-ligne-de-production-sera-ouverte-a-la-fin-de-juin\\\/#primaryimage\"},\"thumbnailUrl\":\"https:\\\/\\\/lasentinelle.dz\\\/wp-content\\\/uploads\\\/2024\\\/05\\\/fiat.webp\",\"articleSection\":[\"\u00c0 la Une\",\"\u00c9conomie\"],\"inLanguage\":\"fr-FR\",\"potentialAction\":[{\"@type\":\"CommentAction\",\"name\":\"Comment\",\"target\":[\"https:\\\/\\\/lasentinelle.dz\\\/index.php\\\/2024\\\/05\\\/21\\\/usine-fiat-a-oran-la-deuxieme-ligne-de-production-sera-ouverte-a-la-fin-de-juin\\\/#respond\"]}]},{\"@type\":\"WebPage\",\"@id\":\"https:\\\/\\\/lasentinelle.dz\\\/index.php\\\/2024\\\/05\\\/21\\\/usine-fiat-a-oran-la-deuxieme-ligne-de-production-sera-ouverte-a-la-fin-de-juin\\\/\",\"url\":\"https:\\\/\\\/lasentinelle.dz\\\/index.php\\\/2024\\\/05\\\/21\\\/usine-fiat-a-oran-la-deuxieme-ligne-de-production-sera-ouverte-a-la-fin-de-juin\\\/\",\"name\":\"Usine Fiat \u00e0 Oran\u00a0: La deuxi\u00e8me ligne de production sera ouverte \u00e0 la fin de juin - La Sentinelle\",\"isPartOf\":{\"@id\":\"https:\\\/\\\/lasentinelle.dz\\\/#website\"},\"primaryImageOfPage\":{\"@id\":\"https:\\\/\\\/lasentinelle.dz\\\/index.php\\\/2024\\\/05\\\/21\\\/usine-fiat-a-oran-la-deuxieme-ligne-de-production-sera-ouverte-a-la-fin-de-juin\\\/#primaryimage\"},\"image\":{\"@id\":\"https:\\\/\\\/lasentinelle.dz\\\/index.php\\\/2024\\\/05\\\/21\\\/usine-fiat-a-oran-la-deuxieme-ligne-de-production-sera-ouverte-a-la-fin-de-juin\\\/#primaryimage\"},\"thumbnailUrl\":\"https:\\\/\\\/lasentinelle.dz\\\/wp-content\\\/uploads\\\/2024\\\/05\\\/fiat.webp\",\"datePublished\":\"2024-05-21T14:12:46+00:00\",\"dateModified\":\"2024-05-21T14:12:48+00:00\",\"breadcrumb\":{\"@id\":\"https:\\\/\\\/lasentinelle.dz\\\/index.php\\\/2024\\\/05\\\/21\\\/usine-fiat-a-oran-la-deuxieme-ligne-de-production-sera-ouverte-a-la-fin-de-juin\\\/#breadcrumb\"},\"inLanguage\":\"fr-FR\",\"potentialAction\":[{\"@type\":\"ReadAction\",\"target\":[\"https:\\\/\\\/lasentinelle.dz\\\/index.php\\\/2024\\\/05\\\/21\\\/usine-fiat-a-oran-la-deuxieme-ligne-de-production-sera-ouverte-a-la-fin-de-juin\\\/\"]}]},{\"@type\":\"ImageObject\",\"inLanguage\":\"fr-FR\",\"@id\":\"https:\\\/\\\/lasentinelle.dz\\\/index.php\\\/2024\\\/05\\\/21\\\/usine-fiat-a-oran-la-deuxieme-ligne-de-production-sera-ouverte-a-la-fin-de-juin\\\/#primaryimage\",\"url\":\"https:\\\/\\\/lasentinelle.dz\\\/wp-content\\\/uploads\\\/2024\\\/05\\\/fiat.webp\",\"contentUrl\":\"https:\\\/\\\/lasentinelle.dz\\\/wp-content\\\/uploads\\\/2024\\\/05\\\/fiat.webp\",\"width\":833,\"height\":427},{\"@type\":\"BreadcrumbList\",\"@id\":\"https:\\\/\\\/lasentinelle.dz\\\/index.php\\\/2024\\\/05\\\/21\\\/usine-fiat-a-oran-la-deuxieme-ligne-de-production-sera-ouverte-a-la-fin-de-juin\\\/#breadcrumb\",\"itemListElement\":[{\"@type\":\"ListItem\",\"position\":1,\"name\":\"Accueil\",\"item\":\"https:\\\/\\\/lasentinelle.dz\\\/\"},{\"@type\":\"ListItem\",\"position\":2,\"name\":\"Usine Fiat \u00e0 Oran\u00a0: La deuxi\u00e8me ligne de production sera ouverte \u00e0 la fin de juin\"}]},{\"@type\":\"WebSite\",\"@id\":\"https:\\\/\\\/lasentinelle.dz\\\/#website\",\"url\":\"https:\\\/\\\/lasentinelle.dz\\\/\",\"name\":\"La Sentinelle\",\"description\":\"Quotidien national d&#039;information\",\"publisher\":{\"@id\":\"https:\\\/\\\/lasentinelle.dz\\\/#organization\"},\"potentialAction\":[{\"@type\":\"SearchAction\",\"target\":{\"@type\":\"EntryPoint\",\"urlTemplate\":\"https:\\\/\\\/lasentinelle.dz\\\/?s={search_term_string}\"},\"query-input\":{\"@type\":\"PropertyValueSpecification\",\"valueRequired\":true,\"valueName\":\"search_term_string\"}}],\"inLanguage\":\"fr-FR\"},{\"@type\":\"Organization\",\"@id\":\"https:\\\/\\\/lasentinelle.dz\\\/#organization\",\"name\":\"Quotidien La Sentinelle\",\"url\":\"https:\\\/\\\/lasentinelle.dz\\\/\",\"logo\":{\"@type\":\"ImageObject\",\"inLanguage\":\"fr-FR\",\"@id\":\"https:\\\/\\\/lasentinelle.dz\\\/#\\\/schema\\\/logo\\\/image\\\/\",\"url\":\"https:\\\/\\\/lasentinelle.dz\\\/wp-content\\\/uploads\\\/2021\\\/09\\\/logo-sentinelleSLOGAN-1.png\",\"contentUrl\":\"https:\\\/\\\/lasentinelle.dz\\\/wp-content\\\/uploads\\\/2021\\\/09\\\/logo-sentinelleSLOGAN-1.png\",\"width\":615,\"height\":142,\"caption\":\"Quotidien La Sentinelle\"},\"image\":{\"@id\":\"https:\\\/\\\/lasentinelle.dz\\\/#\\\/schema\\\/logo\\\/image\\\/\"},\"sameAs\":[\"https:\\\/\\\/www.facebook.com\\\/La-Sentinelle-104059864394773\"]},{\"@type\":\"Person\",\"@id\":\"https:\\\/\\\/lasentinelle.dz\\\/#\\\/schema\\\/person\\\/d865044e22e70a75174ce8bcad3acfb3\",\"name\":\"La Sentinelle\",\"image\":{\"@type\":\"ImageObject\",\"inLanguage\":\"fr-FR\",\"@id\":\"https:\\\/\\\/secure.gravatar.com\\\/avatar\\\/57de8e5d4b15d43fb361a71fbb36338450fe67865b528a43dd10ef7c51a20392?s=96&d=mm&r=g\",\"url\":\"https:\\\/\\\/secure.gravatar.com\\\/avatar\\\/57de8e5d4b15d43fb361a71fbb36338450fe67865b528a43dd10ef7c51a20392?s=96&d=mm&r=g\",\"contentUrl\":\"https:\\\/\\\/secure.gravatar.com\\\/avatar\\\/57de8e5d4b15d43fb361a71fbb36338450fe67865b528a43dd10ef7c51a20392?s=96&d=mm&r=g\",\"caption\":\"La Sentinelle\"},\"sameAs\":[\"http:\\\/\\\/www.lasentinelle.dz\"],\"url\":\"https:\\\/\\\/lasentinelle.dz\\\/author\\\/redaction\\\/\"}]}<\/script>\n<!-- \/ Yoast SEO plugin. -->","yoast_head_json":{"title":"Usine Fiat \u00e0 Oran\u00a0: La deuxi\u00e8me ligne de production sera ouverte \u00e0 la fin de juin - La Sentinelle","robots":{"index":"index","follow":"follow","max-snippet":"max-snippet:-1","max-image-preview":"max-image-preview:large","max-video-preview":"max-video-preview:-1"},"canonical":"https:\/\/lasentinelle.dz\/index.php\/2024\/05\/21\/usine-fiat-a-oran-la-deuxieme-ligne-de-production-sera-ouverte-a-la-fin-de-juin\/","og_locale":"fr_FR","og_type":"article","og_title":"Usine Fiat \u00e0 Oran\u00a0: La deuxi\u00e8me ligne de production sera ouverte \u00e0 la fin de juin - La Sentinelle","og_description":"Le wali d&rsquo;Oran Sa\u00efd Sayoud a annonc\u00e9 hier \u00e0 l\u2019ouverture des travaux de la premi\u00e8re session ordinaire l&rsquo;Assembl\u00e9e populaire de","og_url":"https:\/\/lasentinelle.dz\/index.php\/2024\/05\/21\/usine-fiat-a-oran-la-deuxieme-ligne-de-production-sera-ouverte-a-la-fin-de-juin\/","og_site_name":"La Sentinelle","article_publisher":"https:\/\/www.facebook.com\/La-Sentinelle-104059864394773","article_published_time":"2024-05-21T14:12:46+00:00","article_modified_time":"2024-05-21T14:12:48+00:00","og_image":[{"width":833,"height":427,"url":"https:\/\/lasentinelle.dz\/wp-content\/uploads\/2024\/05\/fiat.webp","type":"image\/webp"}],"author":"La Sentinelle","twitter_card":"summary_large_image","twitter_misc":{"\u00c9crit par":"La Sentinelle","Dur\u00e9e de lecture estim\u00e9e":"2 minutes"},"schema":{"@context":"https:\/\/schema.org","@graph":[{"@type":"Article","@id":"https:\/\/lasentinelle.dz\/index.php\/2024\/05\/21\/usine-fiat-a-oran-la-deuxieme-ligne-de-production-sera-ouverte-a-la-fin-de-juin\/#article","isPartOf":{"@id":"https:\/\/lasentinelle.dz\/index.php\/2024\/05\/21\/usine-fiat-a-oran-la-deuxieme-ligne-de-production-sera-ouverte-a-la-fin-de-juin\/"},"author":{"name":"La Sentinelle","@id":"https:\/\/lasentinelle.dz\/#\/schema\/person\/d865044e22e70a75174ce8bcad3acfb3"},"headline":"Usine Fiat \u00e0 Oran\u00a0: La deuxi\u00e8me ligne de production sera ouverte \u00e0 la fin de juin","datePublished":"2024-05-21T14:12:46+00:00","dateModified":"2024-05-21T14:12:48+00:00","mainEntityOfPage":{"@id":"https:\/\/lasentinelle.dz\/index.php\/2024\/05\/21\/usine-fiat-a-oran-la-deuxieme-ligne-de-production-sera-ouverte-a-la-fin-de-juin\/"},"wordCount":343,"commentCount":0,"publisher":{"@id":"https:\/\/lasentinelle.dz\/#organization"},"image":{"@id":"https:\/\/lasentinelle.dz\/index.php\/2024\/05\/21\/usine-fiat-a-oran-la-deuxieme-ligne-de-production-sera-ouverte-a-la-fin-de-juin\/#primaryimage"},"thumbnailUrl":"https:\/\/lasentinelle.dz\/wp-content\/uploads\/2024\/05\/fiat.webp","articleSection":["\u00c0 la Une","\u00c9conomie"],"inLanguage":"fr-FR","potentialAction":[{"@type":"CommentAction","name":"Comment","target":["https:\/\/lasentinelle.dz\/index.php\/2024\/05\/21\/usine-fiat-a-oran-la-deuxieme-ligne-de-production-sera-ouverte-a-la-fin-de-juin\/#respond"]}]},{"@type":"WebPage","@id":"https:\/\/lasentinelle.dz\/index.php\/2024\/05\/21\/usine-fiat-a-oran-la-deuxieme-ligne-de-production-sera-ouverte-a-la-fin-de-juin\/","url":"https:\/\/lasentinelle.dz\/index.php\/2024\/05\/21\/usine-fiat-a-oran-la-deuxieme-ligne-de-production-sera-ouverte-a-la-fin-de-juin\/","name":"Usine Fiat \u00e0 Oran\u00a0: La deuxi\u00e8me ligne de production sera ouverte \u00e0 la fin de juin - La Sentinelle","isPartOf":{"@id":"https:\/\/lasentinelle.dz\/#website"},"primaryImageOfPage":{"@id":"https:\/\/lasentinelle.dz\/index.php\/2024\/05\/21\/usine-fiat-a-oran-la-deuxieme-ligne-de-production-sera-ouverte-a-la-fin-de-juin\/#primaryimage"},"image":{"@id":"https:\/\/lasentinelle.dz\/index.php\/2024\/05\/21\/usine-fiat-a-oran-la-deuxieme-ligne-de-production-sera-ouverte-a-la-fin-de-juin\/#primaryimage"},"thumbnailUrl":"https:\/\/lasentinelle.dz\/wp-content\/uploads\/2024\/05\/fiat.webp","datePublished":"2024-05-21T14:12:46+00:00","dateModified":"2024-05-21T14:12:48+00:00","breadcrumb":{"@id":"https:\/\/lasentinelle.dz\/index.php\/2024\/05\/21\/usine-fiat-a-oran-la-deuxieme-ligne-de-production-sera-ouverte-a-la-fin-de-juin\/#breadcrumb"},"inLanguage":"fr-FR","potentialAction":[{"@type":"ReadAction","target":["https:\/\/lasentinelle.dz\/index.php\/2024\/05\/21\/usine-fiat-a-oran-la-deuxieme-ligne-de-production-sera-ouverte-a-la-fin-de-juin\/"]}]},{"@type":"ImageObject","inLanguage":"fr-FR","@id":"https:\/\/lasentinelle.dz\/index.php\/2024\/05\/21\/usine-fiat-a-oran-la-deuxieme-ligne-de-production-sera-ouverte-a-la-fin-de-juin\/#primaryimage","url":"https:\/\/lasentinelle.dz\/wp-content\/uploads\/2024\/05\/fiat.webp","contentUrl":"https:\/\/lasentinelle.dz\/wp-content\/uploads\/2024\/05\/fiat.webp","width":833,"height":427},{"@type":"BreadcrumbList","@id":"https:\/\/lasentinelle.dz\/index.php\/2024\/05\/21\/usine-fiat-a-oran-la-deuxieme-ligne-de-production-sera-ouverte-a-la-fin-de-juin\/#breadcrumb","itemListElement":[{"@type":"ListItem","position":1,"name":"Accueil","item":"https:\/\/lasentinelle.dz\/"},{"@type":"ListItem","position":2,"name":"Usine Fiat \u00e0 Oran\u00a0: La deuxi\u00e8me ligne de production sera ouverte \u00e0 la fin de juin"}]},{"@type":"WebSite","@id":"https:\/\/lasentinelle.dz\/#website","url":"https:\/\/lasentinelle.dz\/","name":"La Sentinelle","description":"Quotidien national d&#039;information","publisher":{"@id":"https:\/\/lasentinelle.dz\/#organization"},"potentialAction":[{"@type":"SearchAction","target":{"@type":"EntryPoint","urlTemplate":"https:\/\/lasentinelle.dz\/?s={search_term_string}"},"query-input":{"@type":"PropertyValueSpecification","valueRequired":true,"valueName":"search_term_string"}}],"inLanguage":"fr-FR"},{"@type":"Organization","@id":"https:\/\/lasentinelle.dz\/#organization","name":"Quotidien La Sentinelle","url":"https:\/\/lasentinelle.dz\/","logo":{"@type":"ImageObject","inLanguage":"fr-FR","@id":"https:\/\/lasentinelle.dz\/#\/schema\/logo\/image\/","url":"https:\/\/lasentinelle.dz\/wp-content\/uploads\/2021\/09\/logo-sentinelleSLOGAN-1.png","contentUrl":"https:\/\/lasentinelle.dz\/wp-content\/uploads\/2021\/09\/logo-sentinelleSLOGAN-1.png","width":615,"height":142,"caption":"Quotidien La Sentinelle"},"image":{"@id":"https:\/\/lasentinelle.dz\/#\/schema\/logo\/image\/"},"sameAs":["https:\/\/www.facebook.com\/La-Sentinelle-104059864394773"]},{"@type":"Person","@id":"https:\/\/lasentinelle.dz\/#\/schema\/person\/d865044e22e70a75174ce8bcad3acfb3","name":"La Sentinelle","image":{"@type":"ImageObject","inLanguage":"fr-FR","@id":"https:\/\/secure.gravatar.com\/avatar\/57de8e5d4b15d43fb361a71fbb36338450fe67865b528a43dd10ef7c51a20392?s=96&d=mm&r=g","url":"https:\/\/secure.gravatar.com\/avatar\/57de8e5d4b15d43fb361a71fbb36338450fe67865b528a43dd10ef7c51a20392?s=96&d=mm&r=g","contentUrl":"https:\/\/secure.gravatar.com\/avatar\/57de8e5d4b15d43fb361a71fbb36338450fe67865b528a43dd10ef7c51a20392?s=96&d=mm&r=g","caption":"La Sentinelle"},"sameAs":["http:\/\/www.lasentinelle.dz"],"url":"https:\/\/lasentinelle.dz\/author\/redaction\/"}]}},"_links":{"self":[{"href":"https:\/\/lasentinelle.dz\/index.php\/wp-json\/wp\/v2\/posts\/52654","targetHints":{"allow":["GET"]}}],"collection":[{"href":"https:\/\/lasentinelle.dz\/index.php\/wp-json\/wp\/v2\/posts"}],"about":[{"href":"https:\/\/lasentinelle.dz\/index.php\/wp-json\/wp\/v2\/types\/post"}],"author":[{"embeddable":true,"href":"https:\/\/lasentinelle.dz\/index.php\/wp-json\/wp\/v2\/users\/3"}],"replies":[{"embeddable":true,"href":"https:\/\/lasentinelle.dz\/index.php\/wp-json\/wp\/v2\/comments?post=52654"}],"version-history":[{"count":1,"href":"https:\/\/lasentinelle.dz\/index.php\/wp-json\/wp\/v2\/posts\/52654\/revisions"}],"predecessor-version":[{"id":52656,"href":"https:\/\/lasentinelle.dz\/index.php\/wp-json\/wp\/v2\/posts\/52654\/revisions\/52656"}],"wp:featuredmedia":[{"embeddable":true,"href":"https:\/\/lasentinelle.dz\/index.php\/wp-json\/wp\/v2\/media\/52655"}],"wp:attachment":[{"href":"https:\/\/lasentinelle.dz\/index.php\/wp-json\/wp\/v2\/media?parent=52654"}],"wp:term":[{"taxonomy":"category","embeddable":true,"href":"https:\/\/lasentinelle.dz\/index.php\/wp-json\/wp\/v2\/categories?post=52654"},{"taxonomy":"post_tag","embeddable":true,"href":"https:\/\/lasentinelle.dz\/index.php\/wp-json\/wp\/v2\/tags?post=52654"}],"curies":[{"name":"wp","href":"https:\/\/api.w.org\/{rel}","templated":true}]}}