{"id":52666,"date":"2024-05-21T15:21:15","date_gmt":"2024-05-21T14:21:15","guid":{"rendered":"https:\/\/lasentinelle.dz\/?p=52666"},"modified":"2024-05-21T15:21:16","modified_gmt":"2024-05-21T14:21:16","slug":"le-president-ebrahim-raissi-decede-dans-un-crash-dhelicoptere","status":"publish","type":"post","link":"https:\/\/lasentinelle.dz\/index.php\/2024\/05\/21\/le-president-ebrahim-raissi-decede-dans-un-crash-dhelicoptere\/","title":{"rendered":"Le pr\u00e9sident Ebrahim Ra\u00efssi d\u00e9c\u00e8de dans un crash d&rsquo;h\u00e9licopt\u00e8re"},"content":{"rendered":"\n<p>Le pr\u00e9sident iranien est d\u00e9c\u00e9d\u00e9 dans un crash d\u2019h\u00e9licopt\u00e8re, qui transportait \u00e9galement le ministre des Affaires \u00e9trang\u00e8res et des responsables locaux survenu dimanche dans le nord-ouest de l&rsquo;Iran. Le gouvernement iranien a confirm\u00e9 officielle la nouvelle du d\u00e9c\u00e8s du dirigeant iranien. \u00ab\u00a0Le pr\u00e9sident du peuple iranien, travailleur et infatigable, (&#8230;) a sacrifi\u00e9 sa vie pour la nation\u00a0\u00bb, a \u00e9crit le gouvernement. \u00ab\u00a0Nous assurons \u00e0 la nation loyale que, avec l&rsquo;aide de Dieu et le soutien du peuple, il n&rsquo;y aura pas la moindre perturbation dans l&rsquo;administration du pays\u00a0\u00bb, a-t-il ajout\u00e9. Rappelons dans ce contexte que l\u2019h\u00e9licopt\u00e8re pr\u00e9sidentiel avait disparu dimanche apr\u00e8s-midi apr\u00e8s un crash dans une zone montagneuse du nord-ouest du pays. L&rsquo;h\u00e9licopt\u00e8re a disparu dimanche en d\u00e9but d&rsquo;apr\u00e8s-midi alors qu&rsquo;il survolait une r\u00e9gion escarp\u00e9e et bois\u00e9e dans des conditions m\u00e9t\u00e9orologiques difficiles avec de la pluie et un \u00e9pais brouillard. Le pr\u00e9sident iranien s\u2019\u00e9tait rendu auparavant \u00e0 l\u2019inauguration d\u2019un barrage en compagnie de son homologue azerbaidjanais Ilhem Aliyev. Les recherches avaient tout de suite \u00e9t\u00e9 lanc\u00e9es pour retrouver l\u2019appareil, mais avaient \u00e9t\u00e9 rendues difficiles par les conditions climatiques et l\u2019\u00e9pais brouillard dans cette zone difficile d\u2019acc\u00e8s. L&rsquo;\u00e9pave a \u00e9t\u00e9 d\u00e9couverte \u00e0 l&rsquo;aube et les secours ont rapidement indiqu\u00e9 qu&rsquo;il n&rsquo;y avait \u00ab\u00a0aucun signe montrant que les passagers de l&rsquo;h\u00e9licopt\u00e8re\u00a0\u00bb \u00e9taient en vie, selon la t\u00e9l\u00e9vision d&rsquo;Etat. L&rsquo;agence de presse Irna a indiqu\u00e9 qu&rsquo;outre le pr\u00e9sident, le ministre des Affaires \u00e9trang\u00e8res, Hossein Amir-Abdollahian, le gouverneur de la province ainsi que le principal imam de la r\u00e9gion figuraient parmi les passagers de l&rsquo;appareil.<\/p>\n\n\n\n<p>&nbsp;L&rsquo;appareil, un Bell 212, faisait partie d&rsquo;un convoi de trois h\u00e9licopt\u00e8res transportant la d\u00e9l\u00e9gation pr\u00e9sidentielle, dont deux ont atterri sans encombre \u00e0 Tabriz, la grande ville du nord-ouest, d&rsquo;o\u00f9 Ra\u00efssi devait rejoindre T\u00e9h\u00e9ran. Le Guide supr\u00eame, l&rsquo;ayatollah Ali Khamenei a annonc\u00e9 cinq jours de deuil national. Notons que la constitution iranienne pr\u00e9voit une p\u00e9riode de transition de 50 jours dans ce genre de cas pour l\u2019organisation d\u2019\u00e9lections pr\u00e9sidentielles. La t\u00e9l\u00e9vision d\u2019\u00c9tat iranienne a annonc\u00e9 que l&rsquo;\u00e9lection pr\u00e9sidentielle aura lieu le 28 juin. \u00ab\u00a0Le calendrier \u00e9lectoral a \u00e9t\u00e9 approuv\u00e9 lors de la r\u00e9union des chefs du pouvoir judiciaire, du gouvernement et du Parlement\u00a0\u00bb, a indiqu\u00e9 la t\u00e9l\u00e9vision. \u00ab\u00a0Avec l&rsquo;accord du Conseil des gardiens, il a \u00e9t\u00e9 d\u00e9cid\u00e9 que la 14e \u00e9lection pr\u00e9sidentielle se tiendra le 28 juin\u00a0\u00bb, a-t-elle pr\u00e9cis\u00e9. En attendant, le Conseil des gardiens de la Constitution, a confirm\u00e9 que Mohammad Mokhber, premier vice-pr\u00e9sident, assumera la fonction de pr\u00e9sident par int\u00e9rim. Par ailleurs, le vice-ministre des Affaires \u00e9trang\u00e8res et n\u00e9gociateur en chef charg\u00e9 du dossier nucl\u00e9aire, Ali Bagheri, a \u00e9t\u00e9 nomm\u00e9 \u00e0 la t\u00eate de la diplomatie de l&rsquo;Iran \u00e0 titre provisoire apr\u00e8s le d\u00e9c\u00e8s de Hossein Amir-Abdolahian. M. Bagheri, 56 ans, a \u00e9t\u00e9 d\u00e9sign\u00e9 \u00ab\u00a0responsable du comit\u00e9 des relations ext\u00e9rieures du gouvernement\u00a0\u00bb, a annonc\u00e9 le porte-parole du gouvernement, Ali Bahadori Jahromi. Il faut dire que la mort du pr\u00e9sident iranien a provoqu\u00e9 une v\u00e9ritable onde de choc dans le monde entier.<\/p>\n\n\n\n<p><strong>Minute de silence au Conseil de s\u00e9curit\u00e9<\/strong><\/p>\n\n\n\n<p>La disparition du pr\u00e9sident iranien a provoqu\u00e9 une onde choc au niveau mondial. Les messages de condol\u00e9ances ont afflu\u00e9 hier vers T\u00e9h\u00e9ran. Le pr\u00e9sident de la R\u00e9publique, Abdelmadjid Tebboune a adress\u00e9 un message de condol\u00e9ances au Premier vice-Pr\u00e9sident de la R\u00e9publique Islamique d&rsquo;Iran, M. Mohammad Mokhber. \u00ab\u00a0Excellence le Premier vice-Pr\u00e9sident de la R\u00e9publique islamique d&rsquo;Iran, nous avons suivi, avec vous, d\u00e8s le d\u00e9but, avec \u00e9motion et inqui\u00e9tude, les moments difficiles qu&rsquo;a v\u00e9cus le peuple iranien fr\u00e8re, dans l&rsquo;attente d&rsquo;informations sur le sort de l&rsquo;h\u00e9licopt\u00e8re transportant le d\u00e9funt Ebrahim Ra\u00efssi, pr\u00e9sident de la R\u00e9publique islamique d&rsquo;Iran, pays fr\u00e8re, et les membres de la d\u00e9l\u00e9gation l&rsquo;accompagnant, compos\u00e9e de hauts responsables, et c&rsquo;est avec une grande affliction et une profonde tristesse que nous avons appris, le d\u00e9c\u00e8s tragique de notre cher fr\u00e8re Ebrahim Ra\u00efssi\u00a0\u00bb, lit-on dans le message de condol\u00e9ances. \u00ab\u00a0Nous exprimons notre profonde sympathie et notre soutien fraternel aux dirigeants politiques, au gouvernement et au peuple de la R\u00e9publique islamique d&rsquo;Iran, pays fr\u00e8re\u00a0\u00bb, a \u00e9crit le Pr\u00e9sident de la R\u00e9publique. \u00ab\u00a0En cette p\u00e9nible circonstance o\u00f9 le peuple alg\u00e9rien compatit \u00e0 la douleur de ses fr\u00e8res en Iran, je perds, personnellement, en le dirigeant Ebrahim Ra\u00efssi, un fr\u00e8re et un partenaire avec lequel j&rsquo;ai \u0153uvr\u00e9 pour le renforcement des liens de fraternit\u00e9, de coop\u00e9ration et de solidarit\u00e9 entre nos deux pays et peuples fr\u00e8res, et en faveur des causes justes port\u00e9es par notre Nation islamique\u00a0\u00bb, a ajout\u00e9 le Pr\u00e9sident de la R\u00e9publique. \u00ab\u00a0En cette p\u00e9nible \u00e9preuve, je pr\u00e9sente mes sinc\u00e8res condol\u00e9ances et ma profonde sympathie au Gouvernement et au peuple iraniens, priant Allah Tout-Puissant d&rsquo;entourer le d\u00e9funt de Sa sainte mis\u00e9ricorde et de pr\u00eater assistance et r\u00e9confort au peuple iranien fr\u00e8re\u00a0\u00bb, conclut le message du Pr\u00e9sident de la R\u00e9publique. Par ailleurs, les membres du Conseil de s\u00e9curit\u00e9 ont observ\u00e9, lundi, une minute de silence \u00e0 la m\u00e9moire du Pr\u00e9sident iranien, Ebrahim Ra\u00efssi, de son ministre des Affaires \u00e9trang\u00e8res, Hossein Amir-Abdollahian, et leurs accompagnateurs, tous d\u00e9c\u00e9d\u00e9s dans un crash d&rsquo;h\u00e9licopt\u00e8re, et ce, \u00e0 la demande de l&rsquo;Alg\u00e9rie, la Russie et la Chine. Le pr\u00e9sident russe Vladimir Poutine, a rendu hommage, dans un message de condol\u00e9ances, \u00e0 un \u00ab\u00a0politicien remarquable\u00a0\u00bb, ajoutant: \u00ab\u00a0en tant que v\u00e9ritable ami de la Russie, il a apport\u00e9 une contribution personnelle inestimable au d\u00e9veloppement des relations de bon voisinage entre nos pays et a d\u00e9ploy\u00e9 de grands efforts pour les amener au niveau du partenariat strat\u00e9gique\u00a0\u00bb. Pour le pr\u00e9sident chinois Xi Jinping, cette \u00ab\u00a0mort tragique est une grande perte pour le peuple iranien\u00a0\u00bb et le peuple chinois a \u00ab\u00a0perdu un bon ami\u00a0\u00bb, selon le porte-parole du minist\u00e8re des Affaires \u00e9trang\u00e8res, Wang Wenbin. Le Premier ministre indien Narendra Modi, s&rsquo;est dit \u00ab\u00a0profond\u00e9ment attrist\u00e9 et choqu\u00e9\u00a0\u00bb, pr\u00e9sentant sur X ses \u00ab\u00a0sinc\u00e8res condol\u00e9ances\u00a0\u00bb \u00e0 la famille du pr\u00e9sident et au peuple iraniens, ajoutant que l&rsquo;Inde est \u00ab\u00a0aux c\u00f4t\u00e9s de l&rsquo;Iran en ce moment de tristesse\u00a0\u00bb. En solidarit\u00e9 avec les Iraniens, le Pakistan a, lui, d\u00e9cr\u00e9t\u00e9 une journ\u00e9e de deuil national, pendant que la Malaisie et le Sri Lanka se sont dit profond\u00e9ment \u00ab\u00a0attrist\u00e9s et choqu\u00e9s\u00a0\u00bb, exprimant leurs \u00ab\u00a0sinc\u00e8res condol\u00e9ances au gouvernement et au peuple d&rsquo;Iran\u00a0\u00bb. Le pr\u00e9sident de la Turquie, Recep Tayyip Erdogan, a r\u00e9agi sur X, exprimant ses \u00ab\u00a0plus sinc\u00e8res condol\u00e9ances au peuple et au gouvernement iraniens amis et fr\u00e8res\u00a0\u00bb. Au Moyen-Orient, la Syrie, comme le Liban, ont proclam\u00e9 un deuil officiel de trois jours, \u00ab\u00a0en solidarit\u00e9 avec la R\u00e9publique islamique d&rsquo;Iran\u00a0\u00bb. Pour sa part, le roi de la Jordanie, Abdallah II, a exprim\u00e9 sa solidarit\u00e9 avec ses fr\u00e8res en Iran dans ces circonstances difficiles. L&rsquo;Egypte a dit \u00ab\u00a0pleurer, avec une grande tristesse et une profonde douleur, le pr\u00e9sident et le plus haut responsable de la diplomatie de l&rsquo;Iran, d\u00e9c\u00e9d\u00e9s dimanche dans un accident tragique\u00a0\u00bb. Les pays europ\u00e9ens ne sont pas en reste, la France, l&rsquo;Italie, ou encore la Gr\u00e8ce ayant pr\u00e9sent\u00e9 leurs condol\u00e9ances \u00e0 la R\u00e9publique islamique d&rsquo;Iran. Le pr\u00e9sident polonais Andrzej Duda s&rsquo;est dit sur X \u00ab\u00a0profond\u00e9ment boulevers\u00e9\u00a0\u00bb, ajoutant que \u00ab\u00a0peu de pays ont des pages aussi tragiques dans leur histoire\u00a0\u00bb, rappelant que les Polonais ont connu le crash de l&rsquo;avion de leur gouvernement en 2010 \u00e0 Smolensk en Russie et se joignent \u00ab\u00a0avec une compr\u00e9hension particuli\u00e8re\u00a0\u00bb aux proches des victimes et au peuple iranien \u00ab\u00a0dans la pri\u00e8re et le chagrin\u00a0\u00bb. Pour l&rsquo;Afrique du Sud, \u00ab\u00a0c&rsquo;est une trag\u00e9die extraordinaire, inimaginable dans laquelle a p\u00e9ri le dirigeant remarquable d&rsquo;un pays avec lequel l&rsquo;Afrique du Sud entretient de fortes relations bilat\u00e9rales\u00a0\u00bb, a d\u00e9clar\u00e9 le pr\u00e9sident Cyril Ramaphosa. Le pr\u00e9sident du Kenya, William Ruto, a exprim\u00e9, lui, ses \u00ab\u00a0condol\u00e9ances les plus sinc\u00e8res\u00a0\u00bb et sa \u00ab\u00a0solidarit\u00e9 avec le peuple d&rsquo;Iran\u00a0\u00bb, soulignant qu&rsquo;Ebrahim Ra\u00efssi avait choisi le Kenya comme premi\u00e8re \u00e9tape pour venir sur le continent africain.<\/p>\n\n\n\n<p>Hocine Fadheli<\/p>\n","protected":false},"excerpt":{"rendered":"<p>Le pr\u00e9sident iranien est d\u00e9c\u00e9d\u00e9 dans un crash d\u2019h\u00e9licopt\u00e8re, qui transportait \u00e9galement le ministre des Affaires \u00e9trang\u00e8res et des responsables<\/p>\n","protected":false},"author":3,"featured_media":52667,"comment_status":"open","ping_status":"closed","sticky":false,"template":"","format":"standard","meta":{"colormag_page_container_layout":"default_layout","colormag_page_sidebar_layout":"default_layout","om_disable_all_campaigns":false,"_monsterinsights_skip_tracking":false,"_monsterinsights_sitenote_active":false,"_monsterinsights_sitenote_note":"","_monsterinsights_sitenote_category":0,"footnotes":"","_wpscppro_dont_share_socialmedia":false,"_wpscppro_custom_social_share_image":0,"_facebook_share_type":"default","_twitter_share_type":"default","_linkedin_share_type":"default","_pinterest_share_type":"default","_linkedin_share_type_page":"","_instagram_share_type":"default","_medium_share_type":"","_threads_share_type":"","_google_business_share_type":"","_selected_social_profile":[],"_wpsp_enable_custom_social_template":false,"_wpsp_social_scheduling":{"enabled":false,"datetime":null,"platforms":[],"status":"template_only","dateOption":"today","timeOption":"now","customDays":"","customHours":"","customDate":"","customTime":"","schedulingType":"absolute"},"_wpsp_active_default_template":true},"categories":[52,27],"tags":[],"class_list":["post-52666","post","type-post","status-publish","format-standard","has-post-thumbnail","hentry","category-a-la-une","category-actualite"],"aioseo_notices":[],"yoast_head":"<!-- This site is optimized with the Yoast SEO plugin v27.5 - https:\/\/yoast.com\/product\/yoast-seo-wordpress\/ -->\n<title>Le pr\u00e9sident Ebrahim Ra\u00efssi d\u00e9c\u00e8de dans un crash d&rsquo;h\u00e9licopt\u00e8re - La Sentinelle<\/title>\n<meta name=\"robots\" content=\"index, follow, max-snippet:-1, max-image-preview:large, max-video-preview:-1\" \/>\n<link rel=\"canonical\" href=\"https:\/\/lasentinelle.dz\/index.php\/2024\/05\/21\/le-president-ebrahim-raissi-decede-dans-un-crash-dhelicoptere\/\" \/>\n<meta property=\"og:locale\" content=\"fr_FR\" \/>\n<meta property=\"og:type\" content=\"article\" \/>\n<meta property=\"og:title\" content=\"Le pr\u00e9sident Ebrahim Ra\u00efssi d\u00e9c\u00e8de dans un crash d&rsquo;h\u00e9licopt\u00e8re - La Sentinelle\" \/>\n<meta property=\"og:description\" content=\"Le pr\u00e9sident iranien est d\u00e9c\u00e9d\u00e9 dans un crash d\u2019h\u00e9licopt\u00e8re, qui transportait \u00e9galement le ministre des Affaires \u00e9trang\u00e8res et des responsables\" \/>\n<meta property=\"og:url\" content=\"https:\/\/lasentinelle.dz\/index.php\/2024\/05\/21\/le-president-ebrahim-raissi-decede-dans-un-crash-dhelicoptere\/\" \/>\n<meta property=\"og:site_name\" content=\"La Sentinelle\" \/>\n<meta property=\"article:publisher\" content=\"https:\/\/www.facebook.com\/La-Sentinelle-104059864394773\" \/>\n<meta property=\"article:published_time\" content=\"2024-05-21T14:21:15+00:00\" \/>\n<meta property=\"article:modified_time\" content=\"2024-05-21T14:21:16+00:00\" \/>\n<meta property=\"og:image\" content=\"https:\/\/lasentinelle.dz\/wp-content\/uploads\/2024\/05\/raissi.webp\" \/>\n\t<meta property=\"og:image:width\" content=\"2047\" \/>\n\t<meta property=\"og:image:height\" content=\"1365\" \/>\n\t<meta property=\"og:image:type\" content=\"image\/webp\" \/>\n<meta name=\"author\" content=\"La Sentinelle\" \/>\n<meta name=\"twitter:card\" content=\"summary_large_image\" \/>\n<meta name=\"twitter:label1\" content=\"\u00c9crit par\" \/>\n\t<meta name=\"twitter:data1\" content=\"La Sentinelle\" \/>\n\t<meta name=\"twitter:label2\" content=\"Dur\u00e9e de lecture estim\u00e9e\" \/>\n\t<meta name=\"twitter:data2\" content=\"7 minutes\" \/>\n<script type=\"application\/ld+json\" class=\"yoast-schema-graph\">{\"@context\":\"https:\\\/\\\/schema.org\",\"@graph\":[{\"@type\":\"Article\",\"@id\":\"https:\\\/\\\/lasentinelle.dz\\\/index.php\\\/2024\\\/05\\\/21\\\/le-president-ebrahim-raissi-decede-dans-un-crash-dhelicoptere\\\/#article\",\"isPartOf\":{\"@id\":\"https:\\\/\\\/lasentinelle.dz\\\/index.php\\\/2024\\\/05\\\/21\\\/le-president-ebrahim-raissi-decede-dans-un-crash-dhelicoptere\\\/\"},\"author\":{\"name\":\"La Sentinelle\",\"@id\":\"https:\\\/\\\/lasentinelle.dz\\\/#\\\/schema\\\/person\\\/d865044e22e70a75174ce8bcad3acfb3\"},\"headline\":\"Le pr\u00e9sident Ebrahim Ra\u00efssi d\u00e9c\u00e8de dans un crash d&rsquo;h\u00e9licopt\u00e8re\",\"datePublished\":\"2024-05-21T14:21:15+00:00\",\"dateModified\":\"2024-05-21T14:21:16+00:00\",\"mainEntityOfPage\":{\"@id\":\"https:\\\/\\\/lasentinelle.dz\\\/index.php\\\/2024\\\/05\\\/21\\\/le-president-ebrahim-raissi-decede-dans-un-crash-dhelicoptere\\\/\"},\"wordCount\":1518,\"commentCount\":0,\"publisher\":{\"@id\":\"https:\\\/\\\/lasentinelle.dz\\\/#organization\"},\"image\":{\"@id\":\"https:\\\/\\\/lasentinelle.dz\\\/index.php\\\/2024\\\/05\\\/21\\\/le-president-ebrahim-raissi-decede-dans-un-crash-dhelicoptere\\\/#primaryimage\"},\"thumbnailUrl\":\"https:\\\/\\\/lasentinelle.dz\\\/wp-content\\\/uploads\\\/2024\\\/05\\\/raissi.webp\",\"articleSection\":[\"\u00c0 la Une\",\"Actualit\u00e9\"],\"inLanguage\":\"fr-FR\",\"potentialAction\":[{\"@type\":\"CommentAction\",\"name\":\"Comment\",\"target\":[\"https:\\\/\\\/lasentinelle.dz\\\/index.php\\\/2024\\\/05\\\/21\\\/le-president-ebrahim-raissi-decede-dans-un-crash-dhelicoptere\\\/#respond\"]}]},{\"@type\":\"WebPage\",\"@id\":\"https:\\\/\\\/lasentinelle.dz\\\/index.php\\\/2024\\\/05\\\/21\\\/le-president-ebrahim-raissi-decede-dans-un-crash-dhelicoptere\\\/\",\"url\":\"https:\\\/\\\/lasentinelle.dz\\\/index.php\\\/2024\\\/05\\\/21\\\/le-president-ebrahim-raissi-decede-dans-un-crash-dhelicoptere\\\/\",\"name\":\"Le pr\u00e9sident Ebrahim Ra\u00efssi d\u00e9c\u00e8de dans un crash d&rsquo;h\u00e9licopt\u00e8re - La Sentinelle\",\"isPartOf\":{\"@id\":\"https:\\\/\\\/lasentinelle.dz\\\/#website\"},\"primaryImageOfPage\":{\"@id\":\"https:\\\/\\\/lasentinelle.dz\\\/index.php\\\/2024\\\/05\\\/21\\\/le-president-ebrahim-raissi-decede-dans-un-crash-dhelicoptere\\\/#primaryimage\"},\"image\":{\"@id\":\"https:\\\/\\\/lasentinelle.dz\\\/index.php\\\/2024\\\/05\\\/21\\\/le-president-ebrahim-raissi-decede-dans-un-crash-dhelicoptere\\\/#primaryimage\"},\"thumbnailUrl\":\"https:\\\/\\\/lasentinelle.dz\\\/wp-content\\\/uploads\\\/2024\\\/05\\\/raissi.webp\",\"datePublished\":\"2024-05-21T14:21:15+00:00\",\"dateModified\":\"2024-05-21T14:21:16+00:00\",\"breadcrumb\":{\"@id\":\"https:\\\/\\\/lasentinelle.dz\\\/index.php\\\/2024\\\/05\\\/21\\\/le-president-ebrahim-raissi-decede-dans-un-crash-dhelicoptere\\\/#breadcrumb\"},\"inLanguage\":\"fr-FR\",\"potentialAction\":[{\"@type\":\"ReadAction\",\"target\":[\"https:\\\/\\\/lasentinelle.dz\\\/index.php\\\/2024\\\/05\\\/21\\\/le-president-ebrahim-raissi-decede-dans-un-crash-dhelicoptere\\\/\"]}]},{\"@type\":\"ImageObject\",\"inLanguage\":\"fr-FR\",\"@id\":\"https:\\\/\\\/lasentinelle.dz\\\/index.php\\\/2024\\\/05\\\/21\\\/le-president-ebrahim-raissi-decede-dans-un-crash-dhelicoptere\\\/#primaryimage\",\"url\":\"https:\\\/\\\/lasentinelle.dz\\\/wp-content\\\/uploads\\\/2024\\\/05\\\/raissi.webp\",\"contentUrl\":\"https:\\\/\\\/lasentinelle.dz\\\/wp-content\\\/uploads\\\/2024\\\/05\\\/raissi.webp\",\"width\":2047,\"height\":1365},{\"@type\":\"BreadcrumbList\",\"@id\":\"https:\\\/\\\/lasentinelle.dz\\\/index.php\\\/2024\\\/05\\\/21\\\/le-president-ebrahim-raissi-decede-dans-un-crash-dhelicoptere\\\/#breadcrumb\",\"itemListElement\":[{\"@type\":\"ListItem\",\"position\":1,\"name\":\"Accueil\",\"item\":\"https:\\\/\\\/lasentinelle.dz\\\/\"},{\"@type\":\"ListItem\",\"position\":2,\"name\":\"Le pr\u00e9sident Ebrahim Ra\u00efssi d\u00e9c\u00e8de dans un crash d&rsquo;h\u00e9licopt\u00e8re\"}]},{\"@type\":\"WebSite\",\"@id\":\"https:\\\/\\\/lasentinelle.dz\\\/#website\",\"url\":\"https:\\\/\\\/lasentinelle.dz\\\/\",\"name\":\"La Sentinelle\",\"description\":\"Quotidien national d&#039;information\",\"publisher\":{\"@id\":\"https:\\\/\\\/lasentinelle.dz\\\/#organization\"},\"potentialAction\":[{\"@type\":\"SearchAction\",\"target\":{\"@type\":\"EntryPoint\",\"urlTemplate\":\"https:\\\/\\\/lasentinelle.dz\\\/?s={search_term_string}\"},\"query-input\":{\"@type\":\"PropertyValueSpecification\",\"valueRequired\":true,\"valueName\":\"search_term_string\"}}],\"inLanguage\":\"fr-FR\"},{\"@type\":\"Organization\",\"@id\":\"https:\\\/\\\/lasentinelle.dz\\\/#organization\",\"name\":\"Quotidien La Sentinelle\",\"url\":\"https:\\\/\\\/lasentinelle.dz\\\/\",\"logo\":{\"@type\":\"ImageObject\",\"inLanguage\":\"fr-FR\",\"@id\":\"https:\\\/\\\/lasentinelle.dz\\\/#\\\/schema\\\/logo\\\/image\\\/\",\"url\":\"https:\\\/\\\/lasentinelle.dz\\\/wp-content\\\/uploads\\\/2021\\\/09\\\/logo-sentinelleSLOGAN-1.png\",\"contentUrl\":\"https:\\\/\\\/lasentinelle.dz\\\/wp-content\\\/uploads\\\/2021\\\/09\\\/logo-sentinelleSLOGAN-1.png\",\"width\":615,\"height\":142,\"caption\":\"Quotidien La Sentinelle\"},\"image\":{\"@id\":\"https:\\\/\\\/lasentinelle.dz\\\/#\\\/schema\\\/logo\\\/image\\\/\"},\"sameAs\":[\"https:\\\/\\\/www.facebook.com\\\/La-Sentinelle-104059864394773\"]},{\"@type\":\"Person\",\"@id\":\"https:\\\/\\\/lasentinelle.dz\\\/#\\\/schema\\\/person\\\/d865044e22e70a75174ce8bcad3acfb3\",\"name\":\"La Sentinelle\",\"image\":{\"@type\":\"ImageObject\",\"inLanguage\":\"fr-FR\",\"@id\":\"https:\\\/\\\/secure.gravatar.com\\\/avatar\\\/57de8e5d4b15d43fb361a71fbb36338450fe67865b528a43dd10ef7c51a20392?s=96&d=mm&r=g\",\"url\":\"https:\\\/\\\/secure.gravatar.com\\\/avatar\\\/57de8e5d4b15d43fb361a71fbb36338450fe67865b528a43dd10ef7c51a20392?s=96&d=mm&r=g\",\"contentUrl\":\"https:\\\/\\\/secure.gravatar.com\\\/avatar\\\/57de8e5d4b15d43fb361a71fbb36338450fe67865b528a43dd10ef7c51a20392?s=96&d=mm&r=g\",\"caption\":\"La Sentinelle\"},\"sameAs\":[\"http:\\\/\\\/www.lasentinelle.dz\"],\"url\":\"https:\\\/\\\/lasentinelle.dz\\\/author\\\/redaction\\\/\"}]}<\/script>\n<!-- \/ Yoast SEO plugin. -->","yoast_head_json":{"title":"Le pr\u00e9sident Ebrahim Ra\u00efssi d\u00e9c\u00e8de dans un crash d&rsquo;h\u00e9licopt\u00e8re - La Sentinelle","robots":{"index":"index","follow":"follow","max-snippet":"max-snippet:-1","max-image-preview":"max-image-preview:large","max-video-preview":"max-video-preview:-1"},"canonical":"https:\/\/lasentinelle.dz\/index.php\/2024\/05\/21\/le-president-ebrahim-raissi-decede-dans-un-crash-dhelicoptere\/","og_locale":"fr_FR","og_type":"article","og_title":"Le pr\u00e9sident Ebrahim Ra\u00efssi d\u00e9c\u00e8de dans un crash d&rsquo;h\u00e9licopt\u00e8re - La Sentinelle","og_description":"Le pr\u00e9sident iranien est d\u00e9c\u00e9d\u00e9 dans un crash d\u2019h\u00e9licopt\u00e8re, qui transportait \u00e9galement le ministre des Affaires \u00e9trang\u00e8res et des responsables","og_url":"https:\/\/lasentinelle.dz\/index.php\/2024\/05\/21\/le-president-ebrahim-raissi-decede-dans-un-crash-dhelicoptere\/","og_site_name":"La Sentinelle","article_publisher":"https:\/\/www.facebook.com\/La-Sentinelle-104059864394773","article_published_time":"2024-05-21T14:21:15+00:00","article_modified_time":"2024-05-21T14:21:16+00:00","og_image":[{"width":2047,"height":1365,"url":"https:\/\/lasentinelle.dz\/wp-content\/uploads\/2024\/05\/raissi.webp","type":"image\/webp"}],"author":"La Sentinelle","twitter_card":"summary_large_image","twitter_misc":{"\u00c9crit par":"La Sentinelle","Dur\u00e9e de lecture estim\u00e9e":"7 minutes"},"schema":{"@context":"https:\/\/schema.org","@graph":[{"@type":"Article","@id":"https:\/\/lasentinelle.dz\/index.php\/2024\/05\/21\/le-president-ebrahim-raissi-decede-dans-un-crash-dhelicoptere\/#article","isPartOf":{"@id":"https:\/\/lasentinelle.dz\/index.php\/2024\/05\/21\/le-president-ebrahim-raissi-decede-dans-un-crash-dhelicoptere\/"},"author":{"name":"La Sentinelle","@id":"https:\/\/lasentinelle.dz\/#\/schema\/person\/d865044e22e70a75174ce8bcad3acfb3"},"headline":"Le pr\u00e9sident Ebrahim Ra\u00efssi d\u00e9c\u00e8de dans un crash d&rsquo;h\u00e9licopt\u00e8re","datePublished":"2024-05-21T14:21:15+00:00","dateModified":"2024-05-21T14:21:16+00:00","mainEntityOfPage":{"@id":"https:\/\/lasentinelle.dz\/index.php\/2024\/05\/21\/le-president-ebrahim-raissi-decede-dans-un-crash-dhelicoptere\/"},"wordCount":1518,"commentCount":0,"publisher":{"@id":"https:\/\/lasentinelle.dz\/#organization"},"image":{"@id":"https:\/\/lasentinelle.dz\/index.php\/2024\/05\/21\/le-president-ebrahim-raissi-decede-dans-un-crash-dhelicoptere\/#primaryimage"},"thumbnailUrl":"https:\/\/lasentinelle.dz\/wp-content\/uploads\/2024\/05\/raissi.webp","articleSection":["\u00c0 la Une","Actualit\u00e9"],"inLanguage":"fr-FR","potentialAction":[{"@type":"CommentAction","name":"Comment","target":["https:\/\/lasentinelle.dz\/index.php\/2024\/05\/21\/le-president-ebrahim-raissi-decede-dans-un-crash-dhelicoptere\/#respond"]}]},{"@type":"WebPage","@id":"https:\/\/lasentinelle.dz\/index.php\/2024\/05\/21\/le-president-ebrahim-raissi-decede-dans-un-crash-dhelicoptere\/","url":"https:\/\/lasentinelle.dz\/index.php\/2024\/05\/21\/le-president-ebrahim-raissi-decede-dans-un-crash-dhelicoptere\/","name":"Le pr\u00e9sident Ebrahim Ra\u00efssi d\u00e9c\u00e8de dans un crash d&rsquo;h\u00e9licopt\u00e8re - La Sentinelle","isPartOf":{"@id":"https:\/\/lasentinelle.dz\/#website"},"primaryImageOfPage":{"@id":"https:\/\/lasentinelle.dz\/index.php\/2024\/05\/21\/le-president-ebrahim-raissi-decede-dans-un-crash-dhelicoptere\/#primaryimage"},"image":{"@id":"https:\/\/lasentinelle.dz\/index.php\/2024\/05\/21\/le-president-ebrahim-raissi-decede-dans-un-crash-dhelicoptere\/#primaryimage"},"thumbnailUrl":"https:\/\/lasentinelle.dz\/wp-content\/uploads\/2024\/05\/raissi.webp","datePublished":"2024-05-21T14:21:15+00:00","dateModified":"2024-05-21T14:21:16+00:00","breadcrumb":{"@id":"https:\/\/lasentinelle.dz\/index.php\/2024\/05\/21\/le-president-ebrahim-raissi-decede-dans-un-crash-dhelicoptere\/#breadcrumb"},"inLanguage":"fr-FR","potentialAction":[{"@type":"ReadAction","target":["https:\/\/lasentinelle.dz\/index.php\/2024\/05\/21\/le-president-ebrahim-raissi-decede-dans-un-crash-dhelicoptere\/"]}]},{"@type":"ImageObject","inLanguage":"fr-FR","@id":"https:\/\/lasentinelle.dz\/index.php\/2024\/05\/21\/le-president-ebrahim-raissi-decede-dans-un-crash-dhelicoptere\/#primaryimage","url":"https:\/\/lasentinelle.dz\/wp-content\/uploads\/2024\/05\/raissi.webp","contentUrl":"https:\/\/lasentinelle.dz\/wp-content\/uploads\/2024\/05\/raissi.webp","width":2047,"height":1365},{"@type":"BreadcrumbList","@id":"https:\/\/lasentinelle.dz\/index.php\/2024\/05\/21\/le-president-ebrahim-raissi-decede-dans-un-crash-dhelicoptere\/#breadcrumb","itemListElement":[{"@type":"ListItem","position":1,"name":"Accueil","item":"https:\/\/lasentinelle.dz\/"},{"@type":"ListItem","position":2,"name":"Le pr\u00e9sident Ebrahim Ra\u00efssi d\u00e9c\u00e8de dans un crash d&rsquo;h\u00e9licopt\u00e8re"}]},{"@type":"WebSite","@id":"https:\/\/lasentinelle.dz\/#website","url":"https:\/\/lasentinelle.dz\/","name":"La Sentinelle","description":"Quotidien national d&#039;information","publisher":{"@id":"https:\/\/lasentinelle.dz\/#organization"},"potentialAction":[{"@type":"SearchAction","target":{"@type":"EntryPoint","urlTemplate":"https:\/\/lasentinelle.dz\/?s={search_term_string}"},"query-input":{"@type":"PropertyValueSpecification","valueRequired":true,"valueName":"search_term_string"}}],"inLanguage":"fr-FR"},{"@type":"Organization","@id":"https:\/\/lasentinelle.dz\/#organization","name":"Quotidien La Sentinelle","url":"https:\/\/lasentinelle.dz\/","logo":{"@type":"ImageObject","inLanguage":"fr-FR","@id":"https:\/\/lasentinelle.dz\/#\/schema\/logo\/image\/","url":"https:\/\/lasentinelle.dz\/wp-content\/uploads\/2021\/09\/logo-sentinelleSLOGAN-1.png","contentUrl":"https:\/\/lasentinelle.dz\/wp-content\/uploads\/2021\/09\/logo-sentinelleSLOGAN-1.png","width":615,"height":142,"caption":"Quotidien La Sentinelle"},"image":{"@id":"https:\/\/lasentinelle.dz\/#\/schema\/logo\/image\/"},"sameAs":["https:\/\/www.facebook.com\/La-Sentinelle-104059864394773"]},{"@type":"Person","@id":"https:\/\/lasentinelle.dz\/#\/schema\/person\/d865044e22e70a75174ce8bcad3acfb3","name":"La Sentinelle","image":{"@type":"ImageObject","inLanguage":"fr-FR","@id":"https:\/\/secure.gravatar.com\/avatar\/57de8e5d4b15d43fb361a71fbb36338450fe67865b528a43dd10ef7c51a20392?s=96&d=mm&r=g","url":"https:\/\/secure.gravatar.com\/avatar\/57de8e5d4b15d43fb361a71fbb36338450fe67865b528a43dd10ef7c51a20392?s=96&d=mm&r=g","contentUrl":"https:\/\/secure.gravatar.com\/avatar\/57de8e5d4b15d43fb361a71fbb36338450fe67865b528a43dd10ef7c51a20392?s=96&d=mm&r=g","caption":"La Sentinelle"},"sameAs":["http:\/\/www.lasentinelle.dz"],"url":"https:\/\/lasentinelle.dz\/author\/redaction\/"}]}},"_links":{"self":[{"href":"https:\/\/lasentinelle.dz\/index.php\/wp-json\/wp\/v2\/posts\/52666","targetHints":{"allow":["GET"]}}],"collection":[{"href":"https:\/\/lasentinelle.dz\/index.php\/wp-json\/wp\/v2\/posts"}],"about":[{"href":"https:\/\/lasentinelle.dz\/index.php\/wp-json\/wp\/v2\/types\/post"}],"author":[{"embeddable":true,"href":"https:\/\/lasentinelle.dz\/index.php\/wp-json\/wp\/v2\/users\/3"}],"replies":[{"embeddable":true,"href":"https:\/\/lasentinelle.dz\/index.php\/wp-json\/wp\/v2\/comments?post=52666"}],"version-history":[{"count":2,"href":"https:\/\/lasentinelle.dz\/index.php\/wp-json\/wp\/v2\/posts\/52666\/revisions"}],"predecessor-version":[{"id":52669,"href":"https:\/\/lasentinelle.dz\/index.php\/wp-json\/wp\/v2\/posts\/52666\/revisions\/52669"}],"wp:featuredmedia":[{"embeddable":true,"href":"https:\/\/lasentinelle.dz\/index.php\/wp-json\/wp\/v2\/media\/52667"}],"wp:attachment":[{"href":"https:\/\/lasentinelle.dz\/index.php\/wp-json\/wp\/v2\/media?parent=52666"}],"wp:term":[{"taxonomy":"category","embeddable":true,"href":"https:\/\/lasentinelle.dz\/index.php\/wp-json\/wp\/v2\/categories?post=52666"},{"taxonomy":"post_tag","embeddable":true,"href":"https:\/\/lasentinelle.dz\/index.php\/wp-json\/wp\/v2\/tags?post=52666"}],"curies":[{"name":"wp","href":"https:\/\/api.w.org\/{rel}","templated":true}]}}