{"id":52701,"date":"2024-05-22T15:48:45","date_gmt":"2024-05-22T14:48:45","guid":{"rendered":"https:\/\/lasentinelle.dz\/?p=52701"},"modified":"2024-05-22T15:48:48","modified_gmt":"2024-05-22T14:48:48","slug":"sonatrach-se-deploie-en-afrique","status":"publish","type":"post","link":"https:\/\/lasentinelle.dz\/index.php\/2024\/05\/22\/sonatrach-se-deploie-en-afrique\/","title":{"rendered":"Sonatrach se d\u00e9ploie en Afrique"},"content":{"rendered":"\n<p>La Sonatrach se d\u00e9ploie en Afrique et s\u2019implante dans l\u2019exploration et les services p\u00e9troliers dans plusieurs du continent \u00e0 travers des partenariats gagnant-gagnant avec les compagnies p\u00e9troli\u00e8res nationales africaines. C\u2019est dans ce sens, et en marge d\u2019une visite du ministre de l\u2019\u00c9nergie et des Mines en R\u00e9publique du Congo, un m\u00e9morandum d\u2019entente et de coop\u00e9ration dans les domaines d&rsquo;exploration et de services p\u00e9troliers, dans ce pays a \u00e9t\u00e9 sign\u00e9 hier \u00e0 Brazzaville. Selon un communiqu\u00e9 du minist\u00e8re de l\u2019\u00c9nergie et des Mines. L\u2019accord porte particuli\u00e8rement sur \u00ab\u00a0les opportunit\u00e9s d&rsquo;investissement de la compagnie Sonatrach dans le secteur d&rsquo;exploration du p\u00e9trole et du gaz dans la R\u00e9publique du Congo, la coop\u00e9ration entre la soci\u00e9t\u00e9 Sonatrach et la Soci\u00e9t\u00e9 nationale des p\u00e9troles du Congo (SNPC), notamment en mati\u00e8re d&rsquo;aval p\u00e9trolier, ainsi que la possibilit\u00e9 pour la Sonatrach et ses filiales d&rsquo;intervenir, au Congo, en mati\u00e8re de services p\u00e9troliers et de fourniture d&rsquo;\u00e9quipements\u00a0\u00bb. &nbsp;L\u2019Alg\u00e9rie se propose aussi par le biais de cet accord de partager son expertise dans le d\u00e9veloppement du secteur du gaz, notamment le Gaz naturel liqu\u00e9fi\u00e9 (GNL), l&rsquo;assistance technique en mati\u00e8re de p\u00e9trochimie, le d\u00e9veloppement, la promotion et l&rsquo;utilisation du Gaz de p\u00e9trole liqu\u00e9fi\u00e9 (GPL), ainsi que dans le domaine de la r\u00e9duction de l&#8217;empreinte carbone dans l&rsquo;industrie des hydrocarbures. Le m\u00e9morandum porte \u00e9galement sur la coop\u00e9ration, en vue d&rsquo;\u00e9laborer le cadre juridique et r\u00e9glementaire du secteur des hydrocarbures et ce qui concerne les r\u00e9formes, la cr\u00e9ation et l&rsquo;organisation des instances de r\u00e9gulation et de promotion des activit\u00e9s dans le secteur des hydrocarbures, outre la cr\u00e9ation d&rsquo;une base de donn\u00e9es nationales, notamment dans le domaine minier des hydrocarbures et l&rsquo;\u00e9laboration des contrats-type d&rsquo;exploration et d&rsquo;exploitation du p\u00e9trole. Il s&rsquo;agit \u00e9galement des domaines li\u00e9s au contr\u00f4le technique en mati\u00e8re d&rsquo;hygi\u00e8ne, de s\u00e9curit\u00e9 et d&rsquo;environnement des installations p\u00e9troli\u00e8res, en sus des d\u00e9fis li\u00e9s aux activit\u00e9s d&rsquo;hydrocarbures dont la pr\u00e9vention, la protection, la surveillance, la r\u00e9habilitation et l&rsquo;enqu\u00eate sur les accidents industriels, la formation et le d\u00e9veloppement du capital humain dans tous les m\u00e9tiers li\u00e9s au secteur des hydrocarbures. A cette occasion, une feuille de route a \u00e9galement \u00e9t\u00e9 sign\u00e9e entre le groupe Sonatrach et la SNPC, comportant les grandes lignes des proc\u00e9dures mises en \u0153uvre entre les deux soci\u00e9t\u00e9s sur la cha\u00eene de valeur des hydrocarbures et la formation, depuis la signature du m\u00e9morandum d&rsquo;entente entre les deux parties. La feuille de route vise \u00e0 jeter les bases d&rsquo;une coop\u00e9ration \u00ab\u00a0efficace et durable\u00a0\u00bb dans les domaines de l&rsquo;exploration, du d\u00e9veloppement, du transport, de la transformation, de la distribution, de l&rsquo;approvisionnement et de la commercialisation des hydrocarbures, et pr\u00e9voit l&rsquo;\u00e9change d&rsquo;expertises et d&rsquo;exp\u00e9riences, le d\u00e9veloppement des comp\u00e9tences professionnelles et la formation des employ\u00e9s de la SNPC, ajoute le communiqu\u00e9. Dans ce contexte, une d\u00e9l\u00e9gation congolaise se rendra \u00ab\u00a0prochainement\u00a0\u00bb en Alg\u00e9rie pour une visite de travail afin de discuter des opportunit\u00e9s de coop\u00e9ration dans le domaine de la gestion de prospection des hydrocarbures et du cadre juridique et r\u00e9glementaire r\u00e9gissant ces activit\u00e9s. Il est utile de rappeler que la Sonatrach a multipli\u00e9 les accords de coop\u00e9ration dans le domaine des hydrocarbures avec les compagnies p\u00e9troli\u00e8res africaines. Elle a sign\u00e9 au cours des derniers mois des accords a vec entre autres l\u2019entreprise nationale d\u2019hydrocarbures du Mozambique (ENH), deux soci\u00e9t\u00e9s p\u00e9troli\u00e8res s\u00e9n\u00e9galaises, ou encore la Soci\u00e9t\u00e9 nationale ougandaise du p\u00e9trole. Il est vrai qu\u2019au regard des besoins importants des pays du continent en mati\u00e8re d\u2019\u00e9lectrification rurale, mais aussi de gestion souveraine de leurs ressources mini\u00e8res et hydrocarbures, l\u2019exp\u00e9rience de l\u2019Alg\u00e9rie en la mati\u00e8re peut \u00eatre d\u2019un apport consid\u00e9rable.&nbsp;La coop\u00e9ration en mati\u00e8re d\u2019hydrocarbures, mais aussi en ce qui concerne l\u2019\u00e9lectricit\u00e9 ont \u00e9t\u00e9 au c\u0153ur des entretiens que le ministre de l\u2019\u00c9nergie et des Mines a eu avec les responsables gouvernementaux congolais. Mohamed Arkab a en effet rencontr\u00e9, hier \u00e0 le ministre congolais de l&rsquo;Energie et de l&rsquo;Hydraulique, Emile Ouosso, avec lequel il a examin\u00e9 les opportunit\u00e9s de d\u00e9velopper les relations de coop\u00e9ration dans les domaines de la production et du transfert de l&rsquo;\u00e9lectricit\u00e9 et de la formation. Les deux ministres \u00ab\u00a0ont pass\u00e9 en revue les voies et moyens de d\u00e9velopper les relations de coop\u00e9ration dans les domaines de la production, du transfert, de la transformation et de la distribution de l&rsquo;\u00e9lectricit\u00e9 en sus de la maintenance et de la production d&rsquo;\u00e9quipements \u00e9lectriques et de formation\u00a0\u00bb. Arkab a d\u2019ailleurs affich\u00e9 \u00ab\u00a0la disponibilit\u00e9 de l&rsquo;Alg\u00e9rie \u00e0 accompagner la R\u00e9publique du Congo dans ses projets \u00e9lectrique \u00e0 travers le groupe Sonelgaz, tout en \u0153uvrant \u00e0 transf\u00e9rer le savoir-faire et l&rsquo;exp\u00e9rience en termes d&rsquo;ing\u00e9nierie, d&rsquo;\u00e9tudes et de d\u00e9veloppement des r\u00e9seaux \u00e9lectriques et des \u00e9nergies renouvelables, notamment l&rsquo;\u00e9nergie solaire\u00a0\u00bb. Les deux parties ont \u00e9voqu\u00e9 dans ce sens \u00ab\u00a0les diff\u00e9rents domaines susceptibles de renforcer les relations de coop\u00e9ration, les investissements, l&rsquo;\u00e9change d&rsquo;exp\u00e9riences et le d\u00e9veloppement des solutions aux pr\u00e9occupations communes, notamment entre le groupe Sonelgaz et la Soci\u00e9t\u00e9 congolaise d&rsquo;\u00e9lectricit\u00e9 (SNEL)\u00a0\u00bb. Avec le ministre congolais des Hydrocarbures, Bruno Jean-Richard Itoua, Mohamed Arkab a \u00e9vqou\u00e9 les voies et moyens de renforcer la coop\u00e9ration \u00e9nerg\u00e9tique entre les deux pays, notamment en mati\u00e8re d&rsquo;hydrocarbures. &nbsp;Le ministre de l\u2019\u00c9nergie et des Mines a affirm\u00e9, dans ce sens, que \u00ab\u00a0l&rsquo;Alg\u00e9rie est pr\u00eate \u00e0 apporter son appui \u00e0 la R\u00e9publique du Congo \u00e0 travers la formation et le transfert de son savoir-faire et de son expertise dans le domaine des hydrocarbures, en r\u00e9ponse aux aspirations des deux peuples amis et en application des orientations des dirigeants des deux pays, le pr\u00e9sident de la R\u00e9publique, M. Abdelmadjid Tebboune et son fr\u00e8re le Pr\u00e9sident M. Denis Sassou-Nguesso\u00a0\u00bb.<\/p>\n\n\n\n<p>Sabrina Aziouez<\/p>\n\n\n\n<p><strong>Arkab souligne le soutien de l&rsquo;Alg\u00e9rie aux efforts africains de formation dans le domaine p\u00e9trolier<\/strong><\/p>\n\n\n\n<p>&nbsp;Le ministre de l&rsquo;Energie et des Mines, Mohamed Arkab, a soulign\u00e9 mardi \u00e0 Brazzaville (R\u00e9publique du Congo), le soutien de l&rsquo;Alg\u00e9rie aux efforts de l&rsquo;Organisation africaine des producteurs de p\u00e9trole (APPO) en mati\u00e8re de formation et de d\u00e9veloppement des nouvelles techniques dans le domaine p\u00e9trolier, indique un communiqu\u00e9 du minist\u00e8re. En visite au si\u00e8ge du Secr\u00e9tariat g\u00e9n\u00e9ral de l&rsquo;Organisation africaine des producteurs de p\u00e9trole, dans le cadre de sa visite de travail en R\u00e9publique du Congo (20-22 mai), M. Akrab a indiqu\u00e9 que l&rsquo;Alg\u00e9rie soutenait la mobilisation de tous les moyens n\u00e9cessaires au d\u00e9veloppement de l&rsquo;Afrique en mati\u00e8re de formation et de nouvelles techniques dans le domaines p\u00e9trolier. A cette occasion, le ministre a mis en avant le r\u00f4le de l&rsquo;Alg\u00e9rie dans les r\u00e9formes en cours au sein de l&rsquo;organisation, \u00e0 travers ses infrastructures et son d\u00e9veloppement technologique et en mati\u00e8re de formation dans le domaine p\u00e9trolier, ajoute le communiqu\u00e9. A noter que M. Arkab et la d\u00e9l\u00e9gation l&rsquo;accompagnant dans cette visite ont \u00e9t\u00e9 accueillis par la repr\u00e9sentante du Secr\u00e9taire g\u00e9n\u00e9ral de l&rsquo;Organisation africaine des producteurs de p\u00e9trole.<\/p>\n","protected":false},"excerpt":{"rendered":"<p>La Sonatrach se d\u00e9ploie en Afrique et s\u2019implante dans l\u2019exploration et les services p\u00e9troliers dans plusieurs du continent \u00e0 travers<\/p>\n","protected":false},"author":3,"featured_media":52702,"comment_status":"open","ping_status":"closed","sticky":false,"template":"","format":"standard","meta":{"colormag_page_container_layout":"default_layout","colormag_page_sidebar_layout":"default_layout","om_disable_all_campaigns":false,"_monsterinsights_skip_tracking":false,"_monsterinsights_sitenote_active":false,"_monsterinsights_sitenote_note":"","_monsterinsights_sitenote_category":0,"footnotes":"","_wpscppro_dont_share_socialmedia":false,"_wpscppro_custom_social_share_image":0,"_facebook_share_type":"default","_twitter_share_type":"default","_linkedin_share_type":"default","_pinterest_share_type":"default","_linkedin_share_type_page":"","_instagram_share_type":"default","_medium_share_type":"","_threads_share_type":"","_google_business_share_type":"","_selected_social_profile":[],"_wpsp_enable_custom_social_template":false,"_wpsp_social_scheduling":{"enabled":false,"datetime":null,"platforms":[],"status":"template_only","dateOption":"today","timeOption":"now","customDays":"","customHours":"","customDate":"","customTime":"","schedulingType":"absolute"},"_wpsp_active_default_template":true},"categories":[52,29],"tags":[],"class_list":["post-52701","post","type-post","status-publish","format-standard","has-post-thumbnail","hentry","category-a-la-une","category-economie"],"aioseo_notices":[],"yoast_head":"<!-- This site is optimized with the Yoast SEO plugin v27.5 - https:\/\/yoast.com\/product\/yoast-seo-wordpress\/ -->\n<title>Sonatrach se d\u00e9ploie en Afrique - La Sentinelle<\/title>\n<meta name=\"robots\" content=\"index, follow, max-snippet:-1, max-image-preview:large, max-video-preview:-1\" \/>\n<link rel=\"canonical\" href=\"https:\/\/lasentinelle.dz\/index.php\/2024\/05\/22\/sonatrach-se-deploie-en-afrique\/\" \/>\n<meta property=\"og:locale\" content=\"fr_FR\" \/>\n<meta property=\"og:type\" content=\"article\" \/>\n<meta property=\"og:title\" content=\"Sonatrach se d\u00e9ploie en Afrique - La Sentinelle\" \/>\n<meta property=\"og:description\" content=\"La Sonatrach se d\u00e9ploie en Afrique et s\u2019implante dans l\u2019exploration et les services p\u00e9troliers dans plusieurs du continent \u00e0 travers\" \/>\n<meta property=\"og:url\" content=\"https:\/\/lasentinelle.dz\/index.php\/2024\/05\/22\/sonatrach-se-deploie-en-afrique\/\" \/>\n<meta property=\"og:site_name\" content=\"La Sentinelle\" \/>\n<meta property=\"article:publisher\" content=\"https:\/\/www.facebook.com\/La-Sentinelle-104059864394773\" \/>\n<meta property=\"article:published_time\" content=\"2024-05-22T14:48:45+00:00\" \/>\n<meta property=\"article:modified_time\" content=\"2024-05-22T14:48:48+00:00\" \/>\n<meta property=\"og:image\" content=\"https:\/\/lasentinelle.dz\/wp-content\/uploads\/2024\/05\/accord.jpeg\" \/>\n\t<meta property=\"og:image:width\" content=\"2048\" \/>\n\t<meta property=\"og:image:height\" content=\"1280\" \/>\n\t<meta property=\"og:image:type\" content=\"image\/jpeg\" \/>\n<meta name=\"author\" content=\"La Sentinelle\" \/>\n<meta name=\"twitter:card\" content=\"summary_large_image\" \/>\n<meta name=\"twitter:label1\" content=\"\u00c9crit par\" \/>\n\t<meta name=\"twitter:data1\" content=\"La Sentinelle\" \/>\n\t<meta name=\"twitter:label2\" content=\"Dur\u00e9e de lecture estim\u00e9e\" \/>\n\t<meta name=\"twitter:data2\" content=\"6 minutes\" \/>\n<script type=\"application\/ld+json\" class=\"yoast-schema-graph\">{\"@context\":\"https:\\\/\\\/schema.org\",\"@graph\":[{\"@type\":\"Article\",\"@id\":\"https:\\\/\\\/lasentinelle.dz\\\/index.php\\\/2024\\\/05\\\/22\\\/sonatrach-se-deploie-en-afrique\\\/#article\",\"isPartOf\":{\"@id\":\"https:\\\/\\\/lasentinelle.dz\\\/index.php\\\/2024\\\/05\\\/22\\\/sonatrach-se-deploie-en-afrique\\\/\"},\"author\":{\"name\":\"La Sentinelle\",\"@id\":\"https:\\\/\\\/lasentinelle.dz\\\/#\\\/schema\\\/person\\\/d865044e22e70a75174ce8bcad3acfb3\"},\"headline\":\"Sonatrach se d\u00e9ploie en Afrique\",\"datePublished\":\"2024-05-22T14:48:45+00:00\",\"dateModified\":\"2024-05-22T14:48:48+00:00\",\"mainEntityOfPage\":{\"@id\":\"https:\\\/\\\/lasentinelle.dz\\\/index.php\\\/2024\\\/05\\\/22\\\/sonatrach-se-deploie-en-afrique\\\/\"},\"wordCount\":1333,\"commentCount\":0,\"publisher\":{\"@id\":\"https:\\\/\\\/lasentinelle.dz\\\/#organization\"},\"image\":{\"@id\":\"https:\\\/\\\/lasentinelle.dz\\\/index.php\\\/2024\\\/05\\\/22\\\/sonatrach-se-deploie-en-afrique\\\/#primaryimage\"},\"thumbnailUrl\":\"https:\\\/\\\/lasentinelle.dz\\\/wp-content\\\/uploads\\\/2024\\\/05\\\/accord.jpeg\",\"articleSection\":[\"\u00c0 la Une\",\"\u00c9conomie\"],\"inLanguage\":\"fr-FR\",\"potentialAction\":[{\"@type\":\"CommentAction\",\"name\":\"Comment\",\"target\":[\"https:\\\/\\\/lasentinelle.dz\\\/index.php\\\/2024\\\/05\\\/22\\\/sonatrach-se-deploie-en-afrique\\\/#respond\"]}]},{\"@type\":\"WebPage\",\"@id\":\"https:\\\/\\\/lasentinelle.dz\\\/index.php\\\/2024\\\/05\\\/22\\\/sonatrach-se-deploie-en-afrique\\\/\",\"url\":\"https:\\\/\\\/lasentinelle.dz\\\/index.php\\\/2024\\\/05\\\/22\\\/sonatrach-se-deploie-en-afrique\\\/\",\"name\":\"Sonatrach se d\u00e9ploie en Afrique - La Sentinelle\",\"isPartOf\":{\"@id\":\"https:\\\/\\\/lasentinelle.dz\\\/#website\"},\"primaryImageOfPage\":{\"@id\":\"https:\\\/\\\/lasentinelle.dz\\\/index.php\\\/2024\\\/05\\\/22\\\/sonatrach-se-deploie-en-afrique\\\/#primaryimage\"},\"image\":{\"@id\":\"https:\\\/\\\/lasentinelle.dz\\\/index.php\\\/2024\\\/05\\\/22\\\/sonatrach-se-deploie-en-afrique\\\/#primaryimage\"},\"thumbnailUrl\":\"https:\\\/\\\/lasentinelle.dz\\\/wp-content\\\/uploads\\\/2024\\\/05\\\/accord.jpeg\",\"datePublished\":\"2024-05-22T14:48:45+00:00\",\"dateModified\":\"2024-05-22T14:48:48+00:00\",\"breadcrumb\":{\"@id\":\"https:\\\/\\\/lasentinelle.dz\\\/index.php\\\/2024\\\/05\\\/22\\\/sonatrach-se-deploie-en-afrique\\\/#breadcrumb\"},\"inLanguage\":\"fr-FR\",\"potentialAction\":[{\"@type\":\"ReadAction\",\"target\":[\"https:\\\/\\\/lasentinelle.dz\\\/index.php\\\/2024\\\/05\\\/22\\\/sonatrach-se-deploie-en-afrique\\\/\"]}]},{\"@type\":\"ImageObject\",\"inLanguage\":\"fr-FR\",\"@id\":\"https:\\\/\\\/lasentinelle.dz\\\/index.php\\\/2024\\\/05\\\/22\\\/sonatrach-se-deploie-en-afrique\\\/#primaryimage\",\"url\":\"https:\\\/\\\/lasentinelle.dz\\\/wp-content\\\/uploads\\\/2024\\\/05\\\/accord.jpeg\",\"contentUrl\":\"https:\\\/\\\/lasentinelle.dz\\\/wp-content\\\/uploads\\\/2024\\\/05\\\/accord.jpeg\",\"width\":2048,\"height\":1280},{\"@type\":\"BreadcrumbList\",\"@id\":\"https:\\\/\\\/lasentinelle.dz\\\/index.php\\\/2024\\\/05\\\/22\\\/sonatrach-se-deploie-en-afrique\\\/#breadcrumb\",\"itemListElement\":[{\"@type\":\"ListItem\",\"position\":1,\"name\":\"Accueil\",\"item\":\"https:\\\/\\\/lasentinelle.dz\\\/\"},{\"@type\":\"ListItem\",\"position\":2,\"name\":\"Sonatrach se d\u00e9ploie en Afrique\"}]},{\"@type\":\"WebSite\",\"@id\":\"https:\\\/\\\/lasentinelle.dz\\\/#website\",\"url\":\"https:\\\/\\\/lasentinelle.dz\\\/\",\"name\":\"La Sentinelle\",\"description\":\"Quotidien national d&#039;information\",\"publisher\":{\"@id\":\"https:\\\/\\\/lasentinelle.dz\\\/#organization\"},\"potentialAction\":[{\"@type\":\"SearchAction\",\"target\":{\"@type\":\"EntryPoint\",\"urlTemplate\":\"https:\\\/\\\/lasentinelle.dz\\\/?s={search_term_string}\"},\"query-input\":{\"@type\":\"PropertyValueSpecification\",\"valueRequired\":true,\"valueName\":\"search_term_string\"}}],\"inLanguage\":\"fr-FR\"},{\"@type\":\"Organization\",\"@id\":\"https:\\\/\\\/lasentinelle.dz\\\/#organization\",\"name\":\"Quotidien La Sentinelle\",\"url\":\"https:\\\/\\\/lasentinelle.dz\\\/\",\"logo\":{\"@type\":\"ImageObject\",\"inLanguage\":\"fr-FR\",\"@id\":\"https:\\\/\\\/lasentinelle.dz\\\/#\\\/schema\\\/logo\\\/image\\\/\",\"url\":\"https:\\\/\\\/lasentinelle.dz\\\/wp-content\\\/uploads\\\/2021\\\/09\\\/logo-sentinelleSLOGAN-1.png\",\"contentUrl\":\"https:\\\/\\\/lasentinelle.dz\\\/wp-content\\\/uploads\\\/2021\\\/09\\\/logo-sentinelleSLOGAN-1.png\",\"width\":615,\"height\":142,\"caption\":\"Quotidien La Sentinelle\"},\"image\":{\"@id\":\"https:\\\/\\\/lasentinelle.dz\\\/#\\\/schema\\\/logo\\\/image\\\/\"},\"sameAs\":[\"https:\\\/\\\/www.facebook.com\\\/La-Sentinelle-104059864394773\"]},{\"@type\":\"Person\",\"@id\":\"https:\\\/\\\/lasentinelle.dz\\\/#\\\/schema\\\/person\\\/d865044e22e70a75174ce8bcad3acfb3\",\"name\":\"La Sentinelle\",\"image\":{\"@type\":\"ImageObject\",\"inLanguage\":\"fr-FR\",\"@id\":\"https:\\\/\\\/secure.gravatar.com\\\/avatar\\\/57de8e5d4b15d43fb361a71fbb36338450fe67865b528a43dd10ef7c51a20392?s=96&d=mm&r=g\",\"url\":\"https:\\\/\\\/secure.gravatar.com\\\/avatar\\\/57de8e5d4b15d43fb361a71fbb36338450fe67865b528a43dd10ef7c51a20392?s=96&d=mm&r=g\",\"contentUrl\":\"https:\\\/\\\/secure.gravatar.com\\\/avatar\\\/57de8e5d4b15d43fb361a71fbb36338450fe67865b528a43dd10ef7c51a20392?s=96&d=mm&r=g\",\"caption\":\"La Sentinelle\"},\"sameAs\":[\"http:\\\/\\\/www.lasentinelle.dz\"],\"url\":\"https:\\\/\\\/lasentinelle.dz\\\/author\\\/redaction\\\/\"}]}<\/script>\n<!-- \/ Yoast SEO plugin. -->","yoast_head_json":{"title":"Sonatrach se d\u00e9ploie en Afrique - La Sentinelle","robots":{"index":"index","follow":"follow","max-snippet":"max-snippet:-1","max-image-preview":"max-image-preview:large","max-video-preview":"max-video-preview:-1"},"canonical":"https:\/\/lasentinelle.dz\/index.php\/2024\/05\/22\/sonatrach-se-deploie-en-afrique\/","og_locale":"fr_FR","og_type":"article","og_title":"Sonatrach se d\u00e9ploie en Afrique - La Sentinelle","og_description":"La Sonatrach se d\u00e9ploie en Afrique et s\u2019implante dans l\u2019exploration et les services p\u00e9troliers dans plusieurs du continent \u00e0 travers","og_url":"https:\/\/lasentinelle.dz\/index.php\/2024\/05\/22\/sonatrach-se-deploie-en-afrique\/","og_site_name":"La Sentinelle","article_publisher":"https:\/\/www.facebook.com\/La-Sentinelle-104059864394773","article_published_time":"2024-05-22T14:48:45+00:00","article_modified_time":"2024-05-22T14:48:48+00:00","og_image":[{"width":2048,"height":1280,"url":"https:\/\/lasentinelle.dz\/wp-content\/uploads\/2024\/05\/accord.jpeg","type":"image\/jpeg"}],"author":"La Sentinelle","twitter_card":"summary_large_image","twitter_misc":{"\u00c9crit par":"La Sentinelle","Dur\u00e9e de lecture estim\u00e9e":"6 minutes"},"schema":{"@context":"https:\/\/schema.org","@graph":[{"@type":"Article","@id":"https:\/\/lasentinelle.dz\/index.php\/2024\/05\/22\/sonatrach-se-deploie-en-afrique\/#article","isPartOf":{"@id":"https:\/\/lasentinelle.dz\/index.php\/2024\/05\/22\/sonatrach-se-deploie-en-afrique\/"},"author":{"name":"La Sentinelle","@id":"https:\/\/lasentinelle.dz\/#\/schema\/person\/d865044e22e70a75174ce8bcad3acfb3"},"headline":"Sonatrach se d\u00e9ploie en Afrique","datePublished":"2024-05-22T14:48:45+00:00","dateModified":"2024-05-22T14:48:48+00:00","mainEntityOfPage":{"@id":"https:\/\/lasentinelle.dz\/index.php\/2024\/05\/22\/sonatrach-se-deploie-en-afrique\/"},"wordCount":1333,"commentCount":0,"publisher":{"@id":"https:\/\/lasentinelle.dz\/#organization"},"image":{"@id":"https:\/\/lasentinelle.dz\/index.php\/2024\/05\/22\/sonatrach-se-deploie-en-afrique\/#primaryimage"},"thumbnailUrl":"https:\/\/lasentinelle.dz\/wp-content\/uploads\/2024\/05\/accord.jpeg","articleSection":["\u00c0 la Une","\u00c9conomie"],"inLanguage":"fr-FR","potentialAction":[{"@type":"CommentAction","name":"Comment","target":["https:\/\/lasentinelle.dz\/index.php\/2024\/05\/22\/sonatrach-se-deploie-en-afrique\/#respond"]}]},{"@type":"WebPage","@id":"https:\/\/lasentinelle.dz\/index.php\/2024\/05\/22\/sonatrach-se-deploie-en-afrique\/","url":"https:\/\/lasentinelle.dz\/index.php\/2024\/05\/22\/sonatrach-se-deploie-en-afrique\/","name":"Sonatrach se d\u00e9ploie en Afrique - La Sentinelle","isPartOf":{"@id":"https:\/\/lasentinelle.dz\/#website"},"primaryImageOfPage":{"@id":"https:\/\/lasentinelle.dz\/index.php\/2024\/05\/22\/sonatrach-se-deploie-en-afrique\/#primaryimage"},"image":{"@id":"https:\/\/lasentinelle.dz\/index.php\/2024\/05\/22\/sonatrach-se-deploie-en-afrique\/#primaryimage"},"thumbnailUrl":"https:\/\/lasentinelle.dz\/wp-content\/uploads\/2024\/05\/accord.jpeg","datePublished":"2024-05-22T14:48:45+00:00","dateModified":"2024-05-22T14:48:48+00:00","breadcrumb":{"@id":"https:\/\/lasentinelle.dz\/index.php\/2024\/05\/22\/sonatrach-se-deploie-en-afrique\/#breadcrumb"},"inLanguage":"fr-FR","potentialAction":[{"@type":"ReadAction","target":["https:\/\/lasentinelle.dz\/index.php\/2024\/05\/22\/sonatrach-se-deploie-en-afrique\/"]}]},{"@type":"ImageObject","inLanguage":"fr-FR","@id":"https:\/\/lasentinelle.dz\/index.php\/2024\/05\/22\/sonatrach-se-deploie-en-afrique\/#primaryimage","url":"https:\/\/lasentinelle.dz\/wp-content\/uploads\/2024\/05\/accord.jpeg","contentUrl":"https:\/\/lasentinelle.dz\/wp-content\/uploads\/2024\/05\/accord.jpeg","width":2048,"height":1280},{"@type":"BreadcrumbList","@id":"https:\/\/lasentinelle.dz\/index.php\/2024\/05\/22\/sonatrach-se-deploie-en-afrique\/#breadcrumb","itemListElement":[{"@type":"ListItem","position":1,"name":"Accueil","item":"https:\/\/lasentinelle.dz\/"},{"@type":"ListItem","position":2,"name":"Sonatrach se d\u00e9ploie en Afrique"}]},{"@type":"WebSite","@id":"https:\/\/lasentinelle.dz\/#website","url":"https:\/\/lasentinelle.dz\/","name":"La Sentinelle","description":"Quotidien national d&#039;information","publisher":{"@id":"https:\/\/lasentinelle.dz\/#organization"},"potentialAction":[{"@type":"SearchAction","target":{"@type":"EntryPoint","urlTemplate":"https:\/\/lasentinelle.dz\/?s={search_term_string}"},"query-input":{"@type":"PropertyValueSpecification","valueRequired":true,"valueName":"search_term_string"}}],"inLanguage":"fr-FR"},{"@type":"Organization","@id":"https:\/\/lasentinelle.dz\/#organization","name":"Quotidien La Sentinelle","url":"https:\/\/lasentinelle.dz\/","logo":{"@type":"ImageObject","inLanguage":"fr-FR","@id":"https:\/\/lasentinelle.dz\/#\/schema\/logo\/image\/","url":"https:\/\/lasentinelle.dz\/wp-content\/uploads\/2021\/09\/logo-sentinelleSLOGAN-1.png","contentUrl":"https:\/\/lasentinelle.dz\/wp-content\/uploads\/2021\/09\/logo-sentinelleSLOGAN-1.png","width":615,"height":142,"caption":"Quotidien La Sentinelle"},"image":{"@id":"https:\/\/lasentinelle.dz\/#\/schema\/logo\/image\/"},"sameAs":["https:\/\/www.facebook.com\/La-Sentinelle-104059864394773"]},{"@type":"Person","@id":"https:\/\/lasentinelle.dz\/#\/schema\/person\/d865044e22e70a75174ce8bcad3acfb3","name":"La Sentinelle","image":{"@type":"ImageObject","inLanguage":"fr-FR","@id":"https:\/\/secure.gravatar.com\/avatar\/57de8e5d4b15d43fb361a71fbb36338450fe67865b528a43dd10ef7c51a20392?s=96&d=mm&r=g","url":"https:\/\/secure.gravatar.com\/avatar\/57de8e5d4b15d43fb361a71fbb36338450fe67865b528a43dd10ef7c51a20392?s=96&d=mm&r=g","contentUrl":"https:\/\/secure.gravatar.com\/avatar\/57de8e5d4b15d43fb361a71fbb36338450fe67865b528a43dd10ef7c51a20392?s=96&d=mm&r=g","caption":"La Sentinelle"},"sameAs":["http:\/\/www.lasentinelle.dz"],"url":"https:\/\/lasentinelle.dz\/author\/redaction\/"}]}},"_links":{"self":[{"href":"https:\/\/lasentinelle.dz\/index.php\/wp-json\/wp\/v2\/posts\/52701","targetHints":{"allow":["GET"]}}],"collection":[{"href":"https:\/\/lasentinelle.dz\/index.php\/wp-json\/wp\/v2\/posts"}],"about":[{"href":"https:\/\/lasentinelle.dz\/index.php\/wp-json\/wp\/v2\/types\/post"}],"author":[{"embeddable":true,"href":"https:\/\/lasentinelle.dz\/index.php\/wp-json\/wp\/v2\/users\/3"}],"replies":[{"embeddable":true,"href":"https:\/\/lasentinelle.dz\/index.php\/wp-json\/wp\/v2\/comments?post=52701"}],"version-history":[{"count":1,"href":"https:\/\/lasentinelle.dz\/index.php\/wp-json\/wp\/v2\/posts\/52701\/revisions"}],"predecessor-version":[{"id":52703,"href":"https:\/\/lasentinelle.dz\/index.php\/wp-json\/wp\/v2\/posts\/52701\/revisions\/52703"}],"wp:featuredmedia":[{"embeddable":true,"href":"https:\/\/lasentinelle.dz\/index.php\/wp-json\/wp\/v2\/media\/52702"}],"wp:attachment":[{"href":"https:\/\/lasentinelle.dz\/index.php\/wp-json\/wp\/v2\/media?parent=52701"}],"wp:term":[{"taxonomy":"category","embeddable":true,"href":"https:\/\/lasentinelle.dz\/index.php\/wp-json\/wp\/v2\/categories?post=52701"},{"taxonomy":"post_tag","embeddable":true,"href":"https:\/\/lasentinelle.dz\/index.php\/wp-json\/wp\/v2\/tags?post=52701"}],"curies":[{"name":"wp","href":"https:\/\/api.w.org\/{rel}","templated":true}]}}