{"id":52738,"date":"2024-05-23T12:41:00","date_gmt":"2024-05-23T11:41:00","guid":{"rendered":"https:\/\/lasentinelle.dz\/?p=52738"},"modified":"2024-05-24T12:44:29","modified_gmt":"2024-05-24T11:44:29","slug":"faf-saadane-nomme-a-la-tete-du-college-technique-national","status":"publish","type":"post","link":"https:\/\/lasentinelle.dz\/index.php\/2024\/05\/23\/faf-saadane-nomme-a-la-tete-du-college-technique-national\/","title":{"rendered":"FAF\u00a0: Saadane nomm\u00e9 \u00e0 la t\u00eate du coll\u00e8ge technique national"},"content":{"rendered":"\n<p>L&rsquo;ex s\u00e9lectionneur national, Rabah Saadane, a \u00e9t\u00e9 nomm\u00e9 Coordinateur g\u00e9n\u00e9ral du coll\u00e8ge technique national. La F\u00e9d\u00e9ration alg\u00e9rienne de football a indiqu\u00e9 hier dans un communiqu\u00e9 que cette nomination intervient suite \u00e0 la d\u00e9cision du pr\u00e9sident de l\u2019instance, Walid Sadi prise en concertation avec le directeur technique national, Ameur Mensoul. \u00ab\u00a0Je suis heureux de pouvoir servir une nouvelle fois mon pays. Je remercie encore une fois le pr\u00e9sident de la FAF, Walid Sadi pour sa confiance. Je serai honor\u00e9 d\u2019apporter mon exp\u00e9rience pour aider au d\u00e9veloppement du football alg\u00e9rien. L\u2019installation de ce coll\u00e8ge technique est une excellente chose pour notre football et tous ensemble on fera le n\u00e9cessaire pour contribuer \u00e0 sa progression\u00a0\u00bb, a d\u00e9clar\u00e9 le doyen des entraineurs alg\u00e9riens, Rabah Saadane. De son c\u00f4t\u00e9, le directeur technique national, Ameur Mansoul a d\u00e9clar\u00e9 \u00e0 propos de cette nomination : \u00ab\u00a0Nous sommes heureux \u00e0 la direction technique de pouvoir compter sur l\u2019un des monuments du football alg\u00e9rien, en l&rsquo;occurrence, Rabah Saadane. Je suis convaincu qu\u2019il apportera beaucoup \u00e0 notre football de par ses connaissances, ses exp\u00e9riences et son v\u00e9cu. Le football alg\u00e9rien a besoin de lui et nous sommes honor\u00e9s de l\u2019avoir parmi nous.\u00a0\u00bb Rappelons que le coll\u00e8ge technique national a tenu sa deuxi\u00e8me r\u00e9union mardi port\u00e9e essentiellement sur la pr\u00e9sentation du projet sur les dispositions r\u00e9glementaires ainsi que sur la gestion des championnats des jeunes cat\u00e9gories pour la saison \u00e0 venir. Dans ce contexte, le vice-pr\u00e9sident de la FAF et charg\u00e9 de la gestion de la Ligue de football professionnel (LFP), Mohamed El Amine Mesloug a indiqu\u00e9 dans son allocution que \u00ab\u00a0le football \u00e9volue \u00e0 une vitesse importante et nous devons aller vers la concertation avec l\u2019ensemble des acteurs pour suivre cette \u00e9volution.\u00a0\u00bb. \u00ab\u00a0Notre r\u00f4le \u00e0 la f\u00e9d\u00e9ration, c&rsquo;est la gestion, et le d\u00e9veloppement c&rsquo;est de votre ressort, vous les techniciens. D\u00e9sormais, on doit passer \u00e0 l\u2019action, aller sur le terrain et obtenir des r\u00e9sultats concrets, notamment chez les jeunes cat\u00e9gories et pour cela, nous devons mettre en avant les comp\u00e9tences\u00a0\u00bb, a-t-il dit. A l&rsquo;ouverture des travaux, le secr\u00e9taire g\u00e9n\u00e9ral de la FAF, Nadir Bouzenad a profit\u00e9 de cette occasion pour transmettre le message du pr\u00e9sident de la FAF, Walid Sadi, qui a insist\u00e9 pour la tenue de ce coll\u00e8ge technique national. \u00ab\u00a0Nous voulons r\u00e9ellement instaurer un environnement de confiance avec nos techniciens et nos experts pour assurer le d\u00e9veloppement de notre football. On doit absolument privil\u00e9gier la communication entre les diff\u00e9rents acteurs du football national. Tout jeune joueur de notre pays a le droit d\u2019avoir de l\u2019espoir. Notre r\u00f4le c\u2019est de cr\u00e9er cet espoir et le rendre possible\u00a0\u00bb, a relev\u00e9 Bouzenad. Pr\u00e8s d\u2019une soixantaine de techniciens ont pris part \u00e0 cette r\u00e9union importante qui a regroup\u00e9 les diff\u00e9rents s\u00e9lectionneurs nationaux, les directeurs techniques r\u00e9gionaux, les directeurs techniques de wilayas, les directeurs sportifs des 16 clubs de l\u2019\u00e9lite, les experts techniques ainsi que les stagiaires de la premi\u00e8re promotion pour l\u2019obtention de la licence CAF Pro. Sous la direction du Directeur technique national (DTN), Ameur Mansoul, cette r\u00e9union fut \u00e9t\u00e9 tr\u00e8s riche en enseignements et les conclusions tir\u00e9es vont d\u00e9sormais \u00eatre pr\u00e9sent\u00e9es \u00e0 l&rsquo;occasion de la prochaine r\u00e9union du bureau f\u00e9d\u00e9ral pr\u00e9vue demain vendredi pour validation, a conclu la FAF.<\/p>\n\n\n\n<p>R.S.<\/p>\n","protected":false},"excerpt":{"rendered":"<p>L&rsquo;ex s\u00e9lectionneur national, Rabah Saadane, a \u00e9t\u00e9 nomm\u00e9 Coordinateur g\u00e9n\u00e9ral du coll\u00e8ge technique national. La F\u00e9d\u00e9ration alg\u00e9rienne de football a<\/p>\n","protected":false},"author":3,"featured_media":52739,"comment_status":"open","ping_status":"closed","sticky":false,"template":"","format":"standard","meta":{"colormag_page_container_layout":"default_layout","colormag_page_sidebar_layout":"default_layout","om_disable_all_campaigns":false,"_monsterinsights_skip_tracking":false,"_monsterinsights_sitenote_active":false,"_monsterinsights_sitenote_note":"","_monsterinsights_sitenote_category":0,"footnotes":"","_wpscppro_dont_share_socialmedia":false,"_wpscppro_custom_social_share_image":0,"_facebook_share_type":"default","_twitter_share_type":"default","_linkedin_share_type":"default","_pinterest_share_type":"default","_linkedin_share_type_page":"","_instagram_share_type":"default","_medium_share_type":"","_threads_share_type":"","_google_business_share_type":"","_selected_social_profile":[],"_wpsp_enable_custom_social_template":false,"_wpsp_social_scheduling":{"enabled":false,"datetime":null,"platforms":[],"status":"template_only","dateOption":"today","timeOption":"now","customDays":"","customHours":"","customDate":"","customTime":"","schedulingType":"absolute"},"_wpsp_active_default_template":true},"categories":[52,33],"tags":[],"class_list":["post-52738","post","type-post","status-publish","format-standard","has-post-thumbnail","hentry","category-a-la-une","category-sports"],"aioseo_notices":[],"yoast_head":"<!-- This site is optimized with the Yoast SEO plugin v27.5 - https:\/\/yoast.com\/product\/yoast-seo-wordpress\/ -->\n<title>FAF\u00a0: Saadane nomm\u00e9 \u00e0 la t\u00eate du coll\u00e8ge technique national - La Sentinelle<\/title>\n<meta name=\"robots\" content=\"index, follow, max-snippet:-1, max-image-preview:large, max-video-preview:-1\" \/>\n<link rel=\"canonical\" href=\"https:\/\/lasentinelle.dz\/index.php\/2024\/05\/23\/faf-saadane-nomme-a-la-tete-du-college-technique-national\/\" \/>\n<meta property=\"og:locale\" content=\"fr_FR\" \/>\n<meta property=\"og:type\" content=\"article\" \/>\n<meta property=\"og:title\" content=\"FAF\u00a0: Saadane nomm\u00e9 \u00e0 la t\u00eate du coll\u00e8ge technique national - La Sentinelle\" \/>\n<meta property=\"og:description\" content=\"L&rsquo;ex s\u00e9lectionneur national, Rabah Saadane, a \u00e9t\u00e9 nomm\u00e9 Coordinateur g\u00e9n\u00e9ral du coll\u00e8ge technique national. La F\u00e9d\u00e9ration alg\u00e9rienne de football a\" \/>\n<meta property=\"og:url\" content=\"https:\/\/lasentinelle.dz\/index.php\/2024\/05\/23\/faf-saadane-nomme-a-la-tete-du-college-technique-national\/\" \/>\n<meta property=\"og:site_name\" content=\"La Sentinelle\" \/>\n<meta property=\"article:publisher\" content=\"https:\/\/www.facebook.com\/La-Sentinelle-104059864394773\" \/>\n<meta property=\"article:published_time\" content=\"2024-05-23T11:41:00+00:00\" \/>\n<meta property=\"article:modified_time\" content=\"2024-05-24T11:44:29+00:00\" \/>\n<meta property=\"og:image\" content=\"https:\/\/lasentinelle.dz\/wp-content\/uploads\/2024\/05\/Saadane.jpeg\" \/>\n\t<meta property=\"og:image:width\" content=\"2400\" \/>\n\t<meta property=\"og:image:height\" content=\"1600\" \/>\n\t<meta property=\"og:image:type\" content=\"image\/jpeg\" \/>\n<meta name=\"author\" content=\"La Sentinelle\" \/>\n<meta name=\"twitter:card\" content=\"summary_large_image\" \/>\n<meta name=\"twitter:label1\" content=\"\u00c9crit par\" \/>\n\t<meta name=\"twitter:data1\" content=\"La Sentinelle\" \/>\n\t<meta name=\"twitter:label2\" content=\"Dur\u00e9e de lecture estim\u00e9e\" \/>\n\t<meta name=\"twitter:data2\" content=\"3 minutes\" \/>\n<script type=\"application\/ld+json\" class=\"yoast-schema-graph\">{\"@context\":\"https:\\\/\\\/schema.org\",\"@graph\":[{\"@type\":\"Article\",\"@id\":\"https:\\\/\\\/lasentinelle.dz\\\/index.php\\\/2024\\\/05\\\/23\\\/faf-saadane-nomme-a-la-tete-du-college-technique-national\\\/#article\",\"isPartOf\":{\"@id\":\"https:\\\/\\\/lasentinelle.dz\\\/index.php\\\/2024\\\/05\\\/23\\\/faf-saadane-nomme-a-la-tete-du-college-technique-national\\\/\"},\"author\":{\"name\":\"La Sentinelle\",\"@id\":\"https:\\\/\\\/lasentinelle.dz\\\/#\\\/schema\\\/person\\\/d865044e22e70a75174ce8bcad3acfb3\"},\"headline\":\"FAF\u00a0: Saadane nomm\u00e9 \u00e0 la t\u00eate du coll\u00e8ge technique national\",\"datePublished\":\"2024-05-23T11:41:00+00:00\",\"dateModified\":\"2024-05-24T11:44:29+00:00\",\"mainEntityOfPage\":{\"@id\":\"https:\\\/\\\/lasentinelle.dz\\\/index.php\\\/2024\\\/05\\\/23\\\/faf-saadane-nomme-a-la-tete-du-college-technique-national\\\/\"},\"wordCount\":616,\"commentCount\":0,\"publisher\":{\"@id\":\"https:\\\/\\\/lasentinelle.dz\\\/#organization\"},\"image\":{\"@id\":\"https:\\\/\\\/lasentinelle.dz\\\/index.php\\\/2024\\\/05\\\/23\\\/faf-saadane-nomme-a-la-tete-du-college-technique-national\\\/#primaryimage\"},\"thumbnailUrl\":\"https:\\\/\\\/lasentinelle.dz\\\/wp-content\\\/uploads\\\/2024\\\/05\\\/Saadane.jpeg\",\"articleSection\":[\"\u00c0 la Une\",\"Sports\"],\"inLanguage\":\"fr-FR\",\"potentialAction\":[{\"@type\":\"CommentAction\",\"name\":\"Comment\",\"target\":[\"https:\\\/\\\/lasentinelle.dz\\\/index.php\\\/2024\\\/05\\\/23\\\/faf-saadane-nomme-a-la-tete-du-college-technique-national\\\/#respond\"]}]},{\"@type\":\"WebPage\",\"@id\":\"https:\\\/\\\/lasentinelle.dz\\\/index.php\\\/2024\\\/05\\\/23\\\/faf-saadane-nomme-a-la-tete-du-college-technique-national\\\/\",\"url\":\"https:\\\/\\\/lasentinelle.dz\\\/index.php\\\/2024\\\/05\\\/23\\\/faf-saadane-nomme-a-la-tete-du-college-technique-national\\\/\",\"name\":\"FAF\u00a0: Saadane nomm\u00e9 \u00e0 la t\u00eate du coll\u00e8ge technique national - La Sentinelle\",\"isPartOf\":{\"@id\":\"https:\\\/\\\/lasentinelle.dz\\\/#website\"},\"primaryImageOfPage\":{\"@id\":\"https:\\\/\\\/lasentinelle.dz\\\/index.php\\\/2024\\\/05\\\/23\\\/faf-saadane-nomme-a-la-tete-du-college-technique-national\\\/#primaryimage\"},\"image\":{\"@id\":\"https:\\\/\\\/lasentinelle.dz\\\/index.php\\\/2024\\\/05\\\/23\\\/faf-saadane-nomme-a-la-tete-du-college-technique-national\\\/#primaryimage\"},\"thumbnailUrl\":\"https:\\\/\\\/lasentinelle.dz\\\/wp-content\\\/uploads\\\/2024\\\/05\\\/Saadane.jpeg\",\"datePublished\":\"2024-05-23T11:41:00+00:00\",\"dateModified\":\"2024-05-24T11:44:29+00:00\",\"breadcrumb\":{\"@id\":\"https:\\\/\\\/lasentinelle.dz\\\/index.php\\\/2024\\\/05\\\/23\\\/faf-saadane-nomme-a-la-tete-du-college-technique-national\\\/#breadcrumb\"},\"inLanguage\":\"fr-FR\",\"potentialAction\":[{\"@type\":\"ReadAction\",\"target\":[\"https:\\\/\\\/lasentinelle.dz\\\/index.php\\\/2024\\\/05\\\/23\\\/faf-saadane-nomme-a-la-tete-du-college-technique-national\\\/\"]}]},{\"@type\":\"ImageObject\",\"inLanguage\":\"fr-FR\",\"@id\":\"https:\\\/\\\/lasentinelle.dz\\\/index.php\\\/2024\\\/05\\\/23\\\/faf-saadane-nomme-a-la-tete-du-college-technique-national\\\/#primaryimage\",\"url\":\"https:\\\/\\\/lasentinelle.dz\\\/wp-content\\\/uploads\\\/2024\\\/05\\\/Saadane.jpeg\",\"contentUrl\":\"https:\\\/\\\/lasentinelle.dz\\\/wp-content\\\/uploads\\\/2024\\\/05\\\/Saadane.jpeg\",\"width\":2400,\"height\":1600},{\"@type\":\"BreadcrumbList\",\"@id\":\"https:\\\/\\\/lasentinelle.dz\\\/index.php\\\/2024\\\/05\\\/23\\\/faf-saadane-nomme-a-la-tete-du-college-technique-national\\\/#breadcrumb\",\"itemListElement\":[{\"@type\":\"ListItem\",\"position\":1,\"name\":\"Accueil\",\"item\":\"https:\\\/\\\/lasentinelle.dz\\\/\"},{\"@type\":\"ListItem\",\"position\":2,\"name\":\"FAF\u00a0: Saadane nomm\u00e9 \u00e0 la t\u00eate du coll\u00e8ge technique national\"}]},{\"@type\":\"WebSite\",\"@id\":\"https:\\\/\\\/lasentinelle.dz\\\/#website\",\"url\":\"https:\\\/\\\/lasentinelle.dz\\\/\",\"name\":\"La Sentinelle\",\"description\":\"Quotidien national d&#039;information\",\"publisher\":{\"@id\":\"https:\\\/\\\/lasentinelle.dz\\\/#organization\"},\"potentialAction\":[{\"@type\":\"SearchAction\",\"target\":{\"@type\":\"EntryPoint\",\"urlTemplate\":\"https:\\\/\\\/lasentinelle.dz\\\/?s={search_term_string}\"},\"query-input\":{\"@type\":\"PropertyValueSpecification\",\"valueRequired\":true,\"valueName\":\"search_term_string\"}}],\"inLanguage\":\"fr-FR\"},{\"@type\":\"Organization\",\"@id\":\"https:\\\/\\\/lasentinelle.dz\\\/#organization\",\"name\":\"Quotidien La Sentinelle\",\"url\":\"https:\\\/\\\/lasentinelle.dz\\\/\",\"logo\":{\"@type\":\"ImageObject\",\"inLanguage\":\"fr-FR\",\"@id\":\"https:\\\/\\\/lasentinelle.dz\\\/#\\\/schema\\\/logo\\\/image\\\/\",\"url\":\"https:\\\/\\\/lasentinelle.dz\\\/wp-content\\\/uploads\\\/2021\\\/09\\\/logo-sentinelleSLOGAN-1.png\",\"contentUrl\":\"https:\\\/\\\/lasentinelle.dz\\\/wp-content\\\/uploads\\\/2021\\\/09\\\/logo-sentinelleSLOGAN-1.png\",\"width\":615,\"height\":142,\"caption\":\"Quotidien La Sentinelle\"},\"image\":{\"@id\":\"https:\\\/\\\/lasentinelle.dz\\\/#\\\/schema\\\/logo\\\/image\\\/\"},\"sameAs\":[\"https:\\\/\\\/www.facebook.com\\\/La-Sentinelle-104059864394773\"]},{\"@type\":\"Person\",\"@id\":\"https:\\\/\\\/lasentinelle.dz\\\/#\\\/schema\\\/person\\\/d865044e22e70a75174ce8bcad3acfb3\",\"name\":\"La Sentinelle\",\"image\":{\"@type\":\"ImageObject\",\"inLanguage\":\"fr-FR\",\"@id\":\"https:\\\/\\\/secure.gravatar.com\\\/avatar\\\/57de8e5d4b15d43fb361a71fbb36338450fe67865b528a43dd10ef7c51a20392?s=96&d=mm&r=g\",\"url\":\"https:\\\/\\\/secure.gravatar.com\\\/avatar\\\/57de8e5d4b15d43fb361a71fbb36338450fe67865b528a43dd10ef7c51a20392?s=96&d=mm&r=g\",\"contentUrl\":\"https:\\\/\\\/secure.gravatar.com\\\/avatar\\\/57de8e5d4b15d43fb361a71fbb36338450fe67865b528a43dd10ef7c51a20392?s=96&d=mm&r=g\",\"caption\":\"La Sentinelle\"},\"sameAs\":[\"http:\\\/\\\/www.lasentinelle.dz\"],\"url\":\"https:\\\/\\\/lasentinelle.dz\\\/author\\\/redaction\\\/\"}]}<\/script>\n<!-- \/ Yoast SEO plugin. -->","yoast_head_json":{"title":"FAF\u00a0: Saadane nomm\u00e9 \u00e0 la t\u00eate du coll\u00e8ge technique national - La Sentinelle","robots":{"index":"index","follow":"follow","max-snippet":"max-snippet:-1","max-image-preview":"max-image-preview:large","max-video-preview":"max-video-preview:-1"},"canonical":"https:\/\/lasentinelle.dz\/index.php\/2024\/05\/23\/faf-saadane-nomme-a-la-tete-du-college-technique-national\/","og_locale":"fr_FR","og_type":"article","og_title":"FAF\u00a0: Saadane nomm\u00e9 \u00e0 la t\u00eate du coll\u00e8ge technique national - La Sentinelle","og_description":"L&rsquo;ex s\u00e9lectionneur national, Rabah Saadane, a \u00e9t\u00e9 nomm\u00e9 Coordinateur g\u00e9n\u00e9ral du coll\u00e8ge technique national. La F\u00e9d\u00e9ration alg\u00e9rienne de football a","og_url":"https:\/\/lasentinelle.dz\/index.php\/2024\/05\/23\/faf-saadane-nomme-a-la-tete-du-college-technique-national\/","og_site_name":"La Sentinelle","article_publisher":"https:\/\/www.facebook.com\/La-Sentinelle-104059864394773","article_published_time":"2024-05-23T11:41:00+00:00","article_modified_time":"2024-05-24T11:44:29+00:00","og_image":[{"width":2400,"height":1600,"url":"https:\/\/lasentinelle.dz\/wp-content\/uploads\/2024\/05\/Saadane.jpeg","type":"image\/jpeg"}],"author":"La Sentinelle","twitter_card":"summary_large_image","twitter_misc":{"\u00c9crit par":"La Sentinelle","Dur\u00e9e de lecture estim\u00e9e":"3 minutes"},"schema":{"@context":"https:\/\/schema.org","@graph":[{"@type":"Article","@id":"https:\/\/lasentinelle.dz\/index.php\/2024\/05\/23\/faf-saadane-nomme-a-la-tete-du-college-technique-national\/#article","isPartOf":{"@id":"https:\/\/lasentinelle.dz\/index.php\/2024\/05\/23\/faf-saadane-nomme-a-la-tete-du-college-technique-national\/"},"author":{"name":"La Sentinelle","@id":"https:\/\/lasentinelle.dz\/#\/schema\/person\/d865044e22e70a75174ce8bcad3acfb3"},"headline":"FAF\u00a0: Saadane nomm\u00e9 \u00e0 la t\u00eate du coll\u00e8ge technique national","datePublished":"2024-05-23T11:41:00+00:00","dateModified":"2024-05-24T11:44:29+00:00","mainEntityOfPage":{"@id":"https:\/\/lasentinelle.dz\/index.php\/2024\/05\/23\/faf-saadane-nomme-a-la-tete-du-college-technique-national\/"},"wordCount":616,"commentCount":0,"publisher":{"@id":"https:\/\/lasentinelle.dz\/#organization"},"image":{"@id":"https:\/\/lasentinelle.dz\/index.php\/2024\/05\/23\/faf-saadane-nomme-a-la-tete-du-college-technique-national\/#primaryimage"},"thumbnailUrl":"https:\/\/lasentinelle.dz\/wp-content\/uploads\/2024\/05\/Saadane.jpeg","articleSection":["\u00c0 la Une","Sports"],"inLanguage":"fr-FR","potentialAction":[{"@type":"CommentAction","name":"Comment","target":["https:\/\/lasentinelle.dz\/index.php\/2024\/05\/23\/faf-saadane-nomme-a-la-tete-du-college-technique-national\/#respond"]}]},{"@type":"WebPage","@id":"https:\/\/lasentinelle.dz\/index.php\/2024\/05\/23\/faf-saadane-nomme-a-la-tete-du-college-technique-national\/","url":"https:\/\/lasentinelle.dz\/index.php\/2024\/05\/23\/faf-saadane-nomme-a-la-tete-du-college-technique-national\/","name":"FAF\u00a0: Saadane nomm\u00e9 \u00e0 la t\u00eate du coll\u00e8ge technique national - La Sentinelle","isPartOf":{"@id":"https:\/\/lasentinelle.dz\/#website"},"primaryImageOfPage":{"@id":"https:\/\/lasentinelle.dz\/index.php\/2024\/05\/23\/faf-saadane-nomme-a-la-tete-du-college-technique-national\/#primaryimage"},"image":{"@id":"https:\/\/lasentinelle.dz\/index.php\/2024\/05\/23\/faf-saadane-nomme-a-la-tete-du-college-technique-national\/#primaryimage"},"thumbnailUrl":"https:\/\/lasentinelle.dz\/wp-content\/uploads\/2024\/05\/Saadane.jpeg","datePublished":"2024-05-23T11:41:00+00:00","dateModified":"2024-05-24T11:44:29+00:00","breadcrumb":{"@id":"https:\/\/lasentinelle.dz\/index.php\/2024\/05\/23\/faf-saadane-nomme-a-la-tete-du-college-technique-national\/#breadcrumb"},"inLanguage":"fr-FR","potentialAction":[{"@type":"ReadAction","target":["https:\/\/lasentinelle.dz\/index.php\/2024\/05\/23\/faf-saadane-nomme-a-la-tete-du-college-technique-national\/"]}]},{"@type":"ImageObject","inLanguage":"fr-FR","@id":"https:\/\/lasentinelle.dz\/index.php\/2024\/05\/23\/faf-saadane-nomme-a-la-tete-du-college-technique-national\/#primaryimage","url":"https:\/\/lasentinelle.dz\/wp-content\/uploads\/2024\/05\/Saadane.jpeg","contentUrl":"https:\/\/lasentinelle.dz\/wp-content\/uploads\/2024\/05\/Saadane.jpeg","width":2400,"height":1600},{"@type":"BreadcrumbList","@id":"https:\/\/lasentinelle.dz\/index.php\/2024\/05\/23\/faf-saadane-nomme-a-la-tete-du-college-technique-national\/#breadcrumb","itemListElement":[{"@type":"ListItem","position":1,"name":"Accueil","item":"https:\/\/lasentinelle.dz\/"},{"@type":"ListItem","position":2,"name":"FAF\u00a0: Saadane nomm\u00e9 \u00e0 la t\u00eate du coll\u00e8ge technique national"}]},{"@type":"WebSite","@id":"https:\/\/lasentinelle.dz\/#website","url":"https:\/\/lasentinelle.dz\/","name":"La Sentinelle","description":"Quotidien national d&#039;information","publisher":{"@id":"https:\/\/lasentinelle.dz\/#organization"},"potentialAction":[{"@type":"SearchAction","target":{"@type":"EntryPoint","urlTemplate":"https:\/\/lasentinelle.dz\/?s={search_term_string}"},"query-input":{"@type":"PropertyValueSpecification","valueRequired":true,"valueName":"search_term_string"}}],"inLanguage":"fr-FR"},{"@type":"Organization","@id":"https:\/\/lasentinelle.dz\/#organization","name":"Quotidien La Sentinelle","url":"https:\/\/lasentinelle.dz\/","logo":{"@type":"ImageObject","inLanguage":"fr-FR","@id":"https:\/\/lasentinelle.dz\/#\/schema\/logo\/image\/","url":"https:\/\/lasentinelle.dz\/wp-content\/uploads\/2021\/09\/logo-sentinelleSLOGAN-1.png","contentUrl":"https:\/\/lasentinelle.dz\/wp-content\/uploads\/2021\/09\/logo-sentinelleSLOGAN-1.png","width":615,"height":142,"caption":"Quotidien La Sentinelle"},"image":{"@id":"https:\/\/lasentinelle.dz\/#\/schema\/logo\/image\/"},"sameAs":["https:\/\/www.facebook.com\/La-Sentinelle-104059864394773"]},{"@type":"Person","@id":"https:\/\/lasentinelle.dz\/#\/schema\/person\/d865044e22e70a75174ce8bcad3acfb3","name":"La Sentinelle","image":{"@type":"ImageObject","inLanguage":"fr-FR","@id":"https:\/\/secure.gravatar.com\/avatar\/57de8e5d4b15d43fb361a71fbb36338450fe67865b528a43dd10ef7c51a20392?s=96&d=mm&r=g","url":"https:\/\/secure.gravatar.com\/avatar\/57de8e5d4b15d43fb361a71fbb36338450fe67865b528a43dd10ef7c51a20392?s=96&d=mm&r=g","contentUrl":"https:\/\/secure.gravatar.com\/avatar\/57de8e5d4b15d43fb361a71fbb36338450fe67865b528a43dd10ef7c51a20392?s=96&d=mm&r=g","caption":"La Sentinelle"},"sameAs":["http:\/\/www.lasentinelle.dz"],"url":"https:\/\/lasentinelle.dz\/author\/redaction\/"}]}},"_links":{"self":[{"href":"https:\/\/lasentinelle.dz\/index.php\/wp-json\/wp\/v2\/posts\/52738","targetHints":{"allow":["GET"]}}],"collection":[{"href":"https:\/\/lasentinelle.dz\/index.php\/wp-json\/wp\/v2\/posts"}],"about":[{"href":"https:\/\/lasentinelle.dz\/index.php\/wp-json\/wp\/v2\/types\/post"}],"author":[{"embeddable":true,"href":"https:\/\/lasentinelle.dz\/index.php\/wp-json\/wp\/v2\/users\/3"}],"replies":[{"embeddable":true,"href":"https:\/\/lasentinelle.dz\/index.php\/wp-json\/wp\/v2\/comments?post=52738"}],"version-history":[{"count":1,"href":"https:\/\/lasentinelle.dz\/index.php\/wp-json\/wp\/v2\/posts\/52738\/revisions"}],"predecessor-version":[{"id":52740,"href":"https:\/\/lasentinelle.dz\/index.php\/wp-json\/wp\/v2\/posts\/52738\/revisions\/52740"}],"wp:featuredmedia":[{"embeddable":true,"href":"https:\/\/lasentinelle.dz\/index.php\/wp-json\/wp\/v2\/media\/52739"}],"wp:attachment":[{"href":"https:\/\/lasentinelle.dz\/index.php\/wp-json\/wp\/v2\/media?parent=52738"}],"wp:term":[{"taxonomy":"category","embeddable":true,"href":"https:\/\/lasentinelle.dz\/index.php\/wp-json\/wp\/v2\/categories?post=52738"},{"taxonomy":"post_tag","embeddable":true,"href":"https:\/\/lasentinelle.dz\/index.php\/wp-json\/wp\/v2\/tags?post=52738"}],"curies":[{"name":"wp","href":"https:\/\/api.w.org\/{rel}","templated":true}]}}