{"id":52741,"date":"2024-05-23T12:44:00","date_gmt":"2024-05-23T11:44:00","guid":{"rendered":"https:\/\/lasentinelle.dz\/?p=52741"},"modified":"2024-05-24T12:46:06","modified_gmt":"2024-05-24T11:46:06","slug":"tebessa-les-hopitaux-dotes-de-nouveaux-scanners","status":"publish","type":"post","link":"https:\/\/lasentinelle.dz\/index.php\/2024\/05\/23\/tebessa-les-hopitaux-dotes-de-nouveaux-scanners\/","title":{"rendered":"T\u00e9bessa\u00a0: Les h\u00f4pitaux dot\u00e9s de nouveaux scanners"},"content":{"rendered":"\n<p>Adh\u00e9rant \u00e0 la politique de l&rsquo;\u00c9tat, visant \u00e0 assurer les moyens m\u00e9dicaux n\u00e9cessaires pour la prise en charge des patients, les autorit\u00e9s locales de la wilaya ont mis la main \u00e0 la poche pour investir dans l\u2019achat de nouveaux \u00e9quipements m\u00e9dicaux.&nbsp;<\/p>\n\n\n\n<p>En effet, pas moins de 5 nouveaux scanners ont \u00e9t\u00e9 acquis au profit des h\u00f4pitaux de la wilaya, apprend-on d\u2019une source relevant de la direction de la sant\u00e9 publique (DSP) de T\u00e9bessa. Selon la m\u00eame source, un processus qui a \u00e9t\u00e9 entam\u00e9 au d\u00e9but de l\u2019ann\u00e9e en cours, pour mettre en exploitation les nouveaux \u00e9quipements m\u00e9dicaux avant la fin du premier semestre du m\u00eame exercice. L\u2019op\u00e9ration a commenc\u00e9 par l\u2019h\u00f4pital de Bir El Ater qui a \u00e9t\u00e9 dot\u00e9, il y a trois mois, d&rsquo;un scanner aussit\u00f4t mis en service. Dans le m\u00eame contexte, notre source a fait savoir que deux autres scanners ont \u00e9t\u00e9 r\u00e9ceptionn\u00e9s ce lundi. Les op\u00e9rations de montage, des deux \u00e9quipements du m\u00eame type, ont \u00e9t\u00e9 achev\u00e9es pour l\u2019h\u00f4pital El Eugla et l\u2019h\u00f4pital El Aouinet et sont entr\u00e9s en service. Autre \u00e9tablissement sanitaire dot\u00e9 d\u2019un nouveau scanner, l\u2019h\u00f4pital d\u2019El Aouinet. Le chef de l\u2019ex\u00e9cutif local a proc\u00e9d\u00e9, hier, \u00e0 la remise de l\u2019\u00e9quipement qui sera op\u00e9rationnel d\u00e8s demain. La m\u00eame source a expliqu\u00e9 que l\u2019op\u00e9ration d\u2019acquisition des \u00e9quipements de scanners se poursuit encore, pour toucher deux autres \u00e9tablissements, \u00e0 savoir l\u2019h\u00f4pital de Ch\u00e9ria et d\u2019El Ouenza qui seront dot\u00e9s, dans les tous prochains jours, chacun d\u2019un scanner. L\u2019achat de ces \u00e9quipements a n\u00e9cessit\u00e9 la mobilisation de budgets suppl\u00e9mentaires sur le fonds de wilaya au titre de l\u2019exercice prochain pour l\u2019acquisition de 5 autres scanners devant \u00eatre remis au profit d\u2019autres \u00e9tablissements de sant\u00e9. L\u2019acquisition de ces \u00e9quipements vise \u00e0 am\u00e9liorer les conditions de prise en charge m\u00e9dicale des citoyens et leur \u00e9viter les d\u00e9placements vers les wilayas limitrophes et les r\u00e9duire un tant soit peu les d\u00e9penses en d\u00e9coulant. Par ailleurs, et toujours dans le cadre de l\u2019am\u00e9lioration de la prise en charge des malades, la m\u00eame source a annonc\u00e9 l\u2019entr\u00e9e en service dans les prochains jours, d\u2019un h\u00f4pital d\u2019une capacit\u00e9 de 120 lits implant\u00e9 au chef-lieu de wilaya. En outre, il est \u00e0 noter que le secteur de la sant\u00e9 s\u2019achemine vers le d\u00e9veloppement des services de sant\u00e9 publique, \u00e0 travers la r\u00e9alisation, au niveau de l\u2019h\u00f4pital de Ch\u00e9ria, d\u2019un bloc des urgences. D\u2019une capacit\u00e9 de 25 lits, ce service va permettre une prise en charge optimale des cas d\u2019urgence, au lieu de leur transfert vers un autre h\u00f4pital. Par ailleurs, dans le cadre du rapprochement de la sant\u00e9 publique du citoyen, il est pr\u00e9vu la r\u00e9alisation d\u2019un h\u00f4pital de 60 lits \u00e0 Negrine, ainsi que de l\u2019h\u00f4pital Chouchane-Loucif Benmohamed, d\u2019une capacit\u00e9 de 60 lits situ\u00e9e dans la commune d\u2019El Ogla. Les \u00e9tudes techniques de ce dernier ainsi que celle du bloc des urgences (Ch\u00e9ria), sont en phase finale et sont pratiquement achev\u00e9es. Ces projets une fois r\u00e9alis\u00e9s et mis en services seront d\u2019un apport important en mati\u00e8re d\u2019all\u00e9gement de la pression sur les autres \u00e9tablissements hospitaliers et sur les professionnels de la sant\u00e9. \u00c0 cet effet, nos sources ont r\u00e9v\u00e9l\u00e9 le recrutement, durant l\u2019ann\u00e9e en cours, de 130 m\u00e9decins g\u00e9n\u00e9ralistes et sp\u00e9cialistes. Cet essor remarquable du secteur de la sant\u00e9 dans la wilaya de T\u00e9bessa vise \u00e0 cr\u00e9er un \u00e9quilibre dans la wilaya en mati\u00e8re de soins, en particulier dans les zones recul\u00e9es et isol\u00e9es, tout en cr\u00e9ant des dizaines d\u2019emplois pour les m\u00e9decins et les param\u00e9dicaux et en \u00e9pargnant aux patients les d\u00e9placements vers le chef-lieu de wilaya ou dans les wilayas voisines.<\/p>\n\n\n\n<p><strong>Sofia Chahine<\/strong><\/p>\n","protected":false},"excerpt":{"rendered":"<p>Adh\u00e9rant \u00e0 la politique de l&rsquo;\u00c9tat, visant \u00e0 assurer les moyens m\u00e9dicaux n\u00e9cessaires pour la prise en charge des patients,<\/p>\n","protected":false},"author":3,"featured_media":52742,"comment_status":"open","ping_status":"closed","sticky":false,"template":"","format":"standard","meta":{"colormag_page_container_layout":"default_layout","colormag_page_sidebar_layout":"default_layout","om_disable_all_campaigns":false,"_monsterinsights_skip_tracking":false,"_monsterinsights_sitenote_active":false,"_monsterinsights_sitenote_note":"","_monsterinsights_sitenote_category":0,"footnotes":"","_wpscppro_dont_share_socialmedia":false,"_wpscppro_custom_social_share_image":0,"_facebook_share_type":"default","_twitter_share_type":"default","_linkedin_share_type":"default","_pinterest_share_type":"default","_linkedin_share_type_page":"","_instagram_share_type":"default","_medium_share_type":"","_threads_share_type":"","_google_business_share_type":"","_selected_social_profile":[],"_wpsp_enable_custom_social_template":false,"_wpsp_social_scheduling":{"enabled":false,"datetime":null,"platforms":[],"status":"template_only","dateOption":"today","timeOption":"now","customDays":"","customHours":"","customDate":"","customTime":"","schedulingType":"absolute"},"_wpsp_active_default_template":true},"categories":[31],"tags":[],"class_list":["post-52741","post","type-post","status-publish","format-standard","has-post-thumbnail","hentry","category-regions"],"aioseo_notices":[],"yoast_head":"<!-- This site is optimized with the Yoast SEO plugin v27.5 - https:\/\/yoast.com\/product\/yoast-seo-wordpress\/ -->\n<title>T\u00e9bessa\u00a0: Les h\u00f4pitaux dot\u00e9s de nouveaux scanners - La Sentinelle<\/title>\n<meta name=\"robots\" content=\"index, follow, max-snippet:-1, max-image-preview:large, max-video-preview:-1\" \/>\n<link rel=\"canonical\" href=\"https:\/\/lasentinelle.dz\/index.php\/2024\/05\/23\/tebessa-les-hopitaux-dotes-de-nouveaux-scanners\/\" \/>\n<meta property=\"og:locale\" content=\"fr_FR\" \/>\n<meta property=\"og:type\" content=\"article\" \/>\n<meta property=\"og:title\" content=\"T\u00e9bessa\u00a0: Les h\u00f4pitaux dot\u00e9s de nouveaux scanners - La Sentinelle\" \/>\n<meta property=\"og:description\" content=\"Adh\u00e9rant \u00e0 la politique de l&rsquo;\u00c9tat, visant \u00e0 assurer les moyens m\u00e9dicaux n\u00e9cessaires pour la prise en charge des patients,\" \/>\n<meta property=\"og:url\" content=\"https:\/\/lasentinelle.dz\/index.php\/2024\/05\/23\/tebessa-les-hopitaux-dotes-de-nouveaux-scanners\/\" \/>\n<meta property=\"og:site_name\" content=\"La Sentinelle\" \/>\n<meta property=\"article:publisher\" content=\"https:\/\/www.facebook.com\/La-Sentinelle-104059864394773\" \/>\n<meta property=\"article:published_time\" content=\"2024-05-23T11:44:00+00:00\" \/>\n<meta property=\"article:modified_time\" content=\"2024-05-24T11:46:06+00:00\" \/>\n<meta property=\"og:image\" content=\"https:\/\/lasentinelle.dz\/wp-content\/uploads\/2024\/05\/scanner.webp\" \/>\n\t<meta property=\"og:image:width\" content=\"587\" \/>\n\t<meta property=\"og:image:height\" content=\"438\" \/>\n\t<meta property=\"og:image:type\" content=\"image\/webp\" \/>\n<meta name=\"author\" content=\"La Sentinelle\" \/>\n<meta name=\"twitter:card\" content=\"summary_large_image\" \/>\n<meta name=\"twitter:label1\" content=\"\u00c9crit par\" \/>\n\t<meta name=\"twitter:data1\" content=\"La Sentinelle\" \/>\n\t<meta name=\"twitter:label2\" content=\"Dur\u00e9e de lecture estim\u00e9e\" \/>\n\t<meta name=\"twitter:data2\" content=\"4 minutes\" \/>\n<script type=\"application\/ld+json\" class=\"yoast-schema-graph\">{\"@context\":\"https:\\\/\\\/schema.org\",\"@graph\":[{\"@type\":\"Article\",\"@id\":\"https:\\\/\\\/lasentinelle.dz\\\/index.php\\\/2024\\\/05\\\/23\\\/tebessa-les-hopitaux-dotes-de-nouveaux-scanners\\\/#article\",\"isPartOf\":{\"@id\":\"https:\\\/\\\/lasentinelle.dz\\\/index.php\\\/2024\\\/05\\\/23\\\/tebessa-les-hopitaux-dotes-de-nouveaux-scanners\\\/\"},\"author\":{\"name\":\"La Sentinelle\",\"@id\":\"https:\\\/\\\/lasentinelle.dz\\\/#\\\/schema\\\/person\\\/d865044e22e70a75174ce8bcad3acfb3\"},\"headline\":\"T\u00e9bessa\u00a0: Les h\u00f4pitaux dot\u00e9s de nouveaux scanners\",\"datePublished\":\"2024-05-23T11:44:00+00:00\",\"dateModified\":\"2024-05-24T11:46:06+00:00\",\"mainEntityOfPage\":{\"@id\":\"https:\\\/\\\/lasentinelle.dz\\\/index.php\\\/2024\\\/05\\\/23\\\/tebessa-les-hopitaux-dotes-de-nouveaux-scanners\\\/\"},\"wordCount\":704,\"commentCount\":0,\"publisher\":{\"@id\":\"https:\\\/\\\/lasentinelle.dz\\\/#organization\"},\"image\":{\"@id\":\"https:\\\/\\\/lasentinelle.dz\\\/index.php\\\/2024\\\/05\\\/23\\\/tebessa-les-hopitaux-dotes-de-nouveaux-scanners\\\/#primaryimage\"},\"thumbnailUrl\":\"https:\\\/\\\/lasentinelle.dz\\\/wp-content\\\/uploads\\\/2024\\\/05\\\/scanner.webp\",\"articleSection\":[\"R\u00e9gions\"],\"inLanguage\":\"fr-FR\",\"potentialAction\":[{\"@type\":\"CommentAction\",\"name\":\"Comment\",\"target\":[\"https:\\\/\\\/lasentinelle.dz\\\/index.php\\\/2024\\\/05\\\/23\\\/tebessa-les-hopitaux-dotes-de-nouveaux-scanners\\\/#respond\"]}]},{\"@type\":\"WebPage\",\"@id\":\"https:\\\/\\\/lasentinelle.dz\\\/index.php\\\/2024\\\/05\\\/23\\\/tebessa-les-hopitaux-dotes-de-nouveaux-scanners\\\/\",\"url\":\"https:\\\/\\\/lasentinelle.dz\\\/index.php\\\/2024\\\/05\\\/23\\\/tebessa-les-hopitaux-dotes-de-nouveaux-scanners\\\/\",\"name\":\"T\u00e9bessa\u00a0: Les h\u00f4pitaux dot\u00e9s de nouveaux scanners - La Sentinelle\",\"isPartOf\":{\"@id\":\"https:\\\/\\\/lasentinelle.dz\\\/#website\"},\"primaryImageOfPage\":{\"@id\":\"https:\\\/\\\/lasentinelle.dz\\\/index.php\\\/2024\\\/05\\\/23\\\/tebessa-les-hopitaux-dotes-de-nouveaux-scanners\\\/#primaryimage\"},\"image\":{\"@id\":\"https:\\\/\\\/lasentinelle.dz\\\/index.php\\\/2024\\\/05\\\/23\\\/tebessa-les-hopitaux-dotes-de-nouveaux-scanners\\\/#primaryimage\"},\"thumbnailUrl\":\"https:\\\/\\\/lasentinelle.dz\\\/wp-content\\\/uploads\\\/2024\\\/05\\\/scanner.webp\",\"datePublished\":\"2024-05-23T11:44:00+00:00\",\"dateModified\":\"2024-05-24T11:46:06+00:00\",\"breadcrumb\":{\"@id\":\"https:\\\/\\\/lasentinelle.dz\\\/index.php\\\/2024\\\/05\\\/23\\\/tebessa-les-hopitaux-dotes-de-nouveaux-scanners\\\/#breadcrumb\"},\"inLanguage\":\"fr-FR\",\"potentialAction\":[{\"@type\":\"ReadAction\",\"target\":[\"https:\\\/\\\/lasentinelle.dz\\\/index.php\\\/2024\\\/05\\\/23\\\/tebessa-les-hopitaux-dotes-de-nouveaux-scanners\\\/\"]}]},{\"@type\":\"ImageObject\",\"inLanguage\":\"fr-FR\",\"@id\":\"https:\\\/\\\/lasentinelle.dz\\\/index.php\\\/2024\\\/05\\\/23\\\/tebessa-les-hopitaux-dotes-de-nouveaux-scanners\\\/#primaryimage\",\"url\":\"https:\\\/\\\/lasentinelle.dz\\\/wp-content\\\/uploads\\\/2024\\\/05\\\/scanner.webp\",\"contentUrl\":\"https:\\\/\\\/lasentinelle.dz\\\/wp-content\\\/uploads\\\/2024\\\/05\\\/scanner.webp\",\"width\":587,\"height\":438},{\"@type\":\"BreadcrumbList\",\"@id\":\"https:\\\/\\\/lasentinelle.dz\\\/index.php\\\/2024\\\/05\\\/23\\\/tebessa-les-hopitaux-dotes-de-nouveaux-scanners\\\/#breadcrumb\",\"itemListElement\":[{\"@type\":\"ListItem\",\"position\":1,\"name\":\"Accueil\",\"item\":\"https:\\\/\\\/lasentinelle.dz\\\/\"},{\"@type\":\"ListItem\",\"position\":2,\"name\":\"T\u00e9bessa\u00a0: Les h\u00f4pitaux dot\u00e9s de nouveaux scanners\"}]},{\"@type\":\"WebSite\",\"@id\":\"https:\\\/\\\/lasentinelle.dz\\\/#website\",\"url\":\"https:\\\/\\\/lasentinelle.dz\\\/\",\"name\":\"La Sentinelle\",\"description\":\"Quotidien national d&#039;information\",\"publisher\":{\"@id\":\"https:\\\/\\\/lasentinelle.dz\\\/#organization\"},\"potentialAction\":[{\"@type\":\"SearchAction\",\"target\":{\"@type\":\"EntryPoint\",\"urlTemplate\":\"https:\\\/\\\/lasentinelle.dz\\\/?s={search_term_string}\"},\"query-input\":{\"@type\":\"PropertyValueSpecification\",\"valueRequired\":true,\"valueName\":\"search_term_string\"}}],\"inLanguage\":\"fr-FR\"},{\"@type\":\"Organization\",\"@id\":\"https:\\\/\\\/lasentinelle.dz\\\/#organization\",\"name\":\"Quotidien La Sentinelle\",\"url\":\"https:\\\/\\\/lasentinelle.dz\\\/\",\"logo\":{\"@type\":\"ImageObject\",\"inLanguage\":\"fr-FR\",\"@id\":\"https:\\\/\\\/lasentinelle.dz\\\/#\\\/schema\\\/logo\\\/image\\\/\",\"url\":\"https:\\\/\\\/lasentinelle.dz\\\/wp-content\\\/uploads\\\/2021\\\/09\\\/logo-sentinelleSLOGAN-1.png\",\"contentUrl\":\"https:\\\/\\\/lasentinelle.dz\\\/wp-content\\\/uploads\\\/2021\\\/09\\\/logo-sentinelleSLOGAN-1.png\",\"width\":615,\"height\":142,\"caption\":\"Quotidien La Sentinelle\"},\"image\":{\"@id\":\"https:\\\/\\\/lasentinelle.dz\\\/#\\\/schema\\\/logo\\\/image\\\/\"},\"sameAs\":[\"https:\\\/\\\/www.facebook.com\\\/La-Sentinelle-104059864394773\"]},{\"@type\":\"Person\",\"@id\":\"https:\\\/\\\/lasentinelle.dz\\\/#\\\/schema\\\/person\\\/d865044e22e70a75174ce8bcad3acfb3\",\"name\":\"La Sentinelle\",\"image\":{\"@type\":\"ImageObject\",\"inLanguage\":\"fr-FR\",\"@id\":\"https:\\\/\\\/secure.gravatar.com\\\/avatar\\\/57de8e5d4b15d43fb361a71fbb36338450fe67865b528a43dd10ef7c51a20392?s=96&d=mm&r=g\",\"url\":\"https:\\\/\\\/secure.gravatar.com\\\/avatar\\\/57de8e5d4b15d43fb361a71fbb36338450fe67865b528a43dd10ef7c51a20392?s=96&d=mm&r=g\",\"contentUrl\":\"https:\\\/\\\/secure.gravatar.com\\\/avatar\\\/57de8e5d4b15d43fb361a71fbb36338450fe67865b528a43dd10ef7c51a20392?s=96&d=mm&r=g\",\"caption\":\"La Sentinelle\"},\"sameAs\":[\"http:\\\/\\\/www.lasentinelle.dz\"],\"url\":\"https:\\\/\\\/lasentinelle.dz\\\/author\\\/redaction\\\/\"}]}<\/script>\n<!-- \/ Yoast SEO plugin. -->","yoast_head_json":{"title":"T\u00e9bessa\u00a0: Les h\u00f4pitaux dot\u00e9s de nouveaux scanners - La Sentinelle","robots":{"index":"index","follow":"follow","max-snippet":"max-snippet:-1","max-image-preview":"max-image-preview:large","max-video-preview":"max-video-preview:-1"},"canonical":"https:\/\/lasentinelle.dz\/index.php\/2024\/05\/23\/tebessa-les-hopitaux-dotes-de-nouveaux-scanners\/","og_locale":"fr_FR","og_type":"article","og_title":"T\u00e9bessa\u00a0: Les h\u00f4pitaux dot\u00e9s de nouveaux scanners - La Sentinelle","og_description":"Adh\u00e9rant \u00e0 la politique de l&rsquo;\u00c9tat, visant \u00e0 assurer les moyens m\u00e9dicaux n\u00e9cessaires pour la prise en charge des patients,","og_url":"https:\/\/lasentinelle.dz\/index.php\/2024\/05\/23\/tebessa-les-hopitaux-dotes-de-nouveaux-scanners\/","og_site_name":"La Sentinelle","article_publisher":"https:\/\/www.facebook.com\/La-Sentinelle-104059864394773","article_published_time":"2024-05-23T11:44:00+00:00","article_modified_time":"2024-05-24T11:46:06+00:00","og_image":[{"width":587,"height":438,"url":"https:\/\/lasentinelle.dz\/wp-content\/uploads\/2024\/05\/scanner.webp","type":"image\/webp"}],"author":"La Sentinelle","twitter_card":"summary_large_image","twitter_misc":{"\u00c9crit par":"La Sentinelle","Dur\u00e9e de lecture estim\u00e9e":"4 minutes"},"schema":{"@context":"https:\/\/schema.org","@graph":[{"@type":"Article","@id":"https:\/\/lasentinelle.dz\/index.php\/2024\/05\/23\/tebessa-les-hopitaux-dotes-de-nouveaux-scanners\/#article","isPartOf":{"@id":"https:\/\/lasentinelle.dz\/index.php\/2024\/05\/23\/tebessa-les-hopitaux-dotes-de-nouveaux-scanners\/"},"author":{"name":"La Sentinelle","@id":"https:\/\/lasentinelle.dz\/#\/schema\/person\/d865044e22e70a75174ce8bcad3acfb3"},"headline":"T\u00e9bessa\u00a0: Les h\u00f4pitaux dot\u00e9s de nouveaux scanners","datePublished":"2024-05-23T11:44:00+00:00","dateModified":"2024-05-24T11:46:06+00:00","mainEntityOfPage":{"@id":"https:\/\/lasentinelle.dz\/index.php\/2024\/05\/23\/tebessa-les-hopitaux-dotes-de-nouveaux-scanners\/"},"wordCount":704,"commentCount":0,"publisher":{"@id":"https:\/\/lasentinelle.dz\/#organization"},"image":{"@id":"https:\/\/lasentinelle.dz\/index.php\/2024\/05\/23\/tebessa-les-hopitaux-dotes-de-nouveaux-scanners\/#primaryimage"},"thumbnailUrl":"https:\/\/lasentinelle.dz\/wp-content\/uploads\/2024\/05\/scanner.webp","articleSection":["R\u00e9gions"],"inLanguage":"fr-FR","potentialAction":[{"@type":"CommentAction","name":"Comment","target":["https:\/\/lasentinelle.dz\/index.php\/2024\/05\/23\/tebessa-les-hopitaux-dotes-de-nouveaux-scanners\/#respond"]}]},{"@type":"WebPage","@id":"https:\/\/lasentinelle.dz\/index.php\/2024\/05\/23\/tebessa-les-hopitaux-dotes-de-nouveaux-scanners\/","url":"https:\/\/lasentinelle.dz\/index.php\/2024\/05\/23\/tebessa-les-hopitaux-dotes-de-nouveaux-scanners\/","name":"T\u00e9bessa\u00a0: Les h\u00f4pitaux dot\u00e9s de nouveaux scanners - La Sentinelle","isPartOf":{"@id":"https:\/\/lasentinelle.dz\/#website"},"primaryImageOfPage":{"@id":"https:\/\/lasentinelle.dz\/index.php\/2024\/05\/23\/tebessa-les-hopitaux-dotes-de-nouveaux-scanners\/#primaryimage"},"image":{"@id":"https:\/\/lasentinelle.dz\/index.php\/2024\/05\/23\/tebessa-les-hopitaux-dotes-de-nouveaux-scanners\/#primaryimage"},"thumbnailUrl":"https:\/\/lasentinelle.dz\/wp-content\/uploads\/2024\/05\/scanner.webp","datePublished":"2024-05-23T11:44:00+00:00","dateModified":"2024-05-24T11:46:06+00:00","breadcrumb":{"@id":"https:\/\/lasentinelle.dz\/index.php\/2024\/05\/23\/tebessa-les-hopitaux-dotes-de-nouveaux-scanners\/#breadcrumb"},"inLanguage":"fr-FR","potentialAction":[{"@type":"ReadAction","target":["https:\/\/lasentinelle.dz\/index.php\/2024\/05\/23\/tebessa-les-hopitaux-dotes-de-nouveaux-scanners\/"]}]},{"@type":"ImageObject","inLanguage":"fr-FR","@id":"https:\/\/lasentinelle.dz\/index.php\/2024\/05\/23\/tebessa-les-hopitaux-dotes-de-nouveaux-scanners\/#primaryimage","url":"https:\/\/lasentinelle.dz\/wp-content\/uploads\/2024\/05\/scanner.webp","contentUrl":"https:\/\/lasentinelle.dz\/wp-content\/uploads\/2024\/05\/scanner.webp","width":587,"height":438},{"@type":"BreadcrumbList","@id":"https:\/\/lasentinelle.dz\/index.php\/2024\/05\/23\/tebessa-les-hopitaux-dotes-de-nouveaux-scanners\/#breadcrumb","itemListElement":[{"@type":"ListItem","position":1,"name":"Accueil","item":"https:\/\/lasentinelle.dz\/"},{"@type":"ListItem","position":2,"name":"T\u00e9bessa\u00a0: Les h\u00f4pitaux dot\u00e9s de nouveaux scanners"}]},{"@type":"WebSite","@id":"https:\/\/lasentinelle.dz\/#website","url":"https:\/\/lasentinelle.dz\/","name":"La Sentinelle","description":"Quotidien national d&#039;information","publisher":{"@id":"https:\/\/lasentinelle.dz\/#organization"},"potentialAction":[{"@type":"SearchAction","target":{"@type":"EntryPoint","urlTemplate":"https:\/\/lasentinelle.dz\/?s={search_term_string}"},"query-input":{"@type":"PropertyValueSpecification","valueRequired":true,"valueName":"search_term_string"}}],"inLanguage":"fr-FR"},{"@type":"Organization","@id":"https:\/\/lasentinelle.dz\/#organization","name":"Quotidien La Sentinelle","url":"https:\/\/lasentinelle.dz\/","logo":{"@type":"ImageObject","inLanguage":"fr-FR","@id":"https:\/\/lasentinelle.dz\/#\/schema\/logo\/image\/","url":"https:\/\/lasentinelle.dz\/wp-content\/uploads\/2021\/09\/logo-sentinelleSLOGAN-1.png","contentUrl":"https:\/\/lasentinelle.dz\/wp-content\/uploads\/2021\/09\/logo-sentinelleSLOGAN-1.png","width":615,"height":142,"caption":"Quotidien La Sentinelle"},"image":{"@id":"https:\/\/lasentinelle.dz\/#\/schema\/logo\/image\/"},"sameAs":["https:\/\/www.facebook.com\/La-Sentinelle-104059864394773"]},{"@type":"Person","@id":"https:\/\/lasentinelle.dz\/#\/schema\/person\/d865044e22e70a75174ce8bcad3acfb3","name":"La Sentinelle","image":{"@type":"ImageObject","inLanguage":"fr-FR","@id":"https:\/\/secure.gravatar.com\/avatar\/57de8e5d4b15d43fb361a71fbb36338450fe67865b528a43dd10ef7c51a20392?s=96&d=mm&r=g","url":"https:\/\/secure.gravatar.com\/avatar\/57de8e5d4b15d43fb361a71fbb36338450fe67865b528a43dd10ef7c51a20392?s=96&d=mm&r=g","contentUrl":"https:\/\/secure.gravatar.com\/avatar\/57de8e5d4b15d43fb361a71fbb36338450fe67865b528a43dd10ef7c51a20392?s=96&d=mm&r=g","caption":"La Sentinelle"},"sameAs":["http:\/\/www.lasentinelle.dz"],"url":"https:\/\/lasentinelle.dz\/author\/redaction\/"}]}},"_links":{"self":[{"href":"https:\/\/lasentinelle.dz\/index.php\/wp-json\/wp\/v2\/posts\/52741","targetHints":{"allow":["GET"]}}],"collection":[{"href":"https:\/\/lasentinelle.dz\/index.php\/wp-json\/wp\/v2\/posts"}],"about":[{"href":"https:\/\/lasentinelle.dz\/index.php\/wp-json\/wp\/v2\/types\/post"}],"author":[{"embeddable":true,"href":"https:\/\/lasentinelle.dz\/index.php\/wp-json\/wp\/v2\/users\/3"}],"replies":[{"embeddable":true,"href":"https:\/\/lasentinelle.dz\/index.php\/wp-json\/wp\/v2\/comments?post=52741"}],"version-history":[{"count":1,"href":"https:\/\/lasentinelle.dz\/index.php\/wp-json\/wp\/v2\/posts\/52741\/revisions"}],"predecessor-version":[{"id":52743,"href":"https:\/\/lasentinelle.dz\/index.php\/wp-json\/wp\/v2\/posts\/52741\/revisions\/52743"}],"wp:featuredmedia":[{"embeddable":true,"href":"https:\/\/lasentinelle.dz\/index.php\/wp-json\/wp\/v2\/media\/52742"}],"wp:attachment":[{"href":"https:\/\/lasentinelle.dz\/index.php\/wp-json\/wp\/v2\/media?parent=52741"}],"wp:term":[{"taxonomy":"category","embeddable":true,"href":"https:\/\/lasentinelle.dz\/index.php\/wp-json\/wp\/v2\/categories?post=52741"},{"taxonomy":"post_tag","embeddable":true,"href":"https:\/\/lasentinelle.dz\/index.php\/wp-json\/wp\/v2\/tags?post=52741"}],"curies":[{"name":"wp","href":"https:\/\/api.w.org\/{rel}","templated":true}]}}