{"id":52781,"date":"2024-05-25T14:41:09","date_gmt":"2024-05-25T13:41:09","guid":{"rendered":"https:\/\/lasentinelle.dz\/?p=52781"},"modified":"2024-05-25T14:41:10","modified_gmt":"2024-05-25T13:41:10","slug":"lalgerie-fait-son-retour-au-festival-de-cannes","status":"publish","type":"post","link":"https:\/\/lasentinelle.dz\/index.php\/2024\/05\/25\/lalgerie-fait-son-retour-au-festival-de-cannes\/","title":{"rendered":"L\u2019Alg\u00e9rie fait son retour au festival de Cannes"},"content":{"rendered":"\n<p>L&rsquo;Alg\u00e9rie participe \u00e0 la 77e \u00e9dition du Festival de Cannes au sein du village international du March\u00e9 du Film avec un pavillon d\u00e9di\u00e9 \u00e0 l&rsquo;Alg\u00e9rie, qui pr\u00e9sente un programme vari\u00e9 et riche.<\/p>\n\n\n\n<p>Le pavillon alg\u00e9rien a \u00e9t\u00e9 inaugur\u00e9 le 17 mai, en pr\u00e9sence de repr\u00e9sentants du minist\u00e8re de la Culture et des Arts, de la d\u00e9l\u00e9gation alg\u00e9rienne compos\u00e9e de producteurs, d&rsquo;artistes, de journalistes, ainsi que de visiteurs du salon provenant de divers pays participants et de visiteurs int\u00e9ress\u00e9s de la diaspora alg\u00e9rienne r\u00e9sidant \u00e0 l&rsquo;\u00e9tranger.<\/p>\n\n\n\n<p>Le programme de la participation alg\u00e9rienne comprend plusieurs \u00e9v\u00e9nements et activit\u00e9s. Celui-ci pr\u00e9voit un atelier Master Class anim\u00e9 par le r\u00e9alisateur br\u00e9silien d&rsquo;origine alg\u00e9rienne Karim A\u00efnouz, qui participe avec son dernier film \u00e0 la comp\u00e9tition officielle du festival de cette ann\u00e9e. Une table ronde intitul\u00e9e \u00ab\u00a0L&rsquo;Alg\u00e9rie, destination de tournage\u00a0\u00bb a aussi \u00e9t\u00e9 anim\u00e9e samedi dernier par le pr\u00e9sident de l&rsquo;Association des techniciens du cin\u00e9ma et de l&rsquo;audiovisuel en Alg\u00e9rie, Fateh Rabia, et Hugo Legrand, avec un d\u00e9bat ouvert permettant au public de poser des questions, donner des avis et faire des suggestions. La journ\u00e9e s&rsquo;est poursuivie avec l&rsquo;accueil des visiteurs du salon et l&rsquo;organisation de rencontres bilat\u00e9rales entre les producteurs de la d\u00e9l\u00e9gation alg\u00e9rienne et ceux de diff\u00e9rents pays.<\/p>\n\n\n\n<p>Dimanche, en matin\u00e9e, un Master Class a \u00e9t\u00e9 anim\u00e9 par le r\u00e9alisateur alg\u00e9rien Rachid Benhadj, en pr\u00e9sence d&rsquo;un grand nombre de participants. Le r\u00e9alisateur y a d\u00e9taill\u00e9 son exp\u00e9rience longue et fructueuse, couronn\u00e9e \u00e0 plusieurs reprises par des nominations \u00e0 de grands festivals internationaux, tels que le Festival de Cannes, suivie de rencontres de presse anim\u00e9es par des producteurs et cin\u00e9astes alg\u00e9riens. La troisi\u00e8me journ\u00e9e s&rsquo;est cl\u00f4tur\u00e9e par une conf\u00e9rence sur les m\u00e9canismes de soutien au cin\u00e9ma et les investissements cin\u00e9matographiques en Alg\u00e9rie.<\/p>\n\n\n\n<p>Une table ronde intitul\u00e9e \u00ab\u00a0L&rsquo;Alg\u00e9rie, terre de talents\u00a0\u00bb a \u00e9t\u00e9 anim\u00e9e lundi par plusieurs acteurs comme Lydia Larini, Khaled Ben A\u00efssa et Dali Bensalah ainsi que le producteur Yassine Bouaziz et l\u2019assistant r\u00e9alisateur Fouad Trifi. Chaque intervenant a partag\u00e9 son exp\u00e9rience selon sa sp\u00e9cialit\u00e9, en mettant en avant le soutien et l&rsquo;accompagnement offerts par l&rsquo;Alg\u00e9rie. Un d\u00e9bat ouvert a ensuite eu lieu, permettant au public, notamment aux producteurs \u00e9trangers et \u00e0 la presse nationale et internationale, de poser des questions concernant les sujets li\u00e9s au soutien public de l&rsquo;\u00c9tat et \u00e0 l&rsquo;accompagnement du secteur de la culture pour les jeunes dans la r\u00e9alisation de leurs projets.<\/p>\n\n\n\n<p><strong>Solidarit\u00e9 avec la Palestine<\/strong><\/p>\n\n\n\n<p>Le pavillon alg\u00e9rien a \u00e9galement accueilli Maud Amson, organisatrice du March\u00e9 du Film du Festival de Cannes, pour une rencontre exceptionnelle d\u00e9di\u00e9e \u00e0 discuter des participations alg\u00e9riennes aux prochaines \u00e9ditions de Cannes, sachant que l&rsquo;\u00e9dition 2025 co\u00efncide avec le cinquantenaire de l&rsquo;obtention par l&rsquo;Alg\u00e9rie de la Palme d&rsquo;Or pour le film \u00ab\u00a0Chronique des ann\u00e9es de braise\u00a0\u00bb de Mohammed Lakhdar-Hamina. En outre, des producteurs ont organis\u00e9 des rencontres pour pr\u00e9senter des films alg\u00e9riens en cours de production, afin d&rsquo;obtenir des offres de financement et de distribution. Un film de Hassan Gherrar (r\u00e9alisateur d&rsquo;origine alg\u00e9rienne, figure majeure du cin\u00e9ma mondial et parrain de plusieurs films nomin\u00e9s au Festival de Cannes) a \u00e9t\u00e9 projet\u00e9, avec Khaled Ben A\u00efssa en t\u00eate d&rsquo;affiche.<\/p>\n\n\n\n<p>Le film \u00ab\u00a0Larbi Ben M&rsquo;hidi\u00a0\u00bb, produit par le Centre alg\u00e9rien pour le d\u00e9veloppement du cin\u00e9ma avec le soutien du minist\u00e8re de la Culture et des Arts, du minist\u00e8re des Moudjahidines et Ayants droit, et de la soci\u00e9t\u00e9 de production cin\u00e9matographique \u00ab\u00a0Films de la source\u00a0\u00bb, a \u00e9t\u00e9 projet\u00e9 au Palais du Cin\u00e9ma (G), en pr\u00e9sence de le Consul d&rsquo;Alg\u00e9rie \u00e0 Nice, de producteurs, d&rsquo;artistes et de visiteurs du Festival de Cannes.<\/p>\n\n\n\n<p>Une conf\u00e9rence a \u00e9galement \u00e9t\u00e9 anim\u00e9e mardi par le r\u00e9alisateur Malek Bensma\u00efl, l&rsquo;\u00e9crivaine Zouleikha Tahar et la sc\u00e9nariste Khaouthar Adhimi, intitul\u00e9e \u00ab\u00a0L&rsquo;Alg\u00e9rie, terre d&rsquo;\u00e9criture et de cr\u00e9ativit\u00e9\u00a0\u00bb. Ils ont abord\u00e9 la question cruciale du passage du texte de l&rsquo;auteur au sc\u00e9nariste jusqu&rsquo;\u00e0 sa r\u00e9alisation en film, en partageant leurs exp\u00e9riences et celles d&rsquo;autres auteurs, suivies d&rsquo;un d\u00e9bat approfondi avec le public. Une soir\u00e9e a \u00e9galement \u00e9t\u00e9 organis\u00e9e au cours de laquelle, une conf\u00e9rence a \u00e9t\u00e9 anim\u00e9e par des experts palestiniens qui ont \u00e9voqu\u00e9 le r\u00f4le du cin\u00e9ma dans la d\u00e9fense des causes justes, avec des exemples de films palestiniens et de coproductions, ainsi que la pr\u00e9sence de nombreux acteurs palestiniens dans des productions internationales. Ils ont \u00e9galement salu\u00e9 le soutien constant de l&rsquo;Alg\u00e9rie aux causes justes, et le r\u00f4le de la culture comme force douce. Une minute de silence \u00e0 la m\u00e9moire des victimes de Ghaza a \u00e9t\u00e9 observ\u00e9e pour l\u2019occasion.<\/p>\n\n\n\n<p>R.C.<\/p>\n","protected":false},"excerpt":{"rendered":"<p>L&rsquo;Alg\u00e9rie participe \u00e0 la 77e \u00e9dition du Festival de Cannes au sein du village international du March\u00e9 du Film avec<\/p>\n","protected":false},"author":3,"featured_media":52782,"comment_status":"open","ping_status":"closed","sticky":false,"template":"","format":"standard","meta":{"colormag_page_container_layout":"default_layout","colormag_page_sidebar_layout":"default_layout","om_disable_all_campaigns":false,"_monsterinsights_skip_tracking":false,"_monsterinsights_sitenote_active":false,"_monsterinsights_sitenote_note":"","_monsterinsights_sitenote_category":0,"footnotes":"","_wpscppro_dont_share_socialmedia":false,"_wpscppro_custom_social_share_image":0,"_facebook_share_type":"default","_twitter_share_type":"default","_linkedin_share_type":"default","_pinterest_share_type":"default","_linkedin_share_type_page":"","_instagram_share_type":"default","_medium_share_type":"","_threads_share_type":"","_google_business_share_type":"","_selected_social_profile":[],"_wpsp_enable_custom_social_template":false,"_wpsp_social_scheduling":{"enabled":false,"datetime":null,"platforms":[],"status":"template_only","dateOption":"today","timeOption":"now","customDays":"","customHours":"","customDate":"","customTime":"","schedulingType":"absolute"},"_wpsp_active_default_template":true},"categories":[36],"tags":[],"class_list":["post-52781","post","type-post","status-publish","format-standard","has-post-thumbnail","hentry","category-culture"],"aioseo_notices":[],"yoast_head":"<!-- This site is optimized with the Yoast SEO plugin v27.5 - https:\/\/yoast.com\/product\/yoast-seo-wordpress\/ -->\n<title>L\u2019Alg\u00e9rie fait son retour au festival de Cannes - La Sentinelle<\/title>\n<meta name=\"robots\" content=\"index, follow, max-snippet:-1, max-image-preview:large, max-video-preview:-1\" \/>\n<link rel=\"canonical\" href=\"https:\/\/lasentinelle.dz\/index.php\/2024\/05\/25\/lalgerie-fait-son-retour-au-festival-de-cannes\/\" \/>\n<meta property=\"og:locale\" content=\"fr_FR\" \/>\n<meta property=\"og:type\" content=\"article\" \/>\n<meta property=\"og:title\" content=\"L\u2019Alg\u00e9rie fait son retour au festival de Cannes - La Sentinelle\" \/>\n<meta property=\"og:description\" content=\"L&rsquo;Alg\u00e9rie participe \u00e0 la 77e \u00e9dition du Festival de Cannes au sein du village international du March\u00e9 du Film avec\" \/>\n<meta property=\"og:url\" content=\"https:\/\/lasentinelle.dz\/index.php\/2024\/05\/25\/lalgerie-fait-son-retour-au-festival-de-cannes\/\" \/>\n<meta property=\"og:site_name\" content=\"La Sentinelle\" \/>\n<meta property=\"article:publisher\" content=\"https:\/\/www.facebook.com\/La-Sentinelle-104059864394773\" \/>\n<meta property=\"article:published_time\" content=\"2024-05-25T13:41:09+00:00\" \/>\n<meta property=\"article:modified_time\" content=\"2024-05-25T13:41:10+00:00\" \/>\n<meta property=\"og:image\" content=\"https:\/\/lasentinelle.dz\/wp-content\/uploads\/2024\/05\/cannes.jpeg\" \/>\n\t<meta property=\"og:image:width\" content=\"1440\" \/>\n\t<meta property=\"og:image:height\" content=\"960\" \/>\n\t<meta property=\"og:image:type\" content=\"image\/jpeg\" \/>\n<meta name=\"author\" content=\"La Sentinelle\" \/>\n<meta name=\"twitter:card\" content=\"summary_large_image\" \/>\n<meta name=\"twitter:label1\" content=\"\u00c9crit par\" \/>\n\t<meta name=\"twitter:data1\" content=\"La Sentinelle\" \/>\n\t<meta name=\"twitter:label2\" content=\"Dur\u00e9e de lecture estim\u00e9e\" \/>\n\t<meta name=\"twitter:data2\" content=\"4 minutes\" \/>\n<script type=\"application\/ld+json\" class=\"yoast-schema-graph\">{\"@context\":\"https:\\\/\\\/schema.org\",\"@graph\":[{\"@type\":\"Article\",\"@id\":\"https:\\\/\\\/lasentinelle.dz\\\/index.php\\\/2024\\\/05\\\/25\\\/lalgerie-fait-son-retour-au-festival-de-cannes\\\/#article\",\"isPartOf\":{\"@id\":\"https:\\\/\\\/lasentinelle.dz\\\/index.php\\\/2024\\\/05\\\/25\\\/lalgerie-fait-son-retour-au-festival-de-cannes\\\/\"},\"author\":{\"name\":\"La Sentinelle\",\"@id\":\"https:\\\/\\\/lasentinelle.dz\\\/#\\\/schema\\\/person\\\/d865044e22e70a75174ce8bcad3acfb3\"},\"headline\":\"L\u2019Alg\u00e9rie fait son retour au festival de Cannes\",\"datePublished\":\"2024-05-25T13:41:09+00:00\",\"dateModified\":\"2024-05-25T13:41:10+00:00\",\"mainEntityOfPage\":{\"@id\":\"https:\\\/\\\/lasentinelle.dz\\\/index.php\\\/2024\\\/05\\\/25\\\/lalgerie-fait-son-retour-au-festival-de-cannes\\\/\"},\"wordCount\":891,\"commentCount\":0,\"publisher\":{\"@id\":\"https:\\\/\\\/lasentinelle.dz\\\/#organization\"},\"image\":{\"@id\":\"https:\\\/\\\/lasentinelle.dz\\\/index.php\\\/2024\\\/05\\\/25\\\/lalgerie-fait-son-retour-au-festival-de-cannes\\\/#primaryimage\"},\"thumbnailUrl\":\"https:\\\/\\\/lasentinelle.dz\\\/wp-content\\\/uploads\\\/2024\\\/05\\\/cannes.jpeg\",\"articleSection\":[\"Culture\"],\"inLanguage\":\"fr-FR\",\"potentialAction\":[{\"@type\":\"CommentAction\",\"name\":\"Comment\",\"target\":[\"https:\\\/\\\/lasentinelle.dz\\\/index.php\\\/2024\\\/05\\\/25\\\/lalgerie-fait-son-retour-au-festival-de-cannes\\\/#respond\"]}]},{\"@type\":\"WebPage\",\"@id\":\"https:\\\/\\\/lasentinelle.dz\\\/index.php\\\/2024\\\/05\\\/25\\\/lalgerie-fait-son-retour-au-festival-de-cannes\\\/\",\"url\":\"https:\\\/\\\/lasentinelle.dz\\\/index.php\\\/2024\\\/05\\\/25\\\/lalgerie-fait-son-retour-au-festival-de-cannes\\\/\",\"name\":\"L\u2019Alg\u00e9rie fait son retour au festival de Cannes - La Sentinelle\",\"isPartOf\":{\"@id\":\"https:\\\/\\\/lasentinelle.dz\\\/#website\"},\"primaryImageOfPage\":{\"@id\":\"https:\\\/\\\/lasentinelle.dz\\\/index.php\\\/2024\\\/05\\\/25\\\/lalgerie-fait-son-retour-au-festival-de-cannes\\\/#primaryimage\"},\"image\":{\"@id\":\"https:\\\/\\\/lasentinelle.dz\\\/index.php\\\/2024\\\/05\\\/25\\\/lalgerie-fait-son-retour-au-festival-de-cannes\\\/#primaryimage\"},\"thumbnailUrl\":\"https:\\\/\\\/lasentinelle.dz\\\/wp-content\\\/uploads\\\/2024\\\/05\\\/cannes.jpeg\",\"datePublished\":\"2024-05-25T13:41:09+00:00\",\"dateModified\":\"2024-05-25T13:41:10+00:00\",\"breadcrumb\":{\"@id\":\"https:\\\/\\\/lasentinelle.dz\\\/index.php\\\/2024\\\/05\\\/25\\\/lalgerie-fait-son-retour-au-festival-de-cannes\\\/#breadcrumb\"},\"inLanguage\":\"fr-FR\",\"potentialAction\":[{\"@type\":\"ReadAction\",\"target\":[\"https:\\\/\\\/lasentinelle.dz\\\/index.php\\\/2024\\\/05\\\/25\\\/lalgerie-fait-son-retour-au-festival-de-cannes\\\/\"]}]},{\"@type\":\"ImageObject\",\"inLanguage\":\"fr-FR\",\"@id\":\"https:\\\/\\\/lasentinelle.dz\\\/index.php\\\/2024\\\/05\\\/25\\\/lalgerie-fait-son-retour-au-festival-de-cannes\\\/#primaryimage\",\"url\":\"https:\\\/\\\/lasentinelle.dz\\\/wp-content\\\/uploads\\\/2024\\\/05\\\/cannes.jpeg\",\"contentUrl\":\"https:\\\/\\\/lasentinelle.dz\\\/wp-content\\\/uploads\\\/2024\\\/05\\\/cannes.jpeg\",\"width\":1440,\"height\":960},{\"@type\":\"BreadcrumbList\",\"@id\":\"https:\\\/\\\/lasentinelle.dz\\\/index.php\\\/2024\\\/05\\\/25\\\/lalgerie-fait-son-retour-au-festival-de-cannes\\\/#breadcrumb\",\"itemListElement\":[{\"@type\":\"ListItem\",\"position\":1,\"name\":\"Accueil\",\"item\":\"https:\\\/\\\/lasentinelle.dz\\\/\"},{\"@type\":\"ListItem\",\"position\":2,\"name\":\"L\u2019Alg\u00e9rie fait son retour au festival de Cannes\"}]},{\"@type\":\"WebSite\",\"@id\":\"https:\\\/\\\/lasentinelle.dz\\\/#website\",\"url\":\"https:\\\/\\\/lasentinelle.dz\\\/\",\"name\":\"La Sentinelle\",\"description\":\"Quotidien national d&#039;information\",\"publisher\":{\"@id\":\"https:\\\/\\\/lasentinelle.dz\\\/#organization\"},\"potentialAction\":[{\"@type\":\"SearchAction\",\"target\":{\"@type\":\"EntryPoint\",\"urlTemplate\":\"https:\\\/\\\/lasentinelle.dz\\\/?s={search_term_string}\"},\"query-input\":{\"@type\":\"PropertyValueSpecification\",\"valueRequired\":true,\"valueName\":\"search_term_string\"}}],\"inLanguage\":\"fr-FR\"},{\"@type\":\"Organization\",\"@id\":\"https:\\\/\\\/lasentinelle.dz\\\/#organization\",\"name\":\"Quotidien La Sentinelle\",\"url\":\"https:\\\/\\\/lasentinelle.dz\\\/\",\"logo\":{\"@type\":\"ImageObject\",\"inLanguage\":\"fr-FR\",\"@id\":\"https:\\\/\\\/lasentinelle.dz\\\/#\\\/schema\\\/logo\\\/image\\\/\",\"url\":\"https:\\\/\\\/lasentinelle.dz\\\/wp-content\\\/uploads\\\/2021\\\/09\\\/logo-sentinelleSLOGAN-1.png\",\"contentUrl\":\"https:\\\/\\\/lasentinelle.dz\\\/wp-content\\\/uploads\\\/2021\\\/09\\\/logo-sentinelleSLOGAN-1.png\",\"width\":615,\"height\":142,\"caption\":\"Quotidien La Sentinelle\"},\"image\":{\"@id\":\"https:\\\/\\\/lasentinelle.dz\\\/#\\\/schema\\\/logo\\\/image\\\/\"},\"sameAs\":[\"https:\\\/\\\/www.facebook.com\\\/La-Sentinelle-104059864394773\"]},{\"@type\":\"Person\",\"@id\":\"https:\\\/\\\/lasentinelle.dz\\\/#\\\/schema\\\/person\\\/d865044e22e70a75174ce8bcad3acfb3\",\"name\":\"La Sentinelle\",\"image\":{\"@type\":\"ImageObject\",\"inLanguage\":\"fr-FR\",\"@id\":\"https:\\\/\\\/secure.gravatar.com\\\/avatar\\\/57de8e5d4b15d43fb361a71fbb36338450fe67865b528a43dd10ef7c51a20392?s=96&d=mm&r=g\",\"url\":\"https:\\\/\\\/secure.gravatar.com\\\/avatar\\\/57de8e5d4b15d43fb361a71fbb36338450fe67865b528a43dd10ef7c51a20392?s=96&d=mm&r=g\",\"contentUrl\":\"https:\\\/\\\/secure.gravatar.com\\\/avatar\\\/57de8e5d4b15d43fb361a71fbb36338450fe67865b528a43dd10ef7c51a20392?s=96&d=mm&r=g\",\"caption\":\"La Sentinelle\"},\"sameAs\":[\"http:\\\/\\\/www.lasentinelle.dz\"],\"url\":\"https:\\\/\\\/lasentinelle.dz\\\/author\\\/redaction\\\/\"}]}<\/script>\n<!-- \/ Yoast SEO plugin. -->","yoast_head_json":{"title":"L\u2019Alg\u00e9rie fait son retour au festival de Cannes - La Sentinelle","robots":{"index":"index","follow":"follow","max-snippet":"max-snippet:-1","max-image-preview":"max-image-preview:large","max-video-preview":"max-video-preview:-1"},"canonical":"https:\/\/lasentinelle.dz\/index.php\/2024\/05\/25\/lalgerie-fait-son-retour-au-festival-de-cannes\/","og_locale":"fr_FR","og_type":"article","og_title":"L\u2019Alg\u00e9rie fait son retour au festival de Cannes - La Sentinelle","og_description":"L&rsquo;Alg\u00e9rie participe \u00e0 la 77e \u00e9dition du Festival de Cannes au sein du village international du March\u00e9 du Film avec","og_url":"https:\/\/lasentinelle.dz\/index.php\/2024\/05\/25\/lalgerie-fait-son-retour-au-festival-de-cannes\/","og_site_name":"La Sentinelle","article_publisher":"https:\/\/www.facebook.com\/La-Sentinelle-104059864394773","article_published_time":"2024-05-25T13:41:09+00:00","article_modified_time":"2024-05-25T13:41:10+00:00","og_image":[{"width":1440,"height":960,"url":"https:\/\/lasentinelle.dz\/wp-content\/uploads\/2024\/05\/cannes.jpeg","type":"image\/jpeg"}],"author":"La Sentinelle","twitter_card":"summary_large_image","twitter_misc":{"\u00c9crit par":"La Sentinelle","Dur\u00e9e de lecture estim\u00e9e":"4 minutes"},"schema":{"@context":"https:\/\/schema.org","@graph":[{"@type":"Article","@id":"https:\/\/lasentinelle.dz\/index.php\/2024\/05\/25\/lalgerie-fait-son-retour-au-festival-de-cannes\/#article","isPartOf":{"@id":"https:\/\/lasentinelle.dz\/index.php\/2024\/05\/25\/lalgerie-fait-son-retour-au-festival-de-cannes\/"},"author":{"name":"La Sentinelle","@id":"https:\/\/lasentinelle.dz\/#\/schema\/person\/d865044e22e70a75174ce8bcad3acfb3"},"headline":"L\u2019Alg\u00e9rie fait son retour au festival de Cannes","datePublished":"2024-05-25T13:41:09+00:00","dateModified":"2024-05-25T13:41:10+00:00","mainEntityOfPage":{"@id":"https:\/\/lasentinelle.dz\/index.php\/2024\/05\/25\/lalgerie-fait-son-retour-au-festival-de-cannes\/"},"wordCount":891,"commentCount":0,"publisher":{"@id":"https:\/\/lasentinelle.dz\/#organization"},"image":{"@id":"https:\/\/lasentinelle.dz\/index.php\/2024\/05\/25\/lalgerie-fait-son-retour-au-festival-de-cannes\/#primaryimage"},"thumbnailUrl":"https:\/\/lasentinelle.dz\/wp-content\/uploads\/2024\/05\/cannes.jpeg","articleSection":["Culture"],"inLanguage":"fr-FR","potentialAction":[{"@type":"CommentAction","name":"Comment","target":["https:\/\/lasentinelle.dz\/index.php\/2024\/05\/25\/lalgerie-fait-son-retour-au-festival-de-cannes\/#respond"]}]},{"@type":"WebPage","@id":"https:\/\/lasentinelle.dz\/index.php\/2024\/05\/25\/lalgerie-fait-son-retour-au-festival-de-cannes\/","url":"https:\/\/lasentinelle.dz\/index.php\/2024\/05\/25\/lalgerie-fait-son-retour-au-festival-de-cannes\/","name":"L\u2019Alg\u00e9rie fait son retour au festival de Cannes - La Sentinelle","isPartOf":{"@id":"https:\/\/lasentinelle.dz\/#website"},"primaryImageOfPage":{"@id":"https:\/\/lasentinelle.dz\/index.php\/2024\/05\/25\/lalgerie-fait-son-retour-au-festival-de-cannes\/#primaryimage"},"image":{"@id":"https:\/\/lasentinelle.dz\/index.php\/2024\/05\/25\/lalgerie-fait-son-retour-au-festival-de-cannes\/#primaryimage"},"thumbnailUrl":"https:\/\/lasentinelle.dz\/wp-content\/uploads\/2024\/05\/cannes.jpeg","datePublished":"2024-05-25T13:41:09+00:00","dateModified":"2024-05-25T13:41:10+00:00","breadcrumb":{"@id":"https:\/\/lasentinelle.dz\/index.php\/2024\/05\/25\/lalgerie-fait-son-retour-au-festival-de-cannes\/#breadcrumb"},"inLanguage":"fr-FR","potentialAction":[{"@type":"ReadAction","target":["https:\/\/lasentinelle.dz\/index.php\/2024\/05\/25\/lalgerie-fait-son-retour-au-festival-de-cannes\/"]}]},{"@type":"ImageObject","inLanguage":"fr-FR","@id":"https:\/\/lasentinelle.dz\/index.php\/2024\/05\/25\/lalgerie-fait-son-retour-au-festival-de-cannes\/#primaryimage","url":"https:\/\/lasentinelle.dz\/wp-content\/uploads\/2024\/05\/cannes.jpeg","contentUrl":"https:\/\/lasentinelle.dz\/wp-content\/uploads\/2024\/05\/cannes.jpeg","width":1440,"height":960},{"@type":"BreadcrumbList","@id":"https:\/\/lasentinelle.dz\/index.php\/2024\/05\/25\/lalgerie-fait-son-retour-au-festival-de-cannes\/#breadcrumb","itemListElement":[{"@type":"ListItem","position":1,"name":"Accueil","item":"https:\/\/lasentinelle.dz\/"},{"@type":"ListItem","position":2,"name":"L\u2019Alg\u00e9rie fait son retour au festival de Cannes"}]},{"@type":"WebSite","@id":"https:\/\/lasentinelle.dz\/#website","url":"https:\/\/lasentinelle.dz\/","name":"La Sentinelle","description":"Quotidien national d&#039;information","publisher":{"@id":"https:\/\/lasentinelle.dz\/#organization"},"potentialAction":[{"@type":"SearchAction","target":{"@type":"EntryPoint","urlTemplate":"https:\/\/lasentinelle.dz\/?s={search_term_string}"},"query-input":{"@type":"PropertyValueSpecification","valueRequired":true,"valueName":"search_term_string"}}],"inLanguage":"fr-FR"},{"@type":"Organization","@id":"https:\/\/lasentinelle.dz\/#organization","name":"Quotidien La Sentinelle","url":"https:\/\/lasentinelle.dz\/","logo":{"@type":"ImageObject","inLanguage":"fr-FR","@id":"https:\/\/lasentinelle.dz\/#\/schema\/logo\/image\/","url":"https:\/\/lasentinelle.dz\/wp-content\/uploads\/2021\/09\/logo-sentinelleSLOGAN-1.png","contentUrl":"https:\/\/lasentinelle.dz\/wp-content\/uploads\/2021\/09\/logo-sentinelleSLOGAN-1.png","width":615,"height":142,"caption":"Quotidien La Sentinelle"},"image":{"@id":"https:\/\/lasentinelle.dz\/#\/schema\/logo\/image\/"},"sameAs":["https:\/\/www.facebook.com\/La-Sentinelle-104059864394773"]},{"@type":"Person","@id":"https:\/\/lasentinelle.dz\/#\/schema\/person\/d865044e22e70a75174ce8bcad3acfb3","name":"La Sentinelle","image":{"@type":"ImageObject","inLanguage":"fr-FR","@id":"https:\/\/secure.gravatar.com\/avatar\/57de8e5d4b15d43fb361a71fbb36338450fe67865b528a43dd10ef7c51a20392?s=96&d=mm&r=g","url":"https:\/\/secure.gravatar.com\/avatar\/57de8e5d4b15d43fb361a71fbb36338450fe67865b528a43dd10ef7c51a20392?s=96&d=mm&r=g","contentUrl":"https:\/\/secure.gravatar.com\/avatar\/57de8e5d4b15d43fb361a71fbb36338450fe67865b528a43dd10ef7c51a20392?s=96&d=mm&r=g","caption":"La Sentinelle"},"sameAs":["http:\/\/www.lasentinelle.dz"],"url":"https:\/\/lasentinelle.dz\/author\/redaction\/"}]}},"_links":{"self":[{"href":"https:\/\/lasentinelle.dz\/index.php\/wp-json\/wp\/v2\/posts\/52781","targetHints":{"allow":["GET"]}}],"collection":[{"href":"https:\/\/lasentinelle.dz\/index.php\/wp-json\/wp\/v2\/posts"}],"about":[{"href":"https:\/\/lasentinelle.dz\/index.php\/wp-json\/wp\/v2\/types\/post"}],"author":[{"embeddable":true,"href":"https:\/\/lasentinelle.dz\/index.php\/wp-json\/wp\/v2\/users\/3"}],"replies":[{"embeddable":true,"href":"https:\/\/lasentinelle.dz\/index.php\/wp-json\/wp\/v2\/comments?post=52781"}],"version-history":[{"count":1,"href":"https:\/\/lasentinelle.dz\/index.php\/wp-json\/wp\/v2\/posts\/52781\/revisions"}],"predecessor-version":[{"id":52783,"href":"https:\/\/lasentinelle.dz\/index.php\/wp-json\/wp\/v2\/posts\/52781\/revisions\/52783"}],"wp:featuredmedia":[{"embeddable":true,"href":"https:\/\/lasentinelle.dz\/index.php\/wp-json\/wp\/v2\/media\/52782"}],"wp:attachment":[{"href":"https:\/\/lasentinelle.dz\/index.php\/wp-json\/wp\/v2\/media?parent=52781"}],"wp:term":[{"taxonomy":"category","embeddable":true,"href":"https:\/\/lasentinelle.dz\/index.php\/wp-json\/wp\/v2\/categories?post=52781"},{"taxonomy":"post_tag","embeddable":true,"href":"https:\/\/lasentinelle.dz\/index.php\/wp-json\/wp\/v2\/tags?post=52781"}],"curies":[{"name":"wp","href":"https:\/\/api.w.org\/{rel}","templated":true}]}}